{"id":39072,"date":"2020-11-02T12:40:33","date_gmt":"2020-11-02T15:40:33","guid":{"rendered":"https:\/\/explora.cl\/tarapaca\/?p=39072"},"modified":"2020-11-23T13:21:48","modified_gmt":"2020-11-23T16:21:48","slug":"programacion-festival-de-la-ciencia-tarapaca-2020","status":"publish","type":"post","link":"https:\/\/explora.cl\/tarapaca\/programacion-festival-de-la-ciencia-tarapaca-2020\/","title":{"rendered":"Programaci\u00f3n Festival de la Ciencia Tarapac\u00e1 2020"},"content":{"rendered":"<p align=\"justify\"><span style=\"font-family: Calibri, sans-serif\"><span style=\"font-size: medium\">Desde 11 al 15 de Noviembre, se realizar\u00e1 el Festival de la Ciencia de Tarapac\u00e1 2020. La iniciativa que busca \u201cposicionar la ciencia, tecnolog\u00eda, conocimiento e Innovaci\u00f3n (CTCI) en el imaginario colectivo como parte de la cultura, promoviendo adem\u00e1s su apropiaci\u00f3n\u201d, contar\u00e1 con <span style=\"color: #222222\">visitas guiadas virtuales, talleres online, charlas y conversatorios, teatro y mini documentales, todas las actividades que se realizar\u00e1n de forma remota.<\/span><\/span><\/span><\/p>\n<p><iframe title=\"Programaci\u00f3n Festival de la Ciencia Tarapac\u00e1 2020\" width=\"1180\" height=\"664\" src=\"https:\/\/www.youtube.com\/embed\/KZ4edD8TeGM?start=5&#038;feature=oembed\" frameborder=\"0\" allow=\"accelerometer; autoplay; clipboard-write; encrypted-media; gyroscope; picture-in-picture\" allowfullscreen><\/iframe><\/p>\n<p><span style=\"font-family: Calibri, sans-serif\"><span style=\"font-size: medium\"><b><span style=\"color: #222222\">Mi\u00e9rcoles 11 de Noviembre<\/span><\/b><\/span><\/span><\/p>\n<table width=\"629\" cellspacing=\"0\" cellpadding=\"8\">\n<colgroup>\n<col width=\"174\" \/>\n<col width=\"312\" \/>\n<col width=\"93\" \/> <\/colgroup>\n<tbody>\n<tr valign=\"top\">\n<td width=\"174\"><\/td>\n<td width=\"312\">\n<p align=\"center\"><span style=\"font-family: Calibri, sans-serif\"><span style=\"font-size: small\"><b><span style=\"color: #000000\">Inauguraci\u00f3n FECI<\/span><\/b><\/span><\/span><\/p>\n<\/td>\n<td width=\"93\">\n<p align=\"center\"><span style=\"font-family: Calibri, sans-serif\"><span style=\"font-size: small\"><b><span style=\"color: #000000\">10:00<\/span><\/b><\/span><\/span><\/p>\n<\/td>\n<\/tr>\n<tr valign=\"top\">\n<td width=\"174\">\n<p align=\"center\"><span style=\"font-family: Calibri, sans-serif\"><span style=\"font-size: small\"><b><span style=\"color: #000000\">Visita guiada<\/span><\/b><\/span><\/span><\/p>\n<\/td>\n<td width=\"312\">\n<p align=\"center\"><span style=\"font-family: Calibri, sans-serif\"><span style=\"font-size: small\"><b><span style=\"color: #000000\">Astro-Viaje online: Conociendo nuestro Universo<\/span><\/b><\/span><\/span><\/p>\n<\/td>\n<td width=\"93\">\n<p align=\"center\"><span style=\"font-family: Calibri, sans-serif\"><span style=\"font-size: small\"><b><span style=\"color: #000000\">10:30<\/span><\/b><\/span><\/span><\/p>\n<\/td>\n<\/tr>\n<tr valign=\"top\">\n<td width=\"174\">\n<p align=\"center\"><span style=\"font-family: Calibri, sans-serif\"><span style=\"font-size: small\"><b><span style=\"color: #000000\">Concurso<\/span><\/b><\/span><\/span><\/p>\n<\/td>\n<td width=\"312\">\n<p align=\"center\"><span style=\"font-family: Calibri, sans-serif\"><span style=\"font-size: small\"><b><span style=\"color: #000000\">Premiando la curiosidad en FECI<\/span><\/b><\/span><\/span><\/p>\n<\/td>\n<td width=\"93\">\n<p align=\"center\"><span style=\"font-family: Calibri, sans-serif\"><span style=\"font-size: small\"><b><span style=\"color: #000000\">11:30<\/span><\/b><\/span><\/span><\/p>\n<\/td>\n<\/tr>\n<tr valign=\"top\">\n<td width=\"174\">\n<p align=\"center\"><span style=\"font-family: Calibri, sans-serif\"><span style=\"font-size: small\"><b><span style=\"color: #000000\">Visita guiada<\/span><\/b><\/span><\/span><\/p>\n<\/td>\n<td width=\"312\">\n<p align=\"center\"><span style=\"font-family: Calibri, sans-serif\"><span style=\"font-size: small\"><b><span style=\"color: #000000\">Del Desierto a la Eternidad: Sistemas de Momificaci\u00f3n en el Norte Grande Prehisp\u00e1nico.<\/span><\/b><\/span><\/span><\/p>\n<\/td>\n<td width=\"93\">\n<p align=\"center\"><span style=\"font-family: Calibri, sans-serif\"><span style=\"font-size: small\"><b><span style=\"color: #000000\">12:00<\/span><\/b><\/span><\/span><\/p>\n<\/td>\n<\/tr>\n<tr valign=\"top\">\n<td width=\"174\" height=\"5\">\n<p align=\"center\"><span style=\"font-family: Calibri, sans-serif\"><span style=\"font-size: small\"><b><span style=\"color: #000000\">Minidocumental<\/span><\/b><\/span><\/span><\/p>\n<\/td>\n<td width=\"312\">\n<p align=\"center\"><span style=\"font-family: Calibri, sans-serif\"><span style=\"font-size: small\"><b><span style=\"color: #000000\">Premio de Talento Digital Los Creadores<\/span><\/b><\/span><\/span><\/p>\n<\/td>\n<td width=\"93\">\n<p align=\"center\"><span style=\"font-family: Calibri, sans-serif\"><span style=\"font-size: small\"><b><span style=\"color: #000000\">17:30<\/span><\/b><\/span><\/span><\/p>\n<\/td>\n<\/tr>\n<tr valign=\"top\">\n<td width=\"174\" height=\"14\">\n<p align=\"center\"><span style=\"font-family: Calibri, sans-serif\"><span style=\"font-size: small\"><b><span style=\"color: #000000\">Conversatorio<\/span><\/b><\/span><\/span><\/p>\n<\/td>\n<td width=\"312\">\n<p align=\"center\"><span style=\"font-family: Calibri, sans-serif\"><span style=\"font-size: small\"><b><span style=\"color: #000000\">Ciencias Transdisciplinarias para el bien humano.<\/span><\/b><\/span><\/span><\/p>\n<\/td>\n<td width=\"93\">\n<p align=\"center\"><span style=\"font-family: Calibri, sans-serif\"><span style=\"font-size: small\"><b><span style=\"color: #000000\">18:45<\/span><\/b><\/span><\/span><\/p>\n<\/td>\n<\/tr>\n<tr valign=\"top\">\n<td width=\"174\" height=\"4\">\n<p align=\"center\"><span style=\"font-family: Calibri, sans-serif\"><span style=\"font-size: small\"><b><span style=\"color: #000000\">Visita guiada<\/span><\/b><\/span><\/span><\/p>\n<\/td>\n<td width=\"312\">\n<p align=\"center\"><span style=\"font-family: Calibri, sans-serif\"><span style=\"font-size: small\"><b><span style=\"color: #000000\">Proceso de potabilizaci\u00f3n en Arica y Tarapac\u00e1<\/span><\/b><\/span><\/span><\/p>\n<\/td>\n<td width=\"93\">\n<p align=\"center\"><span style=\"font-family: Calibri, sans-serif\"><span style=\"font-size: small\"><b><span style=\"color: #000000\">19:45<\/span><\/b><\/span><\/span><\/p>\n<\/td>\n<\/tr>\n<\/tbody>\n<\/table>\n<p><span style=\"font-family: Calibri, sans-serif\"><span style=\"font-size: medium\"><b>Jueves 12 de Noviembre<\/b><\/span><\/span><\/p>\n<table width=\"629\" cellspacing=\"0\" cellpadding=\"5\">\n<colgroup>\n<col width=\"180\" \/>\n<col width=\"341\" \/>\n<col width=\"76\" \/> <\/colgroup>\n<tbody>\n<tr>\n<td valign=\"top\" width=\"180\" height=\"2\">\n<p align=\"center\"><span style=\"font-family: Calibri, sans-serif\"><span style=\"font-size: small\"><b><span style=\"color: #000000\">Visita guiada<\/span><\/b><\/span><\/span><\/p>\n<\/td>\n<td style=\"background: transparent\" width=\"341\">\n<p align=\"center\"><span style=\"font-family: Calibri, sans-serif\"><span style=\"font-size: small\"><b><span style=\"color: #000000\">Oasis de niebla Alto Patache &#8211; Cosechando agua nueva<\/span><\/b><\/span><\/span><\/p>\n<\/td>\n<td style=\"background: transparent\" width=\"76\">\n<p align=\"center\"><span style=\"font-family: Calibri, sans-serif\"><span style=\"font-size: small\"><b><span style=\"color: #000000\">10:00<\/span><\/b><\/span><\/span><\/p>\n<\/td>\n<\/tr>\n<tr>\n<td valign=\"top\" width=\"180\" height=\"3\">\n<p align=\"center\"><span style=\"font-family: Calibri, sans-serif\"><span style=\"font-size: small\"><b><span style=\"color: #000000\">Minidocumentales<\/span><\/b><\/span><\/span><\/p>\n<\/td>\n<td style=\"background: transparent\" width=\"341\">\n<p align=\"center\"><span style=\"font-family: Calibri, sans-serif\"><span style=\"font-size: small\"><b><span style=\"color: #000000\">Ciencias en mi Jard\u00edn Infantil<\/span><\/b><\/span><\/span><\/p>\n<\/td>\n<td style=\"background: transparent\" width=\"76\">\n<p align=\"center\"><span style=\"font-family: Calibri, sans-serif\"><span style=\"font-size: small\"><b><span style=\"color: #000000\">11:15<\/span><\/b><\/span><\/span><\/p>\n<\/td>\n<\/tr>\n<tr>\n<td valign=\"top\" width=\"180\" height=\"3\">\n<p align=\"center\"><span style=\"font-family: Calibri, sans-serif\"><span style=\"font-size: small\"><b><span style=\"color: #000000\">Concurso<\/span><\/b><\/span><\/span><\/p>\n<\/td>\n<td style=\"background: transparent\" width=\"341\">\n<p align=\"center\"><span style=\"font-family: Calibri, sans-serif\"><span style=\"font-size: small\"><b><span style=\"color: #000000\">Premiando la Curiosidad en FECI<\/span><\/b><\/span><\/span><\/p>\n<\/td>\n<td style=\"background: transparent\" width=\"76\">\n<p align=\"center\"><span style=\"font-family: Calibri, sans-serif\"><span style=\"font-size: small\"><b><span style=\"color: #000000\">11:45<\/span><\/b><\/span><\/span><\/p>\n<\/td>\n<\/tr>\n<tr>\n<td valign=\"top\" width=\"180\" height=\"3\">\n<p align=\"center\"><span style=\"font-family: Calibri, sans-serif\"><span style=\"font-size: small\"><b><span style=\"color: #000000\">Visita guiada<\/span><\/b><\/span><\/span><\/p>\n<\/td>\n<td style=\"background: transparent\" width=\"341\">\n<p align=\"center\"><span style=\"font-family: Calibri, sans-serif\"><span style=\"font-size: small\"><b><span style=\"color: #000000\">Historia en el Laboratorio: Investigaci\u00f3n y An\u00e1lisis documental en el Archivo Hist\u00f3rico del Museo Regional de Iquique &#8211; CORMUDESI.<\/span><\/b><\/span><\/span><\/p>\n<\/td>\n<td style=\"background: transparent\" width=\"76\">\n<p align=\"center\"><span style=\"font-family: Calibri, sans-serif\"><span style=\"font-size: small\"><b><span style=\"color: #000000\">12:00<\/span><\/b><\/span><\/span><\/p>\n<\/td>\n<\/tr>\n<tr>\n<td valign=\"top\" width=\"180\" height=\"3\">\n<p align=\"center\"><span style=\"font-family: Calibri, sans-serif\"><span style=\"font-size: small\"><b><span style=\"color: #000000\">Concurso<\/span><\/b><\/span><\/span><\/p>\n<\/td>\n<td style=\"background: transparent\" width=\"341\">\n<p align=\"center\"><span style=\"font-family: Calibri, sans-serif\"><span style=\"font-size: small\"><b><span style=\"color: #000000\">Premiando la Curiosidad en FECI<\/span><\/b><\/span><\/span><\/p>\n<\/td>\n<td style=\"background: transparent\" width=\"76\">\n<p align=\"center\"><span style=\"font-family: Calibri, sans-serif\"><span style=\"font-size: small\"><b><span style=\"color: #000000\">12:50<\/span><\/b><\/span><\/span><\/p>\n<\/td>\n<\/tr>\n<tr>\n<td valign=\"top\" width=\"180\" height=\"35\">\n<p align=\"center\"><span style=\"font-family: Calibri, sans-serif\"><span style=\"font-size: small\"><b><span style=\"color: #000000\">Conversatorio<\/span><\/b><\/span><\/span><\/p>\n<\/td>\n<td style=\"background: transparent\" width=\"341\">\n<p align=\"center\"><span style=\"font-family: Calibri, sans-serif\"><span style=\"font-size: small\"><b><span style=\"color: #000000\">Ni\u00f1os, Ni\u00f1as, Adolescentes y Juventudes: tomando protagonismo para fomentar la Agenda 2030<\/span><\/b><\/span><\/span><\/p>\n<\/td>\n<td style=\"background: transparent\" width=\"76\">\n<p align=\"center\"><span style=\"font-family: Calibri, sans-serif\"><span style=\"font-size: small\"><b><span style=\"color: #000000\">17:30<\/span><\/b><\/span><\/span><\/p>\n<\/td>\n<\/tr>\n<tr>\n<td valign=\"top\" width=\"180\" height=\"35\">\n<p align=\"center\"><span style=\"font-family: Calibri, sans-serif\"><span style=\"font-size: small\"><b><span style=\"color: #000000\">Concurso<\/span><\/b><\/span><\/span><\/p>\n<\/td>\n<td style=\"background: transparent\" width=\"341\">\n<p align=\"center\"><span style=\"font-family: Calibri, sans-serif\"><span style=\"font-size: small\"><b><span style=\"color: #000000\">Premiando la Curiosidad en FECI<\/span><\/b><\/span><\/span><\/p>\n<\/td>\n<td style=\"background: transparent\" width=\"76\">\n<p align=\"center\"><span style=\"font-family: Calibri, sans-serif\"><span style=\"font-size: small\"><b><span style=\"color: #000000\">18:15<\/span><\/b><\/span><\/span><\/p>\n<\/td>\n<\/tr>\n<tr>\n<td valign=\"top\" width=\"180\" height=\"11\">\n<p align=\"center\"><span style=\"font-family: Calibri, sans-serif\"><span style=\"font-size: small\"><b><span style=\"color: #000000\">Charla<\/span><\/b><\/span><\/span><\/p>\n<\/td>\n<td style=\"background: transparent\" width=\"341\">\n<p align=\"center\"><span style=\"font-family: Calibri, sans-serif\"><span style=\"font-size: small\"><b><span style=\"color: #000000\">Ecolog\u00eda y Biodiversidad marina en Iquique<\/span><\/b><\/span><\/span><\/p>\n<\/td>\n<td style=\"background: transparent\" width=\"76\">\n<p align=\"center\"><span style=\"font-family: Calibri, sans-serif\"><span style=\"font-size: small\"><b><span style=\"color: #000000\">18:30<\/span><\/b><\/span><\/span><\/p>\n<\/td>\n<\/tr>\n<tr>\n<td valign=\"top\" width=\"180\" height=\"20\">\n<p align=\"center\"><span style=\"font-family: Calibri, sans-serif\"><span style=\"font-size: small\"><b><span style=\"color: #000000\">Charla<\/span><\/b><\/span><\/span><\/p>\n<\/td>\n<td style=\"background: transparent\" width=\"341\">\n<p align=\"center\"><span style=\"font-family: Calibri, sans-serif\"><span style=\"font-size: small\"><b><span style=\"color: #000000\">Comportamiento de la cantidad y calidad de las Aguas Naturales en Tarapac\u00e1.<\/span><\/b><\/span><\/span><\/p>\n<\/td>\n<td style=\"background: transparent\" width=\"76\">\n<p align=\"center\"><span style=\"font-family: Calibri, sans-serif\"><span style=\"font-size: small\"><b><span style=\"color: #000000\">19:05<\/span><\/b><\/span><\/span><\/p>\n<\/td>\n<\/tr>\n<tr>\n<td valign=\"top\" width=\"180\" height=\"10\">\n<p align=\"center\"><span style=\"font-family: Calibri, sans-serif\"><span style=\"font-size: small\"><b><span style=\"color: #000000\">Teatro <\/span><\/b><\/span><\/span><\/p>\n<\/td>\n<td style=\"background: transparent\" width=\"341\">\n<p align=\"center\"><span style=\"font-family: Calibri, sans-serif\"><span style=\"font-size: small\"><b><span style=\"color: #000000\">Un Lobo de Coraz\u00f3n Verde<\/span><\/b><\/span><\/span><\/p>\n<\/td>\n<td style=\"background: transparent\" width=\"76\">\n<p align=\"center\"><span style=\"font-family: Calibri, sans-serif\"><span style=\"font-size: small\"><b><span style=\"color: #000000\">19:45<\/span><\/b><\/span><\/span><\/p>\n<\/td>\n<\/tr>\n<\/tbody>\n<\/table>\n<p><span style=\"font-family: Calibri, sans-serif\"><span style=\"font-size: medium\"><b>Viernes 13 de Noviembre<\/b><\/span><\/span><\/p>\n<table width=\"652\" cellspacing=\"0\" cellpadding=\"5\">\n<colgroup>\n<col width=\"180\" \/>\n<col width=\"342\" \/>\n<col width=\"98\" \/> <\/colgroup>\n<tbody>\n<tr>\n<td style=\"background: transparent\" width=\"180\" height=\"2\">\n<p align=\"center\"><span style=\"font-family: Calibri, sans-serif\"><span style=\"font-size: small\"><b><span style=\"color: #000000\">Charla<\/span><\/b><\/span><\/span><\/p>\n<\/td>\n<td style=\"background: transparent\" width=\"342\">\n<p align=\"center\"><span style=\"font-family: Calibri, sans-serif\"><span style=\"font-size: small\"><b><span style=\"color: #000000\">Tecnolog\u00edas para la inclusi\u00f3n de todos y todas<\/span><\/b><\/span><\/span><\/p>\n<\/td>\n<td style=\"background: transparent\" width=\"98\">\n<p align=\"center\"><span style=\"font-family: Calibri, sans-serif\"><span style=\"font-size: small\"><b><span style=\"color: #000000\">10:00<\/span><\/b><\/span><\/span><\/p>\n<\/td>\n<\/tr>\n<tr>\n<td style=\"background: transparent\" width=\"180\" height=\"3\">\n<p align=\"center\"><span style=\"font-family: Calibri, sans-serif\"><span style=\"font-size: small\"><b><span style=\"color: #000000\">Visita guiada<\/span><\/b><\/span><\/span><\/p>\n<\/td>\n<td style=\"background: transparent\" width=\"342\">\n<p align=\"center\"><span style=\"font-family: Calibri, sans-serif\"><span style=\"font-size: small\"><b><span style=\"color: #000000\">Un paseo por la Historia de &#8220;Huantajaya&#8221;<\/span><\/b><\/span><\/span><\/p>\n<\/td>\n<td style=\"background: transparent\" width=\"98\">\n<p align=\"center\"><span style=\"font-family: Calibri, sans-serif\"><span style=\"font-size: small\"><b><span style=\"color: #000000\">11:15<\/span><\/b><\/span><\/span><\/p>\n<\/td>\n<\/tr>\n<tr>\n<td style=\"background: transparent\" width=\"180\" height=\"3\">\n<p align=\"center\"><span style=\"font-family: Calibri, sans-serif\"><span style=\"font-size: small\"><b><span style=\"color: #000000\">Concurso<\/span><\/b><\/span><\/span><\/p>\n<\/td>\n<td style=\"background: transparent\" width=\"342\">\n<p align=\"center\"><span style=\"font-family: Calibri, sans-serif\"><span style=\"font-size: small\"><b><span style=\"color: #000000\">Premiando la curiosidad en FECI<\/span><\/b><\/span><\/span><\/p>\n<\/td>\n<td style=\"background: transparent\" width=\"98\">\n<p align=\"center\"><span style=\"font-family: Calibri, sans-serif\"><span style=\"font-size: small\"><b><span style=\"color: #000000\">11:45<\/span><\/b><\/span><\/span><\/p>\n<\/td>\n<\/tr>\n<tr>\n<td style=\"background: transparent\" width=\"180\" height=\"3\">\n<p align=\"center\"><span style=\"font-family: Calibri, sans-serif\"><span style=\"font-size: small\"><b><span style=\"color: #000000\">Visita guiada<\/span><\/b><\/span><\/span><\/p>\n<\/td>\n<td style=\"background: transparent\" width=\"342\">\n<p align=\"center\"><span style=\"font-family: Calibri, sans-serif\"><span style=\"font-size: small\"><b><span style=\"color: #000000\">Los Incre\u00edbles seres olvidados: Dep\u00f3sito de Colecciones PALEO del Museo Regional de Iquique<\/span><\/b><\/span><\/span><\/p>\n<\/td>\n<td style=\"background: transparent\" width=\"98\">\n<p align=\"center\"><span style=\"font-family: Calibri, sans-serif\"><span style=\"font-size: small\"><b><span style=\"color: #000000\">12:00<\/span><\/b><\/span><\/span><\/p>\n<\/td>\n<\/tr>\n<tr>\n<td style=\"background: transparent\" width=\"180\" height=\"3\">\n<p align=\"center\"><span style=\"font-family: Calibri, sans-serif\"><span style=\"font-size: small\"><b><span style=\"color: #000000\">Concurso<\/span><\/b><\/span><\/span><\/p>\n<\/td>\n<td style=\"background: transparent\" width=\"342\">\n<p align=\"center\"><span style=\"font-family: Calibri, sans-serif\"><span style=\"font-size: small\"><b><span style=\"color: #000000\">Premiando la curiosidad en FECI<\/span><\/b><\/span><\/span><\/p>\n<\/td>\n<td style=\"background: transparent\" width=\"98\">\n<p align=\"center\"><span style=\"font-family: Calibri, sans-serif\"><span style=\"font-size: small\"><b><span style=\"color: #000000\">12:30<\/span><\/b><\/span><\/span><\/p>\n<\/td>\n<\/tr>\n<tr>\n<td style=\"background: transparent\" width=\"180\" height=\"20\">\n<p align=\"center\"><span style=\"font-family: Calibri, sans-serif\"><span style=\"font-size: small\"><b><span style=\"color: #000000\">Conversatorio<\/span><\/b><\/span><\/span><\/p>\n<\/td>\n<td style=\"background: transparent\" width=\"342\">\n<p align=\"center\"><span style=\"font-family: Calibri, sans-serif\"><span style=\"font-size: small\"><b><span style=\"color: #000000\">La formaci\u00f3n del esp\u00edritu cient\u00edfico de la ni\u00f1ez: El Talento.<\/span><\/b><\/span><\/span><\/p>\n<\/td>\n<td style=\"background: transparent\" width=\"98\">\n<p align=\"center\"><span style=\"font-family: Calibri, sans-serif\"><span style=\"font-size: small\"><b><span style=\"color: #000000\">17:30<\/span><\/b><\/span><\/span><\/p>\n<\/td>\n<\/tr>\n<tr>\n<td style=\"background: transparent\" width=\"180\" height=\"35\">\n<p align=\"center\"><span style=\"font-family: Calibri, sans-serif\"><span style=\"font-size: small\"><b><span style=\"color: #000000\">Charla<\/span><\/b><\/span><\/span><\/p>\n<\/td>\n<td style=\"background: transparent\" width=\"342\">\n<p align=\"center\"><span style=\"font-family: Calibri, sans-serif\"><span style=\"font-size: small\"><b><span style=\"color: #000000\">Tragedia del Vapor Santa Fe. Antecedentes, testimonios y teor\u00edas. Investigaci\u00f3n hist\u00f3rica mar\u00edtima de Chile.<\/span><\/b><\/span><\/span><\/p>\n<\/td>\n<td style=\"background: transparent\" width=\"98\">\n<p align=\"center\"><span style=\"font-family: Calibri, sans-serif\"><span style=\"font-size: small\"><b><span style=\"color: #000000\">18:25<\/span><\/b><\/span><\/span><\/p>\n<\/td>\n<\/tr>\n<tr>\n<td style=\"background: transparent\" width=\"180\" height=\"19\">\n<p align=\"center\"><span style=\"font-family: Calibri, sans-serif\"><span style=\"font-size: small\"><b><span style=\"color: #000000\">Charla<\/span><\/b><\/span><\/span><\/p>\n<\/td>\n<td style=\"background: transparent\" width=\"342\">\n<p align=\"center\"><span style=\"font-family: Calibri, sans-serif\"><span style=\"font-size: small\"><b><span style=\"color: #000000\">Huantajaya y la Ruta de la Plata: Un patrimonio por descubrir<\/span><\/b><\/span><\/span><\/p>\n<\/td>\n<td style=\"background: transparent\" width=\"98\">\n<p align=\"center\"><span style=\"font-family: Calibri, sans-serif\"><span style=\"font-size: small\"><b><span style=\"color: #000000\">19:30<\/span><\/b><\/span><\/span><\/p>\n<\/td>\n<\/tr>\n<\/tbody>\n<\/table>\n<p><span style=\"font-family: Calibri, sans-serif\"><span style=\"font-size: medium\"><b>S\u00e1bado 14 de Noviembre<\/b><\/span><\/span><\/p>\n<table width=\"652\" cellspacing=\"0\" cellpadding=\"5\">\n<colgroup>\n<col width=\"180\" \/>\n<col width=\"342\" \/>\n<col width=\"98\" \/> <\/colgroup>\n<tbody>\n<tr>\n<td style=\"background: transparent\" width=\"180\" height=\"2\">\n<p align=\"center\"><span style=\"font-family: Calibri, sans-serif\"><span style=\"font-size: small\"><b><span style=\"color: #000000\">Charla<\/span><\/b><\/span><\/span><\/p>\n<\/td>\n<td style=\"background: transparent\" width=\"342\">\n<p align=\"center\"><span style=\"font-family: Calibri, sans-serif\"><span style=\"font-size: small\"><b><span style=\"color: #000000\">\u00bfPor qu\u00e9 el Sol es levemente m\u00e1s viejo de lo que aparenta?<\/span><\/b><\/span><\/span><\/p>\n<\/td>\n<td style=\"background: transparent\" width=\"98\">\n<p align=\"center\"><span style=\"font-family: Calibri, sans-serif\"><span style=\"font-size: small\"><b><span style=\"color: #000000\">10:00<\/span><\/b><\/span><\/span><\/p>\n<\/td>\n<\/tr>\n<tr>\n<td style=\"background: transparent\" width=\"180\" height=\"3\">\n<p align=\"center\"><span style=\"font-family: Calibri, sans-serif\"><span style=\"font-size: small\"><b><span style=\"color: #000000\">Concursos<\/span><\/b><\/span><\/span><\/p>\n<\/td>\n<td style=\"background: transparent\" width=\"342\">\n<p align=\"center\"><span style=\"font-family: Calibri, sans-serif\"><span style=\"font-size: small\"><b><span style=\"color: #000000\">Premiando la curiosidad en FECI<\/span><\/b><\/span><\/span><\/p>\n<\/td>\n<td style=\"background: transparent\" width=\"98\">\n<p align=\"center\"><span style=\"font-family: Calibri, sans-serif\"><span style=\"font-size: small\"><b><span style=\"color: #000000\">11:00<\/span><\/b><\/span><\/span><\/p>\n<\/td>\n<\/tr>\n<tr>\n<td style=\"background: transparent\" width=\"180\" height=\"3\">\n<p align=\"center\"><span style=\"font-family: Calibri, sans-serif\"><span style=\"font-size: small\"><b><span style=\"color: #000000\">Taller online<\/span><\/b><\/span><\/span><\/p>\n<\/td>\n<td style=\"background: transparent\" width=\"342\">\n<p align=\"center\"><span style=\"font-family: Calibri, sans-serif\"><span style=\"font-size: small\"><b><span style=\"color: #000000\">La Huertita<\/span><\/b><\/span><\/span><\/p>\n<\/td>\n<td style=\"background: transparent\" width=\"98\">\n<p align=\"center\"><span style=\"font-family: Calibri, sans-serif\"><span style=\"font-size: small\"><b><span style=\"color: #000000\">11:30<\/span><\/b><\/span><\/span><\/p>\n<\/td>\n<\/tr>\n<tr>\n<td style=\"background: transparent\" width=\"180\" height=\"3\">\n<p align=\"center\"><span style=\"font-family: Calibri, sans-serif\"><span style=\"font-size: small\"><b><span style=\"color: #000000\">Teatro <\/span><\/b><\/span><\/span><\/p>\n<\/td>\n<td style=\"background: transparent\" width=\"342\">\n<p align=\"center\"><span style=\"font-family: Calibri, sans-serif\"><span style=\"font-size: small\"><b><span style=\"color: #000000\">Lenteja, Una Coneja Diferente<\/span><\/b><\/span><\/span><\/p>\n<\/td>\n<td style=\"background: transparent\" width=\"98\">\n<p align=\"center\"><span style=\"font-family: Calibri, sans-serif\"><span style=\"font-size: small\"><b><span style=\"color: #000000\">12:10<\/span><\/b><\/span><\/span><\/p>\n<\/td>\n<\/tr>\n<tr>\n<td style=\"background: transparent\" width=\"180\" height=\"20\">\n<p align=\"center\"><span style=\"font-family: Calibri, sans-serif\"><span style=\"font-size: small\"><b><span style=\"color: #000000\">Taller online<\/span><\/b><\/span><\/span><\/p>\n<\/td>\n<td style=\"background: transparent\" width=\"342\">\n<p align=\"center\"><span style=\"font-family: Calibri, sans-serif\"><span style=\"font-size: small\"><b><span style=\"color: #000000\">Confeccionando el Sistema Solar en dos metros de papel.<\/span><\/b><\/span><\/span><\/p>\n<\/td>\n<td style=\"background: transparent\" width=\"98\">\n<p align=\"center\"><span style=\"font-family: Calibri, sans-serif\"><span style=\"font-size: small\"><b><span style=\"color: #000000\">17:30<\/span><\/b><\/span><\/span><\/p>\n<\/td>\n<\/tr>\n<tr>\n<td style=\"background: transparent\" width=\"180\" height=\"11\">\n<p align=\"center\"><span style=\"font-family: Calibri, sans-serif\"><span style=\"font-size: small\"><b><span style=\"color: #000000\">Minidocumental<\/span><\/b><\/span><\/span><\/p>\n<\/td>\n<td style=\"background: transparent\" width=\"342\">\n<p align=\"center\"><span style=\"font-family: Calibri, sans-serif\"><span style=\"font-size: small\"><b><span style=\"color: #000000\">La ruta de la ciencia<\/span><\/b><\/span><\/span><\/p>\n<\/td>\n<td style=\"background: transparent\" width=\"98\">\n<p align=\"center\"><span style=\"font-family: Calibri, sans-serif\"><span style=\"font-size: small\"><b><span style=\"color: #000000\">18:00<\/span><\/b><\/span><\/span><\/p>\n<\/td>\n<\/tr>\n<tr>\n<td style=\"background: transparent\" width=\"180\" height=\"11\">\n<p align=\"center\"><span style=\"font-family: Calibri, sans-serif\"><span style=\"font-size: small\"><b><span style=\"color: #000000\">Concursos<\/span><\/b><\/span><\/span><\/p>\n<\/td>\n<td style=\"background: transparent\" width=\"342\">\n<p align=\"center\"><span style=\"font-family: Calibri, sans-serif\"><span style=\"font-size: small\"><b><span style=\"color: #000000\">Premiando la curiosidad en FECI<\/span><\/b><\/span><\/span><\/p>\n<\/td>\n<td style=\"background: transparent\" width=\"98\">\n<p align=\"center\"><span style=\"font-family: Calibri, sans-serif\"><span style=\"font-size: small\"><b><span style=\"color: #000000\">18:30<\/span><\/b><\/span><\/span><\/p>\n<\/td>\n<\/tr>\n<tr>\n<td style=\"background: transparent\" width=\"180\" height=\"19\">\n<p align=\"center\"><span style=\"font-family: Calibri, sans-serif\"><span style=\"font-size: small\"><b><span style=\"color: #000000\">Taller online<\/span><\/b><\/span><\/span><\/p>\n<\/td>\n<td style=\"background: transparent\" width=\"342\">\n<p align=\"center\"><span style=\"font-family: Calibri, sans-serif\"><span style=\"font-size: small\"><b><span style=\"color: #000000\">El uso de tecnolog\u00edas en el aula para el proceso de ense\u00f1anza.<\/span><\/b><\/span><\/span><\/p>\n<\/td>\n<td style=\"background: transparent\" width=\"98\">\n<p align=\"center\"><span style=\"font-family: Calibri, sans-serif\"><span style=\"font-size: small\"><b><span style=\"color: #000000\">18:45<\/span><\/b><\/span><\/span><\/p>\n<\/td>\n<\/tr>\n<\/tbody>\n<\/table>\n<p><span style=\"font-family: Calibri, sans-serif\"><span style=\"font-size: medium\"><b>Domingo 15 de Noviembre<\/b><\/span><\/span><\/p>\n<table width=\"652\" cellspacing=\"0\" cellpadding=\"5\">\n<colgroup>\n<col width=\"180\" \/>\n<col width=\"342\" \/>\n<col width=\"98\" \/> <\/colgroup>\n<tbody>\n<tr>\n<td style=\"background: transparent\" width=\"180\" height=\"2\">\n<p align=\"center\"><span style=\"font-family: Calibri, sans-serif\"><span style=\"font-size: small\"><b><span style=\"color: #000000\">Taller online<\/span><\/b><\/span><\/span><\/p>\n<\/td>\n<td style=\"background: transparent\" width=\"342\">\n<p align=\"center\"><span style=\"font-family: Calibri, sans-serif\"><span style=\"font-size: small\"><b><span style=\"color: #000000\">Aprendiendo con el Sol<\/span><\/b><\/span><\/span><\/p>\n<\/td>\n<td style=\"background: transparent\" width=\"98\">\n<p align=\"center\"><span style=\"font-family: Calibri, sans-serif\"><span style=\"font-size: small\"><b><span style=\"color: #000000\">10:00<\/span><\/b><\/span><\/span><\/p>\n<\/td>\n<\/tr>\n<tr>\n<td style=\"background: transparent\" width=\"180\" height=\"3\">\n<p align=\"center\"><span style=\"font-family: Calibri, sans-serif\"><span style=\"font-size: small\"><b><span style=\"color: #000000\">Concursos<\/span><\/b><\/span><\/span><\/p>\n<\/td>\n<td style=\"background: transparent\" width=\"342\">\n<p align=\"center\"><span style=\"font-family: Calibri, sans-serif\"><span style=\"font-size: small\"><b><span style=\"color: #000000\">Ganadores Premiando la curiosidad en FECI<\/span><\/b><\/span><\/span><\/p>\n<\/td>\n<td style=\"background: transparent\" width=\"98\">\n<p align=\"center\"><span style=\"font-family: Calibri, sans-serif\"><span style=\"font-size: small\"><b><span style=\"color: #000000\">11:00<\/span><\/b><\/span><\/span><\/p>\n<\/td>\n<\/tr>\n<tr>\n<td style=\"background: transparent\" width=\"180\" height=\"15\">\n<p align=\"center\"><span style=\"font-family: Calibri, sans-serif\"><span style=\"font-size: small\"><b><span style=\"color: #000000\">Visita guiada<\/span><\/b><\/span><\/span><\/p>\n<\/td>\n<td style=\"background: transparent\" width=\"342\">\n<p align=\"center\"><span style=\"font-family: Calibri, sans-serif\"><span style=\"font-size: small\"><b><span style=\"color: #000000\">Explorando Tarapac\u00e1 desde el puerto hasta la pampa<\/span><\/b><\/span><\/span><\/p>\n<\/td>\n<td style=\"background: transparent\" width=\"98\">\n<p align=\"center\"><span style=\"font-family: Calibri, sans-serif\"><span style=\"font-size: small\"><b><span style=\"color: #000000\">11:30<\/span><\/b><\/span><\/span><\/p>\n<\/td>\n<\/tr>\n<tr>\n<td style=\"background: transparent\" width=\"180\" height=\"2\"><\/td>\n<td style=\"background: transparent\" width=\"342\">\n<p align=\"center\"><span style=\"font-family: Calibri, sans-serif\"><span style=\"font-size: small\"><b><span style=\"color: #000000\">Clausura FECI<\/span><\/b><\/span><\/span><\/p>\n<\/td>\n<td style=\"background: transparent\" width=\"98\">\n<p align=\"center\"><span style=\"font-family: Calibri, sans-serif\"><span style=\"font-size: small\"><b><span style=\"color: #000000\">12:30<\/span><\/b><\/span><\/span><\/p>\n<\/td>\n<\/tr>\n<\/tbody>\n<\/table>\n<p>&nbsp;<\/p>\n","protected":false},"excerpt":{"rendered":"<p>Desde 11 al 15 de Noviembre, se realizar\u00e1 el Festival de la Ciencia de Tarapac\u00e1 2020. La iniciativa que busca \u201cposicionar la ciencia, tecnolog\u00eda, conocimiento e Innovaci\u00f3n (CTCI) en el imaginario colectivo como parte de la cultura, promoviendo adem\u00e1s su apropiaci\u00f3n\u201d, contar\u00e1 con visitas guiadas virtuales, talleres online, charlas y conversatorios, teatro y mini documentales, todas las actividades que se realizar\u00e1n de forma remota.<\/p>\n","protected":false},"author":18,"featured_media":39073,"comment_status":"open","ping_status":"open","sticky":false,"template":"","format":"standard","meta":{"_acf_changed":false,"_exactmetrics_skip_tracking":false,"_exactmetrics_sitenote_active":false,"_exactmetrics_sitenote_note":"","_exactmetrics_sitenote_category":0,"footnotes":"","_links_to":"","_links_to_target":""},"categories":[151],"tags":[],"class_list":["post-39072","post","type-post","status-publish","format-standard","has-post-thumbnail","hentry","category-banner"],"acf":[],"yoast_head":"<!-- This site is optimized with the Yoast SEO plugin v26.9 - https:\/\/yoast.com\/product\/yoast-seo-wordpress\/ -->\n<title>Programaci\u00f3n Festival de la Ciencia Tarapac\u00e1 2020 - Tarapaca<\/title>\n<meta name=\"robots\" content=\"index, follow, max-snippet:-1, max-image-preview:large, max-video-preview:-1\" \/>\n<link rel=\"canonical\" href=\"https:\/\/explora.cl\/tarapaca\/programacion-festival-de-la-ciencia-tarapaca-2020\/\" class=\"yoast-seo-meta-tag\" \/>\n<meta property=\"og:locale\" content=\"es_ES\" class=\"yoast-seo-meta-tag\" \/>\n<meta property=\"og:type\" content=\"article\" class=\"yoast-seo-meta-tag\" \/>\n<meta property=\"og:title\" content=\"Programaci\u00f3n Festival de la Ciencia Tarapac\u00e1 2020 - Tarapaca\" class=\"yoast-seo-meta-tag\" \/>\n<meta property=\"og:description\" content=\"Desde 11 al 15 de Noviembre, se realizar\u00e1 el Festival de la Ciencia de Tarapac\u00e1 2020. La iniciativa que busca \u201cposicionar la ciencia, tecnolog\u00eda, conocimiento e Innovaci\u00f3n (CTCI) en el imaginario colectivo como parte de la cultura, promoviendo adem\u00e1s su apropiaci\u00f3n\u201d, contar\u00e1 con visitas guiadas virtuales, talleres online, charlas y conversatorios, teatro y mini documentales, todas las actividades que se realizar\u00e1n de forma remota.\" class=\"yoast-seo-meta-tag\" \/>\n<meta property=\"og:url\" content=\"https:\/\/explora.cl\/tarapaca\/programacion-festival-de-la-ciencia-tarapaca-2020\/\" class=\"yoast-seo-meta-tag\" \/>\n<meta property=\"og:site_name\" content=\"Tarapaca\" class=\"yoast-seo-meta-tag\" \/>\n<meta property=\"article:published_time\" content=\"2020-11-02T15:40:33+00:00\" class=\"yoast-seo-meta-tag\" \/>\n<meta property=\"article:modified_time\" content=\"2020-11-23T16:21:48+00:00\" class=\"yoast-seo-meta-tag\" \/>\n<meta property=\"og:image\" content=\"https:\/\/explora.cl\/tarapaca\/wp-content\/uploads\/sites\/3\/2020\/11\/BANNER-FECI_Mesa-de-trabajo-1.jpg\" class=\"yoast-seo-meta-tag\" \/>\n\t<meta property=\"og:image:width\" content=\"2336\" class=\"yoast-seo-meta-tag\" \/>\n\t<meta property=\"og:image:height\" content=\"1096\" class=\"yoast-seo-meta-tag\" \/>\n\t<meta property=\"og:image:type\" content=\"image\/jpeg\" class=\"yoast-seo-meta-tag\" \/>\n<meta name=\"author\" content=\"admintarapaca\" class=\"yoast-seo-meta-tag\" \/>\n<meta name=\"twitter:card\" content=\"summary_large_image\" class=\"yoast-seo-meta-tag\" \/>\n<meta name=\"twitter:label1\" content=\"Escrito por\" class=\"yoast-seo-meta-tag\" \/>\n\t<meta name=\"twitter:data1\" content=\"admintarapaca\" class=\"yoast-seo-meta-tag\" \/>\n\t<meta name=\"twitter:label2\" content=\"Tiempo estimado de lectura\" class=\"yoast-seo-meta-tag\" \/>\n\t<meta name=\"twitter:data2\" content=\"2 minutos\" class=\"yoast-seo-meta-tag\" \/>\n<script type=\"application\/ld+json\" class=\"yoast-schema-graph\">{\"@context\":\"https:\/\/schema.org\",\"@graph\":[{\"@type\":\"Article\",\"@id\":\"https:\/\/explora.cl\/tarapaca\/programacion-festival-de-la-ciencia-tarapaca-2020\/#article\",\"isPartOf\":{\"@id\":\"https:\/\/explora.cl\/tarapaca\/programacion-festival-de-la-ciencia-tarapaca-2020\/\"},\"author\":{\"name\":\"admintarapaca\",\"@id\":\"https:\/\/explora.cl\/tarapaca\/#\/schema\/person\/ca04f8a8f8e25243bd462d34eb1ca505\"},\"headline\":\"Programaci\u00f3n Festival de la Ciencia Tarapac\u00e1 2020\",\"datePublished\":\"2020-11-02T15:40:33+00:00\",\"dateModified\":\"2020-11-23T16:21:48+00:00\",\"mainEntityOfPage\":{\"@id\":\"https:\/\/explora.cl\/tarapaca\/programacion-festival-de-la-ciencia-tarapaca-2020\/\"},\"wordCount\":458,\"commentCount\":0,\"image\":{\"@id\":\"https:\/\/explora.cl\/tarapaca\/programacion-festival-de-la-ciencia-tarapaca-2020\/#primaryimage\"},\"thumbnailUrl\":\"https:\/\/explora.cl\/tarapaca\/wp-content\/uploads\/sites\/3\/2020\/11\/BANNER-FECI_Mesa-de-trabajo-1.jpg\",\"articleSection\":[\"Banner\"],\"inLanguage\":\"es-CL\",\"potentialAction\":[{\"@type\":\"CommentAction\",\"name\":\"Comment\",\"target\":[\"https:\/\/explora.cl\/tarapaca\/programacion-festival-de-la-ciencia-tarapaca-2020\/#respond\"]}]},{\"@type\":\"WebPage\",\"@id\":\"https:\/\/explora.cl\/tarapaca\/programacion-festival-de-la-ciencia-tarapaca-2020\/\",\"url\":\"https:\/\/explora.cl\/tarapaca\/programacion-festival-de-la-ciencia-tarapaca-2020\/\",\"name\":\"Programaci\u00f3n Festival de la Ciencia Tarapac\u00e1 2020 - Tarapaca\",\"isPartOf\":{\"@id\":\"https:\/\/explora.cl\/tarapaca\/#website\"},\"primaryImageOfPage\":{\"@id\":\"https:\/\/explora.cl\/tarapaca\/programacion-festival-de-la-ciencia-tarapaca-2020\/#primaryimage\"},\"image\":{\"@id\":\"https:\/\/explora.cl\/tarapaca\/programacion-festival-de-la-ciencia-tarapaca-2020\/#primaryimage\"},\"thumbnailUrl\":\"https:\/\/explora.cl\/tarapaca\/wp-content\/uploads\/sites\/3\/2020\/11\/BANNER-FECI_Mesa-de-trabajo-1.jpg\",\"datePublished\":\"2020-11-02T15:40:33+00:00\",\"dateModified\":\"2020-11-23T16:21:48+00:00\",\"author\":{\"@id\":\"https:\/\/explora.cl\/tarapaca\/#\/schema\/person\/ca04f8a8f8e25243bd462d34eb1ca505\"},\"breadcrumb\":{\"@id\":\"https:\/\/explora.cl\/tarapaca\/programacion-festival-de-la-ciencia-tarapaca-2020\/#breadcrumb\"},\"inLanguage\":\"es-CL\",\"potentialAction\":[{\"@type\":\"ReadAction\",\"target\":[\"https:\/\/explora.cl\/tarapaca\/programacion-festival-de-la-ciencia-tarapaca-2020\/\"]}]},{\"@type\":\"ImageObject\",\"inLanguage\":\"es-CL\",\"@id\":\"https:\/\/explora.cl\/tarapaca\/programacion-festival-de-la-ciencia-tarapaca-2020\/#primaryimage\",\"url\":\"https:\/\/explora.cl\/tarapaca\/wp-content\/uploads\/sites\/3\/2020\/11\/BANNER-FECI_Mesa-de-trabajo-1.jpg\",\"contentUrl\":\"https:\/\/explora.cl\/tarapaca\/wp-content\/uploads\/sites\/3\/2020\/11\/BANNER-FECI_Mesa-de-trabajo-1.jpg\",\"width\":2336,\"height\":1096},{\"@type\":\"BreadcrumbList\",\"@id\":\"https:\/\/explora.cl\/tarapaca\/programacion-festival-de-la-ciencia-tarapaca-2020\/#breadcrumb\",\"itemListElement\":[{\"@type\":\"ListItem\",\"position\":1,\"name\":\"Portada\",\"item\":\"https:\/\/explora.cl\/tarapaca\/\"},{\"@type\":\"ListItem\",\"position\":2,\"name\":\"Programaci\u00f3n Festival de la Ciencia Tarapac\u00e1 2020\"}]},{\"@type\":\"WebSite\",\"@id\":\"https:\/\/explora.cl\/tarapaca\/#website\",\"url\":\"https:\/\/explora.cl\/tarapaca\/\",\"name\":\"Tarapaca\",\"description\":\"Otro sitio m\u00e1s de explora.cl\",\"potentialAction\":[{\"@type\":\"SearchAction\",\"target\":{\"@type\":\"EntryPoint\",\"urlTemplate\":\"https:\/\/explora.cl\/tarapaca\/?s={search_term_string}\"},\"query-input\":{\"@type\":\"PropertyValueSpecification\",\"valueRequired\":true,\"valueName\":\"search_term_string\"}}],\"inLanguage\":\"es-CL\"},{\"@type\":\"Person\",\"@id\":\"https:\/\/explora.cl\/tarapaca\/#\/schema\/person\/ca04f8a8f8e25243bd462d34eb1ca505\",\"name\":\"admintarapaca\",\"image\":{\"@type\":\"ImageObject\",\"inLanguage\":\"es-CL\",\"@id\":\"https:\/\/explora.cl\/tarapaca\/#\/schema\/person\/image\/\",\"url\":\"https:\/\/secure.gravatar.com\/avatar\/8ff4762fabbf7a1732a126425c82d628f08ba754529d77a55358cbb74e14343f?s=96&d=mm&r=g\",\"contentUrl\":\"https:\/\/secure.gravatar.com\/avatar\/8ff4762fabbf7a1732a126425c82d628f08ba754529d77a55358cbb74e14343f?s=96&d=mm&r=g\",\"caption\":\"admintarapaca\"},\"url\":\"https:\/\/explora.cl\/tarapaca\/author\/dolivares\/\"}]}<\/script>\n<!-- \/ Yoast SEO plugin. -->","yoast_head_json":{"title":"Programaci\u00f3n Festival de la Ciencia Tarapac\u00e1 2020 - Tarapaca","robots":{"index":"index","follow":"follow","max-snippet":"max-snippet:-1","max-image-preview":"max-image-preview:large","max-video-preview":"max-video-preview:-1"},"canonical":"https:\/\/explora.cl\/tarapaca\/programacion-festival-de-la-ciencia-tarapaca-2020\/","og_locale":"es_ES","og_type":"article","og_title":"Programaci\u00f3n Festival de la Ciencia Tarapac\u00e1 2020 - Tarapaca","og_description":"Desde 11 al 15 de Noviembre, se realizar\u00e1 el Festival de la Ciencia de Tarapac\u00e1 2020. La iniciativa que busca \u201cposicionar la ciencia, tecnolog\u00eda, conocimiento e Innovaci\u00f3n (CTCI) en el imaginario colectivo como parte de la cultura, promoviendo adem\u00e1s su apropiaci\u00f3n\u201d, contar\u00e1 con visitas guiadas virtuales, talleres online, charlas y conversatorios, teatro y mini documentales, todas las actividades que se realizar\u00e1n de forma remota.","og_url":"https:\/\/explora.cl\/tarapaca\/programacion-festival-de-la-ciencia-tarapaca-2020\/","og_site_name":"Tarapaca","article_published_time":"2020-11-02T15:40:33+00:00","article_modified_time":"2020-11-23T16:21:48+00:00","og_image":[{"width":2336,"height":1096,"url":"https:\/\/explora.cl\/tarapaca\/wp-content\/uploads\/sites\/3\/2020\/11\/BANNER-FECI_Mesa-de-trabajo-1.jpg","type":"image\/jpeg"}],"author":"admintarapaca","twitter_card":"summary_large_image","twitter_misc":{"Escrito por":"admintarapaca","Tiempo estimado de lectura":"2 minutos"},"schema":{"@context":"https:\/\/schema.org","@graph":[{"@type":"Article","@id":"https:\/\/explora.cl\/tarapaca\/programacion-festival-de-la-ciencia-tarapaca-2020\/#article","isPartOf":{"@id":"https:\/\/explora.cl\/tarapaca\/programacion-festival-de-la-ciencia-tarapaca-2020\/"},"author":{"name":"admintarapaca","@id":"https:\/\/explora.cl\/tarapaca\/#\/schema\/person\/ca04f8a8f8e25243bd462d34eb1ca505"},"headline":"Programaci\u00f3n Festival de la Ciencia Tarapac\u00e1 2020","datePublished":"2020-11-02T15:40:33+00:00","dateModified":"2020-11-23T16:21:48+00:00","mainEntityOfPage":{"@id":"https:\/\/explora.cl\/tarapaca\/programacion-festival-de-la-ciencia-tarapaca-2020\/"},"wordCount":458,"commentCount":0,"image":{"@id":"https:\/\/explora.cl\/tarapaca\/programacion-festival-de-la-ciencia-tarapaca-2020\/#primaryimage"},"thumbnailUrl":"https:\/\/explora.cl\/tarapaca\/wp-content\/uploads\/sites\/3\/2020\/11\/BANNER-FECI_Mesa-de-trabajo-1.jpg","articleSection":["Banner"],"inLanguage":"es-CL","potentialAction":[{"@type":"CommentAction","name":"Comment","target":["https:\/\/explora.cl\/tarapaca\/programacion-festival-de-la-ciencia-tarapaca-2020\/#respond"]}]},{"@type":"WebPage","@id":"https:\/\/explora.cl\/tarapaca\/programacion-festival-de-la-ciencia-tarapaca-2020\/","url":"https:\/\/explora.cl\/tarapaca\/programacion-festival-de-la-ciencia-tarapaca-2020\/","name":"Programaci\u00f3n Festival de la Ciencia Tarapac\u00e1 2020 - Tarapaca","isPartOf":{"@id":"https:\/\/explora.cl\/tarapaca\/#website"},"primaryImageOfPage":{"@id":"https:\/\/explora.cl\/tarapaca\/programacion-festival-de-la-ciencia-tarapaca-2020\/#primaryimage"},"image":{"@id":"https:\/\/explora.cl\/tarapaca\/programacion-festival-de-la-ciencia-tarapaca-2020\/#primaryimage"},"thumbnailUrl":"https:\/\/explora.cl\/tarapaca\/wp-content\/uploads\/sites\/3\/2020\/11\/BANNER-FECI_Mesa-de-trabajo-1.jpg","datePublished":"2020-11-02T15:40:33+00:00","dateModified":"2020-11-23T16:21:48+00:00","author":{"@id":"https:\/\/explora.cl\/tarapaca\/#\/schema\/person\/ca04f8a8f8e25243bd462d34eb1ca505"},"breadcrumb":{"@id":"https:\/\/explora.cl\/tarapaca\/programacion-festival-de-la-ciencia-tarapaca-2020\/#breadcrumb"},"inLanguage":"es-CL","potentialAction":[{"@type":"ReadAction","target":["https:\/\/explora.cl\/tarapaca\/programacion-festival-de-la-ciencia-tarapaca-2020\/"]}]},{"@type":"ImageObject","inLanguage":"es-CL","@id":"https:\/\/explora.cl\/tarapaca\/programacion-festival-de-la-ciencia-tarapaca-2020\/#primaryimage","url":"https:\/\/explora.cl\/tarapaca\/wp-content\/uploads\/sites\/3\/2020\/11\/BANNER-FECI_Mesa-de-trabajo-1.jpg","contentUrl":"https:\/\/explora.cl\/tarapaca\/wp-content\/uploads\/sites\/3\/2020\/11\/BANNER-FECI_Mesa-de-trabajo-1.jpg","width":2336,"height":1096},{"@type":"BreadcrumbList","@id":"https:\/\/explora.cl\/tarapaca\/programacion-festival-de-la-ciencia-tarapaca-2020\/#breadcrumb","itemListElement":[{"@type":"ListItem","position":1,"name":"Portada","item":"https:\/\/explora.cl\/tarapaca\/"},{"@type":"ListItem","position":2,"name":"Programaci\u00f3n Festival de la Ciencia Tarapac\u00e1 2020"}]},{"@type":"WebSite","@id":"https:\/\/explora.cl\/tarapaca\/#website","url":"https:\/\/explora.cl\/tarapaca\/","name":"Tarapaca","description":"Otro sitio m\u00e1s de explora.cl","potentialAction":[{"@type":"SearchAction","target":{"@type":"EntryPoint","urlTemplate":"https:\/\/explora.cl\/tarapaca\/?s={search_term_string}"},"query-input":{"@type":"PropertyValueSpecification","valueRequired":true,"valueName":"search_term_string"}}],"inLanguage":"es-CL"},{"@type":"Person","@id":"https:\/\/explora.cl\/tarapaca\/#\/schema\/person\/ca04f8a8f8e25243bd462d34eb1ca505","name":"admintarapaca","image":{"@type":"ImageObject","inLanguage":"es-CL","@id":"https:\/\/explora.cl\/tarapaca\/#\/schema\/person\/image\/","url":"https:\/\/secure.gravatar.com\/avatar\/8ff4762fabbf7a1732a126425c82d628f08ba754529d77a55358cbb74e14343f?s=96&d=mm&r=g","contentUrl":"https:\/\/secure.gravatar.com\/avatar\/8ff4762fabbf7a1732a126425c82d628f08ba754529d77a55358cbb74e14343f?s=96&d=mm&r=g","caption":"admintarapaca"},"url":"https:\/\/explora.cl\/tarapaca\/author\/dolivares\/"}]}},"_links":{"self":[{"href":"https:\/\/explora.cl\/tarapaca\/wp-json\/wp\/v2\/posts\/39072","targetHints":{"allow":["GET"]}}],"collection":[{"href":"https:\/\/explora.cl\/tarapaca\/wp-json\/wp\/v2\/posts"}],"about":[{"href":"https:\/\/explora.cl\/tarapaca\/wp-json\/wp\/v2\/types\/post"}],"author":[{"embeddable":true,"href":"https:\/\/explora.cl\/tarapaca\/wp-json\/wp\/v2\/users\/18"}],"replies":[{"embeddable":true,"href":"https:\/\/explora.cl\/tarapaca\/wp-json\/wp\/v2\/comments?post=39072"}],"version-history":[{"count":4,"href":"https:\/\/explora.cl\/tarapaca\/wp-json\/wp\/v2\/posts\/39072\/revisions"}],"predecessor-version":[{"id":39096,"href":"https:\/\/explora.cl\/tarapaca\/wp-json\/wp\/v2\/posts\/39072\/revisions\/39096"}],"wp:featuredmedia":[{"embeddable":true,"href":"https:\/\/explora.cl\/tarapaca\/wp-json\/wp\/v2\/media\/39073"}],"wp:attachment":[{"href":"https:\/\/explora.cl\/tarapaca\/wp-json\/wp\/v2\/media?parent=39072"}],"wp:term":[{"taxonomy":"category","embeddable":true,"href":"https:\/\/explora.cl\/tarapaca\/wp-json\/wp\/v2\/categories?post=39072"},{"taxonomy":"post_tag","embeddable":true,"href":"https:\/\/explora.cl\/tarapaca\/wp-json\/wp\/v2\/tags?post=39072"}],"curies":[{"name":"wp","href":"https:\/\/api.w.org\/{rel}","templated":true}]}}