{"id":39066,"date":"2020-10-28T10:47:07","date_gmt":"2020-10-28T13:47:07","guid":{"rendered":"https:\/\/explora.cl\/tarapaca\/?p=39066"},"modified":"2020-11-23T11:43:11","modified_gmt":"2020-11-23T14:43:11","slug":"30-de-octubre-segunda-mesa-de-dialogos-interculturales","status":"publish","type":"post","link":"https:\/\/explora.cl\/tarapaca\/30-de-octubre-segunda-mesa-de-dialogos-interculturales\/","title":{"rendered":"30 de Octubre &#8220;Segunda Mesa de Di\u00e1logos Interculturales&#8221;"},"content":{"rendered":"<p align=\"left\"><span style=\"font-family: gobCL\"><span style=\"font-size: large\"><span style=\"color: #050505\">La <\/span><span style=\"color: #050505\">Universidad de Tarapac\u00e1 Sede Iquique,<\/span> <span style=\"color: #050505\">a trav\u00e9s de su proyecto <\/span><span style=\"color: #050505\">Explora <\/span><span style=\"color: #050505\">Tarapac\u00e1, <\/span><span style=\"color: #050505\">del Ministerio de Ciencia, Tecnolo\u00eda, Conocimiento e Innovaci\u00f3n, <\/span><span style=\"color: #050505\">presenta su \u201c<\/span><span style=\"color: #050505\">S<\/span><span style=\"color: #050505\">egunda <\/span><span style=\"color: #050505\">M<\/span><span style=\"color: #050505\">esa de <\/span><span style=\"color: #050505\">Di\u00e1logos Interculturales\u201d, oportunidad en donde los especialistas conversar\u00e1n sobre<\/span><span style=\"color: #050505\"> Educaci\u00f3n, migraci\u00f3n y mundo andino.<\/span><\/span><\/span><\/p>\n<p align=\"left\"><span style=\"font-family: gobCL\"><span style=\"font-size: large\"><span style=\"color: #050505\">Esta actividad contar\u00e1 con la participaci\u00f3n de:<\/span><\/span><\/span><\/p>\n<p align=\"left\"><span style=\"color: #050505\"><span style=\"font-family: gobCL\"><span style=\"font-size: large\">&#8211; Sandra Caqueo, Doctora en estudios latinoamericanos, Coordinadora Regional de Educaci\u00f3n Intercultural Biling\u00fce y Educaci\u00f3n Rural de la Secreduc Tarapac\u00e1.<\/span><\/span><\/span><\/p>\n<p align=\"left\"><span style=\"color: #050505\"><span style=\"font-family: gobCL\"><span style=\"font-size: large\">&#8211; Carolina Stefoni, Doctora en Sociolog\u00eda. MA en Estudios Culturales. Soci\u00f3loga. Acad\u00e9mica Universidad Alberto Hurtado. Directora del programa Interdisciplinario de Estudios <\/span><\/span><\/span><\/p>\n<p align=\"left\"><span style=\"color: #050505\"><span style=\"font-family: gobCL\"><span style=\"font-size: large\">Migratorios (PRIEM). <\/span><\/span><\/span><\/p>\n<p align=\"left\"><span style=\"color: #050505\"><span style=\"font-family: gobCL\"><span style=\"font-size: large\">&#8211; Antonio Mamani, Ge\u00f3logo. Profesional \u00c1rea Pueblos Ind\u00edgenas y Uso Sostenible Recursos Naturales Alto Andinos. Corporaci\u00f3n Norte Grande<\/span><\/span><\/span><\/p>\n<p align=\"left\"><span style=\"color: #050505\"><span style=\"font-family: gobCL\"><span style=\"font-size: large\">&#8211; Andr\u00e9s D\u00edaz, Licenciado en pedagog\u00eda en Educaci\u00f3n b\u00e1sica. Acad\u00e9mico Universidad Arturo Prat. Vocero de Profesores Educaci\u00f3n Intercultural Bilingue (EIB).<\/span><\/span><\/span><\/p>\n<p align=\"left\"><span style=\"color: #050505\"><span style=\"font-family: gobCL\"><span style=\"font-size: large\">Te invitamos a participar de este espacio en donde expondr\u00e1n, opinara\u0301n e interactuara\u0301n con el pu\u0301blico dando a conocer la importancia y la relacio\u0301n entre la educacio\u0301n, la interculturalidad, migraci\u00f3n y el mundo andino con el sello regional de Tarapaca\u0301.<\/span><\/span><\/span><\/p>\n<p align=\"left\"><span style=\"color: #050505\"><span style=\"font-family: gobCL\"><span style=\"font-size: large\">Fecha: viernes 30 de octubre<\/span><\/span><\/span><\/p>\n<p align=\"left\"><span style=\"color: #050505\"><span style=\"font-family: gobCL\"><span style=\"font-size: large\">Hora: 17:00 horas<\/span><\/span><\/span><\/p>\n<p align=\"left\"><span style=\"color: #050505\"><span style=\"font-family: gobCL\"><span style=\"font-size: large\">Plataforma: <\/span><\/span><\/span><span style=\"color: #050505\"><span style=\"font-family: gobCL\"><span style=\"font-size: large\"><a href=\"https:\/\/www.facebook.com\/exploratarapaca\/live?__cft__[0]=AZWU-JybyTkEJh2FtL4ayJ_9EmoPoIFH3xRl18IICQttlYy1xg4rQtjJQSaQ_mX5rTYHqeBxSbFmMoHl8SLpZflzPhSwVVmM36zeIhII32JexctHlLZ43QCJlreYRAo8O_-tm124UdEgauMEJOoOaP160enIRIPu7vguqe3CE_-A7C9PfjYmfqd4ucgGmaWG96A&amp;__tn__=-UK-R\">www.facebook.com\/exploratarapaca\/live<\/a><\/span><\/span><\/span><span style=\"color: #050505\"><span style=\"font-family: gobCL\"><span style=\"font-size: large\"> y nuestro canal de Youtube <\/span><\/span><\/span><span style=\"color: #050505\"><span style=\"font-family: gobCL\"><span style=\"font-size: large\"><a href=\"https:\/\/www.youtube.com\/exploratarapaca\/live?fbclid=IwAR3Bhc0MwaaWlo1KAanAAIJ_iSQHRnh821Il01Uv3_1Iu43VPPtZaMQQZlw\" target=\"_blank\" rel=\"noopener noreferrer\">https:\/\/www.youtube.com\/exploratarapaca\/live<\/a><\/span><\/span><\/span><\/p>\n<p align=\"left\"><span style=\"color: #050505\"><span style=\"font-family: gobCL\"><span style=\"font-size: large\">Esta\u0301 actividad cuenta con servicio de interpretacio\u0301n en lengua de sen\u0303as chilena y espan\u0303ol.<\/span><\/span><\/span><\/p>\n","protected":false},"excerpt":{"rendered":"<p>Cuatro especialistas conversar\u00e1n sobre el concepto de interculturalidad para aportar a la reflexi\u00f3n particular de ella. Transmisi\u00f3n a trav\u00e9s de Facebook y Youtube de Explora Tarapac\u00e1.<\/p>\n","protected":false},"author":18,"featured_media":39067,"comment_status":"open","ping_status":"open","sticky":false,"template":"","format":"standard","meta":{"_acf_changed":false,"_exactmetrics_skip_tracking":false,"_exactmetrics_sitenote_active":false,"_exactmetrics_sitenote_note":"","_exactmetrics_sitenote_category":0,"footnotes":"","_links_to":"","_links_to_target":""},"categories":[151],"tags":[],"class_list":["post-39066","post","type-post","status-publish","format-standard","has-post-thumbnail","hentry","category-banner"],"acf":[],"yoast_head":"<!-- This site is optimized with the Yoast SEO plugin v26.9 - https:\/\/yoast.com\/product\/yoast-seo-wordpress\/ -->\n<title>30 de Octubre &quot;Segunda Mesa de Di\u00e1logos Interculturales&quot; - Tarapaca<\/title>\n<meta name=\"robots\" content=\"index, follow, max-snippet:-1, max-image-preview:large, max-video-preview:-1\" \/>\n<link rel=\"canonical\" href=\"https:\/\/explora.cl\/tarapaca\/30-de-octubre-segunda-mesa-de-dialogos-interculturales\/\" class=\"yoast-seo-meta-tag\" \/>\n<meta property=\"og:locale\" content=\"es_ES\" class=\"yoast-seo-meta-tag\" \/>\n<meta property=\"og:type\" content=\"article\" class=\"yoast-seo-meta-tag\" \/>\n<meta property=\"og:title\" content=\"30 de Octubre &quot;Segunda Mesa de Di\u00e1logos Interculturales&quot; - Tarapaca\" class=\"yoast-seo-meta-tag\" \/>\n<meta property=\"og:description\" content=\"Cuatro especialistas conversar\u00e1n sobre el concepto de interculturalidad para aportar a la reflexi\u00f3n particular de ella. Transmisi\u00f3n a trav\u00e9s de Facebook y Youtube de Explora Tarapac\u00e1.\" class=\"yoast-seo-meta-tag\" \/>\n<meta property=\"og:url\" content=\"https:\/\/explora.cl\/tarapaca\/30-de-octubre-segunda-mesa-de-dialogos-interculturales\/\" class=\"yoast-seo-meta-tag\" \/>\n<meta property=\"og:site_name\" content=\"Tarapaca\" class=\"yoast-seo-meta-tag\" \/>\n<meta property=\"article:published_time\" content=\"2020-10-28T13:47:07+00:00\" class=\"yoast-seo-meta-tag\" \/>\n<meta property=\"article:modified_time\" content=\"2020-11-23T14:43:11+00:00\" class=\"yoast-seo-meta-tag\" \/>\n<meta property=\"og:image\" content=\"https:\/\/explora.cl\/tarapaca\/wp-content\/uploads\/sites\/3\/2020\/10\/Banner_Mesa_Dialogo_Interculturales_2.jpg\" class=\"yoast-seo-meta-tag\" \/>\n\t<meta property=\"og:image:width\" content=\"3418\" class=\"yoast-seo-meta-tag\" \/>\n\t<meta property=\"og:image:height\" content=\"1301\" class=\"yoast-seo-meta-tag\" \/>\n\t<meta property=\"og:image:type\" content=\"image\/jpeg\" class=\"yoast-seo-meta-tag\" \/>\n<meta name=\"author\" content=\"admintarapaca\" class=\"yoast-seo-meta-tag\" \/>\n<meta name=\"twitter:card\" content=\"summary_large_image\" class=\"yoast-seo-meta-tag\" \/>\n<meta name=\"twitter:label1\" content=\"Escrito por\" class=\"yoast-seo-meta-tag\" \/>\n\t<meta name=\"twitter:data1\" content=\"admintarapaca\" class=\"yoast-seo-meta-tag\" \/>\n\t<meta name=\"twitter:label2\" content=\"Tiempo estimado de lectura\" class=\"yoast-seo-meta-tag\" \/>\n\t<meta name=\"twitter:data2\" content=\"1 minuto\" class=\"yoast-seo-meta-tag\" \/>\n<script type=\"application\/ld+json\" class=\"yoast-schema-graph\">{\"@context\":\"https:\/\/schema.org\",\"@graph\":[{\"@type\":\"Article\",\"@id\":\"https:\/\/explora.cl\/tarapaca\/30-de-octubre-segunda-mesa-de-dialogos-interculturales\/#article\",\"isPartOf\":{\"@id\":\"https:\/\/explora.cl\/tarapaca\/30-de-octubre-segunda-mesa-de-dialogos-interculturales\/\"},\"author\":{\"name\":\"admintarapaca\",\"@id\":\"https:\/\/explora.cl\/tarapaca\/#\/schema\/person\/ca04f8a8f8e25243bd462d34eb1ca505\"},\"headline\":\"30 de Octubre &#8220;Segunda Mesa de Di\u00e1logos Interculturales&#8221;\",\"datePublished\":\"2020-10-28T13:47:07+00:00\",\"dateModified\":\"2020-11-23T14:43:11+00:00\",\"mainEntityOfPage\":{\"@id\":\"https:\/\/explora.cl\/tarapaca\/30-de-octubre-segunda-mesa-de-dialogos-interculturales\/\"},\"wordCount\":249,\"commentCount\":0,\"image\":{\"@id\":\"https:\/\/explora.cl\/tarapaca\/30-de-octubre-segunda-mesa-de-dialogos-interculturales\/#primaryimage\"},\"thumbnailUrl\":\"https:\/\/explora.cl\/tarapaca\/wp-content\/uploads\/sites\/3\/2020\/10\/Banner_Mesa_Dialogo_Interculturales_2.jpg\",\"articleSection\":[\"Banner\"],\"inLanguage\":\"es-CL\",\"potentialAction\":[{\"@type\":\"CommentAction\",\"name\":\"Comment\",\"target\":[\"https:\/\/explora.cl\/tarapaca\/30-de-octubre-segunda-mesa-de-dialogos-interculturales\/#respond\"]}]},{\"@type\":\"WebPage\",\"@id\":\"https:\/\/explora.cl\/tarapaca\/30-de-octubre-segunda-mesa-de-dialogos-interculturales\/\",\"url\":\"https:\/\/explora.cl\/tarapaca\/30-de-octubre-segunda-mesa-de-dialogos-interculturales\/\",\"name\":\"30 de Octubre \\\"Segunda Mesa de Di\u00e1logos Interculturales\\\" - Tarapaca\",\"isPartOf\":{\"@id\":\"https:\/\/explora.cl\/tarapaca\/#website\"},\"primaryImageOfPage\":{\"@id\":\"https:\/\/explora.cl\/tarapaca\/30-de-octubre-segunda-mesa-de-dialogos-interculturales\/#primaryimage\"},\"image\":{\"@id\":\"https:\/\/explora.cl\/tarapaca\/30-de-octubre-segunda-mesa-de-dialogos-interculturales\/#primaryimage\"},\"thumbnailUrl\":\"https:\/\/explora.cl\/tarapaca\/wp-content\/uploads\/sites\/3\/2020\/10\/Banner_Mesa_Dialogo_Interculturales_2.jpg\",\"datePublished\":\"2020-10-28T13:47:07+00:00\",\"dateModified\":\"2020-11-23T14:43:11+00:00\",\"author\":{\"@id\":\"https:\/\/explora.cl\/tarapaca\/#\/schema\/person\/ca04f8a8f8e25243bd462d34eb1ca505\"},\"breadcrumb\":{\"@id\":\"https:\/\/explora.cl\/tarapaca\/30-de-octubre-segunda-mesa-de-dialogos-interculturales\/#breadcrumb\"},\"inLanguage\":\"es-CL\",\"potentialAction\":[{\"@type\":\"ReadAction\",\"target\":[\"https:\/\/explora.cl\/tarapaca\/30-de-octubre-segunda-mesa-de-dialogos-interculturales\/\"]}]},{\"@type\":\"ImageObject\",\"inLanguage\":\"es-CL\",\"@id\":\"https:\/\/explora.cl\/tarapaca\/30-de-octubre-segunda-mesa-de-dialogos-interculturales\/#primaryimage\",\"url\":\"https:\/\/explora.cl\/tarapaca\/wp-content\/uploads\/sites\/3\/2020\/10\/Banner_Mesa_Dialogo_Interculturales_2.jpg\",\"contentUrl\":\"https:\/\/explora.cl\/tarapaca\/wp-content\/uploads\/sites\/3\/2020\/10\/Banner_Mesa_Dialogo_Interculturales_2.jpg\",\"width\":3418,\"height\":1301},{\"@type\":\"BreadcrumbList\",\"@id\":\"https:\/\/explora.cl\/tarapaca\/30-de-octubre-segunda-mesa-de-dialogos-interculturales\/#breadcrumb\",\"itemListElement\":[{\"@type\":\"ListItem\",\"position\":1,\"name\":\"Portada\",\"item\":\"https:\/\/explora.cl\/tarapaca\/\"},{\"@type\":\"ListItem\",\"position\":2,\"name\":\"30 de Octubre &#8220;Segunda Mesa de Di\u00e1logos Interculturales&#8221;\"}]},{\"@type\":\"WebSite\",\"@id\":\"https:\/\/explora.cl\/tarapaca\/#website\",\"url\":\"https:\/\/explora.cl\/tarapaca\/\",\"name\":\"Tarapaca\",\"description\":\"Otro sitio m\u00e1s de explora.cl\",\"potentialAction\":[{\"@type\":\"SearchAction\",\"target\":{\"@type\":\"EntryPoint\",\"urlTemplate\":\"https:\/\/explora.cl\/tarapaca\/?s={search_term_string}\"},\"query-input\":{\"@type\":\"PropertyValueSpecification\",\"valueRequired\":true,\"valueName\":\"search_term_string\"}}],\"inLanguage\":\"es-CL\"},{\"@type\":\"Person\",\"@id\":\"https:\/\/explora.cl\/tarapaca\/#\/schema\/person\/ca04f8a8f8e25243bd462d34eb1ca505\",\"name\":\"admintarapaca\",\"image\":{\"@type\":\"ImageObject\",\"inLanguage\":\"es-CL\",\"@id\":\"https:\/\/explora.cl\/tarapaca\/#\/schema\/person\/image\/\",\"url\":\"https:\/\/secure.gravatar.com\/avatar\/8ff4762fabbf7a1732a126425c82d628f08ba754529d77a55358cbb74e14343f?s=96&d=mm&r=g\",\"contentUrl\":\"https:\/\/secure.gravatar.com\/avatar\/8ff4762fabbf7a1732a126425c82d628f08ba754529d77a55358cbb74e14343f?s=96&d=mm&r=g\",\"caption\":\"admintarapaca\"},\"url\":\"https:\/\/explora.cl\/tarapaca\/author\/dolivares\/\"}]}<\/script>\n<!-- \/ Yoast SEO plugin. -->","yoast_head_json":{"title":"30 de Octubre \"Segunda Mesa de Di\u00e1logos Interculturales\" - Tarapaca","robots":{"index":"index","follow":"follow","max-snippet":"max-snippet:-1","max-image-preview":"max-image-preview:large","max-video-preview":"max-video-preview:-1"},"canonical":"https:\/\/explora.cl\/tarapaca\/30-de-octubre-segunda-mesa-de-dialogos-interculturales\/","og_locale":"es_ES","og_type":"article","og_title":"30 de Octubre \"Segunda Mesa de Di\u00e1logos Interculturales\" - Tarapaca","og_description":"Cuatro especialistas conversar\u00e1n sobre el concepto de interculturalidad para aportar a la reflexi\u00f3n particular de ella. Transmisi\u00f3n a trav\u00e9s de Facebook y Youtube de Explora Tarapac\u00e1.","og_url":"https:\/\/explora.cl\/tarapaca\/30-de-octubre-segunda-mesa-de-dialogos-interculturales\/","og_site_name":"Tarapaca","article_published_time":"2020-10-28T13:47:07+00:00","article_modified_time":"2020-11-23T14:43:11+00:00","og_image":[{"width":3418,"height":1301,"url":"https:\/\/explora.cl\/tarapaca\/wp-content\/uploads\/sites\/3\/2020\/10\/Banner_Mesa_Dialogo_Interculturales_2.jpg","type":"image\/jpeg"}],"author":"admintarapaca","twitter_card":"summary_large_image","twitter_misc":{"Escrito por":"admintarapaca","Tiempo estimado de lectura":"1 minuto"},"schema":{"@context":"https:\/\/schema.org","@graph":[{"@type":"Article","@id":"https:\/\/explora.cl\/tarapaca\/30-de-octubre-segunda-mesa-de-dialogos-interculturales\/#article","isPartOf":{"@id":"https:\/\/explora.cl\/tarapaca\/30-de-octubre-segunda-mesa-de-dialogos-interculturales\/"},"author":{"name":"admintarapaca","@id":"https:\/\/explora.cl\/tarapaca\/#\/schema\/person\/ca04f8a8f8e25243bd462d34eb1ca505"},"headline":"30 de Octubre &#8220;Segunda Mesa de Di\u00e1logos Interculturales&#8221;","datePublished":"2020-10-28T13:47:07+00:00","dateModified":"2020-11-23T14:43:11+00:00","mainEntityOfPage":{"@id":"https:\/\/explora.cl\/tarapaca\/30-de-octubre-segunda-mesa-de-dialogos-interculturales\/"},"wordCount":249,"commentCount":0,"image":{"@id":"https:\/\/explora.cl\/tarapaca\/30-de-octubre-segunda-mesa-de-dialogos-interculturales\/#primaryimage"},"thumbnailUrl":"https:\/\/explora.cl\/tarapaca\/wp-content\/uploads\/sites\/3\/2020\/10\/Banner_Mesa_Dialogo_Interculturales_2.jpg","articleSection":["Banner"],"inLanguage":"es-CL","potentialAction":[{"@type":"CommentAction","name":"Comment","target":["https:\/\/explora.cl\/tarapaca\/30-de-octubre-segunda-mesa-de-dialogos-interculturales\/#respond"]}]},{"@type":"WebPage","@id":"https:\/\/explora.cl\/tarapaca\/30-de-octubre-segunda-mesa-de-dialogos-interculturales\/","url":"https:\/\/explora.cl\/tarapaca\/30-de-octubre-segunda-mesa-de-dialogos-interculturales\/","name":"30 de Octubre \"Segunda Mesa de Di\u00e1logos Interculturales\" - Tarapaca","isPartOf":{"@id":"https:\/\/explora.cl\/tarapaca\/#website"},"primaryImageOfPage":{"@id":"https:\/\/explora.cl\/tarapaca\/30-de-octubre-segunda-mesa-de-dialogos-interculturales\/#primaryimage"},"image":{"@id":"https:\/\/explora.cl\/tarapaca\/30-de-octubre-segunda-mesa-de-dialogos-interculturales\/#primaryimage"},"thumbnailUrl":"https:\/\/explora.cl\/tarapaca\/wp-content\/uploads\/sites\/3\/2020\/10\/Banner_Mesa_Dialogo_Interculturales_2.jpg","datePublished":"2020-10-28T13:47:07+00:00","dateModified":"2020-11-23T14:43:11+00:00","author":{"@id":"https:\/\/explora.cl\/tarapaca\/#\/schema\/person\/ca04f8a8f8e25243bd462d34eb1ca505"},"breadcrumb":{"@id":"https:\/\/explora.cl\/tarapaca\/30-de-octubre-segunda-mesa-de-dialogos-interculturales\/#breadcrumb"},"inLanguage":"es-CL","potentialAction":[{"@type":"ReadAction","target":["https:\/\/explora.cl\/tarapaca\/30-de-octubre-segunda-mesa-de-dialogos-interculturales\/"]}]},{"@type":"ImageObject","inLanguage":"es-CL","@id":"https:\/\/explora.cl\/tarapaca\/30-de-octubre-segunda-mesa-de-dialogos-interculturales\/#primaryimage","url":"https:\/\/explora.cl\/tarapaca\/wp-content\/uploads\/sites\/3\/2020\/10\/Banner_Mesa_Dialogo_Interculturales_2.jpg","contentUrl":"https:\/\/explora.cl\/tarapaca\/wp-content\/uploads\/sites\/3\/2020\/10\/Banner_Mesa_Dialogo_Interculturales_2.jpg","width":3418,"height":1301},{"@type":"BreadcrumbList","@id":"https:\/\/explora.cl\/tarapaca\/30-de-octubre-segunda-mesa-de-dialogos-interculturales\/#breadcrumb","itemListElement":[{"@type":"ListItem","position":1,"name":"Portada","item":"https:\/\/explora.cl\/tarapaca\/"},{"@type":"ListItem","position":2,"name":"30 de Octubre &#8220;Segunda Mesa de Di\u00e1logos Interculturales&#8221;"}]},{"@type":"WebSite","@id":"https:\/\/explora.cl\/tarapaca\/#website","url":"https:\/\/explora.cl\/tarapaca\/","name":"Tarapaca","description":"Otro sitio m\u00e1s de explora.cl","potentialAction":[{"@type":"SearchAction","target":{"@type":"EntryPoint","urlTemplate":"https:\/\/explora.cl\/tarapaca\/?s={search_term_string}"},"query-input":{"@type":"PropertyValueSpecification","valueRequired":true,"valueName":"search_term_string"}}],"inLanguage":"es-CL"},{"@type":"Person","@id":"https:\/\/explora.cl\/tarapaca\/#\/schema\/person\/ca04f8a8f8e25243bd462d34eb1ca505","name":"admintarapaca","image":{"@type":"ImageObject","inLanguage":"es-CL","@id":"https:\/\/explora.cl\/tarapaca\/#\/schema\/person\/image\/","url":"https:\/\/secure.gravatar.com\/avatar\/8ff4762fabbf7a1732a126425c82d628f08ba754529d77a55358cbb74e14343f?s=96&d=mm&r=g","contentUrl":"https:\/\/secure.gravatar.com\/avatar\/8ff4762fabbf7a1732a126425c82d628f08ba754529d77a55358cbb74e14343f?s=96&d=mm&r=g","caption":"admintarapaca"},"url":"https:\/\/explora.cl\/tarapaca\/author\/dolivares\/"}]}},"_links":{"self":[{"href":"https:\/\/explora.cl\/tarapaca\/wp-json\/wp\/v2\/posts\/39066","targetHints":{"allow":["GET"]}}],"collection":[{"href":"https:\/\/explora.cl\/tarapaca\/wp-json\/wp\/v2\/posts"}],"about":[{"href":"https:\/\/explora.cl\/tarapaca\/wp-json\/wp\/v2\/types\/post"}],"author":[{"embeddable":true,"href":"https:\/\/explora.cl\/tarapaca\/wp-json\/wp\/v2\/users\/18"}],"replies":[{"embeddable":true,"href":"https:\/\/explora.cl\/tarapaca\/wp-json\/wp\/v2\/comments?post=39066"}],"version-history":[{"count":1,"href":"https:\/\/explora.cl\/tarapaca\/wp-json\/wp\/v2\/posts\/39066\/revisions"}],"predecessor-version":[{"id":39068,"href":"https:\/\/explora.cl\/tarapaca\/wp-json\/wp\/v2\/posts\/39066\/revisions\/39068"}],"wp:featuredmedia":[{"embeddable":true,"href":"https:\/\/explora.cl\/tarapaca\/wp-json\/wp\/v2\/media\/39067"}],"wp:attachment":[{"href":"https:\/\/explora.cl\/tarapaca\/wp-json\/wp\/v2\/media?parent=39066"}],"wp:term":[{"taxonomy":"category","embeddable":true,"href":"https:\/\/explora.cl\/tarapaca\/wp-json\/wp\/v2\/categories?post=39066"},{"taxonomy":"post_tag","embeddable":true,"href":"https:\/\/explora.cl\/tarapaca\/wp-json\/wp\/v2\/tags?post=39066"}],"curies":[{"name":"wp","href":"https:\/\/api.w.org\/{rel}","templated":true}]}}