{"id":39011,"date":"2020-10-06T11:35:29","date_gmt":"2020-10-06T14:35:29","guid":{"rendered":"https:\/\/explora.cl\/tarapaca\/?p=39011"},"modified":"2020-11-23T11:40:55","modified_gmt":"2020-11-23T14:40:55","slug":"explora-comenzo-sus-debates-escolares-virtuales","status":"publish","type":"post","link":"https:\/\/explora.cl\/tarapaca\/explora-comenzo-sus-debates-escolares-virtuales\/","title":{"rendered":"Explora comenz\u00f3 sus debates escolares virtuales"},"content":{"rendered":"<p class=\"western\" align=\"justify\"><span style=\"color: #000000\"><span style=\"font-family: gobCL, serif\"><span lang=\"es-ES\"><i><b>* En la primera jornada participaron cinco estudiantes de la regi\u00f3n, de un total de 30, que debatieron a favor y en contra de la posibilidad de implementar ciertas restricciones para el plebiscito de octubre.<\/b><\/i><\/span><\/span><\/span><\/p>\n<p class=\"western\" align=\"justify\"><span style=\"color: #000000\"><span style=\"font-family: gobCL, serif\"><span lang=\"es-ES\"> Son pocos los espacios donde los y las j\u00f3venes pueden debatir de manera ordenada, con una estructura y con capacidad de argumentaci\u00f3n en tiempos de pandemia. Es por eso que resulta favorable cuando se crean instancias de este tipo.<\/span><\/span><\/span><\/p>\n<p class=\"western\" align=\"justify\"><span style=\"color: #000000\"><span style=\"font-family: gobCL, serif\"><span lang=\"es-ES\"> El pasado viernes 25 de septiembre, la Universidad de Tarapac\u00e1 Sede Iquique, a trav\u00e9s de su proyecto Explora Tarapac\u00e1, realiz\u00f3 el primer foro de opini\u00f3n y debate \u201cCon\u00e9ctate\u201d.<\/span><\/span><\/span><\/p>\n<p class=\"western\" align=\"justify\"><span style=\"color: #000000\"><span style=\"font-family: gobCL, serif\"><span lang=\"es-ES\"> La instancia reuni\u00f3 a cinco estudiantes de Tarapac\u00e1 de manera virtual para debatir sobre el tema &#8220;Por la seguridad sanitaria de la poblaci\u00f3n, se deben implementar ciertas restricciones en la participaci\u00f3n al plebiscito de octubre&#8221;. Sus participantes fueron: Karen Zegarra y Cristina Zegarra, estudiantes del Liceo Libertador Bernardo O\u2019Higgins de Iquique; Catalina Rojas y Marco Aguilar, estudiantes del Liceo Bicentenario Minero Juan Pablo II de Alto Hospicio y Maril\u00edn Huayta, estudiante de segundo medio del Liceo Bicentenario Padre Alberto Hurtado Cruchaga de Pica. Durante la realizaci\u00f3n del debate tambi\u00e9n fueron acompa\u00f1ados por el especialista invitado Patricio Rivera, Doctor en did\u00e1ctica de las ciencias sociales, quien desde su expertiz desarroll\u00f3 una introducci\u00f3n al tema para los estudiantes participantes y el p\u00fablico general.<\/span><\/span><\/span><\/p>\n<p class=\"western\" align=\"justify\"><span style=\"color: #000000\"><span style=\"font-family: gobCL, serif\"><span lang=\"es-ES\"> Esta iniciativa representa la transformaci\u00f3n virtual del \u201cTorneo de debates escolares en ciencia y tecnolog\u00eda\u201d, que se realiz\u00f3 por 10 a\u00f1os en Tarapac\u00e1 hasta el a\u00f1o pasado y que hoy se proyecta en un nuevo formato.<\/span><\/span><\/span><\/p>\n<p class=\"western\" align=\"justify\"><span style=\"color: #000000\"><span style=\"font-family: gobCL, serif\"><span lang=\"es-ES\"> \u201cEste foro de opini\u00f3n y debate que hicimos es el primero de cinco que se realizar\u00e1n<\/span><\/span><\/span><span style=\"color: #000000\"><span style=\"font-family: gobCL, serif\"><span lang=\"es-ES\">. Lo interesante de esta nueva instancia es que m\u00e1s de la mitad de los participantes de los debates son estudiantes que nunca hab\u00edan participado de debates explora y de iniciativas de nuestro programa, por tanto es una novedad explicarles la metodolog\u00eda que usamos. Estamos sumamente felices como Explora de poder llegar a cada vez m\u00e1s a nuevos estudiantes de la regi\u00f3n<\/span><\/span><\/span><span style=\"color: #000000\"><span style=\"font-family: gobCL, serif\"><span lang=\"es-ES\">\u201d, precis\u00f3 el Encargado de los foros de opini\u00f3n y debates con\u00e9ctate, Waldo Palacio.<\/span><\/span><\/span><\/p>\n<p class=\"western\" align=\"justify\"><span style=\"color: #000000\"><span style=\"font-family: gobCL, serif\"><span lang=\"es-ES\"> Cabe precisar que son 30 estudiantes participantes seleccionados de esta iniciativa, los cuales participaron de un proceso de formaci\u00f3n que cont\u00f3 con 3 talleres formativos sobre: metodolog\u00edas de investigaci\u00f3n, procesos de argumentaci\u00f3n y expresi\u00f3n oral, los cuales buscaron desarrollar destrezas y habilidades en la materia. <\/span><\/span><\/span><\/p>\n<p class=\"western\" align=\"justify\"><a name=\"_GoBack\"><\/a> <span style=\"color: #000000\"><span style=\"font-family: gobCL, serif\"><span lang=\"es-ES\"> La Directora de Explora Tarapac\u00e1, Valeska Zepeda, precis\u00f3: \u201cesta actividad tiene por objetivo f<\/span><\/span><\/span><span style=\"color: #000000\"><span style=\"font-family: gobCL, serif\"><span lang=\"es-ES\">ortalecer habilidades de pensamiento cr\u00edtico en los y las estudiantes, en el contexto de identificaci\u00f3n, opini\u00f3n y debate sobre distintos puntos de vista en temas propios de la contingencia, y relacionados principalmente al \u00e1rea de la ciencia, la investigaci\u00f3n y la tecnolog\u00eda. <\/span><\/span><\/span><span style=\"color: #000000\"><span style=\"font-family: gobCL, serif\"><span lang=\"es-ES\">Estamos felices de haber logrado la participaci\u00f3n de estudiantes en el actual contexto, lo cual evidencia el inter\u00e9s y la motivaci\u00f3n en participar en un debate de manera seria y responsable. Para el Ministerio de ciencia, tecnolog\u00eda, conocimiento e innovaci\u00f3n y la Universidad de Tarapac\u00e1 esta es una actividad regional que promueve la participaci\u00f3n activa de nuestros j\u00f3venes\u201d.<\/span><\/span><\/span><\/p>\n<p class=\"western\" align=\"justify\"><span style=\"color: #000000\"><span style=\"font-family: gobCL, serif\"><span lang=\"es-ES\"> El segundo foro se realizar\u00e1 el viernes 9 de octubre, a las 19 horas, a trav\u00e9s de las redes sociales de Explora Tarapac\u00e1 y la Universidad de Tarapac\u00e1 Sede Iquique.<\/span><\/span><\/span><\/p>\n<p align=\"justify\"><strong>Dejamos el Primer Foro desde Youtube<\/strong><\/p>\n<p><iframe title=\"#Con\u00e9ctate |  Foro de opini\u00f3n y debate | Primera jornada\" width=\"1180\" height=\"664\" src=\"https:\/\/www.youtube.com\/embed\/WZIEKXTPiZY?feature=oembed\" frameborder=\"0\" allow=\"accelerometer; autoplay; clipboard-write; encrypted-media; gyroscope; picture-in-picture\" allowfullscreen><\/iframe><\/p>\n","protected":false},"excerpt":{"rendered":"<p>* En la primera jornada participaron cinco estudiantes de la regi\u00f3n, de un total de 30, que debatieron a favor y en contra de la posibilidad de implementar ciertas restricciones para el plebiscito de octubre. Son pocos los espacios donde los y las j\u00f3venes pueden debatir de manera ordenada, con una estructura y con capacidad [&hellip;]<\/p>\n","protected":false},"author":18,"featured_media":39013,"comment_status":"open","ping_status":"open","sticky":false,"template":"","format":"standard","meta":{"_acf_changed":false,"_exactmetrics_skip_tracking":false,"_exactmetrics_sitenote_active":false,"_exactmetrics_sitenote_note":"","_exactmetrics_sitenote_category":0,"footnotes":"","_links_to":"","_links_to_target":""},"categories":[143,4],"tags":[],"class_list":["post-39011","post","type-post","status-publish","format-standard","has-post-thumbnail","hentry","category-lugar-8","category-noticias"],"acf":[],"yoast_head":"<!-- This site is optimized with the Yoast SEO plugin v26.9 - https:\/\/yoast.com\/product\/yoast-seo-wordpress\/ -->\n<title>Explora comenz\u00f3 sus debates escolares virtuales - Tarapaca<\/title>\n<meta name=\"robots\" content=\"index, follow, max-snippet:-1, max-image-preview:large, max-video-preview:-1\" \/>\n<link rel=\"canonical\" href=\"https:\/\/explora.cl\/tarapaca\/explora-comenzo-sus-debates-escolares-virtuales\/\" class=\"yoast-seo-meta-tag\" \/>\n<meta property=\"og:locale\" content=\"es_ES\" class=\"yoast-seo-meta-tag\" \/>\n<meta property=\"og:type\" content=\"article\" class=\"yoast-seo-meta-tag\" \/>\n<meta property=\"og:title\" content=\"Explora comenz\u00f3 sus debates escolares virtuales - Tarapaca\" class=\"yoast-seo-meta-tag\" \/>\n<meta property=\"og:description\" content=\"* En la primera jornada participaron cinco estudiantes de la regi\u00f3n, de un total de 30, que debatieron a favor y en contra de la posibilidad de implementar ciertas restricciones para el plebiscito de octubre. Son pocos los espacios donde los y las j\u00f3venes pueden debatir de manera ordenada, con una estructura y con capacidad [&hellip;]\" class=\"yoast-seo-meta-tag\" \/>\n<meta property=\"og:url\" content=\"https:\/\/explora.cl\/tarapaca\/explora-comenzo-sus-debates-escolares-virtuales\/\" class=\"yoast-seo-meta-tag\" \/>\n<meta property=\"og:site_name\" content=\"Tarapaca\" class=\"yoast-seo-meta-tag\" \/>\n<meta property=\"article:published_time\" content=\"2020-10-06T14:35:29+00:00\" class=\"yoast-seo-meta-tag\" \/>\n<meta property=\"article:modified_time\" content=\"2020-11-23T14:40:55+00:00\" class=\"yoast-seo-meta-tag\" \/>\n<meta property=\"og:image\" content=\"https:\/\/explora.cl\/tarapaca\/wp-content\/uploads\/sites\/3\/2020\/10\/Primerforo_Conectate1.png\" class=\"yoast-seo-meta-tag\" \/>\n\t<meta property=\"og:image:width\" content=\"1200\" class=\"yoast-seo-meta-tag\" \/>\n\t<meta property=\"og:image:height\" content=\"672\" class=\"yoast-seo-meta-tag\" \/>\n\t<meta property=\"og:image:type\" content=\"image\/png\" class=\"yoast-seo-meta-tag\" \/>\n<meta name=\"author\" content=\"admintarapaca\" class=\"yoast-seo-meta-tag\" \/>\n<meta name=\"twitter:card\" content=\"summary_large_image\" class=\"yoast-seo-meta-tag\" \/>\n<meta name=\"twitter:label1\" content=\"Escrito por\" class=\"yoast-seo-meta-tag\" \/>\n\t<meta name=\"twitter:data1\" content=\"admintarapaca\" class=\"yoast-seo-meta-tag\" \/>\n\t<meta name=\"twitter:label2\" content=\"Tiempo estimado de lectura\" class=\"yoast-seo-meta-tag\" \/>\n\t<meta name=\"twitter:data2\" content=\"3 minutos\" class=\"yoast-seo-meta-tag\" \/>\n<script type=\"application\/ld+json\" class=\"yoast-schema-graph\">{\"@context\":\"https:\/\/schema.org\",\"@graph\":[{\"@type\":\"Article\",\"@id\":\"https:\/\/explora.cl\/tarapaca\/explora-comenzo-sus-debates-escolares-virtuales\/#article\",\"isPartOf\":{\"@id\":\"https:\/\/explora.cl\/tarapaca\/explora-comenzo-sus-debates-escolares-virtuales\/\"},\"author\":{\"name\":\"admintarapaca\",\"@id\":\"https:\/\/explora.cl\/tarapaca\/#\/schema\/person\/ca04f8a8f8e25243bd462d34eb1ca505\"},\"headline\":\"Explora comenz\u00f3 sus debates escolares virtuales\",\"datePublished\":\"2020-10-06T14:35:29+00:00\",\"dateModified\":\"2020-11-23T14:40:55+00:00\",\"mainEntityOfPage\":{\"@id\":\"https:\/\/explora.cl\/tarapaca\/explora-comenzo-sus-debates-escolares-virtuales\/\"},\"wordCount\":604,\"commentCount\":0,\"image\":{\"@id\":\"https:\/\/explora.cl\/tarapaca\/explora-comenzo-sus-debates-escolares-virtuales\/#primaryimage\"},\"thumbnailUrl\":\"https:\/\/explora.cl\/tarapaca\/wp-content\/uploads\/sites\/3\/2020\/10\/Primerforo_Conectate1.png\",\"articleSection\":[\"Lugar 8\",\"Noticias\"],\"inLanguage\":\"es-CL\",\"potentialAction\":[{\"@type\":\"CommentAction\",\"name\":\"Comment\",\"target\":[\"https:\/\/explora.cl\/tarapaca\/explora-comenzo-sus-debates-escolares-virtuales\/#respond\"]}]},{\"@type\":\"WebPage\",\"@id\":\"https:\/\/explora.cl\/tarapaca\/explora-comenzo-sus-debates-escolares-virtuales\/\",\"url\":\"https:\/\/explora.cl\/tarapaca\/explora-comenzo-sus-debates-escolares-virtuales\/\",\"name\":\"Explora comenz\u00f3 sus debates escolares virtuales - Tarapaca\",\"isPartOf\":{\"@id\":\"https:\/\/explora.cl\/tarapaca\/#website\"},\"primaryImageOfPage\":{\"@id\":\"https:\/\/explora.cl\/tarapaca\/explora-comenzo-sus-debates-escolares-virtuales\/#primaryimage\"},\"image\":{\"@id\":\"https:\/\/explora.cl\/tarapaca\/explora-comenzo-sus-debates-escolares-virtuales\/#primaryimage\"},\"thumbnailUrl\":\"https:\/\/explora.cl\/tarapaca\/wp-content\/uploads\/sites\/3\/2020\/10\/Primerforo_Conectate1.png\",\"datePublished\":\"2020-10-06T14:35:29+00:00\",\"dateModified\":\"2020-11-23T14:40:55+00:00\",\"author\":{\"@id\":\"https:\/\/explora.cl\/tarapaca\/#\/schema\/person\/ca04f8a8f8e25243bd462d34eb1ca505\"},\"breadcrumb\":{\"@id\":\"https:\/\/explora.cl\/tarapaca\/explora-comenzo-sus-debates-escolares-virtuales\/#breadcrumb\"},\"inLanguage\":\"es-CL\",\"potentialAction\":[{\"@type\":\"ReadAction\",\"target\":[\"https:\/\/explora.cl\/tarapaca\/explora-comenzo-sus-debates-escolares-virtuales\/\"]}]},{\"@type\":\"ImageObject\",\"inLanguage\":\"es-CL\",\"@id\":\"https:\/\/explora.cl\/tarapaca\/explora-comenzo-sus-debates-escolares-virtuales\/#primaryimage\",\"url\":\"https:\/\/explora.cl\/tarapaca\/wp-content\/uploads\/sites\/3\/2020\/10\/Primerforo_Conectate1.png\",\"contentUrl\":\"https:\/\/explora.cl\/tarapaca\/wp-content\/uploads\/sites\/3\/2020\/10\/Primerforo_Conectate1.png\",\"width\":1200,\"height\":672},{\"@type\":\"BreadcrumbList\",\"@id\":\"https:\/\/explora.cl\/tarapaca\/explora-comenzo-sus-debates-escolares-virtuales\/#breadcrumb\",\"itemListElement\":[{\"@type\":\"ListItem\",\"position\":1,\"name\":\"Portada\",\"item\":\"https:\/\/explora.cl\/tarapaca\/\"},{\"@type\":\"ListItem\",\"position\":2,\"name\":\"Explora comenz\u00f3 sus debates escolares virtuales\"}]},{\"@type\":\"WebSite\",\"@id\":\"https:\/\/explora.cl\/tarapaca\/#website\",\"url\":\"https:\/\/explora.cl\/tarapaca\/\",\"name\":\"Tarapaca\",\"description\":\"Otro sitio m\u00e1s de explora.cl\",\"potentialAction\":[{\"@type\":\"SearchAction\",\"target\":{\"@type\":\"EntryPoint\",\"urlTemplate\":\"https:\/\/explora.cl\/tarapaca\/?s={search_term_string}\"},\"query-input\":{\"@type\":\"PropertyValueSpecification\",\"valueRequired\":true,\"valueName\":\"search_term_string\"}}],\"inLanguage\":\"es-CL\"},{\"@type\":\"Person\",\"@id\":\"https:\/\/explora.cl\/tarapaca\/#\/schema\/person\/ca04f8a8f8e25243bd462d34eb1ca505\",\"name\":\"admintarapaca\",\"image\":{\"@type\":\"ImageObject\",\"inLanguage\":\"es-CL\",\"@id\":\"https:\/\/explora.cl\/tarapaca\/#\/schema\/person\/image\/\",\"url\":\"https:\/\/secure.gravatar.com\/avatar\/8ff4762fabbf7a1732a126425c82d628f08ba754529d77a55358cbb74e14343f?s=96&d=mm&r=g\",\"contentUrl\":\"https:\/\/secure.gravatar.com\/avatar\/8ff4762fabbf7a1732a126425c82d628f08ba754529d77a55358cbb74e14343f?s=96&d=mm&r=g\",\"caption\":\"admintarapaca\"},\"url\":\"https:\/\/explora.cl\/tarapaca\/author\/dolivares\/\"}]}<\/script>\n<!-- \/ Yoast SEO plugin. -->","yoast_head_json":{"title":"Explora comenz\u00f3 sus debates escolares virtuales - Tarapaca","robots":{"index":"index","follow":"follow","max-snippet":"max-snippet:-1","max-image-preview":"max-image-preview:large","max-video-preview":"max-video-preview:-1"},"canonical":"https:\/\/explora.cl\/tarapaca\/explora-comenzo-sus-debates-escolares-virtuales\/","og_locale":"es_ES","og_type":"article","og_title":"Explora comenz\u00f3 sus debates escolares virtuales - Tarapaca","og_description":"* En la primera jornada participaron cinco estudiantes de la regi\u00f3n, de un total de 30, que debatieron a favor y en contra de la posibilidad de implementar ciertas restricciones para el plebiscito de octubre. Son pocos los espacios donde los y las j\u00f3venes pueden debatir de manera ordenada, con una estructura y con capacidad [&hellip;]","og_url":"https:\/\/explora.cl\/tarapaca\/explora-comenzo-sus-debates-escolares-virtuales\/","og_site_name":"Tarapaca","article_published_time":"2020-10-06T14:35:29+00:00","article_modified_time":"2020-11-23T14:40:55+00:00","og_image":[{"width":1200,"height":672,"url":"https:\/\/explora.cl\/tarapaca\/wp-content\/uploads\/sites\/3\/2020\/10\/Primerforo_Conectate1.png","type":"image\/png"}],"author":"admintarapaca","twitter_card":"summary_large_image","twitter_misc":{"Escrito por":"admintarapaca","Tiempo estimado de lectura":"3 minutos"},"schema":{"@context":"https:\/\/schema.org","@graph":[{"@type":"Article","@id":"https:\/\/explora.cl\/tarapaca\/explora-comenzo-sus-debates-escolares-virtuales\/#article","isPartOf":{"@id":"https:\/\/explora.cl\/tarapaca\/explora-comenzo-sus-debates-escolares-virtuales\/"},"author":{"name":"admintarapaca","@id":"https:\/\/explora.cl\/tarapaca\/#\/schema\/person\/ca04f8a8f8e25243bd462d34eb1ca505"},"headline":"Explora comenz\u00f3 sus debates escolares virtuales","datePublished":"2020-10-06T14:35:29+00:00","dateModified":"2020-11-23T14:40:55+00:00","mainEntityOfPage":{"@id":"https:\/\/explora.cl\/tarapaca\/explora-comenzo-sus-debates-escolares-virtuales\/"},"wordCount":604,"commentCount":0,"image":{"@id":"https:\/\/explora.cl\/tarapaca\/explora-comenzo-sus-debates-escolares-virtuales\/#primaryimage"},"thumbnailUrl":"https:\/\/explora.cl\/tarapaca\/wp-content\/uploads\/sites\/3\/2020\/10\/Primerforo_Conectate1.png","articleSection":["Lugar 8","Noticias"],"inLanguage":"es-CL","potentialAction":[{"@type":"CommentAction","name":"Comment","target":["https:\/\/explora.cl\/tarapaca\/explora-comenzo-sus-debates-escolares-virtuales\/#respond"]}]},{"@type":"WebPage","@id":"https:\/\/explora.cl\/tarapaca\/explora-comenzo-sus-debates-escolares-virtuales\/","url":"https:\/\/explora.cl\/tarapaca\/explora-comenzo-sus-debates-escolares-virtuales\/","name":"Explora comenz\u00f3 sus debates escolares virtuales - Tarapaca","isPartOf":{"@id":"https:\/\/explora.cl\/tarapaca\/#website"},"primaryImageOfPage":{"@id":"https:\/\/explora.cl\/tarapaca\/explora-comenzo-sus-debates-escolares-virtuales\/#primaryimage"},"image":{"@id":"https:\/\/explora.cl\/tarapaca\/explora-comenzo-sus-debates-escolares-virtuales\/#primaryimage"},"thumbnailUrl":"https:\/\/explora.cl\/tarapaca\/wp-content\/uploads\/sites\/3\/2020\/10\/Primerforo_Conectate1.png","datePublished":"2020-10-06T14:35:29+00:00","dateModified":"2020-11-23T14:40:55+00:00","author":{"@id":"https:\/\/explora.cl\/tarapaca\/#\/schema\/person\/ca04f8a8f8e25243bd462d34eb1ca505"},"breadcrumb":{"@id":"https:\/\/explora.cl\/tarapaca\/explora-comenzo-sus-debates-escolares-virtuales\/#breadcrumb"},"inLanguage":"es-CL","potentialAction":[{"@type":"ReadAction","target":["https:\/\/explora.cl\/tarapaca\/explora-comenzo-sus-debates-escolares-virtuales\/"]}]},{"@type":"ImageObject","inLanguage":"es-CL","@id":"https:\/\/explora.cl\/tarapaca\/explora-comenzo-sus-debates-escolares-virtuales\/#primaryimage","url":"https:\/\/explora.cl\/tarapaca\/wp-content\/uploads\/sites\/3\/2020\/10\/Primerforo_Conectate1.png","contentUrl":"https:\/\/explora.cl\/tarapaca\/wp-content\/uploads\/sites\/3\/2020\/10\/Primerforo_Conectate1.png","width":1200,"height":672},{"@type":"BreadcrumbList","@id":"https:\/\/explora.cl\/tarapaca\/explora-comenzo-sus-debates-escolares-virtuales\/#breadcrumb","itemListElement":[{"@type":"ListItem","position":1,"name":"Portada","item":"https:\/\/explora.cl\/tarapaca\/"},{"@type":"ListItem","position":2,"name":"Explora comenz\u00f3 sus debates escolares virtuales"}]},{"@type":"WebSite","@id":"https:\/\/explora.cl\/tarapaca\/#website","url":"https:\/\/explora.cl\/tarapaca\/","name":"Tarapaca","description":"Otro sitio m\u00e1s de explora.cl","potentialAction":[{"@type":"SearchAction","target":{"@type":"EntryPoint","urlTemplate":"https:\/\/explora.cl\/tarapaca\/?s={search_term_string}"},"query-input":{"@type":"PropertyValueSpecification","valueRequired":true,"valueName":"search_term_string"}}],"inLanguage":"es-CL"},{"@type":"Person","@id":"https:\/\/explora.cl\/tarapaca\/#\/schema\/person\/ca04f8a8f8e25243bd462d34eb1ca505","name":"admintarapaca","image":{"@type":"ImageObject","inLanguage":"es-CL","@id":"https:\/\/explora.cl\/tarapaca\/#\/schema\/person\/image\/","url":"https:\/\/secure.gravatar.com\/avatar\/8ff4762fabbf7a1732a126425c82d628f08ba754529d77a55358cbb74e14343f?s=96&d=mm&r=g","contentUrl":"https:\/\/secure.gravatar.com\/avatar\/8ff4762fabbf7a1732a126425c82d628f08ba754529d77a55358cbb74e14343f?s=96&d=mm&r=g","caption":"admintarapaca"},"url":"https:\/\/explora.cl\/tarapaca\/author\/dolivares\/"}]}},"_links":{"self":[{"href":"https:\/\/explora.cl\/tarapaca\/wp-json\/wp\/v2\/posts\/39011","targetHints":{"allow":["GET"]}}],"collection":[{"href":"https:\/\/explora.cl\/tarapaca\/wp-json\/wp\/v2\/posts"}],"about":[{"href":"https:\/\/explora.cl\/tarapaca\/wp-json\/wp\/v2\/types\/post"}],"author":[{"embeddable":true,"href":"https:\/\/explora.cl\/tarapaca\/wp-json\/wp\/v2\/users\/18"}],"replies":[{"embeddable":true,"href":"https:\/\/explora.cl\/tarapaca\/wp-json\/wp\/v2\/comments?post=39011"}],"version-history":[{"count":3,"href":"https:\/\/explora.cl\/tarapaca\/wp-json\/wp\/v2\/posts\/39011\/revisions"}],"predecessor-version":[{"id":39015,"href":"https:\/\/explora.cl\/tarapaca\/wp-json\/wp\/v2\/posts\/39011\/revisions\/39015"}],"wp:featuredmedia":[{"embeddable":true,"href":"https:\/\/explora.cl\/tarapaca\/wp-json\/wp\/v2\/media\/39013"}],"wp:attachment":[{"href":"https:\/\/explora.cl\/tarapaca\/wp-json\/wp\/v2\/media?parent=39011"}],"wp:term":[{"taxonomy":"category","embeddable":true,"href":"https:\/\/explora.cl\/tarapaca\/wp-json\/wp\/v2\/categories?post=39011"},{"taxonomy":"post_tag","embeddable":true,"href":"https:\/\/explora.cl\/tarapaca\/wp-json\/wp\/v2\/tags?post=39011"}],"curies":[{"name":"wp","href":"https:\/\/api.w.org\/{rel}","templated":true}]}}