{"id":38983,"date":"2020-09-21T09:45:14","date_gmt":"2020-09-21T12:45:14","guid":{"rendered":"https:\/\/explora.cl\/tarapaca\/?p=38983"},"modified":"2020-10-05T16:31:45","modified_gmt":"2020-10-05T19:31:45","slug":"miercoles-23-de-septiembre-charla-patrimonios-y-monumentos-de-tarapaca","status":"publish","type":"post","link":"https:\/\/explora.cl\/tarapaca\/miercoles-23-de-septiembre-charla-patrimonios-y-monumentos-de-tarapaca\/","title":{"rendered":"Mi\u00e9rcoles 23 de septiembre: Charla \u201cPatrimonios y monumentos de Tarapac\u00e1\u201d"},"content":{"rendered":"<h3>\u00a1Atenci\u00f3n comunidad de la Regi\u00f3n de Tarapac\u00e1 y de Chile!<\/h3>\n<p>Los\/as invitamos a participar en la<b>\u00a0Charla EN VIVO\u00a0<\/b><b>\u201cPatrimonios y monumentos de Tarapac\u00e1\u201d<\/b>, actividad de la iniciativa Ciencia Abierta y que ser\u00e1 dictada por el especialista Angel Cabeza Monteira, Arqu\u00e9ologo, Doctor en Arquitectura y Patrimonio y Acad\u00e9mico de la Universidad de Tarapac\u00e1. En la charla quienes participen podr\u00e1n realizar sus consultas a trav\u00e9s de los comentarios de la transmisi\u00f3n, y ser\u00e1n respondidas al finalizar.<\/p>\n<p><strong>\u00bfCu\u00e1ndo?<\/strong><\/p>\n<p>Mi\u00e9rcoles 23 de Septiembre<\/p>\n<p>17:00 horas<\/p>\n<p><strong>\u00bfD\u00f3nde?<\/strong><\/p>\n<p>Por\u00a0<strong><a href=\"https:\/\/www.facebook.com\/exploratarapaca\">Facebook Live de Explora Tarapac\u00e1<\/a><\/strong>\u00a0y\u00a0<strong><a href=\"https:\/\/www.youtube.com\/exploratarapaca\">Youtube de Explora Tarapac\u00e1<\/a><\/strong><\/p>\n<p><strong>P\u00fablico objetivo<\/strong><\/p>\n<p>Estudiantes de educaci\u00f3n b\u00e1sica, media y comunidad general.<\/p>\n","protected":false},"excerpt":{"rendered":"<p>Charla EN VIVO\u00a0\u201cPatrimonios y monumentos de Tarapac\u00e1\u201d, actividad de la iniciativa Ciencia Abierta y que ser\u00e1 dictada por el especialista Angel Cabeza Monteira, Arqu\u00e9ologo, Doctor en Arquitectura y Patrimonio y Acad\u00e9mico de la Universidad de Tarapac\u00e1.<\/p>\n","protected":false},"author":18,"featured_media":38984,"comment_status":"open","ping_status":"open","sticky":false,"template":"","format":"standard","meta":{"_acf_changed":false,"_exactmetrics_skip_tracking":false,"_exactmetrics_sitenote_active":false,"_exactmetrics_sitenote_note":"","_exactmetrics_sitenote_category":0,"footnotes":"","_links_to":"","_links_to_target":""},"categories":[151],"tags":[207,208,155,209,94,68,157,201],"class_list":["post-38983","post","type-post","status-publish","format-standard","has-post-thumbnail","hentry","category-banner","tag-charla","tag-ciencia-abierta","tag-iquique","tag-monumentos","tag-patrimonio","tag-programa-explora","tag-tarapaca","tag-universidad-de-tarapaca"],"acf":[],"yoast_head":"<!-- This site is optimized with the Yoast SEO plugin v26.9 - https:\/\/yoast.com\/product\/yoast-seo-wordpress\/ -->\n<title>Mi\u00e9rcoles 23 de septiembre: Charla \u201cPatrimonios y monumentos de Tarapac\u00e1\u201d - Tarapaca<\/title>\n<meta name=\"robots\" content=\"index, follow, max-snippet:-1, max-image-preview:large, max-video-preview:-1\" \/>\n<link rel=\"canonical\" href=\"https:\/\/explora.cl\/tarapaca\/miercoles-23-de-septiembre-charla-patrimonios-y-monumentos-de-tarapaca\/\" class=\"yoast-seo-meta-tag\" \/>\n<meta property=\"og:locale\" content=\"es_ES\" class=\"yoast-seo-meta-tag\" \/>\n<meta property=\"og:type\" content=\"article\" class=\"yoast-seo-meta-tag\" \/>\n<meta property=\"og:title\" content=\"Mi\u00e9rcoles 23 de septiembre: Charla \u201cPatrimonios y monumentos de Tarapac\u00e1\u201d - Tarapaca\" class=\"yoast-seo-meta-tag\" \/>\n<meta property=\"og:description\" content=\"Charla EN VIVO\u00a0\u201cPatrimonios y monumentos de Tarapac\u00e1\u201d, actividad de la iniciativa Ciencia Abierta y que ser\u00e1 dictada por el especialista Angel Cabeza Monteira, Arqu\u00e9ologo, Doctor en Arquitectura y Patrimonio y Acad\u00e9mico de la Universidad de Tarapac\u00e1.\" class=\"yoast-seo-meta-tag\" \/>\n<meta property=\"og:url\" content=\"https:\/\/explora.cl\/tarapaca\/miercoles-23-de-septiembre-charla-patrimonios-y-monumentos-de-tarapaca\/\" class=\"yoast-seo-meta-tag\" \/>\n<meta property=\"og:site_name\" content=\"Tarapaca\" class=\"yoast-seo-meta-tag\" \/>\n<meta property=\"article:published_time\" content=\"2020-09-21T12:45:14+00:00\" class=\"yoast-seo-meta-tag\" \/>\n<meta property=\"article:modified_time\" content=\"2020-10-05T19:31:45+00:00\" class=\"yoast-seo-meta-tag\" \/>\n<meta property=\"og:image\" content=\"https:\/\/explora.cl\/tarapaca\/wp-content\/uploads\/sites\/3\/2020\/09\/23septiembre_cienciaabierta.jpg\" class=\"yoast-seo-meta-tag\" \/>\n\t<meta property=\"og:image:width\" content=\"3417\" class=\"yoast-seo-meta-tag\" \/>\n\t<meta property=\"og:image:height\" content=\"1300\" class=\"yoast-seo-meta-tag\" \/>\n\t<meta property=\"og:image:type\" content=\"image\/jpeg\" class=\"yoast-seo-meta-tag\" \/>\n<meta name=\"author\" content=\"admintarapaca\" class=\"yoast-seo-meta-tag\" \/>\n<meta name=\"twitter:card\" content=\"summary_large_image\" class=\"yoast-seo-meta-tag\" \/>\n<meta name=\"twitter:label1\" content=\"Escrito por\" class=\"yoast-seo-meta-tag\" \/>\n\t<meta name=\"twitter:data1\" content=\"admintarapaca\" class=\"yoast-seo-meta-tag\" \/>\n\t<meta name=\"twitter:label2\" content=\"Tiempo estimado de lectura\" class=\"yoast-seo-meta-tag\" \/>\n\t<meta name=\"twitter:data2\" content=\"1 minuto\" class=\"yoast-seo-meta-tag\" \/>\n<script type=\"application\/ld+json\" class=\"yoast-schema-graph\">{\"@context\":\"https:\/\/schema.org\",\"@graph\":[{\"@type\":\"Article\",\"@id\":\"https:\/\/explora.cl\/tarapaca\/miercoles-23-de-septiembre-charla-patrimonios-y-monumentos-de-tarapaca\/#article\",\"isPartOf\":{\"@id\":\"https:\/\/explora.cl\/tarapaca\/miercoles-23-de-septiembre-charla-patrimonios-y-monumentos-de-tarapaca\/\"},\"author\":{\"name\":\"admintarapaca\",\"@id\":\"https:\/\/explora.cl\/tarapaca\/#\/schema\/person\/ca04f8a8f8e25243bd462d34eb1ca505\"},\"headline\":\"Mi\u00e9rcoles 23 de septiembre: Charla \u201cPatrimonios y monumentos de Tarapac\u00e1\u201d\",\"datePublished\":\"2020-09-21T12:45:14+00:00\",\"dateModified\":\"2020-10-05T19:31:45+00:00\",\"mainEntityOfPage\":{\"@id\":\"https:\/\/explora.cl\/tarapaca\/miercoles-23-de-septiembre-charla-patrimonios-y-monumentos-de-tarapaca\/\"},\"wordCount\":127,\"commentCount\":0,\"image\":{\"@id\":\"https:\/\/explora.cl\/tarapaca\/miercoles-23-de-septiembre-charla-patrimonios-y-monumentos-de-tarapaca\/#primaryimage\"},\"thumbnailUrl\":\"https:\/\/explora.cl\/tarapaca\/wp-content\/uploads\/sites\/3\/2020\/09\/23septiembre_cienciaabierta.jpg\",\"keywords\":[\"Charla\",\"Ciencia Abierta\",\"iquique,\",\"Monumentos\",\"patrimonio\",\"programa EXPLORA\",\"tarapac\u00e1,\",\"Universidad de Tarapac\u00e1\"],\"articleSection\":[\"Banner\"],\"inLanguage\":\"es-CL\",\"potentialAction\":[{\"@type\":\"CommentAction\",\"name\":\"Comment\",\"target\":[\"https:\/\/explora.cl\/tarapaca\/miercoles-23-de-septiembre-charla-patrimonios-y-monumentos-de-tarapaca\/#respond\"]}]},{\"@type\":\"WebPage\",\"@id\":\"https:\/\/explora.cl\/tarapaca\/miercoles-23-de-septiembre-charla-patrimonios-y-monumentos-de-tarapaca\/\",\"url\":\"https:\/\/explora.cl\/tarapaca\/miercoles-23-de-septiembre-charla-patrimonios-y-monumentos-de-tarapaca\/\",\"name\":\"Mi\u00e9rcoles 23 de septiembre: Charla \u201cPatrimonios y monumentos de Tarapac\u00e1\u201d - Tarapaca\",\"isPartOf\":{\"@id\":\"https:\/\/explora.cl\/tarapaca\/#website\"},\"primaryImageOfPage\":{\"@id\":\"https:\/\/explora.cl\/tarapaca\/miercoles-23-de-septiembre-charla-patrimonios-y-monumentos-de-tarapaca\/#primaryimage\"},\"image\":{\"@id\":\"https:\/\/explora.cl\/tarapaca\/miercoles-23-de-septiembre-charla-patrimonios-y-monumentos-de-tarapaca\/#primaryimage\"},\"thumbnailUrl\":\"https:\/\/explora.cl\/tarapaca\/wp-content\/uploads\/sites\/3\/2020\/09\/23septiembre_cienciaabierta.jpg\",\"datePublished\":\"2020-09-21T12:45:14+00:00\",\"dateModified\":\"2020-10-05T19:31:45+00:00\",\"author\":{\"@id\":\"https:\/\/explora.cl\/tarapaca\/#\/schema\/person\/ca04f8a8f8e25243bd462d34eb1ca505\"},\"breadcrumb\":{\"@id\":\"https:\/\/explora.cl\/tarapaca\/miercoles-23-de-septiembre-charla-patrimonios-y-monumentos-de-tarapaca\/#breadcrumb\"},\"inLanguage\":\"es-CL\",\"potentialAction\":[{\"@type\":\"ReadAction\",\"target\":[\"https:\/\/explora.cl\/tarapaca\/miercoles-23-de-septiembre-charla-patrimonios-y-monumentos-de-tarapaca\/\"]}]},{\"@type\":\"ImageObject\",\"inLanguage\":\"es-CL\",\"@id\":\"https:\/\/explora.cl\/tarapaca\/miercoles-23-de-septiembre-charla-patrimonios-y-monumentos-de-tarapaca\/#primaryimage\",\"url\":\"https:\/\/explora.cl\/tarapaca\/wp-content\/uploads\/sites\/3\/2020\/09\/23septiembre_cienciaabierta.jpg\",\"contentUrl\":\"https:\/\/explora.cl\/tarapaca\/wp-content\/uploads\/sites\/3\/2020\/09\/23septiembre_cienciaabierta.jpg\",\"width\":3417,\"height\":1300},{\"@type\":\"BreadcrumbList\",\"@id\":\"https:\/\/explora.cl\/tarapaca\/miercoles-23-de-septiembre-charla-patrimonios-y-monumentos-de-tarapaca\/#breadcrumb\",\"itemListElement\":[{\"@type\":\"ListItem\",\"position\":1,\"name\":\"Portada\",\"item\":\"https:\/\/explora.cl\/tarapaca\/\"},{\"@type\":\"ListItem\",\"position\":2,\"name\":\"Mi\u00e9rcoles 23 de septiembre: Charla \u201cPatrimonios y monumentos de Tarapac\u00e1\u201d\"}]},{\"@type\":\"WebSite\",\"@id\":\"https:\/\/explora.cl\/tarapaca\/#website\",\"url\":\"https:\/\/explora.cl\/tarapaca\/\",\"name\":\"Tarapaca\",\"description\":\"Otro sitio m\u00e1s de explora.cl\",\"potentialAction\":[{\"@type\":\"SearchAction\",\"target\":{\"@type\":\"EntryPoint\",\"urlTemplate\":\"https:\/\/explora.cl\/tarapaca\/?s={search_term_string}\"},\"query-input\":{\"@type\":\"PropertyValueSpecification\",\"valueRequired\":true,\"valueName\":\"search_term_string\"}}],\"inLanguage\":\"es-CL\"},{\"@type\":\"Person\",\"@id\":\"https:\/\/explora.cl\/tarapaca\/#\/schema\/person\/ca04f8a8f8e25243bd462d34eb1ca505\",\"name\":\"admintarapaca\",\"image\":{\"@type\":\"ImageObject\",\"inLanguage\":\"es-CL\",\"@id\":\"https:\/\/explora.cl\/tarapaca\/#\/schema\/person\/image\/\",\"url\":\"https:\/\/secure.gravatar.com\/avatar\/8ff4762fabbf7a1732a126425c82d628f08ba754529d77a55358cbb74e14343f?s=96&d=mm&r=g\",\"contentUrl\":\"https:\/\/secure.gravatar.com\/avatar\/8ff4762fabbf7a1732a126425c82d628f08ba754529d77a55358cbb74e14343f?s=96&d=mm&r=g\",\"caption\":\"admintarapaca\"},\"url\":\"https:\/\/explora.cl\/tarapaca\/author\/dolivares\/\"}]}<\/script>\n<!-- \/ Yoast SEO plugin. -->","yoast_head_json":{"title":"Mi\u00e9rcoles 23 de septiembre: Charla \u201cPatrimonios y monumentos de Tarapac\u00e1\u201d - Tarapaca","robots":{"index":"index","follow":"follow","max-snippet":"max-snippet:-1","max-image-preview":"max-image-preview:large","max-video-preview":"max-video-preview:-1"},"canonical":"https:\/\/explora.cl\/tarapaca\/miercoles-23-de-septiembre-charla-patrimonios-y-monumentos-de-tarapaca\/","og_locale":"es_ES","og_type":"article","og_title":"Mi\u00e9rcoles 23 de septiembre: Charla \u201cPatrimonios y monumentos de Tarapac\u00e1\u201d - Tarapaca","og_description":"Charla EN VIVO\u00a0\u201cPatrimonios y monumentos de Tarapac\u00e1\u201d, actividad de la iniciativa Ciencia Abierta y que ser\u00e1 dictada por el especialista Angel Cabeza Monteira, Arqu\u00e9ologo, Doctor en Arquitectura y Patrimonio y Acad\u00e9mico de la Universidad de Tarapac\u00e1.","og_url":"https:\/\/explora.cl\/tarapaca\/miercoles-23-de-septiembre-charla-patrimonios-y-monumentos-de-tarapaca\/","og_site_name":"Tarapaca","article_published_time":"2020-09-21T12:45:14+00:00","article_modified_time":"2020-10-05T19:31:45+00:00","og_image":[{"width":3417,"height":1300,"url":"https:\/\/explora.cl\/tarapaca\/wp-content\/uploads\/sites\/3\/2020\/09\/23septiembre_cienciaabierta.jpg","type":"image\/jpeg"}],"author":"admintarapaca","twitter_card":"summary_large_image","twitter_misc":{"Escrito por":"admintarapaca","Tiempo estimado de lectura":"1 minuto"},"schema":{"@context":"https:\/\/schema.org","@graph":[{"@type":"Article","@id":"https:\/\/explora.cl\/tarapaca\/miercoles-23-de-septiembre-charla-patrimonios-y-monumentos-de-tarapaca\/#article","isPartOf":{"@id":"https:\/\/explora.cl\/tarapaca\/miercoles-23-de-septiembre-charla-patrimonios-y-monumentos-de-tarapaca\/"},"author":{"name":"admintarapaca","@id":"https:\/\/explora.cl\/tarapaca\/#\/schema\/person\/ca04f8a8f8e25243bd462d34eb1ca505"},"headline":"Mi\u00e9rcoles 23 de septiembre: Charla \u201cPatrimonios y monumentos de Tarapac\u00e1\u201d","datePublished":"2020-09-21T12:45:14+00:00","dateModified":"2020-10-05T19:31:45+00:00","mainEntityOfPage":{"@id":"https:\/\/explora.cl\/tarapaca\/miercoles-23-de-septiembre-charla-patrimonios-y-monumentos-de-tarapaca\/"},"wordCount":127,"commentCount":0,"image":{"@id":"https:\/\/explora.cl\/tarapaca\/miercoles-23-de-septiembre-charla-patrimonios-y-monumentos-de-tarapaca\/#primaryimage"},"thumbnailUrl":"https:\/\/explora.cl\/tarapaca\/wp-content\/uploads\/sites\/3\/2020\/09\/23septiembre_cienciaabierta.jpg","keywords":["Charla","Ciencia Abierta","iquique,","Monumentos","patrimonio","programa EXPLORA","tarapac\u00e1,","Universidad de Tarapac\u00e1"],"articleSection":["Banner"],"inLanguage":"es-CL","potentialAction":[{"@type":"CommentAction","name":"Comment","target":["https:\/\/explora.cl\/tarapaca\/miercoles-23-de-septiembre-charla-patrimonios-y-monumentos-de-tarapaca\/#respond"]}]},{"@type":"WebPage","@id":"https:\/\/explora.cl\/tarapaca\/miercoles-23-de-septiembre-charla-patrimonios-y-monumentos-de-tarapaca\/","url":"https:\/\/explora.cl\/tarapaca\/miercoles-23-de-septiembre-charla-patrimonios-y-monumentos-de-tarapaca\/","name":"Mi\u00e9rcoles 23 de septiembre: Charla \u201cPatrimonios y monumentos de Tarapac\u00e1\u201d - Tarapaca","isPartOf":{"@id":"https:\/\/explora.cl\/tarapaca\/#website"},"primaryImageOfPage":{"@id":"https:\/\/explora.cl\/tarapaca\/miercoles-23-de-septiembre-charla-patrimonios-y-monumentos-de-tarapaca\/#primaryimage"},"image":{"@id":"https:\/\/explora.cl\/tarapaca\/miercoles-23-de-septiembre-charla-patrimonios-y-monumentos-de-tarapaca\/#primaryimage"},"thumbnailUrl":"https:\/\/explora.cl\/tarapaca\/wp-content\/uploads\/sites\/3\/2020\/09\/23septiembre_cienciaabierta.jpg","datePublished":"2020-09-21T12:45:14+00:00","dateModified":"2020-10-05T19:31:45+00:00","author":{"@id":"https:\/\/explora.cl\/tarapaca\/#\/schema\/person\/ca04f8a8f8e25243bd462d34eb1ca505"},"breadcrumb":{"@id":"https:\/\/explora.cl\/tarapaca\/miercoles-23-de-septiembre-charla-patrimonios-y-monumentos-de-tarapaca\/#breadcrumb"},"inLanguage":"es-CL","potentialAction":[{"@type":"ReadAction","target":["https:\/\/explora.cl\/tarapaca\/miercoles-23-de-septiembre-charla-patrimonios-y-monumentos-de-tarapaca\/"]}]},{"@type":"ImageObject","inLanguage":"es-CL","@id":"https:\/\/explora.cl\/tarapaca\/miercoles-23-de-septiembre-charla-patrimonios-y-monumentos-de-tarapaca\/#primaryimage","url":"https:\/\/explora.cl\/tarapaca\/wp-content\/uploads\/sites\/3\/2020\/09\/23septiembre_cienciaabierta.jpg","contentUrl":"https:\/\/explora.cl\/tarapaca\/wp-content\/uploads\/sites\/3\/2020\/09\/23septiembre_cienciaabierta.jpg","width":3417,"height":1300},{"@type":"BreadcrumbList","@id":"https:\/\/explora.cl\/tarapaca\/miercoles-23-de-septiembre-charla-patrimonios-y-monumentos-de-tarapaca\/#breadcrumb","itemListElement":[{"@type":"ListItem","position":1,"name":"Portada","item":"https:\/\/explora.cl\/tarapaca\/"},{"@type":"ListItem","position":2,"name":"Mi\u00e9rcoles 23 de septiembre: Charla \u201cPatrimonios y monumentos de Tarapac\u00e1\u201d"}]},{"@type":"WebSite","@id":"https:\/\/explora.cl\/tarapaca\/#website","url":"https:\/\/explora.cl\/tarapaca\/","name":"Tarapaca","description":"Otro sitio m\u00e1s de explora.cl","potentialAction":[{"@type":"SearchAction","target":{"@type":"EntryPoint","urlTemplate":"https:\/\/explora.cl\/tarapaca\/?s={search_term_string}"},"query-input":{"@type":"PropertyValueSpecification","valueRequired":true,"valueName":"search_term_string"}}],"inLanguage":"es-CL"},{"@type":"Person","@id":"https:\/\/explora.cl\/tarapaca\/#\/schema\/person\/ca04f8a8f8e25243bd462d34eb1ca505","name":"admintarapaca","image":{"@type":"ImageObject","inLanguage":"es-CL","@id":"https:\/\/explora.cl\/tarapaca\/#\/schema\/person\/image\/","url":"https:\/\/secure.gravatar.com\/avatar\/8ff4762fabbf7a1732a126425c82d628f08ba754529d77a55358cbb74e14343f?s=96&d=mm&r=g","contentUrl":"https:\/\/secure.gravatar.com\/avatar\/8ff4762fabbf7a1732a126425c82d628f08ba754529d77a55358cbb74e14343f?s=96&d=mm&r=g","caption":"admintarapaca"},"url":"https:\/\/explora.cl\/tarapaca\/author\/dolivares\/"}]}},"_links":{"self":[{"href":"https:\/\/explora.cl\/tarapaca\/wp-json\/wp\/v2\/posts\/38983","targetHints":{"allow":["GET"]}}],"collection":[{"href":"https:\/\/explora.cl\/tarapaca\/wp-json\/wp\/v2\/posts"}],"about":[{"href":"https:\/\/explora.cl\/tarapaca\/wp-json\/wp\/v2\/types\/post"}],"author":[{"embeddable":true,"href":"https:\/\/explora.cl\/tarapaca\/wp-json\/wp\/v2\/users\/18"}],"replies":[{"embeddable":true,"href":"https:\/\/explora.cl\/tarapaca\/wp-json\/wp\/v2\/comments?post=38983"}],"version-history":[{"count":2,"href":"https:\/\/explora.cl\/tarapaca\/wp-json\/wp\/v2\/posts\/38983\/revisions"}],"predecessor-version":[{"id":38986,"href":"https:\/\/explora.cl\/tarapaca\/wp-json\/wp\/v2\/posts\/38983\/revisions\/38986"}],"wp:featuredmedia":[{"embeddable":true,"href":"https:\/\/explora.cl\/tarapaca\/wp-json\/wp\/v2\/media\/38984"}],"wp:attachment":[{"href":"https:\/\/explora.cl\/tarapaca\/wp-json\/wp\/v2\/media?parent=38983"}],"wp:term":[{"taxonomy":"category","embeddable":true,"href":"https:\/\/explora.cl\/tarapaca\/wp-json\/wp\/v2\/categories?post=38983"},{"taxonomy":"post_tag","embeddable":true,"href":"https:\/\/explora.cl\/tarapaca\/wp-json\/wp\/v2\/tags?post=38983"}],"curies":[{"name":"wp","href":"https:\/\/api.w.org\/{rel}","templated":true}]}}