{"id":38866,"date":"2020-08-10T23:48:26","date_gmt":"2020-08-11T03:48:26","guid":{"rendered":"https:\/\/explora.cl\/tarapaca\/?p=38866"},"modified":"2020-08-28T12:06:51","modified_gmt":"2020-08-28T16:06:51","slug":"conectate-foros-de-opinion-y-debates-escolares","status":"publish","type":"post","link":"https:\/\/explora.cl\/tarapaca\/conectate-foros-de-opinion-y-debates-escolares\/","title":{"rendered":"CON\u00c9CTATE, Foros de Opini\u00f3n y Debates Escolares 2020"},"content":{"rendered":"<p align=\"justify\"><span style=\"font-family: Verdana, sans-serif\"><span style=\"font-size: large\"><span style=\"color: #000000\"><span style=\"font-size: medium\"><span lang=\"es-ES\"><b>La Universidad de Tarapac\u00e1 Sede Iquique<\/b><\/span><\/span><span style=\"font-size: medium\"><span lang=\"es-ES\">, a trav\u00e9s de su proyecto <\/span><\/span><span style=\"font-size: medium\"><span lang=\"es-ES\"><b>PAR Explora Tarapac\u00e1 <\/b><\/span><\/span><span style=\"font-size: medium\"><span lang=\"es-ES\">y el <\/span><\/span><span style=\"font-size: medium\"><span lang=\"es-ES\"><b>Ministerio de Ciencia, Tecnolog\u00eda, Conocimiento e Innovaci\u00f3n <\/b><\/span><\/span><span style=\"font-size: medium\"><span lang=\"es-ES\">invitan a los j\u00f3venes estudiantes de la regi\u00f3n de Tarapac\u00e1, <\/span><\/span><span style=\"font-size: medium\"><span lang=\"es-ES\"><b>desde S\u00e9ptimo b\u00e1sico a Cuarto medio<\/b><\/span><\/span><span style=\"font-size: medium\"><span lang=\"es-ES\">, para participar de la iniciativa \u201cForos de opini\u00f3n y debates escolares, CON\u00c9CTATE<\/span><\/span>\u201d<span style=\"font-size: medium\"><span lang=\"es-ES\">.<\/span><\/span><\/span><\/span><\/span><\/p>\n<p align=\"justify\"><span style=\"font-family: Verdana, sans-serif\"><span style=\"color: #000000\"><span style=\"font-size: medium\">Esta iniciativa tiene por objetivo fortalecer habilidades de pensamiento cr\u00edtico en los y las estudiantes, en el contexto de identificaci\u00f3n, opini\u00f3n y debate sobre distintos puntos de vista en temas propios de la contingencia, relacionados principalmente al \u00e1rea de la ciencia, la investigaci\u00f3n y la tecnolog\u00eda, mediante la elaboraci\u00f3n y defensa de discursos argumentativos orientados a la resoluci\u00f3n razonada de un problema.<\/span><\/span><\/span><\/p>\n<p align=\"justify\"><a name=\"_GoBack\"><\/a><a name=\"__DdeLink__4245_1864228719\"><\/a> <span style=\"color: #000000\"><span style=\"font-family: Verdana, sans-serif\"><span style=\"font-size: medium\"><span lang=\"es-ES\">Los y las estudiantes de la regi\u00f3n pueden resolver sus dudas, inscribirse y participar de manera individual tomando contacto con:<\/span><\/span><\/span><\/span><\/p>\n<p align=\"justify\"><strong><span style=\"color: #000000\"><span style=\"font-family: Verdana, sans-serif\"><span style=\"font-size: medium\"><span lang=\"es-ES\">Waldo Palacio, Encargado de los &#8220;Foros de opini\u00f3n y debate, CON\u00c9CTATE&#8221;, Explora Tarapac\u00e1.<\/span><\/span><\/span><\/span><\/strong><\/p>\n<p align=\"justify\"><span style=\"color: #000000\"><span style=\"font-family: Verdana, sans-serif\"><span style=\"font-size: medium\"><span lang=\"es-ES\">Correo electr\u00f3nico <\/span><\/span><\/span><\/span><span style=\"color: #0563c1\"><span style=\"font-family: Verdana, sans-serif\"><span style=\"font-size: medium\"><span lang=\"es-ES\"><u><b><a href=\"mailto:Waldo.palacio.explora@gmail.com\">waldo.palacio.explora@gmail.com<\/a><\/b><\/u><\/span><\/span><\/span><\/span><\/p>\n<p align=\"justify\"><span style=\"color: #000000\"><span style=\"font-family: Verdana, sans-serif\"><span style=\"font-size: medium\"><span lang=\"es-ES\">Tel\u00e9fono (y WhatsApp): <strong>+569 87685619<\/strong>. <\/span><\/span><\/span><\/span><\/p>\n<p align=\"justify\"><span style=\"color: #000000\"><span style=\"font-family: Verdana, sans-serif\"><span style=\"font-size: medium\"><span lang=\"es-ES\">En la eventualidad que lo necesiten los participantes podr\u00edan contar con el acompa\u00f1amiento de un profesor gu\u00eda (que ellos y ellas busquen) que los acompa\u00f1e en el proceso. Pueden participar m\u00e1s de un\/a estudiante por establecimiento educacional.<\/span><\/span><\/span><\/span><\/p>\n<p lang=\"es-ES\" align=\"justify\"><span style=\"font-family: Verdana, sans-serif\"><span style=\"font-size: medium\"><span style=\"color: #000000\">Los y las participantes que se inscriban ser\u00e1n apoyados como parte de un proceso formativo previo. Los t\u00f3picos propuestos para el desarrollo de los debates ser\u00e1n sugeridos colaborativamente entre los y las participantes y por los asesores cient\u00edficos de Explora Tarapac\u00e1.<\/span><\/span><\/span><\/p>\n<p align=\"justify\"><span style=\"color: #000000\"><span style=\"font-family: Verdana, sans-serif\"><span style=\"font-size: medium\"><b><strong>Inscripciones abiertas hasta el 25 de Agosto.<\/strong><\/b><\/span><\/span><\/span><\/p>\n<p align=\"justify\"><span style=\"color: #000000\"><em>\u201c<\/em><\/span><span style=\"color: #000000\"><span style=\"font-family: Verdana, sans-serif\"><span style=\"font-size: medium\"><i><em>Opino para expresarme\u201d<\/em><\/i><\/span><\/span><\/span><\/p>\n<p align=\"justify\"><span style=\"color: #000000\"><em>\u201c<\/em><\/span><span style=\"color: #000000\"><span style=\"font-family: Verdana, sans-serif\"><span style=\"font-size: medium\"><i><em>Debatir para aprender\u201d<\/em><\/i><\/span><\/span><\/span><\/p>\n<p align=\"justify\"><span style=\"color: #000000\"><em>\u201c<\/em><\/span><span style=\"color: #000000\"><span style=\"font-family: Verdana, sans-serif\"><span style=\"font-size: medium\"><i><em>Discusi\u00f3n para enriquecer el conocimiento\u201d.<\/em><\/i><\/span><\/span><\/span><\/p>\n","protected":false},"excerpt":{"rendered":"<p>Invitamos a tod@s l@s estudiantes de S\u00e9ptimo B\u00e1sico a Cuarto Medio de la regi\u00f3n de Tarapac\u00e1 para participar en los \u201cForos de Opini\u00f3n y Debates Escolares, CON\u00c9CTATE&#8221;.<\/p>\n","protected":false},"author":18,"featured_media":38867,"comment_status":"open","ping_status":"open","sticky":false,"template":"","format":"standard","meta":{"_acf_changed":false,"_exactmetrics_skip_tracking":false,"_exactmetrics_sitenote_active":false,"_exactmetrics_sitenote_note":"","_exactmetrics_sitenote_category":0,"footnotes":"","_links_to":"","_links_to_target":""},"categories":[151],"tags":[107,193,192,191,23,157,76],"class_list":["post-38866","post","type-post","status-publish","format-standard","has-post-thumbnail","hentry","category-banner","tag-ciencia","tag-conectate","tag-debates","tag-estudiantes","tag-explora","tag-tarapaca","tag-tecnologia"],"acf":[],"yoast_head":"<!-- This site is optimized with the Yoast SEO plugin v26.9 - https:\/\/yoast.com\/product\/yoast-seo-wordpress\/ -->\n<title>CON\u00c9CTATE, Foros de Opini\u00f3n y Debates Escolares 2020 - Tarapaca<\/title>\n<meta name=\"robots\" content=\"index, follow, max-snippet:-1, max-image-preview:large, max-video-preview:-1\" \/>\n<link rel=\"canonical\" href=\"https:\/\/explora.cl\/tarapaca\/conectate-foros-de-opinion-y-debates-escolares\/\" class=\"yoast-seo-meta-tag\" \/>\n<meta property=\"og:locale\" content=\"es_ES\" class=\"yoast-seo-meta-tag\" \/>\n<meta property=\"og:type\" content=\"article\" class=\"yoast-seo-meta-tag\" \/>\n<meta property=\"og:title\" content=\"CON\u00c9CTATE, Foros de Opini\u00f3n y Debates Escolares 2020 - Tarapaca\" class=\"yoast-seo-meta-tag\" \/>\n<meta property=\"og:description\" content=\"Invitamos a tod@s l@s estudiantes de S\u00e9ptimo B\u00e1sico a Cuarto Medio de la regi\u00f3n de Tarapac\u00e1 para participar en los \u201cForos de Opini\u00f3n y Debates Escolares, CON\u00c9CTATE&quot;.\" class=\"yoast-seo-meta-tag\" \/>\n<meta property=\"og:url\" content=\"https:\/\/explora.cl\/tarapaca\/conectate-foros-de-opinion-y-debates-escolares\/\" class=\"yoast-seo-meta-tag\" \/>\n<meta property=\"og:site_name\" content=\"Tarapaca\" class=\"yoast-seo-meta-tag\" \/>\n<meta property=\"article:published_time\" content=\"2020-08-11T03:48:26+00:00\" class=\"yoast-seo-meta-tag\" \/>\n<meta property=\"article:modified_time\" content=\"2020-08-28T16:06:51+00:00\" class=\"yoast-seo-meta-tag\" \/>\n<meta property=\"og:image\" content=\"https:\/\/explora.cl\/tarapaca\/wp-content\/uploads\/sites\/3\/2020\/08\/CHICO_BANNER-CONECTATE-01.jpg\" class=\"yoast-seo-meta-tag\" \/>\n\t<meta property=\"og:image:width\" content=\"5708\" class=\"yoast-seo-meta-tag\" \/>\n\t<meta property=\"og:image:height\" content=\"2373\" class=\"yoast-seo-meta-tag\" \/>\n\t<meta property=\"og:image:type\" content=\"image\/jpeg\" class=\"yoast-seo-meta-tag\" \/>\n<meta name=\"author\" content=\"admintarapaca\" class=\"yoast-seo-meta-tag\" \/>\n<meta name=\"twitter:card\" content=\"summary_large_image\" class=\"yoast-seo-meta-tag\" \/>\n<meta name=\"twitter:label1\" content=\"Escrito por\" class=\"yoast-seo-meta-tag\" \/>\n\t<meta name=\"twitter:data1\" content=\"admintarapaca\" class=\"yoast-seo-meta-tag\" \/>\n\t<meta name=\"twitter:label2\" content=\"Tiempo estimado de lectura\" class=\"yoast-seo-meta-tag\" \/>\n\t<meta name=\"twitter:data2\" content=\"1 minuto\" class=\"yoast-seo-meta-tag\" \/>\n<script type=\"application\/ld+json\" class=\"yoast-schema-graph\">{\"@context\":\"https:\/\/schema.org\",\"@graph\":[{\"@type\":\"Article\",\"@id\":\"https:\/\/explora.cl\/tarapaca\/conectate-foros-de-opinion-y-debates-escolares\/#article\",\"isPartOf\":{\"@id\":\"https:\/\/explora.cl\/tarapaca\/conectate-foros-de-opinion-y-debates-escolares\/\"},\"author\":{\"name\":\"admintarapaca\",\"@id\":\"https:\/\/explora.cl\/tarapaca\/#\/schema\/person\/ca04f8a8f8e25243bd462d34eb1ca505\"},\"headline\":\"CON\u00c9CTATE, Foros de Opini\u00f3n y Debates Escolares 2020\",\"datePublished\":\"2020-08-11T03:48:26+00:00\",\"dateModified\":\"2020-08-28T16:06:51+00:00\",\"mainEntityOfPage\":{\"@id\":\"https:\/\/explora.cl\/tarapaca\/conectate-foros-de-opinion-y-debates-escolares\/\"},\"wordCount\":292,\"commentCount\":0,\"image\":{\"@id\":\"https:\/\/explora.cl\/tarapaca\/conectate-foros-de-opinion-y-debates-escolares\/#primaryimage\"},\"thumbnailUrl\":\"https:\/\/explora.cl\/tarapaca\/wp-content\/uploads\/sites\/3\/2020\/08\/CHICO_BANNER-CONECTATE-01.jpg\",\"keywords\":[\"ciencia\",\"Con\u00e9ctate\",\"Debates\",\"Estudiantes\",\"EXPLORA\",\"tarapac\u00e1,\",\"tecnolog\u00eda\"],\"articleSection\":[\"Banner\"],\"inLanguage\":\"es-CL\",\"potentialAction\":[{\"@type\":\"CommentAction\",\"name\":\"Comment\",\"target\":[\"https:\/\/explora.cl\/tarapaca\/conectate-foros-de-opinion-y-debates-escolares\/#respond\"]}]},{\"@type\":\"WebPage\",\"@id\":\"https:\/\/explora.cl\/tarapaca\/conectate-foros-de-opinion-y-debates-escolares\/\",\"url\":\"https:\/\/explora.cl\/tarapaca\/conectate-foros-de-opinion-y-debates-escolares\/\",\"name\":\"CON\u00c9CTATE, Foros de Opini\u00f3n y Debates Escolares 2020 - Tarapaca\",\"isPartOf\":{\"@id\":\"https:\/\/explora.cl\/tarapaca\/#website\"},\"primaryImageOfPage\":{\"@id\":\"https:\/\/explora.cl\/tarapaca\/conectate-foros-de-opinion-y-debates-escolares\/#primaryimage\"},\"image\":{\"@id\":\"https:\/\/explora.cl\/tarapaca\/conectate-foros-de-opinion-y-debates-escolares\/#primaryimage\"},\"thumbnailUrl\":\"https:\/\/explora.cl\/tarapaca\/wp-content\/uploads\/sites\/3\/2020\/08\/CHICO_BANNER-CONECTATE-01.jpg\",\"datePublished\":\"2020-08-11T03:48:26+00:00\",\"dateModified\":\"2020-08-28T16:06:51+00:00\",\"author\":{\"@id\":\"https:\/\/explora.cl\/tarapaca\/#\/schema\/person\/ca04f8a8f8e25243bd462d34eb1ca505\"},\"breadcrumb\":{\"@id\":\"https:\/\/explora.cl\/tarapaca\/conectate-foros-de-opinion-y-debates-escolares\/#breadcrumb\"},\"inLanguage\":\"es-CL\",\"potentialAction\":[{\"@type\":\"ReadAction\",\"target\":[\"https:\/\/explora.cl\/tarapaca\/conectate-foros-de-opinion-y-debates-escolares\/\"]}]},{\"@type\":\"ImageObject\",\"inLanguage\":\"es-CL\",\"@id\":\"https:\/\/explora.cl\/tarapaca\/conectate-foros-de-opinion-y-debates-escolares\/#primaryimage\",\"url\":\"https:\/\/explora.cl\/tarapaca\/wp-content\/uploads\/sites\/3\/2020\/08\/CHICO_BANNER-CONECTATE-01.jpg\",\"contentUrl\":\"https:\/\/explora.cl\/tarapaca\/wp-content\/uploads\/sites\/3\/2020\/08\/CHICO_BANNER-CONECTATE-01.jpg\",\"width\":5708,\"height\":2373},{\"@type\":\"BreadcrumbList\",\"@id\":\"https:\/\/explora.cl\/tarapaca\/conectate-foros-de-opinion-y-debates-escolares\/#breadcrumb\",\"itemListElement\":[{\"@type\":\"ListItem\",\"position\":1,\"name\":\"Portada\",\"item\":\"https:\/\/explora.cl\/tarapaca\/\"},{\"@type\":\"ListItem\",\"position\":2,\"name\":\"CON\u00c9CTATE, Foros de Opini\u00f3n y Debates Escolares 2020\"}]},{\"@type\":\"WebSite\",\"@id\":\"https:\/\/explora.cl\/tarapaca\/#website\",\"url\":\"https:\/\/explora.cl\/tarapaca\/\",\"name\":\"Tarapaca\",\"description\":\"Otro sitio m\u00e1s de explora.cl\",\"potentialAction\":[{\"@type\":\"SearchAction\",\"target\":{\"@type\":\"EntryPoint\",\"urlTemplate\":\"https:\/\/explora.cl\/tarapaca\/?s={search_term_string}\"},\"query-input\":{\"@type\":\"PropertyValueSpecification\",\"valueRequired\":true,\"valueName\":\"search_term_string\"}}],\"inLanguage\":\"es-CL\"},{\"@type\":\"Person\",\"@id\":\"https:\/\/explora.cl\/tarapaca\/#\/schema\/person\/ca04f8a8f8e25243bd462d34eb1ca505\",\"name\":\"admintarapaca\",\"image\":{\"@type\":\"ImageObject\",\"inLanguage\":\"es-CL\",\"@id\":\"https:\/\/explora.cl\/tarapaca\/#\/schema\/person\/image\/\",\"url\":\"https:\/\/secure.gravatar.com\/avatar\/8ff4762fabbf7a1732a126425c82d628f08ba754529d77a55358cbb74e14343f?s=96&d=mm&r=g\",\"contentUrl\":\"https:\/\/secure.gravatar.com\/avatar\/8ff4762fabbf7a1732a126425c82d628f08ba754529d77a55358cbb74e14343f?s=96&d=mm&r=g\",\"caption\":\"admintarapaca\"},\"url\":\"https:\/\/explora.cl\/tarapaca\/author\/dolivares\/\"}]}<\/script>\n<!-- \/ Yoast SEO plugin. -->","yoast_head_json":{"title":"CON\u00c9CTATE, Foros de Opini\u00f3n y Debates Escolares 2020 - Tarapaca","robots":{"index":"index","follow":"follow","max-snippet":"max-snippet:-1","max-image-preview":"max-image-preview:large","max-video-preview":"max-video-preview:-1"},"canonical":"https:\/\/explora.cl\/tarapaca\/conectate-foros-de-opinion-y-debates-escolares\/","og_locale":"es_ES","og_type":"article","og_title":"CON\u00c9CTATE, Foros de Opini\u00f3n y Debates Escolares 2020 - Tarapaca","og_description":"Invitamos a tod@s l@s estudiantes de S\u00e9ptimo B\u00e1sico a Cuarto Medio de la regi\u00f3n de Tarapac\u00e1 para participar en los \u201cForos de Opini\u00f3n y Debates Escolares, CON\u00c9CTATE\".","og_url":"https:\/\/explora.cl\/tarapaca\/conectate-foros-de-opinion-y-debates-escolares\/","og_site_name":"Tarapaca","article_published_time":"2020-08-11T03:48:26+00:00","article_modified_time":"2020-08-28T16:06:51+00:00","og_image":[{"width":5708,"height":2373,"url":"https:\/\/explora.cl\/tarapaca\/wp-content\/uploads\/sites\/3\/2020\/08\/CHICO_BANNER-CONECTATE-01.jpg","type":"image\/jpeg"}],"author":"admintarapaca","twitter_card":"summary_large_image","twitter_misc":{"Escrito por":"admintarapaca","Tiempo estimado de lectura":"1 minuto"},"schema":{"@context":"https:\/\/schema.org","@graph":[{"@type":"Article","@id":"https:\/\/explora.cl\/tarapaca\/conectate-foros-de-opinion-y-debates-escolares\/#article","isPartOf":{"@id":"https:\/\/explora.cl\/tarapaca\/conectate-foros-de-opinion-y-debates-escolares\/"},"author":{"name":"admintarapaca","@id":"https:\/\/explora.cl\/tarapaca\/#\/schema\/person\/ca04f8a8f8e25243bd462d34eb1ca505"},"headline":"CON\u00c9CTATE, Foros de Opini\u00f3n y Debates Escolares 2020","datePublished":"2020-08-11T03:48:26+00:00","dateModified":"2020-08-28T16:06:51+00:00","mainEntityOfPage":{"@id":"https:\/\/explora.cl\/tarapaca\/conectate-foros-de-opinion-y-debates-escolares\/"},"wordCount":292,"commentCount":0,"image":{"@id":"https:\/\/explora.cl\/tarapaca\/conectate-foros-de-opinion-y-debates-escolares\/#primaryimage"},"thumbnailUrl":"https:\/\/explora.cl\/tarapaca\/wp-content\/uploads\/sites\/3\/2020\/08\/CHICO_BANNER-CONECTATE-01.jpg","keywords":["ciencia","Con\u00e9ctate","Debates","Estudiantes","EXPLORA","tarapac\u00e1,","tecnolog\u00eda"],"articleSection":["Banner"],"inLanguage":"es-CL","potentialAction":[{"@type":"CommentAction","name":"Comment","target":["https:\/\/explora.cl\/tarapaca\/conectate-foros-de-opinion-y-debates-escolares\/#respond"]}]},{"@type":"WebPage","@id":"https:\/\/explora.cl\/tarapaca\/conectate-foros-de-opinion-y-debates-escolares\/","url":"https:\/\/explora.cl\/tarapaca\/conectate-foros-de-opinion-y-debates-escolares\/","name":"CON\u00c9CTATE, Foros de Opini\u00f3n y Debates Escolares 2020 - Tarapaca","isPartOf":{"@id":"https:\/\/explora.cl\/tarapaca\/#website"},"primaryImageOfPage":{"@id":"https:\/\/explora.cl\/tarapaca\/conectate-foros-de-opinion-y-debates-escolares\/#primaryimage"},"image":{"@id":"https:\/\/explora.cl\/tarapaca\/conectate-foros-de-opinion-y-debates-escolares\/#primaryimage"},"thumbnailUrl":"https:\/\/explora.cl\/tarapaca\/wp-content\/uploads\/sites\/3\/2020\/08\/CHICO_BANNER-CONECTATE-01.jpg","datePublished":"2020-08-11T03:48:26+00:00","dateModified":"2020-08-28T16:06:51+00:00","author":{"@id":"https:\/\/explora.cl\/tarapaca\/#\/schema\/person\/ca04f8a8f8e25243bd462d34eb1ca505"},"breadcrumb":{"@id":"https:\/\/explora.cl\/tarapaca\/conectate-foros-de-opinion-y-debates-escolares\/#breadcrumb"},"inLanguage":"es-CL","potentialAction":[{"@type":"ReadAction","target":["https:\/\/explora.cl\/tarapaca\/conectate-foros-de-opinion-y-debates-escolares\/"]}]},{"@type":"ImageObject","inLanguage":"es-CL","@id":"https:\/\/explora.cl\/tarapaca\/conectate-foros-de-opinion-y-debates-escolares\/#primaryimage","url":"https:\/\/explora.cl\/tarapaca\/wp-content\/uploads\/sites\/3\/2020\/08\/CHICO_BANNER-CONECTATE-01.jpg","contentUrl":"https:\/\/explora.cl\/tarapaca\/wp-content\/uploads\/sites\/3\/2020\/08\/CHICO_BANNER-CONECTATE-01.jpg","width":5708,"height":2373},{"@type":"BreadcrumbList","@id":"https:\/\/explora.cl\/tarapaca\/conectate-foros-de-opinion-y-debates-escolares\/#breadcrumb","itemListElement":[{"@type":"ListItem","position":1,"name":"Portada","item":"https:\/\/explora.cl\/tarapaca\/"},{"@type":"ListItem","position":2,"name":"CON\u00c9CTATE, Foros de Opini\u00f3n y Debates Escolares 2020"}]},{"@type":"WebSite","@id":"https:\/\/explora.cl\/tarapaca\/#website","url":"https:\/\/explora.cl\/tarapaca\/","name":"Tarapaca","description":"Otro sitio m\u00e1s de explora.cl","potentialAction":[{"@type":"SearchAction","target":{"@type":"EntryPoint","urlTemplate":"https:\/\/explora.cl\/tarapaca\/?s={search_term_string}"},"query-input":{"@type":"PropertyValueSpecification","valueRequired":true,"valueName":"search_term_string"}}],"inLanguage":"es-CL"},{"@type":"Person","@id":"https:\/\/explora.cl\/tarapaca\/#\/schema\/person\/ca04f8a8f8e25243bd462d34eb1ca505","name":"admintarapaca","image":{"@type":"ImageObject","inLanguage":"es-CL","@id":"https:\/\/explora.cl\/tarapaca\/#\/schema\/person\/image\/","url":"https:\/\/secure.gravatar.com\/avatar\/8ff4762fabbf7a1732a126425c82d628f08ba754529d77a55358cbb74e14343f?s=96&d=mm&r=g","contentUrl":"https:\/\/secure.gravatar.com\/avatar\/8ff4762fabbf7a1732a126425c82d628f08ba754529d77a55358cbb74e14343f?s=96&d=mm&r=g","caption":"admintarapaca"},"url":"https:\/\/explora.cl\/tarapaca\/author\/dolivares\/"}]}},"_links":{"self":[{"href":"https:\/\/explora.cl\/tarapaca\/wp-json\/wp\/v2\/posts\/38866","targetHints":{"allow":["GET"]}}],"collection":[{"href":"https:\/\/explora.cl\/tarapaca\/wp-json\/wp\/v2\/posts"}],"about":[{"href":"https:\/\/explora.cl\/tarapaca\/wp-json\/wp\/v2\/types\/post"}],"author":[{"embeddable":true,"href":"https:\/\/explora.cl\/tarapaca\/wp-json\/wp\/v2\/users\/18"}],"replies":[{"embeddable":true,"href":"https:\/\/explora.cl\/tarapaca\/wp-json\/wp\/v2\/comments?post=38866"}],"version-history":[{"count":15,"href":"https:\/\/explora.cl\/tarapaca\/wp-json\/wp\/v2\/posts\/38866\/revisions"}],"predecessor-version":[{"id":38924,"href":"https:\/\/explora.cl\/tarapaca\/wp-json\/wp\/v2\/posts\/38866\/revisions\/38924"}],"wp:featuredmedia":[{"embeddable":true,"href":"https:\/\/explora.cl\/tarapaca\/wp-json\/wp\/v2\/media\/38867"}],"wp:attachment":[{"href":"https:\/\/explora.cl\/tarapaca\/wp-json\/wp\/v2\/media?parent=38866"}],"wp:term":[{"taxonomy":"category","embeddable":true,"href":"https:\/\/explora.cl\/tarapaca\/wp-json\/wp\/v2\/categories?post=38866"},{"taxonomy":"post_tag","embeddable":true,"href":"https:\/\/explora.cl\/tarapaca\/wp-json\/wp\/v2\/tags?post=38866"}],"curies":[{"name":"wp","href":"https:\/\/api.w.org\/{rel}","templated":true}]}}