{"id":38560,"date":"2019-07-09T15:46:03","date_gmt":"2019-07-09T19:46:03","guid":{"rendered":"https:\/\/explora.cl\/tarapaca\/?p=38560"},"modified":"2020-01-28T17:10:00","modified_gmt":"2020-01-28T20:10:00","slug":"delegacion-de-tarapaca-viajo-a-la-higuera-para-ver-el-eclipse-solar-del-2-de-julio","status":"publish","type":"post","link":"https:\/\/explora.cl\/tarapaca\/delegacion-de-tarapaca-viajo-a-la-higuera-para-ver-el-eclipse-solar-del-2-de-julio\/","title":{"rendered":"Delegaci\u00f3n de Tarapac\u00e1 viaj\u00f3 a La Higuera  para ver el eclipse solar del 2 de julio"},"content":{"rendered":"<p><strong><em>*Actividad pedag\u00f3gica del PAR Explora de CONICYT Tarapac\u00e1, llev\u00f3 a estudiantes de Colchane, Alto Hospicio e Iquique a la regi\u00f3n de Coquimbo para observar el eclipse solar del 2 de julio, lugar donde se vio al cien por ciento.<\/em><\/strong><\/p>\n<p><img fetchpriority=\"high\" decoding=\"async\" class=\"size-medium wp-image-38561 alignleft\" src=\"https:\/\/explora.cl\/tarapaca\/wp-content\/uploads\/sites\/3\/2019\/07\/01_cazadoreseclipses_lahiguera-300x201.jpg\" alt=\"\" width=\"300\" height=\"201\" srcset=\"https:\/\/explora.cl\/tarapaca\/wp-content\/uploads\/sites\/3\/2019\/07\/01_cazadoreseclipses_lahiguera-300x201.jpg 300w, https:\/\/explora.cl\/tarapaca\/wp-content\/uploads\/sites\/3\/2019\/07\/01_cazadoreseclipses_lahiguera-768x513.jpg 768w, https:\/\/explora.cl\/tarapaca\/wp-content\/uploads\/sites\/3\/2019\/07\/01_cazadoreseclipses_lahiguera-1024x684.jpg 1024w, https:\/\/explora.cl\/tarapaca\/wp-content\/uploads\/sites\/3\/2019\/07\/01_cazadoreseclipses_lahiguera.jpg 1496w\" sizes=\"(max-width: 300px) 100vw, 300px\" \/><\/p>\n<p>Motivaci\u00f3n, alegr\u00eda y expectaci\u00f3n eran los principales sentimientos que ten\u00edan los estudiantes y participantes de la delegaci\u00f3n intercultural m\u00e1s grande de la regi\u00f3n de Tarapac\u00e1 que viaj\u00f3 hasta la regi\u00f3n de Coquimbo buscando la totalidad de eclipse solar del 2 de julio. Esta delegaci\u00f3n compuesta por 94 personas y \u00a0liderada por el Proyecto Asociativo Regional (PAR) Explora de CONICYT Tarapac\u00e1 viaj\u00f3 en b\u00fasqueda del cien porciento de este evento astron\u00f3mico.<\/p>\n<p>Para el Explora Tarapac\u00e1 esta actividad es una iniciativa emergente orientada a estudiantes de ense\u00f1anza b\u00e1sica y media de la regi\u00f3n de Tarapac\u00e1, pero al mismo tiempo transformarse en un reconocimiento por la participaci\u00f3n activa en las distintas iniciativas de Explora en la regi\u00f3n.<\/p>\n<p><img decoding=\"async\" class=\"size-medium wp-image-38562 alignright\" src=\"https:\/\/explora.cl\/tarapaca\/wp-content\/uploads\/sites\/3\/2019\/07\/02_cazadoreseclipses_lahiguera-300x200.jpg\" alt=\"\" width=\"300\" height=\"200\" srcset=\"https:\/\/explora.cl\/tarapaca\/wp-content\/uploads\/sites\/3\/2019\/07\/02_cazadoreseclipses_lahiguera-300x200.jpg 300w, https:\/\/explora.cl\/tarapaca\/wp-content\/uploads\/sites\/3\/2019\/07\/02_cazadoreseclipses_lahiguera-768x512.jpg 768w, https:\/\/explora.cl\/tarapaca\/wp-content\/uploads\/sites\/3\/2019\/07\/02_cazadoreseclipses_lahiguera-1024x683.jpg 1024w, https:\/\/explora.cl\/tarapaca\/wp-content\/uploads\/sites\/3\/2019\/07\/02_cazadoreseclipses_lahiguera.jpg 1500w\" sizes=\"(max-width: 300px) 100vw, 300px\" \/>Como representantes de la regi\u00f3n participaron: el Liceo T\u00e9cnico Profesional de Colchane; el Liceo Academia Nacional y el Colegio Macaya, ambos de Alto Hospicio, as\u00ed como estudiantes del Liceo A-7 Libertador General Bernardo O\u2019higgins, Liceo Luis Cruz Mart\u00ednez, Escuela Gabriela Mistral, la Escuela de Chanavayita y del Colegio Bajo Molle, estos \u00faltimos de Iquique.<\/p>\n<p>Carlos Candia N\u00fa\u00f1ez es un estudiante de s\u00e9ptimo b\u00e1sico de la Escuela B\u00e1sica de Chanavayita, caleta que est\u00e1 a 45 minutos de Iquique y sus expresiones son s\u00f3lo un ejemplo de las motivaciones y emociones al haber participado de una instancia como esta: \u201cYo quise venir porque generalmente estoy en la caleta, ya que mis padres trabajan ah\u00ed. Me llam\u00f3 la atenci\u00f3n cuando se puso todo oscuro, ya que era de d\u00eda y de repente era de noche y se puso bastante helado. Me emocion\u00e9 mucho y me gustar\u00eda seguir viendo eclipses\u201d.<\/p>\n<p>Mauricio Gonz\u00e1lez es otro de los profesores motivados por la ciencia en la regi\u00f3n. Trabaja en el Liceo T\u00e9cnico Profesional de Colchane y el a\u00f1o pasado fue nominado al Global Teacher Prize como uno de los mejores profesores del pa\u00eds. Es un embajador Explora en el altiplano andino y es un motivado divulgador de ciencia y tecnolog\u00eda. \u201cYo tuve la oportunidad no s\u00f3lo de ver el eclipse, sino que ver la cara de los ni\u00f1os y ni\u00f1as durante el eclipse en La Higuera. Los estudiantes de la regi\u00f3n tuvieron la oportunidad de ver este eclipse, compartir con cient\u00edficos y profesionales de las ciencias, adem\u00e1s tuvieron la posibilidad de compartir su cultura e identidad en la cuarta regi\u00f3n, por lo cual se complet\u00f3 un desaf\u00edo cient\u00edfico e identitario importante para nuestra regi\u00f3n\u201d<\/p>\n<p><img decoding=\"async\" class=\"size-medium wp-image-38563 alignleft\" src=\"https:\/\/explora.cl\/tarapaca\/wp-content\/uploads\/sites\/3\/2019\/07\/03_cazadoreseclipses_lahiguera-300x200.jpg\" alt=\"\" width=\"300\" height=\"200\" srcset=\"https:\/\/explora.cl\/tarapaca\/wp-content\/uploads\/sites\/3\/2019\/07\/03_cazadoreseclipses_lahiguera-300x200.jpg 300w, https:\/\/explora.cl\/tarapaca\/wp-content\/uploads\/sites\/3\/2019\/07\/03_cazadoreseclipses_lahiguera-768x512.jpg 768w, https:\/\/explora.cl\/tarapaca\/wp-content\/uploads\/sites\/3\/2019\/07\/03_cazadoreseclipses_lahiguera-1024x683.jpg 1024w, https:\/\/explora.cl\/tarapaca\/wp-content\/uploads\/sites\/3\/2019\/07\/03_cazadoreseclipses_lahiguera.jpg 1500w\" sizes=\"(max-width: 300px) 100vw, 300px\" \/><\/p>\n<p>El viaje fue toda una traves\u00eda ya que fueron 18 horas de traslado para los que partieron desde Iquique y m\u00e1s que 20 horas para los participantes que salieron desde la comuna de Colchane.<\/p>\n<p>Para la directora del PAR Explora de CONICYT Tarapac\u00e1, Valeska Zepeda: \u201cUno de los aspectos principales de esta experiencia educativa es que los estudiantes participaron activamente de distintas actividades en torno a tem\u00e1ticas astron\u00f3micas, se relacionaron con estudiantes de la Escuela de La Higuera, culminando con la observaci\u00f3n del eclipse. Cabe se\u00f1alar como un aspecto relevante es que parte de la delegaci\u00f3n estaba compuesta por ni\u00f1os y ni\u00f1as aymaras que llevaron su identidad y su m\u00fasica hasta la cuarta regi\u00f3n. El Programa Explora nos invita a ser curiosos, a hacernos preguntas y aprender a trav\u00e9s de la experiencia, lo que es sin duda fundamental para generar en nuestros ni\u00f1os y ni\u00f1as un aprendizaje realmente significativo\u201d.<\/p>\n<p>Esta iniciativa emergente se realiz\u00f3 gracias al trabajo conjunto con una serie de instituciones y empresas, tales como: La Municipalidad de Iquique, Municipalidad de Colchane, Municipalidad de La Higuera, as\u00ed como tambi\u00e9n el apoyo de la Seremi de Medioambiente, la Seremi de Educaci\u00f3n y JUNAEB. Corpesca y Aguas del Altiplano tambi\u00e9n quisieron estar presentes en esta oportunidad. \u00a0Finalmente, las universidades locales se sumaron como parte de la delegaci\u00f3n, y es as\u00ed como estudiantes y profesores de la Universidad de Tarapac\u00e1 Sede Iquique y de la Universidad Arturo Prat de Iquique fueron parte de este evento astron\u00f3mico.<\/p>\n<p>Finalmente, la temporada de eclipses no termina, ya que el 12 diciembre del 2020 habr\u00e1 un nuevo eclipse solar total en la regi\u00f3n de La Araucan\u00eda.<\/p>\n<p><img loading=\"lazy\" decoding=\"async\" class=\"aligncenter wp-image-38565\" src=\"https:\/\/explora.cl\/tarapaca\/wp-content\/uploads\/sites\/3\/2019\/07\/04_cazadoreseclipses_lahiguera-1024x683.jpg\" alt=\"\" width=\"600\" height=\"400\" \/><\/p>\n<p>&nbsp;<\/p>\n","protected":false},"excerpt":{"rendered":"<p>*Actividad pedag\u00f3gica del PAR Explora de CONICYT Tarapac\u00e1, llev\u00f3 a estudiantes de Colchane, Alto Hospicio e Iquique a la regi\u00f3n de Coquimbo para observar el eclipse solar del 2 de julio, lugar donde se vio al cien por ciento. Motivaci\u00f3n, alegr\u00eda y expectaci\u00f3n eran los principales sentimientos que ten\u00edan los estudiantes y participantes de la [&hellip;]<\/p>\n","protected":false},"author":18,"featured_media":38564,"comment_status":"open","ping_status":"open","sticky":false,"template":"","format":"standard","meta":{"_acf_changed":false,"_exactmetrics_skip_tracking":false,"_exactmetrics_sitenote_active":false,"_exactmetrics_sitenote_note":"","_exactmetrics_sitenote_category":0,"footnotes":"","_links_to":"","_links_to_target":""},"categories":[143,4],"tags":[],"class_list":["post-38560","post","type-post","status-publish","format-standard","has-post-thumbnail","hentry","category-lugar-8","category-noticias"],"acf":[],"yoast_head":"<!-- This site is optimized with the Yoast SEO plugin v26.9 - https:\/\/yoast.com\/product\/yoast-seo-wordpress\/ -->\n<title>Delegaci\u00f3n de Tarapac\u00e1 viaj\u00f3 a La Higuera para ver el eclipse solar del 2 de julio - Tarapaca<\/title>\n<meta name=\"robots\" content=\"index, follow, max-snippet:-1, max-image-preview:large, max-video-preview:-1\" \/>\n<link rel=\"canonical\" href=\"https:\/\/explora.cl\/tarapaca\/delegacion-de-tarapaca-viajo-a-la-higuera-para-ver-el-eclipse-solar-del-2-de-julio\/\" class=\"yoast-seo-meta-tag\" \/>\n<meta property=\"og:locale\" content=\"es_ES\" class=\"yoast-seo-meta-tag\" \/>\n<meta property=\"og:type\" content=\"article\" class=\"yoast-seo-meta-tag\" \/>\n<meta property=\"og:title\" content=\"Delegaci\u00f3n de Tarapac\u00e1 viaj\u00f3 a La Higuera para ver el eclipse solar del 2 de julio - Tarapaca\" class=\"yoast-seo-meta-tag\" \/>\n<meta property=\"og:description\" content=\"*Actividad pedag\u00f3gica del PAR Explora de CONICYT Tarapac\u00e1, llev\u00f3 a estudiantes de Colchane, Alto Hospicio e Iquique a la regi\u00f3n de Coquimbo para observar el eclipse solar del 2 de julio, lugar donde se vio al cien por ciento. Motivaci\u00f3n, alegr\u00eda y expectaci\u00f3n eran los principales sentimientos que ten\u00edan los estudiantes y participantes de la [&hellip;]\" class=\"yoast-seo-meta-tag\" \/>\n<meta property=\"og:url\" content=\"https:\/\/explora.cl\/tarapaca\/delegacion-de-tarapaca-viajo-a-la-higuera-para-ver-el-eclipse-solar-del-2-de-julio\/\" class=\"yoast-seo-meta-tag\" \/>\n<meta property=\"og:site_name\" content=\"Tarapaca\" class=\"yoast-seo-meta-tag\" \/>\n<meta property=\"article:published_time\" content=\"2019-07-09T19:46:03+00:00\" class=\"yoast-seo-meta-tag\" \/>\n<meta property=\"article:modified_time\" content=\"2020-01-28T20:10:00+00:00\" class=\"yoast-seo-meta-tag\" \/>\n<meta property=\"og:image\" content=\"https:\/\/explora.cl\/tarapaca\/wp-content\/uploads\/sites\/3\/2019\/07\/05_cazadoreseclipses_lahiguera.jpg\" class=\"yoast-seo-meta-tag\" \/>\n\t<meta property=\"og:image:width\" content=\"1280\" class=\"yoast-seo-meta-tag\" \/>\n\t<meta property=\"og:image:height\" content=\"853\" class=\"yoast-seo-meta-tag\" \/>\n\t<meta property=\"og:image:type\" content=\"image\/jpeg\" class=\"yoast-seo-meta-tag\" \/>\n<meta name=\"author\" content=\"admintarapaca\" class=\"yoast-seo-meta-tag\" \/>\n<meta name=\"twitter:card\" content=\"summary_large_image\" class=\"yoast-seo-meta-tag\" \/>\n<meta name=\"twitter:label1\" content=\"Escrito por\" class=\"yoast-seo-meta-tag\" \/>\n\t<meta name=\"twitter:data1\" content=\"admintarapaca\" class=\"yoast-seo-meta-tag\" \/>\n\t<meta name=\"twitter:label2\" content=\"Tiempo estimado de lectura\" class=\"yoast-seo-meta-tag\" \/>\n\t<meta name=\"twitter:data2\" content=\"4 minutos\" class=\"yoast-seo-meta-tag\" \/>\n<script type=\"application\/ld+json\" class=\"yoast-schema-graph\">{\"@context\":\"https:\/\/schema.org\",\"@graph\":[{\"@type\":\"Article\",\"@id\":\"https:\/\/explora.cl\/tarapaca\/delegacion-de-tarapaca-viajo-a-la-higuera-para-ver-el-eclipse-solar-del-2-de-julio\/#article\",\"isPartOf\":{\"@id\":\"https:\/\/explora.cl\/tarapaca\/delegacion-de-tarapaca-viajo-a-la-higuera-para-ver-el-eclipse-solar-del-2-de-julio\/\"},\"author\":{\"name\":\"admintarapaca\",\"@id\":\"https:\/\/explora.cl\/tarapaca\/#\/schema\/person\/ca04f8a8f8e25243bd462d34eb1ca505\"},\"headline\":\"Delegaci\u00f3n de Tarapac\u00e1 viaj\u00f3 a La Higuera para ver el eclipse solar del 2 de julio\",\"datePublished\":\"2019-07-09T19:46:03+00:00\",\"dateModified\":\"2020-01-28T20:10:00+00:00\",\"mainEntityOfPage\":{\"@id\":\"https:\/\/explora.cl\/tarapaca\/delegacion-de-tarapaca-viajo-a-la-higuera-para-ver-el-eclipse-solar-del-2-de-julio\/\"},\"wordCount\":777,\"commentCount\":0,\"image\":{\"@id\":\"https:\/\/explora.cl\/tarapaca\/delegacion-de-tarapaca-viajo-a-la-higuera-para-ver-el-eclipse-solar-del-2-de-julio\/#primaryimage\"},\"thumbnailUrl\":\"https:\/\/explora.cl\/tarapaca\/wp-content\/uploads\/sites\/3\/2019\/07\/05_cazadoreseclipses_lahiguera.jpg\",\"articleSection\":[\"Lugar 8\",\"Noticias\"],\"inLanguage\":\"es-CL\",\"potentialAction\":[{\"@type\":\"CommentAction\",\"name\":\"Comment\",\"target\":[\"https:\/\/explora.cl\/tarapaca\/delegacion-de-tarapaca-viajo-a-la-higuera-para-ver-el-eclipse-solar-del-2-de-julio\/#respond\"]}]},{\"@type\":\"WebPage\",\"@id\":\"https:\/\/explora.cl\/tarapaca\/delegacion-de-tarapaca-viajo-a-la-higuera-para-ver-el-eclipse-solar-del-2-de-julio\/\",\"url\":\"https:\/\/explora.cl\/tarapaca\/delegacion-de-tarapaca-viajo-a-la-higuera-para-ver-el-eclipse-solar-del-2-de-julio\/\",\"name\":\"Delegaci\u00f3n de Tarapac\u00e1 viaj\u00f3 a La Higuera para ver el eclipse solar del 2 de julio - Tarapaca\",\"isPartOf\":{\"@id\":\"https:\/\/explora.cl\/tarapaca\/#website\"},\"primaryImageOfPage\":{\"@id\":\"https:\/\/explora.cl\/tarapaca\/delegacion-de-tarapaca-viajo-a-la-higuera-para-ver-el-eclipse-solar-del-2-de-julio\/#primaryimage\"},\"image\":{\"@id\":\"https:\/\/explora.cl\/tarapaca\/delegacion-de-tarapaca-viajo-a-la-higuera-para-ver-el-eclipse-solar-del-2-de-julio\/#primaryimage\"},\"thumbnailUrl\":\"https:\/\/explora.cl\/tarapaca\/wp-content\/uploads\/sites\/3\/2019\/07\/05_cazadoreseclipses_lahiguera.jpg\",\"datePublished\":\"2019-07-09T19:46:03+00:00\",\"dateModified\":\"2020-01-28T20:10:00+00:00\",\"author\":{\"@id\":\"https:\/\/explora.cl\/tarapaca\/#\/schema\/person\/ca04f8a8f8e25243bd462d34eb1ca505\"},\"breadcrumb\":{\"@id\":\"https:\/\/explora.cl\/tarapaca\/delegacion-de-tarapaca-viajo-a-la-higuera-para-ver-el-eclipse-solar-del-2-de-julio\/#breadcrumb\"},\"inLanguage\":\"es-CL\",\"potentialAction\":[{\"@type\":\"ReadAction\",\"target\":[\"https:\/\/explora.cl\/tarapaca\/delegacion-de-tarapaca-viajo-a-la-higuera-para-ver-el-eclipse-solar-del-2-de-julio\/\"]}]},{\"@type\":\"ImageObject\",\"inLanguage\":\"es-CL\",\"@id\":\"https:\/\/explora.cl\/tarapaca\/delegacion-de-tarapaca-viajo-a-la-higuera-para-ver-el-eclipse-solar-del-2-de-julio\/#primaryimage\",\"url\":\"https:\/\/explora.cl\/tarapaca\/wp-content\/uploads\/sites\/3\/2019\/07\/05_cazadoreseclipses_lahiguera.jpg\",\"contentUrl\":\"https:\/\/explora.cl\/tarapaca\/wp-content\/uploads\/sites\/3\/2019\/07\/05_cazadoreseclipses_lahiguera.jpg\",\"width\":1280,\"height\":853},{\"@type\":\"BreadcrumbList\",\"@id\":\"https:\/\/explora.cl\/tarapaca\/delegacion-de-tarapaca-viajo-a-la-higuera-para-ver-el-eclipse-solar-del-2-de-julio\/#breadcrumb\",\"itemListElement\":[{\"@type\":\"ListItem\",\"position\":1,\"name\":\"Portada\",\"item\":\"https:\/\/explora.cl\/tarapaca\/\"},{\"@type\":\"ListItem\",\"position\":2,\"name\":\"Delegaci\u00f3n de Tarapac\u00e1 viaj\u00f3 a La Higuera para ver el eclipse solar del 2 de julio\"}]},{\"@type\":\"WebSite\",\"@id\":\"https:\/\/explora.cl\/tarapaca\/#website\",\"url\":\"https:\/\/explora.cl\/tarapaca\/\",\"name\":\"Tarapaca\",\"description\":\"Otro sitio m\u00e1s de explora.cl\",\"potentialAction\":[{\"@type\":\"SearchAction\",\"target\":{\"@type\":\"EntryPoint\",\"urlTemplate\":\"https:\/\/explora.cl\/tarapaca\/?s={search_term_string}\"},\"query-input\":{\"@type\":\"PropertyValueSpecification\",\"valueRequired\":true,\"valueName\":\"search_term_string\"}}],\"inLanguage\":\"es-CL\"},{\"@type\":\"Person\",\"@id\":\"https:\/\/explora.cl\/tarapaca\/#\/schema\/person\/ca04f8a8f8e25243bd462d34eb1ca505\",\"name\":\"admintarapaca\",\"image\":{\"@type\":\"ImageObject\",\"inLanguage\":\"es-CL\",\"@id\":\"https:\/\/explora.cl\/tarapaca\/#\/schema\/person\/image\/\",\"url\":\"https:\/\/secure.gravatar.com\/avatar\/8ff4762fabbf7a1732a126425c82d628f08ba754529d77a55358cbb74e14343f?s=96&d=mm&r=g\",\"contentUrl\":\"https:\/\/secure.gravatar.com\/avatar\/8ff4762fabbf7a1732a126425c82d628f08ba754529d77a55358cbb74e14343f?s=96&d=mm&r=g\",\"caption\":\"admintarapaca\"},\"url\":\"https:\/\/explora.cl\/tarapaca\/author\/dolivares\/\"}]}<\/script>\n<!-- \/ Yoast SEO plugin. -->","yoast_head_json":{"title":"Delegaci\u00f3n de Tarapac\u00e1 viaj\u00f3 a La Higuera para ver el eclipse solar del 2 de julio - Tarapaca","robots":{"index":"index","follow":"follow","max-snippet":"max-snippet:-1","max-image-preview":"max-image-preview:large","max-video-preview":"max-video-preview:-1"},"canonical":"https:\/\/explora.cl\/tarapaca\/delegacion-de-tarapaca-viajo-a-la-higuera-para-ver-el-eclipse-solar-del-2-de-julio\/","og_locale":"es_ES","og_type":"article","og_title":"Delegaci\u00f3n de Tarapac\u00e1 viaj\u00f3 a La Higuera para ver el eclipse solar del 2 de julio - Tarapaca","og_description":"*Actividad pedag\u00f3gica del PAR Explora de CONICYT Tarapac\u00e1, llev\u00f3 a estudiantes de Colchane, Alto Hospicio e Iquique a la regi\u00f3n de Coquimbo para observar el eclipse solar del 2 de julio, lugar donde se vio al cien por ciento. Motivaci\u00f3n, alegr\u00eda y expectaci\u00f3n eran los principales sentimientos que ten\u00edan los estudiantes y participantes de la [&hellip;]","og_url":"https:\/\/explora.cl\/tarapaca\/delegacion-de-tarapaca-viajo-a-la-higuera-para-ver-el-eclipse-solar-del-2-de-julio\/","og_site_name":"Tarapaca","article_published_time":"2019-07-09T19:46:03+00:00","article_modified_time":"2020-01-28T20:10:00+00:00","og_image":[{"width":1280,"height":853,"url":"https:\/\/explora.cl\/tarapaca\/wp-content\/uploads\/sites\/3\/2019\/07\/05_cazadoreseclipses_lahiguera.jpg","type":"image\/jpeg"}],"author":"admintarapaca","twitter_card":"summary_large_image","twitter_misc":{"Escrito por":"admintarapaca","Tiempo estimado de lectura":"4 minutos"},"schema":{"@context":"https:\/\/schema.org","@graph":[{"@type":"Article","@id":"https:\/\/explora.cl\/tarapaca\/delegacion-de-tarapaca-viajo-a-la-higuera-para-ver-el-eclipse-solar-del-2-de-julio\/#article","isPartOf":{"@id":"https:\/\/explora.cl\/tarapaca\/delegacion-de-tarapaca-viajo-a-la-higuera-para-ver-el-eclipse-solar-del-2-de-julio\/"},"author":{"name":"admintarapaca","@id":"https:\/\/explora.cl\/tarapaca\/#\/schema\/person\/ca04f8a8f8e25243bd462d34eb1ca505"},"headline":"Delegaci\u00f3n de Tarapac\u00e1 viaj\u00f3 a La Higuera para ver el eclipse solar del 2 de julio","datePublished":"2019-07-09T19:46:03+00:00","dateModified":"2020-01-28T20:10:00+00:00","mainEntityOfPage":{"@id":"https:\/\/explora.cl\/tarapaca\/delegacion-de-tarapaca-viajo-a-la-higuera-para-ver-el-eclipse-solar-del-2-de-julio\/"},"wordCount":777,"commentCount":0,"image":{"@id":"https:\/\/explora.cl\/tarapaca\/delegacion-de-tarapaca-viajo-a-la-higuera-para-ver-el-eclipse-solar-del-2-de-julio\/#primaryimage"},"thumbnailUrl":"https:\/\/explora.cl\/tarapaca\/wp-content\/uploads\/sites\/3\/2019\/07\/05_cazadoreseclipses_lahiguera.jpg","articleSection":["Lugar 8","Noticias"],"inLanguage":"es-CL","potentialAction":[{"@type":"CommentAction","name":"Comment","target":["https:\/\/explora.cl\/tarapaca\/delegacion-de-tarapaca-viajo-a-la-higuera-para-ver-el-eclipse-solar-del-2-de-julio\/#respond"]}]},{"@type":"WebPage","@id":"https:\/\/explora.cl\/tarapaca\/delegacion-de-tarapaca-viajo-a-la-higuera-para-ver-el-eclipse-solar-del-2-de-julio\/","url":"https:\/\/explora.cl\/tarapaca\/delegacion-de-tarapaca-viajo-a-la-higuera-para-ver-el-eclipse-solar-del-2-de-julio\/","name":"Delegaci\u00f3n de Tarapac\u00e1 viaj\u00f3 a La Higuera para ver el eclipse solar del 2 de julio - Tarapaca","isPartOf":{"@id":"https:\/\/explora.cl\/tarapaca\/#website"},"primaryImageOfPage":{"@id":"https:\/\/explora.cl\/tarapaca\/delegacion-de-tarapaca-viajo-a-la-higuera-para-ver-el-eclipse-solar-del-2-de-julio\/#primaryimage"},"image":{"@id":"https:\/\/explora.cl\/tarapaca\/delegacion-de-tarapaca-viajo-a-la-higuera-para-ver-el-eclipse-solar-del-2-de-julio\/#primaryimage"},"thumbnailUrl":"https:\/\/explora.cl\/tarapaca\/wp-content\/uploads\/sites\/3\/2019\/07\/05_cazadoreseclipses_lahiguera.jpg","datePublished":"2019-07-09T19:46:03+00:00","dateModified":"2020-01-28T20:10:00+00:00","author":{"@id":"https:\/\/explora.cl\/tarapaca\/#\/schema\/person\/ca04f8a8f8e25243bd462d34eb1ca505"},"breadcrumb":{"@id":"https:\/\/explora.cl\/tarapaca\/delegacion-de-tarapaca-viajo-a-la-higuera-para-ver-el-eclipse-solar-del-2-de-julio\/#breadcrumb"},"inLanguage":"es-CL","potentialAction":[{"@type":"ReadAction","target":["https:\/\/explora.cl\/tarapaca\/delegacion-de-tarapaca-viajo-a-la-higuera-para-ver-el-eclipse-solar-del-2-de-julio\/"]}]},{"@type":"ImageObject","inLanguage":"es-CL","@id":"https:\/\/explora.cl\/tarapaca\/delegacion-de-tarapaca-viajo-a-la-higuera-para-ver-el-eclipse-solar-del-2-de-julio\/#primaryimage","url":"https:\/\/explora.cl\/tarapaca\/wp-content\/uploads\/sites\/3\/2019\/07\/05_cazadoreseclipses_lahiguera.jpg","contentUrl":"https:\/\/explora.cl\/tarapaca\/wp-content\/uploads\/sites\/3\/2019\/07\/05_cazadoreseclipses_lahiguera.jpg","width":1280,"height":853},{"@type":"BreadcrumbList","@id":"https:\/\/explora.cl\/tarapaca\/delegacion-de-tarapaca-viajo-a-la-higuera-para-ver-el-eclipse-solar-del-2-de-julio\/#breadcrumb","itemListElement":[{"@type":"ListItem","position":1,"name":"Portada","item":"https:\/\/explora.cl\/tarapaca\/"},{"@type":"ListItem","position":2,"name":"Delegaci\u00f3n de Tarapac\u00e1 viaj\u00f3 a La Higuera para ver el eclipse solar del 2 de julio"}]},{"@type":"WebSite","@id":"https:\/\/explora.cl\/tarapaca\/#website","url":"https:\/\/explora.cl\/tarapaca\/","name":"Tarapaca","description":"Otro sitio m\u00e1s de explora.cl","potentialAction":[{"@type":"SearchAction","target":{"@type":"EntryPoint","urlTemplate":"https:\/\/explora.cl\/tarapaca\/?s={search_term_string}"},"query-input":{"@type":"PropertyValueSpecification","valueRequired":true,"valueName":"search_term_string"}}],"inLanguage":"es-CL"},{"@type":"Person","@id":"https:\/\/explora.cl\/tarapaca\/#\/schema\/person\/ca04f8a8f8e25243bd462d34eb1ca505","name":"admintarapaca","image":{"@type":"ImageObject","inLanguage":"es-CL","@id":"https:\/\/explora.cl\/tarapaca\/#\/schema\/person\/image\/","url":"https:\/\/secure.gravatar.com\/avatar\/8ff4762fabbf7a1732a126425c82d628f08ba754529d77a55358cbb74e14343f?s=96&d=mm&r=g","contentUrl":"https:\/\/secure.gravatar.com\/avatar\/8ff4762fabbf7a1732a126425c82d628f08ba754529d77a55358cbb74e14343f?s=96&d=mm&r=g","caption":"admintarapaca"},"url":"https:\/\/explora.cl\/tarapaca\/author\/dolivares\/"}]}},"_links":{"self":[{"href":"https:\/\/explora.cl\/tarapaca\/wp-json\/wp\/v2\/posts\/38560","targetHints":{"allow":["GET"]}}],"collection":[{"href":"https:\/\/explora.cl\/tarapaca\/wp-json\/wp\/v2\/posts"}],"about":[{"href":"https:\/\/explora.cl\/tarapaca\/wp-json\/wp\/v2\/types\/post"}],"author":[{"embeddable":true,"href":"https:\/\/explora.cl\/tarapaca\/wp-json\/wp\/v2\/users\/18"}],"replies":[{"embeddable":true,"href":"https:\/\/explora.cl\/tarapaca\/wp-json\/wp\/v2\/comments?post=38560"}],"version-history":[{"count":6,"href":"https:\/\/explora.cl\/tarapaca\/wp-json\/wp\/v2\/posts\/38560\/revisions"}],"predecessor-version":[{"id":38572,"href":"https:\/\/explora.cl\/tarapaca\/wp-json\/wp\/v2\/posts\/38560\/revisions\/38572"}],"wp:featuredmedia":[{"embeddable":true,"href":"https:\/\/explora.cl\/tarapaca\/wp-json\/wp\/v2\/media\/38564"}],"wp:attachment":[{"href":"https:\/\/explora.cl\/tarapaca\/wp-json\/wp\/v2\/media?parent=38560"}],"wp:term":[{"taxonomy":"category","embeddable":true,"href":"https:\/\/explora.cl\/tarapaca\/wp-json\/wp\/v2\/categories?post=38560"},{"taxonomy":"post_tag","embeddable":true,"href":"https:\/\/explora.cl\/tarapaca\/wp-json\/wp\/v2\/tags?post=38560"}],"curies":[{"name":"wp","href":"https:\/\/api.w.org\/{rel}","templated":true}]}}