{"id":38377,"date":"2019-06-07T13:49:01","date_gmt":"2019-06-07T13:49:01","guid":{"rendered":"https:\/\/explora.cl\/tarapaca\/?p=38377"},"modified":"2019-10-09T13:46:28","modified_gmt":"2019-10-09T16:46:28","slug":"con-dos-charlas-se-inauguro-en-alto-hospicio-el-1000-cientificos-1000-aulas-de-explora","status":"publish","type":"post","link":"https:\/\/explora.cl\/tarapaca\/con-dos-charlas-se-inauguro-en-alto-hospicio-el-1000-cientificos-1000-aulas-de-explora\/","title":{"rendered":"Con dos charlas se inaugur\u00f3 en Alto Hospicio \u201c1000 Cient\u00edfic@s 1000 Aulas\u201d de Explora"},"content":{"rendered":"<p><strong><em>*En el Colegio Cat\u00f3lico Nazaret se realizaron dos charlas con la tem\u00e1tica \u201cEl Sol\u201d.<\/em><\/strong><\/p>\n<p>&nbsp;<\/p>\n<p>El pasado 23 de mayo el Colegio Cat\u00f3lico Nazaret, ubicado el sector de El Boro, de Alto Hospicio, fortaleci\u00f3 sus conocimientos con dos interesantes charlas que explicaron la importancia del sol: por una parte, del sol como estrella y por otra parte, la importancia del sol para el desarrollo del la vida en el desierto, las cuales fueron organizadas por el PAR Explora de CONICYT Tarapac\u00e1, proyecto ejecutado por la Universidad de Tarapac\u00e1 Sede Iquique.<\/p>\n<p>&nbsp;<\/p>\n<p>La primera charla denominada \u201cUn universo lleno de soles\u201d, explic\u00f3 qu\u00e9 es el sol, que tan especial es el sol en el universo y su importancia para la conformaci\u00f3n de la vida en el universo y fue dictada por el Licenciado en Astronom\u00eda de la PUC, Doctor en F\u00edsica Te\u00f3rica PUC, especialista en cosmolog\u00eda y f\u00edsica de altas energ\u00edas y asesor cient\u00edfico del PAR Explora Tarapac\u00e1, Pablo Gonz\u00e1lez Villaroel. Mientras que la segunda charla titulada \u201cLa falsa imagen del desierto\u201d, se bas\u00f3 en la importancia del sol en el desierto y del mito de la poca vida en el desierto, la cual fue impartida por el Licenciado en Sociolog\u00eda de la Universidad de Chile, Doctor en Educaci\u00f3n de la Academia de Humanismo Cristiano, Doctor en Relaciones Internaciones de la Universidad de Santiago, Premio Nacional de Historia del 2014 y asesor cient\u00edfico principal del PAR Explora Tarapac\u00e1, Sergio Gonz\u00e1lez Miranda.<\/p>\n<p>&nbsp;<\/p>\n<p>Con estas dos, en las que estuvieron presentes estudiantes de s\u00e9ptimo b\u00e1sico y segundo medio, se dio el puntapi\u00e9 inicial a las charlas de la \u201c1000 Cient\u00edficos 1000 Aulas\u201d, iniciativa que propone llevar a cient\u00edficos, profesionales y tesistas que hayan realizado investigaciones en distintas \u00e1reas de inter\u00e9s, a compartir sus conocimientos con estudiantes de ense\u00f1anza b\u00e1sica y media en sus propios establecimientos educacionales por un periodo de un bloque de clases.<\/p>\n<p>&nbsp;<\/p>\n<p>Valeska Zepeda Cordero, Directora del PAR Explora aprovech\u00f3 la instancia de realizar una invitaci\u00f3n a todas las charlas que se est\u00e1n proyectando para el 2019: <em>\u201cEstamos partiendo con las charlas de 1000 Cient\u00edficos 1000 Aulas, abrimos convocatoria para cient\u00edficos, profesionales y tesistas y ahora estamos interesados en que todos los establecimientos educacionales de la regi\u00f3n tomen contacto con nosotros para recibir alguna de las charlas. El desaf\u00edo que tenemos este a\u00f1o es llegar a m\u00e1s lugares, poniendo especial \u00e9nfasis en las comunas del interior de nuestra regi\u00f3n, que son quienes adolecen de iniciativas como estas\u201d. <\/em><\/p>\n<p>&nbsp;<\/p>\n<p>Para la Universidad de Tarapac\u00e1 Sede Iquique estas instancias son importantes para el desarrollo de la reflexi\u00f3n y el pensamiento cr\u00edtico de los ni\u00f1os y ni\u00f1as, as\u00ed como tambi\u00e9n buscan fortalecer sus aprendizajes logrados en el aula.<\/p>\n<p>Finalmente, se informa que el \u201c1000 Cient\u00edficos 1000 Aulas\u201d se mantiene abierto hasta el mes de noviembre y se invita a los cient\u00edficos, investigadores, profesionales, tesistas y comunidad cient\u00edfica en general a inscribir sus charlas y por otro lado a las profesoras y profesores a tomar las charlas disponibles en el correo electr\u00f3nico <a href=\"mailto:paula.escobar.explora@gmail.com\">paula.escobar.explora@gmail.com<\/a>. Adem\u00e1s, el PAR Explora invita a la comunidad a acercarse a sus nuevas dependencias, ubicadas en Baquedano 1335. \u00a1Qu\u00e9 viva la ciencia entretenida!<\/p>\n","protected":false},"excerpt":{"rendered":"<p>*En el Colegio Cat\u00f3lico Nazaret se realizaron dos charlas con la tem\u00e1tica \u201cEl Sol\u201d. &nbsp; El pasado 23 de mayo el Colegio Cat\u00f3lico Nazaret, ubicado el sector de El Boro, de Alto Hospicio, fortaleci\u00f3 sus conocimientos con dos interesantes charlas que explicaron la importancia del sol: por una parte, del sol como estrella y por [&hellip;]<\/p>\n","protected":false},"author":18,"featured_media":38378,"comment_status":"open","ping_status":"open","sticky":false,"template":"","format":"standard","meta":{"_acf_changed":false,"_exactmetrics_skip_tracking":false,"_exactmetrics_sitenote_active":false,"_exactmetrics_sitenote_note":"","_exactmetrics_sitenote_category":0,"footnotes":"","_links_to":"","_links_to_target":""},"categories":[143,4],"tags":[],"class_list":["post-38377","post","type-post","status-publish","format-standard","has-post-thumbnail","hentry","category-lugar-8","category-noticias"],"acf":[],"yoast_head":"<!-- This site is optimized with the Yoast SEO plugin v26.9 - https:\/\/yoast.com\/product\/yoast-seo-wordpress\/ -->\n<title>Con dos charlas se inaugur\u00f3 en Alto Hospicio \u201c1000 Cient\u00edfic@s 1000 Aulas\u201d de Explora - Tarapaca<\/title>\n<meta name=\"robots\" content=\"index, follow, max-snippet:-1, max-image-preview:large, max-video-preview:-1\" \/>\n<link rel=\"canonical\" href=\"https:\/\/explora.cl\/tarapaca\/con-dos-charlas-se-inauguro-en-alto-hospicio-el-1000-cientificos-1000-aulas-de-explora\/\" class=\"yoast-seo-meta-tag\" \/>\n<meta property=\"og:locale\" content=\"es_ES\" class=\"yoast-seo-meta-tag\" \/>\n<meta property=\"og:type\" content=\"article\" class=\"yoast-seo-meta-tag\" \/>\n<meta property=\"og:title\" content=\"Con dos charlas se inaugur\u00f3 en Alto Hospicio \u201c1000 Cient\u00edfic@s 1000 Aulas\u201d de Explora - Tarapaca\" class=\"yoast-seo-meta-tag\" \/>\n<meta property=\"og:description\" content=\"*En el Colegio Cat\u00f3lico Nazaret se realizaron dos charlas con la tem\u00e1tica \u201cEl Sol\u201d. &nbsp; El pasado 23 de mayo el Colegio Cat\u00f3lico Nazaret, ubicado el sector de El Boro, de Alto Hospicio, fortaleci\u00f3 sus conocimientos con dos interesantes charlas que explicaron la importancia del sol: por una parte, del sol como estrella y por [&hellip;]\" class=\"yoast-seo-meta-tag\" \/>\n<meta property=\"og:url\" content=\"https:\/\/explora.cl\/tarapaca\/con-dos-charlas-se-inauguro-en-alto-hospicio-el-1000-cientificos-1000-aulas-de-explora\/\" class=\"yoast-seo-meta-tag\" \/>\n<meta property=\"og:site_name\" content=\"Tarapaca\" class=\"yoast-seo-meta-tag\" \/>\n<meta property=\"article:published_time\" content=\"2019-06-07T13:49:01+00:00\" class=\"yoast-seo-meta-tag\" \/>\n<meta property=\"article:modified_time\" content=\"2019-10-09T16:46:28+00:00\" class=\"yoast-seo-meta-tag\" \/>\n<meta property=\"og:image\" content=\"https:\/\/explora.cl\/tarapaca\/wp-content\/uploads\/sites\/3\/2019\/06\/02_sergiogonzalez.jpg\" class=\"yoast-seo-meta-tag\" \/>\n\t<meta property=\"og:image:width\" content=\"750\" class=\"yoast-seo-meta-tag\" \/>\n\t<meta property=\"og:image:height\" content=\"500\" class=\"yoast-seo-meta-tag\" \/>\n\t<meta property=\"og:image:type\" content=\"image\/jpeg\" class=\"yoast-seo-meta-tag\" \/>\n<meta name=\"author\" content=\"admintarapaca\" class=\"yoast-seo-meta-tag\" \/>\n<meta name=\"twitter:card\" content=\"summary_large_image\" class=\"yoast-seo-meta-tag\" \/>\n<meta name=\"twitter:label1\" content=\"Escrito por\" class=\"yoast-seo-meta-tag\" \/>\n\t<meta name=\"twitter:data1\" content=\"admintarapaca\" class=\"yoast-seo-meta-tag\" \/>\n\t<meta name=\"twitter:label2\" content=\"Tiempo estimado de lectura\" class=\"yoast-seo-meta-tag\" \/>\n\t<meta name=\"twitter:data2\" content=\"3 minutos\" class=\"yoast-seo-meta-tag\" \/>\n<script type=\"application\/ld+json\" class=\"yoast-schema-graph\">{\"@context\":\"https:\/\/schema.org\",\"@graph\":[{\"@type\":\"Article\",\"@id\":\"https:\/\/explora.cl\/tarapaca\/con-dos-charlas-se-inauguro-en-alto-hospicio-el-1000-cientificos-1000-aulas-de-explora\/#article\",\"isPartOf\":{\"@id\":\"https:\/\/explora.cl\/tarapaca\/con-dos-charlas-se-inauguro-en-alto-hospicio-el-1000-cientificos-1000-aulas-de-explora\/\"},\"author\":{\"name\":\"admintarapaca\",\"@id\":\"https:\/\/explora.cl\/tarapaca\/#\/schema\/person\/ca04f8a8f8e25243bd462d34eb1ca505\"},\"headline\":\"Con dos charlas se inaugur\u00f3 en Alto Hospicio \u201c1000 Cient\u00edfic@s 1000 Aulas\u201d de Explora\",\"datePublished\":\"2019-06-07T13:49:01+00:00\",\"dateModified\":\"2019-10-09T16:46:28+00:00\",\"mainEntityOfPage\":{\"@id\":\"https:\/\/explora.cl\/tarapaca\/con-dos-charlas-se-inauguro-en-alto-hospicio-el-1000-cientificos-1000-aulas-de-explora\/\"},\"wordCount\":573,\"commentCount\":0,\"image\":{\"@id\":\"https:\/\/explora.cl\/tarapaca\/con-dos-charlas-se-inauguro-en-alto-hospicio-el-1000-cientificos-1000-aulas-de-explora\/#primaryimage\"},\"thumbnailUrl\":\"https:\/\/explora.cl\/tarapaca\/wp-content\/uploads\/sites\/3\/2019\/06\/02_sergiogonzalez.jpg\",\"articleSection\":[\"Lugar 8\",\"Noticias\"],\"inLanguage\":\"es-CL\",\"potentialAction\":[{\"@type\":\"CommentAction\",\"name\":\"Comment\",\"target\":[\"https:\/\/explora.cl\/tarapaca\/con-dos-charlas-se-inauguro-en-alto-hospicio-el-1000-cientificos-1000-aulas-de-explora\/#respond\"]}]},{\"@type\":\"WebPage\",\"@id\":\"https:\/\/explora.cl\/tarapaca\/con-dos-charlas-se-inauguro-en-alto-hospicio-el-1000-cientificos-1000-aulas-de-explora\/\",\"url\":\"https:\/\/explora.cl\/tarapaca\/con-dos-charlas-se-inauguro-en-alto-hospicio-el-1000-cientificos-1000-aulas-de-explora\/\",\"name\":\"Con dos charlas se inaugur\u00f3 en Alto Hospicio \u201c1000 Cient\u00edfic@s 1000 Aulas\u201d de Explora - Tarapaca\",\"isPartOf\":{\"@id\":\"https:\/\/explora.cl\/tarapaca\/#website\"},\"primaryImageOfPage\":{\"@id\":\"https:\/\/explora.cl\/tarapaca\/con-dos-charlas-se-inauguro-en-alto-hospicio-el-1000-cientificos-1000-aulas-de-explora\/#primaryimage\"},\"image\":{\"@id\":\"https:\/\/explora.cl\/tarapaca\/con-dos-charlas-se-inauguro-en-alto-hospicio-el-1000-cientificos-1000-aulas-de-explora\/#primaryimage\"},\"thumbnailUrl\":\"https:\/\/explora.cl\/tarapaca\/wp-content\/uploads\/sites\/3\/2019\/06\/02_sergiogonzalez.jpg\",\"datePublished\":\"2019-06-07T13:49:01+00:00\",\"dateModified\":\"2019-10-09T16:46:28+00:00\",\"author\":{\"@id\":\"https:\/\/explora.cl\/tarapaca\/#\/schema\/person\/ca04f8a8f8e25243bd462d34eb1ca505\"},\"breadcrumb\":{\"@id\":\"https:\/\/explora.cl\/tarapaca\/con-dos-charlas-se-inauguro-en-alto-hospicio-el-1000-cientificos-1000-aulas-de-explora\/#breadcrumb\"},\"inLanguage\":\"es-CL\",\"potentialAction\":[{\"@type\":\"ReadAction\",\"target\":[\"https:\/\/explora.cl\/tarapaca\/con-dos-charlas-se-inauguro-en-alto-hospicio-el-1000-cientificos-1000-aulas-de-explora\/\"]}]},{\"@type\":\"ImageObject\",\"inLanguage\":\"es-CL\",\"@id\":\"https:\/\/explora.cl\/tarapaca\/con-dos-charlas-se-inauguro-en-alto-hospicio-el-1000-cientificos-1000-aulas-de-explora\/#primaryimage\",\"url\":\"https:\/\/explora.cl\/tarapaca\/wp-content\/uploads\/sites\/3\/2019\/06\/02_sergiogonzalez.jpg\",\"contentUrl\":\"https:\/\/explora.cl\/tarapaca\/wp-content\/uploads\/sites\/3\/2019\/06\/02_sergiogonzalez.jpg\",\"width\":750,\"height\":500},{\"@type\":\"BreadcrumbList\",\"@id\":\"https:\/\/explora.cl\/tarapaca\/con-dos-charlas-se-inauguro-en-alto-hospicio-el-1000-cientificos-1000-aulas-de-explora\/#breadcrumb\",\"itemListElement\":[{\"@type\":\"ListItem\",\"position\":1,\"name\":\"Portada\",\"item\":\"https:\/\/explora.cl\/tarapaca\/\"},{\"@type\":\"ListItem\",\"position\":2,\"name\":\"Con dos charlas se inaugur\u00f3 en Alto Hospicio \u201c1000 Cient\u00edfic@s 1000 Aulas\u201d de Explora\"}]},{\"@type\":\"WebSite\",\"@id\":\"https:\/\/explora.cl\/tarapaca\/#website\",\"url\":\"https:\/\/explora.cl\/tarapaca\/\",\"name\":\"Tarapaca\",\"description\":\"Otro sitio m\u00e1s de explora.cl\",\"potentialAction\":[{\"@type\":\"SearchAction\",\"target\":{\"@type\":\"EntryPoint\",\"urlTemplate\":\"https:\/\/explora.cl\/tarapaca\/?s={search_term_string}\"},\"query-input\":{\"@type\":\"PropertyValueSpecification\",\"valueRequired\":true,\"valueName\":\"search_term_string\"}}],\"inLanguage\":\"es-CL\"},{\"@type\":\"Person\",\"@id\":\"https:\/\/explora.cl\/tarapaca\/#\/schema\/person\/ca04f8a8f8e25243bd462d34eb1ca505\",\"name\":\"admintarapaca\",\"image\":{\"@type\":\"ImageObject\",\"inLanguage\":\"es-CL\",\"@id\":\"https:\/\/explora.cl\/tarapaca\/#\/schema\/person\/image\/\",\"url\":\"https:\/\/secure.gravatar.com\/avatar\/8ff4762fabbf7a1732a126425c82d628f08ba754529d77a55358cbb74e14343f?s=96&d=mm&r=g\",\"contentUrl\":\"https:\/\/secure.gravatar.com\/avatar\/8ff4762fabbf7a1732a126425c82d628f08ba754529d77a55358cbb74e14343f?s=96&d=mm&r=g\",\"caption\":\"admintarapaca\"},\"url\":\"https:\/\/explora.cl\/tarapaca\/author\/dolivares\/\"}]}<\/script>\n<!-- \/ Yoast SEO plugin. -->","yoast_head_json":{"title":"Con dos charlas se inaugur\u00f3 en Alto Hospicio \u201c1000 Cient\u00edfic@s 1000 Aulas\u201d de Explora - Tarapaca","robots":{"index":"index","follow":"follow","max-snippet":"max-snippet:-1","max-image-preview":"max-image-preview:large","max-video-preview":"max-video-preview:-1"},"canonical":"https:\/\/explora.cl\/tarapaca\/con-dos-charlas-se-inauguro-en-alto-hospicio-el-1000-cientificos-1000-aulas-de-explora\/","og_locale":"es_ES","og_type":"article","og_title":"Con dos charlas se inaugur\u00f3 en Alto Hospicio \u201c1000 Cient\u00edfic@s 1000 Aulas\u201d de Explora - Tarapaca","og_description":"*En el Colegio Cat\u00f3lico Nazaret se realizaron dos charlas con la tem\u00e1tica \u201cEl Sol\u201d. &nbsp; El pasado 23 de mayo el Colegio Cat\u00f3lico Nazaret, ubicado el sector de El Boro, de Alto Hospicio, fortaleci\u00f3 sus conocimientos con dos interesantes charlas que explicaron la importancia del sol: por una parte, del sol como estrella y por [&hellip;]","og_url":"https:\/\/explora.cl\/tarapaca\/con-dos-charlas-se-inauguro-en-alto-hospicio-el-1000-cientificos-1000-aulas-de-explora\/","og_site_name":"Tarapaca","article_published_time":"2019-06-07T13:49:01+00:00","article_modified_time":"2019-10-09T16:46:28+00:00","og_image":[{"width":750,"height":500,"url":"https:\/\/explora.cl\/tarapaca\/wp-content\/uploads\/sites\/3\/2019\/06\/02_sergiogonzalez.jpg","type":"image\/jpeg"}],"author":"admintarapaca","twitter_card":"summary_large_image","twitter_misc":{"Escrito por":"admintarapaca","Tiempo estimado de lectura":"3 minutos"},"schema":{"@context":"https:\/\/schema.org","@graph":[{"@type":"Article","@id":"https:\/\/explora.cl\/tarapaca\/con-dos-charlas-se-inauguro-en-alto-hospicio-el-1000-cientificos-1000-aulas-de-explora\/#article","isPartOf":{"@id":"https:\/\/explora.cl\/tarapaca\/con-dos-charlas-se-inauguro-en-alto-hospicio-el-1000-cientificos-1000-aulas-de-explora\/"},"author":{"name":"admintarapaca","@id":"https:\/\/explora.cl\/tarapaca\/#\/schema\/person\/ca04f8a8f8e25243bd462d34eb1ca505"},"headline":"Con dos charlas se inaugur\u00f3 en Alto Hospicio \u201c1000 Cient\u00edfic@s 1000 Aulas\u201d de Explora","datePublished":"2019-06-07T13:49:01+00:00","dateModified":"2019-10-09T16:46:28+00:00","mainEntityOfPage":{"@id":"https:\/\/explora.cl\/tarapaca\/con-dos-charlas-se-inauguro-en-alto-hospicio-el-1000-cientificos-1000-aulas-de-explora\/"},"wordCount":573,"commentCount":0,"image":{"@id":"https:\/\/explora.cl\/tarapaca\/con-dos-charlas-se-inauguro-en-alto-hospicio-el-1000-cientificos-1000-aulas-de-explora\/#primaryimage"},"thumbnailUrl":"https:\/\/explora.cl\/tarapaca\/wp-content\/uploads\/sites\/3\/2019\/06\/02_sergiogonzalez.jpg","articleSection":["Lugar 8","Noticias"],"inLanguage":"es-CL","potentialAction":[{"@type":"CommentAction","name":"Comment","target":["https:\/\/explora.cl\/tarapaca\/con-dos-charlas-se-inauguro-en-alto-hospicio-el-1000-cientificos-1000-aulas-de-explora\/#respond"]}]},{"@type":"WebPage","@id":"https:\/\/explora.cl\/tarapaca\/con-dos-charlas-se-inauguro-en-alto-hospicio-el-1000-cientificos-1000-aulas-de-explora\/","url":"https:\/\/explora.cl\/tarapaca\/con-dos-charlas-se-inauguro-en-alto-hospicio-el-1000-cientificos-1000-aulas-de-explora\/","name":"Con dos charlas se inaugur\u00f3 en Alto Hospicio \u201c1000 Cient\u00edfic@s 1000 Aulas\u201d de Explora - Tarapaca","isPartOf":{"@id":"https:\/\/explora.cl\/tarapaca\/#website"},"primaryImageOfPage":{"@id":"https:\/\/explora.cl\/tarapaca\/con-dos-charlas-se-inauguro-en-alto-hospicio-el-1000-cientificos-1000-aulas-de-explora\/#primaryimage"},"image":{"@id":"https:\/\/explora.cl\/tarapaca\/con-dos-charlas-se-inauguro-en-alto-hospicio-el-1000-cientificos-1000-aulas-de-explora\/#primaryimage"},"thumbnailUrl":"https:\/\/explora.cl\/tarapaca\/wp-content\/uploads\/sites\/3\/2019\/06\/02_sergiogonzalez.jpg","datePublished":"2019-06-07T13:49:01+00:00","dateModified":"2019-10-09T16:46:28+00:00","author":{"@id":"https:\/\/explora.cl\/tarapaca\/#\/schema\/person\/ca04f8a8f8e25243bd462d34eb1ca505"},"breadcrumb":{"@id":"https:\/\/explora.cl\/tarapaca\/con-dos-charlas-se-inauguro-en-alto-hospicio-el-1000-cientificos-1000-aulas-de-explora\/#breadcrumb"},"inLanguage":"es-CL","potentialAction":[{"@type":"ReadAction","target":["https:\/\/explora.cl\/tarapaca\/con-dos-charlas-se-inauguro-en-alto-hospicio-el-1000-cientificos-1000-aulas-de-explora\/"]}]},{"@type":"ImageObject","inLanguage":"es-CL","@id":"https:\/\/explora.cl\/tarapaca\/con-dos-charlas-se-inauguro-en-alto-hospicio-el-1000-cientificos-1000-aulas-de-explora\/#primaryimage","url":"https:\/\/explora.cl\/tarapaca\/wp-content\/uploads\/sites\/3\/2019\/06\/02_sergiogonzalez.jpg","contentUrl":"https:\/\/explora.cl\/tarapaca\/wp-content\/uploads\/sites\/3\/2019\/06\/02_sergiogonzalez.jpg","width":750,"height":500},{"@type":"BreadcrumbList","@id":"https:\/\/explora.cl\/tarapaca\/con-dos-charlas-se-inauguro-en-alto-hospicio-el-1000-cientificos-1000-aulas-de-explora\/#breadcrumb","itemListElement":[{"@type":"ListItem","position":1,"name":"Portada","item":"https:\/\/explora.cl\/tarapaca\/"},{"@type":"ListItem","position":2,"name":"Con dos charlas se inaugur\u00f3 en Alto Hospicio \u201c1000 Cient\u00edfic@s 1000 Aulas\u201d de Explora"}]},{"@type":"WebSite","@id":"https:\/\/explora.cl\/tarapaca\/#website","url":"https:\/\/explora.cl\/tarapaca\/","name":"Tarapaca","description":"Otro sitio m\u00e1s de explora.cl","potentialAction":[{"@type":"SearchAction","target":{"@type":"EntryPoint","urlTemplate":"https:\/\/explora.cl\/tarapaca\/?s={search_term_string}"},"query-input":{"@type":"PropertyValueSpecification","valueRequired":true,"valueName":"search_term_string"}}],"inLanguage":"es-CL"},{"@type":"Person","@id":"https:\/\/explora.cl\/tarapaca\/#\/schema\/person\/ca04f8a8f8e25243bd462d34eb1ca505","name":"admintarapaca","image":{"@type":"ImageObject","inLanguage":"es-CL","@id":"https:\/\/explora.cl\/tarapaca\/#\/schema\/person\/image\/","url":"https:\/\/secure.gravatar.com\/avatar\/8ff4762fabbf7a1732a126425c82d628f08ba754529d77a55358cbb74e14343f?s=96&d=mm&r=g","contentUrl":"https:\/\/secure.gravatar.com\/avatar\/8ff4762fabbf7a1732a126425c82d628f08ba754529d77a55358cbb74e14343f?s=96&d=mm&r=g","caption":"admintarapaca"},"url":"https:\/\/explora.cl\/tarapaca\/author\/dolivares\/"}]}},"_links":{"self":[{"href":"https:\/\/explora.cl\/tarapaca\/wp-json\/wp\/v2\/posts\/38377","targetHints":{"allow":["GET"]}}],"collection":[{"href":"https:\/\/explora.cl\/tarapaca\/wp-json\/wp\/v2\/posts"}],"about":[{"href":"https:\/\/explora.cl\/tarapaca\/wp-json\/wp\/v2\/types\/post"}],"author":[{"embeddable":true,"href":"https:\/\/explora.cl\/tarapaca\/wp-json\/wp\/v2\/users\/18"}],"replies":[{"embeddable":true,"href":"https:\/\/explora.cl\/tarapaca\/wp-json\/wp\/v2\/comments?post=38377"}],"version-history":[{"count":3,"href":"https:\/\/explora.cl\/tarapaca\/wp-json\/wp\/v2\/posts\/38377\/revisions"}],"predecessor-version":[{"id":38554,"href":"https:\/\/explora.cl\/tarapaca\/wp-json\/wp\/v2\/posts\/38377\/revisions\/38554"}],"wp:featuredmedia":[{"embeddable":true,"href":"https:\/\/explora.cl\/tarapaca\/wp-json\/wp\/v2\/media\/38378"}],"wp:attachment":[{"href":"https:\/\/explora.cl\/tarapaca\/wp-json\/wp\/v2\/media?parent=38377"}],"wp:term":[{"taxonomy":"category","embeddable":true,"href":"https:\/\/explora.cl\/tarapaca\/wp-json\/wp\/v2\/categories?post=38377"},{"taxonomy":"post_tag","embeddable":true,"href":"https:\/\/explora.cl\/tarapaca\/wp-json\/wp\/v2\/tags?post=38377"}],"curies":[{"name":"wp","href":"https:\/\/api.w.org\/{rel}","templated":true}]}}