{"id":33164,"date":"2019-04-18T04:14:34","date_gmt":"2019-04-18T04:14:34","guid":{"rendered":"https:\/\/explora.cl\/tarapaca\/?p=33164"},"modified":"2019-11-20T14:14:16","modified_gmt":"2019-11-20T17:14:16","slug":"congreso-regional-de-investigacion-escolar-2","status":"publish","type":"post","link":"https:\/\/explora.cl\/tarapaca\/congreso-regional-de-investigacion-escolar-2\/","title":{"rendered":"Congreso Regional de Investigaci\u00f3n Escolar"},"content":{"rendered":"<p>El Congreso Regional Escolar de Investigaci\u00f3n Escolar es un encuentro de divulgaci\u00f3n de investigaciones escolares, donde estudiantes entre 5\u00b0 a\u00f1o de Educaci\u00f3n B\u00e1sica a 4\u00b0 a\u00f1o de Educaci\u00f3n Media, de establecimientos p\u00fablicos, particulares subvencionados y particulares pagados, presentan los resultados de sus proyectos de investigaci\u00f3n, basados en los procesos asociados al desarrollo de competencias cient\u00edficas. A su vez es una plataforma para compartir, conocer e interactuar con otros, ni\u00f1os, ni\u00f1as y adolescentes de otras comunas y contextos.<\/p>\n<p>Este a\u00f1o se presenta en su versi\u00f3n XVI y espera recibir iniciativas de toda la regi\u00f3n de Tarapac\u00e1. Al final de este sitio web puedes encontrar toda la documentaci\u00f3n necesaria para la postulaci\u00f3n de las iniciativas de investigaci\u00f3n cient\u00edfica escolar.<\/p>\n<p>Para cualquier duda o consulta, no dudes en escribirnos al correo electr\u00f3nico: <strong>mildren.araya.explora@gmail.com<\/strong><\/p>\n<p><a href=\"https:\/\/explora.cl\/tarapaca\/quienes-somos\/\" target=\"_blank\" class=\"vc-btn\">PARA INSCRIBIRTE CONT\u00c1CTATE AQU\u00cd<\/a><\/p>\n<p><a href=\"https:\/\/explora.cl\/tarapaca\/wp-content\/uploads\/sites\/3\/2019\/06\/LIBRORESUMENES_CONGRESO2018.pdf\" target=\"_blank\" class=\"vc-btn\">DESCARGAR LIBRO RES\u00daMENES<\/a><\/p>\n<p><a href=\"https:\/\/explora.cl\/wp-content\/uploads\/2019\/06\/GuiaCNDocentes.pdf\" target=\"_blank\" class=\"vc-btn\">GU\u00cdA DE INVESTIGACI\u00d3N EN CIENCIAS NATURALES PARA DOCENTES (PDF)<\/a><\/p>\n<p><a href=\"https:\/\/explora.cl\/wp-content\/uploads\/2019\/06\/GuiaCSdocentes.pdf\" class=\"vc-btn\">GU\u00cdA DE INVESTIGACI\u00d3N EN CIENCIAS SOCIALES PARA DOCENTES (PDF)<\/a><\/p>\n<p><a href=\"https:\/\/explora.cl\/wp-content\/uploads\/2019\/06\/GuiaCNEstudiantes.pdf\" class=\"vc-btn\">GU\u00cdA DE INVESTIGACI\u00d3N EN CIENCIAS NATURALES PARA ESTUDIANTES (PDF)<\/a><\/p>\n<p><a href=\"https:\/\/explora.cl\/wp-content\/uploads\/2019\/06\/GuiaCSestudiantes.pdf\" class=\"vc-btn\">GU\u00cdA DE INVESTIGACI\u00d3N EN CIENCIAS SOCIALES PARA ESTUDIANTES (PDF)<\/a><\/p>\n","protected":false},"excerpt":{"rendered":"<p>Cient\u00edficos, investigadores y divulgadores pueden participar como expositores o jurados en esta instancia que exhiben los resultados de las investigaciones cient\u00edficas escolares (ICE) m\u00e1s destacadas de la regi\u00f3n.<\/p>\n","protected":false},"author":2,"featured_media":33383,"comment_status":"closed","ping_status":"open","sticky":false,"template":"","format":"standard","meta":{"_acf_changed":false,"_exactmetrics_skip_tracking":false,"_exactmetrics_sitenote_active":false,"_exactmetrics_sitenote_note":"","_exactmetrics_sitenote_category":0,"footnotes":"","_links_to":"","_links_to_target":""},"categories":[128,121],"tags":[],"class_list":["post-33164","post","type-post","status-publish","format-standard","has-post-thumbnail","hentry","category-eventos_publ_grl","category-para-divulgadores"],"acf":[],"yoast_head":"<!-- This site is optimized with the Yoast SEO plugin v26.9 - https:\/\/yoast.com\/product\/yoast-seo-wordpress\/ -->\n<title>Congreso Regional de Investigaci\u00f3n Escolar - Tarapaca<\/title>\n<meta name=\"robots\" content=\"index, follow, max-snippet:-1, max-image-preview:large, max-video-preview:-1\" \/>\n<link rel=\"canonical\" href=\"https:\/\/explora.cl\/tarapaca\/congreso-regional-de-investigacion-escolar-2\/\" class=\"yoast-seo-meta-tag\" \/>\n<meta property=\"og:locale\" content=\"es_ES\" class=\"yoast-seo-meta-tag\" \/>\n<meta property=\"og:type\" content=\"article\" class=\"yoast-seo-meta-tag\" \/>\n<meta property=\"og:title\" content=\"Congreso Regional de Investigaci\u00f3n Escolar - Tarapaca\" class=\"yoast-seo-meta-tag\" \/>\n<meta property=\"og:description\" content=\"Cient\u00edficos, investigadores y divulgadores pueden participar como expositores o jurados en esta instancia que exhiben los resultados de las investigaciones cient\u00edficas escolares (ICE) m\u00e1s destacadas de la regi\u00f3n.\" class=\"yoast-seo-meta-tag\" \/>\n<meta property=\"og:url\" content=\"https:\/\/explora.cl\/tarapaca\/congreso-regional-de-investigacion-escolar-2\/\" class=\"yoast-seo-meta-tag\" \/>\n<meta property=\"og:site_name\" content=\"Tarapaca\" class=\"yoast-seo-meta-tag\" \/>\n<meta property=\"article:published_time\" content=\"2019-04-18T04:14:34+00:00\" class=\"yoast-seo-meta-tag\" \/>\n<meta property=\"article:modified_time\" content=\"2019-11-20T17:14:16+00:00\" class=\"yoast-seo-meta-tag\" \/>\n<meta property=\"og:image\" content=\"https:\/\/explora.cl\/tarapaca\/wp-content\/uploads\/sites\/3\/2019\/04\/Congreso-Regional-de-Ciencias.jpg\" class=\"yoast-seo-meta-tag\" \/>\n\t<meta property=\"og:image:width\" content=\"1100\" class=\"yoast-seo-meta-tag\" \/>\n\t<meta property=\"og:image:height\" content=\"734\" class=\"yoast-seo-meta-tag\" \/>\n\t<meta property=\"og:image:type\" content=\"image\/jpeg\" class=\"yoast-seo-meta-tag\" \/>\n<meta name=\"author\" content=\"webman\" class=\"yoast-seo-meta-tag\" \/>\n<meta name=\"twitter:card\" content=\"summary_large_image\" class=\"yoast-seo-meta-tag\" \/>\n<meta name=\"twitter:label1\" content=\"Escrito por\" class=\"yoast-seo-meta-tag\" \/>\n\t<meta name=\"twitter:data1\" content=\"webman\" class=\"yoast-seo-meta-tag\" \/>\n\t<meta name=\"twitter:label2\" content=\"Tiempo estimado de lectura\" class=\"yoast-seo-meta-tag\" \/>\n\t<meta name=\"twitter:data2\" content=\"1 minuto\" class=\"yoast-seo-meta-tag\" \/>\n<script type=\"application\/ld+json\" class=\"yoast-schema-graph\">{\"@context\":\"https:\/\/schema.org\",\"@graph\":[{\"@type\":\"Article\",\"@id\":\"https:\/\/explora.cl\/tarapaca\/congreso-regional-de-investigacion-escolar-2\/#article\",\"isPartOf\":{\"@id\":\"https:\/\/explora.cl\/tarapaca\/congreso-regional-de-investigacion-escolar-2\/\"},\"author\":{\"name\":\"webman\",\"@id\":\"https:\/\/explora.cl\/tarapaca\/#\/schema\/person\/cb8349c13ea2d324080adf8480d7ba5d\"},\"headline\":\"Congreso Regional de Investigaci\u00f3n Escolar\",\"datePublished\":\"2019-04-18T04:14:34+00:00\",\"dateModified\":\"2019-11-20T17:14:16+00:00\",\"mainEntityOfPage\":{\"@id\":\"https:\/\/explora.cl\/tarapaca\/congreso-regional-de-investigacion-escolar-2\/\"},\"wordCount\":211,\"image\":{\"@id\":\"https:\/\/explora.cl\/tarapaca\/congreso-regional-de-investigacion-escolar-2\/#primaryimage\"},\"thumbnailUrl\":\"https:\/\/explora.cl\/tarapaca\/wp-content\/uploads\/sites\/3\/2019\/04\/Congreso-Regional-de-Ciencias.jpg\",\"articleSection\":[\"Jornada Especial del Campamento de CTCI ExploraVa!\",\"Para Divulgadores\"],\"inLanguage\":\"es-CL\"},{\"@type\":\"WebPage\",\"@id\":\"https:\/\/explora.cl\/tarapaca\/congreso-regional-de-investigacion-escolar-2\/\",\"url\":\"https:\/\/explora.cl\/tarapaca\/congreso-regional-de-investigacion-escolar-2\/\",\"name\":\"Congreso Regional de Investigaci\u00f3n Escolar - Tarapaca\",\"isPartOf\":{\"@id\":\"https:\/\/explora.cl\/tarapaca\/#website\"},\"primaryImageOfPage\":{\"@id\":\"https:\/\/explora.cl\/tarapaca\/congreso-regional-de-investigacion-escolar-2\/#primaryimage\"},\"image\":{\"@id\":\"https:\/\/explora.cl\/tarapaca\/congreso-regional-de-investigacion-escolar-2\/#primaryimage\"},\"thumbnailUrl\":\"https:\/\/explora.cl\/tarapaca\/wp-content\/uploads\/sites\/3\/2019\/04\/Congreso-Regional-de-Ciencias.jpg\",\"datePublished\":\"2019-04-18T04:14:34+00:00\",\"dateModified\":\"2019-11-20T17:14:16+00:00\",\"author\":{\"@id\":\"https:\/\/explora.cl\/tarapaca\/#\/schema\/person\/cb8349c13ea2d324080adf8480d7ba5d\"},\"breadcrumb\":{\"@id\":\"https:\/\/explora.cl\/tarapaca\/congreso-regional-de-investigacion-escolar-2\/#breadcrumb\"},\"inLanguage\":\"es-CL\",\"potentialAction\":[{\"@type\":\"ReadAction\",\"target\":[\"https:\/\/explora.cl\/tarapaca\/congreso-regional-de-investigacion-escolar-2\/\"]}]},{\"@type\":\"ImageObject\",\"inLanguage\":\"es-CL\",\"@id\":\"https:\/\/explora.cl\/tarapaca\/congreso-regional-de-investigacion-escolar-2\/#primaryimage\",\"url\":\"https:\/\/explora.cl\/tarapaca\/wp-content\/uploads\/sites\/3\/2019\/04\/Congreso-Regional-de-Ciencias.jpg\",\"contentUrl\":\"https:\/\/explora.cl\/tarapaca\/wp-content\/uploads\/sites\/3\/2019\/04\/Congreso-Regional-de-Ciencias.jpg\",\"width\":1100,\"height\":734},{\"@type\":\"BreadcrumbList\",\"@id\":\"https:\/\/explora.cl\/tarapaca\/congreso-regional-de-investigacion-escolar-2\/#breadcrumb\",\"itemListElement\":[{\"@type\":\"ListItem\",\"position\":1,\"name\":\"Portada\",\"item\":\"https:\/\/explora.cl\/tarapaca\/\"},{\"@type\":\"ListItem\",\"position\":2,\"name\":\"Congreso Regional de Investigaci\u00f3n Escolar\"}]},{\"@type\":\"WebSite\",\"@id\":\"https:\/\/explora.cl\/tarapaca\/#website\",\"url\":\"https:\/\/explora.cl\/tarapaca\/\",\"name\":\"Tarapaca\",\"description\":\"Otro sitio m\u00e1s de explora.cl\",\"potentialAction\":[{\"@type\":\"SearchAction\",\"target\":{\"@type\":\"EntryPoint\",\"urlTemplate\":\"https:\/\/explora.cl\/tarapaca\/?s={search_term_string}\"},\"query-input\":{\"@type\":\"PropertyValueSpecification\",\"valueRequired\":true,\"valueName\":\"search_term_string\"}}],\"inLanguage\":\"es-CL\"},{\"@type\":\"Person\",\"@id\":\"https:\/\/explora.cl\/tarapaca\/#\/schema\/person\/cb8349c13ea2d324080adf8480d7ba5d\",\"name\":\"webman\",\"image\":{\"@type\":\"ImageObject\",\"inLanguage\":\"es-CL\",\"@id\":\"https:\/\/explora.cl\/tarapaca\/#\/schema\/person\/image\/\",\"url\":\"https:\/\/secure.gravatar.com\/avatar\/eeff3c82f2c02f7177d13663b7e6f890e9a6a0647ce9bb29cae02dcb094c7312?s=96&d=mm&r=g\",\"contentUrl\":\"https:\/\/secure.gravatar.com\/avatar\/eeff3c82f2c02f7177d13663b7e6f890e9a6a0647ce9bb29cae02dcb094c7312?s=96&d=mm&r=g\",\"caption\":\"webman\"},\"url\":\"https:\/\/explora.cl\/tarapaca\/author\/webman\/\"}]}<\/script>\n<!-- \/ Yoast SEO plugin. -->","yoast_head_json":{"title":"Congreso Regional de Investigaci\u00f3n Escolar - Tarapaca","robots":{"index":"index","follow":"follow","max-snippet":"max-snippet:-1","max-image-preview":"max-image-preview:large","max-video-preview":"max-video-preview:-1"},"canonical":"https:\/\/explora.cl\/tarapaca\/congreso-regional-de-investigacion-escolar-2\/","og_locale":"es_ES","og_type":"article","og_title":"Congreso Regional de Investigaci\u00f3n Escolar - Tarapaca","og_description":"Cient\u00edficos, investigadores y divulgadores pueden participar como expositores o jurados en esta instancia que exhiben los resultados de las investigaciones cient\u00edficas escolares (ICE) m\u00e1s destacadas de la regi\u00f3n.","og_url":"https:\/\/explora.cl\/tarapaca\/congreso-regional-de-investigacion-escolar-2\/","og_site_name":"Tarapaca","article_published_time":"2019-04-18T04:14:34+00:00","article_modified_time":"2019-11-20T17:14:16+00:00","og_image":[{"width":1100,"height":734,"url":"https:\/\/explora.cl\/tarapaca\/wp-content\/uploads\/sites\/3\/2019\/04\/Congreso-Regional-de-Ciencias.jpg","type":"image\/jpeg"}],"author":"webman","twitter_card":"summary_large_image","twitter_misc":{"Escrito por":"webman","Tiempo estimado de lectura":"1 minuto"},"schema":{"@context":"https:\/\/schema.org","@graph":[{"@type":"Article","@id":"https:\/\/explora.cl\/tarapaca\/congreso-regional-de-investigacion-escolar-2\/#article","isPartOf":{"@id":"https:\/\/explora.cl\/tarapaca\/congreso-regional-de-investigacion-escolar-2\/"},"author":{"name":"webman","@id":"https:\/\/explora.cl\/tarapaca\/#\/schema\/person\/cb8349c13ea2d324080adf8480d7ba5d"},"headline":"Congreso Regional de Investigaci\u00f3n Escolar","datePublished":"2019-04-18T04:14:34+00:00","dateModified":"2019-11-20T17:14:16+00:00","mainEntityOfPage":{"@id":"https:\/\/explora.cl\/tarapaca\/congreso-regional-de-investigacion-escolar-2\/"},"wordCount":211,"image":{"@id":"https:\/\/explora.cl\/tarapaca\/congreso-regional-de-investigacion-escolar-2\/#primaryimage"},"thumbnailUrl":"https:\/\/explora.cl\/tarapaca\/wp-content\/uploads\/sites\/3\/2019\/04\/Congreso-Regional-de-Ciencias.jpg","articleSection":["Jornada Especial del Campamento de CTCI ExploraVa!","Para Divulgadores"],"inLanguage":"es-CL"},{"@type":"WebPage","@id":"https:\/\/explora.cl\/tarapaca\/congreso-regional-de-investigacion-escolar-2\/","url":"https:\/\/explora.cl\/tarapaca\/congreso-regional-de-investigacion-escolar-2\/","name":"Congreso Regional de Investigaci\u00f3n Escolar - Tarapaca","isPartOf":{"@id":"https:\/\/explora.cl\/tarapaca\/#website"},"primaryImageOfPage":{"@id":"https:\/\/explora.cl\/tarapaca\/congreso-regional-de-investigacion-escolar-2\/#primaryimage"},"image":{"@id":"https:\/\/explora.cl\/tarapaca\/congreso-regional-de-investigacion-escolar-2\/#primaryimage"},"thumbnailUrl":"https:\/\/explora.cl\/tarapaca\/wp-content\/uploads\/sites\/3\/2019\/04\/Congreso-Regional-de-Ciencias.jpg","datePublished":"2019-04-18T04:14:34+00:00","dateModified":"2019-11-20T17:14:16+00:00","author":{"@id":"https:\/\/explora.cl\/tarapaca\/#\/schema\/person\/cb8349c13ea2d324080adf8480d7ba5d"},"breadcrumb":{"@id":"https:\/\/explora.cl\/tarapaca\/congreso-regional-de-investigacion-escolar-2\/#breadcrumb"},"inLanguage":"es-CL","potentialAction":[{"@type":"ReadAction","target":["https:\/\/explora.cl\/tarapaca\/congreso-regional-de-investigacion-escolar-2\/"]}]},{"@type":"ImageObject","inLanguage":"es-CL","@id":"https:\/\/explora.cl\/tarapaca\/congreso-regional-de-investigacion-escolar-2\/#primaryimage","url":"https:\/\/explora.cl\/tarapaca\/wp-content\/uploads\/sites\/3\/2019\/04\/Congreso-Regional-de-Ciencias.jpg","contentUrl":"https:\/\/explora.cl\/tarapaca\/wp-content\/uploads\/sites\/3\/2019\/04\/Congreso-Regional-de-Ciencias.jpg","width":1100,"height":734},{"@type":"BreadcrumbList","@id":"https:\/\/explora.cl\/tarapaca\/congreso-regional-de-investigacion-escolar-2\/#breadcrumb","itemListElement":[{"@type":"ListItem","position":1,"name":"Portada","item":"https:\/\/explora.cl\/tarapaca\/"},{"@type":"ListItem","position":2,"name":"Congreso Regional de Investigaci\u00f3n Escolar"}]},{"@type":"WebSite","@id":"https:\/\/explora.cl\/tarapaca\/#website","url":"https:\/\/explora.cl\/tarapaca\/","name":"Tarapaca","description":"Otro sitio m\u00e1s de explora.cl","potentialAction":[{"@type":"SearchAction","target":{"@type":"EntryPoint","urlTemplate":"https:\/\/explora.cl\/tarapaca\/?s={search_term_string}"},"query-input":{"@type":"PropertyValueSpecification","valueRequired":true,"valueName":"search_term_string"}}],"inLanguage":"es-CL"},{"@type":"Person","@id":"https:\/\/explora.cl\/tarapaca\/#\/schema\/person\/cb8349c13ea2d324080adf8480d7ba5d","name":"webman","image":{"@type":"ImageObject","inLanguage":"es-CL","@id":"https:\/\/explora.cl\/tarapaca\/#\/schema\/person\/image\/","url":"https:\/\/secure.gravatar.com\/avatar\/eeff3c82f2c02f7177d13663b7e6f890e9a6a0647ce9bb29cae02dcb094c7312?s=96&d=mm&r=g","contentUrl":"https:\/\/secure.gravatar.com\/avatar\/eeff3c82f2c02f7177d13663b7e6f890e9a6a0647ce9bb29cae02dcb094c7312?s=96&d=mm&r=g","caption":"webman"},"url":"https:\/\/explora.cl\/tarapaca\/author\/webman\/"}]}},"_links":{"self":[{"href":"https:\/\/explora.cl\/tarapaca\/wp-json\/wp\/v2\/posts\/33164","targetHints":{"allow":["GET"]}}],"collection":[{"href":"https:\/\/explora.cl\/tarapaca\/wp-json\/wp\/v2\/posts"}],"about":[{"href":"https:\/\/explora.cl\/tarapaca\/wp-json\/wp\/v2\/types\/post"}],"author":[{"embeddable":true,"href":"https:\/\/explora.cl\/tarapaca\/wp-json\/wp\/v2\/users\/2"}],"replies":[{"embeddable":true,"href":"https:\/\/explora.cl\/tarapaca\/wp-json\/wp\/v2\/comments?post=33164"}],"version-history":[{"count":12,"href":"https:\/\/explora.cl\/tarapaca\/wp-json\/wp\/v2\/posts\/33164\/revisions"}],"predecessor-version":[{"id":38697,"href":"https:\/\/explora.cl\/tarapaca\/wp-json\/wp\/v2\/posts\/33164\/revisions\/38697"}],"wp:featuredmedia":[{"embeddable":true,"href":"https:\/\/explora.cl\/tarapaca\/wp-json\/wp\/v2\/media\/33383"}],"wp:attachment":[{"href":"https:\/\/explora.cl\/tarapaca\/wp-json\/wp\/v2\/media?parent=33164"}],"wp:term":[{"taxonomy":"category","embeddable":true,"href":"https:\/\/explora.cl\/tarapaca\/wp-json\/wp\/v2\/categories?post=33164"},{"taxonomy":"post_tag","embeddable":true,"href":"https:\/\/explora.cl\/tarapaca\/wp-json\/wp\/v2\/tags?post=33164"}],"curies":[{"name":"wp","href":"https:\/\/api.w.org\/{rel}","templated":true}]}}