{"id":32487,"date":"2014-11-19T15:48:31","date_gmt":"2014-11-19T15:48:31","guid":{"rendered":"https:\/\/explora.cl\/tarapaca\/blog\/2014\/11\/19\/planetario-movil-en-dia-de-la-ciencia-de-escuela-basica-de-pozo-almonte\/"},"modified":"2019-05-16T02:06:20","modified_gmt":"2019-05-16T02:06:20","slug":"planetario-movil-en-dia-de-la-ciencia-de-escuela-basica-de-pozo-almonte","status":"publish","type":"post","link":"https:\/\/explora.cl\/tarapaca\/planetario-movil-en-dia-de-la-ciencia-de-escuela-basica-de-pozo-almonte\/","title":{"rendered":"Planetario M\u00f3vil en d\u00eda de la ciencia de Escuela B\u00e1sica de Pozo Almonte"},"content":{"rendered":"<p><img fetchpriority=\"high\" decoding=\"async\" class=\" size-full wp-image-7392\" src=\"http:\/\/ec2-34-218-253-251.us-west-2.compute.amazonaws.com\/wp-content\/uploads\/2014\/11\/850a9bd13a177b57467b2c6d7c3dfec3.jpg\" alt=\"\" width=\"960\" height=\"639\" \/><\/p>\n<p>M\u00e1s de 300 estudiantes de la Escuela B\u00e1sica de Pozo Almonte visitaron el \u201cPlanetario Digital M\u00f3vil\u201d, el que fue llevado a la localidad por motivo de la realizaci\u00f3n del \u201cD\u00eda de la Ciencia\u201d en el establecimiento.<\/p>\n<p>Los estudiantes ingresaron al domo presenciando proyecciones digitales sobre el universo y fen\u00f3menos naturales a la vanguardia de la tecnolog\u00eda.<\/p>\n<p>\u00a0<strong>Planetario Digital M\u00f3vil<\/strong><\/p>\n<p>El \u201cPlanetario Digital M\u00f3vil\u201d es un instrumento destinado a incentivar y promover en la regi\u00f3n un capital humano calificado, esto implica incrementar sus niveles de ciencia y tecnolog\u00eda, pero ante todo reeducar a la gente, desde los primeros niveles educacionales para analizar la manera de ver y entender el mundo, donde nuestra cultura, pueblo y personas tienen una cosmovisi\u00f3n regional\u00a0 y se trasmite a trav\u00e9s de la educaci\u00f3n y comunicaci\u00f3n.<\/p>\n<p>\u00a0 Benjam\u00edn V\u00e1squez, estudiante de primer a\u00f1o b\u00e1sico, se\u00f1al\u00f3 su agrado por el planetario manifestando \u201cme gust\u00f3 \u00a0mucho ver los dinosaurios, las c\u00e9lulas y todas las im\u00e1genes proyectadas\u201d.<\/p>\n<p>\u00a0<\/p>\n","protected":false},"excerpt":{"rendered":"<p>M\u00e1s de 300 estudiantes de la Escuela B\u00e1sica de Pozo Almonte visitaron el \u201cPlanetario Digital M\u00f3vil\u201d, el que fue llevado a la localidad por motivo de la realizaci\u00f3n del \u201cD\u00eda de la Ciencia\u201d en el establecimiento. Los estudiantes ingresaron al domo presenciando proyecciones digitales sobre el universo y fen\u00f3menos naturales a la vanguardia de la [&hellip;]<\/p>\n","protected":false},"author":2,"featured_media":7392,"comment_status":"closed","ping_status":"open","sticky":false,"template":"","format":"standard","meta":{"_acf_changed":false,"_exactmetrics_skip_tracking":false,"_exactmetrics_sitenote_active":false,"_exactmetrics_sitenote_note":"","_exactmetrics_sitenote_category":0,"footnotes":"","_links_to":"","_links_to_target":""},"categories":[4],"tags":[],"class_list":["post-32487","post","type-post","status-publish","format-standard","has-post-thumbnail","hentry","category-noticias"],"acf":[],"yoast_head":"<!-- This site is optimized with the Yoast SEO plugin v26.9 - https:\/\/yoast.com\/product\/yoast-seo-wordpress\/ -->\n<title>Planetario M\u00f3vil en d\u00eda de la ciencia de Escuela B\u00e1sica de Pozo Almonte - Tarapaca<\/title>\n<meta name=\"robots\" content=\"index, follow, max-snippet:-1, max-image-preview:large, max-video-preview:-1\" \/>\n<link rel=\"canonical\" href=\"https:\/\/explora.cl\/tarapaca\/planetario-movil-en-dia-de-la-ciencia-de-escuela-basica-de-pozo-almonte\/\" class=\"yoast-seo-meta-tag\" \/>\n<meta property=\"og:locale\" content=\"es_ES\" class=\"yoast-seo-meta-tag\" \/>\n<meta property=\"og:type\" content=\"article\" class=\"yoast-seo-meta-tag\" \/>\n<meta property=\"og:title\" content=\"Planetario M\u00f3vil en d\u00eda de la ciencia de Escuela B\u00e1sica de Pozo Almonte - Tarapaca\" class=\"yoast-seo-meta-tag\" \/>\n<meta property=\"og:description\" content=\"M\u00e1s de 300 estudiantes de la Escuela B\u00e1sica de Pozo Almonte visitaron el \u201cPlanetario Digital M\u00f3vil\u201d, el que fue llevado a la localidad por motivo de la realizaci\u00f3n del \u201cD\u00eda de la Ciencia\u201d en el establecimiento. Los estudiantes ingresaron al domo presenciando proyecciones digitales sobre el universo y fen\u00f3menos naturales a la vanguardia de la [&hellip;]\" class=\"yoast-seo-meta-tag\" \/>\n<meta property=\"og:url\" content=\"https:\/\/explora.cl\/tarapaca\/planetario-movil-en-dia-de-la-ciencia-de-escuela-basica-de-pozo-almonte\/\" class=\"yoast-seo-meta-tag\" \/>\n<meta property=\"og:site_name\" content=\"Tarapaca\" class=\"yoast-seo-meta-tag\" \/>\n<meta property=\"article:published_time\" content=\"2014-11-19T15:48:31+00:00\" class=\"yoast-seo-meta-tag\" \/>\n<meta property=\"article:modified_time\" content=\"2019-05-16T02:06:20+00:00\" class=\"yoast-seo-meta-tag\" \/>\n<meta name=\"author\" content=\"webman\" class=\"yoast-seo-meta-tag\" \/>\n<meta name=\"twitter:card\" content=\"summary_large_image\" class=\"yoast-seo-meta-tag\" \/>\n<meta name=\"twitter:label1\" content=\"Escrito por\" class=\"yoast-seo-meta-tag\" \/>\n\t<meta name=\"twitter:data1\" content=\"webman\" class=\"yoast-seo-meta-tag\" \/>\n\t<meta name=\"twitter:label2\" content=\"Tiempo estimado de lectura\" class=\"yoast-seo-meta-tag\" \/>\n\t<meta name=\"twitter:data2\" content=\"1 minuto\" class=\"yoast-seo-meta-tag\" \/>\n<script type=\"application\/ld+json\" class=\"yoast-schema-graph\">{\"@context\":\"https:\/\/schema.org\",\"@graph\":[{\"@type\":\"Article\",\"@id\":\"https:\/\/explora.cl\/tarapaca\/planetario-movil-en-dia-de-la-ciencia-de-escuela-basica-de-pozo-almonte\/#article\",\"isPartOf\":{\"@id\":\"https:\/\/explora.cl\/tarapaca\/planetario-movil-en-dia-de-la-ciencia-de-escuela-basica-de-pozo-almonte\/\"},\"author\":{\"name\":\"webman\",\"@id\":\"https:\/\/explora.cl\/tarapaca\/#\/schema\/person\/cb8349c13ea2d324080adf8480d7ba5d\"},\"headline\":\"Planetario M\u00f3vil en d\u00eda de la ciencia de Escuela B\u00e1sica de Pozo Almonte\",\"datePublished\":\"2014-11-19T15:48:31+00:00\",\"dateModified\":\"2019-05-16T02:06:20+00:00\",\"mainEntityOfPage\":{\"@id\":\"https:\/\/explora.cl\/tarapaca\/planetario-movil-en-dia-de-la-ciencia-de-escuela-basica-de-pozo-almonte\/\"},\"wordCount\":193,\"image\":{\"@id\":\"https:\/\/explora.cl\/tarapaca\/planetario-movil-en-dia-de-la-ciencia-de-escuela-basica-de-pozo-almonte\/#primaryimage\"},\"thumbnailUrl\":\"\",\"articleSection\":[\"Noticias\"],\"inLanguage\":\"es-CL\"},{\"@type\":\"WebPage\",\"@id\":\"https:\/\/explora.cl\/tarapaca\/planetario-movil-en-dia-de-la-ciencia-de-escuela-basica-de-pozo-almonte\/\",\"url\":\"https:\/\/explora.cl\/tarapaca\/planetario-movil-en-dia-de-la-ciencia-de-escuela-basica-de-pozo-almonte\/\",\"name\":\"Planetario M\u00f3vil en d\u00eda de la ciencia de Escuela B\u00e1sica de Pozo Almonte - Tarapaca\",\"isPartOf\":{\"@id\":\"https:\/\/explora.cl\/tarapaca\/#website\"},\"primaryImageOfPage\":{\"@id\":\"https:\/\/explora.cl\/tarapaca\/planetario-movil-en-dia-de-la-ciencia-de-escuela-basica-de-pozo-almonte\/#primaryimage\"},\"image\":{\"@id\":\"https:\/\/explora.cl\/tarapaca\/planetario-movil-en-dia-de-la-ciencia-de-escuela-basica-de-pozo-almonte\/#primaryimage\"},\"thumbnailUrl\":\"\",\"datePublished\":\"2014-11-19T15:48:31+00:00\",\"dateModified\":\"2019-05-16T02:06:20+00:00\",\"author\":{\"@id\":\"https:\/\/explora.cl\/tarapaca\/#\/schema\/person\/cb8349c13ea2d324080adf8480d7ba5d\"},\"breadcrumb\":{\"@id\":\"https:\/\/explora.cl\/tarapaca\/planetario-movil-en-dia-de-la-ciencia-de-escuela-basica-de-pozo-almonte\/#breadcrumb\"},\"inLanguage\":\"es-CL\",\"potentialAction\":[{\"@type\":\"ReadAction\",\"target\":[\"https:\/\/explora.cl\/tarapaca\/planetario-movil-en-dia-de-la-ciencia-de-escuela-basica-de-pozo-almonte\/\"]}]},{\"@type\":\"ImageObject\",\"inLanguage\":\"es-CL\",\"@id\":\"https:\/\/explora.cl\/tarapaca\/planetario-movil-en-dia-de-la-ciencia-de-escuela-basica-de-pozo-almonte\/#primaryimage\",\"url\":\"\",\"contentUrl\":\"\"},{\"@type\":\"BreadcrumbList\",\"@id\":\"https:\/\/explora.cl\/tarapaca\/planetario-movil-en-dia-de-la-ciencia-de-escuela-basica-de-pozo-almonte\/#breadcrumb\",\"itemListElement\":[{\"@type\":\"ListItem\",\"position\":1,\"name\":\"Portada\",\"item\":\"https:\/\/explora.cl\/tarapaca\/\"},{\"@type\":\"ListItem\",\"position\":2,\"name\":\"Planetario M\u00f3vil en d\u00eda de la ciencia de Escuela B\u00e1sica de Pozo Almonte\"}]},{\"@type\":\"WebSite\",\"@id\":\"https:\/\/explora.cl\/tarapaca\/#website\",\"url\":\"https:\/\/explora.cl\/tarapaca\/\",\"name\":\"Tarapaca\",\"description\":\"Otro sitio m\u00e1s de explora.cl\",\"potentialAction\":[{\"@type\":\"SearchAction\",\"target\":{\"@type\":\"EntryPoint\",\"urlTemplate\":\"https:\/\/explora.cl\/tarapaca\/?s={search_term_string}\"},\"query-input\":{\"@type\":\"PropertyValueSpecification\",\"valueRequired\":true,\"valueName\":\"search_term_string\"}}],\"inLanguage\":\"es-CL\"},{\"@type\":\"Person\",\"@id\":\"https:\/\/explora.cl\/tarapaca\/#\/schema\/person\/cb8349c13ea2d324080adf8480d7ba5d\",\"name\":\"webman\",\"image\":{\"@type\":\"ImageObject\",\"inLanguage\":\"es-CL\",\"@id\":\"https:\/\/explora.cl\/tarapaca\/#\/schema\/person\/image\/\",\"url\":\"https:\/\/secure.gravatar.com\/avatar\/eeff3c82f2c02f7177d13663b7e6f890e9a6a0647ce9bb29cae02dcb094c7312?s=96&d=mm&r=g\",\"contentUrl\":\"https:\/\/secure.gravatar.com\/avatar\/eeff3c82f2c02f7177d13663b7e6f890e9a6a0647ce9bb29cae02dcb094c7312?s=96&d=mm&r=g\",\"caption\":\"webman\"},\"url\":\"https:\/\/explora.cl\/tarapaca\/author\/webman\/\"}]}<\/script>\n<!-- \/ Yoast SEO plugin. -->","yoast_head_json":{"title":"Planetario M\u00f3vil en d\u00eda de la ciencia de Escuela B\u00e1sica de Pozo Almonte - Tarapaca","robots":{"index":"index","follow":"follow","max-snippet":"max-snippet:-1","max-image-preview":"max-image-preview:large","max-video-preview":"max-video-preview:-1"},"canonical":"https:\/\/explora.cl\/tarapaca\/planetario-movil-en-dia-de-la-ciencia-de-escuela-basica-de-pozo-almonte\/","og_locale":"es_ES","og_type":"article","og_title":"Planetario M\u00f3vil en d\u00eda de la ciencia de Escuela B\u00e1sica de Pozo Almonte - Tarapaca","og_description":"M\u00e1s de 300 estudiantes de la Escuela B\u00e1sica de Pozo Almonte visitaron el \u201cPlanetario Digital M\u00f3vil\u201d, el que fue llevado a la localidad por motivo de la realizaci\u00f3n del \u201cD\u00eda de la Ciencia\u201d en el establecimiento. Los estudiantes ingresaron al domo presenciando proyecciones digitales sobre el universo y fen\u00f3menos naturales a la vanguardia de la [&hellip;]","og_url":"https:\/\/explora.cl\/tarapaca\/planetario-movil-en-dia-de-la-ciencia-de-escuela-basica-de-pozo-almonte\/","og_site_name":"Tarapaca","article_published_time":"2014-11-19T15:48:31+00:00","article_modified_time":"2019-05-16T02:06:20+00:00","author":"webman","twitter_card":"summary_large_image","twitter_misc":{"Escrito por":"webman","Tiempo estimado de lectura":"1 minuto"},"schema":{"@context":"https:\/\/schema.org","@graph":[{"@type":"Article","@id":"https:\/\/explora.cl\/tarapaca\/planetario-movil-en-dia-de-la-ciencia-de-escuela-basica-de-pozo-almonte\/#article","isPartOf":{"@id":"https:\/\/explora.cl\/tarapaca\/planetario-movil-en-dia-de-la-ciencia-de-escuela-basica-de-pozo-almonte\/"},"author":{"name":"webman","@id":"https:\/\/explora.cl\/tarapaca\/#\/schema\/person\/cb8349c13ea2d324080adf8480d7ba5d"},"headline":"Planetario M\u00f3vil en d\u00eda de la ciencia de Escuela B\u00e1sica de Pozo Almonte","datePublished":"2014-11-19T15:48:31+00:00","dateModified":"2019-05-16T02:06:20+00:00","mainEntityOfPage":{"@id":"https:\/\/explora.cl\/tarapaca\/planetario-movil-en-dia-de-la-ciencia-de-escuela-basica-de-pozo-almonte\/"},"wordCount":193,"image":{"@id":"https:\/\/explora.cl\/tarapaca\/planetario-movil-en-dia-de-la-ciencia-de-escuela-basica-de-pozo-almonte\/#primaryimage"},"thumbnailUrl":"","articleSection":["Noticias"],"inLanguage":"es-CL"},{"@type":"WebPage","@id":"https:\/\/explora.cl\/tarapaca\/planetario-movil-en-dia-de-la-ciencia-de-escuela-basica-de-pozo-almonte\/","url":"https:\/\/explora.cl\/tarapaca\/planetario-movil-en-dia-de-la-ciencia-de-escuela-basica-de-pozo-almonte\/","name":"Planetario M\u00f3vil en d\u00eda de la ciencia de Escuela B\u00e1sica de Pozo Almonte - Tarapaca","isPartOf":{"@id":"https:\/\/explora.cl\/tarapaca\/#website"},"primaryImageOfPage":{"@id":"https:\/\/explora.cl\/tarapaca\/planetario-movil-en-dia-de-la-ciencia-de-escuela-basica-de-pozo-almonte\/#primaryimage"},"image":{"@id":"https:\/\/explora.cl\/tarapaca\/planetario-movil-en-dia-de-la-ciencia-de-escuela-basica-de-pozo-almonte\/#primaryimage"},"thumbnailUrl":"","datePublished":"2014-11-19T15:48:31+00:00","dateModified":"2019-05-16T02:06:20+00:00","author":{"@id":"https:\/\/explora.cl\/tarapaca\/#\/schema\/person\/cb8349c13ea2d324080adf8480d7ba5d"},"breadcrumb":{"@id":"https:\/\/explora.cl\/tarapaca\/planetario-movil-en-dia-de-la-ciencia-de-escuela-basica-de-pozo-almonte\/#breadcrumb"},"inLanguage":"es-CL","potentialAction":[{"@type":"ReadAction","target":["https:\/\/explora.cl\/tarapaca\/planetario-movil-en-dia-de-la-ciencia-de-escuela-basica-de-pozo-almonte\/"]}]},{"@type":"ImageObject","inLanguage":"es-CL","@id":"https:\/\/explora.cl\/tarapaca\/planetario-movil-en-dia-de-la-ciencia-de-escuela-basica-de-pozo-almonte\/#primaryimage","url":"","contentUrl":""},{"@type":"BreadcrumbList","@id":"https:\/\/explora.cl\/tarapaca\/planetario-movil-en-dia-de-la-ciencia-de-escuela-basica-de-pozo-almonte\/#breadcrumb","itemListElement":[{"@type":"ListItem","position":1,"name":"Portada","item":"https:\/\/explora.cl\/tarapaca\/"},{"@type":"ListItem","position":2,"name":"Planetario M\u00f3vil en d\u00eda de la ciencia de Escuela B\u00e1sica de Pozo Almonte"}]},{"@type":"WebSite","@id":"https:\/\/explora.cl\/tarapaca\/#website","url":"https:\/\/explora.cl\/tarapaca\/","name":"Tarapaca","description":"Otro sitio m\u00e1s de explora.cl","potentialAction":[{"@type":"SearchAction","target":{"@type":"EntryPoint","urlTemplate":"https:\/\/explora.cl\/tarapaca\/?s={search_term_string}"},"query-input":{"@type":"PropertyValueSpecification","valueRequired":true,"valueName":"search_term_string"}}],"inLanguage":"es-CL"},{"@type":"Person","@id":"https:\/\/explora.cl\/tarapaca\/#\/schema\/person\/cb8349c13ea2d324080adf8480d7ba5d","name":"webman","image":{"@type":"ImageObject","inLanguage":"es-CL","@id":"https:\/\/explora.cl\/tarapaca\/#\/schema\/person\/image\/","url":"https:\/\/secure.gravatar.com\/avatar\/eeff3c82f2c02f7177d13663b7e6f890e9a6a0647ce9bb29cae02dcb094c7312?s=96&d=mm&r=g","contentUrl":"https:\/\/secure.gravatar.com\/avatar\/eeff3c82f2c02f7177d13663b7e6f890e9a6a0647ce9bb29cae02dcb094c7312?s=96&d=mm&r=g","caption":"webman"},"url":"https:\/\/explora.cl\/tarapaca\/author\/webman\/"}]}},"_links":{"self":[{"href":"https:\/\/explora.cl\/tarapaca\/wp-json\/wp\/v2\/posts\/32487","targetHints":{"allow":["GET"]}}],"collection":[{"href":"https:\/\/explora.cl\/tarapaca\/wp-json\/wp\/v2\/posts"}],"about":[{"href":"https:\/\/explora.cl\/tarapaca\/wp-json\/wp\/v2\/types\/post"}],"author":[{"embeddable":true,"href":"https:\/\/explora.cl\/tarapaca\/wp-json\/wp\/v2\/users\/2"}],"replies":[{"embeddable":true,"href":"https:\/\/explora.cl\/tarapaca\/wp-json\/wp\/v2\/comments?post=32487"}],"version-history":[{"count":1,"href":"https:\/\/explora.cl\/tarapaca\/wp-json\/wp\/v2\/posts\/32487\/revisions"}],"predecessor-version":[{"id":38220,"href":"https:\/\/explora.cl\/tarapaca\/wp-json\/wp\/v2\/posts\/32487\/revisions\/38220"}],"wp:featuredmedia":[{"embeddable":true,"href":"https:\/\/explora.cl\/tarapaca\/wp-json\/"}],"wp:attachment":[{"href":"https:\/\/explora.cl\/tarapaca\/wp-json\/wp\/v2\/media?parent=32487"}],"wp:term":[{"taxonomy":"category","embeddable":true,"href":"https:\/\/explora.cl\/tarapaca\/wp-json\/wp\/v2\/categories?post=32487"},{"taxonomy":"post_tag","embeddable":true,"href":"https:\/\/explora.cl\/tarapaca\/wp-json\/wp\/v2\/tags?post=32487"}],"curies":[{"name":"wp","href":"https:\/\/api.w.org\/{rel}","templated":true}]}}