{"id":42755,"date":"2025-09-02T14:12:15","date_gmt":"2025-09-02T18:12:15","guid":{"rendered":"https:\/\/explora.cl\/rmsurponiente\/?p=42755"},"modified":"2025-09-02T14:14:07","modified_gmt":"2025-09-02T18:14:07","slug":"autismo-comunidad-y-educacion-un-encuentro-para-construir-inclusion","status":"publish","type":"post","link":"https:\/\/explora.cl\/rmsurponiente\/autismo-comunidad-y-educacion-un-encuentro-para-construir-inclusion\/","title":{"rendered":"Autismo, Comunidad y Educaci\u00f3n: un encuentro para construir inclusi\u00f3n"},"content":{"rendered":"<p><span style=\"font-weight: 400\">El pasado <\/span><b>s\u00e1bado 30 de agosto<\/b><span style=\"font-weight: 400\"> vivimos una jornada profundamente significativa en el <\/span><b>Seminario \u201cAutismo, Comunidad y Educaci\u00f3n\u201d<\/b><span style=\"font-weight: 400\">, realizado en el <\/span><b>Auditorio de la Biblioteca Nicanor Parra de la Universidad Diego Portales<\/b><span style=\"font-weight: 400\">.<\/span><\/p>\n<p><!--more--><\/p>\n<p><span style=\"font-weight: 400\">Durante la tarde, el arte, el deporte, la educaci\u00f3n y la salud se unieron en un solo lenguaje: <\/span><b>el de la inclusi\u00f3n<\/b><span style=\"font-weight: 400\">. Fue un espacio de reflexi\u00f3n, di\u00e1logo y comunidad, donde diversas miradas se encontraron con un prop\u00f3sito com\u00fan: <\/span><b>avanzar hacia un Chile m\u00e1s emp\u00e1tico, justo e inclusivo<\/b><span style=\"font-weight: 400\">.<\/span><\/p>\n<h2><b>Voces que inspiran<\/b><\/h2>\n<p><span style=\"font-weight: 400\">La jornada cont\u00f3 con expositoras que nos invitaron a mirar el autismo desde distintas perspectivas, generando aprendizajes y emociones que quedar\u00e1n en la memoria de quienes participaron:<\/span><\/p>\n<ul>\n<li style=\"font-weight: 400\"><span style=\"font-weight: 400\">\u00a0<\/span><b>Andrea Mu\u00f1oz<\/b><span style=\"font-weight: 400\"> destac\u00f3 el valor del deporte como espacio de desarrollo y participaci\u00f3n para personas autistas.<\/span><\/li>\n<li style=\"font-weight: 400\"><b>Natalia Miralles<\/b><span style=\"font-weight: 400\"> puso \u00e9nfasis en el acceso a la cultura y la necesidad de generar ajustes razonables.<\/span><\/li>\n<li style=\"font-weight: 400\"><span style=\"font-weight: 400\">\u00a0<\/span><b>Mar\u00eda de los \u00c1ngeles Tapia<\/b><span style=\"font-weight: 400\"> nos llev\u00f3 al aula, record\u00e1ndonos que incluir tambi\u00e9n es educar.<\/span><\/li>\n<li style=\"font-weight: 400\"><span style=\"font-weight: 400\">\u00a0<\/span><b>Geraldine Sade<\/b><span style=\"font-weight: 400\"> propuso una mirada transdisciplinaria para avanzar hacia un enfoque integral.<\/span><\/li>\n<\/ul>\n<p><span style=\"font-weight: 400\">La conducci\u00f3n del seminario estuvo a cargo de <\/span><b>Natalia Betancourt<\/b><span style=\"font-weight: 400\">, parte del equipo del <\/span><b>PAR Explora Sur Poniente<\/b><span style=\"font-weight: 400\">, quien cerr\u00f3 la jornada con un mensaje claro:<\/span><\/p>\n<p><i><span style=\"font-weight: 400\">\u201cEste Seminario fue una oportunidad para aprender juntos y juntas, construyendo una comunidad m\u00e1s inclusiva y emp\u00e1tica\u201d<\/span><\/i><span style=\"font-weight: 400\">.<\/span><\/p>\n<h2><b>\u00a0<\/b><b>Testimonios que dejan huella<\/b><\/h2>\n<p><span style=\"font-weight: 400\">Las voces de quienes participaron reflejan la riqueza y el impacto de este seminario. Desde la mirada institucional hasta la experiencia pr\u00e1ctica en el deporte y la educaci\u00f3n, cada testimonio nos recuerda que la inclusi\u00f3n se construye entre todas y todos, con compromiso, aprendizaje y empat\u00eda.<\/span><\/p>\n<p><b>Dr. Roberto Lav\u00edn, Director del Programa PAR Explora Sur Poniente<\/b><b><br \/>\n<\/b><i><span style=\"font-weight: 400\"> &#8220;Esta actividad para nosotros es sumamente importante, porque uno de nuestros ejes principales es justamente la ense\u00f1anza de las neurodivergencias. Es muy importante incluirlas en el espacio del Programa Explora, porque sabemos que hay una identificaci\u00f3n del espectro de estos estudiantes que tienen capacidades muy espec\u00edficas, pero tambi\u00e9n muy altas. As\u00ed que es muy importante para nosotros que hayan asistido las charlistas y, por supuesto, los asistentes&#8221;.<\/span><\/i><\/p>\n<p><b>Marcela Pino, Profesora e Instructora de Nataci\u00f3n de la Escuela Kallfu Swim<\/b><b><br \/>\n<\/b> <i><span style=\"font-weight: 400\">&#8220;Este seminario me gust\u00f3 mucho, porque me entreg\u00f3 el conocimiento b\u00e1sico para el inicio y tambi\u00e9n para una buena programaci\u00f3n en lo que es una clase o una sesi\u00f3n en nataci\u00f3n, tanto para ni\u00f1os como para adultos. En ese sentido me ayud\u00f3, y tambi\u00e9n a entender un poco m\u00e1s, como persona, lo que es la inclusi\u00f3n, que es muy importante en estos d\u00edas&#8221;.<\/span><\/i><\/p>\n<p><span style=\"font-weight: 400\">\u00a0<\/span><b>Ximena Gonz\u00e1lez, Profesora de Educaci\u00f3n General B\u00e1sica y Media<\/b><b><br \/>\n<\/b> <i><span style=\"font-weight: 400\">&#8220;Estas instancias me entregan herramientas para poder trabajar no solamente con ni\u00f1os peque\u00f1os, sino tambi\u00e9n con adultos y adolescentes. Pero principalmente, c\u00f3mo concientizar a los padres y a todas mis colegas&#8221;.<\/span><\/i><\/p>\n<p><b>Sigamos construyendo inclusi\u00f3n<\/b><\/p>\n<p><span style=\"font-weight: 400\">Agradecemos a todas las personas que fueron parte de este espacio, aportando con sus voces, experiencias y aprendizajes. Cada reflexi\u00f3n compartida nos acerca a un futuro donde todas y todos tengamos un lugar.<\/span><\/p>\n<p><span style=\"font-weight: 400\">\u00a1Desde el PAR Explora Sur Poniente seguiremos explorando y acompa\u00f1ando caminos hacia la inclusi\u00f3n!<\/span><\/p>\n","protected":false},"excerpt":{"rendered":"<p>El pasado s\u00e1bado 30 de agosto vivimos una jornada profundamente significativa en el Seminario \u201cAutismo, Comunidad y Educaci\u00f3n\u201d, realizado en el Auditorio de la Biblioteca Nicanor Parra de la Universidad Diego Portales.<\/p>\n","protected":false},"author":47,"featured_media":42756,"comment_status":"open","ping_status":"open","sticky":false,"template":"","format":"standard","meta":{"_acf_changed":false,"_exactmetrics_skip_tracking":false,"_exactmetrics_sitenote_active":false,"_exactmetrics_sitenote_note":"","_exactmetrics_sitenote_category":0,"footnotes":"","_links_to":"","_links_to_target":""},"categories":[4],"tags":[],"class_list":["post-42755","post","type-post","status-publish","format-standard","has-post-thumbnail","hentry","category-noticias"],"acf":[],"yoast_head":"<!-- This site is optimized with the Yoast SEO plugin v26.9 - https:\/\/yoast.com\/product\/yoast-seo-wordpress\/ -->\n<title>Autismo, Comunidad y Educaci\u00f3n: un encuentro para construir inclusi\u00f3n - RM Sur Poniente<\/title>\n<meta name=\"robots\" content=\"index, follow, max-snippet:-1, max-image-preview:large, max-video-preview:-1\" \/>\n<link rel=\"canonical\" href=\"https:\/\/explora.cl\/rmsurponiente\/autismo-comunidad-y-educacion-un-encuentro-para-construir-inclusion\/\" class=\"yoast-seo-meta-tag\" \/>\n<meta property=\"og:locale\" content=\"es_ES\" class=\"yoast-seo-meta-tag\" \/>\n<meta property=\"og:type\" content=\"article\" class=\"yoast-seo-meta-tag\" \/>\n<meta property=\"og:title\" content=\"Autismo, Comunidad y Educaci\u00f3n: un encuentro para construir inclusi\u00f3n - RM Sur Poniente\" class=\"yoast-seo-meta-tag\" \/>\n<meta property=\"og:description\" content=\"El pasado s\u00e1bado 30 de agosto vivimos una jornada profundamente significativa en el Seminario \u201cAutismo, Comunidad y Educaci\u00f3n\u201d, realizado en el Auditorio de la Biblioteca Nicanor Parra de la Universidad Diego Portales.\" class=\"yoast-seo-meta-tag\" \/>\n<meta property=\"og:url\" content=\"https:\/\/explora.cl\/rmsurponiente\/autismo-comunidad-y-educacion-un-encuentro-para-construir-inclusion\/\" class=\"yoast-seo-meta-tag\" \/>\n<meta property=\"og:site_name\" content=\"RM Sur Poniente\" class=\"yoast-seo-meta-tag\" \/>\n<meta property=\"article:published_time\" content=\"2025-09-02T18:12:15+00:00\" class=\"yoast-seo-meta-tag\" \/>\n<meta property=\"article:modified_time\" content=\"2025-09-02T18:14:07+00:00\" class=\"yoast-seo-meta-tag\" \/>\n<meta property=\"og:image\" content=\"https:\/\/explora.cl\/rmsurponiente\/wp-content\/uploads\/sites\/13\/2025\/09\/Portadas-web-1.jpg\" class=\"yoast-seo-meta-tag\" \/>\n\t<meta property=\"og:image:width\" content=\"1720\" class=\"yoast-seo-meta-tag\" \/>\n\t<meta property=\"og:image:height\" content=\"955\" class=\"yoast-seo-meta-tag\" \/>\n\t<meta property=\"og:image:type\" content=\"image\/jpeg\" class=\"yoast-seo-meta-tag\" \/>\n<meta name=\"author\" content=\"Karen Alfaro\" class=\"yoast-seo-meta-tag\" \/>\n<meta name=\"twitter:card\" content=\"summary_large_image\" class=\"yoast-seo-meta-tag\" \/>\n<meta name=\"twitter:label1\" content=\"Escrito por\" class=\"yoast-seo-meta-tag\" \/>\n\t<meta name=\"twitter:data1\" content=\"Karen Alfaro\" class=\"yoast-seo-meta-tag\" \/>\n\t<meta name=\"twitter:label2\" content=\"Tiempo estimado de lectura\" class=\"yoast-seo-meta-tag\" \/>\n\t<meta name=\"twitter:data2\" content=\"3 minutos\" class=\"yoast-seo-meta-tag\" \/>\n<script type=\"application\/ld+json\" class=\"yoast-schema-graph\">{\"@context\":\"https:\/\/schema.org\",\"@graph\":[{\"@type\":\"Article\",\"@id\":\"https:\/\/explora.cl\/rmsurponiente\/autismo-comunidad-y-educacion-un-encuentro-para-construir-inclusion\/#article\",\"isPartOf\":{\"@id\":\"https:\/\/explora.cl\/rmsurponiente\/autismo-comunidad-y-educacion-un-encuentro-para-construir-inclusion\/\"},\"author\":{\"name\":\"Karen Alfaro\",\"@id\":\"https:\/\/explora.cl\/rmsurponiente\/#\/schema\/person\/b54d1e3a6f6419fd6a669611f1535842\"},\"headline\":\"Autismo, Comunidad y Educaci\u00f3n: un encuentro para construir inclusi\u00f3n\",\"datePublished\":\"2025-09-02T18:12:15+00:00\",\"dateModified\":\"2025-09-02T18:14:07+00:00\",\"mainEntityOfPage\":{\"@id\":\"https:\/\/explora.cl\/rmsurponiente\/autismo-comunidad-y-educacion-un-encuentro-para-construir-inclusion\/\"},\"wordCount\":565,\"commentCount\":0,\"image\":{\"@id\":\"https:\/\/explora.cl\/rmsurponiente\/autismo-comunidad-y-educacion-un-encuentro-para-construir-inclusion\/#primaryimage\"},\"thumbnailUrl\":\"https:\/\/explora.cl\/rmsurponiente\/wp-content\/uploads\/sites\/13\/2025\/09\/Portadas-web-1.jpg\",\"articleSection\":[\"Noticias\"],\"inLanguage\":\"es-CL\",\"potentialAction\":[{\"@type\":\"CommentAction\",\"name\":\"Comment\",\"target\":[\"https:\/\/explora.cl\/rmsurponiente\/autismo-comunidad-y-educacion-un-encuentro-para-construir-inclusion\/#respond\"]}]},{\"@type\":\"WebPage\",\"@id\":\"https:\/\/explora.cl\/rmsurponiente\/autismo-comunidad-y-educacion-un-encuentro-para-construir-inclusion\/\",\"url\":\"https:\/\/explora.cl\/rmsurponiente\/autismo-comunidad-y-educacion-un-encuentro-para-construir-inclusion\/\",\"name\":\"Autismo, Comunidad y Educaci\u00f3n: un encuentro para construir inclusi\u00f3n - RM Sur Poniente\",\"isPartOf\":{\"@id\":\"https:\/\/explora.cl\/rmsurponiente\/#website\"},\"primaryImageOfPage\":{\"@id\":\"https:\/\/explora.cl\/rmsurponiente\/autismo-comunidad-y-educacion-un-encuentro-para-construir-inclusion\/#primaryimage\"},\"image\":{\"@id\":\"https:\/\/explora.cl\/rmsurponiente\/autismo-comunidad-y-educacion-un-encuentro-para-construir-inclusion\/#primaryimage\"},\"thumbnailUrl\":\"https:\/\/explora.cl\/rmsurponiente\/wp-content\/uploads\/sites\/13\/2025\/09\/Portadas-web-1.jpg\",\"datePublished\":\"2025-09-02T18:12:15+00:00\",\"dateModified\":\"2025-09-02T18:14:07+00:00\",\"author\":{\"@id\":\"https:\/\/explora.cl\/rmsurponiente\/#\/schema\/person\/b54d1e3a6f6419fd6a669611f1535842\"},\"breadcrumb\":{\"@id\":\"https:\/\/explora.cl\/rmsurponiente\/autismo-comunidad-y-educacion-un-encuentro-para-construir-inclusion\/#breadcrumb\"},\"inLanguage\":\"es-CL\",\"potentialAction\":[{\"@type\":\"ReadAction\",\"target\":[\"https:\/\/explora.cl\/rmsurponiente\/autismo-comunidad-y-educacion-un-encuentro-para-construir-inclusion\/\"]}]},{\"@type\":\"ImageObject\",\"inLanguage\":\"es-CL\",\"@id\":\"https:\/\/explora.cl\/rmsurponiente\/autismo-comunidad-y-educacion-un-encuentro-para-construir-inclusion\/#primaryimage\",\"url\":\"https:\/\/explora.cl\/rmsurponiente\/wp-content\/uploads\/sites\/13\/2025\/09\/Portadas-web-1.jpg\",\"contentUrl\":\"https:\/\/explora.cl\/rmsurponiente\/wp-content\/uploads\/sites\/13\/2025\/09\/Portadas-web-1.jpg\",\"width\":1720,\"height\":955},{\"@type\":\"BreadcrumbList\",\"@id\":\"https:\/\/explora.cl\/rmsurponiente\/autismo-comunidad-y-educacion-un-encuentro-para-construir-inclusion\/#breadcrumb\",\"itemListElement\":[{\"@type\":\"ListItem\",\"position\":1,\"name\":\"Portada\",\"item\":\"https:\/\/explora.cl\/rmsurponiente\/\"},{\"@type\":\"ListItem\",\"position\":2,\"name\":\"Autismo, Comunidad y Educaci\u00f3n: un encuentro para construir inclusi\u00f3n\"}]},{\"@type\":\"WebSite\",\"@id\":\"https:\/\/explora.cl\/rmsurponiente\/#website\",\"url\":\"https:\/\/explora.cl\/rmsurponiente\/\",\"name\":\"RM Sur Poniente\",\"description\":\"Otro sitio m\u00e1s de explora.cl\",\"potentialAction\":[{\"@type\":\"SearchAction\",\"target\":{\"@type\":\"EntryPoint\",\"urlTemplate\":\"https:\/\/explora.cl\/rmsurponiente\/?s={search_term_string}\"},\"query-input\":{\"@type\":\"PropertyValueSpecification\",\"valueRequired\":true,\"valueName\":\"search_term_string\"}}],\"inLanguage\":\"es-CL\"},{\"@type\":\"Person\",\"@id\":\"https:\/\/explora.cl\/rmsurponiente\/#\/schema\/person\/b54d1e3a6f6419fd6a669611f1535842\",\"name\":\"Karen Alfaro\",\"image\":{\"@type\":\"ImageObject\",\"inLanguage\":\"es-CL\",\"@id\":\"https:\/\/explora.cl\/rmsurponiente\/#\/schema\/person\/image\/\",\"url\":\"https:\/\/secure.gravatar.com\/avatar\/ab105458bb2f6f5b1e4b61987051dca35b7b98fd952a98a66a5fab30117742b9?s=96&d=mm&r=g\",\"contentUrl\":\"https:\/\/secure.gravatar.com\/avatar\/ab105458bb2f6f5b1e4b61987051dca35b7b98fd952a98a66a5fab30117742b9?s=96&d=mm&r=g\",\"caption\":\"Karen Alfaro\"},\"url\":\"https:\/\/explora.cl\/rmsurponiente\/author\/kalfaro\/\"}]}<\/script>\n<!-- \/ Yoast SEO plugin. -->","yoast_head_json":{"title":"Autismo, Comunidad y Educaci\u00f3n: un encuentro para construir inclusi\u00f3n - RM Sur Poniente","robots":{"index":"index","follow":"follow","max-snippet":"max-snippet:-1","max-image-preview":"max-image-preview:large","max-video-preview":"max-video-preview:-1"},"canonical":"https:\/\/explora.cl\/rmsurponiente\/autismo-comunidad-y-educacion-un-encuentro-para-construir-inclusion\/","og_locale":"es_ES","og_type":"article","og_title":"Autismo, Comunidad y Educaci\u00f3n: un encuentro para construir inclusi\u00f3n - RM Sur Poniente","og_description":"El pasado s\u00e1bado 30 de agosto vivimos una jornada profundamente significativa en el Seminario \u201cAutismo, Comunidad y Educaci\u00f3n\u201d, realizado en el Auditorio de la Biblioteca Nicanor Parra de la Universidad Diego Portales.","og_url":"https:\/\/explora.cl\/rmsurponiente\/autismo-comunidad-y-educacion-un-encuentro-para-construir-inclusion\/","og_site_name":"RM Sur Poniente","article_published_time":"2025-09-02T18:12:15+00:00","article_modified_time":"2025-09-02T18:14:07+00:00","og_image":[{"width":1720,"height":955,"url":"https:\/\/explora.cl\/rmsurponiente\/wp-content\/uploads\/sites\/13\/2025\/09\/Portadas-web-1.jpg","type":"image\/jpeg"}],"author":"Karen Alfaro","twitter_card":"summary_large_image","twitter_misc":{"Escrito por":"Karen Alfaro","Tiempo estimado de lectura":"3 minutos"},"schema":{"@context":"https:\/\/schema.org","@graph":[{"@type":"Article","@id":"https:\/\/explora.cl\/rmsurponiente\/autismo-comunidad-y-educacion-un-encuentro-para-construir-inclusion\/#article","isPartOf":{"@id":"https:\/\/explora.cl\/rmsurponiente\/autismo-comunidad-y-educacion-un-encuentro-para-construir-inclusion\/"},"author":{"name":"Karen Alfaro","@id":"https:\/\/explora.cl\/rmsurponiente\/#\/schema\/person\/b54d1e3a6f6419fd6a669611f1535842"},"headline":"Autismo, Comunidad y Educaci\u00f3n: un encuentro para construir inclusi\u00f3n","datePublished":"2025-09-02T18:12:15+00:00","dateModified":"2025-09-02T18:14:07+00:00","mainEntityOfPage":{"@id":"https:\/\/explora.cl\/rmsurponiente\/autismo-comunidad-y-educacion-un-encuentro-para-construir-inclusion\/"},"wordCount":565,"commentCount":0,"image":{"@id":"https:\/\/explora.cl\/rmsurponiente\/autismo-comunidad-y-educacion-un-encuentro-para-construir-inclusion\/#primaryimage"},"thumbnailUrl":"https:\/\/explora.cl\/rmsurponiente\/wp-content\/uploads\/sites\/13\/2025\/09\/Portadas-web-1.jpg","articleSection":["Noticias"],"inLanguage":"es-CL","potentialAction":[{"@type":"CommentAction","name":"Comment","target":["https:\/\/explora.cl\/rmsurponiente\/autismo-comunidad-y-educacion-un-encuentro-para-construir-inclusion\/#respond"]}]},{"@type":"WebPage","@id":"https:\/\/explora.cl\/rmsurponiente\/autismo-comunidad-y-educacion-un-encuentro-para-construir-inclusion\/","url":"https:\/\/explora.cl\/rmsurponiente\/autismo-comunidad-y-educacion-un-encuentro-para-construir-inclusion\/","name":"Autismo, Comunidad y Educaci\u00f3n: un encuentro para construir inclusi\u00f3n - RM Sur Poniente","isPartOf":{"@id":"https:\/\/explora.cl\/rmsurponiente\/#website"},"primaryImageOfPage":{"@id":"https:\/\/explora.cl\/rmsurponiente\/autismo-comunidad-y-educacion-un-encuentro-para-construir-inclusion\/#primaryimage"},"image":{"@id":"https:\/\/explora.cl\/rmsurponiente\/autismo-comunidad-y-educacion-un-encuentro-para-construir-inclusion\/#primaryimage"},"thumbnailUrl":"https:\/\/explora.cl\/rmsurponiente\/wp-content\/uploads\/sites\/13\/2025\/09\/Portadas-web-1.jpg","datePublished":"2025-09-02T18:12:15+00:00","dateModified":"2025-09-02T18:14:07+00:00","author":{"@id":"https:\/\/explora.cl\/rmsurponiente\/#\/schema\/person\/b54d1e3a6f6419fd6a669611f1535842"},"breadcrumb":{"@id":"https:\/\/explora.cl\/rmsurponiente\/autismo-comunidad-y-educacion-un-encuentro-para-construir-inclusion\/#breadcrumb"},"inLanguage":"es-CL","potentialAction":[{"@type":"ReadAction","target":["https:\/\/explora.cl\/rmsurponiente\/autismo-comunidad-y-educacion-un-encuentro-para-construir-inclusion\/"]}]},{"@type":"ImageObject","inLanguage":"es-CL","@id":"https:\/\/explora.cl\/rmsurponiente\/autismo-comunidad-y-educacion-un-encuentro-para-construir-inclusion\/#primaryimage","url":"https:\/\/explora.cl\/rmsurponiente\/wp-content\/uploads\/sites\/13\/2025\/09\/Portadas-web-1.jpg","contentUrl":"https:\/\/explora.cl\/rmsurponiente\/wp-content\/uploads\/sites\/13\/2025\/09\/Portadas-web-1.jpg","width":1720,"height":955},{"@type":"BreadcrumbList","@id":"https:\/\/explora.cl\/rmsurponiente\/autismo-comunidad-y-educacion-un-encuentro-para-construir-inclusion\/#breadcrumb","itemListElement":[{"@type":"ListItem","position":1,"name":"Portada","item":"https:\/\/explora.cl\/rmsurponiente\/"},{"@type":"ListItem","position":2,"name":"Autismo, Comunidad y Educaci\u00f3n: un encuentro para construir inclusi\u00f3n"}]},{"@type":"WebSite","@id":"https:\/\/explora.cl\/rmsurponiente\/#website","url":"https:\/\/explora.cl\/rmsurponiente\/","name":"RM Sur Poniente","description":"Otro sitio m\u00e1s de explora.cl","potentialAction":[{"@type":"SearchAction","target":{"@type":"EntryPoint","urlTemplate":"https:\/\/explora.cl\/rmsurponiente\/?s={search_term_string}"},"query-input":{"@type":"PropertyValueSpecification","valueRequired":true,"valueName":"search_term_string"}}],"inLanguage":"es-CL"},{"@type":"Person","@id":"https:\/\/explora.cl\/rmsurponiente\/#\/schema\/person\/b54d1e3a6f6419fd6a669611f1535842","name":"Karen Alfaro","image":{"@type":"ImageObject","inLanguage":"es-CL","@id":"https:\/\/explora.cl\/rmsurponiente\/#\/schema\/person\/image\/","url":"https:\/\/secure.gravatar.com\/avatar\/ab105458bb2f6f5b1e4b61987051dca35b7b98fd952a98a66a5fab30117742b9?s=96&d=mm&r=g","contentUrl":"https:\/\/secure.gravatar.com\/avatar\/ab105458bb2f6f5b1e4b61987051dca35b7b98fd952a98a66a5fab30117742b9?s=96&d=mm&r=g","caption":"Karen Alfaro"},"url":"https:\/\/explora.cl\/rmsurponiente\/author\/kalfaro\/"}]}},"_links":{"self":[{"href":"https:\/\/explora.cl\/rmsurponiente\/wp-json\/wp\/v2\/posts\/42755","targetHints":{"allow":["GET"]}}],"collection":[{"href":"https:\/\/explora.cl\/rmsurponiente\/wp-json\/wp\/v2\/posts"}],"about":[{"href":"https:\/\/explora.cl\/rmsurponiente\/wp-json\/wp\/v2\/types\/post"}],"author":[{"embeddable":true,"href":"https:\/\/explora.cl\/rmsurponiente\/wp-json\/wp\/v2\/users\/47"}],"replies":[{"embeddable":true,"href":"https:\/\/explora.cl\/rmsurponiente\/wp-json\/wp\/v2\/comments?post=42755"}],"version-history":[{"count":3,"href":"https:\/\/explora.cl\/rmsurponiente\/wp-json\/wp\/v2\/posts\/42755\/revisions"}],"predecessor-version":[{"id":42759,"href":"https:\/\/explora.cl\/rmsurponiente\/wp-json\/wp\/v2\/posts\/42755\/revisions\/42759"}],"wp:featuredmedia":[{"embeddable":true,"href":"https:\/\/explora.cl\/rmsurponiente\/wp-json\/wp\/v2\/media\/42756"}],"wp:attachment":[{"href":"https:\/\/explora.cl\/rmsurponiente\/wp-json\/wp\/v2\/media?parent=42755"}],"wp:term":[{"taxonomy":"category","embeddable":true,"href":"https:\/\/explora.cl\/rmsurponiente\/wp-json\/wp\/v2\/categories?post=42755"},{"taxonomy":"post_tag","embeddable":true,"href":"https:\/\/explora.cl\/rmsurponiente\/wp-json\/wp\/v2\/tags?post=42755"}],"curies":[{"name":"wp","href":"https:\/\/api.w.org\/{rel}","templated":true}]}}