{"id":42726,"date":"2025-08-18T08:44:54","date_gmt":"2025-08-18T12:44:54","guid":{"rendered":"https:\/\/explora.cl\/rmsurponiente\/?p=42726"},"modified":"2025-08-18T08:45:26","modified_gmt":"2025-08-18T12:45:26","slug":"manos-a-la-ciencia-innovar-o-investigar-esa-es-la-cuestion","status":"publish","type":"post","link":"https:\/\/explora.cl\/rmsurponiente\/manos-a-la-ciencia-innovar-o-investigar-esa-es-la-cuestion\/","title":{"rendered":"\u00a1Manos a la ciencia! Innovar o Investigar, esa es la cuesti\u00f3n"},"content":{"rendered":"<p><span style=\"font-weight: 400\">El pasado jueves 17 de julio, la ciencia escolar volvi\u00f3 a reunirnos en un espacio de preguntas, aprendizajes y comunidad. Esta vez, el lugar de encuentro fue la Facultad de Ingenier\u00eda y Ciencias de nuestra Universidad Diego Portales (UDP), donde se vivi\u00f3 una intensa jornada del Programa de Investigaci\u00f3n e Innovaci\u00f3n Escolar (IIE) del PAR Explora Sur Poniente.<\/span><\/p>\n<p><!--more--><\/p>\n<p><b>\u00bfDesarrollaremos un proyecto de Investigaci\u00f3n o uno de Innovaci\u00f3n?<\/b><\/p>\n<p><span style=\"font-weight: 400\">Esta fue la gran pregunta que gui\u00f3 la jornada, y que motiv\u00f3 a docentes y estudiantes a reflexionar en torno a sus ideas, mediante actividades l\u00fadicas, di\u00e1logos significativos y espacios de trabajo colaborativo. Una experiencia dise\u00f1ada para potenciar el enfoque de cada equipo y avanzar con mayor claridad hacia sus objetivos cient\u00edficos o innovadores.<\/span><\/p>\n<p><span style=\"font-weight: 400\">Durante este encuentro, tambi\u00e9n tuvimos la oportunidad de conocer a los equipos participantes, compartir inquietudes, identificar desaf\u00edos comunes, y sobre todo, fortalecer nuestra red de comunidades escolares que construyen ciencia con pertinencia territorial.<\/span><\/p>\n<p><b>Voces que inspiran<\/b><\/p>\n<p><span style=\"font-weight: 400\">Esta jornada no solo nos dej\u00f3 aprendizajes y desaf\u00edos, sino tambi\u00e9n valiosas reflexiones de quienes viven esta experiencia desde el coraz\u00f3n de sus comunidades escolares. Docentes comprometidos y protagonistas del proceso compartieron sus impresiones sobre esta jornada, destacando el valor del trabajo colaborativo, la motivaci\u00f3n de sus estudiantes y el impacto de metodolog\u00edas l\u00fadicas para ense\u00f1ar y aprender ciencia con sentido.<\/span><\/p>\n<p><i><span style=\"font-weight: 400\">\u201cEsperamos que con el equipo de trabajo de mi colegio, podamos mejorar la experiencia educativa en ciencias\u201d.<\/span><\/i><i><span style=\"font-weight: 400\"><br \/>\n<\/span><\/i><span style=\"font-weight: 400\"> \u2014 <\/span><b>Ren\u00e1n Pardo<\/b><span style=\"font-weight: 400\">, docente de Ciencias Naturales del Colegio Club H\u00edpico, comuna de El Bosque\u201d.<\/span><\/p>\n<p><i><span style=\"font-weight: 400\">\u201cLa actividad de hoy ha sido super buena. Es b\u00e1sicamente el paso a paso de c\u00f3mo es el m\u00e9todo cient\u00edfico a trav\u00e9s de algo muy amigable. (&#8230;) Me doy cuenta que los ni\u00f1os y ni\u00f1as han trabajado muy bien, se ve que hay un \u00e1nimo en general de los estudiantes a participar y a resolver\u201d.<\/span><\/i><i><span style=\"font-weight: 400\"><br \/>\n<\/span><\/i><span style=\"font-weight: 400\"> \u2014 <\/span><b>Fernanda Rodr\u00edguez<\/b><span style=\"font-weight: 400\">, Colegio Bicentenario Polit\u00e9cnico Alem\u00e1n Albert Einstein, comuna de Cerrillos.<\/span><\/p>\n<p><i><span style=\"font-weight: 400\">\u201cLa actividad me pareci\u00f3 super interesante. Primero que todo la acogida, el c\u00f3mo nos reciben, el equipo del proyecto son muy amables, muy cordiales y muy comprensivos tambi\u00e9n. El material que ustedes entregan para trabajar con los ni\u00f1os es muy interesante, porque es un material l\u00fadico, entretenido y a los ni\u00f1os y ni\u00f1as los hace analizar y dialogar distintos puntos de vista y eso me pareci\u00f3 muy interesante\u201d.<\/span><\/i><i><span style=\"font-weight: 400\"><br \/>\n<\/span><\/i><span style=\"font-weight: 400\"> \u2014 <\/span><b>Cindy Flores<\/b><span style=\"font-weight: 400\">, Colegio Campanario de Buin.<\/span><\/p>\n<p><span style=\"font-weight: 400\">\u00a1Gracias a todos los equipos por su compromiso, entusiasmo y creatividad!<\/span><span style=\"font-weight: 400\"><br \/>\n<\/span><span style=\"font-weight: 400\"> Y un <\/span><b>agradecimiento especial a la Facultad de Ingenier\u00eda y Ciencias de la UDP<\/b><span style=\"font-weight: 400\"> por abrir sus puertas y ser parte de esta experiencia transformadora.<\/span><\/p>\n","protected":false},"excerpt":{"rendered":"<p>El pasado jueves 17 de julio, la ciencia escolar volvi\u00f3 a reunirnos en un espacio de preguntas, aprendizajes y comunidad. Esta vez, el lugar de encuentro fue la Facultad de Ingenier\u00eda y Ciencias de nuestra Universidad Diego Portales (UDP), donde se vivi\u00f3 una intensa jornada del Programa de Investigaci\u00f3n e Innovaci\u00f3n Escolar (IIE) del PAR [&hellip;]<\/p>\n","protected":false},"author":47,"featured_media":42727,"comment_status":"open","ping_status":"open","sticky":false,"template":"","format":"standard","meta":{"_acf_changed":false,"_exactmetrics_skip_tracking":false,"_exactmetrics_sitenote_active":false,"_exactmetrics_sitenote_note":"","_exactmetrics_sitenote_category":0,"footnotes":"","_links_to":"","_links_to_target":""},"categories":[1],"tags":[],"class_list":["post-42726","post","type-post","status-publish","format-standard","has-post-thumbnail","hentry","category-sin-categoria"],"acf":[],"yoast_head":"<!-- This site is optimized with the Yoast SEO plugin v26.9 - https:\/\/yoast.com\/product\/yoast-seo-wordpress\/ -->\n<title>\u00a1Manos a la ciencia! Innovar o Investigar, esa es la cuesti\u00f3n - RM Sur Poniente<\/title>\n<meta name=\"robots\" content=\"index, follow, max-snippet:-1, max-image-preview:large, max-video-preview:-1\" \/>\n<link rel=\"canonical\" href=\"https:\/\/explora.cl\/rmsurponiente\/manos-a-la-ciencia-innovar-o-investigar-esa-es-la-cuestion\/\" class=\"yoast-seo-meta-tag\" \/>\n<meta property=\"og:locale\" content=\"es_ES\" class=\"yoast-seo-meta-tag\" \/>\n<meta property=\"og:type\" content=\"article\" class=\"yoast-seo-meta-tag\" \/>\n<meta property=\"og:title\" content=\"\u00a1Manos a la ciencia! Innovar o Investigar, esa es la cuesti\u00f3n - RM Sur Poniente\" class=\"yoast-seo-meta-tag\" \/>\n<meta property=\"og:description\" content=\"El pasado jueves 17 de julio, la ciencia escolar volvi\u00f3 a reunirnos en un espacio de preguntas, aprendizajes y comunidad. Esta vez, el lugar de encuentro fue la Facultad de Ingenier\u00eda y Ciencias de nuestra Universidad Diego Portales (UDP), donde se vivi\u00f3 una intensa jornada del Programa de Investigaci\u00f3n e Innovaci\u00f3n Escolar (IIE) del PAR [&hellip;]\" class=\"yoast-seo-meta-tag\" \/>\n<meta property=\"og:url\" content=\"https:\/\/explora.cl\/rmsurponiente\/manos-a-la-ciencia-innovar-o-investigar-esa-es-la-cuestion\/\" class=\"yoast-seo-meta-tag\" \/>\n<meta property=\"og:site_name\" content=\"RM Sur Poniente\" class=\"yoast-seo-meta-tag\" \/>\n<meta property=\"article:published_time\" content=\"2025-08-18T12:44:54+00:00\" class=\"yoast-seo-meta-tag\" \/>\n<meta property=\"article:modified_time\" content=\"2025-08-18T12:45:26+00:00\" class=\"yoast-seo-meta-tag\" \/>\n<meta property=\"og:image\" content=\"https:\/\/explora.cl\/rmsurponiente\/wp-content\/uploads\/sites\/13\/2025\/08\/Disen\u0303o-sin-ti\u0301tulo-2.jpg\" class=\"yoast-seo-meta-tag\" \/>\n\t<meta property=\"og:image:width\" content=\"1080\" class=\"yoast-seo-meta-tag\" \/>\n\t<meta property=\"og:image:height\" content=\"1080\" class=\"yoast-seo-meta-tag\" \/>\n\t<meta property=\"og:image:type\" content=\"image\/jpeg\" class=\"yoast-seo-meta-tag\" \/>\n<meta name=\"author\" content=\"Karen Alfaro\" class=\"yoast-seo-meta-tag\" \/>\n<meta name=\"twitter:card\" content=\"summary_large_image\" class=\"yoast-seo-meta-tag\" \/>\n<meta name=\"twitter:label1\" content=\"Escrito por\" class=\"yoast-seo-meta-tag\" \/>\n\t<meta name=\"twitter:data1\" content=\"Karen Alfaro\" class=\"yoast-seo-meta-tag\" \/>\n\t<meta name=\"twitter:label2\" content=\"Tiempo estimado de lectura\" class=\"yoast-seo-meta-tag\" \/>\n\t<meta name=\"twitter:data2\" content=\"3 minutos\" class=\"yoast-seo-meta-tag\" \/>\n<script type=\"application\/ld+json\" class=\"yoast-schema-graph\">{\"@context\":\"https:\/\/schema.org\",\"@graph\":[{\"@type\":\"Article\",\"@id\":\"https:\/\/explora.cl\/rmsurponiente\/manos-a-la-ciencia-innovar-o-investigar-esa-es-la-cuestion\/#article\",\"isPartOf\":{\"@id\":\"https:\/\/explora.cl\/rmsurponiente\/manos-a-la-ciencia-innovar-o-investigar-esa-es-la-cuestion\/\"},\"author\":{\"name\":\"Karen Alfaro\",\"@id\":\"https:\/\/explora.cl\/rmsurponiente\/#\/schema\/person\/b54d1e3a6f6419fd6a669611f1535842\"},\"headline\":\"\u00a1Manos a la ciencia! Innovar o Investigar, esa es la cuesti\u00f3n\",\"datePublished\":\"2025-08-18T12:44:54+00:00\",\"dateModified\":\"2025-08-18T12:45:26+00:00\",\"mainEntityOfPage\":{\"@id\":\"https:\/\/explora.cl\/rmsurponiente\/manos-a-la-ciencia-innovar-o-investigar-esa-es-la-cuestion\/\"},\"wordCount\":472,\"commentCount\":0,\"image\":{\"@id\":\"https:\/\/explora.cl\/rmsurponiente\/manos-a-la-ciencia-innovar-o-investigar-esa-es-la-cuestion\/#primaryimage\"},\"thumbnailUrl\":\"https:\/\/explora.cl\/rmsurponiente\/wp-content\/uploads\/sites\/13\/2025\/08\/Disen\u0303o-sin-ti\u0301tulo-2.jpg\",\"inLanguage\":\"es-CL\",\"potentialAction\":[{\"@type\":\"CommentAction\",\"name\":\"Comment\",\"target\":[\"https:\/\/explora.cl\/rmsurponiente\/manos-a-la-ciencia-innovar-o-investigar-esa-es-la-cuestion\/#respond\"]}]},{\"@type\":\"WebPage\",\"@id\":\"https:\/\/explora.cl\/rmsurponiente\/manos-a-la-ciencia-innovar-o-investigar-esa-es-la-cuestion\/\",\"url\":\"https:\/\/explora.cl\/rmsurponiente\/manos-a-la-ciencia-innovar-o-investigar-esa-es-la-cuestion\/\",\"name\":\"\u00a1Manos a la ciencia! Innovar o Investigar, esa es la cuesti\u00f3n - RM Sur Poniente\",\"isPartOf\":{\"@id\":\"https:\/\/explora.cl\/rmsurponiente\/#website\"},\"primaryImageOfPage\":{\"@id\":\"https:\/\/explora.cl\/rmsurponiente\/manos-a-la-ciencia-innovar-o-investigar-esa-es-la-cuestion\/#primaryimage\"},\"image\":{\"@id\":\"https:\/\/explora.cl\/rmsurponiente\/manos-a-la-ciencia-innovar-o-investigar-esa-es-la-cuestion\/#primaryimage\"},\"thumbnailUrl\":\"https:\/\/explora.cl\/rmsurponiente\/wp-content\/uploads\/sites\/13\/2025\/08\/Disen\u0303o-sin-ti\u0301tulo-2.jpg\",\"datePublished\":\"2025-08-18T12:44:54+00:00\",\"dateModified\":\"2025-08-18T12:45:26+00:00\",\"author\":{\"@id\":\"https:\/\/explora.cl\/rmsurponiente\/#\/schema\/person\/b54d1e3a6f6419fd6a669611f1535842\"},\"breadcrumb\":{\"@id\":\"https:\/\/explora.cl\/rmsurponiente\/manos-a-la-ciencia-innovar-o-investigar-esa-es-la-cuestion\/#breadcrumb\"},\"inLanguage\":\"es-CL\",\"potentialAction\":[{\"@type\":\"ReadAction\",\"target\":[\"https:\/\/explora.cl\/rmsurponiente\/manos-a-la-ciencia-innovar-o-investigar-esa-es-la-cuestion\/\"]}]},{\"@type\":\"ImageObject\",\"inLanguage\":\"es-CL\",\"@id\":\"https:\/\/explora.cl\/rmsurponiente\/manos-a-la-ciencia-innovar-o-investigar-esa-es-la-cuestion\/#primaryimage\",\"url\":\"https:\/\/explora.cl\/rmsurponiente\/wp-content\/uploads\/sites\/13\/2025\/08\/Disen\u0303o-sin-ti\u0301tulo-2.jpg\",\"contentUrl\":\"https:\/\/explora.cl\/rmsurponiente\/wp-content\/uploads\/sites\/13\/2025\/08\/Disen\u0303o-sin-ti\u0301tulo-2.jpg\",\"width\":1080,\"height\":1080},{\"@type\":\"BreadcrumbList\",\"@id\":\"https:\/\/explora.cl\/rmsurponiente\/manos-a-la-ciencia-innovar-o-investigar-esa-es-la-cuestion\/#breadcrumb\",\"itemListElement\":[{\"@type\":\"ListItem\",\"position\":1,\"name\":\"Portada\",\"item\":\"https:\/\/explora.cl\/rmsurponiente\/\"},{\"@type\":\"ListItem\",\"position\":2,\"name\":\"\u00a1Manos a la ciencia! Innovar o Investigar, esa es la cuesti\u00f3n\"}]},{\"@type\":\"WebSite\",\"@id\":\"https:\/\/explora.cl\/rmsurponiente\/#website\",\"url\":\"https:\/\/explora.cl\/rmsurponiente\/\",\"name\":\"RM Sur Poniente\",\"description\":\"Otro sitio m\u00e1s de explora.cl\",\"potentialAction\":[{\"@type\":\"SearchAction\",\"target\":{\"@type\":\"EntryPoint\",\"urlTemplate\":\"https:\/\/explora.cl\/rmsurponiente\/?s={search_term_string}\"},\"query-input\":{\"@type\":\"PropertyValueSpecification\",\"valueRequired\":true,\"valueName\":\"search_term_string\"}}],\"inLanguage\":\"es-CL\"},{\"@type\":\"Person\",\"@id\":\"https:\/\/explora.cl\/rmsurponiente\/#\/schema\/person\/b54d1e3a6f6419fd6a669611f1535842\",\"name\":\"Karen Alfaro\",\"image\":{\"@type\":\"ImageObject\",\"inLanguage\":\"es-CL\",\"@id\":\"https:\/\/explora.cl\/rmsurponiente\/#\/schema\/person\/image\/\",\"url\":\"https:\/\/secure.gravatar.com\/avatar\/ab105458bb2f6f5b1e4b61987051dca35b7b98fd952a98a66a5fab30117742b9?s=96&d=mm&r=g\",\"contentUrl\":\"https:\/\/secure.gravatar.com\/avatar\/ab105458bb2f6f5b1e4b61987051dca35b7b98fd952a98a66a5fab30117742b9?s=96&d=mm&r=g\",\"caption\":\"Karen Alfaro\"},\"url\":\"https:\/\/explora.cl\/rmsurponiente\/author\/kalfaro\/\"}]}<\/script>\n<!-- \/ Yoast SEO plugin. -->","yoast_head_json":{"title":"\u00a1Manos a la ciencia! Innovar o Investigar, esa es la cuesti\u00f3n - RM Sur Poniente","robots":{"index":"index","follow":"follow","max-snippet":"max-snippet:-1","max-image-preview":"max-image-preview:large","max-video-preview":"max-video-preview:-1"},"canonical":"https:\/\/explora.cl\/rmsurponiente\/manos-a-la-ciencia-innovar-o-investigar-esa-es-la-cuestion\/","og_locale":"es_ES","og_type":"article","og_title":"\u00a1Manos a la ciencia! Innovar o Investigar, esa es la cuesti\u00f3n - RM Sur Poniente","og_description":"El pasado jueves 17 de julio, la ciencia escolar volvi\u00f3 a reunirnos en un espacio de preguntas, aprendizajes y comunidad. Esta vez, el lugar de encuentro fue la Facultad de Ingenier\u00eda y Ciencias de nuestra Universidad Diego Portales (UDP), donde se vivi\u00f3 una intensa jornada del Programa de Investigaci\u00f3n e Innovaci\u00f3n Escolar (IIE) del PAR [&hellip;]","og_url":"https:\/\/explora.cl\/rmsurponiente\/manos-a-la-ciencia-innovar-o-investigar-esa-es-la-cuestion\/","og_site_name":"RM Sur Poniente","article_published_time":"2025-08-18T12:44:54+00:00","article_modified_time":"2025-08-18T12:45:26+00:00","og_image":[{"width":1080,"height":1080,"url":"https:\/\/explora.cl\/rmsurponiente\/wp-content\/uploads\/sites\/13\/2025\/08\/Disen\u0303o-sin-ti\u0301tulo-2.jpg","type":"image\/jpeg"}],"author":"Karen Alfaro","twitter_card":"summary_large_image","twitter_misc":{"Escrito por":"Karen Alfaro","Tiempo estimado de lectura":"3 minutos"},"schema":{"@context":"https:\/\/schema.org","@graph":[{"@type":"Article","@id":"https:\/\/explora.cl\/rmsurponiente\/manos-a-la-ciencia-innovar-o-investigar-esa-es-la-cuestion\/#article","isPartOf":{"@id":"https:\/\/explora.cl\/rmsurponiente\/manos-a-la-ciencia-innovar-o-investigar-esa-es-la-cuestion\/"},"author":{"name":"Karen Alfaro","@id":"https:\/\/explora.cl\/rmsurponiente\/#\/schema\/person\/b54d1e3a6f6419fd6a669611f1535842"},"headline":"\u00a1Manos a la ciencia! Innovar o Investigar, esa es la cuesti\u00f3n","datePublished":"2025-08-18T12:44:54+00:00","dateModified":"2025-08-18T12:45:26+00:00","mainEntityOfPage":{"@id":"https:\/\/explora.cl\/rmsurponiente\/manos-a-la-ciencia-innovar-o-investigar-esa-es-la-cuestion\/"},"wordCount":472,"commentCount":0,"image":{"@id":"https:\/\/explora.cl\/rmsurponiente\/manos-a-la-ciencia-innovar-o-investigar-esa-es-la-cuestion\/#primaryimage"},"thumbnailUrl":"https:\/\/explora.cl\/rmsurponiente\/wp-content\/uploads\/sites\/13\/2025\/08\/Disen\u0303o-sin-ti\u0301tulo-2.jpg","inLanguage":"es-CL","potentialAction":[{"@type":"CommentAction","name":"Comment","target":["https:\/\/explora.cl\/rmsurponiente\/manos-a-la-ciencia-innovar-o-investigar-esa-es-la-cuestion\/#respond"]}]},{"@type":"WebPage","@id":"https:\/\/explora.cl\/rmsurponiente\/manos-a-la-ciencia-innovar-o-investigar-esa-es-la-cuestion\/","url":"https:\/\/explora.cl\/rmsurponiente\/manos-a-la-ciencia-innovar-o-investigar-esa-es-la-cuestion\/","name":"\u00a1Manos a la ciencia! Innovar o Investigar, esa es la cuesti\u00f3n - RM Sur Poniente","isPartOf":{"@id":"https:\/\/explora.cl\/rmsurponiente\/#website"},"primaryImageOfPage":{"@id":"https:\/\/explora.cl\/rmsurponiente\/manos-a-la-ciencia-innovar-o-investigar-esa-es-la-cuestion\/#primaryimage"},"image":{"@id":"https:\/\/explora.cl\/rmsurponiente\/manos-a-la-ciencia-innovar-o-investigar-esa-es-la-cuestion\/#primaryimage"},"thumbnailUrl":"https:\/\/explora.cl\/rmsurponiente\/wp-content\/uploads\/sites\/13\/2025\/08\/Disen\u0303o-sin-ti\u0301tulo-2.jpg","datePublished":"2025-08-18T12:44:54+00:00","dateModified":"2025-08-18T12:45:26+00:00","author":{"@id":"https:\/\/explora.cl\/rmsurponiente\/#\/schema\/person\/b54d1e3a6f6419fd6a669611f1535842"},"breadcrumb":{"@id":"https:\/\/explora.cl\/rmsurponiente\/manos-a-la-ciencia-innovar-o-investigar-esa-es-la-cuestion\/#breadcrumb"},"inLanguage":"es-CL","potentialAction":[{"@type":"ReadAction","target":["https:\/\/explora.cl\/rmsurponiente\/manos-a-la-ciencia-innovar-o-investigar-esa-es-la-cuestion\/"]}]},{"@type":"ImageObject","inLanguage":"es-CL","@id":"https:\/\/explora.cl\/rmsurponiente\/manos-a-la-ciencia-innovar-o-investigar-esa-es-la-cuestion\/#primaryimage","url":"https:\/\/explora.cl\/rmsurponiente\/wp-content\/uploads\/sites\/13\/2025\/08\/Disen\u0303o-sin-ti\u0301tulo-2.jpg","contentUrl":"https:\/\/explora.cl\/rmsurponiente\/wp-content\/uploads\/sites\/13\/2025\/08\/Disen\u0303o-sin-ti\u0301tulo-2.jpg","width":1080,"height":1080},{"@type":"BreadcrumbList","@id":"https:\/\/explora.cl\/rmsurponiente\/manos-a-la-ciencia-innovar-o-investigar-esa-es-la-cuestion\/#breadcrumb","itemListElement":[{"@type":"ListItem","position":1,"name":"Portada","item":"https:\/\/explora.cl\/rmsurponiente\/"},{"@type":"ListItem","position":2,"name":"\u00a1Manos a la ciencia! Innovar o Investigar, esa es la cuesti\u00f3n"}]},{"@type":"WebSite","@id":"https:\/\/explora.cl\/rmsurponiente\/#website","url":"https:\/\/explora.cl\/rmsurponiente\/","name":"RM Sur Poniente","description":"Otro sitio m\u00e1s de explora.cl","potentialAction":[{"@type":"SearchAction","target":{"@type":"EntryPoint","urlTemplate":"https:\/\/explora.cl\/rmsurponiente\/?s={search_term_string}"},"query-input":{"@type":"PropertyValueSpecification","valueRequired":true,"valueName":"search_term_string"}}],"inLanguage":"es-CL"},{"@type":"Person","@id":"https:\/\/explora.cl\/rmsurponiente\/#\/schema\/person\/b54d1e3a6f6419fd6a669611f1535842","name":"Karen Alfaro","image":{"@type":"ImageObject","inLanguage":"es-CL","@id":"https:\/\/explora.cl\/rmsurponiente\/#\/schema\/person\/image\/","url":"https:\/\/secure.gravatar.com\/avatar\/ab105458bb2f6f5b1e4b61987051dca35b7b98fd952a98a66a5fab30117742b9?s=96&d=mm&r=g","contentUrl":"https:\/\/secure.gravatar.com\/avatar\/ab105458bb2f6f5b1e4b61987051dca35b7b98fd952a98a66a5fab30117742b9?s=96&d=mm&r=g","caption":"Karen Alfaro"},"url":"https:\/\/explora.cl\/rmsurponiente\/author\/kalfaro\/"}]}},"_links":{"self":[{"href":"https:\/\/explora.cl\/rmsurponiente\/wp-json\/wp\/v2\/posts\/42726","targetHints":{"allow":["GET"]}}],"collection":[{"href":"https:\/\/explora.cl\/rmsurponiente\/wp-json\/wp\/v2\/posts"}],"about":[{"href":"https:\/\/explora.cl\/rmsurponiente\/wp-json\/wp\/v2\/types\/post"}],"author":[{"embeddable":true,"href":"https:\/\/explora.cl\/rmsurponiente\/wp-json\/wp\/v2\/users\/47"}],"replies":[{"embeddable":true,"href":"https:\/\/explora.cl\/rmsurponiente\/wp-json\/wp\/v2\/comments?post=42726"}],"version-history":[{"count":1,"href":"https:\/\/explora.cl\/rmsurponiente\/wp-json\/wp\/v2\/posts\/42726\/revisions"}],"predecessor-version":[{"id":42728,"href":"https:\/\/explora.cl\/rmsurponiente\/wp-json\/wp\/v2\/posts\/42726\/revisions\/42728"}],"wp:featuredmedia":[{"embeddable":true,"href":"https:\/\/explora.cl\/rmsurponiente\/wp-json\/wp\/v2\/media\/42727"}],"wp:attachment":[{"href":"https:\/\/explora.cl\/rmsurponiente\/wp-json\/wp\/v2\/media?parent=42726"}],"wp:term":[{"taxonomy":"category","embeddable":true,"href":"https:\/\/explora.cl\/rmsurponiente\/wp-json\/wp\/v2\/categories?post=42726"},{"taxonomy":"post_tag","embeddable":true,"href":"https:\/\/explora.cl\/rmsurponiente\/wp-json\/wp\/v2\/tags?post=42726"}],"curies":[{"name":"wp","href":"https:\/\/api.w.org\/{rel}","templated":true}]}}