{"id":42720,"date":"2025-08-18T08:04:35","date_gmt":"2025-08-18T12:04:35","guid":{"rendered":"https:\/\/explora.cl\/rmsurponiente\/?p=42720"},"modified":"2025-08-19T08:41:06","modified_gmt":"2025-08-19T12:41:06","slug":"indagar-descubrir-y-aprender-dos-jornadas-para-transformar-la-educacion-inicial","status":"publish","type":"post","link":"https:\/\/explora.cl\/rmsurponiente\/indagar-descubrir-y-aprender-dos-jornadas-para-transformar-la-educacion-inicial\/","title":{"rendered":"Indagar, descubrir y aprender: dos jornadas para transformar la educaci\u00f3n inicial"},"content":{"rendered":"<p><span style=\"font-weight: 400\">En el inspirador <strong>Museo de Bomberos de Santiago (MUBO)<\/strong>, el PAR Explora Sur Poniente vivi\u00f3 dos jornadas cargadas de reflexi\u00f3n, experiencias y aprendizajes significativos, en el marco del segundo taller del Programa de Indagaci\u00f3n para Primeras Edades (PIPE), titulado \u201cMetodolog\u00eda Indagatoria desde las Ciencias Sociales\u201d.<\/span><\/p>\n<p><!--more--><\/p>\n<p><span style=\"font-weight: 400\">Este taller, realizado el pasado martes 5 y mi\u00e9rcoles 6 de agosto, tuvo como foco principal explorar c\u00f3mo las ciencias sociales pueden enriquecer el trabajo pedag\u00f3gico en las primeras infancias, destacando su valor para el desarrollo integral de ni\u00f1os y ni\u00f1as. A trav\u00e9s de actividades te\u00f3ricas y pr\u00e1cticas, se abordaron tres objetivos esenciales:\u00a0<\/span><\/p>\n<ul>\n<li style=\"font-weight: 400\"><span style=\"font-weight: 400\">Profundizar en herramientas que permitan abordar pedag\u00f3gicamente las ciencias sociales.<\/span><\/li>\n<li style=\"font-weight: 400\"><span style=\"font-weight: 400\">Reconocer su aporte al desarrollo integral en las primeras edades.<\/span><\/li>\n<li style=\"font-weight: 400\"><span style=\"font-weight: 400\">Vincular estas herramientas con espacios educativos no formales como los museos, valorando su rol formativo desde la infancia.<\/span><\/li>\n<\/ul>\n<p><span style=\"font-weight: 400\">De la mano de la encargada PIPE de nuestro PAR, <\/span><b>Susana Molina<\/b><span style=\"font-weight: 400\">, la Profesional de Rutas Formativas, <\/span><b>Margarita Pereira<\/b><span style=\"font-weight: 400\">, y la tallerista <\/span><b>Pamela Rojas<\/b><span style=\"font-weight: 400\">, las y los participantes se sumergieron en el enfoque de la indagaci\u00f3n como una poderosa herramienta educativa. Cada momento fue una invitaci\u00f3n a pensar c\u00f3mo despertar la curiosidad desde las ciencias sociales, integrando nuevas formas de ense\u00f1ar y aprender.<\/span><\/p>\n<p><i><span style=\"font-weight: 400\">\u201cEste segundo taller del Programa PIPE, centrado en las Ciencias Sociales y realizado en el MUBO, fue una instancia profundamente significativa para todas las participantes. Nos permiti\u00f3 reconectar con nuestros quehaceres educativos desde una mirada cr\u00edtica y sensible, considerando los diversos contextos sociales y culturales que viven nuestros ni\u00f1os y ni\u00f1as.<\/span><\/i><\/p>\n<p><i><span style=\"font-weight: 400\">Reflexionamos sobre c\u00f3mo la pedagog\u00eda puede ser una herramienta poderosa para fomentar una ciudadan\u00eda activa y consciente desde las primeras edades, integrando sus vivencias cotidianas al aula. Adem\u00e1s, el entorno del museo enriqueci\u00f3 a\u00fan m\u00e1s esta experiencia: junto a su subdirectora, Natalia Portugueis, y el equipo de mediaci\u00f3n, exploramos sus espacios y recursos pedag\u00f3gicos, que dialogan de manera perfecta con el m\u00f3dulo de Ciencias Sociales del PIPE.<\/span><\/i><\/p>\n<p><i><span style=\"font-weight: 400\">Fue un encuentro que reafirma la importancia de abrir las puertas del aula al entorno, y de entender a los ni\u00f1os y ni\u00f1as como protagonistas activos de su comunidad\u201d, <\/span><\/i><span style=\"font-weight: 400\">se\u00f1al\u00f3 <\/span><b>Susana Molina<\/b><span style=\"font-weight: 400\">, encargada del Programa PIPE.<\/span><\/p>\n<p><span style=\"font-weight: 400\">La jornada fue inaugurada por <\/span><b>Natalia Portugueis<\/b><span style=\"font-weight: 400\">, Subdirectora del MUBO, qui\u00e9n dio una c\u00e1lida bienvenida con una presentaci\u00f3n sobre la historia y misi\u00f3n educativa del museo. Este espacio no solo acogi\u00f3 la actividad, sino que tambi\u00e9n, ofreci\u00f3 un recorrido lleno de historia, comunidad y memoria, conectando directamente con el sentido profundo de la indagaci\u00f3n social.<\/span><\/p>\n<p><span style=\"font-weight: 400\">A trav\u00e9s de visitas guiadas y actividades pr\u00e1cticas, las y los participantes exploraron experiencias significativas que complementan la educaci\u00f3n formal y potencian el aprendizaje en contextos reales. Los museos, como el MUBO, emergen as\u00ed como entornos vivos de aprendizaje, donde la curiosidad se enciende y la historia se vuelve tangible.<\/span><\/p>\n<p><span style=\"font-weight: 400\">Agradecemos profundamente al <\/span><b>Museo deBomberos de Santiago<\/b><span style=\"font-weight: 400\"> por su hospitalidad y compromiso, as\u00ed como a todo su equipo de <\/span><b>mediaci\u00f3n<\/b><span style=\"font-weight: 400\">, quienes guiaron con dedicaci\u00f3n ambas jornadas, haciendo de esta experiencia algo inolvidable para nuestra comunidad educativa.<\/span><\/p>\n<p><a href=\"https:\/\/www.youtube.com\/watch?v=MuVNTDBbkgk&amp;list=PLXsWwXdl1qO8ctw1sKSxnufDyhNTUU6mK\">\u00a1Revisa el video completo de la actividad ac\u00e1!<\/a><\/p>\n<p><b>\u00a1JUNTOS VIVAMOS EL ENCUENTRO CTCI!<\/b><\/p>\n","protected":false},"excerpt":{"rendered":"<p>En el inspirador Museo de Bomberos de Santiago (MUBO), el PAR Explora Sur Poniente vivi\u00f3 dos jornadas cargadas de reflexi\u00f3n, experiencias y aprendizajes significativos, en el marco del segundo taller del Programa de Indagaci\u00f3n para Primeras Edades (PIPE), titulado \u201cMetodolog\u00eda Indagatoria desde las Ciencias Sociales\u201d.<\/p>\n","protected":false},"author":47,"featured_media":42729,"comment_status":"open","ping_status":"open","sticky":false,"template":"","format":"standard","meta":{"_acf_changed":false,"_exactmetrics_skip_tracking":false,"_exactmetrics_sitenote_active":false,"_exactmetrics_sitenote_note":"","_exactmetrics_sitenote_category":0,"footnotes":"","_links_to":"","_links_to_target":""},"categories":[137,4,1],"tags":[107,12,226],"class_list":["post-42720","post","type-post","status-publish","format-standard","has-post-thumbnail","hentry","category-lugar-2","category-noticias","category-sin-categoria","tag-ciencia","tag-ciencia-escolar","tag-pipe"],"acf":[],"yoast_head":"<!-- This site is optimized with the Yoast SEO plugin v26.9 - https:\/\/yoast.com\/product\/yoast-seo-wordpress\/ -->\n<title>Indagar, descubrir y aprender: dos jornadas para transformar la educaci\u00f3n inicial - RM Sur Poniente<\/title>\n<meta name=\"robots\" content=\"index, follow, max-snippet:-1, max-image-preview:large, max-video-preview:-1\" \/>\n<link rel=\"canonical\" href=\"https:\/\/explora.cl\/rmsurponiente\/indagar-descubrir-y-aprender-dos-jornadas-para-transformar-la-educacion-inicial\/\" class=\"yoast-seo-meta-tag\" \/>\n<meta property=\"og:locale\" content=\"es_ES\" class=\"yoast-seo-meta-tag\" \/>\n<meta property=\"og:type\" content=\"article\" class=\"yoast-seo-meta-tag\" \/>\n<meta property=\"og:title\" content=\"Indagar, descubrir y aprender: dos jornadas para transformar la educaci\u00f3n inicial - RM Sur Poniente\" class=\"yoast-seo-meta-tag\" \/>\n<meta property=\"og:description\" content=\"En el inspirador Museo de Bomberos de Santiago (MUBO), el PAR Explora Sur Poniente vivi\u00f3 dos jornadas cargadas de reflexi\u00f3n, experiencias y aprendizajes significativos, en el marco del segundo taller del Programa de Indagaci\u00f3n para Primeras Edades (PIPE), titulado \u201cMetodolog\u00eda Indagatoria desde las Ciencias Sociales\u201d.\" class=\"yoast-seo-meta-tag\" \/>\n<meta property=\"og:url\" content=\"https:\/\/explora.cl\/rmsurponiente\/indagar-descubrir-y-aprender-dos-jornadas-para-transformar-la-educacion-inicial\/\" class=\"yoast-seo-meta-tag\" \/>\n<meta property=\"og:site_name\" content=\"RM Sur Poniente\" class=\"yoast-seo-meta-tag\" \/>\n<meta property=\"article:published_time\" content=\"2025-08-18T12:04:35+00:00\" class=\"yoast-seo-meta-tag\" \/>\n<meta property=\"article:modified_time\" content=\"2025-08-19T12:41:06+00:00\" class=\"yoast-seo-meta-tag\" \/>\n<meta property=\"og:image\" content=\"https:\/\/explora.cl\/rmsurponiente\/wp-content\/uploads\/sites\/13\/2025\/08\/Sin-ti\u0301tulo-1720-x-955-px.jpg\" class=\"yoast-seo-meta-tag\" \/>\n\t<meta property=\"og:image:width\" content=\"1720\" class=\"yoast-seo-meta-tag\" \/>\n\t<meta property=\"og:image:height\" content=\"955\" class=\"yoast-seo-meta-tag\" \/>\n\t<meta property=\"og:image:type\" content=\"image\/jpeg\" class=\"yoast-seo-meta-tag\" \/>\n<meta name=\"author\" content=\"Karen Alfaro\" class=\"yoast-seo-meta-tag\" \/>\n<meta name=\"twitter:card\" content=\"summary_large_image\" class=\"yoast-seo-meta-tag\" \/>\n<meta name=\"twitter:label1\" content=\"Escrito por\" class=\"yoast-seo-meta-tag\" \/>\n\t<meta name=\"twitter:data1\" content=\"Karen Alfaro\" class=\"yoast-seo-meta-tag\" \/>\n\t<meta name=\"twitter:label2\" content=\"Tiempo estimado de lectura\" class=\"yoast-seo-meta-tag\" \/>\n\t<meta name=\"twitter:data2\" content=\"3 minutos\" class=\"yoast-seo-meta-tag\" \/>\n<script type=\"application\/ld+json\" class=\"yoast-schema-graph\">{\"@context\":\"https:\/\/schema.org\",\"@graph\":[{\"@type\":\"Article\",\"@id\":\"https:\/\/explora.cl\/rmsurponiente\/indagar-descubrir-y-aprender-dos-jornadas-para-transformar-la-educacion-inicial\/#article\",\"isPartOf\":{\"@id\":\"https:\/\/explora.cl\/rmsurponiente\/indagar-descubrir-y-aprender-dos-jornadas-para-transformar-la-educacion-inicial\/\"},\"author\":{\"name\":\"Karen Alfaro\",\"@id\":\"https:\/\/explora.cl\/rmsurponiente\/#\/schema\/person\/b54d1e3a6f6419fd6a669611f1535842\"},\"headline\":\"Indagar, descubrir y aprender: dos jornadas para transformar la educaci\u00f3n inicial\",\"datePublished\":\"2025-08-18T12:04:35+00:00\",\"dateModified\":\"2025-08-19T12:41:06+00:00\",\"mainEntityOfPage\":{\"@id\":\"https:\/\/explora.cl\/rmsurponiente\/indagar-descubrir-y-aprender-dos-jornadas-para-transformar-la-educacion-inicial\/\"},\"wordCount\":559,\"commentCount\":0,\"image\":{\"@id\":\"https:\/\/explora.cl\/rmsurponiente\/indagar-descubrir-y-aprender-dos-jornadas-para-transformar-la-educacion-inicial\/#primaryimage\"},\"thumbnailUrl\":\"https:\/\/explora.cl\/rmsurponiente\/wp-content\/uploads\/sites\/13\/2025\/08\/Sin-ti\u0301tulo-1720-x-955-px.jpg\",\"keywords\":[\"ciencia\",\"ciencia escolar\",\"PIPE\"],\"articleSection\":[\"Lugar 2\",\"Noticias\"],\"inLanguage\":\"es-CL\",\"potentialAction\":[{\"@type\":\"CommentAction\",\"name\":\"Comment\",\"target\":[\"https:\/\/explora.cl\/rmsurponiente\/indagar-descubrir-y-aprender-dos-jornadas-para-transformar-la-educacion-inicial\/#respond\"]}]},{\"@type\":\"WebPage\",\"@id\":\"https:\/\/explora.cl\/rmsurponiente\/indagar-descubrir-y-aprender-dos-jornadas-para-transformar-la-educacion-inicial\/\",\"url\":\"https:\/\/explora.cl\/rmsurponiente\/indagar-descubrir-y-aprender-dos-jornadas-para-transformar-la-educacion-inicial\/\",\"name\":\"Indagar, descubrir y aprender: dos jornadas para transformar la educaci\u00f3n inicial - RM Sur Poniente\",\"isPartOf\":{\"@id\":\"https:\/\/explora.cl\/rmsurponiente\/#website\"},\"primaryImageOfPage\":{\"@id\":\"https:\/\/explora.cl\/rmsurponiente\/indagar-descubrir-y-aprender-dos-jornadas-para-transformar-la-educacion-inicial\/#primaryimage\"},\"image\":{\"@id\":\"https:\/\/explora.cl\/rmsurponiente\/indagar-descubrir-y-aprender-dos-jornadas-para-transformar-la-educacion-inicial\/#primaryimage\"},\"thumbnailUrl\":\"https:\/\/explora.cl\/rmsurponiente\/wp-content\/uploads\/sites\/13\/2025\/08\/Sin-ti\u0301tulo-1720-x-955-px.jpg\",\"datePublished\":\"2025-08-18T12:04:35+00:00\",\"dateModified\":\"2025-08-19T12:41:06+00:00\",\"author\":{\"@id\":\"https:\/\/explora.cl\/rmsurponiente\/#\/schema\/person\/b54d1e3a6f6419fd6a669611f1535842\"},\"breadcrumb\":{\"@id\":\"https:\/\/explora.cl\/rmsurponiente\/indagar-descubrir-y-aprender-dos-jornadas-para-transformar-la-educacion-inicial\/#breadcrumb\"},\"inLanguage\":\"es-CL\",\"potentialAction\":[{\"@type\":\"ReadAction\",\"target\":[\"https:\/\/explora.cl\/rmsurponiente\/indagar-descubrir-y-aprender-dos-jornadas-para-transformar-la-educacion-inicial\/\"]}]},{\"@type\":\"ImageObject\",\"inLanguage\":\"es-CL\",\"@id\":\"https:\/\/explora.cl\/rmsurponiente\/indagar-descubrir-y-aprender-dos-jornadas-para-transformar-la-educacion-inicial\/#primaryimage\",\"url\":\"https:\/\/explora.cl\/rmsurponiente\/wp-content\/uploads\/sites\/13\/2025\/08\/Sin-ti\u0301tulo-1720-x-955-px.jpg\",\"contentUrl\":\"https:\/\/explora.cl\/rmsurponiente\/wp-content\/uploads\/sites\/13\/2025\/08\/Sin-ti\u0301tulo-1720-x-955-px.jpg\",\"width\":1720,\"height\":955},{\"@type\":\"BreadcrumbList\",\"@id\":\"https:\/\/explora.cl\/rmsurponiente\/indagar-descubrir-y-aprender-dos-jornadas-para-transformar-la-educacion-inicial\/#breadcrumb\",\"itemListElement\":[{\"@type\":\"ListItem\",\"position\":1,\"name\":\"Portada\",\"item\":\"https:\/\/explora.cl\/rmsurponiente\/\"},{\"@type\":\"ListItem\",\"position\":2,\"name\":\"Indagar, descubrir y aprender: dos jornadas para transformar la educaci\u00f3n inicial\"}]},{\"@type\":\"WebSite\",\"@id\":\"https:\/\/explora.cl\/rmsurponiente\/#website\",\"url\":\"https:\/\/explora.cl\/rmsurponiente\/\",\"name\":\"RM Sur Poniente\",\"description\":\"Otro sitio m\u00e1s de explora.cl\",\"potentialAction\":[{\"@type\":\"SearchAction\",\"target\":{\"@type\":\"EntryPoint\",\"urlTemplate\":\"https:\/\/explora.cl\/rmsurponiente\/?s={search_term_string}\"},\"query-input\":{\"@type\":\"PropertyValueSpecification\",\"valueRequired\":true,\"valueName\":\"search_term_string\"}}],\"inLanguage\":\"es-CL\"},{\"@type\":\"Person\",\"@id\":\"https:\/\/explora.cl\/rmsurponiente\/#\/schema\/person\/b54d1e3a6f6419fd6a669611f1535842\",\"name\":\"Karen Alfaro\",\"image\":{\"@type\":\"ImageObject\",\"inLanguage\":\"es-CL\",\"@id\":\"https:\/\/explora.cl\/rmsurponiente\/#\/schema\/person\/image\/\",\"url\":\"https:\/\/secure.gravatar.com\/avatar\/ab105458bb2f6f5b1e4b61987051dca35b7b98fd952a98a66a5fab30117742b9?s=96&d=mm&r=g\",\"contentUrl\":\"https:\/\/secure.gravatar.com\/avatar\/ab105458bb2f6f5b1e4b61987051dca35b7b98fd952a98a66a5fab30117742b9?s=96&d=mm&r=g\",\"caption\":\"Karen Alfaro\"},\"url\":\"https:\/\/explora.cl\/rmsurponiente\/author\/kalfaro\/\"}]}<\/script>\n<!-- \/ Yoast SEO plugin. -->","yoast_head_json":{"title":"Indagar, descubrir y aprender: dos jornadas para transformar la educaci\u00f3n inicial - RM Sur Poniente","robots":{"index":"index","follow":"follow","max-snippet":"max-snippet:-1","max-image-preview":"max-image-preview:large","max-video-preview":"max-video-preview:-1"},"canonical":"https:\/\/explora.cl\/rmsurponiente\/indagar-descubrir-y-aprender-dos-jornadas-para-transformar-la-educacion-inicial\/","og_locale":"es_ES","og_type":"article","og_title":"Indagar, descubrir y aprender: dos jornadas para transformar la educaci\u00f3n inicial - RM Sur Poniente","og_description":"En el inspirador Museo de Bomberos de Santiago (MUBO), el PAR Explora Sur Poniente vivi\u00f3 dos jornadas cargadas de reflexi\u00f3n, experiencias y aprendizajes significativos, en el marco del segundo taller del Programa de Indagaci\u00f3n para Primeras Edades (PIPE), titulado \u201cMetodolog\u00eda Indagatoria desde las Ciencias Sociales\u201d.","og_url":"https:\/\/explora.cl\/rmsurponiente\/indagar-descubrir-y-aprender-dos-jornadas-para-transformar-la-educacion-inicial\/","og_site_name":"RM Sur Poniente","article_published_time":"2025-08-18T12:04:35+00:00","article_modified_time":"2025-08-19T12:41:06+00:00","og_image":[{"width":1720,"height":955,"url":"https:\/\/explora.cl\/rmsurponiente\/wp-content\/uploads\/sites\/13\/2025\/08\/Sin-ti\u0301tulo-1720-x-955-px.jpg","type":"image\/jpeg"}],"author":"Karen Alfaro","twitter_card":"summary_large_image","twitter_misc":{"Escrito por":"Karen Alfaro","Tiempo estimado de lectura":"3 minutos"},"schema":{"@context":"https:\/\/schema.org","@graph":[{"@type":"Article","@id":"https:\/\/explora.cl\/rmsurponiente\/indagar-descubrir-y-aprender-dos-jornadas-para-transformar-la-educacion-inicial\/#article","isPartOf":{"@id":"https:\/\/explora.cl\/rmsurponiente\/indagar-descubrir-y-aprender-dos-jornadas-para-transformar-la-educacion-inicial\/"},"author":{"name":"Karen Alfaro","@id":"https:\/\/explora.cl\/rmsurponiente\/#\/schema\/person\/b54d1e3a6f6419fd6a669611f1535842"},"headline":"Indagar, descubrir y aprender: dos jornadas para transformar la educaci\u00f3n inicial","datePublished":"2025-08-18T12:04:35+00:00","dateModified":"2025-08-19T12:41:06+00:00","mainEntityOfPage":{"@id":"https:\/\/explora.cl\/rmsurponiente\/indagar-descubrir-y-aprender-dos-jornadas-para-transformar-la-educacion-inicial\/"},"wordCount":559,"commentCount":0,"image":{"@id":"https:\/\/explora.cl\/rmsurponiente\/indagar-descubrir-y-aprender-dos-jornadas-para-transformar-la-educacion-inicial\/#primaryimage"},"thumbnailUrl":"https:\/\/explora.cl\/rmsurponiente\/wp-content\/uploads\/sites\/13\/2025\/08\/Sin-ti\u0301tulo-1720-x-955-px.jpg","keywords":["ciencia","ciencia escolar","PIPE"],"articleSection":["Lugar 2","Noticias"],"inLanguage":"es-CL","potentialAction":[{"@type":"CommentAction","name":"Comment","target":["https:\/\/explora.cl\/rmsurponiente\/indagar-descubrir-y-aprender-dos-jornadas-para-transformar-la-educacion-inicial\/#respond"]}]},{"@type":"WebPage","@id":"https:\/\/explora.cl\/rmsurponiente\/indagar-descubrir-y-aprender-dos-jornadas-para-transformar-la-educacion-inicial\/","url":"https:\/\/explora.cl\/rmsurponiente\/indagar-descubrir-y-aprender-dos-jornadas-para-transformar-la-educacion-inicial\/","name":"Indagar, descubrir y aprender: dos jornadas para transformar la educaci\u00f3n inicial - RM Sur Poniente","isPartOf":{"@id":"https:\/\/explora.cl\/rmsurponiente\/#website"},"primaryImageOfPage":{"@id":"https:\/\/explora.cl\/rmsurponiente\/indagar-descubrir-y-aprender-dos-jornadas-para-transformar-la-educacion-inicial\/#primaryimage"},"image":{"@id":"https:\/\/explora.cl\/rmsurponiente\/indagar-descubrir-y-aprender-dos-jornadas-para-transformar-la-educacion-inicial\/#primaryimage"},"thumbnailUrl":"https:\/\/explora.cl\/rmsurponiente\/wp-content\/uploads\/sites\/13\/2025\/08\/Sin-ti\u0301tulo-1720-x-955-px.jpg","datePublished":"2025-08-18T12:04:35+00:00","dateModified":"2025-08-19T12:41:06+00:00","author":{"@id":"https:\/\/explora.cl\/rmsurponiente\/#\/schema\/person\/b54d1e3a6f6419fd6a669611f1535842"},"breadcrumb":{"@id":"https:\/\/explora.cl\/rmsurponiente\/indagar-descubrir-y-aprender-dos-jornadas-para-transformar-la-educacion-inicial\/#breadcrumb"},"inLanguage":"es-CL","potentialAction":[{"@type":"ReadAction","target":["https:\/\/explora.cl\/rmsurponiente\/indagar-descubrir-y-aprender-dos-jornadas-para-transformar-la-educacion-inicial\/"]}]},{"@type":"ImageObject","inLanguage":"es-CL","@id":"https:\/\/explora.cl\/rmsurponiente\/indagar-descubrir-y-aprender-dos-jornadas-para-transformar-la-educacion-inicial\/#primaryimage","url":"https:\/\/explora.cl\/rmsurponiente\/wp-content\/uploads\/sites\/13\/2025\/08\/Sin-ti\u0301tulo-1720-x-955-px.jpg","contentUrl":"https:\/\/explora.cl\/rmsurponiente\/wp-content\/uploads\/sites\/13\/2025\/08\/Sin-ti\u0301tulo-1720-x-955-px.jpg","width":1720,"height":955},{"@type":"BreadcrumbList","@id":"https:\/\/explora.cl\/rmsurponiente\/indagar-descubrir-y-aprender-dos-jornadas-para-transformar-la-educacion-inicial\/#breadcrumb","itemListElement":[{"@type":"ListItem","position":1,"name":"Portada","item":"https:\/\/explora.cl\/rmsurponiente\/"},{"@type":"ListItem","position":2,"name":"Indagar, descubrir y aprender: dos jornadas para transformar la educaci\u00f3n inicial"}]},{"@type":"WebSite","@id":"https:\/\/explora.cl\/rmsurponiente\/#website","url":"https:\/\/explora.cl\/rmsurponiente\/","name":"RM Sur Poniente","description":"Otro sitio m\u00e1s de explora.cl","potentialAction":[{"@type":"SearchAction","target":{"@type":"EntryPoint","urlTemplate":"https:\/\/explora.cl\/rmsurponiente\/?s={search_term_string}"},"query-input":{"@type":"PropertyValueSpecification","valueRequired":true,"valueName":"search_term_string"}}],"inLanguage":"es-CL"},{"@type":"Person","@id":"https:\/\/explora.cl\/rmsurponiente\/#\/schema\/person\/b54d1e3a6f6419fd6a669611f1535842","name":"Karen Alfaro","image":{"@type":"ImageObject","inLanguage":"es-CL","@id":"https:\/\/explora.cl\/rmsurponiente\/#\/schema\/person\/image\/","url":"https:\/\/secure.gravatar.com\/avatar\/ab105458bb2f6f5b1e4b61987051dca35b7b98fd952a98a66a5fab30117742b9?s=96&d=mm&r=g","contentUrl":"https:\/\/secure.gravatar.com\/avatar\/ab105458bb2f6f5b1e4b61987051dca35b7b98fd952a98a66a5fab30117742b9?s=96&d=mm&r=g","caption":"Karen Alfaro"},"url":"https:\/\/explora.cl\/rmsurponiente\/author\/kalfaro\/"}]}},"_links":{"self":[{"href":"https:\/\/explora.cl\/rmsurponiente\/wp-json\/wp\/v2\/posts\/42720","targetHints":{"allow":["GET"]}}],"collection":[{"href":"https:\/\/explora.cl\/rmsurponiente\/wp-json\/wp\/v2\/posts"}],"about":[{"href":"https:\/\/explora.cl\/rmsurponiente\/wp-json\/wp\/v2\/types\/post"}],"author":[{"embeddable":true,"href":"https:\/\/explora.cl\/rmsurponiente\/wp-json\/wp\/v2\/users\/47"}],"replies":[{"embeddable":true,"href":"https:\/\/explora.cl\/rmsurponiente\/wp-json\/wp\/v2\/comments?post=42720"}],"version-history":[{"count":2,"href":"https:\/\/explora.cl\/rmsurponiente\/wp-json\/wp\/v2\/posts\/42720\/revisions"}],"predecessor-version":[{"id":42734,"href":"https:\/\/explora.cl\/rmsurponiente\/wp-json\/wp\/v2\/posts\/42720\/revisions\/42734"}],"wp:featuredmedia":[{"embeddable":true,"href":"https:\/\/explora.cl\/rmsurponiente\/wp-json\/wp\/v2\/media\/42729"}],"wp:attachment":[{"href":"https:\/\/explora.cl\/rmsurponiente\/wp-json\/wp\/v2\/media?parent=42720"}],"wp:term":[{"taxonomy":"category","embeddable":true,"href":"https:\/\/explora.cl\/rmsurponiente\/wp-json\/wp\/v2\/categories?post=42720"},{"taxonomy":"post_tag","embeddable":true,"href":"https:\/\/explora.cl\/rmsurponiente\/wp-json\/wp\/v2\/tags?post=42720"}],"curies":[{"name":"wp","href":"https:\/\/api.w.org\/{rel}","templated":true}]}}