{"id":42594,"date":"2025-06-30T17:33:25","date_gmt":"2025-06-30T21:33:25","guid":{"rendered":"https:\/\/explora.cl\/rmsurponiente\/?p=42594"},"modified":"2025-09-26T15:01:47","modified_gmt":"2025-09-26T18:01:47","slug":"conoce-los-principales-hitos-que-marcaron-el-primer-semestre-del-par-explora-sur-poniente","status":"publish","type":"post","link":"https:\/\/explora.cl\/rmsurponiente\/conoce-los-principales-hitos-que-marcaron-el-primer-semestre-del-par-explora-sur-poniente\/","title":{"rendered":"Conoce los principales hitos que marcaron el primer semestre de PAR Explora Sur Poniente"},"content":{"rendered":"<p><span style=\"font-weight: 400\">Durante su primer semestre de ejecuci\u00f3n, el <\/span><b>PAR Explora Sur Poniente<\/b><span style=\"font-weight: 400\"> ha impulsado importantes actividades e iniciativas para fortalecer la educaci\u00f3n cient\u00edfica y el v\u00ednculo con la comunidad educativa del territorio, entre las que destacamos se encuentran:<\/span><\/p>\n<p><!--more-->Con una gran convocatoria, se celebr\u00f3 el\u00a0<b>lanzamiento del proyecto<\/b>, en el que la gran estrella fueron los ni\u00f1os y ni\u00f1as, quienes presenciaron la\u00a0<b>obra de Proyecto Fuego &#8220;El D\u00eda en que el Sol Descubri\u00f3 que era una Estrella\u201d<\/b>, adem\u00e1s de disfrutar de\u00a0<b>talleres de astronom\u00eda<\/b>, donde pudieron realizar observaciones solares.<\/p>\n<figure id=\"attachment_42624\" aria-describedby=\"caption-attachment-42624\" style=\"width: 1024px\" class=\"wp-caption aligncenter\"><img fetchpriority=\"high\" decoding=\"async\" class=\"wp-image-42624 size-large\" src=\"https:\/\/explora.cl\/rmsurponiente\/wp-content\/uploads\/sites\/13\/2025\/06\/1-1-1024x819.png\" alt=\"\" width=\"1024\" height=\"819\" srcset=\"https:\/\/explora.cl\/rmsurponiente\/wp-content\/uploads\/sites\/13\/2025\/06\/1-1-1024x819.png 1024w, https:\/\/explora.cl\/rmsurponiente\/wp-content\/uploads\/sites\/13\/2025\/06\/1-1-300x240.png 300w, https:\/\/explora.cl\/rmsurponiente\/wp-content\/uploads\/sites\/13\/2025\/06\/1-1-768x614.png 768w, https:\/\/explora.cl\/rmsurponiente\/wp-content\/uploads\/sites\/13\/2025\/06\/1-1.png 2000w\" sizes=\"(max-width: 1024px) 100vw, 1024px\" \/><figcaption id=\"caption-attachment-42624\" class=\"wp-caption-text\">Lanzamiento. Cr\u00e9ditos Comunicaciones UDP.<\/figcaption><\/figure>\n<p>&nbsp;<\/p>\n<p><span style=\"font-weight: 400\">Durante mayo, desarrollaron un <\/span><b>Encuentro Territoria<\/b><span style=\"font-weight: 400\">l, instancia clave para fortalecer el v\u00ednculo con entidades claves del territorio. La jornada cont\u00f3 con la participaci\u00f3n de representantes de los Servicios Locales de Educaci\u00f3n P\u00fablica (SLEP): Gabriela Mistral, Santa Corina, Los Parques, Santa Rosa y Barrancas; y del Programa Escuela y Comunidad de la Municipalidad de La Cisterna; y del Museo de Historia Nacional.<\/span><\/p>\n<p><span style=\"font-weight: 400\">Otro de los hitos significativos fue la <\/span><b>Jornada de Bienvenida a los Programas PIPE e IIE<\/b><span style=\"font-weight: 400\">, que reuni\u00f3 a los representantes de las comunidades educativas seleccionadas para participar durante el 2025 en el proyecto, un <\/span><b>espacio de reflexi\u00f3n, conexi\u00f3n y trabajo conjunto entre educadoras, docentes y asistentes<\/b><span style=\"font-weight: 400\">.\u00a0<\/span><\/p>\n<p><b>Ignacio Bustos, profesor de biolog\u00eda del Centro Educacional Cardenal Jos\u00e9 Mar\u00eda Caro de Lo Espejo<\/b><span style=\"font-weight: 400\">, destac\u00f3 la claridad respecto al trabajo del proyecto y la pertinencia para su establecimiento: \u201cCreo que estos proyectos de innovaci\u00f3n e investigaci\u00f3n van a ser extremadamente positivos para los estudiantes, porque van a encontrar otras formas de trabajar, especialmente porque el liceo es t\u00e9cnico. Tenemos especialidades que los estudiantes podr\u00edan aprovechar para poder seguir adelante con sus respectivos proyectos\u201d.<\/span><\/p>\n<figure id=\"attachment_42628\" aria-describedby=\"caption-attachment-42628\" style=\"width: 1024px\" class=\"wp-caption aligncenter\"><img decoding=\"async\" class=\"wp-image-42628 size-large\" src=\"https:\/\/explora.cl\/rmsurponiente\/wp-content\/uploads\/sites\/13\/2025\/06\/5-1024x819.png\" alt=\"\" width=\"1024\" height=\"819\" srcset=\"https:\/\/explora.cl\/rmsurponiente\/wp-content\/uploads\/sites\/13\/2025\/06\/5-1024x819.png 1024w, https:\/\/explora.cl\/rmsurponiente\/wp-content\/uploads\/sites\/13\/2025\/06\/5-300x240.png 300w, https:\/\/explora.cl\/rmsurponiente\/wp-content\/uploads\/sites\/13\/2025\/06\/5-768x614.png 768w, https:\/\/explora.cl\/rmsurponiente\/wp-content\/uploads\/sites\/13\/2025\/06\/5-1536x1229.png 1536w, https:\/\/explora.cl\/rmsurponiente\/wp-content\/uploads\/sites\/13\/2025\/06\/5.png 2000w\" sizes=\"(max-width: 1024px) 100vw, 1024px\" \/><figcaption id=\"caption-attachment-42628\" class=\"wp-caption-text\">Jornada de Bienvenida IIE &#8211; PIPE. Cr\u00e9ditos: Comunicaciones UDP y PAR Explora RM Sur Poniente<\/figcaption><\/figure>\n<p><span style=\"font-weight: 400\">Entre las actividades desarrolladas en el territorio destac\u00f3 el <\/span><b>\u201cEncuentro con la Tierra\u201d<\/b><span style=\"font-weight: 400\">, realizado en el <\/span><b>Colegio Mustafa Kemal Ataturk<\/b><span style=\"font-weight: 400\">, donde ni\u00f1as y ni\u00f1os <\/span><b>celebraron el Mes de la Tierra <\/b><span style=\"font-weight: 400\">plantando y trasplantando especies nativas y hortalizas para nutrir el huerto del establecimiento.<\/span><\/p>\n<p><span style=\"font-weight: 400\">Con estos hitos,<\/span><span style=\"font-weight: 400\">\u00a0reafirmamos nuestra misi\u00f3n de acercar la ciencia, la tecnolog\u00eda y la innovaci\u00f3n a todas las comunidades del sur poniente de la Regi\u00f3n Metropolitana, promoviendo aprendizajes significativos, inclusivos y con pertinencia territorial. Para seguir inform\u00e1ndote sobre el avance del proyecto, te invitamos a <\/span><b>seguir nuestras <\/b><a href=\"https:\/\/linktr.ee\/Explora.SurPoniente\"><b>redes sociales<\/b><\/a><span style=\"font-weight: 400\">.<\/span><!--more--><\/p>\n","protected":false},"excerpt":{"rendered":"<p>Durante su primer semestre de ejecuci\u00f3n, el PAR Explora Sur Poniente ha impulsado importantes actividades e iniciativas para fortalecer la educaci\u00f3n cient\u00edfica y el v\u00ednculo con la comunidad educativa del territorio, entre las que destacamos se encuentran:<\/p>\n","protected":false},"author":47,"featured_media":42600,"comment_status":"open","ping_status":"open","sticky":false,"template":"","format":"standard","meta":{"_acf_changed":false,"_exactmetrics_skip_tracking":false,"_exactmetrics_sitenote_active":false,"_exactmetrics_sitenote_note":"","_exactmetrics_sitenote_category":0,"footnotes":"","_links_to":"","_links_to_target":""},"categories":[128,4],"tags":[156,535,318,226,539],"class_list":["post-42594","post","type-post","status-publish","format-standard","has-post-thumbnail","hentry","category-eventos_publ_grl","category-noticias","tag-explora-sur-poniente","tag-hitos","tag-iie","tag-pipe","tag-rutas-formativas"],"acf":[],"yoast_head":"<!-- This site is optimized with the Yoast SEO plugin v26.9 - https:\/\/yoast.com\/product\/yoast-seo-wordpress\/ -->\n<title>Conoce los principales hitos que marcaron el primer semestre de PAR Explora Sur Poniente - RM Sur Poniente<\/title>\n<meta name=\"description\" content=\"Actividades e iniciativas para fortalecer la educaci\u00f3n cient\u00edfica y el v\u00ednculo con las comunidades educativas del territorio.\" class=\"yoast-seo-meta-tag\" \/>\n<meta name=\"robots\" content=\"index, follow, max-snippet:-1, max-image-preview:large, max-video-preview:-1\" \/>\n<link rel=\"canonical\" href=\"https:\/\/explora.cl\/rmsurponiente\/conoce-los-principales-hitos-que-marcaron-el-primer-semestre-del-par-explora-sur-poniente\/\" class=\"yoast-seo-meta-tag\" \/>\n<meta property=\"og:locale\" content=\"es_ES\" class=\"yoast-seo-meta-tag\" \/>\n<meta property=\"og:type\" content=\"article\" class=\"yoast-seo-meta-tag\" \/>\n<meta property=\"og:title\" content=\"Conoce los principales hitos que marcaron el primer semestre de PAR Explora Sur Poniente - RM Sur Poniente\" class=\"yoast-seo-meta-tag\" \/>\n<meta property=\"og:description\" content=\"Actividades e iniciativas para fortalecer la educaci\u00f3n cient\u00edfica y el v\u00ednculo con las comunidades educativas del territorio.\" class=\"yoast-seo-meta-tag\" \/>\n<meta property=\"og:url\" content=\"https:\/\/explora.cl\/rmsurponiente\/conoce-los-principales-hitos-que-marcaron-el-primer-semestre-del-par-explora-sur-poniente\/\" class=\"yoast-seo-meta-tag\" \/>\n<meta property=\"og:site_name\" content=\"RM Sur Poniente\" class=\"yoast-seo-meta-tag\" \/>\n<meta property=\"article:published_time\" content=\"2025-06-30T21:33:25+00:00\" class=\"yoast-seo-meta-tag\" \/>\n<meta property=\"article:modified_time\" content=\"2025-09-26T18:01:47+00:00\" class=\"yoast-seo-meta-tag\" \/>\n<meta property=\"og:image\" content=\"https:\/\/explora.cl\/rmsurponiente\/wp-content\/uploads\/sites\/13\/2025\/06\/UDP-Bienvenida-Programa-Pipe002-scaled.jpg\" class=\"yoast-seo-meta-tag\" \/>\n\t<meta property=\"og:image:width\" content=\"2560\" class=\"yoast-seo-meta-tag\" \/>\n\t<meta property=\"og:image:height\" content=\"1707\" class=\"yoast-seo-meta-tag\" \/>\n\t<meta property=\"og:image:type\" content=\"image\/jpeg\" class=\"yoast-seo-meta-tag\" \/>\n<meta name=\"author\" content=\"Karen Alfaro\" class=\"yoast-seo-meta-tag\" \/>\n<meta name=\"twitter:card\" content=\"summary_large_image\" class=\"yoast-seo-meta-tag\" \/>\n<meta name=\"twitter:label1\" content=\"Escrito por\" class=\"yoast-seo-meta-tag\" \/>\n\t<meta name=\"twitter:data1\" content=\"Karen Alfaro\" class=\"yoast-seo-meta-tag\" \/>\n\t<meta name=\"twitter:label2\" content=\"Tiempo estimado de lectura\" class=\"yoast-seo-meta-tag\" \/>\n\t<meta name=\"twitter:data2\" content=\"3 minutos\" class=\"yoast-seo-meta-tag\" \/>\n<script type=\"application\/ld+json\" class=\"yoast-schema-graph\">{\"@context\":\"https:\/\/schema.org\",\"@graph\":[{\"@type\":\"Article\",\"@id\":\"https:\/\/explora.cl\/rmsurponiente\/conoce-los-principales-hitos-que-marcaron-el-primer-semestre-del-par-explora-sur-poniente\/#article\",\"isPartOf\":{\"@id\":\"https:\/\/explora.cl\/rmsurponiente\/conoce-los-principales-hitos-que-marcaron-el-primer-semestre-del-par-explora-sur-poniente\/\"},\"author\":{\"name\":\"Karen Alfaro\",\"@id\":\"https:\/\/explora.cl\/rmsurponiente\/#\/schema\/person\/b54d1e3a6f6419fd6a669611f1535842\"},\"headline\":\"Conoce los principales hitos que marcaron el primer semestre de PAR Explora Sur Poniente\",\"datePublished\":\"2025-06-30T21:33:25+00:00\",\"dateModified\":\"2025-09-26T18:01:47+00:00\",\"mainEntityOfPage\":{\"@id\":\"https:\/\/explora.cl\/rmsurponiente\/conoce-los-principales-hitos-que-marcaron-el-primer-semestre-del-par-explora-sur-poniente\/\"},\"wordCount\":440,\"commentCount\":0,\"image\":{\"@id\":\"https:\/\/explora.cl\/rmsurponiente\/conoce-los-principales-hitos-que-marcaron-el-primer-semestre-del-par-explora-sur-poniente\/#primaryimage\"},\"thumbnailUrl\":\"https:\/\/explora.cl\/rmsurponiente\/wp-content\/uploads\/sites\/13\/2025\/06\/UDP-Bienvenida-Programa-Pipe002-scaled.jpg\",\"keywords\":[\"EXPLORA Sur Poniente\",\"Hitos\",\"iie\",\"PIPE\",\"Rutas Formativas\"],\"articleSection\":[\"Eventos\",\"Noticias\"],\"inLanguage\":\"es-CL\",\"potentialAction\":[{\"@type\":\"CommentAction\",\"name\":\"Comment\",\"target\":[\"https:\/\/explora.cl\/rmsurponiente\/conoce-los-principales-hitos-que-marcaron-el-primer-semestre-del-par-explora-sur-poniente\/#respond\"]}]},{\"@type\":\"WebPage\",\"@id\":\"https:\/\/explora.cl\/rmsurponiente\/conoce-los-principales-hitos-que-marcaron-el-primer-semestre-del-par-explora-sur-poniente\/\",\"url\":\"https:\/\/explora.cl\/rmsurponiente\/conoce-los-principales-hitos-que-marcaron-el-primer-semestre-del-par-explora-sur-poniente\/\",\"name\":\"Conoce los principales hitos que marcaron el primer semestre de PAR Explora Sur Poniente - RM Sur Poniente\",\"isPartOf\":{\"@id\":\"https:\/\/explora.cl\/rmsurponiente\/#website\"},\"primaryImageOfPage\":{\"@id\":\"https:\/\/explora.cl\/rmsurponiente\/conoce-los-principales-hitos-que-marcaron-el-primer-semestre-del-par-explora-sur-poniente\/#primaryimage\"},\"image\":{\"@id\":\"https:\/\/explora.cl\/rmsurponiente\/conoce-los-principales-hitos-que-marcaron-el-primer-semestre-del-par-explora-sur-poniente\/#primaryimage\"},\"thumbnailUrl\":\"https:\/\/explora.cl\/rmsurponiente\/wp-content\/uploads\/sites\/13\/2025\/06\/UDP-Bienvenida-Programa-Pipe002-scaled.jpg\",\"datePublished\":\"2025-06-30T21:33:25+00:00\",\"dateModified\":\"2025-09-26T18:01:47+00:00\",\"author\":{\"@id\":\"https:\/\/explora.cl\/rmsurponiente\/#\/schema\/person\/b54d1e3a6f6419fd6a669611f1535842\"},\"description\":\"Actividades e iniciativas para fortalecer la educaci\u00f3n cient\u00edfica y el v\u00ednculo con las comunidades educativas del territorio.\",\"breadcrumb\":{\"@id\":\"https:\/\/explora.cl\/rmsurponiente\/conoce-los-principales-hitos-que-marcaron-el-primer-semestre-del-par-explora-sur-poniente\/#breadcrumb\"},\"inLanguage\":\"es-CL\",\"potentialAction\":[{\"@type\":\"ReadAction\",\"target\":[\"https:\/\/explora.cl\/rmsurponiente\/conoce-los-principales-hitos-que-marcaron-el-primer-semestre-del-par-explora-sur-poniente\/\"]}]},{\"@type\":\"ImageObject\",\"inLanguage\":\"es-CL\",\"@id\":\"https:\/\/explora.cl\/rmsurponiente\/conoce-los-principales-hitos-que-marcaron-el-primer-semestre-del-par-explora-sur-poniente\/#primaryimage\",\"url\":\"https:\/\/explora.cl\/rmsurponiente\/wp-content\/uploads\/sites\/13\/2025\/06\/UDP-Bienvenida-Programa-Pipe002-scaled.jpg\",\"contentUrl\":\"https:\/\/explora.cl\/rmsurponiente\/wp-content\/uploads\/sites\/13\/2025\/06\/UDP-Bienvenida-Programa-Pipe002-scaled.jpg\",\"width\":2560,\"height\":1707},{\"@type\":\"BreadcrumbList\",\"@id\":\"https:\/\/explora.cl\/rmsurponiente\/conoce-los-principales-hitos-que-marcaron-el-primer-semestre-del-par-explora-sur-poniente\/#breadcrumb\",\"itemListElement\":[{\"@type\":\"ListItem\",\"position\":1,\"name\":\"Portada\",\"item\":\"https:\/\/explora.cl\/rmsurponiente\/\"},{\"@type\":\"ListItem\",\"position\":2,\"name\":\"Conoce los principales hitos que marcaron el primer semestre de PAR Explora Sur Poniente\"}]},{\"@type\":\"WebSite\",\"@id\":\"https:\/\/explora.cl\/rmsurponiente\/#website\",\"url\":\"https:\/\/explora.cl\/rmsurponiente\/\",\"name\":\"RM Sur Poniente\",\"description\":\"Otro sitio m\u00e1s de explora.cl\",\"potentialAction\":[{\"@type\":\"SearchAction\",\"target\":{\"@type\":\"EntryPoint\",\"urlTemplate\":\"https:\/\/explora.cl\/rmsurponiente\/?s={search_term_string}\"},\"query-input\":{\"@type\":\"PropertyValueSpecification\",\"valueRequired\":true,\"valueName\":\"search_term_string\"}}],\"inLanguage\":\"es-CL\"},{\"@type\":\"Person\",\"@id\":\"https:\/\/explora.cl\/rmsurponiente\/#\/schema\/person\/b54d1e3a6f6419fd6a669611f1535842\",\"name\":\"Karen Alfaro\",\"image\":{\"@type\":\"ImageObject\",\"inLanguage\":\"es-CL\",\"@id\":\"https:\/\/explora.cl\/rmsurponiente\/#\/schema\/person\/image\/\",\"url\":\"https:\/\/secure.gravatar.com\/avatar\/ab105458bb2f6f5b1e4b61987051dca35b7b98fd952a98a66a5fab30117742b9?s=96&d=mm&r=g\",\"contentUrl\":\"https:\/\/secure.gravatar.com\/avatar\/ab105458bb2f6f5b1e4b61987051dca35b7b98fd952a98a66a5fab30117742b9?s=96&d=mm&r=g\",\"caption\":\"Karen Alfaro\"},\"url\":\"https:\/\/explora.cl\/rmsurponiente\/author\/kalfaro\/\"}]}<\/script>\n<!-- \/ Yoast SEO plugin. -->","yoast_head_json":{"title":"Conoce los principales hitos que marcaron el primer semestre de PAR Explora Sur Poniente - RM Sur Poniente","description":"Actividades e iniciativas para fortalecer la educaci\u00f3n cient\u00edfica y el v\u00ednculo con las comunidades educativas del territorio.","robots":{"index":"index","follow":"follow","max-snippet":"max-snippet:-1","max-image-preview":"max-image-preview:large","max-video-preview":"max-video-preview:-1"},"canonical":"https:\/\/explora.cl\/rmsurponiente\/conoce-los-principales-hitos-que-marcaron-el-primer-semestre-del-par-explora-sur-poniente\/","og_locale":"es_ES","og_type":"article","og_title":"Conoce los principales hitos que marcaron el primer semestre de PAR Explora Sur Poniente - RM Sur Poniente","og_description":"Actividades e iniciativas para fortalecer la educaci\u00f3n cient\u00edfica y el v\u00ednculo con las comunidades educativas del territorio.","og_url":"https:\/\/explora.cl\/rmsurponiente\/conoce-los-principales-hitos-que-marcaron-el-primer-semestre-del-par-explora-sur-poniente\/","og_site_name":"RM Sur Poniente","article_published_time":"2025-06-30T21:33:25+00:00","article_modified_time":"2025-09-26T18:01:47+00:00","og_image":[{"width":2560,"height":1707,"url":"https:\/\/explora.cl\/rmsurponiente\/wp-content\/uploads\/sites\/13\/2025\/06\/UDP-Bienvenida-Programa-Pipe002-scaled.jpg","type":"image\/jpeg"}],"author":"Karen Alfaro","twitter_card":"summary_large_image","twitter_misc":{"Escrito por":"Karen Alfaro","Tiempo estimado de lectura":"3 minutos"},"schema":{"@context":"https:\/\/schema.org","@graph":[{"@type":"Article","@id":"https:\/\/explora.cl\/rmsurponiente\/conoce-los-principales-hitos-que-marcaron-el-primer-semestre-del-par-explora-sur-poniente\/#article","isPartOf":{"@id":"https:\/\/explora.cl\/rmsurponiente\/conoce-los-principales-hitos-que-marcaron-el-primer-semestre-del-par-explora-sur-poniente\/"},"author":{"name":"Karen Alfaro","@id":"https:\/\/explora.cl\/rmsurponiente\/#\/schema\/person\/b54d1e3a6f6419fd6a669611f1535842"},"headline":"Conoce los principales hitos que marcaron el primer semestre de PAR Explora Sur Poniente","datePublished":"2025-06-30T21:33:25+00:00","dateModified":"2025-09-26T18:01:47+00:00","mainEntityOfPage":{"@id":"https:\/\/explora.cl\/rmsurponiente\/conoce-los-principales-hitos-que-marcaron-el-primer-semestre-del-par-explora-sur-poniente\/"},"wordCount":440,"commentCount":0,"image":{"@id":"https:\/\/explora.cl\/rmsurponiente\/conoce-los-principales-hitos-que-marcaron-el-primer-semestre-del-par-explora-sur-poniente\/#primaryimage"},"thumbnailUrl":"https:\/\/explora.cl\/rmsurponiente\/wp-content\/uploads\/sites\/13\/2025\/06\/UDP-Bienvenida-Programa-Pipe002-scaled.jpg","keywords":["EXPLORA Sur Poniente","Hitos","iie","PIPE","Rutas Formativas"],"articleSection":["Eventos","Noticias"],"inLanguage":"es-CL","potentialAction":[{"@type":"CommentAction","name":"Comment","target":["https:\/\/explora.cl\/rmsurponiente\/conoce-los-principales-hitos-que-marcaron-el-primer-semestre-del-par-explora-sur-poniente\/#respond"]}]},{"@type":"WebPage","@id":"https:\/\/explora.cl\/rmsurponiente\/conoce-los-principales-hitos-que-marcaron-el-primer-semestre-del-par-explora-sur-poniente\/","url":"https:\/\/explora.cl\/rmsurponiente\/conoce-los-principales-hitos-que-marcaron-el-primer-semestre-del-par-explora-sur-poniente\/","name":"Conoce los principales hitos que marcaron el primer semestre de PAR Explora Sur Poniente - RM Sur Poniente","isPartOf":{"@id":"https:\/\/explora.cl\/rmsurponiente\/#website"},"primaryImageOfPage":{"@id":"https:\/\/explora.cl\/rmsurponiente\/conoce-los-principales-hitos-que-marcaron-el-primer-semestre-del-par-explora-sur-poniente\/#primaryimage"},"image":{"@id":"https:\/\/explora.cl\/rmsurponiente\/conoce-los-principales-hitos-que-marcaron-el-primer-semestre-del-par-explora-sur-poniente\/#primaryimage"},"thumbnailUrl":"https:\/\/explora.cl\/rmsurponiente\/wp-content\/uploads\/sites\/13\/2025\/06\/UDP-Bienvenida-Programa-Pipe002-scaled.jpg","datePublished":"2025-06-30T21:33:25+00:00","dateModified":"2025-09-26T18:01:47+00:00","author":{"@id":"https:\/\/explora.cl\/rmsurponiente\/#\/schema\/person\/b54d1e3a6f6419fd6a669611f1535842"},"description":"Actividades e iniciativas para fortalecer la educaci\u00f3n cient\u00edfica y el v\u00ednculo con las comunidades educativas del territorio.","breadcrumb":{"@id":"https:\/\/explora.cl\/rmsurponiente\/conoce-los-principales-hitos-que-marcaron-el-primer-semestre-del-par-explora-sur-poniente\/#breadcrumb"},"inLanguage":"es-CL","potentialAction":[{"@type":"ReadAction","target":["https:\/\/explora.cl\/rmsurponiente\/conoce-los-principales-hitos-que-marcaron-el-primer-semestre-del-par-explora-sur-poniente\/"]}]},{"@type":"ImageObject","inLanguage":"es-CL","@id":"https:\/\/explora.cl\/rmsurponiente\/conoce-los-principales-hitos-que-marcaron-el-primer-semestre-del-par-explora-sur-poniente\/#primaryimage","url":"https:\/\/explora.cl\/rmsurponiente\/wp-content\/uploads\/sites\/13\/2025\/06\/UDP-Bienvenida-Programa-Pipe002-scaled.jpg","contentUrl":"https:\/\/explora.cl\/rmsurponiente\/wp-content\/uploads\/sites\/13\/2025\/06\/UDP-Bienvenida-Programa-Pipe002-scaled.jpg","width":2560,"height":1707},{"@type":"BreadcrumbList","@id":"https:\/\/explora.cl\/rmsurponiente\/conoce-los-principales-hitos-que-marcaron-el-primer-semestre-del-par-explora-sur-poniente\/#breadcrumb","itemListElement":[{"@type":"ListItem","position":1,"name":"Portada","item":"https:\/\/explora.cl\/rmsurponiente\/"},{"@type":"ListItem","position":2,"name":"Conoce los principales hitos que marcaron el primer semestre de PAR Explora Sur Poniente"}]},{"@type":"WebSite","@id":"https:\/\/explora.cl\/rmsurponiente\/#website","url":"https:\/\/explora.cl\/rmsurponiente\/","name":"RM Sur Poniente","description":"Otro sitio m\u00e1s de explora.cl","potentialAction":[{"@type":"SearchAction","target":{"@type":"EntryPoint","urlTemplate":"https:\/\/explora.cl\/rmsurponiente\/?s={search_term_string}"},"query-input":{"@type":"PropertyValueSpecification","valueRequired":true,"valueName":"search_term_string"}}],"inLanguage":"es-CL"},{"@type":"Person","@id":"https:\/\/explora.cl\/rmsurponiente\/#\/schema\/person\/b54d1e3a6f6419fd6a669611f1535842","name":"Karen Alfaro","image":{"@type":"ImageObject","inLanguage":"es-CL","@id":"https:\/\/explora.cl\/rmsurponiente\/#\/schema\/person\/image\/","url":"https:\/\/secure.gravatar.com\/avatar\/ab105458bb2f6f5b1e4b61987051dca35b7b98fd952a98a66a5fab30117742b9?s=96&d=mm&r=g","contentUrl":"https:\/\/secure.gravatar.com\/avatar\/ab105458bb2f6f5b1e4b61987051dca35b7b98fd952a98a66a5fab30117742b9?s=96&d=mm&r=g","caption":"Karen Alfaro"},"url":"https:\/\/explora.cl\/rmsurponiente\/author\/kalfaro\/"}]}},"_links":{"self":[{"href":"https:\/\/explora.cl\/rmsurponiente\/wp-json\/wp\/v2\/posts\/42594","targetHints":{"allow":["GET"]}}],"collection":[{"href":"https:\/\/explora.cl\/rmsurponiente\/wp-json\/wp\/v2\/posts"}],"about":[{"href":"https:\/\/explora.cl\/rmsurponiente\/wp-json\/wp\/v2\/types\/post"}],"author":[{"embeddable":true,"href":"https:\/\/explora.cl\/rmsurponiente\/wp-json\/wp\/v2\/users\/47"}],"replies":[{"embeddable":true,"href":"https:\/\/explora.cl\/rmsurponiente\/wp-json\/wp\/v2\/comments?post=42594"}],"version-history":[{"count":10,"href":"https:\/\/explora.cl\/rmsurponiente\/wp-json\/wp\/v2\/posts\/42594\/revisions"}],"predecessor-version":[{"id":42776,"href":"https:\/\/explora.cl\/rmsurponiente\/wp-json\/wp\/v2\/posts\/42594\/revisions\/42776"}],"wp:featuredmedia":[{"embeddable":true,"href":"https:\/\/explora.cl\/rmsurponiente\/wp-json\/wp\/v2\/media\/42600"}],"wp:attachment":[{"href":"https:\/\/explora.cl\/rmsurponiente\/wp-json\/wp\/v2\/media?parent=42594"}],"wp:term":[{"taxonomy":"category","embeddable":true,"href":"https:\/\/explora.cl\/rmsurponiente\/wp-json\/wp\/v2\/categories?post=42594"},{"taxonomy":"post_tag","embeddable":true,"href":"https:\/\/explora.cl\/rmsurponiente\/wp-json\/wp\/v2\/tags?post=42594"}],"curies":[{"name":"wp","href":"https:\/\/api.w.org\/{rel}","templated":true}]}}