{"id":43915,"date":"2026-07-16T15:51:02","date_gmt":"2026-07-16T19:51:02","guid":{"rendered":"https:\/\/explora.cl\/rmsuroriente\/?p=43915"},"modified":"2026-09-01T16:03:38","modified_gmt":"2026-09-01T20:03:38","slug":"pipe-aborda-la-perspectiva-de-genero-en-las-practicas-pedagogicas","status":"publish","type":"post","link":"https:\/\/explora.cl\/rmsuroriente\/pipe-aborda-la-perspectiva-de-genero-en-las-practicas-pedagogicas\/","title":{"rendered":"PIPE aborda la perspectiva de g\u00e9nero en las pr\u00e1cticas pedag\u00f3gicas"},"content":{"rendered":"<p>\u201cDesde los 6 a\u00f1os, las ni\u00f1as comienzan a considerarse menos brillantes que los ni\u00f1os\u201d. Esta fue una de las ideas que abri\u00f3 la reflexi\u00f3n durante un nuevo encuentro del Programa de Indagaci\u00f3n para Primeras Edades (PIPE) del PAR Explora RM Sur Oriente, dedicado a abordar la perspectiva de g\u00e9nero en las pr\u00e1cticas pedag\u00f3gicas.<\/p>\n<p>La jornada comenz\u00f3 mirando hacia las propias experiencias de las participantes. A trav\u00e9s de recuerdos sobre los juegos y juguetes que marcaron sus infancias, las agentes educativas reflexionaron sobre c\u00f3mo, desde edades tempranas, distintos mensajes y pr\u00e1cticas pueden influir en la manera en que ni\u00f1as y ni\u00f1os construyen ideas sobre aquello que pueden hacer, aprender o llegar a ser.<\/p>\n<p>Desde esa reflexi\u00f3n, el trabajo se traslad\u00f3 a los espacios educativos. Las participantes analizaron situaciones y sesgos de g\u00e9nero que pueden aparecer en las interacciones cotidianas, en los materiales utilizados o en la forma de proponer y acompa\u00f1ar las experiencias de aprendizaje.<\/p>\n<figure id=\"attachment_43917\" aria-describedby=\"caption-attachment-43917\" style=\"width: 1080px\" class=\"wp-caption aligncenter\"><img fetchpriority=\"high\" decoding=\"async\" class=\"size-large wp-image-43917\" src=\"https:\/\/explora.cl\/rmsuroriente\/wp-content\/uploads\/sites\/12\/2026\/09\/DJI_20260715112942_0498_D-1080x1080.jpg\" alt=\"\" width=\"1080\" height=\"1080\" srcset=\"https:\/\/explora.cl\/rmsuroriente\/wp-content\/uploads\/sites\/12\/2026\/09\/DJI_20260715112942_0498_D-1080x1080.jpg 1080w, https:\/\/explora.cl\/rmsuroriente\/wp-content\/uploads\/sites\/12\/2026\/09\/DJI_20260715112942_0498_D-470x470.jpg 470w, https:\/\/explora.cl\/rmsuroriente\/wp-content\/uploads\/sites\/12\/2026\/09\/DJI_20260715112942_0498_D-768x768.jpg 768w, https:\/\/explora.cl\/rmsuroriente\/wp-content\/uploads\/sites\/12\/2026\/09\/DJI_20260715112942_0498_D-1536x1536.jpg 1536w, https:\/\/explora.cl\/rmsuroriente\/wp-content\/uploads\/sites\/12\/2026\/09\/DJI_20260715112942_0498_D-2048x2048.jpg 2048w, https:\/\/explora.cl\/rmsuroriente\/wp-content\/uploads\/sites\/12\/2026\/09\/DJI_20260715112942_0498_D-60x60.jpg 60w\" sizes=\"(max-width: 1080px) 100vw, 1080px\" \/><figcaption id=\"caption-attachment-43917\" class=\"wp-caption-text\">default<\/figcaption><\/figure>\n<p>El encuentro permiti\u00f3 profundizar en herramientas para reconocer y abordar estos sesgos. A partir del an\u00e1lisis de casos y del intercambio entre pares, las agentes educativas construyeron estrategias que podr\u00e1n incorporar en sus propias planificaciones, buscando generar experiencias en las que ni\u00f1as y ni\u00f1os puedan explorar, participar y desarrollar sus capacidades sin que los estereotipos de g\u00e9nero limiten sus posibilidades.<\/p>\n<p>De esta manera, la perspectiva de g\u00e9nero se integra al trabajo de PIPE como una dimensi\u00f3n que atraviesa las decisiones pedag\u00f3gicas y que invita a observar de manera consciente las oportunidades que se ofrecen cotidianamente a ni\u00f1as y ni\u00f1os.<\/p>\n<p>Revisa nuestro carrusel de fotos en <strong><a href=\"https:\/\/www.instagram.com\/p\/DbHNBjVESIN\/?img_index=1\" target=\"_blank\" rel=\"noopener\">Instagram<\/a><\/strong>.<\/p>\n<p>&nbsp;<\/p>\n<h5><b><span data-contrast=\"none\">PAR Explora RM Sur Oriente de la UC\u202f<\/span><\/b><span data-contrast=\"none\">\u00a0\u00a0<\/span><span data-ccp-props=\"{&quot;134233117&quot;:false,&quot;134233118&quot;:false,&quot;134245418&quot;:false,&quot;134245529&quot;:false,&quot;201341983&quot;:0,&quot;335551550&quot;:1,&quot;335551620&quot;:1,&quot;335557856&quot;:16777215,&quot;335559737&quot;:0,&quot;335559738&quot;:0,&quot;335559739&quot;:0,&quot;335559740&quot;:240}\">\u00a0<\/span><\/h5>\n<h5><span data-contrast=\"none\">El Proyecto Asociativo Regional (PAR) Explora RM Sur Oriente, financiado por el Ministerio de Ciencia, Tecnolog\u00eda, Conocimiento e Innovaci\u00f3n (MinCiencia), es ejecutado por la Universidad Cat\u00f3lica, a trav\u00e9s de la Vicerrector\u00eda de Investigaci\u00f3n\u00a0y Postgrado, con la direcci\u00f3n acad\u00e9mica de la Facultad de Educaci\u00f3n.<\/span><span data-ccp-props=\"{&quot;134233117&quot;:false,&quot;134233118&quot;:false,&quot;134245418&quot;:false,&quot;134245529&quot;:false,&quot;201341983&quot;:0,&quot;335551550&quot;:1,&quot;335551620&quot;:1,&quot;335557856&quot;:16777215,&quot;335559737&quot;:0,&quot;335559738&quot;:0,&quot;335559739&quot;:0,&quot;335559740&quot;:240}\">\u00a0<\/span><\/h5>\n<h5><span data-contrast=\"none\">El PAR Explora RM Sur Oriente de la UC busca conectar a las comunidades escolares con el mundo de la CTCI a trav\u00e9s de trabajos colaborativos y voluntarios entre docentes, educadores, especialistas, investigadores y estudiantes, que privilegien el\u00a0codise\u00f1o\u00a0y el saber interdisciplinario. Esta conexi\u00f3n es una oportunidad para fortalecer competencias CTCI que contribuyan y aporten a los procesos pedag\u00f3gicos de los establecimientos educativos.<\/span><\/h5>\n","protected":false},"excerpt":{"rendered":"<p>El encuentro invit\u00f3 a reconocer sesgos de g\u00e9nero y desarrollar estrategias que ampl\u00eden las oportunidades de aprendizaje y participaci\u00f3n de ni\u00f1as y ni\u00f1os.<\/p>\n","protected":false},"author":27,"featured_media":43916,"comment_status":"open","ping_status":"open","sticky":false,"template":"","format":"standard","meta":{"_acf_changed":false,"_exactmetrics_skip_tracking":false,"_exactmetrics_sitenote_active":false,"_exactmetrics_sitenote_note":"","_exactmetrics_sitenote_category":0,"footnotes":"","_links_to":"","_links_to_target":""},"categories":[128,127,4,116,121,126],"tags":[261,306],"class_list":["post-43915","post","type-post","status-publish","format-standard","has-post-thumbnail","hentry","category-eventos_publ_grl","category-iniciativas_publ_grl","category-noticias","category-para-comunidad-escolar","category-para-divulgadores","category-para-publico-general","tag-pipe","tag-programa-de-indagacion-para-primeras-edades"],"acf":[],"yoast_head":"<!-- This site is optimized with the Yoast SEO plugin v26.9 - https:\/\/yoast.com\/product\/yoast-seo-wordpress\/ -->\n<title>PIPE aborda la perspectiva de g\u00e9nero en las pr\u00e1cticas pedag\u00f3gicas - RM Sur Oriente<\/title>\n<meta name=\"robots\" content=\"index, follow, max-snippet:-1, max-image-preview:large, max-video-preview:-1\" \/>\n<link rel=\"canonical\" href=\"https:\/\/explora.cl\/rmsuroriente\/pipe-aborda-la-perspectiva-de-genero-en-las-practicas-pedagogicas\/\" class=\"yoast-seo-meta-tag\" \/>\n<meta property=\"og:locale\" content=\"es_ES\" class=\"yoast-seo-meta-tag\" \/>\n<meta property=\"og:type\" content=\"article\" class=\"yoast-seo-meta-tag\" \/>\n<meta property=\"og:title\" content=\"PIPE aborda la perspectiva de g\u00e9nero en las pr\u00e1cticas pedag\u00f3gicas - RM Sur Oriente\" class=\"yoast-seo-meta-tag\" \/>\n<meta property=\"og:description\" content=\"El encuentro invit\u00f3 a reconocer sesgos de g\u00e9nero y desarrollar estrategias que ampl\u00eden las oportunidades de aprendizaje y participaci\u00f3n de ni\u00f1as y ni\u00f1os.\" class=\"yoast-seo-meta-tag\" \/>\n<meta property=\"og:url\" content=\"https:\/\/explora.cl\/rmsuroriente\/pipe-aborda-la-perspectiva-de-genero-en-las-practicas-pedagogicas\/\" class=\"yoast-seo-meta-tag\" \/>\n<meta property=\"og:site_name\" content=\"RM Sur Oriente\" class=\"yoast-seo-meta-tag\" \/>\n<meta property=\"article:published_time\" content=\"2026-07-16T19:51:02+00:00\" class=\"yoast-seo-meta-tag\" \/>\n<meta property=\"article:modified_time\" content=\"2026-09-01T20:03:38+00:00\" class=\"yoast-seo-meta-tag\" \/>\n<meta property=\"og:image\" content=\"https:\/\/explora.cl\/rmsuroriente\/wp-content\/uploads\/sites\/12\/2026\/09\/DSC03201-scaled.jpg\" class=\"yoast-seo-meta-tag\" \/>\n\t<meta property=\"og:image:width\" content=\"2560\" class=\"yoast-seo-meta-tag\" \/>\n\t<meta property=\"og:image:height\" content=\"1707\" class=\"yoast-seo-meta-tag\" \/>\n\t<meta property=\"og:image:type\" content=\"image\/jpeg\" class=\"yoast-seo-meta-tag\" \/>\n<meta name=\"author\" content=\"RMSO PUC\" class=\"yoast-seo-meta-tag\" \/>\n<meta name=\"twitter:card\" content=\"summary_large_image\" class=\"yoast-seo-meta-tag\" \/>\n<meta name=\"twitter:label1\" content=\"Escrito por\" class=\"yoast-seo-meta-tag\" \/>\n\t<meta name=\"twitter:data1\" content=\"RMSO PUC\" class=\"yoast-seo-meta-tag\" \/>\n\t<meta name=\"twitter:label2\" content=\"Tiempo estimado de lectura\" class=\"yoast-seo-meta-tag\" \/>\n\t<meta name=\"twitter:data2\" content=\"3 minutos\" class=\"yoast-seo-meta-tag\" \/>\n<script type=\"application\/ld+json\" class=\"yoast-schema-graph\">{\"@context\":\"https:\/\/schema.org\",\"@graph\":[{\"@type\":\"Article\",\"@id\":\"https:\/\/explora.cl\/rmsuroriente\/pipe-aborda-la-perspectiva-de-genero-en-las-practicas-pedagogicas\/#article\",\"isPartOf\":{\"@id\":\"https:\/\/explora.cl\/rmsuroriente\/pipe-aborda-la-perspectiva-de-genero-en-las-practicas-pedagogicas\/\"},\"author\":{\"name\":\"RMSO PUC\",\"@id\":\"https:\/\/explora.cl\/rmsuroriente\/#\/schema\/person\/164f0bfb03507b3d5dd75257d8e71697\"},\"headline\":\"PIPE aborda la perspectiva de g\u00e9nero en las pr\u00e1cticas pedag\u00f3gicas\",\"datePublished\":\"2026-07-16T19:51:02+00:00\",\"dateModified\":\"2026-09-01T20:03:38+00:00\",\"mainEntityOfPage\":{\"@id\":\"https:\/\/explora.cl\/rmsuroriente\/pipe-aborda-la-perspectiva-de-genero-en-las-practicas-pedagogicas\/\"},\"wordCount\":436,\"commentCount\":0,\"publisher\":{\"@id\":\"https:\/\/explora.cl\/rmsuroriente\/#organization\"},\"image\":{\"@id\":\"https:\/\/explora.cl\/rmsuroriente\/pipe-aborda-la-perspectiva-de-genero-en-las-practicas-pedagogicas\/#primaryimage\"},\"thumbnailUrl\":\"https:\/\/explora.cl\/rmsuroriente\/wp-content\/uploads\/sites\/12\/2026\/09\/DSC03201-scaled.jpg\",\"keywords\":[\"PIPE\",\"Programa de indagaci\u00f3n para Primeras Edades\"],\"articleSection\":[\"Eventos\",\"Iniciativas\",\"Noticias\",\"Para Comunidad Escolar\",\"Para Divulgadores\",\"Para P\u00fablico General\"],\"inLanguage\":\"es-CL\",\"potentialAction\":[{\"@type\":\"CommentAction\",\"name\":\"Comment\",\"target\":[\"https:\/\/explora.cl\/rmsuroriente\/pipe-aborda-la-perspectiva-de-genero-en-las-practicas-pedagogicas\/#respond\"]}]},{\"@type\":\"WebPage\",\"@id\":\"https:\/\/explora.cl\/rmsuroriente\/pipe-aborda-la-perspectiva-de-genero-en-las-practicas-pedagogicas\/\",\"url\":\"https:\/\/explora.cl\/rmsuroriente\/pipe-aborda-la-perspectiva-de-genero-en-las-practicas-pedagogicas\/\",\"name\":\"PIPE aborda la perspectiva de g\u00e9nero en las pr\u00e1cticas pedag\u00f3gicas - RM Sur Oriente\",\"isPartOf\":{\"@id\":\"https:\/\/explora.cl\/rmsuroriente\/#website\"},\"primaryImageOfPage\":{\"@id\":\"https:\/\/explora.cl\/rmsuroriente\/pipe-aborda-la-perspectiva-de-genero-en-las-practicas-pedagogicas\/#primaryimage\"},\"image\":{\"@id\":\"https:\/\/explora.cl\/rmsuroriente\/pipe-aborda-la-perspectiva-de-genero-en-las-practicas-pedagogicas\/#primaryimage\"},\"thumbnailUrl\":\"https:\/\/explora.cl\/rmsuroriente\/wp-content\/uploads\/sites\/12\/2026\/09\/DSC03201-scaled.jpg\",\"datePublished\":\"2026-07-16T19:51:02+00:00\",\"dateModified\":\"2026-09-01T20:03:38+00:00\",\"breadcrumb\":{\"@id\":\"https:\/\/explora.cl\/rmsuroriente\/pipe-aborda-la-perspectiva-de-genero-en-las-practicas-pedagogicas\/#breadcrumb\"},\"inLanguage\":\"es-CL\",\"potentialAction\":[{\"@type\":\"ReadAction\",\"target\":[\"https:\/\/explora.cl\/rmsuroriente\/pipe-aborda-la-perspectiva-de-genero-en-las-practicas-pedagogicas\/\"]}]},{\"@type\":\"ImageObject\",\"inLanguage\":\"es-CL\",\"@id\":\"https:\/\/explora.cl\/rmsuroriente\/pipe-aborda-la-perspectiva-de-genero-en-las-practicas-pedagogicas\/#primaryimage\",\"url\":\"https:\/\/explora.cl\/rmsuroriente\/wp-content\/uploads\/sites\/12\/2026\/09\/DSC03201-scaled.jpg\",\"contentUrl\":\"https:\/\/explora.cl\/rmsuroriente\/wp-content\/uploads\/sites\/12\/2026\/09\/DSC03201-scaled.jpg\",\"width\":2560,\"height\":1707},{\"@type\":\"BreadcrumbList\",\"@id\":\"https:\/\/explora.cl\/rmsuroriente\/pipe-aborda-la-perspectiva-de-genero-en-las-practicas-pedagogicas\/#breadcrumb\",\"itemListElement\":[{\"@type\":\"ListItem\",\"position\":1,\"name\":\"Portada\",\"item\":\"https:\/\/explora.cl\/rmsuroriente\/\"},{\"@type\":\"ListItem\",\"position\":2,\"name\":\"PIPE aborda la perspectiva de g\u00e9nero en las pr\u00e1cticas pedag\u00f3gicas\"}]},{\"@type\":\"WebSite\",\"@id\":\"https:\/\/explora.cl\/rmsuroriente\/#website\",\"url\":\"https:\/\/explora.cl\/rmsuroriente\/\",\"name\":\"RM Sur Oriente\",\"description\":\"Otro sitio m\u00e1s de explora.cl\",\"publisher\":{\"@id\":\"https:\/\/explora.cl\/rmsuroriente\/#organization\"},\"potentialAction\":[{\"@type\":\"SearchAction\",\"target\":{\"@type\":\"EntryPoint\",\"urlTemplate\":\"https:\/\/explora.cl\/rmsuroriente\/?s={search_term_string}\"},\"query-input\":{\"@type\":\"PropertyValueSpecification\",\"valueRequired\":true,\"valueName\":\"search_term_string\"}}],\"inLanguage\":\"es-CL\"},{\"@type\":\"Organization\",\"@id\":\"https:\/\/explora.cl\/rmsuroriente\/#organization\",\"name\":\"RM Sur Oriente\",\"url\":\"https:\/\/explora.cl\/rmsuroriente\/\",\"logo\":{\"@type\":\"ImageObject\",\"inLanguage\":\"es-CL\",\"@id\":\"https:\/\/explora.cl\/rmsuroriente\/#\/schema\/logo\/image\/\",\"url\":\"https:\/\/explora.cl\/rmsuroriente\/wp-content\/uploads\/sites\/12\/2025\/04\/cropped-LogoPAR_RMSO-Azul-UC.png\",\"contentUrl\":\"https:\/\/explora.cl\/rmsuroriente\/wp-content\/uploads\/sites\/12\/2025\/04\/cropped-LogoPAR_RMSO-Azul-UC.png\",\"width\":411,\"height\":409,\"caption\":\"RM Sur Oriente\"},\"image\":{\"@id\":\"https:\/\/explora.cl\/rmsuroriente\/#\/schema\/logo\/image\/\"}},{\"@type\":\"Person\",\"@id\":\"https:\/\/explora.cl\/rmsuroriente\/#\/schema\/person\/164f0bfb03507b3d5dd75257d8e71697\",\"name\":\"RMSO PUC\",\"image\":{\"@type\":\"ImageObject\",\"inLanguage\":\"es-CL\",\"@id\":\"https:\/\/explora.cl\/rmsuroriente\/#\/schema\/person\/image\/\",\"url\":\"https:\/\/secure.gravatar.com\/avatar\/16f7131f033ed433ea432d3fc2b04af9756004afdb5a6b61c705d795f6425ea0?s=96&d=mm&r=g\",\"contentUrl\":\"https:\/\/secure.gravatar.com\/avatar\/16f7131f033ed433ea432d3fc2b04af9756004afdb5a6b61c705d795f6425ea0?s=96&d=mm&r=g\",\"caption\":\"RMSO PUC\"},\"sameAs\":[\"https:\/\/www.instagram.com\/parexplorarmsuroriente\/\"],\"url\":\"https:\/\/explora.cl\/rmsuroriente\/author\/myanez\/\"}]}<\/script>\n<!-- \/ Yoast SEO plugin. -->","yoast_head_json":{"title":"PIPE aborda la perspectiva de g\u00e9nero en las pr\u00e1cticas pedag\u00f3gicas - RM Sur Oriente","robots":{"index":"index","follow":"follow","max-snippet":"max-snippet:-1","max-image-preview":"max-image-preview:large","max-video-preview":"max-video-preview:-1"},"canonical":"https:\/\/explora.cl\/rmsuroriente\/pipe-aborda-la-perspectiva-de-genero-en-las-practicas-pedagogicas\/","og_locale":"es_ES","og_type":"article","og_title":"PIPE aborda la perspectiva de g\u00e9nero en las pr\u00e1cticas pedag\u00f3gicas - RM Sur Oriente","og_description":"El encuentro invit\u00f3 a reconocer sesgos de g\u00e9nero y desarrollar estrategias que ampl\u00eden las oportunidades de aprendizaje y participaci\u00f3n de ni\u00f1as y ni\u00f1os.","og_url":"https:\/\/explora.cl\/rmsuroriente\/pipe-aborda-la-perspectiva-de-genero-en-las-practicas-pedagogicas\/","og_site_name":"RM Sur Oriente","article_published_time":"2026-07-16T19:51:02+00:00","article_modified_time":"2026-09-01T20:03:38+00:00","og_image":[{"width":2560,"height":1707,"url":"https:\/\/explora.cl\/rmsuroriente\/wp-content\/uploads\/sites\/12\/2026\/09\/DSC03201-scaled.jpg","type":"image\/jpeg"}],"author":"RMSO PUC","twitter_card":"summary_large_image","twitter_misc":{"Escrito por":"RMSO PUC","Tiempo estimado de lectura":"3 minutos"},"schema":{"@context":"https:\/\/schema.org","@graph":[{"@type":"Article","@id":"https:\/\/explora.cl\/rmsuroriente\/pipe-aborda-la-perspectiva-de-genero-en-las-practicas-pedagogicas\/#article","isPartOf":{"@id":"https:\/\/explora.cl\/rmsuroriente\/pipe-aborda-la-perspectiva-de-genero-en-las-practicas-pedagogicas\/"},"author":{"name":"RMSO PUC","@id":"https:\/\/explora.cl\/rmsuroriente\/#\/schema\/person\/164f0bfb03507b3d5dd75257d8e71697"},"headline":"PIPE aborda la perspectiva de g\u00e9nero en las pr\u00e1cticas pedag\u00f3gicas","datePublished":"2026-07-16T19:51:02+00:00","dateModified":"2026-09-01T20:03:38+00:00","mainEntityOfPage":{"@id":"https:\/\/explora.cl\/rmsuroriente\/pipe-aborda-la-perspectiva-de-genero-en-las-practicas-pedagogicas\/"},"wordCount":436,"commentCount":0,"publisher":{"@id":"https:\/\/explora.cl\/rmsuroriente\/#organization"},"image":{"@id":"https:\/\/explora.cl\/rmsuroriente\/pipe-aborda-la-perspectiva-de-genero-en-las-practicas-pedagogicas\/#primaryimage"},"thumbnailUrl":"https:\/\/explora.cl\/rmsuroriente\/wp-content\/uploads\/sites\/12\/2026\/09\/DSC03201-scaled.jpg","keywords":["PIPE","Programa de indagaci\u00f3n para Primeras Edades"],"articleSection":["Eventos","Iniciativas","Noticias","Para Comunidad Escolar","Para Divulgadores","Para P\u00fablico General"],"inLanguage":"es-CL","potentialAction":[{"@type":"CommentAction","name":"Comment","target":["https:\/\/explora.cl\/rmsuroriente\/pipe-aborda-la-perspectiva-de-genero-en-las-practicas-pedagogicas\/#respond"]}]},{"@type":"WebPage","@id":"https:\/\/explora.cl\/rmsuroriente\/pipe-aborda-la-perspectiva-de-genero-en-las-practicas-pedagogicas\/","url":"https:\/\/explora.cl\/rmsuroriente\/pipe-aborda-la-perspectiva-de-genero-en-las-practicas-pedagogicas\/","name":"PIPE aborda la perspectiva de g\u00e9nero en las pr\u00e1cticas pedag\u00f3gicas - RM Sur Oriente","isPartOf":{"@id":"https:\/\/explora.cl\/rmsuroriente\/#website"},"primaryImageOfPage":{"@id":"https:\/\/explora.cl\/rmsuroriente\/pipe-aborda-la-perspectiva-de-genero-en-las-practicas-pedagogicas\/#primaryimage"},"image":{"@id":"https:\/\/explora.cl\/rmsuroriente\/pipe-aborda-la-perspectiva-de-genero-en-las-practicas-pedagogicas\/#primaryimage"},"thumbnailUrl":"https:\/\/explora.cl\/rmsuroriente\/wp-content\/uploads\/sites\/12\/2026\/09\/DSC03201-scaled.jpg","datePublished":"2026-07-16T19:51:02+00:00","dateModified":"2026-09-01T20:03:38+00:00","breadcrumb":{"@id":"https:\/\/explora.cl\/rmsuroriente\/pipe-aborda-la-perspectiva-de-genero-en-las-practicas-pedagogicas\/#breadcrumb"},"inLanguage":"es-CL","potentialAction":[{"@type":"ReadAction","target":["https:\/\/explora.cl\/rmsuroriente\/pipe-aborda-la-perspectiva-de-genero-en-las-practicas-pedagogicas\/"]}]},{"@type":"ImageObject","inLanguage":"es-CL","@id":"https:\/\/explora.cl\/rmsuroriente\/pipe-aborda-la-perspectiva-de-genero-en-las-practicas-pedagogicas\/#primaryimage","url":"https:\/\/explora.cl\/rmsuroriente\/wp-content\/uploads\/sites\/12\/2026\/09\/DSC03201-scaled.jpg","contentUrl":"https:\/\/explora.cl\/rmsuroriente\/wp-content\/uploads\/sites\/12\/2026\/09\/DSC03201-scaled.jpg","width":2560,"height":1707},{"@type":"BreadcrumbList","@id":"https:\/\/explora.cl\/rmsuroriente\/pipe-aborda-la-perspectiva-de-genero-en-las-practicas-pedagogicas\/#breadcrumb","itemListElement":[{"@type":"ListItem","position":1,"name":"Portada","item":"https:\/\/explora.cl\/rmsuroriente\/"},{"@type":"ListItem","position":2,"name":"PIPE aborda la perspectiva de g\u00e9nero en las pr\u00e1cticas pedag\u00f3gicas"}]},{"@type":"WebSite","@id":"https:\/\/explora.cl\/rmsuroriente\/#website","url":"https:\/\/explora.cl\/rmsuroriente\/","name":"RM Sur Oriente","description":"Otro sitio m\u00e1s de explora.cl","publisher":{"@id":"https:\/\/explora.cl\/rmsuroriente\/#organization"},"potentialAction":[{"@type":"SearchAction","target":{"@type":"EntryPoint","urlTemplate":"https:\/\/explora.cl\/rmsuroriente\/?s={search_term_string}"},"query-input":{"@type":"PropertyValueSpecification","valueRequired":true,"valueName":"search_term_string"}}],"inLanguage":"es-CL"},{"@type":"Organization","@id":"https:\/\/explora.cl\/rmsuroriente\/#organization","name":"RM Sur Oriente","url":"https:\/\/explora.cl\/rmsuroriente\/","logo":{"@type":"ImageObject","inLanguage":"es-CL","@id":"https:\/\/explora.cl\/rmsuroriente\/#\/schema\/logo\/image\/","url":"https:\/\/explora.cl\/rmsuroriente\/wp-content\/uploads\/sites\/12\/2025\/04\/cropped-LogoPAR_RMSO-Azul-UC.png","contentUrl":"https:\/\/explora.cl\/rmsuroriente\/wp-content\/uploads\/sites\/12\/2025\/04\/cropped-LogoPAR_RMSO-Azul-UC.png","width":411,"height":409,"caption":"RM Sur Oriente"},"image":{"@id":"https:\/\/explora.cl\/rmsuroriente\/#\/schema\/logo\/image\/"}},{"@type":"Person","@id":"https:\/\/explora.cl\/rmsuroriente\/#\/schema\/person\/164f0bfb03507b3d5dd75257d8e71697","name":"RMSO PUC","image":{"@type":"ImageObject","inLanguage":"es-CL","@id":"https:\/\/explora.cl\/rmsuroriente\/#\/schema\/person\/image\/","url":"https:\/\/secure.gravatar.com\/avatar\/16f7131f033ed433ea432d3fc2b04af9756004afdb5a6b61c705d795f6425ea0?s=96&d=mm&r=g","contentUrl":"https:\/\/secure.gravatar.com\/avatar\/16f7131f033ed433ea432d3fc2b04af9756004afdb5a6b61c705d795f6425ea0?s=96&d=mm&r=g","caption":"RMSO PUC"},"sameAs":["https:\/\/www.instagram.com\/parexplorarmsuroriente\/"],"url":"https:\/\/explora.cl\/rmsuroriente\/author\/myanez\/"}]}},"_links":{"self":[{"href":"https:\/\/explora.cl\/rmsuroriente\/wp-json\/wp\/v2\/posts\/43915","targetHints":{"allow":["GET"]}}],"collection":[{"href":"https:\/\/explora.cl\/rmsuroriente\/wp-json\/wp\/v2\/posts"}],"about":[{"href":"https:\/\/explora.cl\/rmsuroriente\/wp-json\/wp\/v2\/types\/post"}],"author":[{"embeddable":true,"href":"https:\/\/explora.cl\/rmsuroriente\/wp-json\/wp\/v2\/users\/27"}],"replies":[{"embeddable":true,"href":"https:\/\/explora.cl\/rmsuroriente\/wp-json\/wp\/v2\/comments?post=43915"}],"version-history":[{"count":6,"href":"https:\/\/explora.cl\/rmsuroriente\/wp-json\/wp\/v2\/posts\/43915\/revisions"}],"predecessor-version":[{"id":43923,"href":"https:\/\/explora.cl\/rmsuroriente\/wp-json\/wp\/v2\/posts\/43915\/revisions\/43923"}],"wp:featuredmedia":[{"embeddable":true,"href":"https:\/\/explora.cl\/rmsuroriente\/wp-json\/wp\/v2\/media\/43916"}],"wp:attachment":[{"href":"https:\/\/explora.cl\/rmsuroriente\/wp-json\/wp\/v2\/media?parent=43915"}],"wp:term":[{"taxonomy":"category","embeddable":true,"href":"https:\/\/explora.cl\/rmsuroriente\/wp-json\/wp\/v2\/categories?post=43915"},{"taxonomy":"post_tag","embeddable":true,"href":"https:\/\/explora.cl\/rmsuroriente\/wp-json\/wp\/v2\/tags?post=43915"}],"curies":[{"name":"wp","href":"https:\/\/api.w.org\/{rel}","templated":true}]}}