{"id":43778,"date":"2026-04-02T17:23:19","date_gmt":"2026-04-02T20:23:19","guid":{"rendered":"https:\/\/explora.cl\/rmsuroriente\/?p=43778"},"modified":"2026-04-16T17:42:47","modified_gmt":"2026-04-16T21:42:47","slug":"campamento-explora-va-docentes-retoman-camino-y-proyectan-impacto-en-aula","status":"publish","type":"post","link":"https:\/\/explora.cl\/rmsuroriente\/campamento-explora-va-docentes-retoman-camino-y-proyectan-impacto-en-aula\/","title":{"rendered":"Campamento Explora Va!: docentes retoman camino para impactar en aula"},"content":{"rendered":"<p>Tras poco m\u00e1s de tres meses desde la experiencia residencial en San Jos\u00e9 de Maipo, Campamento Explora Va! reuni\u00f3 a las y los docentes que fueron parte del internado en diciembre de 2025. El reencuentro no solo marc\u00f3 un hito emocional, sino tambi\u00e9n el inicio de una nueva etapa: llevar al aula, de manera concreta, los aprendizajes construidos durante el internado.<\/p>\n<p><img fetchpriority=\"high\" decoding=\"async\" class=\"aligncenter size-large wp-image-43784\" src=\"https:\/\/explora.cl\/rmsuroriente\/wp-content\/uploads\/sites\/12\/2026\/04\/DSC08634-1620x1080.jpg\" alt=\"\" width=\"1180\" height=\"787\" srcset=\"https:\/\/explora.cl\/rmsuroriente\/wp-content\/uploads\/sites\/12\/2026\/04\/DSC08634-1620x1080.jpg 1620w, https:\/\/explora.cl\/rmsuroriente\/wp-content\/uploads\/sites\/12\/2026\/04\/DSC08634-705x470.jpg 705w, https:\/\/explora.cl\/rmsuroriente\/wp-content\/uploads\/sites\/12\/2026\/04\/DSC08634-768x512.jpg 768w, https:\/\/explora.cl\/rmsuroriente\/wp-content\/uploads\/sites\/12\/2026\/04\/DSC08634-1536x1024.jpg 1536w, https:\/\/explora.cl\/rmsuroriente\/wp-content\/uploads\/sites\/12\/2026\/04\/DSC08634-2048x1365.jpg 2048w, https:\/\/explora.cl\/rmsuroriente\/wp-content\/uploads\/sites\/12\/2026\/04\/DSC08634-300x200.jpg 300w\" sizes=\"(max-width: 1180px) 100vw, 1180px\" \/><\/p>\n<p>Se trata de un grupo de docentes comprometidos con transformar sus pr\u00e1cticas pedag\u00f3gicas, quienes desde el a\u00f1o pasado han participado activamente en este proceso formativo. Ese trabajo comienza a tomar formas en sus comunidades educativas, con propuestas que buscan impactar directamente en la experiencia de aprendizaje en ni\u00f1as, ni\u00f1os y j\u00f3venes.<\/p>\n<p>El encuentro tuvo como objetivo presentar la ruta formativa para 2026 y entregar herramientas para el dise\u00f1o y planificaci\u00f3n de secuencias did\u00e1cticas. En esta jornada, participaron acad\u00e9micas de la Facultad de Educaci\u00f3n UC: Mar\u00eda Jes\u00fas Viviani, quien abord\u00f3 la indagaci\u00f3n cient\u00edfica, y Florencia G\u00f3mez, quien profundiz\u00f3 en la argumentaci\u00f3n cient\u00edfica como eje para el aprendizaje.<\/p>\n<p><img decoding=\"async\" class=\"aligncenter size-large wp-image-43781\" src=\"https:\/\/explora.cl\/rmsuroriente\/wp-content\/uploads\/sites\/12\/2026\/04\/DSC08558-1620x1080.jpg\" alt=\"\" width=\"1180\" height=\"787\" srcset=\"https:\/\/explora.cl\/rmsuroriente\/wp-content\/uploads\/sites\/12\/2026\/04\/DSC08558-1620x1080.jpg 1620w, https:\/\/explora.cl\/rmsuroriente\/wp-content\/uploads\/sites\/12\/2026\/04\/DSC08558-705x470.jpg 705w, https:\/\/explora.cl\/rmsuroriente\/wp-content\/uploads\/sites\/12\/2026\/04\/DSC08558-768x512.jpg 768w, https:\/\/explora.cl\/rmsuroriente\/wp-content\/uploads\/sites\/12\/2026\/04\/DSC08558-1536x1024.jpg 1536w, https:\/\/explora.cl\/rmsuroriente\/wp-content\/uploads\/sites\/12\/2026\/04\/DSC08558-2048x1365.jpg 2048w, https:\/\/explora.cl\/rmsuroriente\/wp-content\/uploads\/sites\/12\/2026\/04\/DSC08558-300x200.jpg 300w\" sizes=\"(max-width: 1180px) 100vw, 1180px\" \/><\/p>\n<p>M\u00e1s all\u00e1 de los contenidos, el encuentro reafirm\u00f3 algo que ya se ven\u00eda construyendo desde el internado: una comunidad de aprendizaje activa, colaborativa y con un prop\u00f3sito compartido. Un espacio donde las y los docentes no solo adquieren herramientas, sino que tambi\u00e9n comparten experiencias, reflexionan sobre sus pr\u00e1cticas y proyectan cambios concretos en sus aulas.<\/p>\n<p>De esta manera, Campamento Explora Va! contin\u00faa su recorrido, esta vez con la mirada puesta en el impacto real que estas experiencias pueden generar en estudiantes y en las comunidades educativas.<\/p>\n<p>&nbsp;<\/p>\n<h5><b><span data-contrast=\"none\">PAR Explora RM Sur Oriente de la UC\u202f<\/span><\/b><span data-contrast=\"none\">\u00a0\u00a0<\/span><span data-ccp-props=\"{&quot;134233117&quot;:false,&quot;134233118&quot;:false,&quot;134245418&quot;:false,&quot;134245529&quot;:false,&quot;201341983&quot;:0,&quot;335551550&quot;:1,&quot;335551620&quot;:1,&quot;335557856&quot;:16777215,&quot;335559737&quot;:0,&quot;335559738&quot;:0,&quot;335559739&quot;:0,&quot;335559740&quot;:240}\">\u00a0<\/span><\/h5>\n<h5><span data-contrast=\"none\">El Proyecto Asociativo Regional (PAR) Explora RM Sur Oriente, financiado por el Ministerio de Ciencia, Tecnolog\u00eda, Conocimiento e Innovaci\u00f3n (MinCiencia), es ejecutado por la Universidad Cat\u00f3lica, a trav\u00e9s de la Vicerrector\u00eda de Investigaci\u00f3n\u00a0y Postgrado, con la direcci\u00f3n acad\u00e9mica de la Facultad de Educaci\u00f3n.<\/span><span data-ccp-props=\"{&quot;134233117&quot;:false,&quot;134233118&quot;:false,&quot;134245418&quot;:false,&quot;134245529&quot;:false,&quot;201341983&quot;:0,&quot;335551550&quot;:1,&quot;335551620&quot;:1,&quot;335557856&quot;:16777215,&quot;335559737&quot;:0,&quot;335559738&quot;:0,&quot;335559739&quot;:0,&quot;335559740&quot;:240}\">\u00a0<\/span><\/h5>\n<h5><span data-contrast=\"none\">El PAR Explora RM Sur Oriente de la UC busca conectar a las comunidades escolares con el mundo de la CTCI a trav\u00e9s de trabajos colaborativos y voluntarios entre docentes, educadores, especialistas, investigadores y estudiantes, que privilegien el\u00a0codise\u00f1o\u00a0y el saber interdisciplinario. Esta conexi\u00f3n es una oportunidad para fortalecer competencias CTCI que contribuyan y aporten a los procesos pedag\u00f3gicos de los establecimientos educativos.<\/span><\/h5>\n","protected":false},"excerpt":{"rendered":"<p>A m\u00e1s de tres meses del internado realizado en diciembre, el primer encuentro del a\u00f1o reuni\u00f3 a las y los docentes para proyectar 2026.<\/p>\n","protected":false},"author":27,"featured_media":43779,"comment_status":"open","ping_status":"open","sticky":false,"template":"","format":"standard","meta":{"_acf_changed":false,"_exactmetrics_skip_tracking":false,"_exactmetrics_sitenote_active":false,"_exactmetrics_sitenote_note":"","_exactmetrics_sitenote_category":0,"footnotes":"","_links_to":"","_links_to_target":""},"categories":[127,4,116,121,126],"tags":[412,414],"class_list":["post-43778","post","type-post","status-publish","format-standard","has-post-thumbnail","hentry","category-iniciativas_publ_grl","category-noticias","category-para-comunidad-escolar","category-para-divulgadores","category-para-publico-general","tag-campamento-explora-va","tag-explora-va"],"acf":[],"yoast_head":"<!-- This site is optimized with the Yoast SEO plugin v26.9 - https:\/\/yoast.com\/product\/yoast-seo-wordpress\/ -->\n<title>Campamento Explora Va!: docentes retoman camino para impactar en aula - RM Sur Oriente<\/title>\n<meta name=\"robots\" content=\"index, follow, max-snippet:-1, max-image-preview:large, max-video-preview:-1\" \/>\n<link rel=\"canonical\" href=\"https:\/\/explora.cl\/rmsuroriente\/campamento-explora-va-docentes-retoman-camino-y-proyectan-impacto-en-aula\/\" class=\"yoast-seo-meta-tag\" \/>\n<meta property=\"og:locale\" content=\"es_ES\" class=\"yoast-seo-meta-tag\" \/>\n<meta property=\"og:type\" content=\"article\" class=\"yoast-seo-meta-tag\" \/>\n<meta property=\"og:title\" content=\"Campamento Explora Va!: docentes retoman camino para impactar en aula - RM Sur Oriente\" class=\"yoast-seo-meta-tag\" \/>\n<meta property=\"og:description\" content=\"A m\u00e1s de tres meses del internado realizado en diciembre, el primer encuentro del a\u00f1o reuni\u00f3 a las y los docentes para proyectar 2026.\" class=\"yoast-seo-meta-tag\" \/>\n<meta property=\"og:url\" content=\"https:\/\/explora.cl\/rmsuroriente\/campamento-explora-va-docentes-retoman-camino-y-proyectan-impacto-en-aula\/\" class=\"yoast-seo-meta-tag\" \/>\n<meta property=\"og:site_name\" content=\"RM Sur Oriente\" class=\"yoast-seo-meta-tag\" \/>\n<meta property=\"article:published_time\" content=\"2026-04-02T20:23:19+00:00\" class=\"yoast-seo-meta-tag\" \/>\n<meta property=\"article:modified_time\" content=\"2026-04-16T21:42:47+00:00\" class=\"yoast-seo-meta-tag\" \/>\n<meta property=\"og:image\" content=\"https:\/\/explora.cl\/rmsuroriente\/wp-content\/uploads\/sites\/12\/2026\/04\/DSC08688-scaled.jpg\" class=\"yoast-seo-meta-tag\" \/>\n\t<meta property=\"og:image:width\" content=\"2560\" class=\"yoast-seo-meta-tag\" \/>\n\t<meta property=\"og:image:height\" content=\"1707\" class=\"yoast-seo-meta-tag\" \/>\n\t<meta property=\"og:image:type\" content=\"image\/jpeg\" class=\"yoast-seo-meta-tag\" \/>\n<meta name=\"author\" content=\"RMSO PUC\" class=\"yoast-seo-meta-tag\" \/>\n<meta name=\"twitter:card\" content=\"summary_large_image\" class=\"yoast-seo-meta-tag\" \/>\n<meta name=\"twitter:label1\" content=\"Escrito por\" class=\"yoast-seo-meta-tag\" \/>\n\t<meta name=\"twitter:data1\" content=\"RMSO PUC\" class=\"yoast-seo-meta-tag\" \/>\n\t<meta name=\"twitter:label2\" content=\"Tiempo estimado de lectura\" class=\"yoast-seo-meta-tag\" \/>\n\t<meta name=\"twitter:data2\" content=\"3 minutos\" class=\"yoast-seo-meta-tag\" \/>\n<script type=\"application\/ld+json\" class=\"yoast-schema-graph\">{\"@context\":\"https:\/\/schema.org\",\"@graph\":[{\"@type\":\"Article\",\"@id\":\"https:\/\/explora.cl\/rmsuroriente\/campamento-explora-va-docentes-retoman-camino-y-proyectan-impacto-en-aula\/#article\",\"isPartOf\":{\"@id\":\"https:\/\/explora.cl\/rmsuroriente\/campamento-explora-va-docentes-retoman-camino-y-proyectan-impacto-en-aula\/\"},\"author\":{\"name\":\"RMSO PUC\",\"@id\":\"https:\/\/explora.cl\/rmsuroriente\/#\/schema\/person\/164f0bfb03507b3d5dd75257d8e71697\"},\"headline\":\"Campamento Explora Va!: docentes retoman camino para impactar en aula\",\"datePublished\":\"2026-04-02T20:23:19+00:00\",\"dateModified\":\"2026-04-16T21:42:47+00:00\",\"mainEntityOfPage\":{\"@id\":\"https:\/\/explora.cl\/rmsuroriente\/campamento-explora-va-docentes-retoman-camino-y-proyectan-impacto-en-aula\/\"},\"wordCount\":417,\"commentCount\":0,\"publisher\":{\"@id\":\"https:\/\/explora.cl\/rmsuroriente\/#organization\"},\"image\":{\"@id\":\"https:\/\/explora.cl\/rmsuroriente\/campamento-explora-va-docentes-retoman-camino-y-proyectan-impacto-en-aula\/#primaryimage\"},\"thumbnailUrl\":\"https:\/\/explora.cl\/rmsuroriente\/wp-content\/uploads\/sites\/12\/2026\/04\/DSC08688-scaled.jpg\",\"keywords\":[\"Campamento Explora Va!\",\"Explora Va!\"],\"articleSection\":[\"Iniciativas\",\"Noticias\",\"Para Comunidad Escolar\",\"Para Divulgadores\",\"Para P\u00fablico General\"],\"inLanguage\":\"es-CL\",\"potentialAction\":[{\"@type\":\"CommentAction\",\"name\":\"Comment\",\"target\":[\"https:\/\/explora.cl\/rmsuroriente\/campamento-explora-va-docentes-retoman-camino-y-proyectan-impacto-en-aula\/#respond\"]}]},{\"@type\":\"WebPage\",\"@id\":\"https:\/\/explora.cl\/rmsuroriente\/campamento-explora-va-docentes-retoman-camino-y-proyectan-impacto-en-aula\/\",\"url\":\"https:\/\/explora.cl\/rmsuroriente\/campamento-explora-va-docentes-retoman-camino-y-proyectan-impacto-en-aula\/\",\"name\":\"Campamento Explora Va!: docentes retoman camino para impactar en aula - RM Sur Oriente\",\"isPartOf\":{\"@id\":\"https:\/\/explora.cl\/rmsuroriente\/#website\"},\"primaryImageOfPage\":{\"@id\":\"https:\/\/explora.cl\/rmsuroriente\/campamento-explora-va-docentes-retoman-camino-y-proyectan-impacto-en-aula\/#primaryimage\"},\"image\":{\"@id\":\"https:\/\/explora.cl\/rmsuroriente\/campamento-explora-va-docentes-retoman-camino-y-proyectan-impacto-en-aula\/#primaryimage\"},\"thumbnailUrl\":\"https:\/\/explora.cl\/rmsuroriente\/wp-content\/uploads\/sites\/12\/2026\/04\/DSC08688-scaled.jpg\",\"datePublished\":\"2026-04-02T20:23:19+00:00\",\"dateModified\":\"2026-04-16T21:42:47+00:00\",\"breadcrumb\":{\"@id\":\"https:\/\/explora.cl\/rmsuroriente\/campamento-explora-va-docentes-retoman-camino-y-proyectan-impacto-en-aula\/#breadcrumb\"},\"inLanguage\":\"es-CL\",\"potentialAction\":[{\"@type\":\"ReadAction\",\"target\":[\"https:\/\/explora.cl\/rmsuroriente\/campamento-explora-va-docentes-retoman-camino-y-proyectan-impacto-en-aula\/\"]}]},{\"@type\":\"ImageObject\",\"inLanguage\":\"es-CL\",\"@id\":\"https:\/\/explora.cl\/rmsuroriente\/campamento-explora-va-docentes-retoman-camino-y-proyectan-impacto-en-aula\/#primaryimage\",\"url\":\"https:\/\/explora.cl\/rmsuroriente\/wp-content\/uploads\/sites\/12\/2026\/04\/DSC08688-scaled.jpg\",\"contentUrl\":\"https:\/\/explora.cl\/rmsuroriente\/wp-content\/uploads\/sites\/12\/2026\/04\/DSC08688-scaled.jpg\",\"width\":2560,\"height\":1707},{\"@type\":\"BreadcrumbList\",\"@id\":\"https:\/\/explora.cl\/rmsuroriente\/campamento-explora-va-docentes-retoman-camino-y-proyectan-impacto-en-aula\/#breadcrumb\",\"itemListElement\":[{\"@type\":\"ListItem\",\"position\":1,\"name\":\"Portada\",\"item\":\"https:\/\/explora.cl\/rmsuroriente\/\"},{\"@type\":\"ListItem\",\"position\":2,\"name\":\"Campamento Explora Va!: docentes retoman camino para impactar en aula\"}]},{\"@type\":\"WebSite\",\"@id\":\"https:\/\/explora.cl\/rmsuroriente\/#website\",\"url\":\"https:\/\/explora.cl\/rmsuroriente\/\",\"name\":\"RM Sur Oriente\",\"description\":\"Otro sitio m\u00e1s de explora.cl\",\"publisher\":{\"@id\":\"https:\/\/explora.cl\/rmsuroriente\/#organization\"},\"potentialAction\":[{\"@type\":\"SearchAction\",\"target\":{\"@type\":\"EntryPoint\",\"urlTemplate\":\"https:\/\/explora.cl\/rmsuroriente\/?s={search_term_string}\"},\"query-input\":{\"@type\":\"PropertyValueSpecification\",\"valueRequired\":true,\"valueName\":\"search_term_string\"}}],\"inLanguage\":\"es-CL\"},{\"@type\":\"Organization\",\"@id\":\"https:\/\/explora.cl\/rmsuroriente\/#organization\",\"name\":\"RM Sur Oriente\",\"url\":\"https:\/\/explora.cl\/rmsuroriente\/\",\"logo\":{\"@type\":\"ImageObject\",\"inLanguage\":\"es-CL\",\"@id\":\"https:\/\/explora.cl\/rmsuroriente\/#\/schema\/logo\/image\/\",\"url\":\"https:\/\/explora.cl\/rmsuroriente\/wp-content\/uploads\/sites\/12\/2025\/04\/cropped-LogoPAR_RMSO-Azul-UC.png\",\"contentUrl\":\"https:\/\/explora.cl\/rmsuroriente\/wp-content\/uploads\/sites\/12\/2025\/04\/cropped-LogoPAR_RMSO-Azul-UC.png\",\"width\":411,\"height\":409,\"caption\":\"RM Sur Oriente\"},\"image\":{\"@id\":\"https:\/\/explora.cl\/rmsuroriente\/#\/schema\/logo\/image\/\"}},{\"@type\":\"Person\",\"@id\":\"https:\/\/explora.cl\/rmsuroriente\/#\/schema\/person\/164f0bfb03507b3d5dd75257d8e71697\",\"name\":\"RMSO PUC\",\"image\":{\"@type\":\"ImageObject\",\"inLanguage\":\"es-CL\",\"@id\":\"https:\/\/explora.cl\/rmsuroriente\/#\/schema\/person\/image\/\",\"url\":\"https:\/\/secure.gravatar.com\/avatar\/16f7131f033ed433ea432d3fc2b04af9756004afdb5a6b61c705d795f6425ea0?s=96&d=mm&r=g\",\"contentUrl\":\"https:\/\/secure.gravatar.com\/avatar\/16f7131f033ed433ea432d3fc2b04af9756004afdb5a6b61c705d795f6425ea0?s=96&d=mm&r=g\",\"caption\":\"RMSO PUC\"},\"sameAs\":[\"https:\/\/www.instagram.com\/parexplorarmsuroriente\/\"],\"url\":\"https:\/\/explora.cl\/rmsuroriente\/author\/myanez\/\"}]}<\/script>\n<!-- \/ Yoast SEO plugin. -->","yoast_head_json":{"title":"Campamento Explora Va!: docentes retoman camino para impactar en aula - RM Sur Oriente","robots":{"index":"index","follow":"follow","max-snippet":"max-snippet:-1","max-image-preview":"max-image-preview:large","max-video-preview":"max-video-preview:-1"},"canonical":"https:\/\/explora.cl\/rmsuroriente\/campamento-explora-va-docentes-retoman-camino-y-proyectan-impacto-en-aula\/","og_locale":"es_ES","og_type":"article","og_title":"Campamento Explora Va!: docentes retoman camino para impactar en aula - RM Sur Oriente","og_description":"A m\u00e1s de tres meses del internado realizado en diciembre, el primer encuentro del a\u00f1o reuni\u00f3 a las y los docentes para proyectar 2026.","og_url":"https:\/\/explora.cl\/rmsuroriente\/campamento-explora-va-docentes-retoman-camino-y-proyectan-impacto-en-aula\/","og_site_name":"RM Sur Oriente","article_published_time":"2026-04-02T20:23:19+00:00","article_modified_time":"2026-04-16T21:42:47+00:00","og_image":[{"width":2560,"height":1707,"url":"https:\/\/explora.cl\/rmsuroriente\/wp-content\/uploads\/sites\/12\/2026\/04\/DSC08688-scaled.jpg","type":"image\/jpeg"}],"author":"RMSO PUC","twitter_card":"summary_large_image","twitter_misc":{"Escrito por":"RMSO PUC","Tiempo estimado de lectura":"3 minutos"},"schema":{"@context":"https:\/\/schema.org","@graph":[{"@type":"Article","@id":"https:\/\/explora.cl\/rmsuroriente\/campamento-explora-va-docentes-retoman-camino-y-proyectan-impacto-en-aula\/#article","isPartOf":{"@id":"https:\/\/explora.cl\/rmsuroriente\/campamento-explora-va-docentes-retoman-camino-y-proyectan-impacto-en-aula\/"},"author":{"name":"RMSO PUC","@id":"https:\/\/explora.cl\/rmsuroriente\/#\/schema\/person\/164f0bfb03507b3d5dd75257d8e71697"},"headline":"Campamento Explora Va!: docentes retoman camino para impactar en aula","datePublished":"2026-04-02T20:23:19+00:00","dateModified":"2026-04-16T21:42:47+00:00","mainEntityOfPage":{"@id":"https:\/\/explora.cl\/rmsuroriente\/campamento-explora-va-docentes-retoman-camino-y-proyectan-impacto-en-aula\/"},"wordCount":417,"commentCount":0,"publisher":{"@id":"https:\/\/explora.cl\/rmsuroriente\/#organization"},"image":{"@id":"https:\/\/explora.cl\/rmsuroriente\/campamento-explora-va-docentes-retoman-camino-y-proyectan-impacto-en-aula\/#primaryimage"},"thumbnailUrl":"https:\/\/explora.cl\/rmsuroriente\/wp-content\/uploads\/sites\/12\/2026\/04\/DSC08688-scaled.jpg","keywords":["Campamento Explora Va!","Explora Va!"],"articleSection":["Iniciativas","Noticias","Para Comunidad Escolar","Para Divulgadores","Para P\u00fablico General"],"inLanguage":"es-CL","potentialAction":[{"@type":"CommentAction","name":"Comment","target":["https:\/\/explora.cl\/rmsuroriente\/campamento-explora-va-docentes-retoman-camino-y-proyectan-impacto-en-aula\/#respond"]}]},{"@type":"WebPage","@id":"https:\/\/explora.cl\/rmsuroriente\/campamento-explora-va-docentes-retoman-camino-y-proyectan-impacto-en-aula\/","url":"https:\/\/explora.cl\/rmsuroriente\/campamento-explora-va-docentes-retoman-camino-y-proyectan-impacto-en-aula\/","name":"Campamento Explora Va!: docentes retoman camino para impactar en aula - RM Sur Oriente","isPartOf":{"@id":"https:\/\/explora.cl\/rmsuroriente\/#website"},"primaryImageOfPage":{"@id":"https:\/\/explora.cl\/rmsuroriente\/campamento-explora-va-docentes-retoman-camino-y-proyectan-impacto-en-aula\/#primaryimage"},"image":{"@id":"https:\/\/explora.cl\/rmsuroriente\/campamento-explora-va-docentes-retoman-camino-y-proyectan-impacto-en-aula\/#primaryimage"},"thumbnailUrl":"https:\/\/explora.cl\/rmsuroriente\/wp-content\/uploads\/sites\/12\/2026\/04\/DSC08688-scaled.jpg","datePublished":"2026-04-02T20:23:19+00:00","dateModified":"2026-04-16T21:42:47+00:00","breadcrumb":{"@id":"https:\/\/explora.cl\/rmsuroriente\/campamento-explora-va-docentes-retoman-camino-y-proyectan-impacto-en-aula\/#breadcrumb"},"inLanguage":"es-CL","potentialAction":[{"@type":"ReadAction","target":["https:\/\/explora.cl\/rmsuroriente\/campamento-explora-va-docentes-retoman-camino-y-proyectan-impacto-en-aula\/"]}]},{"@type":"ImageObject","inLanguage":"es-CL","@id":"https:\/\/explora.cl\/rmsuroriente\/campamento-explora-va-docentes-retoman-camino-y-proyectan-impacto-en-aula\/#primaryimage","url":"https:\/\/explora.cl\/rmsuroriente\/wp-content\/uploads\/sites\/12\/2026\/04\/DSC08688-scaled.jpg","contentUrl":"https:\/\/explora.cl\/rmsuroriente\/wp-content\/uploads\/sites\/12\/2026\/04\/DSC08688-scaled.jpg","width":2560,"height":1707},{"@type":"BreadcrumbList","@id":"https:\/\/explora.cl\/rmsuroriente\/campamento-explora-va-docentes-retoman-camino-y-proyectan-impacto-en-aula\/#breadcrumb","itemListElement":[{"@type":"ListItem","position":1,"name":"Portada","item":"https:\/\/explora.cl\/rmsuroriente\/"},{"@type":"ListItem","position":2,"name":"Campamento Explora Va!: docentes retoman camino para impactar en aula"}]},{"@type":"WebSite","@id":"https:\/\/explora.cl\/rmsuroriente\/#website","url":"https:\/\/explora.cl\/rmsuroriente\/","name":"RM Sur Oriente","description":"Otro sitio m\u00e1s de explora.cl","publisher":{"@id":"https:\/\/explora.cl\/rmsuroriente\/#organization"},"potentialAction":[{"@type":"SearchAction","target":{"@type":"EntryPoint","urlTemplate":"https:\/\/explora.cl\/rmsuroriente\/?s={search_term_string}"},"query-input":{"@type":"PropertyValueSpecification","valueRequired":true,"valueName":"search_term_string"}}],"inLanguage":"es-CL"},{"@type":"Organization","@id":"https:\/\/explora.cl\/rmsuroriente\/#organization","name":"RM Sur Oriente","url":"https:\/\/explora.cl\/rmsuroriente\/","logo":{"@type":"ImageObject","inLanguage":"es-CL","@id":"https:\/\/explora.cl\/rmsuroriente\/#\/schema\/logo\/image\/","url":"https:\/\/explora.cl\/rmsuroriente\/wp-content\/uploads\/sites\/12\/2025\/04\/cropped-LogoPAR_RMSO-Azul-UC.png","contentUrl":"https:\/\/explora.cl\/rmsuroriente\/wp-content\/uploads\/sites\/12\/2025\/04\/cropped-LogoPAR_RMSO-Azul-UC.png","width":411,"height":409,"caption":"RM Sur Oriente"},"image":{"@id":"https:\/\/explora.cl\/rmsuroriente\/#\/schema\/logo\/image\/"}},{"@type":"Person","@id":"https:\/\/explora.cl\/rmsuroriente\/#\/schema\/person\/164f0bfb03507b3d5dd75257d8e71697","name":"RMSO PUC","image":{"@type":"ImageObject","inLanguage":"es-CL","@id":"https:\/\/explora.cl\/rmsuroriente\/#\/schema\/person\/image\/","url":"https:\/\/secure.gravatar.com\/avatar\/16f7131f033ed433ea432d3fc2b04af9756004afdb5a6b61c705d795f6425ea0?s=96&d=mm&r=g","contentUrl":"https:\/\/secure.gravatar.com\/avatar\/16f7131f033ed433ea432d3fc2b04af9756004afdb5a6b61c705d795f6425ea0?s=96&d=mm&r=g","caption":"RMSO PUC"},"sameAs":["https:\/\/www.instagram.com\/parexplorarmsuroriente\/"],"url":"https:\/\/explora.cl\/rmsuroriente\/author\/myanez\/"}]}},"_links":{"self":[{"href":"https:\/\/explora.cl\/rmsuroriente\/wp-json\/wp\/v2\/posts\/43778","targetHints":{"allow":["GET"]}}],"collection":[{"href":"https:\/\/explora.cl\/rmsuroriente\/wp-json\/wp\/v2\/posts"}],"about":[{"href":"https:\/\/explora.cl\/rmsuroriente\/wp-json\/wp\/v2\/types\/post"}],"author":[{"embeddable":true,"href":"https:\/\/explora.cl\/rmsuroriente\/wp-json\/wp\/v2\/users\/27"}],"replies":[{"embeddable":true,"href":"https:\/\/explora.cl\/rmsuroriente\/wp-json\/wp\/v2\/comments?post=43778"}],"version-history":[{"count":6,"href":"https:\/\/explora.cl\/rmsuroriente\/wp-json\/wp\/v2\/posts\/43778\/revisions"}],"predecessor-version":[{"id":43788,"href":"https:\/\/explora.cl\/rmsuroriente\/wp-json\/wp\/v2\/posts\/43778\/revisions\/43788"}],"wp:featuredmedia":[{"embeddable":true,"href":"https:\/\/explora.cl\/rmsuroriente\/wp-json\/wp\/v2\/media\/43779"}],"wp:attachment":[{"href":"https:\/\/explora.cl\/rmsuroriente\/wp-json\/wp\/v2\/media?parent=43778"}],"wp:term":[{"taxonomy":"category","embeddable":true,"href":"https:\/\/explora.cl\/rmsuroriente\/wp-json\/wp\/v2\/categories?post=43778"},{"taxonomy":"post_tag","embeddable":true,"href":"https:\/\/explora.cl\/rmsuroriente\/wp-json\/wp\/v2\/tags?post=43778"}],"curies":[{"name":"wp","href":"https:\/\/api.w.org\/{rel}","templated":true}]}}