{"id":43596,"date":"2025-11-07T12:32:43","date_gmt":"2025-11-07T15:32:43","guid":{"rendered":"https:\/\/explora.cl\/rmsuroriente\/?p=43596"},"modified":"2025-11-11T12:44:57","modified_gmt":"2025-11-11T15:44:57","slug":"estudiantes-compartieron-sus-aprendizajes-en-la-socializacion-final-de-investigacion-e-innovacion-escolar","status":"publish","type":"post","link":"https:\/\/explora.cl\/rmsuroriente\/estudiantes-compartieron-sus-aprendizajes-en-la-socializacion-final-de-investigacion-e-innovacion-escolar\/","title":{"rendered":"Estudiantes compartieron aprendizajes en la Socializaci\u00f3n de IIE"},"content":{"rendered":"<p>La Socializaci\u00f3n Final de Investigaci\u00f3n e Innovaci\u00f3n Escolar (IIE) del PAR Explora RM Sur Oriente de la UC reuni\u00f3 a m\u00e1s de 50 proyectos en los que estudiantes de primero b\u00e1sico a cuarto medio trabajaron durante el a\u00f1o, con la gu\u00eda de un docente de sus establecimientos educacionales y la asesor\u00eda de un especialista del ecosistema CTCI.<\/p>\n<p>Divididos en dos jornadas, ni\u00f1as, ni\u00f1os y j\u00f3venes participaron en una instancia que buscaba potenciar una cultura de aprendizaje, valorar el trabajo colaborativo y el proceso relacionado al desarrollo de un proyecto, mediante retroalimentaci\u00f3n de pares y una amplia red de especialistas, investigadores, acad\u00e9micos, profesionales y estudiantes de doctorado. En un sentido pr\u00e1ctico, cada equipo de IIE present\u00f3 su investigaci\u00f3n o innovaci\u00f3n en dos tandas de exposiciones en las que, ante estudiantes y especialistas distintos, comparti\u00f3 aprendizajes, hallazgos y procesos relacionados con sus trabajos. Tras esto, recibieron los comentarios de los aspectos metodol\u00f3gicos a trav\u00e9s de tres instancias: algo que destacar, algo que sugerir y algo que les llamara la atenci\u00f3n. Posteriormente, los equipos IIE invirtieron sus papeles en la socializaci\u00f3n: quienes escucharon en la primera parte pasaron a exponer sus trabajos.<\/p>\n<p>Ambas jornadas incluyeron, adem\u00e1s, un momento de reflexi\u00f3n personal, donde las y los estudiantes respondieron a preguntas como \u201c\u00bfQu\u00e9 te sorprendi\u00f3 de ti hoy?\u201d y \u201c\u00bfQu\u00e9 regalos te llevas de esta socializaci\u00f3n\u201d, como una manera de reconocer sus aprendizajes, desaf\u00edos y experiencias compartidas.<\/p>\n<p>La Socializaci\u00f3n Final cont\u00f3 tambi\u00e9n con una dimensi\u00f3n internacional. Desde Colombia particip\u00f3 Valeria Echavarr\u00eda, profesional en Dise\u00f1o de Experiencias de la Universidad de los Ni\u00f1os EAFIT, quien viaj\u00f3 especialmente para conocer la implementaci\u00f3n de IIE y compartir el trabajo que realizan en Medell\u00edn. Asimismo, ocho estudiantes y dos docentes \u2014liderados por Erwin Rattin, director de secundaria\u2014 del Colegio Biling\u00fce Ciudad Vieja de Montevideo se sumaron a la segunda jornada de la socializaci\u00f3n para presentar sus proyectos. Ambas delegaciones participaron del encuentro online M\u00e1s All\u00e1 de Nuestras Fronteras, realizado en agosto con estudiantes de los tres pa\u00edses y que comparten su inter\u00e9s por proyectos de investigaci\u00f3n o innovaci\u00f3n. Para esta instancia, en el Campus San Joaqu\u00edn UC, algunos de sus participantes contaron la experiencia de ese encuentro y compartieron el dec\u00e1logo de compromisos surgido de esa instancia.<\/p>\n<p><span style=\"text-decoration: underline\"><strong>Las voces de la socializaci\u00f3n:<\/strong><\/span><\/p>\n<p><strong>Ver\u00f3nica Pardo, jefa de proyecto y gesti\u00f3n del \u00e1rea de ingenier\u00eda en Dise\u00f1o de la Escuela de Ingenier\u00eda UC:<\/strong><\/p>\n<p>\u201cQued\u00e9 gratamente sorprendida. Visibilizar que tambi\u00e9n los j\u00f3venes tienen una mirada cr\u00edtica de sus espacios, de ser capaces de plantear una problem\u00e1tica sin que sea desde un aspecto cr\u00edtico social en t\u00e9rminos de protestas, sino m\u00e1s bien de c\u00f3mo tambi\u00e9n me hago cargo de las cosas que se pueden mejorar\u201d.<\/p>\n<p><strong>Andrea Orellana, docente del colegio Santa Rosa del Sur, La Pintana:<\/strong><\/p>\n<p>\u201cMe siento muy orgullosa, esa es la palabra. Todo el trabajo que hemos realizado en el a\u00f1o ha tenido un cierre de lujo en la presentaci\u00f3n de estos proyectos. Me da mucho orgullo ver el trabajo de otros colegios, con trabajos de gran calidad, donde los chicos demostraron sus talentos, habilidades y reforzaron la capacidad comunicacional que siempre est\u00e1 al debe y que en este tipo de instancias pueden trabajar y fortalecer\u201d.<\/p>\n<p><strong>Camila Murcia, estudiante del Colegio Rep\u00fablica de Costa Rica de \u00d1u\u00f1oa.<\/strong><\/p>\n<p>\u201cExpusimos sobre la biodiversidad del universo. Me sent\u00ed muy bien. Vimos algunas de las dem\u00e1s presentaciones y me gust\u00f3 mucho. En nuestro proyecto fue buscar animales con temperaturas extremas. Buscamos esos animales e investigamos cu\u00e1les eran sus m\u00e1ximas temperaturas en las que pod\u00edan vivir y buscamos en qu\u00e9 planetas podr\u00edan vivir. Fue muy divertido trabajar con Explora\u201d.<\/p>\n<p><strong>Nicol\u00e1s Mart\u00ednez, nutricionista y estudiante de Doctorado en Epidemiolog\u00eda de la UC:<\/strong><\/p>\n<p>\u201cEsta fue una experiencia bastante buena. Los estudiantes no solo pudieron ser retroalimentados por especialistas, sino tambi\u00e9n por sus pares. Eso ayuda a mejorar y potenciar el pensamiento cr\u00edtico en estudiantes de distintos niveles: algunos reci\u00e9n comenzaban la ense\u00f1anza media y otros estaban terminando. Que vengan especialistas de distintas \u00e1reas y les puedan decir que sus proyectos tienen potenciales, es tan importante como que los estudiantes puedan destacarlo\u201d.<\/p>\n<p><strong>Alonso Guerrero, estudiante Colegio Nazaret de La Florida:<\/strong><\/p>\n<p>\u201cMe pareci\u00f3 una oportunidad de intercambio bastante enriquecedora. Todos presentaron temas distintos y me parecieron algunos muy buenos. Vi uno de Uruguay sobre los patrimonios. Me pareci\u00f3 muy interesante ver algo distinto al mundillo de las ciencias que uno supon\u00eda de Explora sino que lo intercalaban con otras materias como lenguaje e historia. Hab\u00eda de donde enriquecerse de muchos lados. Me llevo como aprendizaje el que todos podemos sacar temas y adaptarlos a nuestros entornos. Ac\u00e1 hab\u00eda temas de Chile, Uruguay, Colombia y un alumno que es de Pa\u00edses Bajos, y uno puede ver esos temas y adaptarlos a su realidad\u201d.<\/p>\n<p><a href=\"https:\/\/photos.app.goo.gl\/qauxz4v4rkNPEj3W9\">Fotos socializaci\u00f3n 4 de noviembre<\/a><\/p>\n<p><a href=\"https:\/\/photos.app.goo.gl\/pyHw8WxzHLyDYjLn8\">Fotos socializaci\u00f3n 6 de noviembre<\/a><\/p>\n<h5><\/h5>\n<h5><\/h5>\n<h5><strong><u>PAR Explora RM Sur Oriente de la UC\u202f\u00a0\u00a0\u00a0<\/u><\/strong><\/h5>\n<h5>El Proyecto Asociativo Regional (PAR) Explora RM Sur Oriente, financiado por el Ministerio de Ciencia, Tecnolog\u00eda, Conocimiento e Innovaci\u00f3n (MinCiencia), es ejecutado por la Universidad Cat\u00f3lica, a trav\u00e9s de la Vicerrector\u00eda de Investigaci\u00f3n\u00a0y Postgrado, con la direcci\u00f3n acad\u00e9mica de la Facultad de Educaci\u00f3n.<\/h5>\n<h5>El PAR Explora RM Sur Oriente de la UC busca conectar a las comunidades escolares con el mundo de la CTCI a trav\u00e9s de trabajos colaborativos y voluntarios entre docentes, educadores, especialistas, investigadores y estudiantes, que privilegien el\u00a0codise\u00f1o\u00a0y el saber interdisciplinario. Esta conexi\u00f3n es una oportunidad para fortalecer competencias CTCI que contribuyan y aporten a los procesos pedag\u00f3gicos de los establecimientos educativos.<\/h5>\n","protected":false},"excerpt":{"rendered":"<p>M\u00e1s de 50 proyectos participaron de la Socializaci\u00f3n Final de Investigaci\u00f3n e Innovaci\u00f3n Escolar, instancia que permiti\u00f3 a las y los estudiantes compartir y recibir retroalimentaci\u00f3n de sus pares y de especialistas del ecosistema CTCI.  <\/p>\n","protected":false},"author":27,"featured_media":43597,"comment_status":"open","ping_status":"open","sticky":false,"template":"","format":"standard","meta":{"_acf_changed":false,"_exactmetrics_skip_tracking":false,"_exactmetrics_sitenote_active":false,"_exactmetrics_sitenote_note":"","_exactmetrics_sitenote_category":0,"footnotes":"","_links_to":"","_links_to_target":""},"categories":[127,4,116,121,126],"tags":[288,286,285],"class_list":["post-43596","post","type-post","status-publish","format-standard","has-post-thumbnail","hentry","category-iniciativas_publ_grl","category-noticias","category-para-comunidad-escolar","category-para-divulgadores","category-para-publico-general","tag-equipos-iie","tag-iie","tag-investigacion-e-innovacion-escolar"],"acf":[],"yoast_head":"<!-- This site is optimized with the Yoast SEO plugin v26.9 - https:\/\/yoast.com\/product\/yoast-seo-wordpress\/ -->\n<title>Estudiantes compartieron aprendizajes en la Socializaci\u00f3n de IIE - RM Sur Oriente<\/title>\n<meta name=\"robots\" content=\"index, follow, max-snippet:-1, max-image-preview:large, max-video-preview:-1\" \/>\n<link rel=\"canonical\" href=\"https:\/\/explora.cl\/rmsuroriente\/estudiantes-compartieron-sus-aprendizajes-en-la-socializacion-final-de-investigacion-e-innovacion-escolar\/\" class=\"yoast-seo-meta-tag\" \/>\n<meta property=\"og:locale\" content=\"es_ES\" class=\"yoast-seo-meta-tag\" \/>\n<meta property=\"og:type\" content=\"article\" class=\"yoast-seo-meta-tag\" \/>\n<meta property=\"og:title\" content=\"Estudiantes compartieron aprendizajes en la Socializaci\u00f3n de IIE - RM Sur Oriente\" class=\"yoast-seo-meta-tag\" \/>\n<meta property=\"og:description\" content=\"M\u00e1s de 50 proyectos participaron de la Socializaci\u00f3n Final de Investigaci\u00f3n e Innovaci\u00f3n Escolar, instancia que permiti\u00f3 a las y los estudiantes compartir y recibir retroalimentaci\u00f3n de sus pares y de especialistas del ecosistema CTCI.\" class=\"yoast-seo-meta-tag\" \/>\n<meta property=\"og:url\" content=\"https:\/\/explora.cl\/rmsuroriente\/estudiantes-compartieron-sus-aprendizajes-en-la-socializacion-final-de-investigacion-e-innovacion-escolar\/\" class=\"yoast-seo-meta-tag\" \/>\n<meta property=\"og:site_name\" content=\"RM Sur Oriente\" class=\"yoast-seo-meta-tag\" \/>\n<meta property=\"article:published_time\" content=\"2025-11-07T15:32:43+00:00\" class=\"yoast-seo-meta-tag\" \/>\n<meta property=\"article:modified_time\" content=\"2025-11-11T15:44:57+00:00\" class=\"yoast-seo-meta-tag\" \/>\n<meta property=\"og:image\" content=\"https:\/\/explora.cl\/rmsuroriente\/wp-content\/uploads\/sites\/12\/2025\/11\/DSC03928-scaled.jpg\" class=\"yoast-seo-meta-tag\" \/>\n\t<meta property=\"og:image:width\" content=\"2560\" class=\"yoast-seo-meta-tag\" \/>\n\t<meta property=\"og:image:height\" content=\"1707\" class=\"yoast-seo-meta-tag\" \/>\n\t<meta property=\"og:image:type\" content=\"image\/jpeg\" class=\"yoast-seo-meta-tag\" \/>\n<meta name=\"author\" content=\"RMSO PUC\" class=\"yoast-seo-meta-tag\" \/>\n<meta name=\"twitter:card\" content=\"summary_large_image\" class=\"yoast-seo-meta-tag\" \/>\n<meta name=\"twitter:label1\" content=\"Escrito por\" class=\"yoast-seo-meta-tag\" \/>\n\t<meta name=\"twitter:data1\" content=\"RMSO PUC\" class=\"yoast-seo-meta-tag\" \/>\n\t<meta name=\"twitter:label2\" content=\"Tiempo estimado de lectura\" class=\"yoast-seo-meta-tag\" \/>\n\t<meta name=\"twitter:data2\" content=\"5 minutos\" class=\"yoast-seo-meta-tag\" \/>\n<script type=\"application\/ld+json\" class=\"yoast-schema-graph\">{\"@context\":\"https:\/\/schema.org\",\"@graph\":[{\"@type\":\"Article\",\"@id\":\"https:\/\/explora.cl\/rmsuroriente\/estudiantes-compartieron-sus-aprendizajes-en-la-socializacion-final-de-investigacion-e-innovacion-escolar\/#article\",\"isPartOf\":{\"@id\":\"https:\/\/explora.cl\/rmsuroriente\/estudiantes-compartieron-sus-aprendizajes-en-la-socializacion-final-de-investigacion-e-innovacion-escolar\/\"},\"author\":{\"name\":\"RMSO PUC\",\"@id\":\"https:\/\/explora.cl\/rmsuroriente\/#\/schema\/person\/164f0bfb03507b3d5dd75257d8e71697\"},\"headline\":\"Estudiantes compartieron aprendizajes en la Socializaci\u00f3n de IIE\",\"datePublished\":\"2025-11-07T15:32:43+00:00\",\"dateModified\":\"2025-11-11T15:44:57+00:00\",\"mainEntityOfPage\":{\"@id\":\"https:\/\/explora.cl\/rmsuroriente\/estudiantes-compartieron-sus-aprendizajes-en-la-socializacion-final-de-investigacion-e-innovacion-escolar\/\"},\"wordCount\":1005,\"commentCount\":0,\"publisher\":{\"@id\":\"https:\/\/explora.cl\/rmsuroriente\/#organization\"},\"image\":{\"@id\":\"https:\/\/explora.cl\/rmsuroriente\/estudiantes-compartieron-sus-aprendizajes-en-la-socializacion-final-de-investigacion-e-innovacion-escolar\/#primaryimage\"},\"thumbnailUrl\":\"https:\/\/explora.cl\/rmsuroriente\/wp-content\/uploads\/sites\/12\/2025\/11\/DSC03928-scaled.jpg\",\"keywords\":[\"Equipos IIE\",\"IIE\",\"Investigaci\u00f3n e Innovaci\u00f3n Escolar\"],\"articleSection\":[\"Iniciativas\",\"Noticias\",\"Para Comunidad Escolar\",\"Para Divulgadores\",\"Para P\u00fablico General\"],\"inLanguage\":\"es-CL\",\"potentialAction\":[{\"@type\":\"CommentAction\",\"name\":\"Comment\",\"target\":[\"https:\/\/explora.cl\/rmsuroriente\/estudiantes-compartieron-sus-aprendizajes-en-la-socializacion-final-de-investigacion-e-innovacion-escolar\/#respond\"]}]},{\"@type\":\"WebPage\",\"@id\":\"https:\/\/explora.cl\/rmsuroriente\/estudiantes-compartieron-sus-aprendizajes-en-la-socializacion-final-de-investigacion-e-innovacion-escolar\/\",\"url\":\"https:\/\/explora.cl\/rmsuroriente\/estudiantes-compartieron-sus-aprendizajes-en-la-socializacion-final-de-investigacion-e-innovacion-escolar\/\",\"name\":\"Estudiantes compartieron aprendizajes en la Socializaci\u00f3n de IIE - RM Sur Oriente\",\"isPartOf\":{\"@id\":\"https:\/\/explora.cl\/rmsuroriente\/#website\"},\"primaryImageOfPage\":{\"@id\":\"https:\/\/explora.cl\/rmsuroriente\/estudiantes-compartieron-sus-aprendizajes-en-la-socializacion-final-de-investigacion-e-innovacion-escolar\/#primaryimage\"},\"image\":{\"@id\":\"https:\/\/explora.cl\/rmsuroriente\/estudiantes-compartieron-sus-aprendizajes-en-la-socializacion-final-de-investigacion-e-innovacion-escolar\/#primaryimage\"},\"thumbnailUrl\":\"https:\/\/explora.cl\/rmsuroriente\/wp-content\/uploads\/sites\/12\/2025\/11\/DSC03928-scaled.jpg\",\"datePublished\":\"2025-11-07T15:32:43+00:00\",\"dateModified\":\"2025-11-11T15:44:57+00:00\",\"breadcrumb\":{\"@id\":\"https:\/\/explora.cl\/rmsuroriente\/estudiantes-compartieron-sus-aprendizajes-en-la-socializacion-final-de-investigacion-e-innovacion-escolar\/#breadcrumb\"},\"inLanguage\":\"es-CL\",\"potentialAction\":[{\"@type\":\"ReadAction\",\"target\":[\"https:\/\/explora.cl\/rmsuroriente\/estudiantes-compartieron-sus-aprendizajes-en-la-socializacion-final-de-investigacion-e-innovacion-escolar\/\"]}]},{\"@type\":\"ImageObject\",\"inLanguage\":\"es-CL\",\"@id\":\"https:\/\/explora.cl\/rmsuroriente\/estudiantes-compartieron-sus-aprendizajes-en-la-socializacion-final-de-investigacion-e-innovacion-escolar\/#primaryimage\",\"url\":\"https:\/\/explora.cl\/rmsuroriente\/wp-content\/uploads\/sites\/12\/2025\/11\/DSC03928-scaled.jpg\",\"contentUrl\":\"https:\/\/explora.cl\/rmsuroriente\/wp-content\/uploads\/sites\/12\/2025\/11\/DSC03928-scaled.jpg\",\"width\":2560,\"height\":1707},{\"@type\":\"BreadcrumbList\",\"@id\":\"https:\/\/explora.cl\/rmsuroriente\/estudiantes-compartieron-sus-aprendizajes-en-la-socializacion-final-de-investigacion-e-innovacion-escolar\/#breadcrumb\",\"itemListElement\":[{\"@type\":\"ListItem\",\"position\":1,\"name\":\"Portada\",\"item\":\"https:\/\/explora.cl\/rmsuroriente\/\"},{\"@type\":\"ListItem\",\"position\":2,\"name\":\"Estudiantes compartieron aprendizajes en la Socializaci\u00f3n de IIE\"}]},{\"@type\":\"WebSite\",\"@id\":\"https:\/\/explora.cl\/rmsuroriente\/#website\",\"url\":\"https:\/\/explora.cl\/rmsuroriente\/\",\"name\":\"RM Sur Oriente\",\"description\":\"Otro sitio m\u00e1s de explora.cl\",\"publisher\":{\"@id\":\"https:\/\/explora.cl\/rmsuroriente\/#organization\"},\"potentialAction\":[{\"@type\":\"SearchAction\",\"target\":{\"@type\":\"EntryPoint\",\"urlTemplate\":\"https:\/\/explora.cl\/rmsuroriente\/?s={search_term_string}\"},\"query-input\":{\"@type\":\"PropertyValueSpecification\",\"valueRequired\":true,\"valueName\":\"search_term_string\"}}],\"inLanguage\":\"es-CL\"},{\"@type\":\"Organization\",\"@id\":\"https:\/\/explora.cl\/rmsuroriente\/#organization\",\"name\":\"RM Sur Oriente\",\"url\":\"https:\/\/explora.cl\/rmsuroriente\/\",\"logo\":{\"@type\":\"ImageObject\",\"inLanguage\":\"es-CL\",\"@id\":\"https:\/\/explora.cl\/rmsuroriente\/#\/schema\/logo\/image\/\",\"url\":\"https:\/\/explora.cl\/rmsuroriente\/wp-content\/uploads\/sites\/12\/2025\/04\/cropped-LogoPAR_RMSO-Azul-UC.png\",\"contentUrl\":\"https:\/\/explora.cl\/rmsuroriente\/wp-content\/uploads\/sites\/12\/2025\/04\/cropped-LogoPAR_RMSO-Azul-UC.png\",\"width\":411,\"height\":409,\"caption\":\"RM Sur Oriente\"},\"image\":{\"@id\":\"https:\/\/explora.cl\/rmsuroriente\/#\/schema\/logo\/image\/\"}},{\"@type\":\"Person\",\"@id\":\"https:\/\/explora.cl\/rmsuroriente\/#\/schema\/person\/164f0bfb03507b3d5dd75257d8e71697\",\"name\":\"RMSO PUC\",\"image\":{\"@type\":\"ImageObject\",\"inLanguage\":\"es-CL\",\"@id\":\"https:\/\/explora.cl\/rmsuroriente\/#\/schema\/person\/image\/\",\"url\":\"https:\/\/secure.gravatar.com\/avatar\/16f7131f033ed433ea432d3fc2b04af9756004afdb5a6b61c705d795f6425ea0?s=96&d=mm&r=g\",\"contentUrl\":\"https:\/\/secure.gravatar.com\/avatar\/16f7131f033ed433ea432d3fc2b04af9756004afdb5a6b61c705d795f6425ea0?s=96&d=mm&r=g\",\"caption\":\"RMSO PUC\"},\"sameAs\":[\"https:\/\/www.instagram.com\/parexplorarmsuroriente\/\"],\"url\":\"https:\/\/explora.cl\/rmsuroriente\/author\/myanez\/\"}]}<\/script>\n<!-- \/ Yoast SEO plugin. -->","yoast_head_json":{"title":"Estudiantes compartieron aprendizajes en la Socializaci\u00f3n de IIE - RM Sur Oriente","robots":{"index":"index","follow":"follow","max-snippet":"max-snippet:-1","max-image-preview":"max-image-preview:large","max-video-preview":"max-video-preview:-1"},"canonical":"https:\/\/explora.cl\/rmsuroriente\/estudiantes-compartieron-sus-aprendizajes-en-la-socializacion-final-de-investigacion-e-innovacion-escolar\/","og_locale":"es_ES","og_type":"article","og_title":"Estudiantes compartieron aprendizajes en la Socializaci\u00f3n de IIE - RM Sur Oriente","og_description":"M\u00e1s de 50 proyectos participaron de la Socializaci\u00f3n Final de Investigaci\u00f3n e Innovaci\u00f3n Escolar, instancia que permiti\u00f3 a las y los estudiantes compartir y recibir retroalimentaci\u00f3n de sus pares y de especialistas del ecosistema CTCI.","og_url":"https:\/\/explora.cl\/rmsuroriente\/estudiantes-compartieron-sus-aprendizajes-en-la-socializacion-final-de-investigacion-e-innovacion-escolar\/","og_site_name":"RM Sur Oriente","article_published_time":"2025-11-07T15:32:43+00:00","article_modified_time":"2025-11-11T15:44:57+00:00","og_image":[{"width":2560,"height":1707,"url":"https:\/\/explora.cl\/rmsuroriente\/wp-content\/uploads\/sites\/12\/2025\/11\/DSC03928-scaled.jpg","type":"image\/jpeg"}],"author":"RMSO PUC","twitter_card":"summary_large_image","twitter_misc":{"Escrito por":"RMSO PUC","Tiempo estimado de lectura":"5 minutos"},"schema":{"@context":"https:\/\/schema.org","@graph":[{"@type":"Article","@id":"https:\/\/explora.cl\/rmsuroriente\/estudiantes-compartieron-sus-aprendizajes-en-la-socializacion-final-de-investigacion-e-innovacion-escolar\/#article","isPartOf":{"@id":"https:\/\/explora.cl\/rmsuroriente\/estudiantes-compartieron-sus-aprendizajes-en-la-socializacion-final-de-investigacion-e-innovacion-escolar\/"},"author":{"name":"RMSO PUC","@id":"https:\/\/explora.cl\/rmsuroriente\/#\/schema\/person\/164f0bfb03507b3d5dd75257d8e71697"},"headline":"Estudiantes compartieron aprendizajes en la Socializaci\u00f3n de IIE","datePublished":"2025-11-07T15:32:43+00:00","dateModified":"2025-11-11T15:44:57+00:00","mainEntityOfPage":{"@id":"https:\/\/explora.cl\/rmsuroriente\/estudiantes-compartieron-sus-aprendizajes-en-la-socializacion-final-de-investigacion-e-innovacion-escolar\/"},"wordCount":1005,"commentCount":0,"publisher":{"@id":"https:\/\/explora.cl\/rmsuroriente\/#organization"},"image":{"@id":"https:\/\/explora.cl\/rmsuroriente\/estudiantes-compartieron-sus-aprendizajes-en-la-socializacion-final-de-investigacion-e-innovacion-escolar\/#primaryimage"},"thumbnailUrl":"https:\/\/explora.cl\/rmsuroriente\/wp-content\/uploads\/sites\/12\/2025\/11\/DSC03928-scaled.jpg","keywords":["Equipos IIE","IIE","Investigaci\u00f3n e Innovaci\u00f3n Escolar"],"articleSection":["Iniciativas","Noticias","Para Comunidad Escolar","Para Divulgadores","Para P\u00fablico General"],"inLanguage":"es-CL","potentialAction":[{"@type":"CommentAction","name":"Comment","target":["https:\/\/explora.cl\/rmsuroriente\/estudiantes-compartieron-sus-aprendizajes-en-la-socializacion-final-de-investigacion-e-innovacion-escolar\/#respond"]}]},{"@type":"WebPage","@id":"https:\/\/explora.cl\/rmsuroriente\/estudiantes-compartieron-sus-aprendizajes-en-la-socializacion-final-de-investigacion-e-innovacion-escolar\/","url":"https:\/\/explora.cl\/rmsuroriente\/estudiantes-compartieron-sus-aprendizajes-en-la-socializacion-final-de-investigacion-e-innovacion-escolar\/","name":"Estudiantes compartieron aprendizajes en la Socializaci\u00f3n de IIE - RM Sur Oriente","isPartOf":{"@id":"https:\/\/explora.cl\/rmsuroriente\/#website"},"primaryImageOfPage":{"@id":"https:\/\/explora.cl\/rmsuroriente\/estudiantes-compartieron-sus-aprendizajes-en-la-socializacion-final-de-investigacion-e-innovacion-escolar\/#primaryimage"},"image":{"@id":"https:\/\/explora.cl\/rmsuroriente\/estudiantes-compartieron-sus-aprendizajes-en-la-socializacion-final-de-investigacion-e-innovacion-escolar\/#primaryimage"},"thumbnailUrl":"https:\/\/explora.cl\/rmsuroriente\/wp-content\/uploads\/sites\/12\/2025\/11\/DSC03928-scaled.jpg","datePublished":"2025-11-07T15:32:43+00:00","dateModified":"2025-11-11T15:44:57+00:00","breadcrumb":{"@id":"https:\/\/explora.cl\/rmsuroriente\/estudiantes-compartieron-sus-aprendizajes-en-la-socializacion-final-de-investigacion-e-innovacion-escolar\/#breadcrumb"},"inLanguage":"es-CL","potentialAction":[{"@type":"ReadAction","target":["https:\/\/explora.cl\/rmsuroriente\/estudiantes-compartieron-sus-aprendizajes-en-la-socializacion-final-de-investigacion-e-innovacion-escolar\/"]}]},{"@type":"ImageObject","inLanguage":"es-CL","@id":"https:\/\/explora.cl\/rmsuroriente\/estudiantes-compartieron-sus-aprendizajes-en-la-socializacion-final-de-investigacion-e-innovacion-escolar\/#primaryimage","url":"https:\/\/explora.cl\/rmsuroriente\/wp-content\/uploads\/sites\/12\/2025\/11\/DSC03928-scaled.jpg","contentUrl":"https:\/\/explora.cl\/rmsuroriente\/wp-content\/uploads\/sites\/12\/2025\/11\/DSC03928-scaled.jpg","width":2560,"height":1707},{"@type":"BreadcrumbList","@id":"https:\/\/explora.cl\/rmsuroriente\/estudiantes-compartieron-sus-aprendizajes-en-la-socializacion-final-de-investigacion-e-innovacion-escolar\/#breadcrumb","itemListElement":[{"@type":"ListItem","position":1,"name":"Portada","item":"https:\/\/explora.cl\/rmsuroriente\/"},{"@type":"ListItem","position":2,"name":"Estudiantes compartieron aprendizajes en la Socializaci\u00f3n de IIE"}]},{"@type":"WebSite","@id":"https:\/\/explora.cl\/rmsuroriente\/#website","url":"https:\/\/explora.cl\/rmsuroriente\/","name":"RM Sur Oriente","description":"Otro sitio m\u00e1s de explora.cl","publisher":{"@id":"https:\/\/explora.cl\/rmsuroriente\/#organization"},"potentialAction":[{"@type":"SearchAction","target":{"@type":"EntryPoint","urlTemplate":"https:\/\/explora.cl\/rmsuroriente\/?s={search_term_string}"},"query-input":{"@type":"PropertyValueSpecification","valueRequired":true,"valueName":"search_term_string"}}],"inLanguage":"es-CL"},{"@type":"Organization","@id":"https:\/\/explora.cl\/rmsuroriente\/#organization","name":"RM Sur Oriente","url":"https:\/\/explora.cl\/rmsuroriente\/","logo":{"@type":"ImageObject","inLanguage":"es-CL","@id":"https:\/\/explora.cl\/rmsuroriente\/#\/schema\/logo\/image\/","url":"https:\/\/explora.cl\/rmsuroriente\/wp-content\/uploads\/sites\/12\/2025\/04\/cropped-LogoPAR_RMSO-Azul-UC.png","contentUrl":"https:\/\/explora.cl\/rmsuroriente\/wp-content\/uploads\/sites\/12\/2025\/04\/cropped-LogoPAR_RMSO-Azul-UC.png","width":411,"height":409,"caption":"RM Sur Oriente"},"image":{"@id":"https:\/\/explora.cl\/rmsuroriente\/#\/schema\/logo\/image\/"}},{"@type":"Person","@id":"https:\/\/explora.cl\/rmsuroriente\/#\/schema\/person\/164f0bfb03507b3d5dd75257d8e71697","name":"RMSO PUC","image":{"@type":"ImageObject","inLanguage":"es-CL","@id":"https:\/\/explora.cl\/rmsuroriente\/#\/schema\/person\/image\/","url":"https:\/\/secure.gravatar.com\/avatar\/16f7131f033ed433ea432d3fc2b04af9756004afdb5a6b61c705d795f6425ea0?s=96&d=mm&r=g","contentUrl":"https:\/\/secure.gravatar.com\/avatar\/16f7131f033ed433ea432d3fc2b04af9756004afdb5a6b61c705d795f6425ea0?s=96&d=mm&r=g","caption":"RMSO PUC"},"sameAs":["https:\/\/www.instagram.com\/parexplorarmsuroriente\/"],"url":"https:\/\/explora.cl\/rmsuroriente\/author\/myanez\/"}]}},"_links":{"self":[{"href":"https:\/\/explora.cl\/rmsuroriente\/wp-json\/wp\/v2\/posts\/43596","targetHints":{"allow":["GET"]}}],"collection":[{"href":"https:\/\/explora.cl\/rmsuroriente\/wp-json\/wp\/v2\/posts"}],"about":[{"href":"https:\/\/explora.cl\/rmsuroriente\/wp-json\/wp\/v2\/types\/post"}],"author":[{"embeddable":true,"href":"https:\/\/explora.cl\/rmsuroriente\/wp-json\/wp\/v2\/users\/27"}],"replies":[{"embeddable":true,"href":"https:\/\/explora.cl\/rmsuroriente\/wp-json\/wp\/v2\/comments?post=43596"}],"version-history":[{"count":6,"href":"https:\/\/explora.cl\/rmsuroriente\/wp-json\/wp\/v2\/posts\/43596\/revisions"}],"predecessor-version":[{"id":43603,"href":"https:\/\/explora.cl\/rmsuroriente\/wp-json\/wp\/v2\/posts\/43596\/revisions\/43603"}],"wp:featuredmedia":[{"embeddable":true,"href":"https:\/\/explora.cl\/rmsuroriente\/wp-json\/wp\/v2\/media\/43597"}],"wp:attachment":[{"href":"https:\/\/explora.cl\/rmsuroriente\/wp-json\/wp\/v2\/media?parent=43596"}],"wp:term":[{"taxonomy":"category","embeddable":true,"href":"https:\/\/explora.cl\/rmsuroriente\/wp-json\/wp\/v2\/categories?post=43596"},{"taxonomy":"post_tag","embeddable":true,"href":"https:\/\/explora.cl\/rmsuroriente\/wp-json\/wp\/v2\/tags?post=43596"}],"curies":[{"name":"wp","href":"https:\/\/api.w.org\/{rel}","templated":true}]}}