{"id":43581,"date":"2025-10-03T15:31:24","date_gmt":"2025-10-03T18:31:24","guid":{"rendered":"https:\/\/explora.cl\/rmsuroriente\/?p=43581"},"modified":"2025-11-07T15:50:22","modified_gmt":"2025-11-07T18:50:22","slug":"estudiantes-de-iie-participan-de-taller-para-fortalecer-sus-habilidades-comunicacionales","status":"publish","type":"post","link":"https:\/\/explora.cl\/rmsuroriente\/estudiantes-de-iie-participan-de-taller-para-fortalecer-sus-habilidades-comunicacionales\/","title":{"rendered":"Estudiantes de IIE participan de taller para fortalecer sus habilidades comunicacionales"},"content":{"rendered":"<p>Las y los estudiantes participantes de Investigaci\u00f3n e Innovaci\u00f3n Escolar participaron de un taller de Habilidades Comunicacionales orientado a fortalecer sus habilidades comunicacionales y conocer herramientas que faciliten la difusi\u00f3n de sus proyectos en diversos formatos. La instancia busc\u00f3 valorar la importancia de comunicar la ciencia, tecnolog\u00eda, conocimiento e innovaci\u00f3n, identificar los medios adecuados y planificar c\u00f3mo presentar sus resultados ante sus pares y especialistas, de cara a la socializaci\u00f3n de noviembre.<\/p>\n<p>Por medio de un conversatorio, se abord\u00f3 la relevancia de comunicar, los medios o formatos disponibles y las claves para hacerlo de manera efectiva. En esta instancia participaron especialistas en divulgaci\u00f3n como la periodista D\u00e9bora Guti\u00e9rrez, la historiadora Dominga Lihn, el cient\u00edfico de la Universidad de Las Am\u00e9ricas Leonardo Fern\u00e1ndez, y las estudiantes de Medicina Veterinaria UC Valia Pino, Jany Hadwa, Gabriela Correa y Camila Valenzuela, quienes compartieron su experiencia comunicando proyectos desarrollados en su curso de par\u00e1sitos.<\/p>\n<p>Tras esa aproximaci\u00f3n te\u00f3rica y a partir de la experiencia de los exponentes, estudiantes y docentes trabajaron colaborativamente en la planificaci\u00f3n y construcci\u00f3n de una instancia de comunicaci\u00f3n de proyectos asignados al azar. Cada grupo elabor\u00f3 su propuesta a partir de formatos asignados como afiches, podcasts, obras de teatro, canciones o t\u00edteres. Este ejercicio, permiti\u00f3 reconocer las posibilidades de cada formato, potenciar la creatividad, y reflexionar sobre la necesidad de adaptar los mensajes seg\u00fan los p\u00fablicos y contexto en que ser\u00e1n presentados.<\/p>\n<p>La actividad finaliz\u00f3 con una reflexi\u00f3n sobre los desaf\u00edos y motivaciones que despierta esta diversidad de formas de comunicar, destacando que toda presentaci\u00f3n de la ciencia, tecnolog\u00eda, conocimiento e innovaci\u00f3n implica dialogar con otros y que comunicar con claridad es parte fundamental de todo proceso de investigaci\u00f3n o innovaci\u00f3n.<\/p>\n<p>Las voces del taller<\/p>\n<p><strong>D\u00e9bora Guti\u00e9rrez, divulgadora cient\u00edfica y periodista<\/strong>:<\/p>\n<p>\u201cLo primero es saber el p\u00fablico: a qui\u00e9n le estoy comunicando, qui\u00e9n es ese p\u00fablico, su edad y tambi\u00e9n que es lo que le podr\u00eda interesar a esas personas. Hay que partir de la premisa de que no necesariamente la ciencia, por ejemplo, le interesa a mi p\u00fablico. Por lo tanto, lo que tengo que buscar es c\u00f3mo lo atraigo, c\u00f3mo hago atractivo mi ciencia para que ese p\u00fablico se interese y se apasione\u201d.<\/p>\n<p><strong>Manuel Fedelli, estudiante del colegio La Giroutte:<\/strong><\/p>\n<p>\u201cMe parecieron interesantes las propuestas de los grupos para presentar una investigaci\u00f3n en distintos formatos y, sobre todo, la preocupaci\u00f3n por el rigor al divulgar el conocimiento, que no solo se vuelva algo sensacionalista, sino una preocupaci\u00f3n por expresar conocimiento tal y como es\u201d.<\/p>\n<p><strong>Alis P\u00e9rez, estudiante del colegio Oscar Salinas de La Pintana:<\/strong><\/p>\n<p>\u201cAprend\u00ed a ser m\u00e1s expresiva con lo que digo y con lo que quiero llegar a comunicar. Ac\u00e1 vi muchas formas de hacer una presentaci\u00f3n, ten\u00eda pensado hacer algo m\u00e1s aburrido, como una presentaci\u00f3n normal. No me hab\u00eda planteado hacerlo de otras alternativas y creo que ac\u00e1 me dieron varias ideas de c\u00f3mo lograrlo. Siento algo de miedo en la forma de hacerlo, porque el contenido me lo s\u00e9, pero ser entretenida y amena es desafiante\u201d.<\/p>\n<p><strong>Dominga Lihn, historiadora y divulgadora:<\/strong><\/p>\n<p>\u201cLo ideal es conocer cu\u00e1l es el p\u00fablico al que uno le est\u00e1 hablando, pero a veces en redes sociales uno no sabe qui\u00e9n te va a ver. Y para eso es importante apelar a algo que todas las personas tenemos, que es la sed de conocimiento, o la curiosidad, y la capacidad de hacerse preguntas. Si yo despierto esa curiosidad en otras personas, s\u00e9 que lo que yo diga les puede llamar la atenci\u00f3n y que si quieren saber m\u00e1s pueden investigar y hacer preguntas para saber m\u00e1s de lo que estoy comunicando\u201d.<\/p>\n<p>Revisa el <span style=\"color: #0000ff\"><a style=\"color: #0000ff\" href=\"https:\/\/photos.app.goo.gl\/tXPXjAPTY8SZCr6m9\"><strong>\u00e1lbum de fotos<\/strong><\/a><\/span>.<\/p>\n<h5><strong>PAR Explora RM Sur Oriente de la UC\u202f\u00a0\u00a0\u00a0<\/strong><\/h5>\n<h5><strong>El Proyecto Asociativo Regional (PAR) Explora RM Sur Oriente, financiado por el Ministerio de Ciencia, Tecnolog\u00eda, Conocimiento e Innovaci\u00f3n (MinCiencia), es ejecutado por la Universidad Cat\u00f3lica, a trav\u00e9s de la Vicerrector\u00eda de Investigaci\u00f3n y Postgrado, con la direcci\u00f3n acad\u00e9mica de la Facultad de Educaci\u00f3n.<\/strong><\/h5>\n<h5><strong>El PAR Explora RM Sur Oriente de la UC busca conectar a las comunidades escolares con el mundo de la CTCI a trav\u00e9s de trabajos colaborativos y voluntarios entre docentes, educadores, especialistas, investigadores y estudiantes, que privilegien el codise\u00f1o y el saber interdisciplinario. Esta conexi\u00f3n es una oportunidad para fortalecer competencias CTCI que contribuyan y aporten a los procesos pedag\u00f3gicos de los establecimientos educativos.<\/strong><\/h5>\n<h5><img fetchpriority=\"high\" decoding=\"async\" class=\"aligncenter size-large wp-image-43582\" src=\"https:\/\/explora.cl\/rmsuroriente\/wp-content\/uploads\/sites\/12\/2025\/11\/DSC01058-1620x1080.jpg\" alt=\"\" width=\"1180\" height=\"787\" srcset=\"https:\/\/explora.cl\/rmsuroriente\/wp-content\/uploads\/sites\/12\/2025\/11\/DSC01058-1620x1080.jpg 1620w, https:\/\/explora.cl\/rmsuroriente\/wp-content\/uploads\/sites\/12\/2025\/11\/DSC01058-705x470.jpg 705w, https:\/\/explora.cl\/rmsuroriente\/wp-content\/uploads\/sites\/12\/2025\/11\/DSC01058-768x512.jpg 768w, https:\/\/explora.cl\/rmsuroriente\/wp-content\/uploads\/sites\/12\/2025\/11\/DSC01058-1536x1024.jpg 1536w, https:\/\/explora.cl\/rmsuroriente\/wp-content\/uploads\/sites\/12\/2025\/11\/DSC01058-2048x1365.jpg 2048w, https:\/\/explora.cl\/rmsuroriente\/wp-content\/uploads\/sites\/12\/2025\/11\/DSC01058-300x200.jpg 300w\" sizes=\"(max-width: 1180px) 100vw, 1180px\" \/> <img decoding=\"async\" class=\"aligncenter size-large wp-image-43583\" src=\"https:\/\/explora.cl\/rmsuroriente\/wp-content\/uploads\/sites\/12\/2025\/11\/DSC01156-1620x1080.jpg\" alt=\"\" width=\"1180\" height=\"787\" srcset=\"https:\/\/explora.cl\/rmsuroriente\/wp-content\/uploads\/sites\/12\/2025\/11\/DSC01156-1620x1080.jpg 1620w, https:\/\/explora.cl\/rmsuroriente\/wp-content\/uploads\/sites\/12\/2025\/11\/DSC01156-705x470.jpg 705w, https:\/\/explora.cl\/rmsuroriente\/wp-content\/uploads\/sites\/12\/2025\/11\/DSC01156-768x512.jpg 768w, https:\/\/explora.cl\/rmsuroriente\/wp-content\/uploads\/sites\/12\/2025\/11\/DSC01156-1536x1024.jpg 1536w, https:\/\/explora.cl\/rmsuroriente\/wp-content\/uploads\/sites\/12\/2025\/11\/DSC01156-2048x1365.jpg 2048w, https:\/\/explora.cl\/rmsuroriente\/wp-content\/uploads\/sites\/12\/2025\/11\/DSC01156-300x200.jpg 300w\" sizes=\"(max-width: 1180px) 100vw, 1180px\" \/> <img decoding=\"async\" class=\"aligncenter size-large wp-image-43584\" src=\"https:\/\/explora.cl\/rmsuroriente\/wp-content\/uploads\/sites\/12\/2025\/11\/DSC01692-1620x1080.jpg\" alt=\"\" width=\"1180\" height=\"787\" srcset=\"https:\/\/explora.cl\/rmsuroriente\/wp-content\/uploads\/sites\/12\/2025\/11\/DSC01692-1620x1080.jpg 1620w, https:\/\/explora.cl\/rmsuroriente\/wp-content\/uploads\/sites\/12\/2025\/11\/DSC01692-705x470.jpg 705w, https:\/\/explora.cl\/rmsuroriente\/wp-content\/uploads\/sites\/12\/2025\/11\/DSC01692-768x512.jpg 768w, https:\/\/explora.cl\/rmsuroriente\/wp-content\/uploads\/sites\/12\/2025\/11\/DSC01692-1536x1024.jpg 1536w, https:\/\/explora.cl\/rmsuroriente\/wp-content\/uploads\/sites\/12\/2025\/11\/DSC01692-2048x1365.jpg 2048w, https:\/\/explora.cl\/rmsuroriente\/wp-content\/uploads\/sites\/12\/2025\/11\/DSC01692-300x200.jpg 300w\" sizes=\"(max-width: 1180px) 100vw, 1180px\" \/><\/h5>\n","protected":false},"excerpt":{"rendered":"<p>Los equipos de Investigaci\u00f3n e Innovaci\u00f3n Escolar fueron protagonistas de un encuentro orientado a reconocer la importancia de comunicar sus proyectos y explorar los distintos formatos disponibles.<\/p>\n","protected":false},"author":27,"featured_media":43585,"comment_status":"open","ping_status":"open","sticky":false,"template":"","format":"standard","meta":{"_acf_changed":false,"_exactmetrics_skip_tracking":false,"_exactmetrics_sitenote_active":false,"_exactmetrics_sitenote_note":"","_exactmetrics_sitenote_category":0,"footnotes":"","_links_to":"","_links_to_target":""},"categories":[127,4,116,121,126],"tags":[288,286,285],"class_list":["post-43581","post","type-post","status-publish","format-standard","has-post-thumbnail","hentry","category-iniciativas_publ_grl","category-noticias","category-para-comunidad-escolar","category-para-divulgadores","category-para-publico-general","tag-equipos-iie","tag-iie","tag-investigacion-e-innovacion-escolar"],"acf":[],"yoast_head":"<!-- This site is optimized with the Yoast SEO plugin v26.9 - https:\/\/yoast.com\/product\/yoast-seo-wordpress\/ -->\n<title>Estudiantes de IIE participan de taller para fortalecer sus habilidades comunicacionales - RM Sur Oriente<\/title>\n<meta name=\"robots\" content=\"index, follow, max-snippet:-1, max-image-preview:large, max-video-preview:-1\" \/>\n<link rel=\"canonical\" href=\"https:\/\/explora.cl\/rmsuroriente\/estudiantes-de-iie-participan-de-taller-para-fortalecer-sus-habilidades-comunicacionales\/\" class=\"yoast-seo-meta-tag\" \/>\n<meta property=\"og:locale\" content=\"es_ES\" class=\"yoast-seo-meta-tag\" \/>\n<meta property=\"og:type\" content=\"article\" class=\"yoast-seo-meta-tag\" \/>\n<meta property=\"og:title\" content=\"Estudiantes de IIE participan de taller para fortalecer sus habilidades comunicacionales - RM Sur Oriente\" class=\"yoast-seo-meta-tag\" \/>\n<meta property=\"og:description\" content=\"Los equipos de Investigaci\u00f3n e Innovaci\u00f3n Escolar fueron protagonistas de un encuentro orientado a reconocer la importancia de comunicar sus proyectos y explorar los distintos formatos disponibles.\" class=\"yoast-seo-meta-tag\" \/>\n<meta property=\"og:url\" content=\"https:\/\/explora.cl\/rmsuroriente\/estudiantes-de-iie-participan-de-taller-para-fortalecer-sus-habilidades-comunicacionales\/\" class=\"yoast-seo-meta-tag\" \/>\n<meta property=\"og:site_name\" content=\"RM Sur Oriente\" class=\"yoast-seo-meta-tag\" \/>\n<meta property=\"article:published_time\" content=\"2025-10-03T18:31:24+00:00\" class=\"yoast-seo-meta-tag\" \/>\n<meta property=\"article:modified_time\" content=\"2025-11-07T18:50:22+00:00\" class=\"yoast-seo-meta-tag\" \/>\n<meta property=\"og:image\" content=\"https:\/\/explora.cl\/rmsuroriente\/wp-content\/uploads\/sites\/12\/2025\/11\/DSC01755-scaled.jpg\" class=\"yoast-seo-meta-tag\" \/>\n\t<meta property=\"og:image:width\" content=\"2560\" class=\"yoast-seo-meta-tag\" \/>\n\t<meta property=\"og:image:height\" content=\"1707\" class=\"yoast-seo-meta-tag\" \/>\n\t<meta property=\"og:image:type\" content=\"image\/jpeg\" class=\"yoast-seo-meta-tag\" \/>\n<meta name=\"author\" content=\"RMSO PUC\" class=\"yoast-seo-meta-tag\" \/>\n<meta name=\"twitter:card\" content=\"summary_large_image\" class=\"yoast-seo-meta-tag\" \/>\n<meta name=\"twitter:label1\" content=\"Escrito por\" class=\"yoast-seo-meta-tag\" \/>\n\t<meta name=\"twitter:data1\" content=\"RMSO PUC\" class=\"yoast-seo-meta-tag\" \/>\n\t<meta name=\"twitter:label2\" content=\"Tiempo estimado de lectura\" class=\"yoast-seo-meta-tag\" \/>\n\t<meta name=\"twitter:data2\" content=\"5 minutos\" class=\"yoast-seo-meta-tag\" \/>\n<script type=\"application\/ld+json\" class=\"yoast-schema-graph\">{\"@context\":\"https:\/\/schema.org\",\"@graph\":[{\"@type\":\"Article\",\"@id\":\"https:\/\/explora.cl\/rmsuroriente\/estudiantes-de-iie-participan-de-taller-para-fortalecer-sus-habilidades-comunicacionales\/#article\",\"isPartOf\":{\"@id\":\"https:\/\/explora.cl\/rmsuroriente\/estudiantes-de-iie-participan-de-taller-para-fortalecer-sus-habilidades-comunicacionales\/\"},\"author\":{\"name\":\"RMSO PUC\",\"@id\":\"https:\/\/explora.cl\/rmsuroriente\/#\/schema\/person\/164f0bfb03507b3d5dd75257d8e71697\"},\"headline\":\"Estudiantes de IIE participan de taller para fortalecer sus habilidades comunicacionales\",\"datePublished\":\"2025-10-03T18:31:24+00:00\",\"dateModified\":\"2025-11-07T18:50:22+00:00\",\"mainEntityOfPage\":{\"@id\":\"https:\/\/explora.cl\/rmsuroriente\/estudiantes-de-iie-participan-de-taller-para-fortalecer-sus-habilidades-comunicacionales\/\"},\"wordCount\":806,\"commentCount\":0,\"publisher\":{\"@id\":\"https:\/\/explora.cl\/rmsuroriente\/#organization\"},\"image\":{\"@id\":\"https:\/\/explora.cl\/rmsuroriente\/estudiantes-de-iie-participan-de-taller-para-fortalecer-sus-habilidades-comunicacionales\/#primaryimage\"},\"thumbnailUrl\":\"https:\/\/explora.cl\/rmsuroriente\/wp-content\/uploads\/sites\/12\/2025\/11\/DSC01755-scaled.jpg\",\"keywords\":[\"Equipos IIE\",\"IIE\",\"Investigaci\u00f3n e Innovaci\u00f3n Escolar\"],\"articleSection\":[\"Iniciativas\",\"Noticias\",\"Para Comunidad Escolar\",\"Para Divulgadores\",\"Para P\u00fablico General\"],\"inLanguage\":\"es-CL\",\"potentialAction\":[{\"@type\":\"CommentAction\",\"name\":\"Comment\",\"target\":[\"https:\/\/explora.cl\/rmsuroriente\/estudiantes-de-iie-participan-de-taller-para-fortalecer-sus-habilidades-comunicacionales\/#respond\"]}]},{\"@type\":\"WebPage\",\"@id\":\"https:\/\/explora.cl\/rmsuroriente\/estudiantes-de-iie-participan-de-taller-para-fortalecer-sus-habilidades-comunicacionales\/\",\"url\":\"https:\/\/explora.cl\/rmsuroriente\/estudiantes-de-iie-participan-de-taller-para-fortalecer-sus-habilidades-comunicacionales\/\",\"name\":\"Estudiantes de IIE participan de taller para fortalecer sus habilidades comunicacionales - RM Sur Oriente\",\"isPartOf\":{\"@id\":\"https:\/\/explora.cl\/rmsuroriente\/#website\"},\"primaryImageOfPage\":{\"@id\":\"https:\/\/explora.cl\/rmsuroriente\/estudiantes-de-iie-participan-de-taller-para-fortalecer-sus-habilidades-comunicacionales\/#primaryimage\"},\"image\":{\"@id\":\"https:\/\/explora.cl\/rmsuroriente\/estudiantes-de-iie-participan-de-taller-para-fortalecer-sus-habilidades-comunicacionales\/#primaryimage\"},\"thumbnailUrl\":\"https:\/\/explora.cl\/rmsuroriente\/wp-content\/uploads\/sites\/12\/2025\/11\/DSC01755-scaled.jpg\",\"datePublished\":\"2025-10-03T18:31:24+00:00\",\"dateModified\":\"2025-11-07T18:50:22+00:00\",\"breadcrumb\":{\"@id\":\"https:\/\/explora.cl\/rmsuroriente\/estudiantes-de-iie-participan-de-taller-para-fortalecer-sus-habilidades-comunicacionales\/#breadcrumb\"},\"inLanguage\":\"es-CL\",\"potentialAction\":[{\"@type\":\"ReadAction\",\"target\":[\"https:\/\/explora.cl\/rmsuroriente\/estudiantes-de-iie-participan-de-taller-para-fortalecer-sus-habilidades-comunicacionales\/\"]}]},{\"@type\":\"ImageObject\",\"inLanguage\":\"es-CL\",\"@id\":\"https:\/\/explora.cl\/rmsuroriente\/estudiantes-de-iie-participan-de-taller-para-fortalecer-sus-habilidades-comunicacionales\/#primaryimage\",\"url\":\"https:\/\/explora.cl\/rmsuroriente\/wp-content\/uploads\/sites\/12\/2025\/11\/DSC01755-scaled.jpg\",\"contentUrl\":\"https:\/\/explora.cl\/rmsuroriente\/wp-content\/uploads\/sites\/12\/2025\/11\/DSC01755-scaled.jpg\",\"width\":2560,\"height\":1707},{\"@type\":\"BreadcrumbList\",\"@id\":\"https:\/\/explora.cl\/rmsuroriente\/estudiantes-de-iie-participan-de-taller-para-fortalecer-sus-habilidades-comunicacionales\/#breadcrumb\",\"itemListElement\":[{\"@type\":\"ListItem\",\"position\":1,\"name\":\"Portada\",\"item\":\"https:\/\/explora.cl\/rmsuroriente\/\"},{\"@type\":\"ListItem\",\"position\":2,\"name\":\"Estudiantes de IIE participan de taller para fortalecer sus habilidades comunicacionales\"}]},{\"@type\":\"WebSite\",\"@id\":\"https:\/\/explora.cl\/rmsuroriente\/#website\",\"url\":\"https:\/\/explora.cl\/rmsuroriente\/\",\"name\":\"RM Sur Oriente\",\"description\":\"Otro sitio m\u00e1s de explora.cl\",\"publisher\":{\"@id\":\"https:\/\/explora.cl\/rmsuroriente\/#organization\"},\"potentialAction\":[{\"@type\":\"SearchAction\",\"target\":{\"@type\":\"EntryPoint\",\"urlTemplate\":\"https:\/\/explora.cl\/rmsuroriente\/?s={search_term_string}\"},\"query-input\":{\"@type\":\"PropertyValueSpecification\",\"valueRequired\":true,\"valueName\":\"search_term_string\"}}],\"inLanguage\":\"es-CL\"},{\"@type\":\"Organization\",\"@id\":\"https:\/\/explora.cl\/rmsuroriente\/#organization\",\"name\":\"RM Sur Oriente\",\"url\":\"https:\/\/explora.cl\/rmsuroriente\/\",\"logo\":{\"@type\":\"ImageObject\",\"inLanguage\":\"es-CL\",\"@id\":\"https:\/\/explora.cl\/rmsuroriente\/#\/schema\/logo\/image\/\",\"url\":\"https:\/\/explora.cl\/rmsuroriente\/wp-content\/uploads\/sites\/12\/2025\/04\/cropped-LogoPAR_RMSO-Azul-UC.png\",\"contentUrl\":\"https:\/\/explora.cl\/rmsuroriente\/wp-content\/uploads\/sites\/12\/2025\/04\/cropped-LogoPAR_RMSO-Azul-UC.png\",\"width\":411,\"height\":409,\"caption\":\"RM Sur Oriente\"},\"image\":{\"@id\":\"https:\/\/explora.cl\/rmsuroriente\/#\/schema\/logo\/image\/\"}},{\"@type\":\"Person\",\"@id\":\"https:\/\/explora.cl\/rmsuroriente\/#\/schema\/person\/164f0bfb03507b3d5dd75257d8e71697\",\"name\":\"RMSO PUC\",\"image\":{\"@type\":\"ImageObject\",\"inLanguage\":\"es-CL\",\"@id\":\"https:\/\/explora.cl\/rmsuroriente\/#\/schema\/person\/image\/\",\"url\":\"https:\/\/secure.gravatar.com\/avatar\/16f7131f033ed433ea432d3fc2b04af9756004afdb5a6b61c705d795f6425ea0?s=96&d=mm&r=g\",\"contentUrl\":\"https:\/\/secure.gravatar.com\/avatar\/16f7131f033ed433ea432d3fc2b04af9756004afdb5a6b61c705d795f6425ea0?s=96&d=mm&r=g\",\"caption\":\"RMSO PUC\"},\"sameAs\":[\"https:\/\/www.instagram.com\/parexplorarmsuroriente\/\"],\"url\":\"https:\/\/explora.cl\/rmsuroriente\/author\/myanez\/\"}]}<\/script>\n<!-- \/ Yoast SEO plugin. -->","yoast_head_json":{"title":"Estudiantes de IIE participan de taller para fortalecer sus habilidades comunicacionales - RM Sur Oriente","robots":{"index":"index","follow":"follow","max-snippet":"max-snippet:-1","max-image-preview":"max-image-preview:large","max-video-preview":"max-video-preview:-1"},"canonical":"https:\/\/explora.cl\/rmsuroriente\/estudiantes-de-iie-participan-de-taller-para-fortalecer-sus-habilidades-comunicacionales\/","og_locale":"es_ES","og_type":"article","og_title":"Estudiantes de IIE participan de taller para fortalecer sus habilidades comunicacionales - RM Sur Oriente","og_description":"Los equipos de Investigaci\u00f3n e Innovaci\u00f3n Escolar fueron protagonistas de un encuentro orientado a reconocer la importancia de comunicar sus proyectos y explorar los distintos formatos disponibles.","og_url":"https:\/\/explora.cl\/rmsuroriente\/estudiantes-de-iie-participan-de-taller-para-fortalecer-sus-habilidades-comunicacionales\/","og_site_name":"RM Sur Oriente","article_published_time":"2025-10-03T18:31:24+00:00","article_modified_time":"2025-11-07T18:50:22+00:00","og_image":[{"width":2560,"height":1707,"url":"https:\/\/explora.cl\/rmsuroriente\/wp-content\/uploads\/sites\/12\/2025\/11\/DSC01755-scaled.jpg","type":"image\/jpeg"}],"author":"RMSO PUC","twitter_card":"summary_large_image","twitter_misc":{"Escrito por":"RMSO PUC","Tiempo estimado de lectura":"5 minutos"},"schema":{"@context":"https:\/\/schema.org","@graph":[{"@type":"Article","@id":"https:\/\/explora.cl\/rmsuroriente\/estudiantes-de-iie-participan-de-taller-para-fortalecer-sus-habilidades-comunicacionales\/#article","isPartOf":{"@id":"https:\/\/explora.cl\/rmsuroriente\/estudiantes-de-iie-participan-de-taller-para-fortalecer-sus-habilidades-comunicacionales\/"},"author":{"name":"RMSO PUC","@id":"https:\/\/explora.cl\/rmsuroriente\/#\/schema\/person\/164f0bfb03507b3d5dd75257d8e71697"},"headline":"Estudiantes de IIE participan de taller para fortalecer sus habilidades comunicacionales","datePublished":"2025-10-03T18:31:24+00:00","dateModified":"2025-11-07T18:50:22+00:00","mainEntityOfPage":{"@id":"https:\/\/explora.cl\/rmsuroriente\/estudiantes-de-iie-participan-de-taller-para-fortalecer-sus-habilidades-comunicacionales\/"},"wordCount":806,"commentCount":0,"publisher":{"@id":"https:\/\/explora.cl\/rmsuroriente\/#organization"},"image":{"@id":"https:\/\/explora.cl\/rmsuroriente\/estudiantes-de-iie-participan-de-taller-para-fortalecer-sus-habilidades-comunicacionales\/#primaryimage"},"thumbnailUrl":"https:\/\/explora.cl\/rmsuroriente\/wp-content\/uploads\/sites\/12\/2025\/11\/DSC01755-scaled.jpg","keywords":["Equipos IIE","IIE","Investigaci\u00f3n e Innovaci\u00f3n Escolar"],"articleSection":["Iniciativas","Noticias","Para Comunidad Escolar","Para Divulgadores","Para P\u00fablico General"],"inLanguage":"es-CL","potentialAction":[{"@type":"CommentAction","name":"Comment","target":["https:\/\/explora.cl\/rmsuroriente\/estudiantes-de-iie-participan-de-taller-para-fortalecer-sus-habilidades-comunicacionales\/#respond"]}]},{"@type":"WebPage","@id":"https:\/\/explora.cl\/rmsuroriente\/estudiantes-de-iie-participan-de-taller-para-fortalecer-sus-habilidades-comunicacionales\/","url":"https:\/\/explora.cl\/rmsuroriente\/estudiantes-de-iie-participan-de-taller-para-fortalecer-sus-habilidades-comunicacionales\/","name":"Estudiantes de IIE participan de taller para fortalecer sus habilidades comunicacionales - RM Sur Oriente","isPartOf":{"@id":"https:\/\/explora.cl\/rmsuroriente\/#website"},"primaryImageOfPage":{"@id":"https:\/\/explora.cl\/rmsuroriente\/estudiantes-de-iie-participan-de-taller-para-fortalecer-sus-habilidades-comunicacionales\/#primaryimage"},"image":{"@id":"https:\/\/explora.cl\/rmsuroriente\/estudiantes-de-iie-participan-de-taller-para-fortalecer-sus-habilidades-comunicacionales\/#primaryimage"},"thumbnailUrl":"https:\/\/explora.cl\/rmsuroriente\/wp-content\/uploads\/sites\/12\/2025\/11\/DSC01755-scaled.jpg","datePublished":"2025-10-03T18:31:24+00:00","dateModified":"2025-11-07T18:50:22+00:00","breadcrumb":{"@id":"https:\/\/explora.cl\/rmsuroriente\/estudiantes-de-iie-participan-de-taller-para-fortalecer-sus-habilidades-comunicacionales\/#breadcrumb"},"inLanguage":"es-CL","potentialAction":[{"@type":"ReadAction","target":["https:\/\/explora.cl\/rmsuroriente\/estudiantes-de-iie-participan-de-taller-para-fortalecer-sus-habilidades-comunicacionales\/"]}]},{"@type":"ImageObject","inLanguage":"es-CL","@id":"https:\/\/explora.cl\/rmsuroriente\/estudiantes-de-iie-participan-de-taller-para-fortalecer-sus-habilidades-comunicacionales\/#primaryimage","url":"https:\/\/explora.cl\/rmsuroriente\/wp-content\/uploads\/sites\/12\/2025\/11\/DSC01755-scaled.jpg","contentUrl":"https:\/\/explora.cl\/rmsuroriente\/wp-content\/uploads\/sites\/12\/2025\/11\/DSC01755-scaled.jpg","width":2560,"height":1707},{"@type":"BreadcrumbList","@id":"https:\/\/explora.cl\/rmsuroriente\/estudiantes-de-iie-participan-de-taller-para-fortalecer-sus-habilidades-comunicacionales\/#breadcrumb","itemListElement":[{"@type":"ListItem","position":1,"name":"Portada","item":"https:\/\/explora.cl\/rmsuroriente\/"},{"@type":"ListItem","position":2,"name":"Estudiantes de IIE participan de taller para fortalecer sus habilidades comunicacionales"}]},{"@type":"WebSite","@id":"https:\/\/explora.cl\/rmsuroriente\/#website","url":"https:\/\/explora.cl\/rmsuroriente\/","name":"RM Sur Oriente","description":"Otro sitio m\u00e1s de explora.cl","publisher":{"@id":"https:\/\/explora.cl\/rmsuroriente\/#organization"},"potentialAction":[{"@type":"SearchAction","target":{"@type":"EntryPoint","urlTemplate":"https:\/\/explora.cl\/rmsuroriente\/?s={search_term_string}"},"query-input":{"@type":"PropertyValueSpecification","valueRequired":true,"valueName":"search_term_string"}}],"inLanguage":"es-CL"},{"@type":"Organization","@id":"https:\/\/explora.cl\/rmsuroriente\/#organization","name":"RM Sur Oriente","url":"https:\/\/explora.cl\/rmsuroriente\/","logo":{"@type":"ImageObject","inLanguage":"es-CL","@id":"https:\/\/explora.cl\/rmsuroriente\/#\/schema\/logo\/image\/","url":"https:\/\/explora.cl\/rmsuroriente\/wp-content\/uploads\/sites\/12\/2025\/04\/cropped-LogoPAR_RMSO-Azul-UC.png","contentUrl":"https:\/\/explora.cl\/rmsuroriente\/wp-content\/uploads\/sites\/12\/2025\/04\/cropped-LogoPAR_RMSO-Azul-UC.png","width":411,"height":409,"caption":"RM Sur Oriente"},"image":{"@id":"https:\/\/explora.cl\/rmsuroriente\/#\/schema\/logo\/image\/"}},{"@type":"Person","@id":"https:\/\/explora.cl\/rmsuroriente\/#\/schema\/person\/164f0bfb03507b3d5dd75257d8e71697","name":"RMSO PUC","image":{"@type":"ImageObject","inLanguage":"es-CL","@id":"https:\/\/explora.cl\/rmsuroriente\/#\/schema\/person\/image\/","url":"https:\/\/secure.gravatar.com\/avatar\/16f7131f033ed433ea432d3fc2b04af9756004afdb5a6b61c705d795f6425ea0?s=96&d=mm&r=g","contentUrl":"https:\/\/secure.gravatar.com\/avatar\/16f7131f033ed433ea432d3fc2b04af9756004afdb5a6b61c705d795f6425ea0?s=96&d=mm&r=g","caption":"RMSO PUC"},"sameAs":["https:\/\/www.instagram.com\/parexplorarmsuroriente\/"],"url":"https:\/\/explora.cl\/rmsuroriente\/author\/myanez\/"}]}},"_links":{"self":[{"href":"https:\/\/explora.cl\/rmsuroriente\/wp-json\/wp\/v2\/posts\/43581","targetHints":{"allow":["GET"]}}],"collection":[{"href":"https:\/\/explora.cl\/rmsuroriente\/wp-json\/wp\/v2\/posts"}],"about":[{"href":"https:\/\/explora.cl\/rmsuroriente\/wp-json\/wp\/v2\/types\/post"}],"author":[{"embeddable":true,"href":"https:\/\/explora.cl\/rmsuroriente\/wp-json\/wp\/v2\/users\/27"}],"replies":[{"embeddable":true,"href":"https:\/\/explora.cl\/rmsuroriente\/wp-json\/wp\/v2\/comments?post=43581"}],"version-history":[{"count":3,"href":"https:\/\/explora.cl\/rmsuroriente\/wp-json\/wp\/v2\/posts\/43581\/revisions"}],"predecessor-version":[{"id":43588,"href":"https:\/\/explora.cl\/rmsuroriente\/wp-json\/wp\/v2\/posts\/43581\/revisions\/43588"}],"wp:featuredmedia":[{"embeddable":true,"href":"https:\/\/explora.cl\/rmsuroriente\/wp-json\/wp\/v2\/media\/43585"}],"wp:attachment":[{"href":"https:\/\/explora.cl\/rmsuroriente\/wp-json\/wp\/v2\/media?parent=43581"}],"wp:term":[{"taxonomy":"category","embeddable":true,"href":"https:\/\/explora.cl\/rmsuroriente\/wp-json\/wp\/v2\/categories?post=43581"},{"taxonomy":"post_tag","embeddable":true,"href":"https:\/\/explora.cl\/rmsuroriente\/wp-json\/wp\/v2\/tags?post=43581"}],"curies":[{"name":"wp","href":"https:\/\/api.w.org\/{rel}","templated":true}]}}