{"id":43540,"date":"2025-10-06T17:22:54","date_gmt":"2025-10-06T20:22:54","guid":{"rendered":"https:\/\/explora.cl\/rmsuroriente\/?p=43540"},"modified":"2025-10-06T17:22:54","modified_gmt":"2025-10-06T20:22:54","slug":"se-parte-de-campamento-explora-va","status":"publish","type":"post","link":"https:\/\/explora.cl\/rmsuroriente\/se-parte-de-campamento-explora-va\/","title":{"rendered":"S\u00e9 parte de Campamento Explora Va!"},"content":{"rendered":"<p><span data-contrast=\"none\">El PAR Explora RM Sur Oriente, ejecutado por la Universidad Cat\u00f3lica, a trav\u00e9s de la Vicerrector\u00eda de Investigaci\u00f3n y Postgrado, con la direcci\u00f3n acad\u00e9mica de la Facultad de Educaci\u00f3n, informa que se encuentra disponible la convocatoria para participar de <\/span><strong>Campamento Explora Va!<\/strong><span data-contrast=\"none\"> del Programa Explora. <\/span><strong>Se podr\u00e1 postular hasta el jueves 30 de octubre, a las 23:59 horas<\/strong><b><span data-contrast=\"none\">.<\/span><\/b><span data-ccp-props=\"{&quot;134233117&quot;:false,&quot;134233118&quot;:false,&quot;335551550&quot;:6,&quot;335551620&quot;:6,&quot;335557856&quot;:16777215,&quot;335559738&quot;:0,&quot;335559739&quot;:0}\">\u00a0<\/span><\/p>\n<p><span data-contrast=\"none\">Campamento Explora Va! es una iniciativa nacional dirigida a docentes y otros profesionales de la educaci\u00f3n en el aula, que busca desarrollar las competencias t\u00e9cnicas y transversales de un proceso de investigaci\u00f3n o innovaci\u00f3n.\u00a0<\/span><span data-ccp-props=\"{&quot;134233117&quot;:false,&quot;134233118&quot;:false,&quot;335551550&quot;:6,&quot;335551620&quot;:6,&quot;335557856&quot;:16777215,&quot;335559738&quot;:0,&quot;335559739&quot;:0}\">\u00a0<\/span><\/p>\n<p><span data-contrast=\"none\">La participaci\u00f3n en Campamento Explora Va! implica:<\/span><span data-ccp-props=\"{&quot;134233117&quot;:false,&quot;134233118&quot;:false,&quot;335551550&quot;:6,&quot;335551620&quot;:6,&quot;335557856&quot;:16777215,&quot;335559738&quot;:0,&quot;335559739&quot;:0}\">\u00a0<\/span><\/p>\n<p><span data-contrast=\"none\">1. Un internado residencial gratuito de cinco d\u00edas y cuatro noches que se realizar\u00e1 entre el 15 y el 19 de diciembre en San Jos\u00e9 de Maipo.<\/span><span data-ccp-props=\"{&quot;134233117&quot;:false,&quot;134233118&quot;:false,&quot;335551550&quot;:6,&quot;335551620&quot;:6,&quot;335557856&quot;:16777215,&quot;335559685&quot;:720,&quot;335559737&quot;:0,&quot;335559738&quot;:0,&quot;335559739&quot;:0,&quot;335559991&quot;:360}\">\u00a0<\/span><\/p>\n<p><span data-contrast=\"none\">2. Un proceso de acompa\u00f1amiento de tres sesiones (dos presenciales y una virtual) durante 2026, en donde los participantes planificar\u00e1n, implementar\u00e1n y socializar\u00e1n una secuencia did\u00e1ctica que integre lo aprendido y desarrollado durante el campamento.<\/span><span data-ccp-props=\"{&quot;134233117&quot;:false,&quot;134233118&quot;:false,&quot;335551550&quot;:6,&quot;335551620&quot;:6,&quot;335557856&quot;:16777215,&quot;335559685&quot;:720,&quot;335559737&quot;:0,&quot;335559738&quot;:0,&quot;335559739&quot;:0,&quot;335559991&quot;:360}\">\u00a0<\/span><\/p>\n<p><span data-contrast=\"none\">Esta convocatoria para Campamento Explora Va! del PAR Explora RM Sur Oriente de la UC est\u00e1 abierta para establecimientos educacionales de: <\/span><strong>La Florida, La Pintana, La Reina, Las Condes, Lo Barnechea, Macul, \u00d1u\u00f1oa, Pe\u00f1alol\u00e9n, Pirque, Providencia, Puente Alto, San Jos\u00e9 de Maipo <\/strong>y<strong> Vitacura<\/strong><span data-contrast=\"none\">.\u00a0<\/span><span data-ccp-props=\"{&quot;134233117&quot;:false,&quot;134233118&quot;:false,&quot;335551550&quot;:6,&quot;335551620&quot;:6,&quot;335557856&quot;:16777215,&quot;335559738&quot;:0,&quot;335559739&quot;:0}\">\u00a0<\/span><\/p>\n<p><strong>Pueden participar educadoras\/es de p\u00e1rvulos, t\u00e9cnicos en educaci\u00f3n, profesores\/as y\/o profesionales de la educaci\u00f3n<\/strong><span data-contrast=\"none\"> de cualquier nivel educativo de todo tipo de establecimientos educacionales, <\/span><strong>desde niveles medio y transici\u00f3n hasta escolar adulta, liceos cient\u00edfico humanista, t\u00e9cnico profesional<\/strong><span data-contrast=\"none\">, entre otros.\u00a0<\/span><span data-ccp-props=\"{&quot;134233117&quot;:false,&quot;134233118&quot;:false,&quot;335551550&quot;:6,&quot;335551620&quot;:6,&quot;335557856&quot;:16777215,&quot;335559738&quot;:0,&quot;335559739&quot;:0}\">\u00a0<\/span><\/p>\n<p><span data-contrast=\"none\">Para postular, las y los interesados deber\u00e1n:<\/span><span data-ccp-props=\"{&quot;134233117&quot;:false,&quot;134233118&quot;:false,&quot;335551550&quot;:6,&quot;335551620&quot;:6,&quot;335557856&quot;:16777215,&quot;335559738&quot;:0,&quot;335559739&quot;:0}\">\u00a0<\/span><\/p>\n<p><span data-contrast=\"none\">a) Leer las <\/span><strong><a href=\"https:\/\/drive.google.com\/file\/d\/13e8P-nTupKcR-1IJqSgkECnTc8X_syXi\/view?usp=sharing\">bases<\/a><\/strong><span data-contrast=\"none\">.<\/span><span data-ccp-props=\"{&quot;134233117&quot;:false,&quot;134233118&quot;:false,&quot;335551550&quot;:6,&quot;335551620&quot;:6,&quot;335557856&quot;:16777215,&quot;335559738&quot;:0,&quot;335559739&quot;:0}\">\u00a0<\/span><\/p>\n<p><span data-contrast=\"none\">b) Gestionar la carta de compromiso institucional del establecimiento educacional (<\/span><strong><a href=\"https:\/\/docs.google.com\/document\/d\/1L7M5qNRLJLfUw1i30eyCD7-SzrHxJDY7\/edit?usp=sharing&amp;ouid=104297655456631412241&amp;rtpof=true&amp;sd=true\">Anexo 1<\/a><\/strong><span data-contrast=\"none\">), la cual debe ser firmada por la o el director del establecimiento educacional en el cual te desempe\u00f1as durante el 2025.<\/span><span data-ccp-props=\"{&quot;134233117&quot;:false,&quot;134233118&quot;:false,&quot;335551550&quot;:6,&quot;335551620&quot;:6,&quot;335557856&quot;:16777215,&quot;335559738&quot;:0,&quot;335559739&quot;:0}\">\u00a0<\/span><\/p>\n<p><span data-contrast=\"none\">c) Completar, imprimir, firmar y escanear la carta de compromiso docente (<\/span><strong><a href=\"https:\/\/docs.google.com\/document\/d\/1ocLeuCKnMIKNItVWdjRml9GrpCojCN1O\/edit?usp=sharing&amp;ouid=104297655456631412241&amp;rtpof=true&amp;sd=true\">Anexo 2<\/a><\/strong><span data-contrast=\"none\">).<\/span><span data-ccp-props=\"{&quot;201341983&quot;:0,&quot;335551550&quot;:6,&quot;335551620&quot;:6,&quot;335559739&quot;:0,&quot;335559740&quot;:240}\">\u00a0<\/span><\/p>\n<p><span data-contrast=\"none\">d) Postular a trav\u00e9s del siguiente <\/span><strong><a href=\"https:\/\/docs.google.com\/forms\/d\/e\/1FAIpQLSfUxKyeeOFQC38nZzzwNP7Lf-dPOXr_0pTkBcLDltU-MhClAw\/viewform?usp=dialog\">formulario<\/a><\/strong><span data-contrast=\"none\">, que incluye la carga de documentos (cartas).<\/span><span data-ccp-props=\"{&quot;201341983&quot;:0,&quot;335551550&quot;:6,&quot;335551620&quot;:6,&quot;335559739&quot;:0,&quot;335559740&quot;:240}\">\u00a0<\/span><\/p>\n<p>El <strong>mi\u00e9rcoles 15 de octubre<\/strong>, de 16:00 y 17:00 horas habr\u00e1 un <strong>encuentro informativo virtual<\/strong> para resolver dudas, a trav\u00e9s de la plataforma Teams en el siguiente <strong><a href=\"https:\/\/teams.microsoft.com\/l\/meetup-join\/19%3ameeting_NWI2MGRmNjItYTVjNi00NzVjLWI5MGUtOTdjNWIzMGM0YjJi%40thread.v2\/0?context=%7b%22Tid%22%3a%225ff5d9fa-f83f-4ac1-a4d2-eb48ea0a00d2%22%2c%22Oid%22%3a%22d9fc164a-f88d-42e5-81e3-b1d48f4fc645%22%7d\">enlace<\/a><\/strong><span data-contrast=\"none\">.\u00a0<\/span><span data-ccp-props=\"{&quot;134233117&quot;:false,&quot;134233118&quot;:false,&quot;335551550&quot;:6,&quot;335551620&quot;:6,&quot;335557856&quot;:16777215,&quot;335559738&quot;:0,&quot;335559739&quot;:0}\">\u00a0<\/span><\/p>\n<p><span data-contrast=\"none\">En caso de consultas, pueden comunicarse con Eduardo Guzm\u00e1n Laz\u00f3n, coordinador de Rutas Formativas, al correo electr\u00f3nico <\/span><strong><a href=\"mailto:eiguzman@uc.cl\">eiguzman@uc.cl<\/a><\/strong><span data-contrast=\"none\"> o al tel\u00e9fono <\/span><b><span data-contrast=\"none\">+56922007251, <\/span><\/b><span data-contrast=\"none\">de lunes a viernes entre 9:00 y 17:00 horas.\u00a0<\/span><span data-ccp-props=\"{&quot;134233117&quot;:false,&quot;134233118&quot;:false,&quot;335551550&quot;:6,&quot;335551620&quot;:6,&quot;335557856&quot;:16777215,&quot;335559738&quot;:0,&quot;335559739&quot;:0}\">\u00a0<\/span><\/p>\n<h5><strong>PAR Explora RM Sur Oriente de la UC\u202f\u00a0\u00a0\u00a0<\/strong><\/h5>\n<h5>El Proyecto Asociativo Regional (PAR) Explora RM Sur Oriente, financiado por el Ministerio de Ciencia, Tecnolog\u00eda, Conocimiento e Innovaci\u00f3n (MinCiencia), es ejecutado por la Universidad Cat\u00f3lica, a trav\u00e9s de la Vicerrector\u00eda de Investigaci\u00f3n y Postgrado, con la direcci\u00f3n acad\u00e9mica de la Facultad de Educaci\u00f3n.<\/h5>\n<h5>El PAR Explora RM Sur Oriente de la UC busca conectar a las comunidades escolares con el mundo de la CTCI a trav\u00e9s de trabajos colaborativos y voluntarios entre docentes, educadores, especialistas, investigadores y estudiantes, que privilegien el codise\u00f1o y el saber interdisciplinario. Esta conexi\u00f3n es una oportunidad para fortalecer competencias CTCI que contribuyan y aporten a los procesos pedag\u00f3gicos de los establecimientos educativos.<\/h5>\n","protected":false},"excerpt":{"rendered":"<p>La convocatoria para docentes y otros profesionales de la educaci\u00f3n estar\u00e1 abierta hasta el jueves 30 de octubre, a las 23:59 horas. <\/p>\n","protected":false},"author":27,"featured_media":43548,"comment_status":"open","ping_status":"open","sticky":false,"template":"","format":"standard","meta":{"_acf_changed":false,"_exactmetrics_skip_tracking":false,"_exactmetrics_sitenote_active":false,"_exactmetrics_sitenote_note":"","_exactmetrics_sitenote_category":0,"footnotes":"","_links_to":"","_links_to_target":""},"categories":[151,129,127,4,116,126],"tags":[413,412,414,415],"class_list":["post-43540","post","type-post","status-publish","format-standard","has-post-thumbnail","hentry","category-banner","category-concursos_para_pub_grl","category-iniciativas_publ_grl","category-noticias","category-para-comunidad-escolar","category-para-publico-general","tag-campamento","tag-campamento-explora-va","tag-explora-va","tag-investigacion-e-innovacion"],"acf":[],"yoast_head":"<!-- This site is optimized with the Yoast SEO plugin v26.9 - https:\/\/yoast.com\/product\/yoast-seo-wordpress\/ -->\n<title>S\u00e9 parte de Campamento Explora Va! - RM Sur Oriente<\/title>\n<meta name=\"robots\" content=\"index, follow, max-snippet:-1, max-image-preview:large, max-video-preview:-1\" \/>\n<link rel=\"canonical\" href=\"https:\/\/explora.cl\/rmsuroriente\/se-parte-de-campamento-explora-va\/\" class=\"yoast-seo-meta-tag\" \/>\n<meta property=\"og:locale\" content=\"es_ES\" class=\"yoast-seo-meta-tag\" \/>\n<meta property=\"og:type\" content=\"article\" class=\"yoast-seo-meta-tag\" \/>\n<meta property=\"og:title\" content=\"S\u00e9 parte de Campamento Explora Va! - RM Sur Oriente\" class=\"yoast-seo-meta-tag\" \/>\n<meta property=\"og:description\" content=\"La convocatoria para docentes y otros profesionales de la educaci\u00f3n estar\u00e1 abierta hasta el jueves 30 de octubre, a las 23:59 horas.\" class=\"yoast-seo-meta-tag\" \/>\n<meta property=\"og:url\" content=\"https:\/\/explora.cl\/rmsuroriente\/se-parte-de-campamento-explora-va\/\" class=\"yoast-seo-meta-tag\" \/>\n<meta property=\"og:site_name\" content=\"RM Sur Oriente\" class=\"yoast-seo-meta-tag\" \/>\n<meta property=\"article:published_time\" content=\"2025-10-06T20:22:54+00:00\" class=\"yoast-seo-meta-tag\" \/>\n<meta property=\"og:image\" content=\"https:\/\/explora.cl\/rmsuroriente\/wp-content\/uploads\/sites\/12\/2025\/10\/banner_campamento-scaled.png\" class=\"yoast-seo-meta-tag\" \/>\n\t<meta property=\"og:image:width\" content=\"2560\" class=\"yoast-seo-meta-tag\" \/>\n\t<meta property=\"og:image:height\" content=\"1440\" class=\"yoast-seo-meta-tag\" \/>\n\t<meta property=\"og:image:type\" content=\"image\/png\" class=\"yoast-seo-meta-tag\" \/>\n<meta name=\"author\" content=\"RMSO PUC\" class=\"yoast-seo-meta-tag\" \/>\n<meta name=\"twitter:card\" content=\"summary_large_image\" class=\"yoast-seo-meta-tag\" \/>\n<meta name=\"twitter:label1\" content=\"Escrito por\" class=\"yoast-seo-meta-tag\" \/>\n\t<meta name=\"twitter:data1\" content=\"RMSO PUC\" class=\"yoast-seo-meta-tag\" \/>\n\t<meta name=\"twitter:label2\" content=\"Tiempo estimado de lectura\" class=\"yoast-seo-meta-tag\" \/>\n\t<meta name=\"twitter:data2\" content=\"3 minutos\" class=\"yoast-seo-meta-tag\" \/>\n<script type=\"application\/ld+json\" class=\"yoast-schema-graph\">{\"@context\":\"https:\/\/schema.org\",\"@graph\":[{\"@type\":\"Article\",\"@id\":\"https:\/\/explora.cl\/rmsuroriente\/se-parte-de-campamento-explora-va\/#article\",\"isPartOf\":{\"@id\":\"https:\/\/explora.cl\/rmsuroriente\/se-parte-de-campamento-explora-va\/\"},\"author\":{\"name\":\"RMSO PUC\",\"@id\":\"https:\/\/explora.cl\/rmsuroriente\/#\/schema\/person\/164f0bfb03507b3d5dd75257d8e71697\"},\"headline\":\"S\u00e9 parte de Campamento Explora Va!\",\"datePublished\":\"2025-10-06T20:22:54+00:00\",\"mainEntityOfPage\":{\"@id\":\"https:\/\/explora.cl\/rmsuroriente\/se-parte-de-campamento-explora-va\/\"},\"wordCount\":535,\"commentCount\":0,\"publisher\":{\"@id\":\"https:\/\/explora.cl\/rmsuroriente\/#organization\"},\"image\":{\"@id\":\"https:\/\/explora.cl\/rmsuroriente\/se-parte-de-campamento-explora-va\/#primaryimage\"},\"thumbnailUrl\":\"https:\/\/explora.cl\/rmsuroriente\/wp-content\/uploads\/sites\/12\/2025\/10\/banner_campamento-scaled.png\",\"keywords\":[\"Campamento\",\"Campamento Explora Va!\",\"Explora Va!\",\"Investigaci\u00f3n e Innovaci\u00f3n\"],\"articleSection\":[\"Banner\",\"Concursos\",\"Iniciativas\",\"Noticias\",\"Para Comunidad Escolar\",\"Para P\u00fablico General\"],\"inLanguage\":\"es-CL\",\"potentialAction\":[{\"@type\":\"CommentAction\",\"name\":\"Comment\",\"target\":[\"https:\/\/explora.cl\/rmsuroriente\/se-parte-de-campamento-explora-va\/#respond\"]}]},{\"@type\":\"WebPage\",\"@id\":\"https:\/\/explora.cl\/rmsuroriente\/se-parte-de-campamento-explora-va\/\",\"url\":\"https:\/\/explora.cl\/rmsuroriente\/se-parte-de-campamento-explora-va\/\",\"name\":\"S\u00e9 parte de Campamento Explora Va! - RM Sur Oriente\",\"isPartOf\":{\"@id\":\"https:\/\/explora.cl\/rmsuroriente\/#website\"},\"primaryImageOfPage\":{\"@id\":\"https:\/\/explora.cl\/rmsuroriente\/se-parte-de-campamento-explora-va\/#primaryimage\"},\"image\":{\"@id\":\"https:\/\/explora.cl\/rmsuroriente\/se-parte-de-campamento-explora-va\/#primaryimage\"},\"thumbnailUrl\":\"https:\/\/explora.cl\/rmsuroriente\/wp-content\/uploads\/sites\/12\/2025\/10\/banner_campamento-scaled.png\",\"datePublished\":\"2025-10-06T20:22:54+00:00\",\"breadcrumb\":{\"@id\":\"https:\/\/explora.cl\/rmsuroriente\/se-parte-de-campamento-explora-va\/#breadcrumb\"},\"inLanguage\":\"es-CL\",\"potentialAction\":[{\"@type\":\"ReadAction\",\"target\":[\"https:\/\/explora.cl\/rmsuroriente\/se-parte-de-campamento-explora-va\/\"]}]},{\"@type\":\"ImageObject\",\"inLanguage\":\"es-CL\",\"@id\":\"https:\/\/explora.cl\/rmsuroriente\/se-parte-de-campamento-explora-va\/#primaryimage\",\"url\":\"https:\/\/explora.cl\/rmsuroriente\/wp-content\/uploads\/sites\/12\/2025\/10\/banner_campamento-scaled.png\",\"contentUrl\":\"https:\/\/explora.cl\/rmsuroriente\/wp-content\/uploads\/sites\/12\/2025\/10\/banner_campamento-scaled.png\",\"width\":2560,\"height\":1440},{\"@type\":\"BreadcrumbList\",\"@id\":\"https:\/\/explora.cl\/rmsuroriente\/se-parte-de-campamento-explora-va\/#breadcrumb\",\"itemListElement\":[{\"@type\":\"ListItem\",\"position\":1,\"name\":\"Portada\",\"item\":\"https:\/\/explora.cl\/rmsuroriente\/\"},{\"@type\":\"ListItem\",\"position\":2,\"name\":\"S\u00e9 parte de Campamento Explora Va!\"}]},{\"@type\":\"WebSite\",\"@id\":\"https:\/\/explora.cl\/rmsuroriente\/#website\",\"url\":\"https:\/\/explora.cl\/rmsuroriente\/\",\"name\":\"RM Sur Oriente\",\"description\":\"Otro sitio m\u00e1s de explora.cl\",\"publisher\":{\"@id\":\"https:\/\/explora.cl\/rmsuroriente\/#organization\"},\"potentialAction\":[{\"@type\":\"SearchAction\",\"target\":{\"@type\":\"EntryPoint\",\"urlTemplate\":\"https:\/\/explora.cl\/rmsuroriente\/?s={search_term_string}\"},\"query-input\":{\"@type\":\"PropertyValueSpecification\",\"valueRequired\":true,\"valueName\":\"search_term_string\"}}],\"inLanguage\":\"es-CL\"},{\"@type\":\"Organization\",\"@id\":\"https:\/\/explora.cl\/rmsuroriente\/#organization\",\"name\":\"RM Sur Oriente\",\"url\":\"https:\/\/explora.cl\/rmsuroriente\/\",\"logo\":{\"@type\":\"ImageObject\",\"inLanguage\":\"es-CL\",\"@id\":\"https:\/\/explora.cl\/rmsuroriente\/#\/schema\/logo\/image\/\",\"url\":\"https:\/\/explora.cl\/rmsuroriente\/wp-content\/uploads\/sites\/12\/2025\/04\/cropped-LogoPAR_RMSO-Azul-UC.png\",\"contentUrl\":\"https:\/\/explora.cl\/rmsuroriente\/wp-content\/uploads\/sites\/12\/2025\/04\/cropped-LogoPAR_RMSO-Azul-UC.png\",\"width\":411,\"height\":409,\"caption\":\"RM Sur Oriente\"},\"image\":{\"@id\":\"https:\/\/explora.cl\/rmsuroriente\/#\/schema\/logo\/image\/\"}},{\"@type\":\"Person\",\"@id\":\"https:\/\/explora.cl\/rmsuroriente\/#\/schema\/person\/164f0bfb03507b3d5dd75257d8e71697\",\"name\":\"RMSO PUC\",\"image\":{\"@type\":\"ImageObject\",\"inLanguage\":\"es-CL\",\"@id\":\"https:\/\/explora.cl\/rmsuroriente\/#\/schema\/person\/image\/\",\"url\":\"https:\/\/secure.gravatar.com\/avatar\/16f7131f033ed433ea432d3fc2b04af9756004afdb5a6b61c705d795f6425ea0?s=96&d=mm&r=g\",\"contentUrl\":\"https:\/\/secure.gravatar.com\/avatar\/16f7131f033ed433ea432d3fc2b04af9756004afdb5a6b61c705d795f6425ea0?s=96&d=mm&r=g\",\"caption\":\"RMSO PUC\"},\"sameAs\":[\"https:\/\/www.instagram.com\/parexplorarmsuroriente\/\"],\"url\":\"https:\/\/explora.cl\/rmsuroriente\/author\/myanez\/\"}]}<\/script>\n<!-- \/ Yoast SEO plugin. -->","yoast_head_json":{"title":"S\u00e9 parte de Campamento Explora Va! - RM Sur Oriente","robots":{"index":"index","follow":"follow","max-snippet":"max-snippet:-1","max-image-preview":"max-image-preview:large","max-video-preview":"max-video-preview:-1"},"canonical":"https:\/\/explora.cl\/rmsuroriente\/se-parte-de-campamento-explora-va\/","og_locale":"es_ES","og_type":"article","og_title":"S\u00e9 parte de Campamento Explora Va! - RM Sur Oriente","og_description":"La convocatoria para docentes y otros profesionales de la educaci\u00f3n estar\u00e1 abierta hasta el jueves 30 de octubre, a las 23:59 horas.","og_url":"https:\/\/explora.cl\/rmsuroriente\/se-parte-de-campamento-explora-va\/","og_site_name":"RM Sur Oriente","article_published_time":"2025-10-06T20:22:54+00:00","og_image":[{"width":2560,"height":1440,"url":"https:\/\/explora.cl\/rmsuroriente\/wp-content\/uploads\/sites\/12\/2025\/10\/banner_campamento-scaled.png","type":"image\/png"}],"author":"RMSO PUC","twitter_card":"summary_large_image","twitter_misc":{"Escrito por":"RMSO PUC","Tiempo estimado de lectura":"3 minutos"},"schema":{"@context":"https:\/\/schema.org","@graph":[{"@type":"Article","@id":"https:\/\/explora.cl\/rmsuroriente\/se-parte-de-campamento-explora-va\/#article","isPartOf":{"@id":"https:\/\/explora.cl\/rmsuroriente\/se-parte-de-campamento-explora-va\/"},"author":{"name":"RMSO PUC","@id":"https:\/\/explora.cl\/rmsuroriente\/#\/schema\/person\/164f0bfb03507b3d5dd75257d8e71697"},"headline":"S\u00e9 parte de Campamento Explora Va!","datePublished":"2025-10-06T20:22:54+00:00","mainEntityOfPage":{"@id":"https:\/\/explora.cl\/rmsuroriente\/se-parte-de-campamento-explora-va\/"},"wordCount":535,"commentCount":0,"publisher":{"@id":"https:\/\/explora.cl\/rmsuroriente\/#organization"},"image":{"@id":"https:\/\/explora.cl\/rmsuroriente\/se-parte-de-campamento-explora-va\/#primaryimage"},"thumbnailUrl":"https:\/\/explora.cl\/rmsuroriente\/wp-content\/uploads\/sites\/12\/2025\/10\/banner_campamento-scaled.png","keywords":["Campamento","Campamento Explora Va!","Explora Va!","Investigaci\u00f3n e Innovaci\u00f3n"],"articleSection":["Banner","Concursos","Iniciativas","Noticias","Para Comunidad Escolar","Para P\u00fablico General"],"inLanguage":"es-CL","potentialAction":[{"@type":"CommentAction","name":"Comment","target":["https:\/\/explora.cl\/rmsuroriente\/se-parte-de-campamento-explora-va\/#respond"]}]},{"@type":"WebPage","@id":"https:\/\/explora.cl\/rmsuroriente\/se-parte-de-campamento-explora-va\/","url":"https:\/\/explora.cl\/rmsuroriente\/se-parte-de-campamento-explora-va\/","name":"S\u00e9 parte de Campamento Explora Va! - RM Sur Oriente","isPartOf":{"@id":"https:\/\/explora.cl\/rmsuroriente\/#website"},"primaryImageOfPage":{"@id":"https:\/\/explora.cl\/rmsuroriente\/se-parte-de-campamento-explora-va\/#primaryimage"},"image":{"@id":"https:\/\/explora.cl\/rmsuroriente\/se-parte-de-campamento-explora-va\/#primaryimage"},"thumbnailUrl":"https:\/\/explora.cl\/rmsuroriente\/wp-content\/uploads\/sites\/12\/2025\/10\/banner_campamento-scaled.png","datePublished":"2025-10-06T20:22:54+00:00","breadcrumb":{"@id":"https:\/\/explora.cl\/rmsuroriente\/se-parte-de-campamento-explora-va\/#breadcrumb"},"inLanguage":"es-CL","potentialAction":[{"@type":"ReadAction","target":["https:\/\/explora.cl\/rmsuroriente\/se-parte-de-campamento-explora-va\/"]}]},{"@type":"ImageObject","inLanguage":"es-CL","@id":"https:\/\/explora.cl\/rmsuroriente\/se-parte-de-campamento-explora-va\/#primaryimage","url":"https:\/\/explora.cl\/rmsuroriente\/wp-content\/uploads\/sites\/12\/2025\/10\/banner_campamento-scaled.png","contentUrl":"https:\/\/explora.cl\/rmsuroriente\/wp-content\/uploads\/sites\/12\/2025\/10\/banner_campamento-scaled.png","width":2560,"height":1440},{"@type":"BreadcrumbList","@id":"https:\/\/explora.cl\/rmsuroriente\/se-parte-de-campamento-explora-va\/#breadcrumb","itemListElement":[{"@type":"ListItem","position":1,"name":"Portada","item":"https:\/\/explora.cl\/rmsuroriente\/"},{"@type":"ListItem","position":2,"name":"S\u00e9 parte de Campamento Explora Va!"}]},{"@type":"WebSite","@id":"https:\/\/explora.cl\/rmsuroriente\/#website","url":"https:\/\/explora.cl\/rmsuroriente\/","name":"RM Sur Oriente","description":"Otro sitio m\u00e1s de explora.cl","publisher":{"@id":"https:\/\/explora.cl\/rmsuroriente\/#organization"},"potentialAction":[{"@type":"SearchAction","target":{"@type":"EntryPoint","urlTemplate":"https:\/\/explora.cl\/rmsuroriente\/?s={search_term_string}"},"query-input":{"@type":"PropertyValueSpecification","valueRequired":true,"valueName":"search_term_string"}}],"inLanguage":"es-CL"},{"@type":"Organization","@id":"https:\/\/explora.cl\/rmsuroriente\/#organization","name":"RM Sur Oriente","url":"https:\/\/explora.cl\/rmsuroriente\/","logo":{"@type":"ImageObject","inLanguage":"es-CL","@id":"https:\/\/explora.cl\/rmsuroriente\/#\/schema\/logo\/image\/","url":"https:\/\/explora.cl\/rmsuroriente\/wp-content\/uploads\/sites\/12\/2025\/04\/cropped-LogoPAR_RMSO-Azul-UC.png","contentUrl":"https:\/\/explora.cl\/rmsuroriente\/wp-content\/uploads\/sites\/12\/2025\/04\/cropped-LogoPAR_RMSO-Azul-UC.png","width":411,"height":409,"caption":"RM Sur Oriente"},"image":{"@id":"https:\/\/explora.cl\/rmsuroriente\/#\/schema\/logo\/image\/"}},{"@type":"Person","@id":"https:\/\/explora.cl\/rmsuroriente\/#\/schema\/person\/164f0bfb03507b3d5dd75257d8e71697","name":"RMSO PUC","image":{"@type":"ImageObject","inLanguage":"es-CL","@id":"https:\/\/explora.cl\/rmsuroriente\/#\/schema\/person\/image\/","url":"https:\/\/secure.gravatar.com\/avatar\/16f7131f033ed433ea432d3fc2b04af9756004afdb5a6b61c705d795f6425ea0?s=96&d=mm&r=g","contentUrl":"https:\/\/secure.gravatar.com\/avatar\/16f7131f033ed433ea432d3fc2b04af9756004afdb5a6b61c705d795f6425ea0?s=96&d=mm&r=g","caption":"RMSO PUC"},"sameAs":["https:\/\/www.instagram.com\/parexplorarmsuroriente\/"],"url":"https:\/\/explora.cl\/rmsuroriente\/author\/myanez\/"}]}},"_links":{"self":[{"href":"https:\/\/explora.cl\/rmsuroriente\/wp-json\/wp\/v2\/posts\/43540","targetHints":{"allow":["GET"]}}],"collection":[{"href":"https:\/\/explora.cl\/rmsuroriente\/wp-json\/wp\/v2\/posts"}],"about":[{"href":"https:\/\/explora.cl\/rmsuroriente\/wp-json\/wp\/v2\/types\/post"}],"author":[{"embeddable":true,"href":"https:\/\/explora.cl\/rmsuroriente\/wp-json\/wp\/v2\/users\/27"}],"replies":[{"embeddable":true,"href":"https:\/\/explora.cl\/rmsuroriente\/wp-json\/wp\/v2\/comments?post=43540"}],"version-history":[{"count":7,"href":"https:\/\/explora.cl\/rmsuroriente\/wp-json\/wp\/v2\/posts\/43540\/revisions"}],"predecessor-version":[{"id":43547,"href":"https:\/\/explora.cl\/rmsuroriente\/wp-json\/wp\/v2\/posts\/43540\/revisions\/43547"}],"wp:featuredmedia":[{"embeddable":true,"href":"https:\/\/explora.cl\/rmsuroriente\/wp-json\/wp\/v2\/media\/43548"}],"wp:attachment":[{"href":"https:\/\/explora.cl\/rmsuroriente\/wp-json\/wp\/v2\/media?parent=43540"}],"wp:term":[{"taxonomy":"category","embeddable":true,"href":"https:\/\/explora.cl\/rmsuroriente\/wp-json\/wp\/v2\/categories?post=43540"},{"taxonomy":"post_tag","embeddable":true,"href":"https:\/\/explora.cl\/rmsuroriente\/wp-json\/wp\/v2\/tags?post=43540"}],"curies":[{"name":"wp","href":"https:\/\/api.w.org\/{rel}","templated":true}]}}