{"id":43527,"date":"2025-08-01T17:24:58","date_gmt":"2025-08-01T21:24:58","guid":{"rendered":"https:\/\/explora.cl\/rmsuroriente\/?p=43527"},"modified":"2025-09-11T17:27:57","modified_gmt":"2025-09-11T20:27:57","slug":"pipe-abordo-la-atencion-a-la-diversidad-en-la-primera-infancia","status":"publish","type":"post","link":"https:\/\/explora.cl\/rmsuroriente\/pipe-abordo-la-atencion-a-la-diversidad-en-la-primera-infancia\/","title":{"rendered":"PIPE abord\u00f3 la atenci\u00f3n a la diversidad en la primera infancia"},"content":{"rendered":"<p>El PAR Explora RM Sur Oriente de la UC realiz\u00f3 el sexto encuentro presencial del Programa de Indagaci\u00f3n para Primeras Edades (PIPE) centrado en la tem\u00e1tica de Necesidades Educativas Especiales y Diversidad. La sesi\u00f3n convoc\u00f3 a 47 agentes educativas con el objetivo de construir conocimientos y desarrollar herramientas para dise\u00f1ar experiencias e interacciones pedag\u00f3gicas que respondan a la diversidad de ni\u00f1as y ni\u00f1os de primera infancia.<\/p>\n<p>La jornada cont\u00f3 con la relator\u00eda de Carolina Ross, acad\u00e9mica de Pedagog\u00eda en Educaci\u00f3n Especial UC, y el apoyo de Mar\u00eda Paz G\u00f3mez, coordinadora acad\u00e9mica de pr\u00e1cticas de la misma carrera. Ambas especialistas guiaron la sesi\u00f3n mediante exposiciones te\u00f3ricas, din\u00e1micas de aprendizaje colectivo y ejercicios pr\u00e1cticos orientados a reconocer barreras de aprendizaje, comprender la neurodivergencia y aplicar adecuaciones pedag\u00f3gicas pertinentes, con \u00e9nfasis en ni\u00f1as y ni\u00f1os del espectro autista.<\/p>\n<p><img fetchpriority=\"high\" decoding=\"async\" class=\" wp-image-43531 alignleft\" src=\"https:\/\/explora.cl\/rmsuroriente\/wp-content\/uploads\/sites\/12\/2025\/09\/DSC09835-1620x1080.jpg\" alt=\"\" width=\"387\" height=\"258\" srcset=\"https:\/\/explora.cl\/rmsuroriente\/wp-content\/uploads\/sites\/12\/2025\/09\/DSC09835-1620x1080.jpg 1620w, https:\/\/explora.cl\/rmsuroriente\/wp-content\/uploads\/sites\/12\/2025\/09\/DSC09835-705x470.jpg 705w, https:\/\/explora.cl\/rmsuroriente\/wp-content\/uploads\/sites\/12\/2025\/09\/DSC09835-768x512.jpg 768w, https:\/\/explora.cl\/rmsuroriente\/wp-content\/uploads\/sites\/12\/2025\/09\/DSC09835-1536x1024.jpg 1536w, https:\/\/explora.cl\/rmsuroriente\/wp-content\/uploads\/sites\/12\/2025\/09\/DSC09835-2048x1365.jpg 2048w, https:\/\/explora.cl\/rmsuroriente\/wp-content\/uploads\/sites\/12\/2025\/09\/DSC09835-300x200.jpg 300w\" sizes=\"(max-width: 387px) 100vw, 387px\" \/>Durante el encuentro se abordaron conceptos claves de los trastornos del neurodesarrollo, estrategias de trabajo en el aula y propuestas vinculadas a la planificaci\u00f3n de PIPE. Las participantes tambi\u00e9n compartieron experiencias de sus propios contextos educativos, lo que permiti\u00f3 identificar dudas y necesidades surgidas en sesiones anteriores y avanzar en soluciones concretas para la inclusi\u00f3n y la atenci\u00f3n a la diversidad en la sala de clases.<\/p>\n<p>Carolina Ross subray\u00f3 la importancia de comprender y entender las necesidades educativas especiales: \u201cAlgo que nunca se nos puede olvidar es que el lenguaje o la narrativa generan realidades. Si veo a un ni\u00f1o con discapacidad, con TEA o con alguna condici\u00f3n solo desde lo que le cuesta, voy a verlo como algo negativo. Si confundo conceptos, habitualmente voy a generar m\u00e1s dudas que certezas. Por eso, partir por clarificar conceptos es la base para entender c\u00f3mo aprende un ni\u00f1o con TEA y qu\u00e9 puedo hacer yo como educadora dentro de la sala de clases\u201d.<\/p>\n<p><strong>PAR Explora RM Sur Oriente de la UC\u202f\u00a0\u00a0\u00a0<\/strong><\/p>\n<p><strong>El Proyecto Asociativo Regional (PAR) Explora RM Sur Oriente, financiado por el Ministerio de Ciencia, Tecnolog\u00eda, Conocimiento e Innovaci\u00f3n (MinCiencia), es ejecutado por la Universidad Cat\u00f3lica, a trav\u00e9s de la Vicerrector\u00eda de Investigaci\u00f3n y Postgrado, con la direcci\u00f3n acad\u00e9mica de la Facultad de Educaci\u00f3n.<\/strong><\/p>\n<p><strong>El PAR Explora RM Sur Oriente de la UC busca conectar a las comunidades escolares con el mundo de la CTCI a trav\u00e9s de trabajos colaborativos y voluntarios entre docentes, educadores, especialistas, investigadores y estudiantes, que privilegien el codise\u00f1o y el saber interdisciplinario. Esta conexi\u00f3n es una oportunidad para fortalecer competencias CTCI que contribuyan y aporten a los procesos pedag\u00f3gicos de los establecimientos educativos.<\/strong><\/p>\n","protected":false},"excerpt":{"rendered":"<p>El sexto encuentro del Programa de Indagaci\u00f3n para Primeras Edades (PIPE) reuni\u00f3 a 47 agentes educativas para trabajar en torno a necesidades educativas especiales y neurodivergencias, y entreg\u00f3 herramientas para adaptar y dise\u00f1ar experiencias de aprendizaje que respondan a la diversidad.<\/p>\n","protected":false},"author":27,"featured_media":43530,"comment_status":"open","ping_status":"open","sticky":false,"template":"","format":"standard","meta":{"_acf_changed":false,"_exactmetrics_skip_tracking":false,"_exactmetrics_sitenote_active":false,"_exactmetrics_sitenote_note":"","_exactmetrics_sitenote_category":0,"footnotes":"","_links_to":"","_links_to_target":""},"categories":[151,128,127,4,116,121,126],"tags":[261,306],"class_list":["post-43527","post","type-post","status-publish","format-standard","has-post-thumbnail","hentry","category-banner","category-eventos_publ_grl","category-iniciativas_publ_grl","category-noticias","category-para-comunidad-escolar","category-para-divulgadores","category-para-publico-general","tag-pipe","tag-programa-de-indagacion-para-primeras-edades"],"acf":[],"yoast_head":"<!-- This site is optimized with the Yoast SEO plugin v26.9 - https:\/\/yoast.com\/product\/yoast-seo-wordpress\/ -->\n<title>PIPE abord\u00f3 la atenci\u00f3n a la diversidad en la primera infancia - RM Sur Oriente<\/title>\n<meta name=\"robots\" content=\"index, follow, max-snippet:-1, max-image-preview:large, max-video-preview:-1\" \/>\n<link rel=\"canonical\" href=\"https:\/\/explora.cl\/rmsuroriente\/pipe-abordo-la-atencion-a-la-diversidad-en-la-primera-infancia\/\" class=\"yoast-seo-meta-tag\" \/>\n<meta property=\"og:locale\" content=\"es_ES\" class=\"yoast-seo-meta-tag\" \/>\n<meta property=\"og:type\" content=\"article\" class=\"yoast-seo-meta-tag\" \/>\n<meta property=\"og:title\" content=\"PIPE abord\u00f3 la atenci\u00f3n a la diversidad en la primera infancia - RM Sur Oriente\" class=\"yoast-seo-meta-tag\" \/>\n<meta property=\"og:description\" content=\"El sexto encuentro del Programa de Indagaci\u00f3n para Primeras Edades (PIPE) reuni\u00f3 a 47 agentes educativas para trabajar en torno a necesidades educativas especiales y neurodivergencias, y entreg\u00f3 herramientas para adaptar y dise\u00f1ar experiencias de aprendizaje que respondan a la diversidad.\" class=\"yoast-seo-meta-tag\" \/>\n<meta property=\"og:url\" content=\"https:\/\/explora.cl\/rmsuroriente\/pipe-abordo-la-atencion-a-la-diversidad-en-la-primera-infancia\/\" class=\"yoast-seo-meta-tag\" \/>\n<meta property=\"og:site_name\" content=\"RM Sur Oriente\" class=\"yoast-seo-meta-tag\" \/>\n<meta property=\"article:published_time\" content=\"2025-08-01T21:24:58+00:00\" class=\"yoast-seo-meta-tag\" \/>\n<meta property=\"article:modified_time\" content=\"2025-09-11T20:27:57+00:00\" class=\"yoast-seo-meta-tag\" \/>\n<meta property=\"og:image\" content=\"https:\/\/explora.cl\/rmsuroriente\/wp-content\/uploads\/sites\/12\/2025\/09\/DSC09871-scaled.jpg\" class=\"yoast-seo-meta-tag\" \/>\n\t<meta property=\"og:image:width\" content=\"2560\" class=\"yoast-seo-meta-tag\" \/>\n\t<meta property=\"og:image:height\" content=\"1707\" class=\"yoast-seo-meta-tag\" \/>\n\t<meta property=\"og:image:type\" content=\"image\/jpeg\" class=\"yoast-seo-meta-tag\" \/>\n<meta name=\"author\" content=\"RMSO PUC\" class=\"yoast-seo-meta-tag\" \/>\n<meta name=\"twitter:card\" content=\"summary_large_image\" class=\"yoast-seo-meta-tag\" \/>\n<meta name=\"twitter:label1\" content=\"Escrito por\" class=\"yoast-seo-meta-tag\" \/>\n\t<meta name=\"twitter:data1\" content=\"RMSO PUC\" class=\"yoast-seo-meta-tag\" \/>\n\t<meta name=\"twitter:label2\" content=\"Tiempo estimado de lectura\" class=\"yoast-seo-meta-tag\" \/>\n\t<meta name=\"twitter:data2\" content=\"3 minutos\" class=\"yoast-seo-meta-tag\" \/>\n<script type=\"application\/ld+json\" class=\"yoast-schema-graph\">{\"@context\":\"https:\/\/schema.org\",\"@graph\":[{\"@type\":\"Article\",\"@id\":\"https:\/\/explora.cl\/rmsuroriente\/pipe-abordo-la-atencion-a-la-diversidad-en-la-primera-infancia\/#article\",\"isPartOf\":{\"@id\":\"https:\/\/explora.cl\/rmsuroriente\/pipe-abordo-la-atencion-a-la-diversidad-en-la-primera-infancia\/\"},\"author\":{\"name\":\"RMSO PUC\",\"@id\":\"https:\/\/explora.cl\/rmsuroriente\/#\/schema\/person\/164f0bfb03507b3d5dd75257d8e71697\"},\"headline\":\"PIPE abord\u00f3 la atenci\u00f3n a la diversidad en la primera infancia\",\"datePublished\":\"2025-08-01T21:24:58+00:00\",\"dateModified\":\"2025-09-11T20:27:57+00:00\",\"mainEntityOfPage\":{\"@id\":\"https:\/\/explora.cl\/rmsuroriente\/pipe-abordo-la-atencion-a-la-diversidad-en-la-primera-infancia\/\"},\"wordCount\":467,\"commentCount\":0,\"publisher\":{\"@id\":\"https:\/\/explora.cl\/rmsuroriente\/#organization\"},\"image\":{\"@id\":\"https:\/\/explora.cl\/rmsuroriente\/pipe-abordo-la-atencion-a-la-diversidad-en-la-primera-infancia\/#primaryimage\"},\"thumbnailUrl\":\"https:\/\/explora.cl\/rmsuroriente\/wp-content\/uploads\/sites\/12\/2025\/09\/DSC09871-scaled.jpg\",\"keywords\":[\"PIPE\",\"Programa de indagaci\u00f3n para Primeras Edades\"],\"articleSection\":[\"Banner\",\"Eventos\",\"Iniciativas\",\"Noticias\",\"Para Comunidad Escolar\",\"Para Divulgadores\",\"Para P\u00fablico General\"],\"inLanguage\":\"es-CL\",\"potentialAction\":[{\"@type\":\"CommentAction\",\"name\":\"Comment\",\"target\":[\"https:\/\/explora.cl\/rmsuroriente\/pipe-abordo-la-atencion-a-la-diversidad-en-la-primera-infancia\/#respond\"]}]},{\"@type\":\"WebPage\",\"@id\":\"https:\/\/explora.cl\/rmsuroriente\/pipe-abordo-la-atencion-a-la-diversidad-en-la-primera-infancia\/\",\"url\":\"https:\/\/explora.cl\/rmsuroriente\/pipe-abordo-la-atencion-a-la-diversidad-en-la-primera-infancia\/\",\"name\":\"PIPE abord\u00f3 la atenci\u00f3n a la diversidad en la primera infancia - RM Sur Oriente\",\"isPartOf\":{\"@id\":\"https:\/\/explora.cl\/rmsuroriente\/#website\"},\"primaryImageOfPage\":{\"@id\":\"https:\/\/explora.cl\/rmsuroriente\/pipe-abordo-la-atencion-a-la-diversidad-en-la-primera-infancia\/#primaryimage\"},\"image\":{\"@id\":\"https:\/\/explora.cl\/rmsuroriente\/pipe-abordo-la-atencion-a-la-diversidad-en-la-primera-infancia\/#primaryimage\"},\"thumbnailUrl\":\"https:\/\/explora.cl\/rmsuroriente\/wp-content\/uploads\/sites\/12\/2025\/09\/DSC09871-scaled.jpg\",\"datePublished\":\"2025-08-01T21:24:58+00:00\",\"dateModified\":\"2025-09-11T20:27:57+00:00\",\"breadcrumb\":{\"@id\":\"https:\/\/explora.cl\/rmsuroriente\/pipe-abordo-la-atencion-a-la-diversidad-en-la-primera-infancia\/#breadcrumb\"},\"inLanguage\":\"es-CL\",\"potentialAction\":[{\"@type\":\"ReadAction\",\"target\":[\"https:\/\/explora.cl\/rmsuroriente\/pipe-abordo-la-atencion-a-la-diversidad-en-la-primera-infancia\/\"]}]},{\"@type\":\"ImageObject\",\"inLanguage\":\"es-CL\",\"@id\":\"https:\/\/explora.cl\/rmsuroriente\/pipe-abordo-la-atencion-a-la-diversidad-en-la-primera-infancia\/#primaryimage\",\"url\":\"https:\/\/explora.cl\/rmsuroriente\/wp-content\/uploads\/sites\/12\/2025\/09\/DSC09871-scaled.jpg\",\"contentUrl\":\"https:\/\/explora.cl\/rmsuroriente\/wp-content\/uploads\/sites\/12\/2025\/09\/DSC09871-scaled.jpg\",\"width\":2560,\"height\":1707},{\"@type\":\"BreadcrumbList\",\"@id\":\"https:\/\/explora.cl\/rmsuroriente\/pipe-abordo-la-atencion-a-la-diversidad-en-la-primera-infancia\/#breadcrumb\",\"itemListElement\":[{\"@type\":\"ListItem\",\"position\":1,\"name\":\"Portada\",\"item\":\"https:\/\/explora.cl\/rmsuroriente\/\"},{\"@type\":\"ListItem\",\"position\":2,\"name\":\"PIPE abord\u00f3 la atenci\u00f3n a la diversidad en la primera infancia\"}]},{\"@type\":\"WebSite\",\"@id\":\"https:\/\/explora.cl\/rmsuroriente\/#website\",\"url\":\"https:\/\/explora.cl\/rmsuroriente\/\",\"name\":\"RM Sur Oriente\",\"description\":\"Otro sitio m\u00e1s de explora.cl\",\"publisher\":{\"@id\":\"https:\/\/explora.cl\/rmsuroriente\/#organization\"},\"potentialAction\":[{\"@type\":\"SearchAction\",\"target\":{\"@type\":\"EntryPoint\",\"urlTemplate\":\"https:\/\/explora.cl\/rmsuroriente\/?s={search_term_string}\"},\"query-input\":{\"@type\":\"PropertyValueSpecification\",\"valueRequired\":true,\"valueName\":\"search_term_string\"}}],\"inLanguage\":\"es-CL\"},{\"@type\":\"Organization\",\"@id\":\"https:\/\/explora.cl\/rmsuroriente\/#organization\",\"name\":\"RM Sur Oriente\",\"url\":\"https:\/\/explora.cl\/rmsuroriente\/\",\"logo\":{\"@type\":\"ImageObject\",\"inLanguage\":\"es-CL\",\"@id\":\"https:\/\/explora.cl\/rmsuroriente\/#\/schema\/logo\/image\/\",\"url\":\"https:\/\/explora.cl\/rmsuroriente\/wp-content\/uploads\/sites\/12\/2025\/04\/cropped-LogoPAR_RMSO-Azul-UC.png\",\"contentUrl\":\"https:\/\/explora.cl\/rmsuroriente\/wp-content\/uploads\/sites\/12\/2025\/04\/cropped-LogoPAR_RMSO-Azul-UC.png\",\"width\":411,\"height\":409,\"caption\":\"RM Sur Oriente\"},\"image\":{\"@id\":\"https:\/\/explora.cl\/rmsuroriente\/#\/schema\/logo\/image\/\"}},{\"@type\":\"Person\",\"@id\":\"https:\/\/explora.cl\/rmsuroriente\/#\/schema\/person\/164f0bfb03507b3d5dd75257d8e71697\",\"name\":\"RMSO PUC\",\"image\":{\"@type\":\"ImageObject\",\"inLanguage\":\"es-CL\",\"@id\":\"https:\/\/explora.cl\/rmsuroriente\/#\/schema\/person\/image\/\",\"url\":\"https:\/\/secure.gravatar.com\/avatar\/16f7131f033ed433ea432d3fc2b04af9756004afdb5a6b61c705d795f6425ea0?s=96&d=mm&r=g\",\"contentUrl\":\"https:\/\/secure.gravatar.com\/avatar\/16f7131f033ed433ea432d3fc2b04af9756004afdb5a6b61c705d795f6425ea0?s=96&d=mm&r=g\",\"caption\":\"RMSO PUC\"},\"sameAs\":[\"https:\/\/www.instagram.com\/parexplorarmsuroriente\/\"],\"url\":\"https:\/\/explora.cl\/rmsuroriente\/author\/myanez\/\"}]}<\/script>\n<!-- \/ Yoast SEO plugin. -->","yoast_head_json":{"title":"PIPE abord\u00f3 la atenci\u00f3n a la diversidad en la primera infancia - RM Sur Oriente","robots":{"index":"index","follow":"follow","max-snippet":"max-snippet:-1","max-image-preview":"max-image-preview:large","max-video-preview":"max-video-preview:-1"},"canonical":"https:\/\/explora.cl\/rmsuroriente\/pipe-abordo-la-atencion-a-la-diversidad-en-la-primera-infancia\/","og_locale":"es_ES","og_type":"article","og_title":"PIPE abord\u00f3 la atenci\u00f3n a la diversidad en la primera infancia - RM Sur Oriente","og_description":"El sexto encuentro del Programa de Indagaci\u00f3n para Primeras Edades (PIPE) reuni\u00f3 a 47 agentes educativas para trabajar en torno a necesidades educativas especiales y neurodivergencias, y entreg\u00f3 herramientas para adaptar y dise\u00f1ar experiencias de aprendizaje que respondan a la diversidad.","og_url":"https:\/\/explora.cl\/rmsuroriente\/pipe-abordo-la-atencion-a-la-diversidad-en-la-primera-infancia\/","og_site_name":"RM Sur Oriente","article_published_time":"2025-08-01T21:24:58+00:00","article_modified_time":"2025-09-11T20:27:57+00:00","og_image":[{"width":2560,"height":1707,"url":"https:\/\/explora.cl\/rmsuroriente\/wp-content\/uploads\/sites\/12\/2025\/09\/DSC09871-scaled.jpg","type":"image\/jpeg"}],"author":"RMSO PUC","twitter_card":"summary_large_image","twitter_misc":{"Escrito por":"RMSO PUC","Tiempo estimado de lectura":"3 minutos"},"schema":{"@context":"https:\/\/schema.org","@graph":[{"@type":"Article","@id":"https:\/\/explora.cl\/rmsuroriente\/pipe-abordo-la-atencion-a-la-diversidad-en-la-primera-infancia\/#article","isPartOf":{"@id":"https:\/\/explora.cl\/rmsuroriente\/pipe-abordo-la-atencion-a-la-diversidad-en-la-primera-infancia\/"},"author":{"name":"RMSO PUC","@id":"https:\/\/explora.cl\/rmsuroriente\/#\/schema\/person\/164f0bfb03507b3d5dd75257d8e71697"},"headline":"PIPE abord\u00f3 la atenci\u00f3n a la diversidad en la primera infancia","datePublished":"2025-08-01T21:24:58+00:00","dateModified":"2025-09-11T20:27:57+00:00","mainEntityOfPage":{"@id":"https:\/\/explora.cl\/rmsuroriente\/pipe-abordo-la-atencion-a-la-diversidad-en-la-primera-infancia\/"},"wordCount":467,"commentCount":0,"publisher":{"@id":"https:\/\/explora.cl\/rmsuroriente\/#organization"},"image":{"@id":"https:\/\/explora.cl\/rmsuroriente\/pipe-abordo-la-atencion-a-la-diversidad-en-la-primera-infancia\/#primaryimage"},"thumbnailUrl":"https:\/\/explora.cl\/rmsuroriente\/wp-content\/uploads\/sites\/12\/2025\/09\/DSC09871-scaled.jpg","keywords":["PIPE","Programa de indagaci\u00f3n para Primeras Edades"],"articleSection":["Banner","Eventos","Iniciativas","Noticias","Para Comunidad Escolar","Para Divulgadores","Para P\u00fablico General"],"inLanguage":"es-CL","potentialAction":[{"@type":"CommentAction","name":"Comment","target":["https:\/\/explora.cl\/rmsuroriente\/pipe-abordo-la-atencion-a-la-diversidad-en-la-primera-infancia\/#respond"]}]},{"@type":"WebPage","@id":"https:\/\/explora.cl\/rmsuroriente\/pipe-abordo-la-atencion-a-la-diversidad-en-la-primera-infancia\/","url":"https:\/\/explora.cl\/rmsuroriente\/pipe-abordo-la-atencion-a-la-diversidad-en-la-primera-infancia\/","name":"PIPE abord\u00f3 la atenci\u00f3n a la diversidad en la primera infancia - RM Sur Oriente","isPartOf":{"@id":"https:\/\/explora.cl\/rmsuroriente\/#website"},"primaryImageOfPage":{"@id":"https:\/\/explora.cl\/rmsuroriente\/pipe-abordo-la-atencion-a-la-diversidad-en-la-primera-infancia\/#primaryimage"},"image":{"@id":"https:\/\/explora.cl\/rmsuroriente\/pipe-abordo-la-atencion-a-la-diversidad-en-la-primera-infancia\/#primaryimage"},"thumbnailUrl":"https:\/\/explora.cl\/rmsuroriente\/wp-content\/uploads\/sites\/12\/2025\/09\/DSC09871-scaled.jpg","datePublished":"2025-08-01T21:24:58+00:00","dateModified":"2025-09-11T20:27:57+00:00","breadcrumb":{"@id":"https:\/\/explora.cl\/rmsuroriente\/pipe-abordo-la-atencion-a-la-diversidad-en-la-primera-infancia\/#breadcrumb"},"inLanguage":"es-CL","potentialAction":[{"@type":"ReadAction","target":["https:\/\/explora.cl\/rmsuroriente\/pipe-abordo-la-atencion-a-la-diversidad-en-la-primera-infancia\/"]}]},{"@type":"ImageObject","inLanguage":"es-CL","@id":"https:\/\/explora.cl\/rmsuroriente\/pipe-abordo-la-atencion-a-la-diversidad-en-la-primera-infancia\/#primaryimage","url":"https:\/\/explora.cl\/rmsuroriente\/wp-content\/uploads\/sites\/12\/2025\/09\/DSC09871-scaled.jpg","contentUrl":"https:\/\/explora.cl\/rmsuroriente\/wp-content\/uploads\/sites\/12\/2025\/09\/DSC09871-scaled.jpg","width":2560,"height":1707},{"@type":"BreadcrumbList","@id":"https:\/\/explora.cl\/rmsuroriente\/pipe-abordo-la-atencion-a-la-diversidad-en-la-primera-infancia\/#breadcrumb","itemListElement":[{"@type":"ListItem","position":1,"name":"Portada","item":"https:\/\/explora.cl\/rmsuroriente\/"},{"@type":"ListItem","position":2,"name":"PIPE abord\u00f3 la atenci\u00f3n a la diversidad en la primera infancia"}]},{"@type":"WebSite","@id":"https:\/\/explora.cl\/rmsuroriente\/#website","url":"https:\/\/explora.cl\/rmsuroriente\/","name":"RM Sur Oriente","description":"Otro sitio m\u00e1s de explora.cl","publisher":{"@id":"https:\/\/explora.cl\/rmsuroriente\/#organization"},"potentialAction":[{"@type":"SearchAction","target":{"@type":"EntryPoint","urlTemplate":"https:\/\/explora.cl\/rmsuroriente\/?s={search_term_string}"},"query-input":{"@type":"PropertyValueSpecification","valueRequired":true,"valueName":"search_term_string"}}],"inLanguage":"es-CL"},{"@type":"Organization","@id":"https:\/\/explora.cl\/rmsuroriente\/#organization","name":"RM Sur Oriente","url":"https:\/\/explora.cl\/rmsuroriente\/","logo":{"@type":"ImageObject","inLanguage":"es-CL","@id":"https:\/\/explora.cl\/rmsuroriente\/#\/schema\/logo\/image\/","url":"https:\/\/explora.cl\/rmsuroriente\/wp-content\/uploads\/sites\/12\/2025\/04\/cropped-LogoPAR_RMSO-Azul-UC.png","contentUrl":"https:\/\/explora.cl\/rmsuroriente\/wp-content\/uploads\/sites\/12\/2025\/04\/cropped-LogoPAR_RMSO-Azul-UC.png","width":411,"height":409,"caption":"RM Sur Oriente"},"image":{"@id":"https:\/\/explora.cl\/rmsuroriente\/#\/schema\/logo\/image\/"}},{"@type":"Person","@id":"https:\/\/explora.cl\/rmsuroriente\/#\/schema\/person\/164f0bfb03507b3d5dd75257d8e71697","name":"RMSO PUC","image":{"@type":"ImageObject","inLanguage":"es-CL","@id":"https:\/\/explora.cl\/rmsuroriente\/#\/schema\/person\/image\/","url":"https:\/\/secure.gravatar.com\/avatar\/16f7131f033ed433ea432d3fc2b04af9756004afdb5a6b61c705d795f6425ea0?s=96&d=mm&r=g","contentUrl":"https:\/\/secure.gravatar.com\/avatar\/16f7131f033ed433ea432d3fc2b04af9756004afdb5a6b61c705d795f6425ea0?s=96&d=mm&r=g","caption":"RMSO PUC"},"sameAs":["https:\/\/www.instagram.com\/parexplorarmsuroriente\/"],"url":"https:\/\/explora.cl\/rmsuroriente\/author\/myanez\/"}]}},"_links":{"self":[{"href":"https:\/\/explora.cl\/rmsuroriente\/wp-json\/wp\/v2\/posts\/43527","targetHints":{"allow":["GET"]}}],"collection":[{"href":"https:\/\/explora.cl\/rmsuroriente\/wp-json\/wp\/v2\/posts"}],"about":[{"href":"https:\/\/explora.cl\/rmsuroriente\/wp-json\/wp\/v2\/types\/post"}],"author":[{"embeddable":true,"href":"https:\/\/explora.cl\/rmsuroriente\/wp-json\/wp\/v2\/users\/27"}],"replies":[{"embeddable":true,"href":"https:\/\/explora.cl\/rmsuroriente\/wp-json\/wp\/v2\/comments?post=43527"}],"version-history":[{"count":3,"href":"https:\/\/explora.cl\/rmsuroriente\/wp-json\/wp\/v2\/posts\/43527\/revisions"}],"predecessor-version":[{"id":43533,"href":"https:\/\/explora.cl\/rmsuroriente\/wp-json\/wp\/v2\/posts\/43527\/revisions\/43533"}],"wp:featuredmedia":[{"embeddable":true,"href":"https:\/\/explora.cl\/rmsuroriente\/wp-json\/wp\/v2\/media\/43530"}],"wp:attachment":[{"href":"https:\/\/explora.cl\/rmsuroriente\/wp-json\/wp\/v2\/media?parent=43527"}],"wp:term":[{"taxonomy":"category","embeddable":true,"href":"https:\/\/explora.cl\/rmsuroriente\/wp-json\/wp\/v2\/categories?post=43527"},{"taxonomy":"post_tag","embeddable":true,"href":"https:\/\/explora.cl\/rmsuroriente\/wp-json\/wp\/v2\/tags?post=43527"}],"curies":[{"name":"wp","href":"https:\/\/api.w.org\/{rel}","templated":true}]}}