{"id":43439,"date":"2025-07-25T11:38:54","date_gmt":"2025-07-25T15:38:54","guid":{"rendered":"https:\/\/explora.cl\/rmsuroriente\/?p=43439"},"modified":"2025-08-20T09:58:31","modified_gmt":"2025-08-20T13:58:31","slug":"estos-son-los-seleccionados-para-participar-del-congreso-regional-explora-de-investigacion-e-innovacion-escolar","status":"publish","type":"post","link":"https:\/\/explora.cl\/rmsuroriente\/estos-son-los-seleccionados-para-participar-del-congreso-regional-explora-de-investigacion-e-innovacion-escolar\/","title":{"rendered":"Estos son los seleccionados para participar del Congreso Regional Explora de Investigaci\u00f3n e Innovaci\u00f3n Escolar"},"content":{"rendered":"<p>Tras finalizar el proceso de convocatoria, ya est\u00e1n definidos los diez representantes del PAR Explora RM Sur Oriente de la UC al Congreso Regional Explora de Investigaci\u00f3n e Innovaci\u00f3n Escolar. El encuentro se realizar\u00e1 el martes 12 de agosto, a partir de las 09:00 horas, en el Museo Nacional de Historia Natural.<\/p>\n<p>El Congreso Regional Explora reunir\u00e1 a 30 equipos de la Regi\u00f3n Metropolitana que participan en Investigaci\u00f3n e Innovaci\u00f3n Escolar en los PAR Explora RM Norte, RM Sur Oriente y RM Sur Poniente. Cada equipo estar\u00e1 integrado por dos estudiantes y un docente, quienes tendr\u00e1n la oportunidad de participar de una jornada de aprendizaje, socializaci\u00f3n y conocimiento entre ni\u00f1as, ni\u00f1os y j\u00f3venes, adem\u00e1s de presentar sus proyectos de investigaci\u00f3n e innovaci\u00f3n, que est\u00e1n en fase creativa y de desarrollo metodol\u00f3gico, para recibir retroalimentaci\u00f3n de sus pares y de especialistas de distintos \u00e1mbitos.<\/p>\n<p>Los equipos seleccionados del PAR RM Sur Oriente son los siguientes:<\/p>\n<p><strong>Categor\u00eda Investigaci\u00f3n Educaci\u00f3n B\u00e1sica<\/strong><\/p>\n<p>Liceo Municipal Chilo\u00e9 (Puente Alto)<\/p>\n<p><u>Proyecto:<\/u> Evaluaci\u00f3n de la eficacia antibacteriana y desinfectante de las plantas medicinales tradicionales para la elaboraci\u00f3n de un botiqu\u00edn escolar natural.<\/p>\n<p>Liceo Alexander Fleming (Las Condes)<\/p>\n<p><span style=\"text-decoration: underline\">Proyecto:<\/span> Efecto de nanopart\u00edculas de hierro zero valente (n-ZVI) en la germinaci\u00f3n de plantas <em>Phaseolus vulgaris<\/em> (porotos) en un mes.<\/p>\n<p><strong>Categor\u00eda Investigaci\u00f3n Educaci\u00f3n Media<\/strong><\/p>\n<p>Liceo B 42 Tajamar (Providencia)<\/p>\n<p><u>Proyecto:<\/u> Dureza del agua en comunas de la RM y su posible influencia en la formaci\u00f3n de c\u00e1lculos renales.<\/p>\n<p>Colegio Arturo Prat (Puente Alto)<\/p>\n<p><u>Proyecto:<\/u> \u00bfAfecta la contaminaci\u00f3n del aire la producci\u00f3n de aceites esenciales?<\/p>\n<p><strong>Categor\u00eda Innovaci\u00f3n Educaci\u00f3n B\u00e1sica<\/strong><\/p>\n<p>Liceo N\u00b0 7 de Providencia Luis Saavedra (Providencia)<\/p>\n<p><u>Proyecto:<\/u> Aerosol sanitizante y aromatizante basado en plantas nativas (radal, peumo, quillay, menta y jengibre).<\/p>\n<p>Colegio Alicante del Sol (Puente Alto)<\/p>\n<p><u>Proyecto:<\/u> Laboratorio de Agroecolog\u00eda Alicante del Sol.<\/p>\n<p><strong>Categor\u00eda Innovaci\u00f3n Educaci\u00f3n Media<\/strong><\/p>\n<p>Liceo Carmela Carvajal de Prat (Providencia)<\/p>\n<p><u>Proyecto:<\/u> Copihue en Flor.<\/p>\n<p>Liceo B 42 Tajamar (Providencia)<\/p>\n<p><u>Proyecto:<\/u> Prototipo para medir la turbiedad como soluci\u00f3n al acceso inseguro al agua en zonas rurales de la RM.<\/p>\n<p><strong>Categor\u00eda Representante Identidad PAR: Educaci\u00f3n TP<\/strong><\/p>\n<p>Colegio Bicentenario Aprender (La Pintana)<\/p>\n<p><u>Proyecto:<\/u> Consecuencias de los basurales clandestinos alrededor del establecimiento.<\/p>\n<p>Liceo Ind. Municipalizado A N_116 (Puente Alto)<\/p>\n<p><u>Proyecto:<\/u> Lipa sustentable: sembrando futuro<\/p>\n<p>&nbsp;<\/p>\n<h5><strong>PAR Explora RM Sur Oriente de la UC\u202f\u00a0\u00a0\u00a0<\/strong><\/h5>\n<h5>El Proyecto Asociativo Regional (PAR) Explora RM Sur Oriente, financiado por el Ministerio de Ciencia, Tecnolog\u00eda, Conocimiento e Innovaci\u00f3n (MinCiencia), es ejecutado por la Universidad Cat\u00f3lica, a trav\u00e9s de la Vicerrector\u00eda de Investigaci\u00f3n y Postgrado, con la direcci\u00f3n acad\u00e9mica de la Facultad de Educaci\u00f3n.<\/h5>\n<h5>El PAR Explora RM Sur Oriente de la UC busca conectar a las comunidades escolares con el mundo de la CTCI a trav\u00e9s de trabajos colaborativos y voluntarios entre docentes, educadores, especialistas, investigadores y estudiantes, que privilegien el codise\u00f1o y el saber interdisciplinario. Esta conexi\u00f3n es una oportunidad para fortalecer competencias CTCI que contribuyan y aporten a los procesos pedag\u00f3gicos de los establecimientos educativos.<\/h5>\n","protected":false},"excerpt":{"rendered":"<p>Los diez equipos que representar\u00e1n al PAR Explora RM Sur Oriente de la UC ser\u00e1n parte de un encuentro que los reunir\u00e1 junto a representantes de los PAR Explora RM Norte y RM Sur Poniente, el pr\u00f3ximo martes 12 de agosto, en el Museo Nacional de Historia Natural.<\/p>\n","protected":false},"author":27,"featured_media":43440,"comment_status":"open","ping_status":"open","sticky":false,"template":"","format":"standard","meta":{"_acf_changed":false,"_exactmetrics_skip_tracking":false,"_exactmetrics_sitenote_active":false,"_exactmetrics_sitenote_note":"","_exactmetrics_sitenote_category":0,"footnotes":"","_links_to":"","_links_to_target":""},"categories":[151,129,127,136,4,116,121,126],"tags":[286,285],"class_list":["post-43439","post","type-post","status-publish","format-standard","has-post-thumbnail","hentry","category-banner","category-concursos_para_pub_grl","category-iniciativas_publ_grl","category-lugar-1","category-noticias","category-para-comunidad-escolar","category-para-divulgadores","category-para-publico-general","tag-iie","tag-investigacion-e-innovacion-escolar"],"acf":[],"yoast_head":"<!-- This site is optimized with the Yoast SEO plugin v26.9 - https:\/\/yoast.com\/product\/yoast-seo-wordpress\/ -->\n<title>Estos son los seleccionados para participar del Congreso Regional Explora de Investigaci\u00f3n e Innovaci\u00f3n Escolar - RM Sur Oriente<\/title>\n<meta name=\"robots\" content=\"index, follow, max-snippet:-1, max-image-preview:large, max-video-preview:-1\" \/>\n<link rel=\"canonical\" href=\"https:\/\/explora.cl\/rmsuroriente\/estos-son-los-seleccionados-para-participar-del-congreso-regional-explora-de-investigacion-e-innovacion-escolar\/\" class=\"yoast-seo-meta-tag\" \/>\n<meta property=\"og:locale\" content=\"es_ES\" class=\"yoast-seo-meta-tag\" \/>\n<meta property=\"og:type\" content=\"article\" class=\"yoast-seo-meta-tag\" \/>\n<meta property=\"og:title\" content=\"Estos son los seleccionados para participar del Congreso Regional Explora de Investigaci\u00f3n e Innovaci\u00f3n Escolar - RM Sur Oriente\" class=\"yoast-seo-meta-tag\" \/>\n<meta property=\"og:description\" content=\"Los diez equipos que representar\u00e1n al PAR Explora RM Sur Oriente de la UC ser\u00e1n parte de un encuentro que los reunir\u00e1 junto a representantes de los PAR Explora RM Norte y RM Sur Poniente, el pr\u00f3ximo martes 12 de agosto, en el Museo Nacional de Historia Natural.\" class=\"yoast-seo-meta-tag\" \/>\n<meta property=\"og:url\" content=\"https:\/\/explora.cl\/rmsuroriente\/estos-son-los-seleccionados-para-participar-del-congreso-regional-explora-de-investigacion-e-innovacion-escolar\/\" class=\"yoast-seo-meta-tag\" \/>\n<meta property=\"og:site_name\" content=\"RM Sur Oriente\" class=\"yoast-seo-meta-tag\" \/>\n<meta property=\"article:published_time\" content=\"2025-07-25T15:38:54+00:00\" class=\"yoast-seo-meta-tag\" \/>\n<meta property=\"article:modified_time\" content=\"2025-08-20T13:58:31+00:00\" class=\"yoast-seo-meta-tag\" \/>\n<meta property=\"og:image\" content=\"https:\/\/explora.cl\/rmsuroriente\/wp-content\/uploads\/sites\/12\/2025\/08\/Resultados-convocatoria-congreso-regional_BANNER-WEB.png\" class=\"yoast-seo-meta-tag\" \/>\n\t<meta property=\"og:image:width\" content=\"2234\" class=\"yoast-seo-meta-tag\" \/>\n\t<meta property=\"og:image:height\" content=\"1488\" class=\"yoast-seo-meta-tag\" \/>\n\t<meta property=\"og:image:type\" content=\"image\/png\" class=\"yoast-seo-meta-tag\" \/>\n<meta name=\"author\" content=\"RMSO PUC\" class=\"yoast-seo-meta-tag\" \/>\n<meta name=\"twitter:card\" content=\"summary_large_image\" class=\"yoast-seo-meta-tag\" \/>\n<meta name=\"twitter:label1\" content=\"Escrito por\" class=\"yoast-seo-meta-tag\" \/>\n\t<meta name=\"twitter:data1\" content=\"RMSO PUC\" class=\"yoast-seo-meta-tag\" \/>\n\t<meta name=\"twitter:label2\" content=\"Tiempo estimado de lectura\" class=\"yoast-seo-meta-tag\" \/>\n\t<meta name=\"twitter:data2\" content=\"3 minutos\" class=\"yoast-seo-meta-tag\" \/>\n<script type=\"application\/ld+json\" class=\"yoast-schema-graph\">{\"@context\":\"https:\/\/schema.org\",\"@graph\":[{\"@type\":\"Article\",\"@id\":\"https:\/\/explora.cl\/rmsuroriente\/estos-son-los-seleccionados-para-participar-del-congreso-regional-explora-de-investigacion-e-innovacion-escolar\/#article\",\"isPartOf\":{\"@id\":\"https:\/\/explora.cl\/rmsuroriente\/estos-son-los-seleccionados-para-participar-del-congreso-regional-explora-de-investigacion-e-innovacion-escolar\/\"},\"author\":{\"name\":\"RMSO PUC\",\"@id\":\"https:\/\/explora.cl\/rmsuroriente\/#\/schema\/person\/164f0bfb03507b3d5dd75257d8e71697\"},\"headline\":\"Estos son los seleccionados para participar del Congreso Regional Explora de Investigaci\u00f3n e Innovaci\u00f3n Escolar\",\"datePublished\":\"2025-07-25T15:38:54+00:00\",\"dateModified\":\"2025-08-20T13:58:31+00:00\",\"mainEntityOfPage\":{\"@id\":\"https:\/\/explora.cl\/rmsuroriente\/estos-son-los-seleccionados-para-participar-del-congreso-regional-explora-de-investigacion-e-innovacion-escolar\/\"},\"wordCount\":548,\"commentCount\":0,\"publisher\":{\"@id\":\"https:\/\/explora.cl\/rmsuroriente\/#organization\"},\"image\":{\"@id\":\"https:\/\/explora.cl\/rmsuroriente\/estos-son-los-seleccionados-para-participar-del-congreso-regional-explora-de-investigacion-e-innovacion-escolar\/#primaryimage\"},\"thumbnailUrl\":\"https:\/\/explora.cl\/rmsuroriente\/wp-content\/uploads\/sites\/12\/2025\/08\/Resultados-convocatoria-congreso-regional_BANNER-WEB.png\",\"keywords\":[\"IIE\",\"Investigaci\u00f3n e Innovaci\u00f3n Escolar\"],\"articleSection\":[\"Banner\",\"Concursos\",\"Iniciativas\",\"Lugar 1\",\"Noticias\",\"Para Comunidad Escolar\",\"Para Divulgadores\",\"Para P\u00fablico General\"],\"inLanguage\":\"es-CL\",\"potentialAction\":[{\"@type\":\"CommentAction\",\"name\":\"Comment\",\"target\":[\"https:\/\/explora.cl\/rmsuroriente\/estos-son-los-seleccionados-para-participar-del-congreso-regional-explora-de-investigacion-e-innovacion-escolar\/#respond\"]}]},{\"@type\":\"WebPage\",\"@id\":\"https:\/\/explora.cl\/rmsuroriente\/estos-son-los-seleccionados-para-participar-del-congreso-regional-explora-de-investigacion-e-innovacion-escolar\/\",\"url\":\"https:\/\/explora.cl\/rmsuroriente\/estos-son-los-seleccionados-para-participar-del-congreso-regional-explora-de-investigacion-e-innovacion-escolar\/\",\"name\":\"Estos son los seleccionados para participar del Congreso Regional Explora de Investigaci\u00f3n e Innovaci\u00f3n Escolar - RM Sur Oriente\",\"isPartOf\":{\"@id\":\"https:\/\/explora.cl\/rmsuroriente\/#website\"},\"primaryImageOfPage\":{\"@id\":\"https:\/\/explora.cl\/rmsuroriente\/estos-son-los-seleccionados-para-participar-del-congreso-regional-explora-de-investigacion-e-innovacion-escolar\/#primaryimage\"},\"image\":{\"@id\":\"https:\/\/explora.cl\/rmsuroriente\/estos-son-los-seleccionados-para-participar-del-congreso-regional-explora-de-investigacion-e-innovacion-escolar\/#primaryimage\"},\"thumbnailUrl\":\"https:\/\/explora.cl\/rmsuroriente\/wp-content\/uploads\/sites\/12\/2025\/08\/Resultados-convocatoria-congreso-regional_BANNER-WEB.png\",\"datePublished\":\"2025-07-25T15:38:54+00:00\",\"dateModified\":\"2025-08-20T13:58:31+00:00\",\"breadcrumb\":{\"@id\":\"https:\/\/explora.cl\/rmsuroriente\/estos-son-los-seleccionados-para-participar-del-congreso-regional-explora-de-investigacion-e-innovacion-escolar\/#breadcrumb\"},\"inLanguage\":\"es-CL\",\"potentialAction\":[{\"@type\":\"ReadAction\",\"target\":[\"https:\/\/explora.cl\/rmsuroriente\/estos-son-los-seleccionados-para-participar-del-congreso-regional-explora-de-investigacion-e-innovacion-escolar\/\"]}]},{\"@type\":\"ImageObject\",\"inLanguage\":\"es-CL\",\"@id\":\"https:\/\/explora.cl\/rmsuroriente\/estos-son-los-seleccionados-para-participar-del-congreso-regional-explora-de-investigacion-e-innovacion-escolar\/#primaryimage\",\"url\":\"https:\/\/explora.cl\/rmsuroriente\/wp-content\/uploads\/sites\/12\/2025\/08\/Resultados-convocatoria-congreso-regional_BANNER-WEB.png\",\"contentUrl\":\"https:\/\/explora.cl\/rmsuroriente\/wp-content\/uploads\/sites\/12\/2025\/08\/Resultados-convocatoria-congreso-regional_BANNER-WEB.png\",\"width\":2234,\"height\":1488},{\"@type\":\"BreadcrumbList\",\"@id\":\"https:\/\/explora.cl\/rmsuroriente\/estos-son-los-seleccionados-para-participar-del-congreso-regional-explora-de-investigacion-e-innovacion-escolar\/#breadcrumb\",\"itemListElement\":[{\"@type\":\"ListItem\",\"position\":1,\"name\":\"Portada\",\"item\":\"https:\/\/explora.cl\/rmsuroriente\/\"},{\"@type\":\"ListItem\",\"position\":2,\"name\":\"Estos son los seleccionados para participar del Congreso Regional Explora de Investigaci\u00f3n e Innovaci\u00f3n Escolar\"}]},{\"@type\":\"WebSite\",\"@id\":\"https:\/\/explora.cl\/rmsuroriente\/#website\",\"url\":\"https:\/\/explora.cl\/rmsuroriente\/\",\"name\":\"RM Sur Oriente\",\"description\":\"Otro sitio m\u00e1s de explora.cl\",\"publisher\":{\"@id\":\"https:\/\/explora.cl\/rmsuroriente\/#organization\"},\"potentialAction\":[{\"@type\":\"SearchAction\",\"target\":{\"@type\":\"EntryPoint\",\"urlTemplate\":\"https:\/\/explora.cl\/rmsuroriente\/?s={search_term_string}\"},\"query-input\":{\"@type\":\"PropertyValueSpecification\",\"valueRequired\":true,\"valueName\":\"search_term_string\"}}],\"inLanguage\":\"es-CL\"},{\"@type\":\"Organization\",\"@id\":\"https:\/\/explora.cl\/rmsuroriente\/#organization\",\"name\":\"RM Sur Oriente\",\"url\":\"https:\/\/explora.cl\/rmsuroriente\/\",\"logo\":{\"@type\":\"ImageObject\",\"inLanguage\":\"es-CL\",\"@id\":\"https:\/\/explora.cl\/rmsuroriente\/#\/schema\/logo\/image\/\",\"url\":\"https:\/\/explora.cl\/rmsuroriente\/wp-content\/uploads\/sites\/12\/2025\/04\/cropped-LogoPAR_RMSO-Azul-UC.png\",\"contentUrl\":\"https:\/\/explora.cl\/rmsuroriente\/wp-content\/uploads\/sites\/12\/2025\/04\/cropped-LogoPAR_RMSO-Azul-UC.png\",\"width\":411,\"height\":409,\"caption\":\"RM Sur Oriente\"},\"image\":{\"@id\":\"https:\/\/explora.cl\/rmsuroriente\/#\/schema\/logo\/image\/\"}},{\"@type\":\"Person\",\"@id\":\"https:\/\/explora.cl\/rmsuroriente\/#\/schema\/person\/164f0bfb03507b3d5dd75257d8e71697\",\"name\":\"RMSO PUC\",\"image\":{\"@type\":\"ImageObject\",\"inLanguage\":\"es-CL\",\"@id\":\"https:\/\/explora.cl\/rmsuroriente\/#\/schema\/person\/image\/\",\"url\":\"https:\/\/secure.gravatar.com\/avatar\/16f7131f033ed433ea432d3fc2b04af9756004afdb5a6b61c705d795f6425ea0?s=96&d=mm&r=g\",\"contentUrl\":\"https:\/\/secure.gravatar.com\/avatar\/16f7131f033ed433ea432d3fc2b04af9756004afdb5a6b61c705d795f6425ea0?s=96&d=mm&r=g\",\"caption\":\"RMSO PUC\"},\"sameAs\":[\"https:\/\/www.instagram.com\/parexplorarmsuroriente\/\"],\"url\":\"https:\/\/explora.cl\/rmsuroriente\/author\/myanez\/\"}]}<\/script>\n<!-- \/ Yoast SEO plugin. -->","yoast_head_json":{"title":"Estos son los seleccionados para participar del Congreso Regional Explora de Investigaci\u00f3n e Innovaci\u00f3n Escolar - RM Sur Oriente","robots":{"index":"index","follow":"follow","max-snippet":"max-snippet:-1","max-image-preview":"max-image-preview:large","max-video-preview":"max-video-preview:-1"},"canonical":"https:\/\/explora.cl\/rmsuroriente\/estos-son-los-seleccionados-para-participar-del-congreso-regional-explora-de-investigacion-e-innovacion-escolar\/","og_locale":"es_ES","og_type":"article","og_title":"Estos son los seleccionados para participar del Congreso Regional Explora de Investigaci\u00f3n e Innovaci\u00f3n Escolar - RM Sur Oriente","og_description":"Los diez equipos que representar\u00e1n al PAR Explora RM Sur Oriente de la UC ser\u00e1n parte de un encuentro que los reunir\u00e1 junto a representantes de los PAR Explora RM Norte y RM Sur Poniente, el pr\u00f3ximo martes 12 de agosto, en el Museo Nacional de Historia Natural.","og_url":"https:\/\/explora.cl\/rmsuroriente\/estos-son-los-seleccionados-para-participar-del-congreso-regional-explora-de-investigacion-e-innovacion-escolar\/","og_site_name":"RM Sur Oriente","article_published_time":"2025-07-25T15:38:54+00:00","article_modified_time":"2025-08-20T13:58:31+00:00","og_image":[{"width":2234,"height":1488,"url":"https:\/\/explora.cl\/rmsuroriente\/wp-content\/uploads\/sites\/12\/2025\/08\/Resultados-convocatoria-congreso-regional_BANNER-WEB.png","type":"image\/png"}],"author":"RMSO PUC","twitter_card":"summary_large_image","twitter_misc":{"Escrito por":"RMSO PUC","Tiempo estimado de lectura":"3 minutos"},"schema":{"@context":"https:\/\/schema.org","@graph":[{"@type":"Article","@id":"https:\/\/explora.cl\/rmsuroriente\/estos-son-los-seleccionados-para-participar-del-congreso-regional-explora-de-investigacion-e-innovacion-escolar\/#article","isPartOf":{"@id":"https:\/\/explora.cl\/rmsuroriente\/estos-son-los-seleccionados-para-participar-del-congreso-regional-explora-de-investigacion-e-innovacion-escolar\/"},"author":{"name":"RMSO PUC","@id":"https:\/\/explora.cl\/rmsuroriente\/#\/schema\/person\/164f0bfb03507b3d5dd75257d8e71697"},"headline":"Estos son los seleccionados para participar del Congreso Regional Explora de Investigaci\u00f3n e Innovaci\u00f3n Escolar","datePublished":"2025-07-25T15:38:54+00:00","dateModified":"2025-08-20T13:58:31+00:00","mainEntityOfPage":{"@id":"https:\/\/explora.cl\/rmsuroriente\/estos-son-los-seleccionados-para-participar-del-congreso-regional-explora-de-investigacion-e-innovacion-escolar\/"},"wordCount":548,"commentCount":0,"publisher":{"@id":"https:\/\/explora.cl\/rmsuroriente\/#organization"},"image":{"@id":"https:\/\/explora.cl\/rmsuroriente\/estos-son-los-seleccionados-para-participar-del-congreso-regional-explora-de-investigacion-e-innovacion-escolar\/#primaryimage"},"thumbnailUrl":"https:\/\/explora.cl\/rmsuroriente\/wp-content\/uploads\/sites\/12\/2025\/08\/Resultados-convocatoria-congreso-regional_BANNER-WEB.png","keywords":["IIE","Investigaci\u00f3n e Innovaci\u00f3n Escolar"],"articleSection":["Banner","Concursos","Iniciativas","Lugar 1","Noticias","Para Comunidad Escolar","Para Divulgadores","Para P\u00fablico General"],"inLanguage":"es-CL","potentialAction":[{"@type":"CommentAction","name":"Comment","target":["https:\/\/explora.cl\/rmsuroriente\/estos-son-los-seleccionados-para-participar-del-congreso-regional-explora-de-investigacion-e-innovacion-escolar\/#respond"]}]},{"@type":"WebPage","@id":"https:\/\/explora.cl\/rmsuroriente\/estos-son-los-seleccionados-para-participar-del-congreso-regional-explora-de-investigacion-e-innovacion-escolar\/","url":"https:\/\/explora.cl\/rmsuroriente\/estos-son-los-seleccionados-para-participar-del-congreso-regional-explora-de-investigacion-e-innovacion-escolar\/","name":"Estos son los seleccionados para participar del Congreso Regional Explora de Investigaci\u00f3n e Innovaci\u00f3n Escolar - RM Sur Oriente","isPartOf":{"@id":"https:\/\/explora.cl\/rmsuroriente\/#website"},"primaryImageOfPage":{"@id":"https:\/\/explora.cl\/rmsuroriente\/estos-son-los-seleccionados-para-participar-del-congreso-regional-explora-de-investigacion-e-innovacion-escolar\/#primaryimage"},"image":{"@id":"https:\/\/explora.cl\/rmsuroriente\/estos-son-los-seleccionados-para-participar-del-congreso-regional-explora-de-investigacion-e-innovacion-escolar\/#primaryimage"},"thumbnailUrl":"https:\/\/explora.cl\/rmsuroriente\/wp-content\/uploads\/sites\/12\/2025\/08\/Resultados-convocatoria-congreso-regional_BANNER-WEB.png","datePublished":"2025-07-25T15:38:54+00:00","dateModified":"2025-08-20T13:58:31+00:00","breadcrumb":{"@id":"https:\/\/explora.cl\/rmsuroriente\/estos-son-los-seleccionados-para-participar-del-congreso-regional-explora-de-investigacion-e-innovacion-escolar\/#breadcrumb"},"inLanguage":"es-CL","potentialAction":[{"@type":"ReadAction","target":["https:\/\/explora.cl\/rmsuroriente\/estos-son-los-seleccionados-para-participar-del-congreso-regional-explora-de-investigacion-e-innovacion-escolar\/"]}]},{"@type":"ImageObject","inLanguage":"es-CL","@id":"https:\/\/explora.cl\/rmsuroriente\/estos-son-los-seleccionados-para-participar-del-congreso-regional-explora-de-investigacion-e-innovacion-escolar\/#primaryimage","url":"https:\/\/explora.cl\/rmsuroriente\/wp-content\/uploads\/sites\/12\/2025\/08\/Resultados-convocatoria-congreso-regional_BANNER-WEB.png","contentUrl":"https:\/\/explora.cl\/rmsuroriente\/wp-content\/uploads\/sites\/12\/2025\/08\/Resultados-convocatoria-congreso-regional_BANNER-WEB.png","width":2234,"height":1488},{"@type":"BreadcrumbList","@id":"https:\/\/explora.cl\/rmsuroriente\/estos-son-los-seleccionados-para-participar-del-congreso-regional-explora-de-investigacion-e-innovacion-escolar\/#breadcrumb","itemListElement":[{"@type":"ListItem","position":1,"name":"Portada","item":"https:\/\/explora.cl\/rmsuroriente\/"},{"@type":"ListItem","position":2,"name":"Estos son los seleccionados para participar del Congreso Regional Explora de Investigaci\u00f3n e Innovaci\u00f3n Escolar"}]},{"@type":"WebSite","@id":"https:\/\/explora.cl\/rmsuroriente\/#website","url":"https:\/\/explora.cl\/rmsuroriente\/","name":"RM Sur Oriente","description":"Otro sitio m\u00e1s de explora.cl","publisher":{"@id":"https:\/\/explora.cl\/rmsuroriente\/#organization"},"potentialAction":[{"@type":"SearchAction","target":{"@type":"EntryPoint","urlTemplate":"https:\/\/explora.cl\/rmsuroriente\/?s={search_term_string}"},"query-input":{"@type":"PropertyValueSpecification","valueRequired":true,"valueName":"search_term_string"}}],"inLanguage":"es-CL"},{"@type":"Organization","@id":"https:\/\/explora.cl\/rmsuroriente\/#organization","name":"RM Sur Oriente","url":"https:\/\/explora.cl\/rmsuroriente\/","logo":{"@type":"ImageObject","inLanguage":"es-CL","@id":"https:\/\/explora.cl\/rmsuroriente\/#\/schema\/logo\/image\/","url":"https:\/\/explora.cl\/rmsuroriente\/wp-content\/uploads\/sites\/12\/2025\/04\/cropped-LogoPAR_RMSO-Azul-UC.png","contentUrl":"https:\/\/explora.cl\/rmsuroriente\/wp-content\/uploads\/sites\/12\/2025\/04\/cropped-LogoPAR_RMSO-Azul-UC.png","width":411,"height":409,"caption":"RM Sur Oriente"},"image":{"@id":"https:\/\/explora.cl\/rmsuroriente\/#\/schema\/logo\/image\/"}},{"@type":"Person","@id":"https:\/\/explora.cl\/rmsuroriente\/#\/schema\/person\/164f0bfb03507b3d5dd75257d8e71697","name":"RMSO PUC","image":{"@type":"ImageObject","inLanguage":"es-CL","@id":"https:\/\/explora.cl\/rmsuroriente\/#\/schema\/person\/image\/","url":"https:\/\/secure.gravatar.com\/avatar\/16f7131f033ed433ea432d3fc2b04af9756004afdb5a6b61c705d795f6425ea0?s=96&d=mm&r=g","contentUrl":"https:\/\/secure.gravatar.com\/avatar\/16f7131f033ed433ea432d3fc2b04af9756004afdb5a6b61c705d795f6425ea0?s=96&d=mm&r=g","caption":"RMSO PUC"},"sameAs":["https:\/\/www.instagram.com\/parexplorarmsuroriente\/"],"url":"https:\/\/explora.cl\/rmsuroriente\/author\/myanez\/"}]}},"_links":{"self":[{"href":"https:\/\/explora.cl\/rmsuroriente\/wp-json\/wp\/v2\/posts\/43439","targetHints":{"allow":["GET"]}}],"collection":[{"href":"https:\/\/explora.cl\/rmsuroriente\/wp-json\/wp\/v2\/posts"}],"about":[{"href":"https:\/\/explora.cl\/rmsuroriente\/wp-json\/wp\/v2\/types\/post"}],"author":[{"embeddable":true,"href":"https:\/\/explora.cl\/rmsuroriente\/wp-json\/wp\/v2\/users\/27"}],"replies":[{"embeddable":true,"href":"https:\/\/explora.cl\/rmsuroriente\/wp-json\/wp\/v2\/comments?post=43439"}],"version-history":[{"count":6,"href":"https:\/\/explora.cl\/rmsuroriente\/wp-json\/wp\/v2\/posts\/43439\/revisions"}],"predecessor-version":[{"id":43453,"href":"https:\/\/explora.cl\/rmsuroriente\/wp-json\/wp\/v2\/posts\/43439\/revisions\/43453"}],"wp:featuredmedia":[{"embeddable":true,"href":"https:\/\/explora.cl\/rmsuroriente\/wp-json\/wp\/v2\/media\/43440"}],"wp:attachment":[{"href":"https:\/\/explora.cl\/rmsuroriente\/wp-json\/wp\/v2\/media?parent=43439"}],"wp:term":[{"taxonomy":"category","embeddable":true,"href":"https:\/\/explora.cl\/rmsuroriente\/wp-json\/wp\/v2\/categories?post=43439"},{"taxonomy":"post_tag","embeddable":true,"href":"https:\/\/explora.cl\/rmsuroriente\/wp-json\/wp\/v2\/tags?post=43439"}],"curies":[{"name":"wp","href":"https:\/\/api.w.org\/{rel}","templated":true}]}}