{"id":40432,"date":"2021-12-17T13:47:31","date_gmt":"2021-12-17T16:47:31","guid":{"rendered":"https:\/\/explora.cl\/rmsuroriente\/?p=40432"},"modified":"2022-04-07T16:44:37","modified_gmt":"2022-04-07T20:44:37","slug":"compartiendo-la-investigacion-cientifica-asi-se-vivio-el-cierre-de-iie-2021","status":"publish","type":"post","link":"https:\/\/explora.cl\/rmsuroriente\/compartiendo-la-investigacion-cientifica-asi-se-vivio-el-cierre-de-iie-2021\/","title":{"rendered":"Compartiendo la investigaci\u00f3n cient\u00edfica: as\u00ed se vivi\u00f3 el cierre de IIE 2021"},"content":{"rendered":"<p><b>En una jornada especial de Investigaci\u00f3n e Innovaci\u00f3n Escolar se reunieron de manera virtual estudiantes, docentes, asesoras\/es cient\u00edficos y apoderadas\/os para celebrar el trabajo realizado por los 62 equipos de investigaci\u00f3n durante el 2021, donde hubo espacio para la socializaci\u00f3n de sus investigaciones.<\/b><\/p>\n<p><span style=\"font-weight: 400\">El pasado 9 de diciembre se dio por finalizado el trabajo realizado por 215 estudiantes y 33 docentes, quienes acompa\u00f1ados por un grupo de investigadores e investigadoras desarrollaron investigaciones y proyectos que les permitieron observar su entorno, hacerse preguntas y buscar soluciones o alternativas posibles para ellas.<\/span><\/p>\n<p><span style=\"font-weight: 400\">Los temas abordados por los equipos de investigaci\u00f3n fueron el cuidado del medio ambiente, las formas de revertir el cambio clim\u00e1tico y las consecuencias de la pandemia, entre otros, los que nos dan a entender el compromiso social y la empat\u00eda con la cual trabajan las y los estudiantes de 4\u00b0 b\u00e1sico a IV\u00b0 medio.<\/span><\/p>\n<p><span style=\"font-weight: 400\">En la ceremonia tuvieron la oportunidad de compartir el resultado de sus investigaciones y proyectos de innovaci\u00f3n, a trav\u00e9s de dos formatos: una revista de investigaci\u00f3n cient\u00edfica escolar que ha sido elaborada de manera conjunta con el PAR Explora RM Sur Oriente, la cual resume el trabajo realizado por estudiantes y docentes, y que pr\u00f3ximamente podr\u00e1 ser descargada del sitio web del PAR.<\/span><\/p>\n<p><span style=\"font-weight: 400\">As\u00ed tambi\u00e9n, el equipo PAR junto a los equipos investigadores realiz\u00f3 unas c\u00e1psulas audiovisuales que exponen sus investigaciones, principales resultados y aprendizajes obtenidos, las cuales han sido difundidas por el canal de YouTube del PAR.<\/span><\/p>\n<p><span style=\"font-weight: 400\">Con esta actividad finaliza el programa IIE 2021, el cual, a pesar del contexto y de la contingencia del pa\u00eds, ha logrado fortalecer la investigaci\u00f3n y la innovaci\u00f3n en el contexto escolar, pero por sobre todo, ha invitado a ni\u00f1as, ni\u00f1os y j\u00f3venes a hacerse preguntas y buscar respuestas en el conocimiento cient\u00edfico.<\/span><\/p>\n<div class=\"vc-video-container\" style=\"margin: 20px 0;\">\n<div class=\"vc-video-wrapper\" style=\"position: relative; padding-bottom: 56.25%; height: 0; overflow: hidden; max-width: 100%;\"><iframe src=\"https:\/\/www.youtube.com\/playlist?list=PLhatzRgNMznNL16ZNMfUBtDpnZO3ekEaV\" style=\"position: absolute; top: 0; left: 0; width: 100%; height: 100%;\" frameborder=\"0\" allowfullscreen><\/iframe><\/div>\n<\/div>\n<div class=\"vc-gallery\" id=\"vc-gallery-40432-69612dc2d4ce1\" data-columns=\"3\">\n<div class=\"vc-gallery-grid\" style=\"display: grid; grid-template-columns: repeat(3, 1fr); gap: 15px;\"><\/div>\n<\/div>\n<style>\n.vc-gallery { margin: 20px 0; }\n.vc-gallery-grid { display: grid; gap: 15px; }\n.vc-gallery-item { position: relative; overflow: hidden; }\n.vc-gallery-item img { width: 100%; height: auto; display: block; transition: transform 0.3s; }\n.vc-gallery-item:hover img { transform: scale(1.05); }\n.vc-gallery-link { display: block; }\n@media (max-width: 768px) {\n    .vc-gallery-grid { grid-template-columns: repeat(2, 1fr) !important; }\n}\n@media (max-width: 480px) {\n    .vc-gallery-grid { grid-template-columns: 1fr !important; }\n}\n<\/style>\n","protected":false},"excerpt":{"rendered":"<p>En una jornada especial de Investigaci\u00f3n e Innovaci\u00f3n Escolar se reunieron de manera virtual estudiantes, docentes, asesoras\/es cient\u00edficos y apoderadas\/os para celebrar el trabajo realizado por los 62 equipos de investigaci\u00f3n durante el 2021, donde hubo espacio para la socializaci\u00f3n de sus investigaciones.<\/p>\n","protected":false},"author":27,"featured_media":40434,"comment_status":"open","ping_status":"open","sticky":false,"template":"","format":"standard","meta":{"_acf_changed":false,"_exactmetrics_skip_tracking":false,"_exactmetrics_sitenote_active":false,"_exactmetrics_sitenote_note":"","_exactmetrics_sitenote_category":0,"footnotes":"","_links_to":"","_links_to_target":""},"categories":[127,136,4,116,1],"tags":[],"class_list":["post-40432","post","type-post","status-publish","format-standard","has-post-thumbnail","hentry","category-iniciativas_publ_grl","category-lugar-1","category-noticias","category-para-comunidad-escolar","category-sin-categoria"],"acf":[],"yoast_head":"<!-- This site is optimized with the Yoast SEO plugin v26.9 - https:\/\/yoast.com\/product\/yoast-seo-wordpress\/ -->\n<title>As\u00ed se vivi\u00f3 el cierre de IIE 2021 - RM Sur Oriente<\/title>\n<meta name=\"description\" content=\"Se reunieron estudiantes, docentes, asesoras\/es cient\u00edficos y apoderadas\/os para celebrar el trabajo realizado por los 62 equipos de investigaci\u00f3n.\" class=\"yoast-seo-meta-tag\" \/>\n<meta name=\"robots\" content=\"index, follow, max-snippet:-1, max-image-preview:large, max-video-preview:-1\" \/>\n<link rel=\"canonical\" href=\"https:\/\/explora.cl\/rmsuroriente\/compartiendo-la-investigacion-cientifica-asi-se-vivio-el-cierre-de-iie-2021\/\" class=\"yoast-seo-meta-tag\" \/>\n<meta property=\"og:locale\" content=\"es_ES\" class=\"yoast-seo-meta-tag\" \/>\n<meta property=\"og:type\" content=\"article\" class=\"yoast-seo-meta-tag\" \/>\n<meta property=\"og:title\" content=\"As\u00ed se vivi\u00f3 el cierre de IIE 2021 - RM Sur Oriente\" class=\"yoast-seo-meta-tag\" \/>\n<meta property=\"og:description\" content=\"Se reunieron estudiantes, docentes, asesoras\/es cient\u00edficos y apoderadas\/os para celebrar el trabajo realizado por los 62 equipos de investigaci\u00f3n.\" class=\"yoast-seo-meta-tag\" \/>\n<meta property=\"og:url\" content=\"https:\/\/explora.cl\/rmsuroriente\/compartiendo-la-investigacion-cientifica-asi-se-vivio-el-cierre-de-iie-2021\/\" class=\"yoast-seo-meta-tag\" \/>\n<meta property=\"og:site_name\" content=\"RM Sur Oriente\" class=\"yoast-seo-meta-tag\" \/>\n<meta property=\"article:published_time\" content=\"2021-12-17T16:47:31+00:00\" class=\"yoast-seo-meta-tag\" \/>\n<meta property=\"article:modified_time\" content=\"2022-04-07T20:44:37+00:00\" class=\"yoast-seo-meta-tag\" \/>\n<meta property=\"og:image\" content=\"https:\/\/explora.cl\/rmsuroriente\/wp-content\/uploads\/sites\/12\/2021\/12\/Cierre-Web-Cienti\u0301ficos-IIE-2021.png\" class=\"yoast-seo-meta-tag\" \/>\n\t<meta property=\"og:image:width\" content=\"725\" class=\"yoast-seo-meta-tag\" \/>\n\t<meta property=\"og:image:height\" content=\"405\" class=\"yoast-seo-meta-tag\" \/>\n\t<meta property=\"og:image:type\" content=\"image\/png\" class=\"yoast-seo-meta-tag\" \/>\n<meta name=\"author\" content=\"RMSO PUC\" class=\"yoast-seo-meta-tag\" \/>\n<meta name=\"twitter:card\" content=\"summary_large_image\" class=\"yoast-seo-meta-tag\" \/>\n<meta name=\"twitter:label1\" content=\"Escrito por\" class=\"yoast-seo-meta-tag\" \/>\n\t<meta name=\"twitter:data1\" content=\"RMSO PUC\" class=\"yoast-seo-meta-tag\" \/>\n\t<meta name=\"twitter:label2\" content=\"Tiempo estimado de lectura\" class=\"yoast-seo-meta-tag\" \/>\n\t<meta name=\"twitter:data2\" content=\"2 minutos\" class=\"yoast-seo-meta-tag\" \/>\n<script type=\"application\/ld+json\" class=\"yoast-schema-graph\">{\"@context\":\"https:\/\/schema.org\",\"@graph\":[{\"@type\":\"Article\",\"@id\":\"https:\/\/explora.cl\/rmsuroriente\/compartiendo-la-investigacion-cientifica-asi-se-vivio-el-cierre-de-iie-2021\/#article\",\"isPartOf\":{\"@id\":\"https:\/\/explora.cl\/rmsuroriente\/compartiendo-la-investigacion-cientifica-asi-se-vivio-el-cierre-de-iie-2021\/\"},\"author\":{\"name\":\"RMSO PUC\",\"@id\":\"https:\/\/explora.cl\/rmsuroriente\/#\/schema\/person\/164f0bfb03507b3d5dd75257d8e71697\"},\"headline\":\"Compartiendo la investigaci\u00f3n cient\u00edfica: as\u00ed se vivi\u00f3 el cierre de IIE 2021\",\"datePublished\":\"2021-12-17T16:47:31+00:00\",\"dateModified\":\"2022-04-07T20:44:37+00:00\",\"mainEntityOfPage\":{\"@id\":\"https:\/\/explora.cl\/rmsuroriente\/compartiendo-la-investigacion-cientifica-asi-se-vivio-el-cierre-de-iie-2021\/\"},\"wordCount\":328,\"commentCount\":0,\"publisher\":{\"@id\":\"https:\/\/explora.cl\/rmsuroriente\/#organization\"},\"image\":{\"@id\":\"https:\/\/explora.cl\/rmsuroriente\/compartiendo-la-investigacion-cientifica-asi-se-vivio-el-cierre-de-iie-2021\/#primaryimage\"},\"thumbnailUrl\":\"https:\/\/explora.cl\/rmsuroriente\/wp-content\/uploads\/sites\/12\/2021\/12\/Cierre-Web-Cienti\u0301ficos-IIE-2021.png\",\"articleSection\":[\"Iniciativas\",\"Lugar 1\",\"Noticias\",\"Para Comunidad Escolar\"],\"inLanguage\":\"es-CL\",\"potentialAction\":[{\"@type\":\"CommentAction\",\"name\":\"Comment\",\"target\":[\"https:\/\/explora.cl\/rmsuroriente\/compartiendo-la-investigacion-cientifica-asi-se-vivio-el-cierre-de-iie-2021\/#respond\"]}]},{\"@type\":\"WebPage\",\"@id\":\"https:\/\/explora.cl\/rmsuroriente\/compartiendo-la-investigacion-cientifica-asi-se-vivio-el-cierre-de-iie-2021\/\",\"url\":\"https:\/\/explora.cl\/rmsuroriente\/compartiendo-la-investigacion-cientifica-asi-se-vivio-el-cierre-de-iie-2021\/\",\"name\":\"As\u00ed se vivi\u00f3 el cierre de IIE 2021 - RM Sur Oriente\",\"isPartOf\":{\"@id\":\"https:\/\/explora.cl\/rmsuroriente\/#website\"},\"primaryImageOfPage\":{\"@id\":\"https:\/\/explora.cl\/rmsuroriente\/compartiendo-la-investigacion-cientifica-asi-se-vivio-el-cierre-de-iie-2021\/#primaryimage\"},\"image\":{\"@id\":\"https:\/\/explora.cl\/rmsuroriente\/compartiendo-la-investigacion-cientifica-asi-se-vivio-el-cierre-de-iie-2021\/#primaryimage\"},\"thumbnailUrl\":\"https:\/\/explora.cl\/rmsuroriente\/wp-content\/uploads\/sites\/12\/2021\/12\/Cierre-Web-Cienti\u0301ficos-IIE-2021.png\",\"datePublished\":\"2021-12-17T16:47:31+00:00\",\"dateModified\":\"2022-04-07T20:44:37+00:00\",\"description\":\"Se reunieron estudiantes, docentes, asesoras\/es cient\u00edficos y apoderadas\/os para celebrar el trabajo realizado por los 62 equipos de investigaci\u00f3n.\",\"breadcrumb\":{\"@id\":\"https:\/\/explora.cl\/rmsuroriente\/compartiendo-la-investigacion-cientifica-asi-se-vivio-el-cierre-de-iie-2021\/#breadcrumb\"},\"inLanguage\":\"es-CL\",\"potentialAction\":[{\"@type\":\"ReadAction\",\"target\":[\"https:\/\/explora.cl\/rmsuroriente\/compartiendo-la-investigacion-cientifica-asi-se-vivio-el-cierre-de-iie-2021\/\"]}]},{\"@type\":\"ImageObject\",\"inLanguage\":\"es-CL\",\"@id\":\"https:\/\/explora.cl\/rmsuroriente\/compartiendo-la-investigacion-cientifica-asi-se-vivio-el-cierre-de-iie-2021\/#primaryimage\",\"url\":\"https:\/\/explora.cl\/rmsuroriente\/wp-content\/uploads\/sites\/12\/2021\/12\/Cierre-Web-Cienti\u0301ficos-IIE-2021.png\",\"contentUrl\":\"https:\/\/explora.cl\/rmsuroriente\/wp-content\/uploads\/sites\/12\/2021\/12\/Cierre-Web-Cienti\u0301ficos-IIE-2021.png\",\"width\":725,\"height\":405,\"caption\":\"Investigaci\u00f3n e Innovaci\u00f3n escolar\"},{\"@type\":\"BreadcrumbList\",\"@id\":\"https:\/\/explora.cl\/rmsuroriente\/compartiendo-la-investigacion-cientifica-asi-se-vivio-el-cierre-de-iie-2021\/#breadcrumb\",\"itemListElement\":[{\"@type\":\"ListItem\",\"position\":1,\"name\":\"Portada\",\"item\":\"https:\/\/explora.cl\/rmsuroriente\/\"},{\"@type\":\"ListItem\",\"position\":2,\"name\":\"Compartiendo la investigaci\u00f3n cient\u00edfica: as\u00ed se vivi\u00f3 el cierre de IIE 2021\"}]},{\"@type\":\"WebSite\",\"@id\":\"https:\/\/explora.cl\/rmsuroriente\/#website\",\"url\":\"https:\/\/explora.cl\/rmsuroriente\/\",\"name\":\"RM Sur Oriente\",\"description\":\"Otro sitio m\u00e1s de explora.cl\",\"publisher\":{\"@id\":\"https:\/\/explora.cl\/rmsuroriente\/#organization\"},\"potentialAction\":[{\"@type\":\"SearchAction\",\"target\":{\"@type\":\"EntryPoint\",\"urlTemplate\":\"https:\/\/explora.cl\/rmsuroriente\/?s={search_term_string}\"},\"query-input\":{\"@type\":\"PropertyValueSpecification\",\"valueRequired\":true,\"valueName\":\"search_term_string\"}}],\"inLanguage\":\"es-CL\"},{\"@type\":\"Organization\",\"@id\":\"https:\/\/explora.cl\/rmsuroriente\/#organization\",\"name\":\"RM Sur Oriente\",\"url\":\"https:\/\/explora.cl\/rmsuroriente\/\",\"logo\":{\"@type\":\"ImageObject\",\"inLanguage\":\"es-CL\",\"@id\":\"https:\/\/explora.cl\/rmsuroriente\/#\/schema\/logo\/image\/\",\"url\":\"https:\/\/explora.cl\/rmsuroriente\/wp-content\/uploads\/sites\/12\/2025\/04\/cropped-LogoPAR_RMSO-Azul-UC.png\",\"contentUrl\":\"https:\/\/explora.cl\/rmsuroriente\/wp-content\/uploads\/sites\/12\/2025\/04\/cropped-LogoPAR_RMSO-Azul-UC.png\",\"width\":411,\"height\":409,\"caption\":\"RM Sur Oriente\"},\"image\":{\"@id\":\"https:\/\/explora.cl\/rmsuroriente\/#\/schema\/logo\/image\/\"}},{\"@type\":\"Person\",\"@id\":\"https:\/\/explora.cl\/rmsuroriente\/#\/schema\/person\/164f0bfb03507b3d5dd75257d8e71697\",\"name\":\"RMSO PUC\",\"image\":{\"@type\":\"ImageObject\",\"inLanguage\":\"es-CL\",\"@id\":\"https:\/\/explora.cl\/rmsuroriente\/#\/schema\/person\/image\/\",\"url\":\"https:\/\/secure.gravatar.com\/avatar\/16f7131f033ed433ea432d3fc2b04af9756004afdb5a6b61c705d795f6425ea0?s=96&d=mm&r=g\",\"contentUrl\":\"https:\/\/secure.gravatar.com\/avatar\/16f7131f033ed433ea432d3fc2b04af9756004afdb5a6b61c705d795f6425ea0?s=96&d=mm&r=g\",\"caption\":\"RMSO PUC\"},\"sameAs\":[\"https:\/\/www.instagram.com\/parexplorarmsuroriente\/\"],\"url\":\"https:\/\/explora.cl\/rmsuroriente\/author\/myanez\/\"}]}<\/script>\n<!-- \/ Yoast SEO plugin. -->","yoast_head_json":{"title":"As\u00ed se vivi\u00f3 el cierre de IIE 2021 - RM Sur Oriente","description":"Se reunieron estudiantes, docentes, asesoras\/es cient\u00edficos y apoderadas\/os para celebrar el trabajo realizado por los 62 equipos de investigaci\u00f3n.","robots":{"index":"index","follow":"follow","max-snippet":"max-snippet:-1","max-image-preview":"max-image-preview:large","max-video-preview":"max-video-preview:-1"},"canonical":"https:\/\/explora.cl\/rmsuroriente\/compartiendo-la-investigacion-cientifica-asi-se-vivio-el-cierre-de-iie-2021\/","og_locale":"es_ES","og_type":"article","og_title":"As\u00ed se vivi\u00f3 el cierre de IIE 2021 - RM Sur Oriente","og_description":"Se reunieron estudiantes, docentes, asesoras\/es cient\u00edficos y apoderadas\/os para celebrar el trabajo realizado por los 62 equipos de investigaci\u00f3n.","og_url":"https:\/\/explora.cl\/rmsuroriente\/compartiendo-la-investigacion-cientifica-asi-se-vivio-el-cierre-de-iie-2021\/","og_site_name":"RM Sur Oriente","article_published_time":"2021-12-17T16:47:31+00:00","article_modified_time":"2022-04-07T20:44:37+00:00","og_image":[{"width":725,"height":405,"url":"https:\/\/explora.cl\/rmsuroriente\/wp-content\/uploads\/sites\/12\/2021\/12\/Cierre-Web-Cienti\u0301ficos-IIE-2021.png","type":"image\/png"}],"author":"RMSO PUC","twitter_card":"summary_large_image","twitter_misc":{"Escrito por":"RMSO PUC","Tiempo estimado de lectura":"2 minutos"},"schema":{"@context":"https:\/\/schema.org","@graph":[{"@type":"Article","@id":"https:\/\/explora.cl\/rmsuroriente\/compartiendo-la-investigacion-cientifica-asi-se-vivio-el-cierre-de-iie-2021\/#article","isPartOf":{"@id":"https:\/\/explora.cl\/rmsuroriente\/compartiendo-la-investigacion-cientifica-asi-se-vivio-el-cierre-de-iie-2021\/"},"author":{"name":"RMSO PUC","@id":"https:\/\/explora.cl\/rmsuroriente\/#\/schema\/person\/164f0bfb03507b3d5dd75257d8e71697"},"headline":"Compartiendo la investigaci\u00f3n cient\u00edfica: as\u00ed se vivi\u00f3 el cierre de IIE 2021","datePublished":"2021-12-17T16:47:31+00:00","dateModified":"2022-04-07T20:44:37+00:00","mainEntityOfPage":{"@id":"https:\/\/explora.cl\/rmsuroriente\/compartiendo-la-investigacion-cientifica-asi-se-vivio-el-cierre-de-iie-2021\/"},"wordCount":328,"commentCount":0,"publisher":{"@id":"https:\/\/explora.cl\/rmsuroriente\/#organization"},"image":{"@id":"https:\/\/explora.cl\/rmsuroriente\/compartiendo-la-investigacion-cientifica-asi-se-vivio-el-cierre-de-iie-2021\/#primaryimage"},"thumbnailUrl":"https:\/\/explora.cl\/rmsuroriente\/wp-content\/uploads\/sites\/12\/2021\/12\/Cierre-Web-Cienti\u0301ficos-IIE-2021.png","articleSection":["Iniciativas","Lugar 1","Noticias","Para Comunidad Escolar"],"inLanguage":"es-CL","potentialAction":[{"@type":"CommentAction","name":"Comment","target":["https:\/\/explora.cl\/rmsuroriente\/compartiendo-la-investigacion-cientifica-asi-se-vivio-el-cierre-de-iie-2021\/#respond"]}]},{"@type":"WebPage","@id":"https:\/\/explora.cl\/rmsuroriente\/compartiendo-la-investigacion-cientifica-asi-se-vivio-el-cierre-de-iie-2021\/","url":"https:\/\/explora.cl\/rmsuroriente\/compartiendo-la-investigacion-cientifica-asi-se-vivio-el-cierre-de-iie-2021\/","name":"As\u00ed se vivi\u00f3 el cierre de IIE 2021 - RM Sur Oriente","isPartOf":{"@id":"https:\/\/explora.cl\/rmsuroriente\/#website"},"primaryImageOfPage":{"@id":"https:\/\/explora.cl\/rmsuroriente\/compartiendo-la-investigacion-cientifica-asi-se-vivio-el-cierre-de-iie-2021\/#primaryimage"},"image":{"@id":"https:\/\/explora.cl\/rmsuroriente\/compartiendo-la-investigacion-cientifica-asi-se-vivio-el-cierre-de-iie-2021\/#primaryimage"},"thumbnailUrl":"https:\/\/explora.cl\/rmsuroriente\/wp-content\/uploads\/sites\/12\/2021\/12\/Cierre-Web-Cienti\u0301ficos-IIE-2021.png","datePublished":"2021-12-17T16:47:31+00:00","dateModified":"2022-04-07T20:44:37+00:00","description":"Se reunieron estudiantes, docentes, asesoras\/es cient\u00edficos y apoderadas\/os para celebrar el trabajo realizado por los 62 equipos de investigaci\u00f3n.","breadcrumb":{"@id":"https:\/\/explora.cl\/rmsuroriente\/compartiendo-la-investigacion-cientifica-asi-se-vivio-el-cierre-de-iie-2021\/#breadcrumb"},"inLanguage":"es-CL","potentialAction":[{"@type":"ReadAction","target":["https:\/\/explora.cl\/rmsuroriente\/compartiendo-la-investigacion-cientifica-asi-se-vivio-el-cierre-de-iie-2021\/"]}]},{"@type":"ImageObject","inLanguage":"es-CL","@id":"https:\/\/explora.cl\/rmsuroriente\/compartiendo-la-investigacion-cientifica-asi-se-vivio-el-cierre-de-iie-2021\/#primaryimage","url":"https:\/\/explora.cl\/rmsuroriente\/wp-content\/uploads\/sites\/12\/2021\/12\/Cierre-Web-Cienti\u0301ficos-IIE-2021.png","contentUrl":"https:\/\/explora.cl\/rmsuroriente\/wp-content\/uploads\/sites\/12\/2021\/12\/Cierre-Web-Cienti\u0301ficos-IIE-2021.png","width":725,"height":405,"caption":"Investigaci\u00f3n e Innovaci\u00f3n escolar"},{"@type":"BreadcrumbList","@id":"https:\/\/explora.cl\/rmsuroriente\/compartiendo-la-investigacion-cientifica-asi-se-vivio-el-cierre-de-iie-2021\/#breadcrumb","itemListElement":[{"@type":"ListItem","position":1,"name":"Portada","item":"https:\/\/explora.cl\/rmsuroriente\/"},{"@type":"ListItem","position":2,"name":"Compartiendo la investigaci\u00f3n cient\u00edfica: as\u00ed se vivi\u00f3 el cierre de IIE 2021"}]},{"@type":"WebSite","@id":"https:\/\/explora.cl\/rmsuroriente\/#website","url":"https:\/\/explora.cl\/rmsuroriente\/","name":"RM Sur Oriente","description":"Otro sitio m\u00e1s de explora.cl","publisher":{"@id":"https:\/\/explora.cl\/rmsuroriente\/#organization"},"potentialAction":[{"@type":"SearchAction","target":{"@type":"EntryPoint","urlTemplate":"https:\/\/explora.cl\/rmsuroriente\/?s={search_term_string}"},"query-input":{"@type":"PropertyValueSpecification","valueRequired":true,"valueName":"search_term_string"}}],"inLanguage":"es-CL"},{"@type":"Organization","@id":"https:\/\/explora.cl\/rmsuroriente\/#organization","name":"RM Sur Oriente","url":"https:\/\/explora.cl\/rmsuroriente\/","logo":{"@type":"ImageObject","inLanguage":"es-CL","@id":"https:\/\/explora.cl\/rmsuroriente\/#\/schema\/logo\/image\/","url":"https:\/\/explora.cl\/rmsuroriente\/wp-content\/uploads\/sites\/12\/2025\/04\/cropped-LogoPAR_RMSO-Azul-UC.png","contentUrl":"https:\/\/explora.cl\/rmsuroriente\/wp-content\/uploads\/sites\/12\/2025\/04\/cropped-LogoPAR_RMSO-Azul-UC.png","width":411,"height":409,"caption":"RM Sur Oriente"},"image":{"@id":"https:\/\/explora.cl\/rmsuroriente\/#\/schema\/logo\/image\/"}},{"@type":"Person","@id":"https:\/\/explora.cl\/rmsuroriente\/#\/schema\/person\/164f0bfb03507b3d5dd75257d8e71697","name":"RMSO PUC","image":{"@type":"ImageObject","inLanguage":"es-CL","@id":"https:\/\/explora.cl\/rmsuroriente\/#\/schema\/person\/image\/","url":"https:\/\/secure.gravatar.com\/avatar\/16f7131f033ed433ea432d3fc2b04af9756004afdb5a6b61c705d795f6425ea0?s=96&d=mm&r=g","contentUrl":"https:\/\/secure.gravatar.com\/avatar\/16f7131f033ed433ea432d3fc2b04af9756004afdb5a6b61c705d795f6425ea0?s=96&d=mm&r=g","caption":"RMSO PUC"},"sameAs":["https:\/\/www.instagram.com\/parexplorarmsuroriente\/"],"url":"https:\/\/explora.cl\/rmsuroriente\/author\/myanez\/"}]}},"_links":{"self":[{"href":"https:\/\/explora.cl\/rmsuroriente\/wp-json\/wp\/v2\/posts\/40432","targetHints":{"allow":["GET"]}}],"collection":[{"href":"https:\/\/explora.cl\/rmsuroriente\/wp-json\/wp\/v2\/posts"}],"about":[{"href":"https:\/\/explora.cl\/rmsuroriente\/wp-json\/wp\/v2\/types\/post"}],"author":[{"embeddable":true,"href":"https:\/\/explora.cl\/rmsuroriente\/wp-json\/wp\/v2\/users\/27"}],"replies":[{"embeddable":true,"href":"https:\/\/explora.cl\/rmsuroriente\/wp-json\/wp\/v2\/comments?post=40432"}],"version-history":[{"count":7,"href":"https:\/\/explora.cl\/rmsuroriente\/wp-json\/wp\/v2\/posts\/40432\/revisions"}],"predecessor-version":[{"id":40569,"href":"https:\/\/explora.cl\/rmsuroriente\/wp-json\/wp\/v2\/posts\/40432\/revisions\/40569"}],"wp:featuredmedia":[{"embeddable":true,"href":"https:\/\/explora.cl\/rmsuroriente\/wp-json\/wp\/v2\/media\/40434"}],"wp:attachment":[{"href":"https:\/\/explora.cl\/rmsuroriente\/wp-json\/wp\/v2\/media?parent=40432"}],"wp:term":[{"taxonomy":"category","embeddable":true,"href":"https:\/\/explora.cl\/rmsuroriente\/wp-json\/wp\/v2\/categories?post=40432"},{"taxonomy":"post_tag","embeddable":true,"href":"https:\/\/explora.cl\/rmsuroriente\/wp-json\/wp\/v2\/tags?post=40432"}],"curies":[{"name":"wp","href":"https:\/\/api.w.org\/{rel}","templated":true}]}}