{"id":40048,"date":"2021-07-23T14:15:34","date_gmt":"2021-07-23T18:15:34","guid":{"rendered":"https:\/\/explora.cl\/rmsuroriente\/?p=40048"},"modified":"2022-01-19T14:50:43","modified_gmt":"2022-01-19T17:50:43","slug":"comienza-el-ciclo-de-charlas-ciencia-abierta-conversaciones-sobre-el-territorio","status":"publish","type":"post","link":"https:\/\/explora.cl\/rmsuroriente\/comienza-el-ciclo-de-charlas-ciencia-abierta-conversaciones-sobre-el-territorio\/","title":{"rendered":"Comienza el ciclo de charlas Ciencia Abierta: Conversaciones sobre el Territorio"},"content":{"rendered":"<p><b>El martes 27 de julio damos inicio al primer encuentro virtual de los 45\u00a0 que Explora RM Sur Oriente transmitir\u00e1 por Facebook live y su canal de Youtube. Estas ser\u00e1n protagonizadas por investigadores\/as y especialistas de diversas \u00e1reas de las ciencias quienes conversar\u00e1n sobre temas y problem\u00e1ticas de inter\u00e9s p\u00fablico con una mirada integral de las ciencias y del territorio.<\/b><\/p>\n<p><span style=\"font-weight: 400\">Los encuentros virtuales se realizar\u00e1n todos los martes y jueves a las 17 horas a trav\u00e9s de dos formatos. El primero, ser\u00e1n charlas expositivas en las cuales cada martes un\/a invitada\/o abordar\u00e1 un tem\u00e1tica espec\u00edfica, mientras que cada jueves uno\/a o m\u00e1s especialistas conversar\u00e1n, desde una mirada interdisciplinaria, de temas o problem\u00e1ticas de inter\u00e9s para la zona Sur Oriente de la Regi\u00f3n Metropolitana, y que incentiven la participaci\u00f3n y el di\u00e1logo entre sus habitantes.<\/span><\/p>\n<p><span style=\"font-weight: 400\">Se espera que las tem\u00e1ticas abordadas en cada uno de los encuentros sean\u00a0 acorde a los intereses y necesidades del p\u00fablico. Para ello, hemos dispuesto un formulario para recoger las \u00e1reas de las ciencias, tecnolog\u00eda, conocimiento e innovaci\u00f3n que les gustar\u00eda conocer y conversar con las y los especialistas, para responderlo <a href=\"https:\/\/forms.gle\/uXMP1x5GQMpHfTzUA\" target=\"_blank\" rel=\"noopener noreferrer\">haz click aqu\u00ed<\/a><\/span><\/p>\n<p><span style=\"font-weight: 400\">En cada encuentro, se invitar\u00e1 a las y los asistentes a responder una breve encuesta que les permitir\u00e1 obtener un certificado de participaci\u00f3n, material bibliogr\u00e1fico complementario a la tem\u00e1tica abordada y la posibilidad de participar del sorteo de libros orientados a acercar el conocimiento a la comunidad.<\/span><\/p>\n<p><span style=\"font-weight: 400\">Todas las actividades ser\u00e1n de car\u00e1cter gratuito y abierto a todo p\u00fablico, las que ser\u00e1n informadas semana a semana a trav\u00e9s de los canales de comunicaci\u00f3n del PAR Explora RM Sur Oriente.\u00a0<\/span><\/p>\n<p><span style=\"font-weight: 400\">Atent@s, entre el 27 de julio y el 5 de agosto se realizar\u00e1n los siguientes encuentros, agenda tu favorito. <\/span><\/p>\n","protected":false},"excerpt":{"rendered":"<p>El martes 27 de julio damos inicio al primer encuentro virtual de los 45  que Explora RM Sur Oriente transmitir\u00e1 por Facebook live y su canal de Youtube. Estas ser\u00e1n protagonizadas por investigadores\/as y especialistas de diversas \u00e1reas de las ciencias quienes conversar\u00e1n sobre temas y problem\u00e1ticas de inter\u00e9s p\u00fablico con una mirada integral de las ciencias y del territorio.<\/p>\n","protected":false},"author":27,"featured_media":40062,"comment_status":"open","ping_status":"open","sticky":false,"template":"","format":"standard","meta":{"_acf_changed":false,"_exactmetrics_skip_tracking":false,"_exactmetrics_sitenote_active":false,"_exactmetrics_sitenote_note":"","_exactmetrics_sitenote_category":0,"footnotes":"","_links_to":"","_links_to_target":""},"categories":[127,140,4,126,1],"tags":[],"class_list":["post-40048","post","type-post","status-publish","format-standard","has-post-thumbnail","hentry","category-iniciativas_publ_grl","category-lugar-5","category-noticias","category-para-publico-general","category-sin-categoria"],"acf":[],"yoast_head":"<!-- This site is optimized with the Yoast SEO plugin v26.9 - https:\/\/yoast.com\/product\/yoast-seo-wordpress\/ -->\n<title>Comienza el ciclo de charlas Ciencia Abierta: Conversaciones sobre el Territorio - RM Sur Oriente<\/title>\n<meta name=\"robots\" content=\"index, follow, max-snippet:-1, max-image-preview:large, max-video-preview:-1\" \/>\n<link rel=\"canonical\" href=\"https:\/\/explora.cl\/rmsuroriente\/comienza-el-ciclo-de-charlas-ciencia-abierta-conversaciones-sobre-el-territorio\/\" class=\"yoast-seo-meta-tag\" \/>\n<meta property=\"og:locale\" content=\"es_ES\" class=\"yoast-seo-meta-tag\" \/>\n<meta property=\"og:type\" content=\"article\" class=\"yoast-seo-meta-tag\" \/>\n<meta property=\"og:title\" content=\"Comienza el ciclo de charlas Ciencia Abierta: Conversaciones sobre el Territorio - RM Sur Oriente\" class=\"yoast-seo-meta-tag\" \/>\n<meta property=\"og:description\" content=\"El martes 27 de julio damos inicio al primer encuentro virtual de los 45 que Explora RM Sur Oriente transmitir\u00e1 por Facebook live y su canal de Youtube. Estas ser\u00e1n protagonizadas por investigadores\/as y especialistas de diversas \u00e1reas de las ciencias quienes conversar\u00e1n sobre temas y problem\u00e1ticas de inter\u00e9s p\u00fablico con una mirada integral de las ciencias y del territorio.\" class=\"yoast-seo-meta-tag\" \/>\n<meta property=\"og:url\" content=\"https:\/\/explora.cl\/rmsuroriente\/comienza-el-ciclo-de-charlas-ciencia-abierta-conversaciones-sobre-el-territorio\/\" class=\"yoast-seo-meta-tag\" \/>\n<meta property=\"og:site_name\" content=\"RM Sur Oriente\" class=\"yoast-seo-meta-tag\" \/>\n<meta property=\"article:published_time\" content=\"2021-07-23T18:15:34+00:00\" class=\"yoast-seo-meta-tag\" \/>\n<meta property=\"article:modified_time\" content=\"2022-01-19T17:50:43+00:00\" class=\"yoast-seo-meta-tag\" \/>\n<meta property=\"og:image\" content=\"https:\/\/explora.cl\/rmsuroriente\/wp-content\/uploads\/sites\/12\/2021\/07\/Convocatoria-CIENCIA-ABIERTA-WEB-Explora-RMSO.png\" class=\"yoast-seo-meta-tag\" \/>\n\t<meta property=\"og:image:width\" content=\"725\" class=\"yoast-seo-meta-tag\" \/>\n\t<meta property=\"og:image:height\" content=\"405\" class=\"yoast-seo-meta-tag\" \/>\n\t<meta property=\"og:image:type\" content=\"image\/png\" class=\"yoast-seo-meta-tag\" \/>\n<meta name=\"author\" content=\"RMSO PUC\" class=\"yoast-seo-meta-tag\" \/>\n<meta name=\"twitter:card\" content=\"summary_large_image\" class=\"yoast-seo-meta-tag\" \/>\n<meta name=\"twitter:label1\" content=\"Escrito por\" class=\"yoast-seo-meta-tag\" \/>\n\t<meta name=\"twitter:data1\" content=\"RMSO PUC\" class=\"yoast-seo-meta-tag\" \/>\n\t<meta name=\"twitter:label2\" content=\"Tiempo estimado de lectura\" class=\"yoast-seo-meta-tag\" \/>\n\t<meta name=\"twitter:data2\" content=\"2 minutos\" class=\"yoast-seo-meta-tag\" \/>\n<script type=\"application\/ld+json\" class=\"yoast-schema-graph\">{\"@context\":\"https:\/\/schema.org\",\"@graph\":[{\"@type\":\"Article\",\"@id\":\"https:\/\/explora.cl\/rmsuroriente\/comienza-el-ciclo-de-charlas-ciencia-abierta-conversaciones-sobre-el-territorio\/#article\",\"isPartOf\":{\"@id\":\"https:\/\/explora.cl\/rmsuroriente\/comienza-el-ciclo-de-charlas-ciencia-abierta-conversaciones-sobre-el-territorio\/\"},\"author\":{\"name\":\"RMSO PUC\",\"@id\":\"https:\/\/explora.cl\/rmsuroriente\/#\/schema\/person\/164f0bfb03507b3d5dd75257d8e71697\"},\"headline\":\"Comienza el ciclo de charlas Ciencia Abierta: Conversaciones sobre el Territorio\",\"datePublished\":\"2021-07-23T18:15:34+00:00\",\"dateModified\":\"2022-01-19T17:50:43+00:00\",\"mainEntityOfPage\":{\"@id\":\"https:\/\/explora.cl\/rmsuroriente\/comienza-el-ciclo-de-charlas-ciencia-abierta-conversaciones-sobre-el-territorio\/\"},\"wordCount\":329,\"commentCount\":0,\"publisher\":{\"@id\":\"https:\/\/explora.cl\/rmsuroriente\/#organization\"},\"image\":{\"@id\":\"https:\/\/explora.cl\/rmsuroriente\/comienza-el-ciclo-de-charlas-ciencia-abierta-conversaciones-sobre-el-territorio\/#primaryimage\"},\"thumbnailUrl\":\"https:\/\/explora.cl\/rmsuroriente\/wp-content\/uploads\/sites\/12\/2021\/07\/Convocatoria-CIENCIA-ABIERTA-WEB-Explora-RMSO.png\",\"articleSection\":[\"Iniciativas\",\"Lugar 5\",\"Noticias\",\"Para P\u00fablico General\"],\"inLanguage\":\"es-CL\",\"potentialAction\":[{\"@type\":\"CommentAction\",\"name\":\"Comment\",\"target\":[\"https:\/\/explora.cl\/rmsuroriente\/comienza-el-ciclo-de-charlas-ciencia-abierta-conversaciones-sobre-el-territorio\/#respond\"]}]},{\"@type\":\"WebPage\",\"@id\":\"https:\/\/explora.cl\/rmsuroriente\/comienza-el-ciclo-de-charlas-ciencia-abierta-conversaciones-sobre-el-territorio\/\",\"url\":\"https:\/\/explora.cl\/rmsuroriente\/comienza-el-ciclo-de-charlas-ciencia-abierta-conversaciones-sobre-el-territorio\/\",\"name\":\"Comienza el ciclo de charlas Ciencia Abierta: Conversaciones sobre el Territorio - RM Sur Oriente\",\"isPartOf\":{\"@id\":\"https:\/\/explora.cl\/rmsuroriente\/#website\"},\"primaryImageOfPage\":{\"@id\":\"https:\/\/explora.cl\/rmsuroriente\/comienza-el-ciclo-de-charlas-ciencia-abierta-conversaciones-sobre-el-territorio\/#primaryimage\"},\"image\":{\"@id\":\"https:\/\/explora.cl\/rmsuroriente\/comienza-el-ciclo-de-charlas-ciencia-abierta-conversaciones-sobre-el-territorio\/#primaryimage\"},\"thumbnailUrl\":\"https:\/\/explora.cl\/rmsuroriente\/wp-content\/uploads\/sites\/12\/2021\/07\/Convocatoria-CIENCIA-ABIERTA-WEB-Explora-RMSO.png\",\"datePublished\":\"2021-07-23T18:15:34+00:00\",\"dateModified\":\"2022-01-19T17:50:43+00:00\",\"breadcrumb\":{\"@id\":\"https:\/\/explora.cl\/rmsuroriente\/comienza-el-ciclo-de-charlas-ciencia-abierta-conversaciones-sobre-el-territorio\/#breadcrumb\"},\"inLanguage\":\"es-CL\",\"potentialAction\":[{\"@type\":\"ReadAction\",\"target\":[\"https:\/\/explora.cl\/rmsuroriente\/comienza-el-ciclo-de-charlas-ciencia-abierta-conversaciones-sobre-el-territorio\/\"]}]},{\"@type\":\"ImageObject\",\"inLanguage\":\"es-CL\",\"@id\":\"https:\/\/explora.cl\/rmsuroriente\/comienza-el-ciclo-de-charlas-ciencia-abierta-conversaciones-sobre-el-territorio\/#primaryimage\",\"url\":\"https:\/\/explora.cl\/rmsuroriente\/wp-content\/uploads\/sites\/12\/2021\/07\/Convocatoria-CIENCIA-ABIERTA-WEB-Explora-RMSO.png\",\"contentUrl\":\"https:\/\/explora.cl\/rmsuroriente\/wp-content\/uploads\/sites\/12\/2021\/07\/Convocatoria-CIENCIA-ABIERTA-WEB-Explora-RMSO.png\",\"width\":725,\"height\":405},{\"@type\":\"BreadcrumbList\",\"@id\":\"https:\/\/explora.cl\/rmsuroriente\/comienza-el-ciclo-de-charlas-ciencia-abierta-conversaciones-sobre-el-territorio\/#breadcrumb\",\"itemListElement\":[{\"@type\":\"ListItem\",\"position\":1,\"name\":\"Portada\",\"item\":\"https:\/\/explora.cl\/rmsuroriente\/\"},{\"@type\":\"ListItem\",\"position\":2,\"name\":\"Comienza el ciclo de charlas Ciencia Abierta: Conversaciones sobre el Territorio\"}]},{\"@type\":\"WebSite\",\"@id\":\"https:\/\/explora.cl\/rmsuroriente\/#website\",\"url\":\"https:\/\/explora.cl\/rmsuroriente\/\",\"name\":\"RM Sur Oriente\",\"description\":\"Otro sitio m\u00e1s de explora.cl\",\"publisher\":{\"@id\":\"https:\/\/explora.cl\/rmsuroriente\/#organization\"},\"potentialAction\":[{\"@type\":\"SearchAction\",\"target\":{\"@type\":\"EntryPoint\",\"urlTemplate\":\"https:\/\/explora.cl\/rmsuroriente\/?s={search_term_string}\"},\"query-input\":{\"@type\":\"PropertyValueSpecification\",\"valueRequired\":true,\"valueName\":\"search_term_string\"}}],\"inLanguage\":\"es-CL\"},{\"@type\":\"Organization\",\"@id\":\"https:\/\/explora.cl\/rmsuroriente\/#organization\",\"name\":\"RM Sur Oriente\",\"url\":\"https:\/\/explora.cl\/rmsuroriente\/\",\"logo\":{\"@type\":\"ImageObject\",\"inLanguage\":\"es-CL\",\"@id\":\"https:\/\/explora.cl\/rmsuroriente\/#\/schema\/logo\/image\/\",\"url\":\"https:\/\/explora.cl\/rmsuroriente\/wp-content\/uploads\/sites\/12\/2025\/04\/cropped-LogoPAR_RMSO-Azul-UC.png\",\"contentUrl\":\"https:\/\/explora.cl\/rmsuroriente\/wp-content\/uploads\/sites\/12\/2025\/04\/cropped-LogoPAR_RMSO-Azul-UC.png\",\"width\":411,\"height\":409,\"caption\":\"RM Sur Oriente\"},\"image\":{\"@id\":\"https:\/\/explora.cl\/rmsuroriente\/#\/schema\/logo\/image\/\"}},{\"@type\":\"Person\",\"@id\":\"https:\/\/explora.cl\/rmsuroriente\/#\/schema\/person\/164f0bfb03507b3d5dd75257d8e71697\",\"name\":\"RMSO PUC\",\"image\":{\"@type\":\"ImageObject\",\"inLanguage\":\"es-CL\",\"@id\":\"https:\/\/explora.cl\/rmsuroriente\/#\/schema\/person\/image\/\",\"url\":\"https:\/\/secure.gravatar.com\/avatar\/16f7131f033ed433ea432d3fc2b04af9756004afdb5a6b61c705d795f6425ea0?s=96&d=mm&r=g\",\"contentUrl\":\"https:\/\/secure.gravatar.com\/avatar\/16f7131f033ed433ea432d3fc2b04af9756004afdb5a6b61c705d795f6425ea0?s=96&d=mm&r=g\",\"caption\":\"RMSO PUC\"},\"sameAs\":[\"https:\/\/www.instagram.com\/parexplorarmsuroriente\/\"],\"url\":\"https:\/\/explora.cl\/rmsuroriente\/author\/myanez\/\"}]}<\/script>\n<!-- \/ Yoast SEO plugin. -->","yoast_head_json":{"title":"Comienza el ciclo de charlas Ciencia Abierta: Conversaciones sobre el Territorio - RM Sur Oriente","robots":{"index":"index","follow":"follow","max-snippet":"max-snippet:-1","max-image-preview":"max-image-preview:large","max-video-preview":"max-video-preview:-1"},"canonical":"https:\/\/explora.cl\/rmsuroriente\/comienza-el-ciclo-de-charlas-ciencia-abierta-conversaciones-sobre-el-territorio\/","og_locale":"es_ES","og_type":"article","og_title":"Comienza el ciclo de charlas Ciencia Abierta: Conversaciones sobre el Territorio - RM Sur Oriente","og_description":"El martes 27 de julio damos inicio al primer encuentro virtual de los 45 que Explora RM Sur Oriente transmitir\u00e1 por Facebook live y su canal de Youtube. Estas ser\u00e1n protagonizadas por investigadores\/as y especialistas de diversas \u00e1reas de las ciencias quienes conversar\u00e1n sobre temas y problem\u00e1ticas de inter\u00e9s p\u00fablico con una mirada integral de las ciencias y del territorio.","og_url":"https:\/\/explora.cl\/rmsuroriente\/comienza-el-ciclo-de-charlas-ciencia-abierta-conversaciones-sobre-el-territorio\/","og_site_name":"RM Sur Oriente","article_published_time":"2021-07-23T18:15:34+00:00","article_modified_time":"2022-01-19T17:50:43+00:00","og_image":[{"width":725,"height":405,"url":"https:\/\/explora.cl\/rmsuroriente\/wp-content\/uploads\/sites\/12\/2021\/07\/Convocatoria-CIENCIA-ABIERTA-WEB-Explora-RMSO.png","type":"image\/png"}],"author":"RMSO PUC","twitter_card":"summary_large_image","twitter_misc":{"Escrito por":"RMSO PUC","Tiempo estimado de lectura":"2 minutos"},"schema":{"@context":"https:\/\/schema.org","@graph":[{"@type":"Article","@id":"https:\/\/explora.cl\/rmsuroriente\/comienza-el-ciclo-de-charlas-ciencia-abierta-conversaciones-sobre-el-territorio\/#article","isPartOf":{"@id":"https:\/\/explora.cl\/rmsuroriente\/comienza-el-ciclo-de-charlas-ciencia-abierta-conversaciones-sobre-el-territorio\/"},"author":{"name":"RMSO PUC","@id":"https:\/\/explora.cl\/rmsuroriente\/#\/schema\/person\/164f0bfb03507b3d5dd75257d8e71697"},"headline":"Comienza el ciclo de charlas Ciencia Abierta: Conversaciones sobre el Territorio","datePublished":"2021-07-23T18:15:34+00:00","dateModified":"2022-01-19T17:50:43+00:00","mainEntityOfPage":{"@id":"https:\/\/explora.cl\/rmsuroriente\/comienza-el-ciclo-de-charlas-ciencia-abierta-conversaciones-sobre-el-territorio\/"},"wordCount":329,"commentCount":0,"publisher":{"@id":"https:\/\/explora.cl\/rmsuroriente\/#organization"},"image":{"@id":"https:\/\/explora.cl\/rmsuroriente\/comienza-el-ciclo-de-charlas-ciencia-abierta-conversaciones-sobre-el-territorio\/#primaryimage"},"thumbnailUrl":"https:\/\/explora.cl\/rmsuroriente\/wp-content\/uploads\/sites\/12\/2021\/07\/Convocatoria-CIENCIA-ABIERTA-WEB-Explora-RMSO.png","articleSection":["Iniciativas","Lugar 5","Noticias","Para P\u00fablico General"],"inLanguage":"es-CL","potentialAction":[{"@type":"CommentAction","name":"Comment","target":["https:\/\/explora.cl\/rmsuroriente\/comienza-el-ciclo-de-charlas-ciencia-abierta-conversaciones-sobre-el-territorio\/#respond"]}]},{"@type":"WebPage","@id":"https:\/\/explora.cl\/rmsuroriente\/comienza-el-ciclo-de-charlas-ciencia-abierta-conversaciones-sobre-el-territorio\/","url":"https:\/\/explora.cl\/rmsuroriente\/comienza-el-ciclo-de-charlas-ciencia-abierta-conversaciones-sobre-el-territorio\/","name":"Comienza el ciclo de charlas Ciencia Abierta: Conversaciones sobre el Territorio - RM Sur Oriente","isPartOf":{"@id":"https:\/\/explora.cl\/rmsuroriente\/#website"},"primaryImageOfPage":{"@id":"https:\/\/explora.cl\/rmsuroriente\/comienza-el-ciclo-de-charlas-ciencia-abierta-conversaciones-sobre-el-territorio\/#primaryimage"},"image":{"@id":"https:\/\/explora.cl\/rmsuroriente\/comienza-el-ciclo-de-charlas-ciencia-abierta-conversaciones-sobre-el-territorio\/#primaryimage"},"thumbnailUrl":"https:\/\/explora.cl\/rmsuroriente\/wp-content\/uploads\/sites\/12\/2021\/07\/Convocatoria-CIENCIA-ABIERTA-WEB-Explora-RMSO.png","datePublished":"2021-07-23T18:15:34+00:00","dateModified":"2022-01-19T17:50:43+00:00","breadcrumb":{"@id":"https:\/\/explora.cl\/rmsuroriente\/comienza-el-ciclo-de-charlas-ciencia-abierta-conversaciones-sobre-el-territorio\/#breadcrumb"},"inLanguage":"es-CL","potentialAction":[{"@type":"ReadAction","target":["https:\/\/explora.cl\/rmsuroriente\/comienza-el-ciclo-de-charlas-ciencia-abierta-conversaciones-sobre-el-territorio\/"]}]},{"@type":"ImageObject","inLanguage":"es-CL","@id":"https:\/\/explora.cl\/rmsuroriente\/comienza-el-ciclo-de-charlas-ciencia-abierta-conversaciones-sobre-el-territorio\/#primaryimage","url":"https:\/\/explora.cl\/rmsuroriente\/wp-content\/uploads\/sites\/12\/2021\/07\/Convocatoria-CIENCIA-ABIERTA-WEB-Explora-RMSO.png","contentUrl":"https:\/\/explora.cl\/rmsuroriente\/wp-content\/uploads\/sites\/12\/2021\/07\/Convocatoria-CIENCIA-ABIERTA-WEB-Explora-RMSO.png","width":725,"height":405},{"@type":"BreadcrumbList","@id":"https:\/\/explora.cl\/rmsuroriente\/comienza-el-ciclo-de-charlas-ciencia-abierta-conversaciones-sobre-el-territorio\/#breadcrumb","itemListElement":[{"@type":"ListItem","position":1,"name":"Portada","item":"https:\/\/explora.cl\/rmsuroriente\/"},{"@type":"ListItem","position":2,"name":"Comienza el ciclo de charlas Ciencia Abierta: Conversaciones sobre el Territorio"}]},{"@type":"WebSite","@id":"https:\/\/explora.cl\/rmsuroriente\/#website","url":"https:\/\/explora.cl\/rmsuroriente\/","name":"RM Sur Oriente","description":"Otro sitio m\u00e1s de explora.cl","publisher":{"@id":"https:\/\/explora.cl\/rmsuroriente\/#organization"},"potentialAction":[{"@type":"SearchAction","target":{"@type":"EntryPoint","urlTemplate":"https:\/\/explora.cl\/rmsuroriente\/?s={search_term_string}"},"query-input":{"@type":"PropertyValueSpecification","valueRequired":true,"valueName":"search_term_string"}}],"inLanguage":"es-CL"},{"@type":"Organization","@id":"https:\/\/explora.cl\/rmsuroriente\/#organization","name":"RM Sur Oriente","url":"https:\/\/explora.cl\/rmsuroriente\/","logo":{"@type":"ImageObject","inLanguage":"es-CL","@id":"https:\/\/explora.cl\/rmsuroriente\/#\/schema\/logo\/image\/","url":"https:\/\/explora.cl\/rmsuroriente\/wp-content\/uploads\/sites\/12\/2025\/04\/cropped-LogoPAR_RMSO-Azul-UC.png","contentUrl":"https:\/\/explora.cl\/rmsuroriente\/wp-content\/uploads\/sites\/12\/2025\/04\/cropped-LogoPAR_RMSO-Azul-UC.png","width":411,"height":409,"caption":"RM Sur Oriente"},"image":{"@id":"https:\/\/explora.cl\/rmsuroriente\/#\/schema\/logo\/image\/"}},{"@type":"Person","@id":"https:\/\/explora.cl\/rmsuroriente\/#\/schema\/person\/164f0bfb03507b3d5dd75257d8e71697","name":"RMSO PUC","image":{"@type":"ImageObject","inLanguage":"es-CL","@id":"https:\/\/explora.cl\/rmsuroriente\/#\/schema\/person\/image\/","url":"https:\/\/secure.gravatar.com\/avatar\/16f7131f033ed433ea432d3fc2b04af9756004afdb5a6b61c705d795f6425ea0?s=96&d=mm&r=g","contentUrl":"https:\/\/secure.gravatar.com\/avatar\/16f7131f033ed433ea432d3fc2b04af9756004afdb5a6b61c705d795f6425ea0?s=96&d=mm&r=g","caption":"RMSO PUC"},"sameAs":["https:\/\/www.instagram.com\/parexplorarmsuroriente\/"],"url":"https:\/\/explora.cl\/rmsuroriente\/author\/myanez\/"}]}},"_links":{"self":[{"href":"https:\/\/explora.cl\/rmsuroriente\/wp-json\/wp\/v2\/posts\/40048","targetHints":{"allow":["GET"]}}],"collection":[{"href":"https:\/\/explora.cl\/rmsuroriente\/wp-json\/wp\/v2\/posts"}],"about":[{"href":"https:\/\/explora.cl\/rmsuroriente\/wp-json\/wp\/v2\/types\/post"}],"author":[{"embeddable":true,"href":"https:\/\/explora.cl\/rmsuroriente\/wp-json\/wp\/v2\/users\/27"}],"replies":[{"embeddable":true,"href":"https:\/\/explora.cl\/rmsuroriente\/wp-json\/wp\/v2\/comments?post=40048"}],"version-history":[{"count":9,"href":"https:\/\/explora.cl\/rmsuroriente\/wp-json\/wp\/v2\/posts\/40048\/revisions"}],"predecessor-version":[{"id":40065,"href":"https:\/\/explora.cl\/rmsuroriente\/wp-json\/wp\/v2\/posts\/40048\/revisions\/40065"}],"wp:featuredmedia":[{"embeddable":true,"href":"https:\/\/explora.cl\/rmsuroriente\/wp-json\/wp\/v2\/media\/40062"}],"wp:attachment":[{"href":"https:\/\/explora.cl\/rmsuroriente\/wp-json\/wp\/v2\/media?parent=40048"}],"wp:term":[{"taxonomy":"category","embeddable":true,"href":"https:\/\/explora.cl\/rmsuroriente\/wp-json\/wp\/v2\/categories?post=40048"},{"taxonomy":"post_tag","embeddable":true,"href":"https:\/\/explora.cl\/rmsuroriente\/wp-json\/wp\/v2\/tags?post=40048"}],"curies":[{"name":"wp","href":"https:\/\/api.w.org\/{rel}","templated":true}]}}