{"id":39753,"date":"2021-01-06T13:55:40","date_gmt":"2021-01-06T16:55:40","guid":{"rendered":"https:\/\/explora.cl\/rmsuroriente\/?p=39753"},"modified":"2021-01-06T15:36:32","modified_gmt":"2021-01-06T18:36:32","slug":"la-comunidad-pad-finalizo-sus-actividades-con-emotiva-sesion-en-linea","status":"publish","type":"post","link":"https:\/\/explora.cl\/rmsuroriente\/la-comunidad-pad-finalizo-sus-actividades-con-emotiva-sesion-en-linea\/","title":{"rendered":"La \u201cComunidad PAD\u201d finaliz\u00f3 sus actividades con emotiva sesi\u00f3n en l\u00ednea"},"content":{"rendered":"<p>La \u201cComunidad PAD\u201d del Programa de Apoyo a Docentes del Proyecto Explora Regi\u00f3n Metropolitana Sur Oriente, cerr\u00f3 sus actividades a trav\u00e9s de una sesi\u00f3n online el pasado 23 de diciembre, donde se convers\u00f3 junto a las y los docentes sobre el funcionamiento, la evaluaci\u00f3n del trabajo realizado y las proyecciones para el a\u00f1o 2021.<\/p>\n<p>Debido a la pandemia de la Covid-19, el Programa de Apoyo a Docentes funcion\u00f3 en sesiones de trabajo virtuales las que tuvieron como principal objetivo gestionar relaciones estables y permanentes con las y los profesores de todas las especialidades, desde educaci\u00f3n inicial a media. Esto deriv\u00f3 en la conformaci\u00f3n de la \u201cComunidad PAD\u201d, la que cont\u00f3 con la participaci\u00f3n de 86 profesionales de la educaci\u00f3n.<\/p>\n<p>Durante su ejecuci\u00f3n, se realizaron tres reuniones de coordinaci\u00f3n y planificaci\u00f3n, en las que las y los profesores compartieron sus experiencias, propusieron temas a tratar y reforzar. A partir de ello, se realizaron diferentes encuentros con cient\u00edficas y cient\u00edficos quienes expusieron tem\u00e1ticas de inter\u00e9s para las y los docentes, y les entregaron herramientas para mejorar sus actividades dentro del aula virtual. Algunas de ellas fueron \u201cNanociencias y nanotecnolog\u00eda\u201d junto a Diego Salazar Aravena, f\u00edsico e investigador de la Universidad de Tarapac\u00e1 \u201c, \u00bfC\u00f3mo y por qu\u00e9 aprender ciencias a trav\u00e9s del juego en el contexto actual?\u201d con Francisca J\u00e1uregui del Observatorio del Juego, y \u201cBiodiversidad para ni\u00f1as y ni\u00f1os sin moverse de su escritorio&#8221;, con la asesora cient\u00edfica del PAR y encargada de comunicaciones del Instituto de Ecolog\u00eda y Biodiversidad, N\u00e9lida Pohl.<\/p>\n<p>Estas actividades fueron planificadas de forma tal que se realizaron de manera sincr\u00f3nica y asincr\u00f3nica, utilizando el blog de la Comunidad PAD como la plataforma que reuni\u00f3 tanto las conversaciones con cient\u00edficas\/os como los recursos y materiales dispuestos en cada una de las sesiones.<\/p>\n<p>Javiera Far\u00edas, profesora de Ciencias Naturales en Educaci\u00f3n B\u00e1sica del Colegio Miravalle de Pe\u00f1alol\u00e9n, coment\u00f3 acerca de esta experiencia: \u201cLa verdad me gust\u00f3 y me sirvi\u00f3. Es la primera vez que participo en una iniciativa as\u00ed y me sirvi\u00f3 mucho para ampliar la mirada en distintas \u00e1reas y distintas disciplinas. Me gust\u00f3 compartir con los expositores en los distintos encuentros y con otros profesores y profesoras\u201d.<\/p>\n<p>Parte de la gesti\u00f3n del Programa de Apoyo a Docentes consisti\u00f3 en vincular a la comunidad escolar con la comunidad cient\u00edfica a trav\u00e9s de charlas dirigidas a las y los estudiantes de las y los docentes miembros de esta Comunidad PAD, tal es el caso de la charla del Doctor en F\u00edsica y acad\u00e9mico del Instituto de F\u00edsica UC Andrea Russomando quien a trav\u00e9s del tema \u201cLa f\u00edsica en la cocina\u201d comparti\u00f3 con tres cursos de tres establecimientos educacionales distintos. Y a partir del hashtag #PADRecomienda, se sugiri\u00f3 a las y los docentes productos y\/o iniciativas de divulgaci\u00f3n cient\u00edfica y de ense\u00f1anza de las ciencias que pudiesen apoyar el trabajo docente.<\/p>\n<p>Para Eleonora Castillo, educadora de p\u00e1rvulos del Colegio Marcela Paz de La Florida, la Comunidad PAD se transform\u00f3 en \u201cla instancia es perfecta para nosotros los docentes. Nos permiti\u00f3 explorar otras situaciones a las que nosotros no tenemos acceso ni libre ni gratuitamente, y eso es s\u00faper importante. Adem\u00e1s, algunas de las actividades involucraron a ni\u00f1os de p\u00e1rvulos hasta IV medio\u201d.<\/p>\n<p>Por su parte, Sebasti\u00e1n Barra, profesor de historia del Colegio Polivalente Domingo Matte Mes\u00edas de Puente Alto coment\u00f3 que \u201cme pareci\u00f3 muy interesante el proyecto y todas las actividades que realizaron y me gustar\u00eda que esto siga creciendo\u201d.<\/p>\n<p>El Programa de Apoyo a Docentes finaliz\u00f3 con una emotiva sesi\u00f3n online donde las y los docentes agradecieron el apoyo y la conformaci\u00f3n de esta Comunidad, y se comprometieron a continuar con este trabajo durante el 2021, a trav\u00e9s de una red en que interact\u00faen de forma continua y permanente.<\/p>\n","protected":false},"excerpt":{"rendered":"<p>La \u201cComunidad PAD\u201d del Programa de Apoyo a Docentes del Proyecto Explora Regi\u00f3n Metropolitana Sur Oriente, cerr\u00f3 sus actividades a trav\u00e9s de una sesi\u00f3n online el pasado 23 de diciembre, donde se convers\u00f3 junto a las y los docentes sobre el funcionamiento, la evaluaci\u00f3n del trabajo realizado y las proyecciones para el a\u00f1o 2021. Debido [&hellip;]<\/p>\n","protected":false},"author":27,"featured_media":39755,"comment_status":"open","ping_status":"open","sticky":false,"template":"","format":"standard","meta":{"_acf_changed":false,"_exactmetrics_skip_tracking":false,"_exactmetrics_sitenote_active":false,"_exactmetrics_sitenote_note":"","_exactmetrics_sitenote_category":0,"footnotes":"","_links_to":"","_links_to_target":""},"categories":[140,4,1],"tags":[],"class_list":["post-39753","post","type-post","status-publish","format-standard","has-post-thumbnail","hentry","category-lugar-5","category-noticias","category-sin-categoria"],"acf":[],"yoast_head":"<!-- This site is optimized with the Yoast SEO plugin v26.9 - https:\/\/yoast.com\/product\/yoast-seo-wordpress\/ -->\n<title>La \u201cComunidad PAD\u201d finaliz\u00f3 sus actividades con emotiva sesi\u00f3n en l\u00ednea - RM Sur Oriente<\/title>\n<meta name=\"robots\" content=\"index, follow, max-snippet:-1, max-image-preview:large, max-video-preview:-1\" \/>\n<link rel=\"canonical\" href=\"https:\/\/explora.cl\/rmsuroriente\/la-comunidad-pad-finalizo-sus-actividades-con-emotiva-sesion-en-linea\/\" class=\"yoast-seo-meta-tag\" \/>\n<meta property=\"og:locale\" content=\"es_ES\" class=\"yoast-seo-meta-tag\" \/>\n<meta property=\"og:type\" content=\"article\" class=\"yoast-seo-meta-tag\" \/>\n<meta property=\"og:title\" content=\"La \u201cComunidad PAD\u201d finaliz\u00f3 sus actividades con emotiva sesi\u00f3n en l\u00ednea - RM Sur Oriente\" class=\"yoast-seo-meta-tag\" \/>\n<meta property=\"og:description\" content=\"La \u201cComunidad PAD\u201d del Programa de Apoyo a Docentes del Proyecto Explora Regi\u00f3n Metropolitana Sur Oriente, cerr\u00f3 sus actividades a trav\u00e9s de una sesi\u00f3n online el pasado 23 de diciembre, donde se convers\u00f3 junto a las y los docentes sobre el funcionamiento, la evaluaci\u00f3n del trabajo realizado y las proyecciones para el a\u00f1o 2021. Debido [&hellip;]\" class=\"yoast-seo-meta-tag\" \/>\n<meta property=\"og:url\" content=\"https:\/\/explora.cl\/rmsuroriente\/la-comunidad-pad-finalizo-sus-actividades-con-emotiva-sesion-en-linea\/\" class=\"yoast-seo-meta-tag\" \/>\n<meta property=\"og:site_name\" content=\"RM Sur Oriente\" class=\"yoast-seo-meta-tag\" \/>\n<meta property=\"article:published_time\" content=\"2021-01-06T16:55:40+00:00\" class=\"yoast-seo-meta-tag\" \/>\n<meta property=\"article:modified_time\" content=\"2021-01-06T18:36:32+00:00\" class=\"yoast-seo-meta-tag\" \/>\n<meta property=\"og:image\" content=\"https:\/\/explora.cl\/rmsuroriente\/wp-content\/uploads\/sites\/12\/2021\/01\/Pad-reuni\u00f3n-final.png\" class=\"yoast-seo-meta-tag\" \/>\n\t<meta property=\"og:image:width\" content=\"1359\" class=\"yoast-seo-meta-tag\" \/>\n\t<meta property=\"og:image:height\" content=\"648\" class=\"yoast-seo-meta-tag\" \/>\n\t<meta property=\"og:image:type\" content=\"image\/png\" class=\"yoast-seo-meta-tag\" \/>\n<meta name=\"author\" content=\"RMSO PUC\" class=\"yoast-seo-meta-tag\" \/>\n<meta name=\"twitter:card\" content=\"summary_large_image\" class=\"yoast-seo-meta-tag\" \/>\n<meta name=\"twitter:label1\" content=\"Escrito por\" class=\"yoast-seo-meta-tag\" \/>\n\t<meta name=\"twitter:data1\" content=\"RMSO PUC\" class=\"yoast-seo-meta-tag\" \/>\n\t<meta name=\"twitter:label2\" content=\"Tiempo estimado de lectura\" class=\"yoast-seo-meta-tag\" \/>\n\t<meta name=\"twitter:data2\" content=\"3 minutos\" class=\"yoast-seo-meta-tag\" \/>\n<script type=\"application\/ld+json\" class=\"yoast-schema-graph\">{\"@context\":\"https:\/\/schema.org\",\"@graph\":[{\"@type\":\"Article\",\"@id\":\"https:\/\/explora.cl\/rmsuroriente\/la-comunidad-pad-finalizo-sus-actividades-con-emotiva-sesion-en-linea\/#article\",\"isPartOf\":{\"@id\":\"https:\/\/explora.cl\/rmsuroriente\/la-comunidad-pad-finalizo-sus-actividades-con-emotiva-sesion-en-linea\/\"},\"author\":{\"name\":\"RMSO PUC\",\"@id\":\"https:\/\/explora.cl\/rmsuroriente\/#\/schema\/person\/164f0bfb03507b3d5dd75257d8e71697\"},\"headline\":\"La \u201cComunidad PAD\u201d finaliz\u00f3 sus actividades con emotiva sesi\u00f3n en l\u00ednea\",\"datePublished\":\"2021-01-06T16:55:40+00:00\",\"dateModified\":\"2021-01-06T18:36:32+00:00\",\"mainEntityOfPage\":{\"@id\":\"https:\/\/explora.cl\/rmsuroriente\/la-comunidad-pad-finalizo-sus-actividades-con-emotiva-sesion-en-linea\/\"},\"wordCount\":688,\"commentCount\":0,\"publisher\":{\"@id\":\"https:\/\/explora.cl\/rmsuroriente\/#organization\"},\"image\":{\"@id\":\"https:\/\/explora.cl\/rmsuroriente\/la-comunidad-pad-finalizo-sus-actividades-con-emotiva-sesion-en-linea\/#primaryimage\"},\"thumbnailUrl\":\"https:\/\/explora.cl\/rmsuroriente\/wp-content\/uploads\/sites\/12\/2021\/01\/Pad-reuni\u00f3n-final.png\",\"articleSection\":[\"Lugar 5\",\"Noticias\"],\"inLanguage\":\"es-CL\",\"potentialAction\":[{\"@type\":\"CommentAction\",\"name\":\"Comment\",\"target\":[\"https:\/\/explora.cl\/rmsuroriente\/la-comunidad-pad-finalizo-sus-actividades-con-emotiva-sesion-en-linea\/#respond\"]}]},{\"@type\":\"WebPage\",\"@id\":\"https:\/\/explora.cl\/rmsuroriente\/la-comunidad-pad-finalizo-sus-actividades-con-emotiva-sesion-en-linea\/\",\"url\":\"https:\/\/explora.cl\/rmsuroriente\/la-comunidad-pad-finalizo-sus-actividades-con-emotiva-sesion-en-linea\/\",\"name\":\"La \u201cComunidad PAD\u201d finaliz\u00f3 sus actividades con emotiva sesi\u00f3n en l\u00ednea - RM Sur Oriente\",\"isPartOf\":{\"@id\":\"https:\/\/explora.cl\/rmsuroriente\/#website\"},\"primaryImageOfPage\":{\"@id\":\"https:\/\/explora.cl\/rmsuroriente\/la-comunidad-pad-finalizo-sus-actividades-con-emotiva-sesion-en-linea\/#primaryimage\"},\"image\":{\"@id\":\"https:\/\/explora.cl\/rmsuroriente\/la-comunidad-pad-finalizo-sus-actividades-con-emotiva-sesion-en-linea\/#primaryimage\"},\"thumbnailUrl\":\"https:\/\/explora.cl\/rmsuroriente\/wp-content\/uploads\/sites\/12\/2021\/01\/Pad-reuni\u00f3n-final.png\",\"datePublished\":\"2021-01-06T16:55:40+00:00\",\"dateModified\":\"2021-01-06T18:36:32+00:00\",\"breadcrumb\":{\"@id\":\"https:\/\/explora.cl\/rmsuroriente\/la-comunidad-pad-finalizo-sus-actividades-con-emotiva-sesion-en-linea\/#breadcrumb\"},\"inLanguage\":\"es-CL\",\"potentialAction\":[{\"@type\":\"ReadAction\",\"target\":[\"https:\/\/explora.cl\/rmsuroriente\/la-comunidad-pad-finalizo-sus-actividades-con-emotiva-sesion-en-linea\/\"]}]},{\"@type\":\"ImageObject\",\"inLanguage\":\"es-CL\",\"@id\":\"https:\/\/explora.cl\/rmsuroriente\/la-comunidad-pad-finalizo-sus-actividades-con-emotiva-sesion-en-linea\/#primaryimage\",\"url\":\"https:\/\/explora.cl\/rmsuroriente\/wp-content\/uploads\/sites\/12\/2021\/01\/Pad-reuni\u00f3n-final.png\",\"contentUrl\":\"https:\/\/explora.cl\/rmsuroriente\/wp-content\/uploads\/sites\/12\/2021\/01\/Pad-reuni\u00f3n-final.png\",\"width\":1359,\"height\":648},{\"@type\":\"BreadcrumbList\",\"@id\":\"https:\/\/explora.cl\/rmsuroriente\/la-comunidad-pad-finalizo-sus-actividades-con-emotiva-sesion-en-linea\/#breadcrumb\",\"itemListElement\":[{\"@type\":\"ListItem\",\"position\":1,\"name\":\"Portada\",\"item\":\"https:\/\/explora.cl\/rmsuroriente\/\"},{\"@type\":\"ListItem\",\"position\":2,\"name\":\"La \u201cComunidad PAD\u201d finaliz\u00f3 sus actividades con emotiva sesi\u00f3n en l\u00ednea\"}]},{\"@type\":\"WebSite\",\"@id\":\"https:\/\/explora.cl\/rmsuroriente\/#website\",\"url\":\"https:\/\/explora.cl\/rmsuroriente\/\",\"name\":\"RM Sur Oriente\",\"description\":\"Otro sitio m\u00e1s de explora.cl\",\"publisher\":{\"@id\":\"https:\/\/explora.cl\/rmsuroriente\/#organization\"},\"potentialAction\":[{\"@type\":\"SearchAction\",\"target\":{\"@type\":\"EntryPoint\",\"urlTemplate\":\"https:\/\/explora.cl\/rmsuroriente\/?s={search_term_string}\"},\"query-input\":{\"@type\":\"PropertyValueSpecification\",\"valueRequired\":true,\"valueName\":\"search_term_string\"}}],\"inLanguage\":\"es-CL\"},{\"@type\":\"Organization\",\"@id\":\"https:\/\/explora.cl\/rmsuroriente\/#organization\",\"name\":\"RM Sur Oriente\",\"url\":\"https:\/\/explora.cl\/rmsuroriente\/\",\"logo\":{\"@type\":\"ImageObject\",\"inLanguage\":\"es-CL\",\"@id\":\"https:\/\/explora.cl\/rmsuroriente\/#\/schema\/logo\/image\/\",\"url\":\"https:\/\/explora.cl\/rmsuroriente\/wp-content\/uploads\/sites\/12\/2025\/04\/cropped-LogoPAR_RMSO-Azul-UC.png\",\"contentUrl\":\"https:\/\/explora.cl\/rmsuroriente\/wp-content\/uploads\/sites\/12\/2025\/04\/cropped-LogoPAR_RMSO-Azul-UC.png\",\"width\":411,\"height\":409,\"caption\":\"RM Sur Oriente\"},\"image\":{\"@id\":\"https:\/\/explora.cl\/rmsuroriente\/#\/schema\/logo\/image\/\"}},{\"@type\":\"Person\",\"@id\":\"https:\/\/explora.cl\/rmsuroriente\/#\/schema\/person\/164f0bfb03507b3d5dd75257d8e71697\",\"name\":\"RMSO PUC\",\"image\":{\"@type\":\"ImageObject\",\"inLanguage\":\"es-CL\",\"@id\":\"https:\/\/explora.cl\/rmsuroriente\/#\/schema\/person\/image\/\",\"url\":\"https:\/\/secure.gravatar.com\/avatar\/16f7131f033ed433ea432d3fc2b04af9756004afdb5a6b61c705d795f6425ea0?s=96&d=mm&r=g\",\"contentUrl\":\"https:\/\/secure.gravatar.com\/avatar\/16f7131f033ed433ea432d3fc2b04af9756004afdb5a6b61c705d795f6425ea0?s=96&d=mm&r=g\",\"caption\":\"RMSO PUC\"},\"sameAs\":[\"https:\/\/www.instagram.com\/parexplorarmsuroriente\/\"],\"url\":\"https:\/\/explora.cl\/rmsuroriente\/author\/myanez\/\"}]}<\/script>\n<!-- \/ Yoast SEO plugin. -->","yoast_head_json":{"title":"La \u201cComunidad PAD\u201d finaliz\u00f3 sus actividades con emotiva sesi\u00f3n en l\u00ednea - RM Sur Oriente","robots":{"index":"index","follow":"follow","max-snippet":"max-snippet:-1","max-image-preview":"max-image-preview:large","max-video-preview":"max-video-preview:-1"},"canonical":"https:\/\/explora.cl\/rmsuroriente\/la-comunidad-pad-finalizo-sus-actividades-con-emotiva-sesion-en-linea\/","og_locale":"es_ES","og_type":"article","og_title":"La \u201cComunidad PAD\u201d finaliz\u00f3 sus actividades con emotiva sesi\u00f3n en l\u00ednea - RM Sur Oriente","og_description":"La \u201cComunidad PAD\u201d del Programa de Apoyo a Docentes del Proyecto Explora Regi\u00f3n Metropolitana Sur Oriente, cerr\u00f3 sus actividades a trav\u00e9s de una sesi\u00f3n online el pasado 23 de diciembre, donde se convers\u00f3 junto a las y los docentes sobre el funcionamiento, la evaluaci\u00f3n del trabajo realizado y las proyecciones para el a\u00f1o 2021. Debido [&hellip;]","og_url":"https:\/\/explora.cl\/rmsuroriente\/la-comunidad-pad-finalizo-sus-actividades-con-emotiva-sesion-en-linea\/","og_site_name":"RM Sur Oriente","article_published_time":"2021-01-06T16:55:40+00:00","article_modified_time":"2021-01-06T18:36:32+00:00","og_image":[{"width":1359,"height":648,"url":"https:\/\/explora.cl\/rmsuroriente\/wp-content\/uploads\/sites\/12\/2021\/01\/Pad-reuni\u00f3n-final.png","type":"image\/png"}],"author":"RMSO PUC","twitter_card":"summary_large_image","twitter_misc":{"Escrito por":"RMSO PUC","Tiempo estimado de lectura":"3 minutos"},"schema":{"@context":"https:\/\/schema.org","@graph":[{"@type":"Article","@id":"https:\/\/explora.cl\/rmsuroriente\/la-comunidad-pad-finalizo-sus-actividades-con-emotiva-sesion-en-linea\/#article","isPartOf":{"@id":"https:\/\/explora.cl\/rmsuroriente\/la-comunidad-pad-finalizo-sus-actividades-con-emotiva-sesion-en-linea\/"},"author":{"name":"RMSO PUC","@id":"https:\/\/explora.cl\/rmsuroriente\/#\/schema\/person\/164f0bfb03507b3d5dd75257d8e71697"},"headline":"La \u201cComunidad PAD\u201d finaliz\u00f3 sus actividades con emotiva sesi\u00f3n en l\u00ednea","datePublished":"2021-01-06T16:55:40+00:00","dateModified":"2021-01-06T18:36:32+00:00","mainEntityOfPage":{"@id":"https:\/\/explora.cl\/rmsuroriente\/la-comunidad-pad-finalizo-sus-actividades-con-emotiva-sesion-en-linea\/"},"wordCount":688,"commentCount":0,"publisher":{"@id":"https:\/\/explora.cl\/rmsuroriente\/#organization"},"image":{"@id":"https:\/\/explora.cl\/rmsuroriente\/la-comunidad-pad-finalizo-sus-actividades-con-emotiva-sesion-en-linea\/#primaryimage"},"thumbnailUrl":"https:\/\/explora.cl\/rmsuroriente\/wp-content\/uploads\/sites\/12\/2021\/01\/Pad-reuni\u00f3n-final.png","articleSection":["Lugar 5","Noticias"],"inLanguage":"es-CL","potentialAction":[{"@type":"CommentAction","name":"Comment","target":["https:\/\/explora.cl\/rmsuroriente\/la-comunidad-pad-finalizo-sus-actividades-con-emotiva-sesion-en-linea\/#respond"]}]},{"@type":"WebPage","@id":"https:\/\/explora.cl\/rmsuroriente\/la-comunidad-pad-finalizo-sus-actividades-con-emotiva-sesion-en-linea\/","url":"https:\/\/explora.cl\/rmsuroriente\/la-comunidad-pad-finalizo-sus-actividades-con-emotiva-sesion-en-linea\/","name":"La \u201cComunidad PAD\u201d finaliz\u00f3 sus actividades con emotiva sesi\u00f3n en l\u00ednea - RM Sur Oriente","isPartOf":{"@id":"https:\/\/explora.cl\/rmsuroriente\/#website"},"primaryImageOfPage":{"@id":"https:\/\/explora.cl\/rmsuroriente\/la-comunidad-pad-finalizo-sus-actividades-con-emotiva-sesion-en-linea\/#primaryimage"},"image":{"@id":"https:\/\/explora.cl\/rmsuroriente\/la-comunidad-pad-finalizo-sus-actividades-con-emotiva-sesion-en-linea\/#primaryimage"},"thumbnailUrl":"https:\/\/explora.cl\/rmsuroriente\/wp-content\/uploads\/sites\/12\/2021\/01\/Pad-reuni\u00f3n-final.png","datePublished":"2021-01-06T16:55:40+00:00","dateModified":"2021-01-06T18:36:32+00:00","breadcrumb":{"@id":"https:\/\/explora.cl\/rmsuroriente\/la-comunidad-pad-finalizo-sus-actividades-con-emotiva-sesion-en-linea\/#breadcrumb"},"inLanguage":"es-CL","potentialAction":[{"@type":"ReadAction","target":["https:\/\/explora.cl\/rmsuroriente\/la-comunidad-pad-finalizo-sus-actividades-con-emotiva-sesion-en-linea\/"]}]},{"@type":"ImageObject","inLanguage":"es-CL","@id":"https:\/\/explora.cl\/rmsuroriente\/la-comunidad-pad-finalizo-sus-actividades-con-emotiva-sesion-en-linea\/#primaryimage","url":"https:\/\/explora.cl\/rmsuroriente\/wp-content\/uploads\/sites\/12\/2021\/01\/Pad-reuni\u00f3n-final.png","contentUrl":"https:\/\/explora.cl\/rmsuroriente\/wp-content\/uploads\/sites\/12\/2021\/01\/Pad-reuni\u00f3n-final.png","width":1359,"height":648},{"@type":"BreadcrumbList","@id":"https:\/\/explora.cl\/rmsuroriente\/la-comunidad-pad-finalizo-sus-actividades-con-emotiva-sesion-en-linea\/#breadcrumb","itemListElement":[{"@type":"ListItem","position":1,"name":"Portada","item":"https:\/\/explora.cl\/rmsuroriente\/"},{"@type":"ListItem","position":2,"name":"La \u201cComunidad PAD\u201d finaliz\u00f3 sus actividades con emotiva sesi\u00f3n en l\u00ednea"}]},{"@type":"WebSite","@id":"https:\/\/explora.cl\/rmsuroriente\/#website","url":"https:\/\/explora.cl\/rmsuroriente\/","name":"RM Sur Oriente","description":"Otro sitio m\u00e1s de explora.cl","publisher":{"@id":"https:\/\/explora.cl\/rmsuroriente\/#organization"},"potentialAction":[{"@type":"SearchAction","target":{"@type":"EntryPoint","urlTemplate":"https:\/\/explora.cl\/rmsuroriente\/?s={search_term_string}"},"query-input":{"@type":"PropertyValueSpecification","valueRequired":true,"valueName":"search_term_string"}}],"inLanguage":"es-CL"},{"@type":"Organization","@id":"https:\/\/explora.cl\/rmsuroriente\/#organization","name":"RM Sur Oriente","url":"https:\/\/explora.cl\/rmsuroriente\/","logo":{"@type":"ImageObject","inLanguage":"es-CL","@id":"https:\/\/explora.cl\/rmsuroriente\/#\/schema\/logo\/image\/","url":"https:\/\/explora.cl\/rmsuroriente\/wp-content\/uploads\/sites\/12\/2025\/04\/cropped-LogoPAR_RMSO-Azul-UC.png","contentUrl":"https:\/\/explora.cl\/rmsuroriente\/wp-content\/uploads\/sites\/12\/2025\/04\/cropped-LogoPAR_RMSO-Azul-UC.png","width":411,"height":409,"caption":"RM Sur Oriente"},"image":{"@id":"https:\/\/explora.cl\/rmsuroriente\/#\/schema\/logo\/image\/"}},{"@type":"Person","@id":"https:\/\/explora.cl\/rmsuroriente\/#\/schema\/person\/164f0bfb03507b3d5dd75257d8e71697","name":"RMSO PUC","image":{"@type":"ImageObject","inLanguage":"es-CL","@id":"https:\/\/explora.cl\/rmsuroriente\/#\/schema\/person\/image\/","url":"https:\/\/secure.gravatar.com\/avatar\/16f7131f033ed433ea432d3fc2b04af9756004afdb5a6b61c705d795f6425ea0?s=96&d=mm&r=g","contentUrl":"https:\/\/secure.gravatar.com\/avatar\/16f7131f033ed433ea432d3fc2b04af9756004afdb5a6b61c705d795f6425ea0?s=96&d=mm&r=g","caption":"RMSO PUC"},"sameAs":["https:\/\/www.instagram.com\/parexplorarmsuroriente\/"],"url":"https:\/\/explora.cl\/rmsuroriente\/author\/myanez\/"}]}},"_links":{"self":[{"href":"https:\/\/explora.cl\/rmsuroriente\/wp-json\/wp\/v2\/posts\/39753","targetHints":{"allow":["GET"]}}],"collection":[{"href":"https:\/\/explora.cl\/rmsuroriente\/wp-json\/wp\/v2\/posts"}],"about":[{"href":"https:\/\/explora.cl\/rmsuroriente\/wp-json\/wp\/v2\/types\/post"}],"author":[{"embeddable":true,"href":"https:\/\/explora.cl\/rmsuroriente\/wp-json\/wp\/v2\/users\/27"}],"replies":[{"embeddable":true,"href":"https:\/\/explora.cl\/rmsuroriente\/wp-json\/wp\/v2\/comments?post=39753"}],"version-history":[{"count":3,"href":"https:\/\/explora.cl\/rmsuroriente\/wp-json\/wp\/v2\/posts\/39753\/revisions"}],"predecessor-version":[{"id":39757,"href":"https:\/\/explora.cl\/rmsuroriente\/wp-json\/wp\/v2\/posts\/39753\/revisions\/39757"}],"wp:featuredmedia":[{"embeddable":true,"href":"https:\/\/explora.cl\/rmsuroriente\/wp-json\/wp\/v2\/media\/39755"}],"wp:attachment":[{"href":"https:\/\/explora.cl\/rmsuroriente\/wp-json\/wp\/v2\/media?parent=39753"}],"wp:term":[{"taxonomy":"category","embeddable":true,"href":"https:\/\/explora.cl\/rmsuroriente\/wp-json\/wp\/v2\/categories?post=39753"},{"taxonomy":"post_tag","embeddable":true,"href":"https:\/\/explora.cl\/rmsuroriente\/wp-json\/wp\/v2\/tags?post=39753"}],"curies":[{"name":"wp","href":"https:\/\/api.w.org\/{rel}","templated":true}]}}