{"id":39631,"date":"2020-10-19T18:51:59","date_gmt":"2020-10-19T21:51:59","guid":{"rendered":"https:\/\/explora.cl\/rmsuroriente\/?p=39631"},"modified":"2020-10-19T18:51:59","modified_gmt":"2020-10-19T21:51:59","slug":"pipe-estuvo-presente-en-la-viii-feria-regional-de-educacion-ambiental","status":"publish","type":"post","link":"https:\/\/explora.cl\/rmsuroriente\/pipe-estuvo-presente-en-la-viii-feria-regional-de-educacion-ambiental\/","title":{"rendered":"PIPE estuvo presente en la VIII Feria Regional de Educaci\u00f3n Ambiental"},"content":{"rendered":"<p><span style=\"font-weight: 400\">La encargada del Programa de Indagaci\u00f3n para Primeras Edades (PIPE), Daniela Sandoval, hizo un taller a educadoras interesadas en el Modelo Indagatorio. La iniciativa estuvo enmarcada en la VIII Feria Regional de Educaci\u00f3n Ambiental, realizada por la Seremi de Medio Ambiente RM a trav\u00e9s de Santiago Recicla, en conjunto con Explora RM Sur Oriente y la Universidad Andr\u00e9s Bello.<\/span><!--more--><\/p>\n<p><span style=\"font-weight: 400\">\u201cEl maravilloso mundo de las semillas. Hablemos de Modelo Indagatorio\u201d llev\u00f3 por nombre el taller que comenz\u00f3 con una plenaria junto a las 39 educadoras de p\u00e1rvulo que se inscribieron previamente para participar. Mediante la pregunta \u201c\u00bfC\u00f3mo son las semillas por dentro?\u201d se inici\u00f3 con una experiencia pr\u00e1ctica donde cada una de las presentes deb\u00eda analizar una semilla que ten\u00edan f\u00edsicamente en sus casas.\u00a0<\/span><\/p>\n<p><span style=\"font-weight: 400\">A trav\u00e9s de la conversaci\u00f3n en equipos, reflexionaron sobre las caracter\u00edsticas de las semillas de cada una, sus diferencias y similitudes comparando con las que ten\u00eda cada participante. Luego, exploraron el interior de cada semilla, describi\u00e9ndolas y registrando todo aquello que pod\u00edan percibir mediante sus sentidos.\u00a0\u00a0\u00a0<\/span><\/p>\n<p><span style=\"font-weight: 400\">Tras este ejercicio pr\u00e1ctico, comenz\u00f3 la exposici\u00f3n acerca del Modelo Indagatorio y su aplicaci\u00f3n a ni\u00f1os y ni\u00f1as para fomentar el aprendizaje de las ciencias y el pensamiento cient\u00edfico. Adem\u00e1s, de la importancia de combinar las experiencias con los contenidos conceptuales respecto a la ense\u00f1anza en esta materia.\u00a0<\/span><\/p>\n<p><span style=\"font-weight: 400\">El cierre se profundiz\u00f3 en el rol de la o el docente en el aula y se dio espacio a la conversaci\u00f3n de las diferentes vivencias de las educadoras en torno al tema, lo que enriqueci\u00f3 el aprendizaje para todas las asistentes a la instancia en la nueva edici\u00f3n de la VIII Feria Regional de Educaci\u00f3n Ambiental \u201cFormando Comunidades Sustentables en la Regi\u00f3n Metropolitana: Un nuevo desaf\u00edo en el contexto de la Pandemia Covid 19\u201d, realizada por primera vez en formato digital debido a la contingencia sanitaria.\u00a0<\/span><\/p>\n","protected":false},"excerpt":{"rendered":"<p>La encargada del Programa de Indagaci\u00f3n para Primeras Edades (PIPE), Daniela Sandoval, hizo un taller a educadoras interesadas en el Modelo Indagatorio. La iniciativa estuvo enmarcada en la VIII Feria Regional de Educaci\u00f3n Ambiental, realizada por la Seremi de Medio Ambiente RM a trav\u00e9s de Santiago Recicla, en conjunto con Explora RM Sur Oriente y [&hellip;]<\/p>\n","protected":false},"author":27,"featured_media":0,"comment_status":"open","ping_status":"open","sticky":false,"template":"","format":"standard","meta":{"_acf_changed":false,"_exactmetrics_skip_tracking":false,"_exactmetrics_sitenote_active":false,"_exactmetrics_sitenote_note":"","_exactmetrics_sitenote_category":0,"footnotes":"","_links_to":"","_links_to_target":""},"categories":[1],"tags":[],"class_list":["post-39631","post","type-post","status-publish","format-standard","hentry","category-sin-categoria"],"acf":[],"yoast_head":"<!-- This site is optimized with the Yoast SEO plugin v26.9 - https:\/\/yoast.com\/product\/yoast-seo-wordpress\/ -->\n<title>PIPE estuvo presente en la VIII Feria Regional de Educaci\u00f3n Ambiental - RM Sur Oriente<\/title>\n<meta name=\"robots\" content=\"index, follow, max-snippet:-1, max-image-preview:large, max-video-preview:-1\" \/>\n<link rel=\"canonical\" href=\"https:\/\/explora.cl\/rmsuroriente\/pipe-estuvo-presente-en-la-viii-feria-regional-de-educacion-ambiental\/\" class=\"yoast-seo-meta-tag\" \/>\n<meta property=\"og:locale\" content=\"es_ES\" class=\"yoast-seo-meta-tag\" \/>\n<meta property=\"og:type\" content=\"article\" class=\"yoast-seo-meta-tag\" \/>\n<meta property=\"og:title\" content=\"PIPE estuvo presente en la VIII Feria Regional de Educaci\u00f3n Ambiental - RM Sur Oriente\" class=\"yoast-seo-meta-tag\" \/>\n<meta property=\"og:description\" content=\"La encargada del Programa de Indagaci\u00f3n para Primeras Edades (PIPE), Daniela Sandoval, hizo un taller a educadoras interesadas en el Modelo Indagatorio. La iniciativa estuvo enmarcada en la VIII Feria Regional de Educaci\u00f3n Ambiental, realizada por la Seremi de Medio Ambiente RM a trav\u00e9s de Santiago Recicla, en conjunto con Explora RM Sur Oriente y [&hellip;]\" class=\"yoast-seo-meta-tag\" \/>\n<meta property=\"og:url\" content=\"https:\/\/explora.cl\/rmsuroriente\/pipe-estuvo-presente-en-la-viii-feria-regional-de-educacion-ambiental\/\" class=\"yoast-seo-meta-tag\" \/>\n<meta property=\"og:site_name\" content=\"RM Sur Oriente\" class=\"yoast-seo-meta-tag\" \/>\n<meta property=\"article:published_time\" content=\"2020-10-19T21:51:59+00:00\" class=\"yoast-seo-meta-tag\" \/>\n<meta name=\"author\" content=\"RMSO PUC\" class=\"yoast-seo-meta-tag\" \/>\n<meta name=\"twitter:card\" content=\"summary_large_image\" class=\"yoast-seo-meta-tag\" \/>\n<meta name=\"twitter:label1\" content=\"Escrito por\" class=\"yoast-seo-meta-tag\" \/>\n\t<meta name=\"twitter:data1\" content=\"RMSO PUC\" class=\"yoast-seo-meta-tag\" \/>\n\t<meta name=\"twitter:label2\" content=\"Tiempo estimado de lectura\" class=\"yoast-seo-meta-tag\" \/>\n\t<meta name=\"twitter:data2\" content=\"2 minutos\" class=\"yoast-seo-meta-tag\" \/>\n<script type=\"application\/ld+json\" class=\"yoast-schema-graph\">{\"@context\":\"https:\/\/schema.org\",\"@graph\":[{\"@type\":\"Article\",\"@id\":\"https:\/\/explora.cl\/rmsuroriente\/pipe-estuvo-presente-en-la-viii-feria-regional-de-educacion-ambiental\/#article\",\"isPartOf\":{\"@id\":\"https:\/\/explora.cl\/rmsuroriente\/pipe-estuvo-presente-en-la-viii-feria-regional-de-educacion-ambiental\/\"},\"author\":{\"name\":\"RMSO PUC\",\"@id\":\"https:\/\/explora.cl\/rmsuroriente\/#\/schema\/person\/164f0bfb03507b3d5dd75257d8e71697\"},\"headline\":\"PIPE estuvo presente en la VIII Feria Regional de Educaci\u00f3n Ambiental\",\"datePublished\":\"2020-10-19T21:51:59+00:00\",\"mainEntityOfPage\":{\"@id\":\"https:\/\/explora.cl\/rmsuroriente\/pipe-estuvo-presente-en-la-viii-feria-regional-de-educacion-ambiental\/\"},\"wordCount\":343,\"commentCount\":0,\"publisher\":{\"@id\":\"https:\/\/explora.cl\/rmsuroriente\/#organization\"},\"inLanguage\":\"es-CL\",\"potentialAction\":[{\"@type\":\"CommentAction\",\"name\":\"Comment\",\"target\":[\"https:\/\/explora.cl\/rmsuroriente\/pipe-estuvo-presente-en-la-viii-feria-regional-de-educacion-ambiental\/#respond\"]}]},{\"@type\":\"WebPage\",\"@id\":\"https:\/\/explora.cl\/rmsuroriente\/pipe-estuvo-presente-en-la-viii-feria-regional-de-educacion-ambiental\/\",\"url\":\"https:\/\/explora.cl\/rmsuroriente\/pipe-estuvo-presente-en-la-viii-feria-regional-de-educacion-ambiental\/\",\"name\":\"PIPE estuvo presente en la VIII Feria Regional de Educaci\u00f3n Ambiental - RM Sur Oriente\",\"isPartOf\":{\"@id\":\"https:\/\/explora.cl\/rmsuroriente\/#website\"},\"datePublished\":\"2020-10-19T21:51:59+00:00\",\"breadcrumb\":{\"@id\":\"https:\/\/explora.cl\/rmsuroriente\/pipe-estuvo-presente-en-la-viii-feria-regional-de-educacion-ambiental\/#breadcrumb\"},\"inLanguage\":\"es-CL\",\"potentialAction\":[{\"@type\":\"ReadAction\",\"target\":[\"https:\/\/explora.cl\/rmsuroriente\/pipe-estuvo-presente-en-la-viii-feria-regional-de-educacion-ambiental\/\"]}]},{\"@type\":\"BreadcrumbList\",\"@id\":\"https:\/\/explora.cl\/rmsuroriente\/pipe-estuvo-presente-en-la-viii-feria-regional-de-educacion-ambiental\/#breadcrumb\",\"itemListElement\":[{\"@type\":\"ListItem\",\"position\":1,\"name\":\"Portada\",\"item\":\"https:\/\/explora.cl\/rmsuroriente\/\"},{\"@type\":\"ListItem\",\"position\":2,\"name\":\"PIPE estuvo presente en la VIII Feria Regional de Educaci\u00f3n Ambiental\"}]},{\"@type\":\"WebSite\",\"@id\":\"https:\/\/explora.cl\/rmsuroriente\/#website\",\"url\":\"https:\/\/explora.cl\/rmsuroriente\/\",\"name\":\"RM Sur Oriente\",\"description\":\"Otro sitio m\u00e1s de explora.cl\",\"publisher\":{\"@id\":\"https:\/\/explora.cl\/rmsuroriente\/#organization\"},\"potentialAction\":[{\"@type\":\"SearchAction\",\"target\":{\"@type\":\"EntryPoint\",\"urlTemplate\":\"https:\/\/explora.cl\/rmsuroriente\/?s={search_term_string}\"},\"query-input\":{\"@type\":\"PropertyValueSpecification\",\"valueRequired\":true,\"valueName\":\"search_term_string\"}}],\"inLanguage\":\"es-CL\"},{\"@type\":\"Organization\",\"@id\":\"https:\/\/explora.cl\/rmsuroriente\/#organization\",\"name\":\"RM Sur Oriente\",\"url\":\"https:\/\/explora.cl\/rmsuroriente\/\",\"logo\":{\"@type\":\"ImageObject\",\"inLanguage\":\"es-CL\",\"@id\":\"https:\/\/explora.cl\/rmsuroriente\/#\/schema\/logo\/image\/\",\"url\":\"https:\/\/explora.cl\/rmsuroriente\/wp-content\/uploads\/sites\/12\/2025\/04\/cropped-LogoPAR_RMSO-Azul-UC.png\",\"contentUrl\":\"https:\/\/explora.cl\/rmsuroriente\/wp-content\/uploads\/sites\/12\/2025\/04\/cropped-LogoPAR_RMSO-Azul-UC.png\",\"width\":411,\"height\":409,\"caption\":\"RM Sur Oriente\"},\"image\":{\"@id\":\"https:\/\/explora.cl\/rmsuroriente\/#\/schema\/logo\/image\/\"}},{\"@type\":\"Person\",\"@id\":\"https:\/\/explora.cl\/rmsuroriente\/#\/schema\/person\/164f0bfb03507b3d5dd75257d8e71697\",\"name\":\"RMSO PUC\",\"image\":{\"@type\":\"ImageObject\",\"inLanguage\":\"es-CL\",\"@id\":\"https:\/\/explora.cl\/rmsuroriente\/#\/schema\/person\/image\/\",\"url\":\"https:\/\/secure.gravatar.com\/avatar\/16f7131f033ed433ea432d3fc2b04af9756004afdb5a6b61c705d795f6425ea0?s=96&d=mm&r=g\",\"contentUrl\":\"https:\/\/secure.gravatar.com\/avatar\/16f7131f033ed433ea432d3fc2b04af9756004afdb5a6b61c705d795f6425ea0?s=96&d=mm&r=g\",\"caption\":\"RMSO PUC\"},\"sameAs\":[\"https:\/\/www.instagram.com\/parexplorarmsuroriente\/\"],\"url\":\"https:\/\/explora.cl\/rmsuroriente\/author\/myanez\/\"}]}<\/script>\n<!-- \/ Yoast SEO plugin. -->","yoast_head_json":{"title":"PIPE estuvo presente en la VIII Feria Regional de Educaci\u00f3n Ambiental - RM Sur Oriente","robots":{"index":"index","follow":"follow","max-snippet":"max-snippet:-1","max-image-preview":"max-image-preview:large","max-video-preview":"max-video-preview:-1"},"canonical":"https:\/\/explora.cl\/rmsuroriente\/pipe-estuvo-presente-en-la-viii-feria-regional-de-educacion-ambiental\/","og_locale":"es_ES","og_type":"article","og_title":"PIPE estuvo presente en la VIII Feria Regional de Educaci\u00f3n Ambiental - RM Sur Oriente","og_description":"La encargada del Programa de Indagaci\u00f3n para Primeras Edades (PIPE), Daniela Sandoval, hizo un taller a educadoras interesadas en el Modelo Indagatorio. La iniciativa estuvo enmarcada en la VIII Feria Regional de Educaci\u00f3n Ambiental, realizada por la Seremi de Medio Ambiente RM a trav\u00e9s de Santiago Recicla, en conjunto con Explora RM Sur Oriente y [&hellip;]","og_url":"https:\/\/explora.cl\/rmsuroriente\/pipe-estuvo-presente-en-la-viii-feria-regional-de-educacion-ambiental\/","og_site_name":"RM Sur Oriente","article_published_time":"2020-10-19T21:51:59+00:00","author":"RMSO PUC","twitter_card":"summary_large_image","twitter_misc":{"Escrito por":"RMSO PUC","Tiempo estimado de lectura":"2 minutos"},"schema":{"@context":"https:\/\/schema.org","@graph":[{"@type":"Article","@id":"https:\/\/explora.cl\/rmsuroriente\/pipe-estuvo-presente-en-la-viii-feria-regional-de-educacion-ambiental\/#article","isPartOf":{"@id":"https:\/\/explora.cl\/rmsuroriente\/pipe-estuvo-presente-en-la-viii-feria-regional-de-educacion-ambiental\/"},"author":{"name":"RMSO PUC","@id":"https:\/\/explora.cl\/rmsuroriente\/#\/schema\/person\/164f0bfb03507b3d5dd75257d8e71697"},"headline":"PIPE estuvo presente en la VIII Feria Regional de Educaci\u00f3n Ambiental","datePublished":"2020-10-19T21:51:59+00:00","mainEntityOfPage":{"@id":"https:\/\/explora.cl\/rmsuroriente\/pipe-estuvo-presente-en-la-viii-feria-regional-de-educacion-ambiental\/"},"wordCount":343,"commentCount":0,"publisher":{"@id":"https:\/\/explora.cl\/rmsuroriente\/#organization"},"inLanguage":"es-CL","potentialAction":[{"@type":"CommentAction","name":"Comment","target":["https:\/\/explora.cl\/rmsuroriente\/pipe-estuvo-presente-en-la-viii-feria-regional-de-educacion-ambiental\/#respond"]}]},{"@type":"WebPage","@id":"https:\/\/explora.cl\/rmsuroriente\/pipe-estuvo-presente-en-la-viii-feria-regional-de-educacion-ambiental\/","url":"https:\/\/explora.cl\/rmsuroriente\/pipe-estuvo-presente-en-la-viii-feria-regional-de-educacion-ambiental\/","name":"PIPE estuvo presente en la VIII Feria Regional de Educaci\u00f3n Ambiental - RM Sur Oriente","isPartOf":{"@id":"https:\/\/explora.cl\/rmsuroriente\/#website"},"datePublished":"2020-10-19T21:51:59+00:00","breadcrumb":{"@id":"https:\/\/explora.cl\/rmsuroriente\/pipe-estuvo-presente-en-la-viii-feria-regional-de-educacion-ambiental\/#breadcrumb"},"inLanguage":"es-CL","potentialAction":[{"@type":"ReadAction","target":["https:\/\/explora.cl\/rmsuroriente\/pipe-estuvo-presente-en-la-viii-feria-regional-de-educacion-ambiental\/"]}]},{"@type":"BreadcrumbList","@id":"https:\/\/explora.cl\/rmsuroriente\/pipe-estuvo-presente-en-la-viii-feria-regional-de-educacion-ambiental\/#breadcrumb","itemListElement":[{"@type":"ListItem","position":1,"name":"Portada","item":"https:\/\/explora.cl\/rmsuroriente\/"},{"@type":"ListItem","position":2,"name":"PIPE estuvo presente en la VIII Feria Regional de Educaci\u00f3n Ambiental"}]},{"@type":"WebSite","@id":"https:\/\/explora.cl\/rmsuroriente\/#website","url":"https:\/\/explora.cl\/rmsuroriente\/","name":"RM Sur Oriente","description":"Otro sitio m\u00e1s de explora.cl","publisher":{"@id":"https:\/\/explora.cl\/rmsuroriente\/#organization"},"potentialAction":[{"@type":"SearchAction","target":{"@type":"EntryPoint","urlTemplate":"https:\/\/explora.cl\/rmsuroriente\/?s={search_term_string}"},"query-input":{"@type":"PropertyValueSpecification","valueRequired":true,"valueName":"search_term_string"}}],"inLanguage":"es-CL"},{"@type":"Organization","@id":"https:\/\/explora.cl\/rmsuroriente\/#organization","name":"RM Sur Oriente","url":"https:\/\/explora.cl\/rmsuroriente\/","logo":{"@type":"ImageObject","inLanguage":"es-CL","@id":"https:\/\/explora.cl\/rmsuroriente\/#\/schema\/logo\/image\/","url":"https:\/\/explora.cl\/rmsuroriente\/wp-content\/uploads\/sites\/12\/2025\/04\/cropped-LogoPAR_RMSO-Azul-UC.png","contentUrl":"https:\/\/explora.cl\/rmsuroriente\/wp-content\/uploads\/sites\/12\/2025\/04\/cropped-LogoPAR_RMSO-Azul-UC.png","width":411,"height":409,"caption":"RM Sur Oriente"},"image":{"@id":"https:\/\/explora.cl\/rmsuroriente\/#\/schema\/logo\/image\/"}},{"@type":"Person","@id":"https:\/\/explora.cl\/rmsuroriente\/#\/schema\/person\/164f0bfb03507b3d5dd75257d8e71697","name":"RMSO PUC","image":{"@type":"ImageObject","inLanguage":"es-CL","@id":"https:\/\/explora.cl\/rmsuroriente\/#\/schema\/person\/image\/","url":"https:\/\/secure.gravatar.com\/avatar\/16f7131f033ed433ea432d3fc2b04af9756004afdb5a6b61c705d795f6425ea0?s=96&d=mm&r=g","contentUrl":"https:\/\/secure.gravatar.com\/avatar\/16f7131f033ed433ea432d3fc2b04af9756004afdb5a6b61c705d795f6425ea0?s=96&d=mm&r=g","caption":"RMSO PUC"},"sameAs":["https:\/\/www.instagram.com\/parexplorarmsuroriente\/"],"url":"https:\/\/explora.cl\/rmsuroriente\/author\/myanez\/"}]}},"_links":{"self":[{"href":"https:\/\/explora.cl\/rmsuroriente\/wp-json\/wp\/v2\/posts\/39631","targetHints":{"allow":["GET"]}}],"collection":[{"href":"https:\/\/explora.cl\/rmsuroriente\/wp-json\/wp\/v2\/posts"}],"about":[{"href":"https:\/\/explora.cl\/rmsuroriente\/wp-json\/wp\/v2\/types\/post"}],"author":[{"embeddable":true,"href":"https:\/\/explora.cl\/rmsuroriente\/wp-json\/wp\/v2\/users\/27"}],"replies":[{"embeddable":true,"href":"https:\/\/explora.cl\/rmsuroriente\/wp-json\/wp\/v2\/comments?post=39631"}],"version-history":[{"count":1,"href":"https:\/\/explora.cl\/rmsuroriente\/wp-json\/wp\/v2\/posts\/39631\/revisions"}],"predecessor-version":[{"id":39632,"href":"https:\/\/explora.cl\/rmsuroriente\/wp-json\/wp\/v2\/posts\/39631\/revisions\/39632"}],"wp:attachment":[{"href":"https:\/\/explora.cl\/rmsuroriente\/wp-json\/wp\/v2\/media?parent=39631"}],"wp:term":[{"taxonomy":"category","embeddable":true,"href":"https:\/\/explora.cl\/rmsuroriente\/wp-json\/wp\/v2\/categories?post=39631"},{"taxonomy":"post_tag","embeddable":true,"href":"https:\/\/explora.cl\/rmsuroriente\/wp-json\/wp\/v2\/tags?post=39631"}],"curies":[{"name":"wp","href":"https:\/\/api.w.org\/{rel}","templated":true}]}}