{"id":39610,"date":"2020-10-09T14:13:51","date_gmt":"2020-10-09T17:13:51","guid":{"rendered":"https:\/\/explora.cl\/rmsuroriente\/?p=39610"},"modified":"2020-10-09T16:14:35","modified_gmt":"2020-10-09T19:14:35","slug":"revisa-la-programacion-de-la-viii-feria-regional-de-educacion-ambiental","status":"publish","type":"post","link":"https:\/\/explora.cl\/rmsuroriente\/revisa-la-programacion-de-la-viii-feria-regional-de-educacion-ambiental\/","title":{"rendered":"\u00a1Revisa la programaci\u00f3n de la VIII Feria Regional de Educaci\u00f3n Ambiental!"},"content":{"rendered":"<p>El mi\u00e9rcoles 14 de octubre se realizar\u00e1 en formato virtual la VIII Feria Regional de Educaci\u00f3n Ambiental, acompa\u00f1ado por el lema \u201cFormando comunidades sustentables en la RM: Un nuevo desaf\u00edo en el contexto de pandemia Covid-19\u201d. Se desplegar\u00e1n en m\u00e1s de 35 salas virtuales.<\/p>\n<p>A pesar del contexto de crisis sanitaria provocado por la pandemia Covid-19, la Seremi del Medio Ambiente RM, en conjunto con Explora Conicyt y la Universidad Andr\u00e9s Bello, realizar\u00e1n este mi\u00e9rcoles 14 de octubre la octava edici\u00f3n de la Feria Regional de Educaci\u00f3n Ambiental, a trav\u00e9s de la plataforma de YouTube en el canal Santiago Recicla desde las 10:00 horas.<\/p>\n<p>La instancia reunir\u00e1 a 35 instituciones entre las que se encuentran Escuelas, Universidades, Fundaciones, Municipios, Emprendimientos, Servicios P\u00fablicos y Empresas B. El evento es gratuito y puedes inscribirte a trav\u00e9s del siguiente <a href=\"https:\/\/docs.google.com\/forms\/d\/e\/1FAIpQLSe5MsnhoM8mJLtCFHq60mVwRa1-95uejc3xOBiYu4evjTi5_A\/viewform\">Formulario.<\/a><\/p>\n<p>A las 10:00 horas el evento iniciar\u00e1 con una bienvenida y saludo inicial por parte del Seremi de Medio Ambiente, Diego Riveaux. Luego, la <a href=\"http:\/\/santiagorecicla.mma.gob.cl\/programa-viii-feria-regional-educacion-ambiental-rm\/\">programaci\u00f3n<\/a> consiste en cinco ejes: Econom\u00eda Circular; Soberan\u00eda Alimentaria y Residuos Org\u00e1nicos; Cambio Clim\u00e1tico; Biodiversidad y Recursos Naturales y Vida Sustentable y Ciudades Sostenibles. Cada uno de ellos tiene diferentes expositores en bloques paralelos, por lo que la transmisi\u00f3n ser\u00e1 simult\u00e1nea, con el objetivo de ampliar la oferta de temas.<\/p>\n<h2>Programaci\u00f3n VIII Feria Regional de Educaci\u00f3n Ambiental<\/h2>\n<p>Econom\u00eda Circular:<br \/>\n-10:30 a 11:30: Complejo Educacional Maip\u00fa y Escuela Particular El\u00edas Canessa Vergara (Maip\u00fa).<br \/>\n-11:30 a 12:30: Municipalidad de Maip\u00fa<br \/>\n-12:30 a 13:30: Revalora Chile<br \/>\n-14:30 a 15:30: Fundaci\u00f3n Plastic Oceans<br \/>\n-15:30 a 16:30: REMODE<br \/>\n-16:30 a 17:30: CORFO<br \/>\n-17:30 a 18:30: ECODISE\u00d1O<\/p>\n<p>Soberan\u00eda Alimentaria y Residuos Org\u00e1nicos<br \/>\n-10:30 a 11:30: Escuela Ciudad de Lyon (El Bosque) y Jard\u00edn Infantil Madre Selva (Maip\u00fa)<br \/>\n-11:30 a 12:30: Municipalidad de San Joaqu\u00edn<br \/>\n-12:30 a 13:30: Universidad del Desarrollo<br \/>\n-14:30 a 15:30: Oficina Econom\u00eda Circular MMA<br \/>\n-15:30 a 16:30: Fundaci\u00f3n Brotes.<\/p>\n<p>Cambio Clim\u00e1tico<br \/>\n-10:30 a 11:30: Liceo Alberto Magno (La Florida) y Jard\u00edn Infantil Andalue (Conchal\u00ed)<br \/>\n-11:30 a 12:30: Municipalidad de Renca<br \/>\n-12:30 a 13:30: Pontificia Universidad Cat\u00f3lica de Chile<br \/>\n-14:30 a 15:30: ChileWeather<br \/>\n-15:30 a 16:30: Agencia Sostenibilidad Energ\u00e9tica<br \/>\n-16:30 a 17:30: Jard\u00edn Infantil Los Almendros (La Florida)<\/p>\n<p>Biodiversidad y Recursos Naturales<br \/>\n-10:30 a 11:30: Escuela el Remanso (El Monte) y Jard\u00edn Infantil Los Angelitos de Chinihue (El Monte)<br \/>\n-11:30 a 12:30: Municipalidad de Pe\u00f1alol\u00e9n<br \/>\n-12:30 a 13:30: Universidad de Chile<br \/>\n-14:30 a15:30: GEF Monta\u00f1a-MMA<br \/>\n-15:30 a 16:30: Bosque Santiago-ParqueMet<br \/>\n-16:30 a 17:30: Fundaci\u00f3n Urbaser Danner<br \/>\n-17:30 a 18:30: Fundaci\u00f3n CIFREP<\/p>\n<p>Vida Sustentable y Ciudades Sostenibles<br \/>\n-10:30 a 11:30: Colegio Salvador Dal\u00ed (Maip\u00fa) y Jard\u00edn Infantil El Naranjito (La Florida)<br \/>\n-11:30 a 12:30: Municipalidad de Santiago<br \/>\n-12:30 a 13:30: Universidad Andr\u00e9s Bello<br \/>\n-14:30 a 15:30: Aguas del Barrio<br \/>\n-15:30 a 16:30: Depto. Ruido, Olores y Lum\u00ednica del Ministerio del Medio Ambiente<br \/>\n-16:30 a 17:30: ECOBIJO<\/p>\n<p>Puedes encontrar m\u00e1s informaci\u00f3n visita <a href=\"http:\/\/santiagorecicla.mma.gob.cl\/\">http:\/\/santiagorecicla.mma.gob.cl\/<\/a><\/p>\n","protected":false},"excerpt":{"rendered":"<p>El mi\u00e9rcoles 14 de octubre se realizar\u00e1 en formato virtual la VIII Feria Regional de Educaci\u00f3n Ambiental, acompa\u00f1ado por el lema \u201cFormando comunidades sustentables en la RM: Un nuevo desaf\u00edo en el contexto de pandemia Covid-19\u201d. Se desplegar\u00e1n en m\u00e1s de 35 salas virtuales.<\/p>\n","protected":false},"author":27,"featured_media":39611,"comment_status":"open","ping_status":"open","sticky":false,"template":"","format":"standard","meta":{"_acf_changed":false,"_exactmetrics_skip_tracking":false,"_exactmetrics_sitenote_active":false,"_exactmetrics_sitenote_note":"","_exactmetrics_sitenote_category":0,"footnotes":"","_links_to":"","_links_to_target":""},"categories":[139,4],"tags":[],"class_list":["post-39610","post","type-post","status-publish","format-standard","has-post-thumbnail","hentry","category-lugar-4","category-noticias"],"acf":[],"yoast_head":"<!-- This site is optimized with the Yoast SEO plugin v26.9 - https:\/\/yoast.com\/product\/yoast-seo-wordpress\/ -->\n<title>\u00a1Revisa la programaci\u00f3n de la VIII Feria Regional de Educaci\u00f3n Ambiental! - RM Sur Oriente<\/title>\n<meta name=\"robots\" content=\"index, follow, max-snippet:-1, max-image-preview:large, max-video-preview:-1\" \/>\n<link rel=\"canonical\" href=\"https:\/\/explora.cl\/rmsuroriente\/revisa-la-programacion-de-la-viii-feria-regional-de-educacion-ambiental\/\" class=\"yoast-seo-meta-tag\" \/>\n<meta property=\"og:locale\" content=\"es_ES\" class=\"yoast-seo-meta-tag\" \/>\n<meta property=\"og:type\" content=\"article\" class=\"yoast-seo-meta-tag\" \/>\n<meta property=\"og:title\" content=\"\u00a1Revisa la programaci\u00f3n de la VIII Feria Regional de Educaci\u00f3n Ambiental! - RM Sur Oriente\" class=\"yoast-seo-meta-tag\" \/>\n<meta property=\"og:description\" content=\"El mi\u00e9rcoles 14 de octubre se realizar\u00e1 en formato virtual la VIII Feria Regional de Educaci\u00f3n Ambiental, acompa\u00f1ado por el lema \u201cFormando comunidades sustentables en la RM: Un nuevo desaf\u00edo en el contexto de pandemia Covid-19\u201d. Se desplegar\u00e1n en m\u00e1s de 35 salas virtuales.\" class=\"yoast-seo-meta-tag\" \/>\n<meta property=\"og:url\" content=\"https:\/\/explora.cl\/rmsuroriente\/revisa-la-programacion-de-la-viii-feria-regional-de-educacion-ambiental\/\" class=\"yoast-seo-meta-tag\" \/>\n<meta property=\"og:site_name\" content=\"RM Sur Oriente\" class=\"yoast-seo-meta-tag\" \/>\n<meta property=\"article:published_time\" content=\"2020-10-09T17:13:51+00:00\" class=\"yoast-seo-meta-tag\" \/>\n<meta property=\"article:modified_time\" content=\"2020-10-09T19:14:35+00:00\" class=\"yoast-seo-meta-tag\" \/>\n<meta property=\"og:image\" content=\"https:\/\/explora.cl\/rmsuroriente\/wp-content\/uploads\/sites\/12\/2020\/10\/FDS-2020-banner-web.png\" class=\"yoast-seo-meta-tag\" \/>\n\t<meta property=\"og:image:width\" content=\"725\" class=\"yoast-seo-meta-tag\" \/>\n\t<meta property=\"og:image:height\" content=\"405\" class=\"yoast-seo-meta-tag\" \/>\n\t<meta property=\"og:image:type\" content=\"image\/png\" class=\"yoast-seo-meta-tag\" \/>\n<meta name=\"author\" content=\"RMSO PUC\" class=\"yoast-seo-meta-tag\" \/>\n<meta name=\"twitter:card\" content=\"summary_large_image\" class=\"yoast-seo-meta-tag\" \/>\n<meta name=\"twitter:label1\" content=\"Escrito por\" class=\"yoast-seo-meta-tag\" \/>\n\t<meta name=\"twitter:data1\" content=\"RMSO PUC\" class=\"yoast-seo-meta-tag\" \/>\n\t<meta name=\"twitter:label2\" content=\"Tiempo estimado de lectura\" class=\"yoast-seo-meta-tag\" \/>\n\t<meta name=\"twitter:data2\" content=\"2 minutos\" class=\"yoast-seo-meta-tag\" \/>\n<script type=\"application\/ld+json\" class=\"yoast-schema-graph\">{\"@context\":\"https:\/\/schema.org\",\"@graph\":[{\"@type\":\"Article\",\"@id\":\"https:\/\/explora.cl\/rmsuroriente\/revisa-la-programacion-de-la-viii-feria-regional-de-educacion-ambiental\/#article\",\"isPartOf\":{\"@id\":\"https:\/\/explora.cl\/rmsuroriente\/revisa-la-programacion-de-la-viii-feria-regional-de-educacion-ambiental\/\"},\"author\":{\"name\":\"RMSO PUC\",\"@id\":\"https:\/\/explora.cl\/rmsuroriente\/#\/schema\/person\/164f0bfb03507b3d5dd75257d8e71697\"},\"headline\":\"\u00a1Revisa la programaci\u00f3n de la VIII Feria Regional de Educaci\u00f3n Ambiental!\",\"datePublished\":\"2020-10-09T17:13:51+00:00\",\"dateModified\":\"2020-10-09T19:14:35+00:00\",\"mainEntityOfPage\":{\"@id\":\"https:\/\/explora.cl\/rmsuroriente\/revisa-la-programacion-de-la-viii-feria-regional-de-educacion-ambiental\/\"},\"wordCount\":498,\"commentCount\":0,\"publisher\":{\"@id\":\"https:\/\/explora.cl\/rmsuroriente\/#organization\"},\"image\":{\"@id\":\"https:\/\/explora.cl\/rmsuroriente\/revisa-la-programacion-de-la-viii-feria-regional-de-educacion-ambiental\/#primaryimage\"},\"thumbnailUrl\":\"https:\/\/explora.cl\/rmsuroriente\/wp-content\/uploads\/sites\/12\/2020\/10\/FDS-2020-banner-web.png\",\"articleSection\":[\"Lugar 4\",\"Noticias\"],\"inLanguage\":\"es-CL\",\"potentialAction\":[{\"@type\":\"CommentAction\",\"name\":\"Comment\",\"target\":[\"https:\/\/explora.cl\/rmsuroriente\/revisa-la-programacion-de-la-viii-feria-regional-de-educacion-ambiental\/#respond\"]}]},{\"@type\":\"WebPage\",\"@id\":\"https:\/\/explora.cl\/rmsuroriente\/revisa-la-programacion-de-la-viii-feria-regional-de-educacion-ambiental\/\",\"url\":\"https:\/\/explora.cl\/rmsuroriente\/revisa-la-programacion-de-la-viii-feria-regional-de-educacion-ambiental\/\",\"name\":\"\u00a1Revisa la programaci\u00f3n de la VIII Feria Regional de Educaci\u00f3n Ambiental! - RM Sur Oriente\",\"isPartOf\":{\"@id\":\"https:\/\/explora.cl\/rmsuroriente\/#website\"},\"primaryImageOfPage\":{\"@id\":\"https:\/\/explora.cl\/rmsuroriente\/revisa-la-programacion-de-la-viii-feria-regional-de-educacion-ambiental\/#primaryimage\"},\"image\":{\"@id\":\"https:\/\/explora.cl\/rmsuroriente\/revisa-la-programacion-de-la-viii-feria-regional-de-educacion-ambiental\/#primaryimage\"},\"thumbnailUrl\":\"https:\/\/explora.cl\/rmsuroriente\/wp-content\/uploads\/sites\/12\/2020\/10\/FDS-2020-banner-web.png\",\"datePublished\":\"2020-10-09T17:13:51+00:00\",\"dateModified\":\"2020-10-09T19:14:35+00:00\",\"breadcrumb\":{\"@id\":\"https:\/\/explora.cl\/rmsuroriente\/revisa-la-programacion-de-la-viii-feria-regional-de-educacion-ambiental\/#breadcrumb\"},\"inLanguage\":\"es-CL\",\"potentialAction\":[{\"@type\":\"ReadAction\",\"target\":[\"https:\/\/explora.cl\/rmsuroriente\/revisa-la-programacion-de-la-viii-feria-regional-de-educacion-ambiental\/\"]}]},{\"@type\":\"ImageObject\",\"inLanguage\":\"es-CL\",\"@id\":\"https:\/\/explora.cl\/rmsuroriente\/revisa-la-programacion-de-la-viii-feria-regional-de-educacion-ambiental\/#primaryimage\",\"url\":\"https:\/\/explora.cl\/rmsuroriente\/wp-content\/uploads\/sites\/12\/2020\/10\/FDS-2020-banner-web.png\",\"contentUrl\":\"https:\/\/explora.cl\/rmsuroriente\/wp-content\/uploads\/sites\/12\/2020\/10\/FDS-2020-banner-web.png\",\"width\":725,\"height\":405},{\"@type\":\"BreadcrumbList\",\"@id\":\"https:\/\/explora.cl\/rmsuroriente\/revisa-la-programacion-de-la-viii-feria-regional-de-educacion-ambiental\/#breadcrumb\",\"itemListElement\":[{\"@type\":\"ListItem\",\"position\":1,\"name\":\"Portada\",\"item\":\"https:\/\/explora.cl\/rmsuroriente\/\"},{\"@type\":\"ListItem\",\"position\":2,\"name\":\"\u00a1Revisa la programaci\u00f3n de la VIII Feria Regional de Educaci\u00f3n Ambiental!\"}]},{\"@type\":\"WebSite\",\"@id\":\"https:\/\/explora.cl\/rmsuroriente\/#website\",\"url\":\"https:\/\/explora.cl\/rmsuroriente\/\",\"name\":\"RM Sur Oriente\",\"description\":\"Otro sitio m\u00e1s de explora.cl\",\"publisher\":{\"@id\":\"https:\/\/explora.cl\/rmsuroriente\/#organization\"},\"potentialAction\":[{\"@type\":\"SearchAction\",\"target\":{\"@type\":\"EntryPoint\",\"urlTemplate\":\"https:\/\/explora.cl\/rmsuroriente\/?s={search_term_string}\"},\"query-input\":{\"@type\":\"PropertyValueSpecification\",\"valueRequired\":true,\"valueName\":\"search_term_string\"}}],\"inLanguage\":\"es-CL\"},{\"@type\":\"Organization\",\"@id\":\"https:\/\/explora.cl\/rmsuroriente\/#organization\",\"name\":\"RM Sur Oriente\",\"url\":\"https:\/\/explora.cl\/rmsuroriente\/\",\"logo\":{\"@type\":\"ImageObject\",\"inLanguage\":\"es-CL\",\"@id\":\"https:\/\/explora.cl\/rmsuroriente\/#\/schema\/logo\/image\/\",\"url\":\"https:\/\/explora.cl\/rmsuroriente\/wp-content\/uploads\/sites\/12\/2025\/04\/cropped-LogoPAR_RMSO-Azul-UC.png\",\"contentUrl\":\"https:\/\/explora.cl\/rmsuroriente\/wp-content\/uploads\/sites\/12\/2025\/04\/cropped-LogoPAR_RMSO-Azul-UC.png\",\"width\":411,\"height\":409,\"caption\":\"RM Sur Oriente\"},\"image\":{\"@id\":\"https:\/\/explora.cl\/rmsuroriente\/#\/schema\/logo\/image\/\"}},{\"@type\":\"Person\",\"@id\":\"https:\/\/explora.cl\/rmsuroriente\/#\/schema\/person\/164f0bfb03507b3d5dd75257d8e71697\",\"name\":\"RMSO PUC\",\"image\":{\"@type\":\"ImageObject\",\"inLanguage\":\"es-CL\",\"@id\":\"https:\/\/explora.cl\/rmsuroriente\/#\/schema\/person\/image\/\",\"url\":\"https:\/\/secure.gravatar.com\/avatar\/16f7131f033ed433ea432d3fc2b04af9756004afdb5a6b61c705d795f6425ea0?s=96&d=mm&r=g\",\"contentUrl\":\"https:\/\/secure.gravatar.com\/avatar\/16f7131f033ed433ea432d3fc2b04af9756004afdb5a6b61c705d795f6425ea0?s=96&d=mm&r=g\",\"caption\":\"RMSO PUC\"},\"sameAs\":[\"https:\/\/www.instagram.com\/parexplorarmsuroriente\/\"],\"url\":\"https:\/\/explora.cl\/rmsuroriente\/author\/myanez\/\"}]}<\/script>\n<!-- \/ Yoast SEO plugin. -->","yoast_head_json":{"title":"\u00a1Revisa la programaci\u00f3n de la VIII Feria Regional de Educaci\u00f3n Ambiental! - RM Sur Oriente","robots":{"index":"index","follow":"follow","max-snippet":"max-snippet:-1","max-image-preview":"max-image-preview:large","max-video-preview":"max-video-preview:-1"},"canonical":"https:\/\/explora.cl\/rmsuroriente\/revisa-la-programacion-de-la-viii-feria-regional-de-educacion-ambiental\/","og_locale":"es_ES","og_type":"article","og_title":"\u00a1Revisa la programaci\u00f3n de la VIII Feria Regional de Educaci\u00f3n Ambiental! - RM Sur Oriente","og_description":"El mi\u00e9rcoles 14 de octubre se realizar\u00e1 en formato virtual la VIII Feria Regional de Educaci\u00f3n Ambiental, acompa\u00f1ado por el lema \u201cFormando comunidades sustentables en la RM: Un nuevo desaf\u00edo en el contexto de pandemia Covid-19\u201d. Se desplegar\u00e1n en m\u00e1s de 35 salas virtuales.","og_url":"https:\/\/explora.cl\/rmsuroriente\/revisa-la-programacion-de-la-viii-feria-regional-de-educacion-ambiental\/","og_site_name":"RM Sur Oriente","article_published_time":"2020-10-09T17:13:51+00:00","article_modified_time":"2020-10-09T19:14:35+00:00","og_image":[{"width":725,"height":405,"url":"https:\/\/explora.cl\/rmsuroriente\/wp-content\/uploads\/sites\/12\/2020\/10\/FDS-2020-banner-web.png","type":"image\/png"}],"author":"RMSO PUC","twitter_card":"summary_large_image","twitter_misc":{"Escrito por":"RMSO PUC","Tiempo estimado de lectura":"2 minutos"},"schema":{"@context":"https:\/\/schema.org","@graph":[{"@type":"Article","@id":"https:\/\/explora.cl\/rmsuroriente\/revisa-la-programacion-de-la-viii-feria-regional-de-educacion-ambiental\/#article","isPartOf":{"@id":"https:\/\/explora.cl\/rmsuroriente\/revisa-la-programacion-de-la-viii-feria-regional-de-educacion-ambiental\/"},"author":{"name":"RMSO PUC","@id":"https:\/\/explora.cl\/rmsuroriente\/#\/schema\/person\/164f0bfb03507b3d5dd75257d8e71697"},"headline":"\u00a1Revisa la programaci\u00f3n de la VIII Feria Regional de Educaci\u00f3n Ambiental!","datePublished":"2020-10-09T17:13:51+00:00","dateModified":"2020-10-09T19:14:35+00:00","mainEntityOfPage":{"@id":"https:\/\/explora.cl\/rmsuroriente\/revisa-la-programacion-de-la-viii-feria-regional-de-educacion-ambiental\/"},"wordCount":498,"commentCount":0,"publisher":{"@id":"https:\/\/explora.cl\/rmsuroriente\/#organization"},"image":{"@id":"https:\/\/explora.cl\/rmsuroriente\/revisa-la-programacion-de-la-viii-feria-regional-de-educacion-ambiental\/#primaryimage"},"thumbnailUrl":"https:\/\/explora.cl\/rmsuroriente\/wp-content\/uploads\/sites\/12\/2020\/10\/FDS-2020-banner-web.png","articleSection":["Lugar 4","Noticias"],"inLanguage":"es-CL","potentialAction":[{"@type":"CommentAction","name":"Comment","target":["https:\/\/explora.cl\/rmsuroriente\/revisa-la-programacion-de-la-viii-feria-regional-de-educacion-ambiental\/#respond"]}]},{"@type":"WebPage","@id":"https:\/\/explora.cl\/rmsuroriente\/revisa-la-programacion-de-la-viii-feria-regional-de-educacion-ambiental\/","url":"https:\/\/explora.cl\/rmsuroriente\/revisa-la-programacion-de-la-viii-feria-regional-de-educacion-ambiental\/","name":"\u00a1Revisa la programaci\u00f3n de la VIII Feria Regional de Educaci\u00f3n Ambiental! - RM Sur Oriente","isPartOf":{"@id":"https:\/\/explora.cl\/rmsuroriente\/#website"},"primaryImageOfPage":{"@id":"https:\/\/explora.cl\/rmsuroriente\/revisa-la-programacion-de-la-viii-feria-regional-de-educacion-ambiental\/#primaryimage"},"image":{"@id":"https:\/\/explora.cl\/rmsuroriente\/revisa-la-programacion-de-la-viii-feria-regional-de-educacion-ambiental\/#primaryimage"},"thumbnailUrl":"https:\/\/explora.cl\/rmsuroriente\/wp-content\/uploads\/sites\/12\/2020\/10\/FDS-2020-banner-web.png","datePublished":"2020-10-09T17:13:51+00:00","dateModified":"2020-10-09T19:14:35+00:00","breadcrumb":{"@id":"https:\/\/explora.cl\/rmsuroriente\/revisa-la-programacion-de-la-viii-feria-regional-de-educacion-ambiental\/#breadcrumb"},"inLanguage":"es-CL","potentialAction":[{"@type":"ReadAction","target":["https:\/\/explora.cl\/rmsuroriente\/revisa-la-programacion-de-la-viii-feria-regional-de-educacion-ambiental\/"]}]},{"@type":"ImageObject","inLanguage":"es-CL","@id":"https:\/\/explora.cl\/rmsuroriente\/revisa-la-programacion-de-la-viii-feria-regional-de-educacion-ambiental\/#primaryimage","url":"https:\/\/explora.cl\/rmsuroriente\/wp-content\/uploads\/sites\/12\/2020\/10\/FDS-2020-banner-web.png","contentUrl":"https:\/\/explora.cl\/rmsuroriente\/wp-content\/uploads\/sites\/12\/2020\/10\/FDS-2020-banner-web.png","width":725,"height":405},{"@type":"BreadcrumbList","@id":"https:\/\/explora.cl\/rmsuroriente\/revisa-la-programacion-de-la-viii-feria-regional-de-educacion-ambiental\/#breadcrumb","itemListElement":[{"@type":"ListItem","position":1,"name":"Portada","item":"https:\/\/explora.cl\/rmsuroriente\/"},{"@type":"ListItem","position":2,"name":"\u00a1Revisa la programaci\u00f3n de la VIII Feria Regional de Educaci\u00f3n Ambiental!"}]},{"@type":"WebSite","@id":"https:\/\/explora.cl\/rmsuroriente\/#website","url":"https:\/\/explora.cl\/rmsuroriente\/","name":"RM Sur Oriente","description":"Otro sitio m\u00e1s de explora.cl","publisher":{"@id":"https:\/\/explora.cl\/rmsuroriente\/#organization"},"potentialAction":[{"@type":"SearchAction","target":{"@type":"EntryPoint","urlTemplate":"https:\/\/explora.cl\/rmsuroriente\/?s={search_term_string}"},"query-input":{"@type":"PropertyValueSpecification","valueRequired":true,"valueName":"search_term_string"}}],"inLanguage":"es-CL"},{"@type":"Organization","@id":"https:\/\/explora.cl\/rmsuroriente\/#organization","name":"RM Sur Oriente","url":"https:\/\/explora.cl\/rmsuroriente\/","logo":{"@type":"ImageObject","inLanguage":"es-CL","@id":"https:\/\/explora.cl\/rmsuroriente\/#\/schema\/logo\/image\/","url":"https:\/\/explora.cl\/rmsuroriente\/wp-content\/uploads\/sites\/12\/2025\/04\/cropped-LogoPAR_RMSO-Azul-UC.png","contentUrl":"https:\/\/explora.cl\/rmsuroriente\/wp-content\/uploads\/sites\/12\/2025\/04\/cropped-LogoPAR_RMSO-Azul-UC.png","width":411,"height":409,"caption":"RM Sur Oriente"},"image":{"@id":"https:\/\/explora.cl\/rmsuroriente\/#\/schema\/logo\/image\/"}},{"@type":"Person","@id":"https:\/\/explora.cl\/rmsuroriente\/#\/schema\/person\/164f0bfb03507b3d5dd75257d8e71697","name":"RMSO PUC","image":{"@type":"ImageObject","inLanguage":"es-CL","@id":"https:\/\/explora.cl\/rmsuroriente\/#\/schema\/person\/image\/","url":"https:\/\/secure.gravatar.com\/avatar\/16f7131f033ed433ea432d3fc2b04af9756004afdb5a6b61c705d795f6425ea0?s=96&d=mm&r=g","contentUrl":"https:\/\/secure.gravatar.com\/avatar\/16f7131f033ed433ea432d3fc2b04af9756004afdb5a6b61c705d795f6425ea0?s=96&d=mm&r=g","caption":"RMSO PUC"},"sameAs":["https:\/\/www.instagram.com\/parexplorarmsuroriente\/"],"url":"https:\/\/explora.cl\/rmsuroriente\/author\/myanez\/"}]}},"_links":{"self":[{"href":"https:\/\/explora.cl\/rmsuroriente\/wp-json\/wp\/v2\/posts\/39610","targetHints":{"allow":["GET"]}}],"collection":[{"href":"https:\/\/explora.cl\/rmsuroriente\/wp-json\/wp\/v2\/posts"}],"about":[{"href":"https:\/\/explora.cl\/rmsuroriente\/wp-json\/wp\/v2\/types\/post"}],"author":[{"embeddable":true,"href":"https:\/\/explora.cl\/rmsuroriente\/wp-json\/wp\/v2\/users\/27"}],"replies":[{"embeddable":true,"href":"https:\/\/explora.cl\/rmsuroriente\/wp-json\/wp\/v2\/comments?post=39610"}],"version-history":[{"count":2,"href":"https:\/\/explora.cl\/rmsuroriente\/wp-json\/wp\/v2\/posts\/39610\/revisions"}],"predecessor-version":[{"id":39620,"href":"https:\/\/explora.cl\/rmsuroriente\/wp-json\/wp\/v2\/posts\/39610\/revisions\/39620"}],"wp:featuredmedia":[{"embeddable":true,"href":"https:\/\/explora.cl\/rmsuroriente\/wp-json\/wp\/v2\/media\/39611"}],"wp:attachment":[{"href":"https:\/\/explora.cl\/rmsuroriente\/wp-json\/wp\/v2\/media?parent=39610"}],"wp:term":[{"taxonomy":"category","embeddable":true,"href":"https:\/\/explora.cl\/rmsuroriente\/wp-json\/wp\/v2\/categories?post=39610"},{"taxonomy":"post_tag","embeddable":true,"href":"https:\/\/explora.cl\/rmsuroriente\/wp-json\/wp\/v2\/tags?post=39610"}],"curies":[{"name":"wp","href":"https:\/\/api.w.org\/{rel}","templated":true}]}}