{"id":39518,"date":"2020-08-27T19:41:22","date_gmt":"2020-08-27T23:41:22","guid":{"rendered":"https:\/\/explora.cl\/rmsuroriente\/?p=39518"},"modified":"2020-08-28T15:26:47","modified_gmt":"2020-08-28T19:26:47","slug":"conoce-la-programacion-de-septiembre-en-ciencia-abierta","status":"publish","type":"post","link":"https:\/\/explora.cl\/rmsuroriente\/conoce-la-programacion-de-septiembre-en-ciencia-abierta\/","title":{"rendered":"Conoce la programaci\u00f3n de septiembre en Ciencia Abierta"},"content":{"rendered":"<p>Racismos en Chile, c\u00e1ncer de colon, el misterioso mundo de los hongos, desarrollo sustentable en la Regi\u00f3n de Arica y Parinacota, el aporte de la energ\u00eda solar en el combate contra el cambio clim\u00e1tico y c\u00f3mo nuestra historia latinoamericana impacta en nuestra gen\u00e9tica y apariencia, son los temas que se abordar\u00e1n durante septiembre en Ciencia Abierta: &#8220;1000 Cient\u00edficos 1000 Aulas&#8221;.<!--more--><\/p>\n<p>Ciencia Abierta es una iniciativa que el Proyecto Explora RM Sur Oriente realiza en conjunto con el Proyecto Explora Arica y Parinacota con el objetivo de que personas de diferentes territorios, puedan conocer a cient\u00edficos\/as, investigadores\/as y acad\u00e9micos\/as y su labor en las ciencias, a trav\u00e9s de una <u><a href=\"http:\/\/exploraxv.uta.cl\/explora\/1000c1000likes\/\" target=\"_blank\" rel=\"noopener noreferrer\">plataforma online<\/a><\/u>.<\/p>\n<p>A trav\u00e9s de charlas abiertas a todo p\u00fablico, transmitidas cada martes y un jueves de septiembre por <u><a href=\"http:\/\/exploraxv.uta.cl\/explora\/1000c1000likes\/\" target=\"_blank\" rel=\"noopener noreferrer\">YouTube<\/a><\/u>\u00a0 y<u><a href=\"http:\/\/www.facebook.com\/ExploraRM\" target=\"_blank\" rel=\"noopener noreferrer\"> nuestro Fanpage de Facebook,<\/a><\/u> las y los cient\u00edficos podr\u00e1n socializar sus conocimientos y conversar con las y los participantes, quienes, a su vez, podr\u00e1n interactuar en vivo y en directo enviando sus preguntas y aportando con sus comentarios.<\/p>\n<p>Durante el mes de septiembre, cuatro cient\u00edficas y un cient\u00edfico de diferentes disciplinas se tomar\u00e1n la parrilla program\u00e1tica de la plataforma creada para Ciencia Abierta. <strong>Conoce toda la programaci\u00f3n a continuaci\u00f3n:<\/strong><\/p>\n<h2><strong>Martes 1 de septiembre\/ 17:30 horas<\/strong><\/h2>\n<h3><strong><a href=\"http:\/\/exploraxv.uta.cl\/explora\/1000c1000likes\/\" target=\"_blank\" rel=\"noopener noreferrer\"><img fetchpriority=\"high\" decoding=\"async\" class=\"alignleft wp-image-39533\" src=\"https:\/\/explora.cl\/rmsuroriente\/wp-content\/uploads\/sites\/12\/2020\/08\/1000C1000A_editable-SEPTIEMBRE-18-300x150.png\" alt=\"\" width=\"600\" height=\"299\" srcset=\"https:\/\/explora.cl\/rmsuroriente\/wp-content\/uploads\/sites\/12\/2020\/08\/1000C1000A_editable-SEPTIEMBRE-18-300x150.png 300w, https:\/\/explora.cl\/rmsuroriente\/wp-content\/uploads\/sites\/12\/2020\/08\/1000C1000A_editable-SEPTIEMBRE-18-768x383.png 768w, https:\/\/explora.cl\/rmsuroriente\/wp-content\/uploads\/sites\/12\/2020\/08\/1000C1000A_editable-SEPTIEMBRE-18-1024x511.png 1024w, https:\/\/explora.cl\/rmsuroriente\/wp-content\/uploads\/sites\/12\/2020\/08\/1000C1000A_editable-SEPTIEMBRE-18.png 1765w\" sizes=\"(max-width: 600px) 100vw, 600px\" \/><\/a><\/strong><\/h3>\n<h3><\/h3>\n<h3><\/h3>\n<h3><\/h3>\n<h3><\/h3>\n<h3><\/h3>\n<h3><\/h3>\n<h3><\/h3>\n<h3><strong><a href=\"http:\/\/exploraxv.uta.cl\/explora\/1000c1000likes\/\">Charla &#8220;Racismos en Chile: las marcas de la historia&#8221;<\/a><\/strong><\/h3>\n<p><strong>Rese\u00f1a de la charla:<\/strong> Reflexionaremos sobre los sufrimientos de los sujetos migrantes que han llegado a Chile en las \u00faltimas dos d\u00e9cadas, a partir de las interacciones que tejen con chilenas y chilenos en su vida cotidiana.<\/p>\n<p><strong>Expositora: Mar\u00eda Emilia Tijoux Merino, <\/strong>Doctora en Sociolog\u00eda de la Universidad de Par\u00eds 8, acad\u00e9mica en la Facultad de Ciencias Sociales de la Universidad de Chile. Coordinadora de la C\u00e1tedra Racismos y Migraciones Contempor\u00e1neas y del grupo de estudios Cuerpos y Emociones. Colabora en Proyecto Anillos ANID PIASOC 18008.<\/p>\n<p>&nbsp;<\/p>\n<h2><strong>Jueves 3 de septiembre\/ 17:00 horas<a href=\"http:\/\/exploraxv.uta.cl\/explora\/1000c1000likes\/\"><img decoding=\"async\" class=\"alignleft wp-image-39535\" src=\"https:\/\/explora.cl\/rmsuroriente\/wp-content\/uploads\/sites\/12\/2020\/08\/1000C1000A_editable-SEPTIEMBRE-19.png\" alt=\"\" width=\"600\" height=\"299\" srcset=\"https:\/\/explora.cl\/rmsuroriente\/wp-content\/uploads\/sites\/12\/2020\/08\/1000C1000A_editable-SEPTIEMBRE-19.png 1765w, https:\/\/explora.cl\/rmsuroriente\/wp-content\/uploads\/sites\/12\/2020\/08\/1000C1000A_editable-SEPTIEMBRE-19-300x150.png 300w, https:\/\/explora.cl\/rmsuroriente\/wp-content\/uploads\/sites\/12\/2020\/08\/1000C1000A_editable-SEPTIEMBRE-19-768x383.png 768w, https:\/\/explora.cl\/rmsuroriente\/wp-content\/uploads\/sites\/12\/2020\/08\/1000C1000A_editable-SEPTIEMBRE-19-1024x511.png 1024w\" sizes=\"(max-width: 600px) 100vw, 600px\" \/><\/a><\/strong><\/h2>\n<h3><\/h3>\n<h3><\/h3>\n<h3><\/h3>\n<h3><\/h3>\n<h3><\/h3>\n<h3><\/h3>\n<h3><\/h3>\n<h3><a href=\"http:\/\/exploraxv.uta.cl\/explora\/1000c1000likes\/\" target=\"_blank\" rel=\"noopener noreferrer\"><strong>Charla &#8220;C\u00e1ncer de colon: conocer y prevenir a un enemigo&#8221;<\/strong><\/a><\/h3>\n<p><strong>Breve rese\u00f1a de la charla:<\/strong> Nos adentraremos en el conocimiento actual de la biolog\u00eda celular y molecular del c\u00e1ncer de colon, describiendo las caracter\u00edsticas principales, los factores de riesgos asociados a esta patolog\u00eda, las t\u00e9cnicas actuales en biolog\u00eda celular y molecular, as\u00ed como las perspectivas y el avance de estas tecnolog\u00edas para su estudio. Con la finalidad que las y los participantes de esta charla puedan tomar conciencia en la prevenci\u00f3n de esta enfermedad y tomar decisiones informadas al respecto.<\/p>\n<p><strong>Expositor: V\u00edctor Rojas<\/strong>, profesor de Biolog\u00eda y Ciencias Naturales, Licenciado en Educaci\u00f3n menci\u00f3n Biolog\u00eda, Mag\u00edster en Ciencias Biol\u00f3gicas y Mag\u00edster en Educaci\u00f3n.<\/p>\n<h2><strong>Martes 8 de septiembre\/ 17:30 horas<a href=\"http:\/\/exploraxv.uta.cl\/explora\/1000c1000likes\/\" target=\"_blank\" rel=\"noopener noreferrer\"><img decoding=\"async\" class=\"alignleft wp-image-39536\" src=\"https:\/\/explora.cl\/rmsuroriente\/wp-content\/uploads\/sites\/12\/2020\/08\/1000C1000A_editable-SEPTIEMBRE-20.png\" alt=\"\" width=\"600\" height=\"299\" srcset=\"https:\/\/explora.cl\/rmsuroriente\/wp-content\/uploads\/sites\/12\/2020\/08\/1000C1000A_editable-SEPTIEMBRE-20.png 1765w, https:\/\/explora.cl\/rmsuroriente\/wp-content\/uploads\/sites\/12\/2020\/08\/1000C1000A_editable-SEPTIEMBRE-20-300x150.png 300w, https:\/\/explora.cl\/rmsuroriente\/wp-content\/uploads\/sites\/12\/2020\/08\/1000C1000A_editable-SEPTIEMBRE-20-768x383.png 768w, https:\/\/explora.cl\/rmsuroriente\/wp-content\/uploads\/sites\/12\/2020\/08\/1000C1000A_editable-SEPTIEMBRE-20-1024x511.png 1024w\" sizes=\"(max-width: 600px) 100vw, 600px\" \/><\/a><\/strong><\/h2>\n<h3><\/h3>\n<h3><\/h3>\n<h3><\/h3>\n<h3><\/h3>\n<h3><\/h3>\n<h3><\/h3>\n<h3><\/h3>\n<h3><a href=\"http:\/\/exploraxv.uta.cl\/explora\/1000c1000likes\/\" target=\"_blank\" rel=\"noopener noreferrer\"><strong>Charla &#8220;Sumerj\u00e1monos en el misterioso mundo de los hongos&#8221;<\/strong><\/a><\/h3>\n<p><strong>Breve rese\u00f1a de la charla:<\/strong> \u00bfTe has preguntado qu\u00e9 ser\u00eda de tu vida sin los hongos? Hay una parte de la historia natural que nadie nos cont\u00f3. Cuando peque\u00f1xs sab\u00edamos lo que era una planta o un animal, pero nadie nos ense\u00f1\u00f3 lo que es un hongo. Conoceremos, descubriremos y revelaremos esos vac\u00edos e interpretaremos la naturaleza desde otra perspectiva. \u00a1Despoj\u00e9monos de c\u00f3mo pensamos la vida y sumerj\u00e1monos en el misterioso mundo de los hongos!<\/p>\n<p><strong>Expositora: Daniela Carolina Torres Acu\u00f1a, <\/strong>ingeniera en Biotecnolog\u00eda en la Universidad de Concepci\u00f3n, Chile. Es Directora Ejecutiva de la Fundaci\u00f3n Fungi desde 2017 hasta la actualidad.<\/p>\n<h2><strong>\u00a0<\/strong><\/h2>\n<h2><strong>Martes 15 de septiembre\/ 17:00 horas<a href=\"http:\/\/exploraxv.uta.cl\/explora\/1000c1000likes\/\" target=\"_blank\" rel=\"noopener noreferrer\"><img loading=\"lazy\" decoding=\"async\" class=\"alignleft wp-image-39537\" src=\"https:\/\/explora.cl\/rmsuroriente\/wp-content\/uploads\/sites\/12\/2020\/08\/1000C1000A_editable-SEPTIEMBRE-21.png\" alt=\"\" width=\"600\" height=\"299\" srcset=\"https:\/\/explora.cl\/rmsuroriente\/wp-content\/uploads\/sites\/12\/2020\/08\/1000C1000A_editable-SEPTIEMBRE-21.png 1765w, https:\/\/explora.cl\/rmsuroriente\/wp-content\/uploads\/sites\/12\/2020\/08\/1000C1000A_editable-SEPTIEMBRE-21-300x150.png 300w, https:\/\/explora.cl\/rmsuroriente\/wp-content\/uploads\/sites\/12\/2020\/08\/1000C1000A_editable-SEPTIEMBRE-21-768x383.png 768w, https:\/\/explora.cl\/rmsuroriente\/wp-content\/uploads\/sites\/12\/2020\/08\/1000C1000A_editable-SEPTIEMBRE-21-1024x511.png 1024w\" sizes=\"(max-width: 600px) 100vw, 600px\" \/><\/a><\/strong><\/h2>\n<h3><\/h3>\n<h3><\/h3>\n<h3><\/h3>\n<h3><\/h3>\n<h3><\/h3>\n<h3><\/h3>\n<h3><\/h3>\n<h3><a href=\"http:\/\/exploraxv.uta.cl\/explora\/1000c1000likes\/\" target=\"_blank\" rel=\"noopener noreferrer\"><strong>Charla &#8220;Fragilidad de la Regi\u00f3n de Arica y Parinacota y su desarrollo sustentable&#8221;<\/strong><\/a><\/h3>\n<p><strong>Breve rese\u00f1a de la charla:<\/strong> Conoceremos y descubriremos los antecedentes que dan cuenta de los aspectos cr\u00edticos, desde el punto de vista medioambiental, de la Regi\u00f3n de Arica y Parinacota. Tambi\u00e9n aprenderemos sobre qu\u00e9 trata el desarrollo sustentable, dando ejemplos concretos. \u00a1Les invitamos a dialogar respecto de las ideas y acciones posibles de realizar, que est\u00e1n en sinton\u00eda con el desarrollo sustentable!<\/p>\n<p><strong>Expositora: Claudia Monsalve Peralta, <\/strong>ingeniera Qu\u00edmica, M\u00e1ster en Ciencias Exactas con menci\u00f3n Qu\u00edmica de la Pontificia Universidad Cat\u00f3lica de Chile. Directora de la Consultora A y C Tecnoambiente que se especializa en proyectos de desarrollo sustentable y directora de proyectos de la Fundaci\u00f3n sin fines de lucro IDIS.<\/p>\n<h2><strong>Martes 22 de septiembre\/ 12:00 horas<a href=\"http:\/\/exploraxv.uta.cl\/explora\/1000c1000likes\/\" target=\"_blank\" rel=\"noopener noreferrer\"><img loading=\"lazy\" decoding=\"async\" class=\"alignleft wp-image-39538\" src=\"https:\/\/explora.cl\/rmsuroriente\/wp-content\/uploads\/sites\/12\/2020\/08\/1000C1000A_editable-SEPTIEMBRE-22.png\" alt=\"\" width=\"600\" height=\"299\" srcset=\"https:\/\/explora.cl\/rmsuroriente\/wp-content\/uploads\/sites\/12\/2020\/08\/1000C1000A_editable-SEPTIEMBRE-22.png 1765w, https:\/\/explora.cl\/rmsuroriente\/wp-content\/uploads\/sites\/12\/2020\/08\/1000C1000A_editable-SEPTIEMBRE-22-300x150.png 300w, https:\/\/explora.cl\/rmsuroriente\/wp-content\/uploads\/sites\/12\/2020\/08\/1000C1000A_editable-SEPTIEMBRE-22-768x383.png 768w, https:\/\/explora.cl\/rmsuroriente\/wp-content\/uploads\/sites\/12\/2020\/08\/1000C1000A_editable-SEPTIEMBRE-22-1024x511.png 1024w\" sizes=\"(max-width: 600px) 100vw, 600px\" \/><\/a><\/strong><\/h2>\n<h3><\/h3>\n<h3><\/h3>\n<h3><\/h3>\n<h3><\/h3>\n<h3><\/h3>\n<h3><\/h3>\n<h3><\/h3>\n<h3><strong><u><a href=\"http:\/\/exploraxv.uta.cl\/explora\/1000c1000likes\/\" target=\"_blank\" rel=\"noopener noreferrer\">Charla &#8220;\u00bfC\u00f3mo aporta la energ\u00eda solar en el combate contra el cambio clim\u00e1tico?&#8221;<\/a><\/u><\/strong><\/h3>\n<p><strong>Breve rese\u00f1a de la charla:<\/strong> Mostraremos los m\u00faltiples usos de la energ\u00eda solar que colaboran en el desarrollo sustentable de diferentes actividades productivas, para aportar en la mitigaci\u00f3n de los efectos del cambio clim\u00e1tico. Desde la mirada de una especialista en qu\u00edmica y una especialista en ingenier\u00eda el\u00e9ctrica y energ\u00eda, que conversar\u00e1n en torno a este tema.<\/p>\n<p><strong>Expositoras:<\/strong><\/p>\n<p><strong>Lorena Cornejo Ponce <\/strong><\/p>\n<p>Qu\u00edmica Laboratorista de la Universidad de Chile, Doctora en Qu\u00edmica con menci\u00f3n en Qu\u00edmica Anal\u00edtica de la Universidad Estadual de Campinas, en Brasil. Es Profesora Titular en la Universidad de Tarapac\u00e1, Investigadora principal de la l\u00ednea de Tratamiento Solar de Aguas de SERC Chile y directora regional del proyecto Ayllu Solar.<\/p>\n<p><strong>\u00a0Claudia Rahmann Z\u00fa\u00f1iga<\/strong><\/p>\n<p>Ingeniera El\u00e9ctrica de la Universidad de Chile y Doctora en Ingenier\u00eda de la Universidad Technische Hochschule Aachen (Rheinich-Westfalische) de Alemania. Profesora titular del Departamento de Ingenier\u00eda El\u00e9ctrica de la Universidad de Chile y directora del Solar Energy Research Center, SERC Chile.<\/p>\n<p><strong>\u00a0<\/strong><\/p>\n<h2><strong>\u00a0Martes 29 de septiembre\/\u00a0 17:00 horas<a href=\"http:\/\/exploraxv.uta.cl\/explora\/1000c1000likes\/\" target=\"_blank\" rel=\"noopener noreferrer\"><img loading=\"lazy\" decoding=\"async\" class=\"alignleft wp-image-39539\" src=\"https:\/\/explora.cl\/rmsuroriente\/wp-content\/uploads\/sites\/12\/2020\/08\/1000C1000A_editable-SEPTIEMBRE-23.png\" alt=\"\" width=\"600\" height=\"299\" srcset=\"https:\/\/explora.cl\/rmsuroriente\/wp-content\/uploads\/sites\/12\/2020\/08\/1000C1000A_editable-SEPTIEMBRE-23.png 1765w, https:\/\/explora.cl\/rmsuroriente\/wp-content\/uploads\/sites\/12\/2020\/08\/1000C1000A_editable-SEPTIEMBRE-23-300x150.png 300w, https:\/\/explora.cl\/rmsuroriente\/wp-content\/uploads\/sites\/12\/2020\/08\/1000C1000A_editable-SEPTIEMBRE-23-768x383.png 768w, https:\/\/explora.cl\/rmsuroriente\/wp-content\/uploads\/sites\/12\/2020\/08\/1000C1000A_editable-SEPTIEMBRE-23-1024x511.png 1024w\" sizes=\"(max-width: 600px) 100vw, 600px\" \/><\/a><\/strong><\/h2>\n<h3><\/h3>\n<h3><\/h3>\n<h3><\/h3>\n<h3><\/h3>\n<h3><\/h3>\n<h3><\/h3>\n<h3><\/h3>\n<h3><a href=\"http:\/\/exploraxv.uta.cl\/explora\/1000c1000likes\/\" target=\"_blank\" rel=\"noopener noreferrer\"><strong>Charla&#8221;C\u00f3mo la historia Latinoamericana afecta nuestra apariencia, una mirada desde la gen\u00e9tica&#8221;<\/strong><\/a><\/h3>\n<p><strong>Breve rese\u00f1a de la charla:<\/strong> Las poblaciones latinoamericanas muestran una enorme diversidad en la apariencia f\u00edsica, esto se debe a la variedad gen\u00e9tica y fenot\u00edpica relativamente alta de africanos, europeos y nativos americanos, que son los tres grupos principales que conforman a los Latinoamericanos. Para entender c\u00f3mo esto influye en la apariencia f\u00edsica, es importante comprender c\u00f3mo se form\u00f3 la poblaci\u00f3n latinoamericana actual, desde la perspectiva de la demograf\u00eda e historia gen\u00e9tica de Latinoam\u00e9rica. Los Latinos somos una poblaci\u00f3n relativamente joven, lo que nos hace un grupo muy interesante e importante de estudiar particularmente desde la mirada de la gen\u00e9tica.<\/p>\n<p><strong>Expositora: Macarena Andrea Fuentes Guajardo, <\/strong>PhD en gen\u00e9tica de la evoluci\u00f3n humana perteneciente al programa de Gen\u00e9tica, Evoluci\u00f3n y Medio Ambiente de la University College London. Actualmente acad\u00e9mica e investigadora del Departamento de Tecnolog\u00eda M\u00e9dica de la Facultad de Ciencias de la Salud de la Universidad de Tarapac\u00e1 de Arica.<\/p>\n","protected":false},"excerpt":{"rendered":"<p>Racismos en Chile, c\u00e1ncer de colon, el misterioso mundo de los hongos, desarrollo sustentable en la Regi\u00f3n de Arica y Parinacota, el aporte de la energ\u00eda solar en el combate contra el cambio clim\u00e1tico y c\u00f3mo nuestra historia latinoamericana impacta en nuestra gen\u00e9tica y apariencia, son los temas que se abordar\u00e1n durante septiembre en Ciencia [&hellip;]<\/p>\n","protected":false},"author":27,"featured_media":39523,"comment_status":"open","ping_status":"open","sticky":false,"template":"","format":"standard","meta":{"_acf_changed":false,"_exactmetrics_skip_tracking":false,"_exactmetrics_sitenote_active":false,"_exactmetrics_sitenote_note":"","_exactmetrics_sitenote_category":0,"footnotes":"","_links_to":"","_links_to_target":""},"categories":[136,4,1],"tags":[],"class_list":["post-39518","post","type-post","status-publish","format-standard","has-post-thumbnail","hentry","category-lugar-1","category-noticias","category-sin-categoria"],"acf":[],"yoast_head":"<!-- This site is optimized with the Yoast SEO plugin v26.9 - https:\/\/yoast.com\/product\/yoast-seo-wordpress\/ -->\n<title>Conoce la programaci\u00f3n de septiembre en Ciencia Abierta - RM Sur Oriente<\/title>\n<meta name=\"robots\" content=\"index, follow, max-snippet:-1, max-image-preview:large, max-video-preview:-1\" \/>\n<link rel=\"canonical\" href=\"https:\/\/explora.cl\/rmsuroriente\/conoce-la-programacion-de-septiembre-en-ciencia-abierta\/\" class=\"yoast-seo-meta-tag\" \/>\n<meta property=\"og:locale\" content=\"es_ES\" class=\"yoast-seo-meta-tag\" \/>\n<meta property=\"og:type\" content=\"article\" class=\"yoast-seo-meta-tag\" \/>\n<meta property=\"og:title\" content=\"Conoce la programaci\u00f3n de septiembre en Ciencia Abierta - RM Sur Oriente\" class=\"yoast-seo-meta-tag\" \/>\n<meta property=\"og:description\" content=\"Racismos en Chile, c\u00e1ncer de colon, el misterioso mundo de los hongos, desarrollo sustentable en la Regi\u00f3n de Arica y Parinacota, el aporte de la energ\u00eda solar en el combate contra el cambio clim\u00e1tico y c\u00f3mo nuestra historia latinoamericana impacta en nuestra gen\u00e9tica y apariencia, son los temas que se abordar\u00e1n durante septiembre en Ciencia [&hellip;]\" class=\"yoast-seo-meta-tag\" \/>\n<meta property=\"og:url\" content=\"https:\/\/explora.cl\/rmsuroriente\/conoce-la-programacion-de-septiembre-en-ciencia-abierta\/\" class=\"yoast-seo-meta-tag\" \/>\n<meta property=\"og:site_name\" content=\"RM Sur Oriente\" class=\"yoast-seo-meta-tag\" \/>\n<meta property=\"article:published_time\" content=\"2020-08-27T23:41:22+00:00\" class=\"yoast-seo-meta-tag\" \/>\n<meta property=\"article:modified_time\" content=\"2020-08-28T19:26:47+00:00\" class=\"yoast-seo-meta-tag\" \/>\n<meta property=\"og:image\" content=\"https:\/\/explora.cl\/rmsuroriente\/wp-content\/uploads\/sites\/12\/2020\/08\/Afiche-mes-septimebre-final-05-1-1-1024x558.jpg\" class=\"yoast-seo-meta-tag\" \/>\n\t<meta property=\"og:image:width\" content=\"1024\" class=\"yoast-seo-meta-tag\" \/>\n\t<meta property=\"og:image:height\" content=\"558\" class=\"yoast-seo-meta-tag\" \/>\n\t<meta property=\"og:image:type\" content=\"image\/jpeg\" class=\"yoast-seo-meta-tag\" \/>\n<meta name=\"author\" content=\"RMSO PUC\" class=\"yoast-seo-meta-tag\" \/>\n<meta name=\"twitter:card\" content=\"summary_large_image\" class=\"yoast-seo-meta-tag\" \/>\n<meta name=\"twitter:label1\" content=\"Escrito por\" class=\"yoast-seo-meta-tag\" \/>\n\t<meta name=\"twitter:data1\" content=\"RMSO PUC\" class=\"yoast-seo-meta-tag\" \/>\n\t<meta name=\"twitter:label2\" content=\"Tiempo estimado de lectura\" class=\"yoast-seo-meta-tag\" \/>\n\t<meta name=\"twitter:data2\" content=\"6 minutos\" class=\"yoast-seo-meta-tag\" \/>\n<script type=\"application\/ld+json\" class=\"yoast-schema-graph\">{\"@context\":\"https:\/\/schema.org\",\"@graph\":[{\"@type\":\"Article\",\"@id\":\"https:\/\/explora.cl\/rmsuroriente\/conoce-la-programacion-de-septiembre-en-ciencia-abierta\/#article\",\"isPartOf\":{\"@id\":\"https:\/\/explora.cl\/rmsuroriente\/conoce-la-programacion-de-septiembre-en-ciencia-abierta\/\"},\"author\":{\"name\":\"RMSO PUC\",\"@id\":\"https:\/\/explora.cl\/rmsuroriente\/#\/schema\/person\/164f0bfb03507b3d5dd75257d8e71697\"},\"headline\":\"Conoce la programaci\u00f3n de septiembre en Ciencia Abierta\",\"datePublished\":\"2020-08-27T23:41:22+00:00\",\"dateModified\":\"2020-08-28T19:26:47+00:00\",\"mainEntityOfPage\":{\"@id\":\"https:\/\/explora.cl\/rmsuroriente\/conoce-la-programacion-de-septiembre-en-ciencia-abierta\/\"},\"wordCount\":1123,\"commentCount\":0,\"publisher\":{\"@id\":\"https:\/\/explora.cl\/rmsuroriente\/#organization\"},\"image\":{\"@id\":\"https:\/\/explora.cl\/rmsuroriente\/conoce-la-programacion-de-septiembre-en-ciencia-abierta\/#primaryimage\"},\"thumbnailUrl\":\"https:\/\/explora.cl\/rmsuroriente\/wp-content\/uploads\/sites\/12\/2020\/08\/Afiche-mes-septimebre-final-05-1-1.jpg\",\"articleSection\":[\"Lugar 1\",\"Noticias\"],\"inLanguage\":\"es-CL\",\"potentialAction\":[{\"@type\":\"CommentAction\",\"name\":\"Comment\",\"target\":[\"https:\/\/explora.cl\/rmsuroriente\/conoce-la-programacion-de-septiembre-en-ciencia-abierta\/#respond\"]}]},{\"@type\":\"WebPage\",\"@id\":\"https:\/\/explora.cl\/rmsuroriente\/conoce-la-programacion-de-septiembre-en-ciencia-abierta\/\",\"url\":\"https:\/\/explora.cl\/rmsuroriente\/conoce-la-programacion-de-septiembre-en-ciencia-abierta\/\",\"name\":\"Conoce la programaci\u00f3n de septiembre en Ciencia Abierta - RM Sur Oriente\",\"isPartOf\":{\"@id\":\"https:\/\/explora.cl\/rmsuroriente\/#website\"},\"primaryImageOfPage\":{\"@id\":\"https:\/\/explora.cl\/rmsuroriente\/conoce-la-programacion-de-septiembre-en-ciencia-abierta\/#primaryimage\"},\"image\":{\"@id\":\"https:\/\/explora.cl\/rmsuroriente\/conoce-la-programacion-de-septiembre-en-ciencia-abierta\/#primaryimage\"},\"thumbnailUrl\":\"https:\/\/explora.cl\/rmsuroriente\/wp-content\/uploads\/sites\/12\/2020\/08\/Afiche-mes-septimebre-final-05-1-1.jpg\",\"datePublished\":\"2020-08-27T23:41:22+00:00\",\"dateModified\":\"2020-08-28T19:26:47+00:00\",\"breadcrumb\":{\"@id\":\"https:\/\/explora.cl\/rmsuroriente\/conoce-la-programacion-de-septiembre-en-ciencia-abierta\/#breadcrumb\"},\"inLanguage\":\"es-CL\",\"potentialAction\":[{\"@type\":\"ReadAction\",\"target\":[\"https:\/\/explora.cl\/rmsuroriente\/conoce-la-programacion-de-septiembre-en-ciencia-abierta\/\"]}]},{\"@type\":\"ImageObject\",\"inLanguage\":\"es-CL\",\"@id\":\"https:\/\/explora.cl\/rmsuroriente\/conoce-la-programacion-de-septiembre-en-ciencia-abierta\/#primaryimage\",\"url\":\"https:\/\/explora.cl\/rmsuroriente\/wp-content\/uploads\/sites\/12\/2020\/08\/Afiche-mes-septimebre-final-05-1-1.jpg\",\"contentUrl\":\"https:\/\/explora.cl\/rmsuroriente\/wp-content\/uploads\/sites\/12\/2020\/08\/Afiche-mes-septimebre-final-05-1-1.jpg\",\"width\":7623,\"height\":4154},{\"@type\":\"BreadcrumbList\",\"@id\":\"https:\/\/explora.cl\/rmsuroriente\/conoce-la-programacion-de-septiembre-en-ciencia-abierta\/#breadcrumb\",\"itemListElement\":[{\"@type\":\"ListItem\",\"position\":1,\"name\":\"Portada\",\"item\":\"https:\/\/explora.cl\/rmsuroriente\/\"},{\"@type\":\"ListItem\",\"position\":2,\"name\":\"Conoce la programaci\u00f3n de septiembre en Ciencia Abierta\"}]},{\"@type\":\"WebSite\",\"@id\":\"https:\/\/explora.cl\/rmsuroriente\/#website\",\"url\":\"https:\/\/explora.cl\/rmsuroriente\/\",\"name\":\"RM Sur Oriente\",\"description\":\"Otro sitio m\u00e1s de explora.cl\",\"publisher\":{\"@id\":\"https:\/\/explora.cl\/rmsuroriente\/#organization\"},\"potentialAction\":[{\"@type\":\"SearchAction\",\"target\":{\"@type\":\"EntryPoint\",\"urlTemplate\":\"https:\/\/explora.cl\/rmsuroriente\/?s={search_term_string}\"},\"query-input\":{\"@type\":\"PropertyValueSpecification\",\"valueRequired\":true,\"valueName\":\"search_term_string\"}}],\"inLanguage\":\"es-CL\"},{\"@type\":\"Organization\",\"@id\":\"https:\/\/explora.cl\/rmsuroriente\/#organization\",\"name\":\"RM Sur Oriente\",\"url\":\"https:\/\/explora.cl\/rmsuroriente\/\",\"logo\":{\"@type\":\"ImageObject\",\"inLanguage\":\"es-CL\",\"@id\":\"https:\/\/explora.cl\/rmsuroriente\/#\/schema\/logo\/image\/\",\"url\":\"https:\/\/explora.cl\/rmsuroriente\/wp-content\/uploads\/sites\/12\/2025\/04\/cropped-LogoPAR_RMSO-Azul-UC.png\",\"contentUrl\":\"https:\/\/explora.cl\/rmsuroriente\/wp-content\/uploads\/sites\/12\/2025\/04\/cropped-LogoPAR_RMSO-Azul-UC.png\",\"width\":411,\"height\":409,\"caption\":\"RM Sur Oriente\"},\"image\":{\"@id\":\"https:\/\/explora.cl\/rmsuroriente\/#\/schema\/logo\/image\/\"}},{\"@type\":\"Person\",\"@id\":\"https:\/\/explora.cl\/rmsuroriente\/#\/schema\/person\/164f0bfb03507b3d5dd75257d8e71697\",\"name\":\"RMSO PUC\",\"image\":{\"@type\":\"ImageObject\",\"inLanguage\":\"es-CL\",\"@id\":\"https:\/\/explora.cl\/rmsuroriente\/#\/schema\/person\/image\/\",\"url\":\"https:\/\/secure.gravatar.com\/avatar\/16f7131f033ed433ea432d3fc2b04af9756004afdb5a6b61c705d795f6425ea0?s=96&d=mm&r=g\",\"contentUrl\":\"https:\/\/secure.gravatar.com\/avatar\/16f7131f033ed433ea432d3fc2b04af9756004afdb5a6b61c705d795f6425ea0?s=96&d=mm&r=g\",\"caption\":\"RMSO PUC\"},\"sameAs\":[\"https:\/\/www.instagram.com\/parexplorarmsuroriente\/\"],\"url\":\"https:\/\/explora.cl\/rmsuroriente\/author\/myanez\/\"}]}<\/script>\n<!-- \/ Yoast SEO plugin. -->","yoast_head_json":{"title":"Conoce la programaci\u00f3n de septiembre en Ciencia Abierta - RM Sur Oriente","robots":{"index":"index","follow":"follow","max-snippet":"max-snippet:-1","max-image-preview":"max-image-preview:large","max-video-preview":"max-video-preview:-1"},"canonical":"https:\/\/explora.cl\/rmsuroriente\/conoce-la-programacion-de-septiembre-en-ciencia-abierta\/","og_locale":"es_ES","og_type":"article","og_title":"Conoce la programaci\u00f3n de septiembre en Ciencia Abierta - RM Sur Oriente","og_description":"Racismos en Chile, c\u00e1ncer de colon, el misterioso mundo de los hongos, desarrollo sustentable en la Regi\u00f3n de Arica y Parinacota, el aporte de la energ\u00eda solar en el combate contra el cambio clim\u00e1tico y c\u00f3mo nuestra historia latinoamericana impacta en nuestra gen\u00e9tica y apariencia, son los temas que se abordar\u00e1n durante septiembre en Ciencia [&hellip;]","og_url":"https:\/\/explora.cl\/rmsuroriente\/conoce-la-programacion-de-septiembre-en-ciencia-abierta\/","og_site_name":"RM Sur Oriente","article_published_time":"2020-08-27T23:41:22+00:00","article_modified_time":"2020-08-28T19:26:47+00:00","og_image":[{"width":1024,"height":558,"url":"https:\/\/explora.cl\/rmsuroriente\/wp-content\/uploads\/sites\/12\/2020\/08\/Afiche-mes-septimebre-final-05-1-1-1024x558.jpg","type":"image\/jpeg"}],"author":"RMSO PUC","twitter_card":"summary_large_image","twitter_misc":{"Escrito por":"RMSO PUC","Tiempo estimado de lectura":"6 minutos"},"schema":{"@context":"https:\/\/schema.org","@graph":[{"@type":"Article","@id":"https:\/\/explora.cl\/rmsuroriente\/conoce-la-programacion-de-septiembre-en-ciencia-abierta\/#article","isPartOf":{"@id":"https:\/\/explora.cl\/rmsuroriente\/conoce-la-programacion-de-septiembre-en-ciencia-abierta\/"},"author":{"name":"RMSO PUC","@id":"https:\/\/explora.cl\/rmsuroriente\/#\/schema\/person\/164f0bfb03507b3d5dd75257d8e71697"},"headline":"Conoce la programaci\u00f3n de septiembre en Ciencia Abierta","datePublished":"2020-08-27T23:41:22+00:00","dateModified":"2020-08-28T19:26:47+00:00","mainEntityOfPage":{"@id":"https:\/\/explora.cl\/rmsuroriente\/conoce-la-programacion-de-septiembre-en-ciencia-abierta\/"},"wordCount":1123,"commentCount":0,"publisher":{"@id":"https:\/\/explora.cl\/rmsuroriente\/#organization"},"image":{"@id":"https:\/\/explora.cl\/rmsuroriente\/conoce-la-programacion-de-septiembre-en-ciencia-abierta\/#primaryimage"},"thumbnailUrl":"https:\/\/explora.cl\/rmsuroriente\/wp-content\/uploads\/sites\/12\/2020\/08\/Afiche-mes-septimebre-final-05-1-1.jpg","articleSection":["Lugar 1","Noticias"],"inLanguage":"es-CL","potentialAction":[{"@type":"CommentAction","name":"Comment","target":["https:\/\/explora.cl\/rmsuroriente\/conoce-la-programacion-de-septiembre-en-ciencia-abierta\/#respond"]}]},{"@type":"WebPage","@id":"https:\/\/explora.cl\/rmsuroriente\/conoce-la-programacion-de-septiembre-en-ciencia-abierta\/","url":"https:\/\/explora.cl\/rmsuroriente\/conoce-la-programacion-de-septiembre-en-ciencia-abierta\/","name":"Conoce la programaci\u00f3n de septiembre en Ciencia Abierta - RM Sur Oriente","isPartOf":{"@id":"https:\/\/explora.cl\/rmsuroriente\/#website"},"primaryImageOfPage":{"@id":"https:\/\/explora.cl\/rmsuroriente\/conoce-la-programacion-de-septiembre-en-ciencia-abierta\/#primaryimage"},"image":{"@id":"https:\/\/explora.cl\/rmsuroriente\/conoce-la-programacion-de-septiembre-en-ciencia-abierta\/#primaryimage"},"thumbnailUrl":"https:\/\/explora.cl\/rmsuroriente\/wp-content\/uploads\/sites\/12\/2020\/08\/Afiche-mes-septimebre-final-05-1-1.jpg","datePublished":"2020-08-27T23:41:22+00:00","dateModified":"2020-08-28T19:26:47+00:00","breadcrumb":{"@id":"https:\/\/explora.cl\/rmsuroriente\/conoce-la-programacion-de-septiembre-en-ciencia-abierta\/#breadcrumb"},"inLanguage":"es-CL","potentialAction":[{"@type":"ReadAction","target":["https:\/\/explora.cl\/rmsuroriente\/conoce-la-programacion-de-septiembre-en-ciencia-abierta\/"]}]},{"@type":"ImageObject","inLanguage":"es-CL","@id":"https:\/\/explora.cl\/rmsuroriente\/conoce-la-programacion-de-septiembre-en-ciencia-abierta\/#primaryimage","url":"https:\/\/explora.cl\/rmsuroriente\/wp-content\/uploads\/sites\/12\/2020\/08\/Afiche-mes-septimebre-final-05-1-1.jpg","contentUrl":"https:\/\/explora.cl\/rmsuroriente\/wp-content\/uploads\/sites\/12\/2020\/08\/Afiche-mes-septimebre-final-05-1-1.jpg","width":7623,"height":4154},{"@type":"BreadcrumbList","@id":"https:\/\/explora.cl\/rmsuroriente\/conoce-la-programacion-de-septiembre-en-ciencia-abierta\/#breadcrumb","itemListElement":[{"@type":"ListItem","position":1,"name":"Portada","item":"https:\/\/explora.cl\/rmsuroriente\/"},{"@type":"ListItem","position":2,"name":"Conoce la programaci\u00f3n de septiembre en Ciencia Abierta"}]},{"@type":"WebSite","@id":"https:\/\/explora.cl\/rmsuroriente\/#website","url":"https:\/\/explora.cl\/rmsuroriente\/","name":"RM Sur Oriente","description":"Otro sitio m\u00e1s de explora.cl","publisher":{"@id":"https:\/\/explora.cl\/rmsuroriente\/#organization"},"potentialAction":[{"@type":"SearchAction","target":{"@type":"EntryPoint","urlTemplate":"https:\/\/explora.cl\/rmsuroriente\/?s={search_term_string}"},"query-input":{"@type":"PropertyValueSpecification","valueRequired":true,"valueName":"search_term_string"}}],"inLanguage":"es-CL"},{"@type":"Organization","@id":"https:\/\/explora.cl\/rmsuroriente\/#organization","name":"RM Sur Oriente","url":"https:\/\/explora.cl\/rmsuroriente\/","logo":{"@type":"ImageObject","inLanguage":"es-CL","@id":"https:\/\/explora.cl\/rmsuroriente\/#\/schema\/logo\/image\/","url":"https:\/\/explora.cl\/rmsuroriente\/wp-content\/uploads\/sites\/12\/2025\/04\/cropped-LogoPAR_RMSO-Azul-UC.png","contentUrl":"https:\/\/explora.cl\/rmsuroriente\/wp-content\/uploads\/sites\/12\/2025\/04\/cropped-LogoPAR_RMSO-Azul-UC.png","width":411,"height":409,"caption":"RM Sur Oriente"},"image":{"@id":"https:\/\/explora.cl\/rmsuroriente\/#\/schema\/logo\/image\/"}},{"@type":"Person","@id":"https:\/\/explora.cl\/rmsuroriente\/#\/schema\/person\/164f0bfb03507b3d5dd75257d8e71697","name":"RMSO PUC","image":{"@type":"ImageObject","inLanguage":"es-CL","@id":"https:\/\/explora.cl\/rmsuroriente\/#\/schema\/person\/image\/","url":"https:\/\/secure.gravatar.com\/avatar\/16f7131f033ed433ea432d3fc2b04af9756004afdb5a6b61c705d795f6425ea0?s=96&d=mm&r=g","contentUrl":"https:\/\/secure.gravatar.com\/avatar\/16f7131f033ed433ea432d3fc2b04af9756004afdb5a6b61c705d795f6425ea0?s=96&d=mm&r=g","caption":"RMSO PUC"},"sameAs":["https:\/\/www.instagram.com\/parexplorarmsuroriente\/"],"url":"https:\/\/explora.cl\/rmsuroriente\/author\/myanez\/"}]}},"_links":{"self":[{"href":"https:\/\/explora.cl\/rmsuroriente\/wp-json\/wp\/v2\/posts\/39518","targetHints":{"allow":["GET"]}}],"collection":[{"href":"https:\/\/explora.cl\/rmsuroriente\/wp-json\/wp\/v2\/posts"}],"about":[{"href":"https:\/\/explora.cl\/rmsuroriente\/wp-json\/wp\/v2\/types\/post"}],"author":[{"embeddable":true,"href":"https:\/\/explora.cl\/rmsuroriente\/wp-json\/wp\/v2\/users\/27"}],"replies":[{"embeddable":true,"href":"https:\/\/explora.cl\/rmsuroriente\/wp-json\/wp\/v2\/comments?post=39518"}],"version-history":[{"count":7,"href":"https:\/\/explora.cl\/rmsuroriente\/wp-json\/wp\/v2\/posts\/39518\/revisions"}],"predecessor-version":[{"id":39542,"href":"https:\/\/explora.cl\/rmsuroriente\/wp-json\/wp\/v2\/posts\/39518\/revisions\/39542"}],"wp:featuredmedia":[{"embeddable":true,"href":"https:\/\/explora.cl\/rmsuroriente\/wp-json\/wp\/v2\/media\/39523"}],"wp:attachment":[{"href":"https:\/\/explora.cl\/rmsuroriente\/wp-json\/wp\/v2\/media?parent=39518"}],"wp:term":[{"taxonomy":"category","embeddable":true,"href":"https:\/\/explora.cl\/rmsuroriente\/wp-json\/wp\/v2\/categories?post=39518"},{"taxonomy":"post_tag","embeddable":true,"href":"https:\/\/explora.cl\/rmsuroriente\/wp-json\/wp\/v2\/tags?post=39518"}],"curies":[{"name":"wp","href":"https:\/\/api.w.org\/{rel}","templated":true}]}}