{"id":39516,"date":"2020-09-01T14:25:14","date_gmt":"2020-09-01T18:25:14","guid":{"rendered":"https:\/\/explora.cl\/rmsuroriente\/?p=39516"},"modified":"2020-09-01T17:10:31","modified_gmt":"2020-09-01T21:10:31","slug":"conoce-el-mapa-de-los-representantes-de-los-congresos-regionales-escolares-de-las-ciencias-y-la-tecnologia-explora-2019","status":"publish","type":"post","link":"https:\/\/explora.cl\/rmsuroriente\/conoce-el-mapa-de-los-representantes-de-los-congresos-regionales-escolares-de-las-ciencias-y-la-tecnologia-explora-2019\/","title":{"rendered":"Conoce el mapa\u00a0de los representantes de los Congresos Regionales Escolares de las Ciencias y la Tecnolog\u00eda Explora 2019"},"content":{"rendered":"<p>Los Congresos Regionales Escolares de las Ciencias y la Tecnolog\u00eda son un encuentro de divulgaci\u00f3n de investigaciones escolares organizados en todo Chile por los Proyectos Asociativos Regionales de Programa Explora del Ministerio de Ciencia, Tecnolog\u00eda Conocimiento e Innovaci\u00f3n, donde estudiantes entre 5\u00b0 a\u00f1o de Educaci\u00f3n B\u00e1sica a 4\u00b0 a\u00f1o de Educaci\u00f3n Media, presentan los resultados de sus proyectos de investigaci\u00f3n, basados en los procesos asociados al desarrollo de competencias cient\u00edficas y transversales.<\/p>\n<p>En el marco de los 25 a\u00f1os del Programa Explora,\u00a0 les invitamos a conocer las investigaciones escolares m\u00e1s destacadas de cada Congreso desarrollado durante el 2019 desde Arica a Magallanes, y especialmente las de nuestro Proyecto Explora,\u00a0 en una plataforma de informaci\u00f3n territorial desarrollada para reconocer y visibilizar el trabajo desarrollado por estudiantes, profesores y asesores cient\u00edficos que forman parte de Explora en todo Chile.<\/p>\n<p>En esta plataforma podr\u00e1s acceder al documento desarrollado por el Proyecto Explora RM Sur Oriente que re\u00fane los res\u00famenes de las investigaciones escolares realizadas por estudiantes y docentes de nuestra comunidad durante el a\u00f1o 2019.<\/p>\n<h3><a href=\"http:\/\/exploraxv.uta.cl\/aniversario25\/#\/mapa\">Haz click aqu\u00ed para conocer el mapa de los representantes de los Congresos Regionales Escolares de las Ciencias y la Tecnolog\u00eda 2019<\/a><\/h3>\n","protected":false},"excerpt":{"rendered":"<p>Los Congresos Regionales Escolares de las Ciencias y la Tecnolog\u00eda son un encuentro de divulgaci\u00f3n de investigaciones escolares organizados en todo Chile por los Proyectos Asociativos Regionales de Programa Explora del Ministerio de Ciencia, Tecnolog\u00eda Conocimiento e Innovaci\u00f3n, donde estudiantes entre 5\u00b0 a\u00f1o de Educaci\u00f3n B\u00e1sica a 4\u00b0 a\u00f1o de Educaci\u00f3n Media, presentan los resultados [&hellip;]<\/p>\n","protected":false},"author":27,"featured_media":39550,"comment_status":"open","ping_status":"open","sticky":false,"template":"","format":"standard","meta":{"_acf_changed":false,"_exactmetrics_skip_tracking":false,"_exactmetrics_sitenote_active":false,"_exactmetrics_sitenote_note":"","_exactmetrics_sitenote_category":0,"footnotes":"","_links_to":"","_links_to_target":""},"categories":[151,137,1],"tags":[],"class_list":["post-39516","post","type-post","status-publish","format-standard","has-post-thumbnail","hentry","category-banner","category-lugar-2","category-sin-categoria"],"acf":[],"yoast_head":"<!-- This site is optimized with the Yoast SEO plugin v26.9 - https:\/\/yoast.com\/product\/yoast-seo-wordpress\/ -->\n<title>Conoce el mapa\u00a0de los representantes de los Congresos Regionales Escolares de las Ciencias y la Tecnolog\u00eda Explora 2019 - RM Sur Oriente<\/title>\n<meta name=\"robots\" content=\"index, follow, max-snippet:-1, max-image-preview:large, max-video-preview:-1\" \/>\n<link rel=\"canonical\" href=\"https:\/\/explora.cl\/rmsuroriente\/conoce-el-mapa-de-los-representantes-de-los-congresos-regionales-escolares-de-las-ciencias-y-la-tecnologia-explora-2019\/\" class=\"yoast-seo-meta-tag\" \/>\n<meta property=\"og:locale\" content=\"es_ES\" class=\"yoast-seo-meta-tag\" \/>\n<meta property=\"og:type\" content=\"article\" class=\"yoast-seo-meta-tag\" \/>\n<meta property=\"og:title\" content=\"Conoce el mapa\u00a0de los representantes de los Congresos Regionales Escolares de las Ciencias y la Tecnolog\u00eda Explora 2019 - RM Sur Oriente\" class=\"yoast-seo-meta-tag\" \/>\n<meta property=\"og:description\" content=\"Los Congresos Regionales Escolares de las Ciencias y la Tecnolog\u00eda son un encuentro de divulgaci\u00f3n de investigaciones escolares organizados en todo Chile por los Proyectos Asociativos Regionales de Programa Explora del Ministerio de Ciencia, Tecnolog\u00eda Conocimiento e Innovaci\u00f3n, donde estudiantes entre 5\u00b0 a\u00f1o de Educaci\u00f3n B\u00e1sica a 4\u00b0 a\u00f1o de Educaci\u00f3n Media, presentan los resultados [&hellip;]\" class=\"yoast-seo-meta-tag\" \/>\n<meta property=\"og:url\" content=\"https:\/\/explora.cl\/rmsuroriente\/conoce-el-mapa-de-los-representantes-de-los-congresos-regionales-escolares-de-las-ciencias-y-la-tecnologia-explora-2019\/\" class=\"yoast-seo-meta-tag\" \/>\n<meta property=\"og:site_name\" content=\"RM Sur Oriente\" class=\"yoast-seo-meta-tag\" \/>\n<meta property=\"article:published_time\" content=\"2020-09-01T18:25:14+00:00\" class=\"yoast-seo-meta-tag\" \/>\n<meta property=\"article:modified_time\" content=\"2020-09-01T21:10:31+00:00\" class=\"yoast-seo-meta-tag\" \/>\n<meta property=\"og:image\" content=\"https:\/\/explora.cl\/rmsuroriente\/wp-content\/uploads\/sites\/12\/2020\/09\/Banner-web-Representantes-CRECyT-2019-1.jpg\" class=\"yoast-seo-meta-tag\" \/>\n\t<meta property=\"og:image:width\" content=\"725\" class=\"yoast-seo-meta-tag\" \/>\n\t<meta property=\"og:image:height\" content=\"414\" class=\"yoast-seo-meta-tag\" \/>\n\t<meta property=\"og:image:type\" content=\"image\/jpeg\" class=\"yoast-seo-meta-tag\" \/>\n<meta name=\"author\" content=\"RMSO PUC\" class=\"yoast-seo-meta-tag\" \/>\n<meta name=\"twitter:card\" content=\"summary_large_image\" class=\"yoast-seo-meta-tag\" \/>\n<meta name=\"twitter:label1\" content=\"Escrito por\" class=\"yoast-seo-meta-tag\" \/>\n\t<meta name=\"twitter:data1\" content=\"RMSO PUC\" class=\"yoast-seo-meta-tag\" \/>\n\t<meta name=\"twitter:label2\" content=\"Tiempo estimado de lectura\" class=\"yoast-seo-meta-tag\" \/>\n\t<meta name=\"twitter:data2\" content=\"1 minuto\" class=\"yoast-seo-meta-tag\" \/>\n<script type=\"application\/ld+json\" class=\"yoast-schema-graph\">{\"@context\":\"https:\/\/schema.org\",\"@graph\":[{\"@type\":\"Article\",\"@id\":\"https:\/\/explora.cl\/rmsuroriente\/conoce-el-mapa-de-los-representantes-de-los-congresos-regionales-escolares-de-las-ciencias-y-la-tecnologia-explora-2019\/#article\",\"isPartOf\":{\"@id\":\"https:\/\/explora.cl\/rmsuroriente\/conoce-el-mapa-de-los-representantes-de-los-congresos-regionales-escolares-de-las-ciencias-y-la-tecnologia-explora-2019\/\"},\"author\":{\"name\":\"RMSO PUC\",\"@id\":\"https:\/\/explora.cl\/rmsuroriente\/#\/schema\/person\/164f0bfb03507b3d5dd75257d8e71697\"},\"headline\":\"Conoce el mapa\u00a0de los representantes de los Congresos Regionales Escolares de las Ciencias y la Tecnolog\u00eda Explora 2019\",\"datePublished\":\"2020-09-01T18:25:14+00:00\",\"dateModified\":\"2020-09-01T21:10:31+00:00\",\"mainEntityOfPage\":{\"@id\":\"https:\/\/explora.cl\/rmsuroriente\/conoce-el-mapa-de-los-representantes-de-los-congresos-regionales-escolares-de-las-ciencias-y-la-tecnologia-explora-2019\/\"},\"wordCount\":227,\"commentCount\":0,\"publisher\":{\"@id\":\"https:\/\/explora.cl\/rmsuroriente\/#organization\"},\"image\":{\"@id\":\"https:\/\/explora.cl\/rmsuroriente\/conoce-el-mapa-de-los-representantes-de-los-congresos-regionales-escolares-de-las-ciencias-y-la-tecnologia-explora-2019\/#primaryimage\"},\"thumbnailUrl\":\"https:\/\/explora.cl\/rmsuroriente\/wp-content\/uploads\/sites\/12\/2020\/09\/Banner-web-Representantes-CRECyT-2019-1.jpg\",\"articleSection\":[\"Banner\",\"Lugar 2\"],\"inLanguage\":\"es-CL\",\"potentialAction\":[{\"@type\":\"CommentAction\",\"name\":\"Comment\",\"target\":[\"https:\/\/explora.cl\/rmsuroriente\/conoce-el-mapa-de-los-representantes-de-los-congresos-regionales-escolares-de-las-ciencias-y-la-tecnologia-explora-2019\/#respond\"]}]},{\"@type\":\"WebPage\",\"@id\":\"https:\/\/explora.cl\/rmsuroriente\/conoce-el-mapa-de-los-representantes-de-los-congresos-regionales-escolares-de-las-ciencias-y-la-tecnologia-explora-2019\/\",\"url\":\"https:\/\/explora.cl\/rmsuroriente\/conoce-el-mapa-de-los-representantes-de-los-congresos-regionales-escolares-de-las-ciencias-y-la-tecnologia-explora-2019\/\",\"name\":\"Conoce el mapa\u00a0de los representantes de los Congresos Regionales Escolares de las Ciencias y la Tecnolog\u00eda Explora 2019 - RM Sur Oriente\",\"isPartOf\":{\"@id\":\"https:\/\/explora.cl\/rmsuroriente\/#website\"},\"primaryImageOfPage\":{\"@id\":\"https:\/\/explora.cl\/rmsuroriente\/conoce-el-mapa-de-los-representantes-de-los-congresos-regionales-escolares-de-las-ciencias-y-la-tecnologia-explora-2019\/#primaryimage\"},\"image\":{\"@id\":\"https:\/\/explora.cl\/rmsuroriente\/conoce-el-mapa-de-los-representantes-de-los-congresos-regionales-escolares-de-las-ciencias-y-la-tecnologia-explora-2019\/#primaryimage\"},\"thumbnailUrl\":\"https:\/\/explora.cl\/rmsuroriente\/wp-content\/uploads\/sites\/12\/2020\/09\/Banner-web-Representantes-CRECyT-2019-1.jpg\",\"datePublished\":\"2020-09-01T18:25:14+00:00\",\"dateModified\":\"2020-09-01T21:10:31+00:00\",\"breadcrumb\":{\"@id\":\"https:\/\/explora.cl\/rmsuroriente\/conoce-el-mapa-de-los-representantes-de-los-congresos-regionales-escolares-de-las-ciencias-y-la-tecnologia-explora-2019\/#breadcrumb\"},\"inLanguage\":\"es-CL\",\"potentialAction\":[{\"@type\":\"ReadAction\",\"target\":[\"https:\/\/explora.cl\/rmsuroriente\/conoce-el-mapa-de-los-representantes-de-los-congresos-regionales-escolares-de-las-ciencias-y-la-tecnologia-explora-2019\/\"]}]},{\"@type\":\"ImageObject\",\"inLanguage\":\"es-CL\",\"@id\":\"https:\/\/explora.cl\/rmsuroriente\/conoce-el-mapa-de-los-representantes-de-los-congresos-regionales-escolares-de-las-ciencias-y-la-tecnologia-explora-2019\/#primaryimage\",\"url\":\"https:\/\/explora.cl\/rmsuroriente\/wp-content\/uploads\/sites\/12\/2020\/09\/Banner-web-Representantes-CRECyT-2019-1.jpg\",\"contentUrl\":\"https:\/\/explora.cl\/rmsuroriente\/wp-content\/uploads\/sites\/12\/2020\/09\/Banner-web-Representantes-CRECyT-2019-1.jpg\",\"width\":725,\"height\":414},{\"@type\":\"BreadcrumbList\",\"@id\":\"https:\/\/explora.cl\/rmsuroriente\/conoce-el-mapa-de-los-representantes-de-los-congresos-regionales-escolares-de-las-ciencias-y-la-tecnologia-explora-2019\/#breadcrumb\",\"itemListElement\":[{\"@type\":\"ListItem\",\"position\":1,\"name\":\"Portada\",\"item\":\"https:\/\/explora.cl\/rmsuroriente\/\"},{\"@type\":\"ListItem\",\"position\":2,\"name\":\"Conoce el mapa\u00a0de los representantes de los Congresos Regionales Escolares de las Ciencias y la Tecnolog\u00eda Explora 2019\"}]},{\"@type\":\"WebSite\",\"@id\":\"https:\/\/explora.cl\/rmsuroriente\/#website\",\"url\":\"https:\/\/explora.cl\/rmsuroriente\/\",\"name\":\"RM Sur Oriente\",\"description\":\"Otro sitio m\u00e1s de explora.cl\",\"publisher\":{\"@id\":\"https:\/\/explora.cl\/rmsuroriente\/#organization\"},\"potentialAction\":[{\"@type\":\"SearchAction\",\"target\":{\"@type\":\"EntryPoint\",\"urlTemplate\":\"https:\/\/explora.cl\/rmsuroriente\/?s={search_term_string}\"},\"query-input\":{\"@type\":\"PropertyValueSpecification\",\"valueRequired\":true,\"valueName\":\"search_term_string\"}}],\"inLanguage\":\"es-CL\"},{\"@type\":\"Organization\",\"@id\":\"https:\/\/explora.cl\/rmsuroriente\/#organization\",\"name\":\"RM Sur Oriente\",\"url\":\"https:\/\/explora.cl\/rmsuroriente\/\",\"logo\":{\"@type\":\"ImageObject\",\"inLanguage\":\"es-CL\",\"@id\":\"https:\/\/explora.cl\/rmsuroriente\/#\/schema\/logo\/image\/\",\"url\":\"https:\/\/explora.cl\/rmsuroriente\/wp-content\/uploads\/sites\/12\/2025\/04\/cropped-LogoPAR_RMSO-Azul-UC.png\",\"contentUrl\":\"https:\/\/explora.cl\/rmsuroriente\/wp-content\/uploads\/sites\/12\/2025\/04\/cropped-LogoPAR_RMSO-Azul-UC.png\",\"width\":411,\"height\":409,\"caption\":\"RM Sur Oriente\"},\"image\":{\"@id\":\"https:\/\/explora.cl\/rmsuroriente\/#\/schema\/logo\/image\/\"}},{\"@type\":\"Person\",\"@id\":\"https:\/\/explora.cl\/rmsuroriente\/#\/schema\/person\/164f0bfb03507b3d5dd75257d8e71697\",\"name\":\"RMSO PUC\",\"image\":{\"@type\":\"ImageObject\",\"inLanguage\":\"es-CL\",\"@id\":\"https:\/\/explora.cl\/rmsuroriente\/#\/schema\/person\/image\/\",\"url\":\"https:\/\/secure.gravatar.com\/avatar\/16f7131f033ed433ea432d3fc2b04af9756004afdb5a6b61c705d795f6425ea0?s=96&d=mm&r=g\",\"contentUrl\":\"https:\/\/secure.gravatar.com\/avatar\/16f7131f033ed433ea432d3fc2b04af9756004afdb5a6b61c705d795f6425ea0?s=96&d=mm&r=g\",\"caption\":\"RMSO PUC\"},\"sameAs\":[\"https:\/\/www.instagram.com\/parexplorarmsuroriente\/\"],\"url\":\"https:\/\/explora.cl\/rmsuroriente\/author\/myanez\/\"}]}<\/script>\n<!-- \/ Yoast SEO plugin. -->","yoast_head_json":{"title":"Conoce el mapa\u00a0de los representantes de los Congresos Regionales Escolares de las Ciencias y la Tecnolog\u00eda Explora 2019 - RM Sur Oriente","robots":{"index":"index","follow":"follow","max-snippet":"max-snippet:-1","max-image-preview":"max-image-preview:large","max-video-preview":"max-video-preview:-1"},"canonical":"https:\/\/explora.cl\/rmsuroriente\/conoce-el-mapa-de-los-representantes-de-los-congresos-regionales-escolares-de-las-ciencias-y-la-tecnologia-explora-2019\/","og_locale":"es_ES","og_type":"article","og_title":"Conoce el mapa\u00a0de los representantes de los Congresos Regionales Escolares de las Ciencias y la Tecnolog\u00eda Explora 2019 - RM Sur Oriente","og_description":"Los Congresos Regionales Escolares de las Ciencias y la Tecnolog\u00eda son un encuentro de divulgaci\u00f3n de investigaciones escolares organizados en todo Chile por los Proyectos Asociativos Regionales de Programa Explora del Ministerio de Ciencia, Tecnolog\u00eda Conocimiento e Innovaci\u00f3n, donde estudiantes entre 5\u00b0 a\u00f1o de Educaci\u00f3n B\u00e1sica a 4\u00b0 a\u00f1o de Educaci\u00f3n Media, presentan los resultados [&hellip;]","og_url":"https:\/\/explora.cl\/rmsuroriente\/conoce-el-mapa-de-los-representantes-de-los-congresos-regionales-escolares-de-las-ciencias-y-la-tecnologia-explora-2019\/","og_site_name":"RM Sur Oriente","article_published_time":"2020-09-01T18:25:14+00:00","article_modified_time":"2020-09-01T21:10:31+00:00","og_image":[{"width":725,"height":414,"url":"https:\/\/explora.cl\/rmsuroriente\/wp-content\/uploads\/sites\/12\/2020\/09\/Banner-web-Representantes-CRECyT-2019-1.jpg","type":"image\/jpeg"}],"author":"RMSO PUC","twitter_card":"summary_large_image","twitter_misc":{"Escrito por":"RMSO PUC","Tiempo estimado de lectura":"1 minuto"},"schema":{"@context":"https:\/\/schema.org","@graph":[{"@type":"Article","@id":"https:\/\/explora.cl\/rmsuroriente\/conoce-el-mapa-de-los-representantes-de-los-congresos-regionales-escolares-de-las-ciencias-y-la-tecnologia-explora-2019\/#article","isPartOf":{"@id":"https:\/\/explora.cl\/rmsuroriente\/conoce-el-mapa-de-los-representantes-de-los-congresos-regionales-escolares-de-las-ciencias-y-la-tecnologia-explora-2019\/"},"author":{"name":"RMSO PUC","@id":"https:\/\/explora.cl\/rmsuroriente\/#\/schema\/person\/164f0bfb03507b3d5dd75257d8e71697"},"headline":"Conoce el mapa\u00a0de los representantes de los Congresos Regionales Escolares de las Ciencias y la Tecnolog\u00eda Explora 2019","datePublished":"2020-09-01T18:25:14+00:00","dateModified":"2020-09-01T21:10:31+00:00","mainEntityOfPage":{"@id":"https:\/\/explora.cl\/rmsuroriente\/conoce-el-mapa-de-los-representantes-de-los-congresos-regionales-escolares-de-las-ciencias-y-la-tecnologia-explora-2019\/"},"wordCount":227,"commentCount":0,"publisher":{"@id":"https:\/\/explora.cl\/rmsuroriente\/#organization"},"image":{"@id":"https:\/\/explora.cl\/rmsuroriente\/conoce-el-mapa-de-los-representantes-de-los-congresos-regionales-escolares-de-las-ciencias-y-la-tecnologia-explora-2019\/#primaryimage"},"thumbnailUrl":"https:\/\/explora.cl\/rmsuroriente\/wp-content\/uploads\/sites\/12\/2020\/09\/Banner-web-Representantes-CRECyT-2019-1.jpg","articleSection":["Banner","Lugar 2"],"inLanguage":"es-CL","potentialAction":[{"@type":"CommentAction","name":"Comment","target":["https:\/\/explora.cl\/rmsuroriente\/conoce-el-mapa-de-los-representantes-de-los-congresos-regionales-escolares-de-las-ciencias-y-la-tecnologia-explora-2019\/#respond"]}]},{"@type":"WebPage","@id":"https:\/\/explora.cl\/rmsuroriente\/conoce-el-mapa-de-los-representantes-de-los-congresos-regionales-escolares-de-las-ciencias-y-la-tecnologia-explora-2019\/","url":"https:\/\/explora.cl\/rmsuroriente\/conoce-el-mapa-de-los-representantes-de-los-congresos-regionales-escolares-de-las-ciencias-y-la-tecnologia-explora-2019\/","name":"Conoce el mapa\u00a0de los representantes de los Congresos Regionales Escolares de las Ciencias y la Tecnolog\u00eda Explora 2019 - RM Sur Oriente","isPartOf":{"@id":"https:\/\/explora.cl\/rmsuroriente\/#website"},"primaryImageOfPage":{"@id":"https:\/\/explora.cl\/rmsuroriente\/conoce-el-mapa-de-los-representantes-de-los-congresos-regionales-escolares-de-las-ciencias-y-la-tecnologia-explora-2019\/#primaryimage"},"image":{"@id":"https:\/\/explora.cl\/rmsuroriente\/conoce-el-mapa-de-los-representantes-de-los-congresos-regionales-escolares-de-las-ciencias-y-la-tecnologia-explora-2019\/#primaryimage"},"thumbnailUrl":"https:\/\/explora.cl\/rmsuroriente\/wp-content\/uploads\/sites\/12\/2020\/09\/Banner-web-Representantes-CRECyT-2019-1.jpg","datePublished":"2020-09-01T18:25:14+00:00","dateModified":"2020-09-01T21:10:31+00:00","breadcrumb":{"@id":"https:\/\/explora.cl\/rmsuroriente\/conoce-el-mapa-de-los-representantes-de-los-congresos-regionales-escolares-de-las-ciencias-y-la-tecnologia-explora-2019\/#breadcrumb"},"inLanguage":"es-CL","potentialAction":[{"@type":"ReadAction","target":["https:\/\/explora.cl\/rmsuroriente\/conoce-el-mapa-de-los-representantes-de-los-congresos-regionales-escolares-de-las-ciencias-y-la-tecnologia-explora-2019\/"]}]},{"@type":"ImageObject","inLanguage":"es-CL","@id":"https:\/\/explora.cl\/rmsuroriente\/conoce-el-mapa-de-los-representantes-de-los-congresos-regionales-escolares-de-las-ciencias-y-la-tecnologia-explora-2019\/#primaryimage","url":"https:\/\/explora.cl\/rmsuroriente\/wp-content\/uploads\/sites\/12\/2020\/09\/Banner-web-Representantes-CRECyT-2019-1.jpg","contentUrl":"https:\/\/explora.cl\/rmsuroriente\/wp-content\/uploads\/sites\/12\/2020\/09\/Banner-web-Representantes-CRECyT-2019-1.jpg","width":725,"height":414},{"@type":"BreadcrumbList","@id":"https:\/\/explora.cl\/rmsuroriente\/conoce-el-mapa-de-los-representantes-de-los-congresos-regionales-escolares-de-las-ciencias-y-la-tecnologia-explora-2019\/#breadcrumb","itemListElement":[{"@type":"ListItem","position":1,"name":"Portada","item":"https:\/\/explora.cl\/rmsuroriente\/"},{"@type":"ListItem","position":2,"name":"Conoce el mapa\u00a0de los representantes de los Congresos Regionales Escolares de las Ciencias y la Tecnolog\u00eda Explora 2019"}]},{"@type":"WebSite","@id":"https:\/\/explora.cl\/rmsuroriente\/#website","url":"https:\/\/explora.cl\/rmsuroriente\/","name":"RM Sur Oriente","description":"Otro sitio m\u00e1s de explora.cl","publisher":{"@id":"https:\/\/explora.cl\/rmsuroriente\/#organization"},"potentialAction":[{"@type":"SearchAction","target":{"@type":"EntryPoint","urlTemplate":"https:\/\/explora.cl\/rmsuroriente\/?s={search_term_string}"},"query-input":{"@type":"PropertyValueSpecification","valueRequired":true,"valueName":"search_term_string"}}],"inLanguage":"es-CL"},{"@type":"Organization","@id":"https:\/\/explora.cl\/rmsuroriente\/#organization","name":"RM Sur Oriente","url":"https:\/\/explora.cl\/rmsuroriente\/","logo":{"@type":"ImageObject","inLanguage":"es-CL","@id":"https:\/\/explora.cl\/rmsuroriente\/#\/schema\/logo\/image\/","url":"https:\/\/explora.cl\/rmsuroriente\/wp-content\/uploads\/sites\/12\/2025\/04\/cropped-LogoPAR_RMSO-Azul-UC.png","contentUrl":"https:\/\/explora.cl\/rmsuroriente\/wp-content\/uploads\/sites\/12\/2025\/04\/cropped-LogoPAR_RMSO-Azul-UC.png","width":411,"height":409,"caption":"RM Sur Oriente"},"image":{"@id":"https:\/\/explora.cl\/rmsuroriente\/#\/schema\/logo\/image\/"}},{"@type":"Person","@id":"https:\/\/explora.cl\/rmsuroriente\/#\/schema\/person\/164f0bfb03507b3d5dd75257d8e71697","name":"RMSO PUC","image":{"@type":"ImageObject","inLanguage":"es-CL","@id":"https:\/\/explora.cl\/rmsuroriente\/#\/schema\/person\/image\/","url":"https:\/\/secure.gravatar.com\/avatar\/16f7131f033ed433ea432d3fc2b04af9756004afdb5a6b61c705d795f6425ea0?s=96&d=mm&r=g","contentUrl":"https:\/\/secure.gravatar.com\/avatar\/16f7131f033ed433ea432d3fc2b04af9756004afdb5a6b61c705d795f6425ea0?s=96&d=mm&r=g","caption":"RMSO PUC"},"sameAs":["https:\/\/www.instagram.com\/parexplorarmsuroriente\/"],"url":"https:\/\/explora.cl\/rmsuroriente\/author\/myanez\/"}]}},"_links":{"self":[{"href":"https:\/\/explora.cl\/rmsuroriente\/wp-json\/wp\/v2\/posts\/39516","targetHints":{"allow":["GET"]}}],"collection":[{"href":"https:\/\/explora.cl\/rmsuroriente\/wp-json\/wp\/v2\/posts"}],"about":[{"href":"https:\/\/explora.cl\/rmsuroriente\/wp-json\/wp\/v2\/types\/post"}],"author":[{"embeddable":true,"href":"https:\/\/explora.cl\/rmsuroriente\/wp-json\/wp\/v2\/users\/27"}],"replies":[{"embeddable":true,"href":"https:\/\/explora.cl\/rmsuroriente\/wp-json\/wp\/v2\/comments?post=39516"}],"version-history":[{"count":3,"href":"https:\/\/explora.cl\/rmsuroriente\/wp-json\/wp\/v2\/posts\/39516\/revisions"}],"predecessor-version":[{"id":39553,"href":"https:\/\/explora.cl\/rmsuroriente\/wp-json\/wp\/v2\/posts\/39516\/revisions\/39553"}],"wp:featuredmedia":[{"embeddable":true,"href":"https:\/\/explora.cl\/rmsuroriente\/wp-json\/wp\/v2\/media\/39550"}],"wp:attachment":[{"href":"https:\/\/explora.cl\/rmsuroriente\/wp-json\/wp\/v2\/media?parent=39516"}],"wp:term":[{"taxonomy":"category","embeddable":true,"href":"https:\/\/explora.cl\/rmsuroriente\/wp-json\/wp\/v2\/categories?post=39516"},{"taxonomy":"post_tag","embeddable":true,"href":"https:\/\/explora.cl\/rmsuroriente\/wp-json\/wp\/v2\/tags?post=39516"}],"curies":[{"name":"wp","href":"https:\/\/api.w.org\/{rel}","templated":true}]}}