{"id":39378,"date":"2020-07-23T19:59:17","date_gmt":"2020-07-23T23:59:17","guid":{"rendered":"https:\/\/explora.cl\/rmsuroriente\/?p=39378"},"modified":"2020-07-28T11:55:50","modified_gmt":"2020-07-28T15:55:50","slug":"programa-iie-abre-convocatoria-asesores","status":"publish","type":"post","link":"https:\/\/explora.cl\/rmsuroriente\/programa-iie-abre-convocatoria-asesores\/","title":{"rendered":"Programa de Investigaci\u00f3n e Innovaci\u00f3n Escolar abre su convocatoria a asesoras y asesores cient\u00edficos"},"content":{"rendered":"<p><b>\u00bfTe gustar\u00eda apoyar las revisiones bibliogr\u00e1ficas en las \u201cAcademias de Ciencias\u201d conformadas por docentes junto a sus estudiantes? Participa acompa\u00f1ando a los grupos investigadores de este 2020 \u00a1Inscr\u00edbete entre el 23 de julio y el 7 de agosto!.<\/b><\/p>\n<p><span style=\"font-weight: 400\">Con motivo de generar una vinculaci\u00f3n entre el mundo cient\u00edfico y la comunidad escolar, es que el Programa de Investigaci\u00f3n e Innovaci\u00f3n Escolar (IIE), entrega la posibilidad de que docentes participen en conjunto con sus estudiantes desarrollando una investigaci\u00f3n con el acompa\u00f1amiento y asesoramiento de un cient\u00edfico o cient\u00edfica y la encargada de la iniciativa.\u00a0<\/span><\/p>\n<p><span style=\"font-weight: 400\">Este a\u00f1o, <\/span><a href=\"https:\/\/explora.cl\/rmsuroriente\/conoce-a-las-y-los-participantes-del-programa-de-investigacion-e-innovacion-escolar\/\" target=\"_blank\" rel=\"noopener noreferrer\"><span style=\"font-weight: 400\">son 52 profesores las y los inscritos<\/span><\/a><span style=\"font-weight: 400\"> en las \u201cAcademias de Ciencias\u201d, quienes participar\u00e1n con sus estudiantes pertenecientes a los niveles desde primer a\u00f1o b\u00e1sico hasta cuarto a\u00f1o medio, realizando revisiones bibliogr\u00e1ficas en las \u00e1reas de las ciencias naturales, ciencias sociales, tecnolog\u00eda, innovaci\u00f3n e ingenier\u00eda, artes y humanidades.<\/span><\/p>\n<p><span style=\"font-weight: 400\">Para llevar a cabo la labor de acompa\u00f1amiento de estas investigaciones, es que el PAR Explora RM Sur Oriente abre su convocatoria a asesoras y asesores cient\u00edficos especialistas en todas estas \u00e1reas, quienes tendr\u00e1n la tarea de ofrecer gu\u00eda y apoyo con sus conocimientos y material bibliogr\u00e1fico al grupo investigador que les sea asignado de acuerdo a su especialidad, durante la ejecuci\u00f3n del Programa IIE.<\/span><\/p>\n<p><b>\u00bfQui\u00e9nes pueden ser asesoras y asesores cient\u00edficos?<\/b><\/p>\n<p><span style=\"font-weight: 400\">Pueden inscribirse como asesora\/es las\/os investigadoras\/es o cient\u00edficas\/os, que cuenten con estudios de postgrado (mag\u00edster o doctorado), que desarrollen l\u00edneas de investigaci\u00f3n en tem\u00e1ticas relativas a las ciencias naturales, ciencias sociales, tecnolog\u00eda, innovaci\u00f3n e ingenier\u00eda, artes y humanidades, respaldadas por Instituciones, universidades, departamentos o centros de Investigaci\u00f3n.<\/span><\/p>\n<p><b>\u00bfC\u00f3mo pueden postular?<\/b><\/p>\n<p><span style=\"font-weight: 400\">A las y los interesados en participar, se les sugiere leer previamente el documento <\/span><span style=\"font-weight: 400\">\u201cAsesor\u00eda Cient\u00edfica\u201d<\/span><span style=\"font-weight: 400\"> disponible para descarga a continuaci\u00f3n. Posteriormente, deben realizar su inscripci\u00f3n\u00a0 completando el siguiente formulario:<\/span><\/p>\n<h2><span style=\"color: #0000ff\"><a style=\"color: #0000ff\" href=\"https:\/\/explora.cl\/rmsuroriente\/wp-content\/uploads\/sites\/12\/2020\/07\/Asesoria-Cientifica-IIE.pdf\" target=\"_blank\" rel=\"noopener noreferrer\">Descarga el documento &#8220;Asesoria Cientifica IIE&#8221;<\/a><\/span><\/h2>\n<h2><span style=\"color: #0000ff\"><a style=\"color: #0000ff\" href=\"https:\/\/docs.google.com\/forms\/d\/e\/1FAIpQLSeUiIJg9QhVytcaGioPT9Q9iRqjvuyUcTntsfZ3jlA3xvcWAA\/viewform\" target=\"_blank\" rel=\"noopener noreferrer\">Accede al formulario de inscripci\u00f3n<\/a><\/span><\/h2>\n<p><span style=\"font-weight: 400\">Una vez enviados los datos, la encargada de la iniciativa, Camila Contreras Soto, se pondr\u00e1 en contacto con las y los inscritos. Para m\u00e1s informaci\u00f3n, escribir al correo electr\u00f3nico <\/span><a href=\"mailto:iie.explorarmso@gmail.com\"><span style=\"font-weight: 400\">iie.explorarmso@gmail.com<\/span><\/a><span style=\"font-weight: 400\">. \u00a1Recuerda enviar el formulario hasta el 7 de agosto!<\/span><\/p>\n<p>&nbsp;<\/p>\n","protected":false},"excerpt":{"rendered":"<p>\u00bfTe gustar\u00eda apoyar las revisiones bibliogr\u00e1ficas en las \u201cAcademias de Ciencias\u201d conformadas por docentes junto a sus estudiantes? Participa acompa\u00f1ando a los grupos investigadores de este 2020 \u00a1Inscr\u00edbete entre el 23 de julio y el 7 de agosto!.<\/p>\n","protected":false},"author":27,"featured_media":39380,"comment_status":"open","ping_status":"open","sticky":false,"template":"","format":"standard","meta":{"_acf_changed":false,"_exactmetrics_skip_tracking":false,"_exactmetrics_sitenote_active":false,"_exactmetrics_sitenote_note":"","_exactmetrics_sitenote_category":0,"footnotes":"","_links_to":"","_links_to_target":""},"categories":[139,4,1],"tags":[],"class_list":["post-39378","post","type-post","status-publish","format-standard","has-post-thumbnail","hentry","category-lugar-4","category-noticias","category-sin-categoria"],"acf":[],"yoast_head":"<!-- This site is optimized with the Yoast SEO plugin v26.9 - https:\/\/yoast.com\/product\/yoast-seo-wordpress\/ -->\n<title>Programa de Investigaci\u00f3n e Innovaci\u00f3n Escolar abre su convocatoria a asesoras y asesores cient\u00edficos - RM Sur Oriente<\/title>\n<meta name=\"description\" content=\"\u00bfTe gustar\u00eda apoyar las revisiones bibliogr\u00e1ficas en las \u201cAcademias de Ciencias\u201d conformadas por docentes junto a sus estudiantes? Participa acompa\u00f1ando a los grupos investigadores de este 2020 \u00a1Inscr\u00edbete entre el 23 de julio y el 7 de agosto!.\" class=\"yoast-seo-meta-tag\" \/>\n<meta name=\"robots\" content=\"index, follow, max-snippet:-1, max-image-preview:large, max-video-preview:-1\" \/>\n<link rel=\"canonical\" href=\"https:\/\/explora.cl\/rmsuroriente\/programa-iie-abre-convocatoria-asesores\/\" class=\"yoast-seo-meta-tag\" \/>\n<meta property=\"og:locale\" content=\"es_ES\" class=\"yoast-seo-meta-tag\" \/>\n<meta property=\"og:type\" content=\"article\" class=\"yoast-seo-meta-tag\" \/>\n<meta property=\"og:title\" content=\"Programa de Investigaci\u00f3n e Innovaci\u00f3n Escolar abre su convocatoria a asesoras y asesores cient\u00edficos - RM Sur Oriente\" class=\"yoast-seo-meta-tag\" \/>\n<meta property=\"og:description\" content=\"\u00bfTe gustar\u00eda apoyar las revisiones bibliogr\u00e1ficas en las \u201cAcademias de Ciencias\u201d conformadas por docentes junto a sus estudiantes? Participa acompa\u00f1ando a los grupos investigadores de este 2020 \u00a1Inscr\u00edbete entre el 23 de julio y el 7 de agosto!.\" class=\"yoast-seo-meta-tag\" \/>\n<meta property=\"og:url\" content=\"https:\/\/explora.cl\/rmsuroriente\/programa-iie-abre-convocatoria-asesores\/\" class=\"yoast-seo-meta-tag\" \/>\n<meta property=\"og:site_name\" content=\"RM Sur Oriente\" class=\"yoast-seo-meta-tag\" \/>\n<meta property=\"article:published_time\" content=\"2020-07-23T23:59:17+00:00\" class=\"yoast-seo-meta-tag\" \/>\n<meta property=\"article:modified_time\" content=\"2020-07-28T15:55:50+00:00\" class=\"yoast-seo-meta-tag\" \/>\n<meta property=\"og:image\" content=\"https:\/\/explora.cl\/rmsuroriente\/wp-content\/uploads\/sites\/12\/2020\/07\/Convocatoria-asesores-IIE-2020-web.png\" class=\"yoast-seo-meta-tag\" \/>\n\t<meta property=\"og:image:width\" content=\"775\" class=\"yoast-seo-meta-tag\" \/>\n\t<meta property=\"og:image:height\" content=\"443\" class=\"yoast-seo-meta-tag\" \/>\n\t<meta property=\"og:image:type\" content=\"image\/png\" class=\"yoast-seo-meta-tag\" \/>\n<meta name=\"author\" content=\"RMSO PUC\" class=\"yoast-seo-meta-tag\" \/>\n<meta name=\"twitter:card\" content=\"summary_large_image\" class=\"yoast-seo-meta-tag\" \/>\n<meta name=\"twitter:label1\" content=\"Escrito por\" class=\"yoast-seo-meta-tag\" \/>\n\t<meta name=\"twitter:data1\" content=\"RMSO PUC\" class=\"yoast-seo-meta-tag\" \/>\n\t<meta name=\"twitter:label2\" content=\"Tiempo estimado de lectura\" class=\"yoast-seo-meta-tag\" \/>\n\t<meta name=\"twitter:data2\" content=\"2 minutos\" class=\"yoast-seo-meta-tag\" \/>\n<script type=\"application\/ld+json\" class=\"yoast-schema-graph\">{\"@context\":\"https:\/\/schema.org\",\"@graph\":[{\"@type\":\"Article\",\"@id\":\"https:\/\/explora.cl\/rmsuroriente\/programa-iie-abre-convocatoria-asesores\/#article\",\"isPartOf\":{\"@id\":\"https:\/\/explora.cl\/rmsuroriente\/programa-iie-abre-convocatoria-asesores\/\"},\"author\":{\"name\":\"RMSO PUC\",\"@id\":\"https:\/\/explora.cl\/rmsuroriente\/#\/schema\/person\/164f0bfb03507b3d5dd75257d8e71697\"},\"headline\":\"Programa de Investigaci\u00f3n e Innovaci\u00f3n Escolar abre su convocatoria a asesoras y asesores cient\u00edficos\",\"datePublished\":\"2020-07-23T23:59:17+00:00\",\"dateModified\":\"2020-07-28T15:55:50+00:00\",\"mainEntityOfPage\":{\"@id\":\"https:\/\/explora.cl\/rmsuroriente\/programa-iie-abre-convocatoria-asesores\/\"},\"wordCount\":412,\"commentCount\":0,\"publisher\":{\"@id\":\"https:\/\/explora.cl\/rmsuroriente\/#organization\"},\"image\":{\"@id\":\"https:\/\/explora.cl\/rmsuroriente\/programa-iie-abre-convocatoria-asesores\/#primaryimage\"},\"thumbnailUrl\":\"https:\/\/explora.cl\/rmsuroriente\/wp-content\/uploads\/sites\/12\/2020\/07\/Convocatoria-asesores-IIE-2020-web.png\",\"articleSection\":[\"Lugar 4\",\"Noticias\"],\"inLanguage\":\"es-CL\",\"potentialAction\":[{\"@type\":\"CommentAction\",\"name\":\"Comment\",\"target\":[\"https:\/\/explora.cl\/rmsuroriente\/programa-iie-abre-convocatoria-asesores\/#respond\"]}]},{\"@type\":\"WebPage\",\"@id\":\"https:\/\/explora.cl\/rmsuroriente\/programa-iie-abre-convocatoria-asesores\/\",\"url\":\"https:\/\/explora.cl\/rmsuroriente\/programa-iie-abre-convocatoria-asesores\/\",\"name\":\"Programa de Investigaci\u00f3n e Innovaci\u00f3n Escolar abre su convocatoria a asesoras y asesores cient\u00edficos - RM Sur Oriente\",\"isPartOf\":{\"@id\":\"https:\/\/explora.cl\/rmsuroriente\/#website\"},\"primaryImageOfPage\":{\"@id\":\"https:\/\/explora.cl\/rmsuroriente\/programa-iie-abre-convocatoria-asesores\/#primaryimage\"},\"image\":{\"@id\":\"https:\/\/explora.cl\/rmsuroriente\/programa-iie-abre-convocatoria-asesores\/#primaryimage\"},\"thumbnailUrl\":\"https:\/\/explora.cl\/rmsuroriente\/wp-content\/uploads\/sites\/12\/2020\/07\/Convocatoria-asesores-IIE-2020-web.png\",\"datePublished\":\"2020-07-23T23:59:17+00:00\",\"dateModified\":\"2020-07-28T15:55:50+00:00\",\"description\":\"\u00bfTe gustar\u00eda apoyar las revisiones bibliogr\u00e1ficas en las \u201cAcademias de Ciencias\u201d conformadas por docentes junto a sus estudiantes? Participa acompa\u00f1ando a los grupos investigadores de este 2020 \u00a1Inscr\u00edbete entre el 23 de julio y el 7 de agosto!.\",\"breadcrumb\":{\"@id\":\"https:\/\/explora.cl\/rmsuroriente\/programa-iie-abre-convocatoria-asesores\/#breadcrumb\"},\"inLanguage\":\"es-CL\",\"potentialAction\":[{\"@type\":\"ReadAction\",\"target\":[\"https:\/\/explora.cl\/rmsuroriente\/programa-iie-abre-convocatoria-asesores\/\"]}]},{\"@type\":\"ImageObject\",\"inLanguage\":\"es-CL\",\"@id\":\"https:\/\/explora.cl\/rmsuroriente\/programa-iie-abre-convocatoria-asesores\/#primaryimage\",\"url\":\"https:\/\/explora.cl\/rmsuroriente\/wp-content\/uploads\/sites\/12\/2020\/07\/Convocatoria-asesores-IIE-2020-web.png\",\"contentUrl\":\"https:\/\/explora.cl\/rmsuroriente\/wp-content\/uploads\/sites\/12\/2020\/07\/Convocatoria-asesores-IIE-2020-web.png\",\"width\":775,\"height\":443},{\"@type\":\"BreadcrumbList\",\"@id\":\"https:\/\/explora.cl\/rmsuroriente\/programa-iie-abre-convocatoria-asesores\/#breadcrumb\",\"itemListElement\":[{\"@type\":\"ListItem\",\"position\":1,\"name\":\"Portada\",\"item\":\"https:\/\/explora.cl\/rmsuroriente\/\"},{\"@type\":\"ListItem\",\"position\":2,\"name\":\"Programa de Investigaci\u00f3n e Innovaci\u00f3n Escolar abre su convocatoria a asesoras y asesores cient\u00edficos\"}]},{\"@type\":\"WebSite\",\"@id\":\"https:\/\/explora.cl\/rmsuroriente\/#website\",\"url\":\"https:\/\/explora.cl\/rmsuroriente\/\",\"name\":\"RM Sur Oriente\",\"description\":\"Otro sitio m\u00e1s de explora.cl\",\"publisher\":{\"@id\":\"https:\/\/explora.cl\/rmsuroriente\/#organization\"},\"potentialAction\":[{\"@type\":\"SearchAction\",\"target\":{\"@type\":\"EntryPoint\",\"urlTemplate\":\"https:\/\/explora.cl\/rmsuroriente\/?s={search_term_string}\"},\"query-input\":{\"@type\":\"PropertyValueSpecification\",\"valueRequired\":true,\"valueName\":\"search_term_string\"}}],\"inLanguage\":\"es-CL\"},{\"@type\":\"Organization\",\"@id\":\"https:\/\/explora.cl\/rmsuroriente\/#organization\",\"name\":\"RM Sur Oriente\",\"url\":\"https:\/\/explora.cl\/rmsuroriente\/\",\"logo\":{\"@type\":\"ImageObject\",\"inLanguage\":\"es-CL\",\"@id\":\"https:\/\/explora.cl\/rmsuroriente\/#\/schema\/logo\/image\/\",\"url\":\"https:\/\/explora.cl\/rmsuroriente\/wp-content\/uploads\/sites\/12\/2025\/04\/cropped-LogoPAR_RMSO-Azul-UC.png\",\"contentUrl\":\"https:\/\/explora.cl\/rmsuroriente\/wp-content\/uploads\/sites\/12\/2025\/04\/cropped-LogoPAR_RMSO-Azul-UC.png\",\"width\":411,\"height\":409,\"caption\":\"RM Sur Oriente\"},\"image\":{\"@id\":\"https:\/\/explora.cl\/rmsuroriente\/#\/schema\/logo\/image\/\"}},{\"@type\":\"Person\",\"@id\":\"https:\/\/explora.cl\/rmsuroriente\/#\/schema\/person\/164f0bfb03507b3d5dd75257d8e71697\",\"name\":\"RMSO PUC\",\"image\":{\"@type\":\"ImageObject\",\"inLanguage\":\"es-CL\",\"@id\":\"https:\/\/explora.cl\/rmsuroriente\/#\/schema\/person\/image\/\",\"url\":\"https:\/\/secure.gravatar.com\/avatar\/16f7131f033ed433ea432d3fc2b04af9756004afdb5a6b61c705d795f6425ea0?s=96&d=mm&r=g\",\"contentUrl\":\"https:\/\/secure.gravatar.com\/avatar\/16f7131f033ed433ea432d3fc2b04af9756004afdb5a6b61c705d795f6425ea0?s=96&d=mm&r=g\",\"caption\":\"RMSO PUC\"},\"sameAs\":[\"https:\/\/www.instagram.com\/parexplorarmsuroriente\/\"],\"url\":\"https:\/\/explora.cl\/rmsuroriente\/author\/myanez\/\"}]}<\/script>\n<!-- \/ Yoast SEO plugin. -->","yoast_head_json":{"title":"Programa de Investigaci\u00f3n e Innovaci\u00f3n Escolar abre su convocatoria a asesoras y asesores cient\u00edficos - RM Sur Oriente","description":"\u00bfTe gustar\u00eda apoyar las revisiones bibliogr\u00e1ficas en las \u201cAcademias de Ciencias\u201d conformadas por docentes junto a sus estudiantes? Participa acompa\u00f1ando a los grupos investigadores de este 2020 \u00a1Inscr\u00edbete entre el 23 de julio y el 7 de agosto!.","robots":{"index":"index","follow":"follow","max-snippet":"max-snippet:-1","max-image-preview":"max-image-preview:large","max-video-preview":"max-video-preview:-1"},"canonical":"https:\/\/explora.cl\/rmsuroriente\/programa-iie-abre-convocatoria-asesores\/","og_locale":"es_ES","og_type":"article","og_title":"Programa de Investigaci\u00f3n e Innovaci\u00f3n Escolar abre su convocatoria a asesoras y asesores cient\u00edficos - RM Sur Oriente","og_description":"\u00bfTe gustar\u00eda apoyar las revisiones bibliogr\u00e1ficas en las \u201cAcademias de Ciencias\u201d conformadas por docentes junto a sus estudiantes? Participa acompa\u00f1ando a los grupos investigadores de este 2020 \u00a1Inscr\u00edbete entre el 23 de julio y el 7 de agosto!.","og_url":"https:\/\/explora.cl\/rmsuroriente\/programa-iie-abre-convocatoria-asesores\/","og_site_name":"RM Sur Oriente","article_published_time":"2020-07-23T23:59:17+00:00","article_modified_time":"2020-07-28T15:55:50+00:00","og_image":[{"width":775,"height":443,"url":"https:\/\/explora.cl\/rmsuroriente\/wp-content\/uploads\/sites\/12\/2020\/07\/Convocatoria-asesores-IIE-2020-web.png","type":"image\/png"}],"author":"RMSO PUC","twitter_card":"summary_large_image","twitter_misc":{"Escrito por":"RMSO PUC","Tiempo estimado de lectura":"2 minutos"},"schema":{"@context":"https:\/\/schema.org","@graph":[{"@type":"Article","@id":"https:\/\/explora.cl\/rmsuroriente\/programa-iie-abre-convocatoria-asesores\/#article","isPartOf":{"@id":"https:\/\/explora.cl\/rmsuroriente\/programa-iie-abre-convocatoria-asesores\/"},"author":{"name":"RMSO PUC","@id":"https:\/\/explora.cl\/rmsuroriente\/#\/schema\/person\/164f0bfb03507b3d5dd75257d8e71697"},"headline":"Programa de Investigaci\u00f3n e Innovaci\u00f3n Escolar abre su convocatoria a asesoras y asesores cient\u00edficos","datePublished":"2020-07-23T23:59:17+00:00","dateModified":"2020-07-28T15:55:50+00:00","mainEntityOfPage":{"@id":"https:\/\/explora.cl\/rmsuroriente\/programa-iie-abre-convocatoria-asesores\/"},"wordCount":412,"commentCount":0,"publisher":{"@id":"https:\/\/explora.cl\/rmsuroriente\/#organization"},"image":{"@id":"https:\/\/explora.cl\/rmsuroriente\/programa-iie-abre-convocatoria-asesores\/#primaryimage"},"thumbnailUrl":"https:\/\/explora.cl\/rmsuroriente\/wp-content\/uploads\/sites\/12\/2020\/07\/Convocatoria-asesores-IIE-2020-web.png","articleSection":["Lugar 4","Noticias"],"inLanguage":"es-CL","potentialAction":[{"@type":"CommentAction","name":"Comment","target":["https:\/\/explora.cl\/rmsuroriente\/programa-iie-abre-convocatoria-asesores\/#respond"]}]},{"@type":"WebPage","@id":"https:\/\/explora.cl\/rmsuroriente\/programa-iie-abre-convocatoria-asesores\/","url":"https:\/\/explora.cl\/rmsuroriente\/programa-iie-abre-convocatoria-asesores\/","name":"Programa de Investigaci\u00f3n e Innovaci\u00f3n Escolar abre su convocatoria a asesoras y asesores cient\u00edficos - RM Sur Oriente","isPartOf":{"@id":"https:\/\/explora.cl\/rmsuroriente\/#website"},"primaryImageOfPage":{"@id":"https:\/\/explora.cl\/rmsuroriente\/programa-iie-abre-convocatoria-asesores\/#primaryimage"},"image":{"@id":"https:\/\/explora.cl\/rmsuroriente\/programa-iie-abre-convocatoria-asesores\/#primaryimage"},"thumbnailUrl":"https:\/\/explora.cl\/rmsuroriente\/wp-content\/uploads\/sites\/12\/2020\/07\/Convocatoria-asesores-IIE-2020-web.png","datePublished":"2020-07-23T23:59:17+00:00","dateModified":"2020-07-28T15:55:50+00:00","description":"\u00bfTe gustar\u00eda apoyar las revisiones bibliogr\u00e1ficas en las \u201cAcademias de Ciencias\u201d conformadas por docentes junto a sus estudiantes? Participa acompa\u00f1ando a los grupos investigadores de este 2020 \u00a1Inscr\u00edbete entre el 23 de julio y el 7 de agosto!.","breadcrumb":{"@id":"https:\/\/explora.cl\/rmsuroriente\/programa-iie-abre-convocatoria-asesores\/#breadcrumb"},"inLanguage":"es-CL","potentialAction":[{"@type":"ReadAction","target":["https:\/\/explora.cl\/rmsuroriente\/programa-iie-abre-convocatoria-asesores\/"]}]},{"@type":"ImageObject","inLanguage":"es-CL","@id":"https:\/\/explora.cl\/rmsuroriente\/programa-iie-abre-convocatoria-asesores\/#primaryimage","url":"https:\/\/explora.cl\/rmsuroriente\/wp-content\/uploads\/sites\/12\/2020\/07\/Convocatoria-asesores-IIE-2020-web.png","contentUrl":"https:\/\/explora.cl\/rmsuroriente\/wp-content\/uploads\/sites\/12\/2020\/07\/Convocatoria-asesores-IIE-2020-web.png","width":775,"height":443},{"@type":"BreadcrumbList","@id":"https:\/\/explora.cl\/rmsuroriente\/programa-iie-abre-convocatoria-asesores\/#breadcrumb","itemListElement":[{"@type":"ListItem","position":1,"name":"Portada","item":"https:\/\/explora.cl\/rmsuroriente\/"},{"@type":"ListItem","position":2,"name":"Programa de Investigaci\u00f3n e Innovaci\u00f3n Escolar abre su convocatoria a asesoras y asesores cient\u00edficos"}]},{"@type":"WebSite","@id":"https:\/\/explora.cl\/rmsuroriente\/#website","url":"https:\/\/explora.cl\/rmsuroriente\/","name":"RM Sur Oriente","description":"Otro sitio m\u00e1s de explora.cl","publisher":{"@id":"https:\/\/explora.cl\/rmsuroriente\/#organization"},"potentialAction":[{"@type":"SearchAction","target":{"@type":"EntryPoint","urlTemplate":"https:\/\/explora.cl\/rmsuroriente\/?s={search_term_string}"},"query-input":{"@type":"PropertyValueSpecification","valueRequired":true,"valueName":"search_term_string"}}],"inLanguage":"es-CL"},{"@type":"Organization","@id":"https:\/\/explora.cl\/rmsuroriente\/#organization","name":"RM Sur Oriente","url":"https:\/\/explora.cl\/rmsuroriente\/","logo":{"@type":"ImageObject","inLanguage":"es-CL","@id":"https:\/\/explora.cl\/rmsuroriente\/#\/schema\/logo\/image\/","url":"https:\/\/explora.cl\/rmsuroriente\/wp-content\/uploads\/sites\/12\/2025\/04\/cropped-LogoPAR_RMSO-Azul-UC.png","contentUrl":"https:\/\/explora.cl\/rmsuroriente\/wp-content\/uploads\/sites\/12\/2025\/04\/cropped-LogoPAR_RMSO-Azul-UC.png","width":411,"height":409,"caption":"RM Sur Oriente"},"image":{"@id":"https:\/\/explora.cl\/rmsuroriente\/#\/schema\/logo\/image\/"}},{"@type":"Person","@id":"https:\/\/explora.cl\/rmsuroriente\/#\/schema\/person\/164f0bfb03507b3d5dd75257d8e71697","name":"RMSO PUC","image":{"@type":"ImageObject","inLanguage":"es-CL","@id":"https:\/\/explora.cl\/rmsuroriente\/#\/schema\/person\/image\/","url":"https:\/\/secure.gravatar.com\/avatar\/16f7131f033ed433ea432d3fc2b04af9756004afdb5a6b61c705d795f6425ea0?s=96&d=mm&r=g","contentUrl":"https:\/\/secure.gravatar.com\/avatar\/16f7131f033ed433ea432d3fc2b04af9756004afdb5a6b61c705d795f6425ea0?s=96&d=mm&r=g","caption":"RMSO PUC"},"sameAs":["https:\/\/www.instagram.com\/parexplorarmsuroriente\/"],"url":"https:\/\/explora.cl\/rmsuroriente\/author\/myanez\/"}]}},"_links":{"self":[{"href":"https:\/\/explora.cl\/rmsuroriente\/wp-json\/wp\/v2\/posts\/39378","targetHints":{"allow":["GET"]}}],"collection":[{"href":"https:\/\/explora.cl\/rmsuroriente\/wp-json\/wp\/v2\/posts"}],"about":[{"href":"https:\/\/explora.cl\/rmsuroriente\/wp-json\/wp\/v2\/types\/post"}],"author":[{"embeddable":true,"href":"https:\/\/explora.cl\/rmsuroriente\/wp-json\/wp\/v2\/users\/27"}],"replies":[{"embeddable":true,"href":"https:\/\/explora.cl\/rmsuroriente\/wp-json\/wp\/v2\/comments?post=39378"}],"version-history":[{"count":11,"href":"https:\/\/explora.cl\/rmsuroriente\/wp-json\/wp\/v2\/posts\/39378\/revisions"}],"predecessor-version":[{"id":39403,"href":"https:\/\/explora.cl\/rmsuroriente\/wp-json\/wp\/v2\/posts\/39378\/revisions\/39403"}],"wp:featuredmedia":[{"embeddable":true,"href":"https:\/\/explora.cl\/rmsuroriente\/wp-json\/wp\/v2\/media\/39380"}],"wp:attachment":[{"href":"https:\/\/explora.cl\/rmsuroriente\/wp-json\/wp\/v2\/media?parent=39378"}],"wp:term":[{"taxonomy":"category","embeddable":true,"href":"https:\/\/explora.cl\/rmsuroriente\/wp-json\/wp\/v2\/categories?post=39378"},{"taxonomy":"post_tag","embeddable":true,"href":"https:\/\/explora.cl\/rmsuroriente\/wp-json\/wp\/v2\/tags?post=39378"}],"curies":[{"name":"wp","href":"https:\/\/api.w.org\/{rel}","templated":true}]}}