{"id":38667,"date":"2019-07-10T17:20:29","date_gmt":"2019-07-10T21:20:29","guid":{"rendered":"https:\/\/explora.cl\/rmsuroriente\/?p=38667"},"modified":"2019-08-14T15:56:00","modified_gmt":"2019-08-14T19:56:00","slug":"miles-de-estudiantes-y-docentes-vivieron-un-eclipse-seguro-en-la-rm-sur-oriente","status":"publish","type":"post","link":"https:\/\/explora.cl\/rmsuroriente\/miles-de-estudiantes-y-docentes-vivieron-un-eclipse-seguro-en-la-rm-sur-oriente\/","title":{"rendered":"Miles de ni\u00f1os y ni\u00f1as ven un eclipse solar por primera vez"},"content":{"rendered":"<h3>El pasado 2 de julio, cerca de 2 mil ni\u00f1os de La Florida, La Granja, La Pintana, Pedro Aguirre Cerda y La Cisterna, se reunieron en distintos puntos para disfrutar del eclipse solar. Algunos de ellos no solo se maravillaron con lo que ocurri\u00f3 en el cielo, sino que con el comportamiento de los animales frente al fen\u00f3mento.<\/h3>\n<p><img fetchpriority=\"high\" decoding=\"async\" class=\"size-medium wp-image-38668 alignleft\" src=\"https:\/\/explora.cl\/rmsuroriente\/wp-content\/uploads\/sites\/12\/2019\/07\/webeclipse-300x215.jpg\" alt=\"\" width=\"300\" height=\"215\" srcset=\"https:\/\/explora.cl\/rmsuroriente\/wp-content\/uploads\/sites\/12\/2019\/07\/webeclipse-300x215.jpg 300w, https:\/\/explora.cl\/rmsuroriente\/wp-content\/uploads\/sites\/12\/2019\/07\/webeclipse-768x549.jpg 768w, https:\/\/explora.cl\/rmsuroriente\/wp-content\/uploads\/sites\/12\/2019\/07\/webeclipse-1024x732.jpg 1024w, https:\/\/explora.cl\/rmsuroriente\/wp-content\/uploads\/sites\/12\/2019\/07\/webeclipse.jpg 1264w\" sizes=\"(max-width: 300px) 100vw, 300px\" \/>Para que estudiantes de educaci\u00f3n b\u00e1sica y media vivieran su primer eclipse solar, con lentes certificados e informaci\u00f3n cient\u00edfica, es que cientos de docentes llevaron sus cursos a los recintos Mundo Granja, en la Facultad de Ciencias de Veterinarias y Pecuarias de la Universidad de Chile (La Pintana); el Espacio Cultural Matta de La Granja, en La Casa de la Cultura de Pedro Aguirre Cerda; la cancha CENDYR Manutara de La Florida; y la unidad oncol\u00f3gica infantil del Hospital S\u00f3tero del Rio<\/p>\n<p><img decoding=\"async\" class=\"size-medium wp-image-38669 alignright\" src=\"https:\/\/explora.cl\/rmsuroriente\/wp-content\/uploads\/sites\/12\/2019\/07\/webfoto-300x214.jpg\" alt=\"\" width=\"300\" height=\"214\" srcset=\"https:\/\/explora.cl\/rmsuroriente\/wp-content\/uploads\/sites\/12\/2019\/07\/webfoto-300x214.jpg 300w, https:\/\/explora.cl\/rmsuroriente\/wp-content\/uploads\/sites\/12\/2019\/07\/webfoto-768x548.jpg 768w, https:\/\/explora.cl\/rmsuroriente\/wp-content\/uploads\/sites\/12\/2019\/07\/webfoto-1024x731.jpg 1024w, https:\/\/explora.cl\/rmsuroriente\/wp-content\/uploads\/sites\/12\/2019\/07\/webfoto.jpg 1095w\" sizes=\"(max-width: 300px) 100vw, 300px\" \/>Mientras suced\u00eda el eclipse, en Mundo Granja los estudiantes observaban atentos y con mucha emoci\u00f3n. \u201cEs una experiencia muy bonita, nos gust\u00f3 mucho lo que pudimos ver a trav\u00e9s de los lentes. Adem\u00e1s es primera vez que vemos un eclipse\u201d, declar\u00f3, Raquel Doble estudiante de 7mo b\u00e1sico del Colegio Matilde Huici Navas de Pe\u00f1alol\u00e9n.<\/p>\n<p>Marcial Carre\u00f1o, estudiante del mismo establecimiento, declar\u00f3: \u201cTodo me ha impresionado porque nunca he visto un eclipse. Aunque s\u00ed los he visto por libros y mi pap\u00e1 me ha ense\u00f1ado, pero verlo en vivo es un aprendizaje \u00fanico para un ni\u00f1o y tomar\u00e1 mucho tiempo verlo otra vez\u201d.<\/p>\n<p style=\"text-align: left\"><img decoding=\"async\" class=\"size-medium wp-image-38673 alignright\" src=\"https:\/\/explora.cl\/rmsuroriente\/wp-content\/uploads\/sites\/12\/2019\/07\/IMG_2950-300x200.jpg\" alt=\"\" width=\"300\" height=\"200\" srcset=\"https:\/\/explora.cl\/rmsuroriente\/wp-content\/uploads\/sites\/12\/2019\/07\/IMG_2950-300x200.jpg 300w, https:\/\/explora.cl\/rmsuroriente\/wp-content\/uploads\/sites\/12\/2019\/07\/IMG_2950-768x512.jpg 768w, https:\/\/explora.cl\/rmsuroriente\/wp-content\/uploads\/sites\/12\/2019\/07\/IMG_2950-1024x683.jpg 1024w\" sizes=\"(max-width: 300px) 100vw, 300px\" \/>Marcial y\u00a0sus compa\u00f1eros, Bastian Morales y Sebasti\u00e1n Alvear, aprovecharon el eclipse para observar el cambio de comportamiento de animales de Mundo Granja. Haciendo muchas observaciones propias del m\u00e9todo cient\u00edfico.<\/p>\n<p>\u201cLas cabras empezaron a caminar en c\u00edrculo, los patos se alejaban de la laguna y los conejos se encuevaban\u201d, se\u00f1al\u00f3 Marcial. \u201cEsto explica que los animales captan o tienen miedo de lo que est\u00e1 pasando\u201d, agreg\u00f3 Bastian. Por su parte, Sebasti\u00e1n coment\u00f3:\u201cHice algunas grabaciones del gallo cantando mientras duraba el eclipse.<\/p>\n<p><img loading=\"lazy\" decoding=\"async\" class=\"size-medium wp-image-38671 alignleft\" src=\"https:\/\/explora.cl\/rmsuroriente\/wp-content\/uploads\/sites\/12\/2019\/07\/web-explo-300x270.jpg\" alt=\"\" width=\"300\" height=\"270\" srcset=\"https:\/\/explora.cl\/rmsuroriente\/wp-content\/uploads\/sites\/12\/2019\/07\/web-explo-300x270.jpg 300w, https:\/\/explora.cl\/rmsuroriente\/wp-content\/uploads\/sites\/12\/2019\/07\/web-explo-768x692.jpg 768w, https:\/\/explora.cl\/rmsuroriente\/wp-content\/uploads\/sites\/12\/2019\/07\/web-explo-1024x922.jpg 1024w, https:\/\/explora.cl\/rmsuroriente\/wp-content\/uploads\/sites\/12\/2019\/07\/web-explo.jpg 1653w\" sizes=\"(max-width: 300px) 100vw, 300px\" \/>En el lugar estaba tambi\u00e9n el Decano de FAVET, Dr. Mario Maino, quien comparti\u00f3 con algunos escolares que le informaban los cambios en el actuar de los animales durante el fen\u00f3meno. \u201cHemos visto que muchos ni\u00f1os se est\u00e1n planteando la pregunta, \u2018\u00bfqu\u00e9 les pasa a los animales con el eclipse?\u2019. Han grabado cosas bien interesantes. Cuando comienza a oscurecer los animales sienten que se acaba el d\u00eda y a los pocos minutos retoman su rutina. Es muy importante que los ni\u00f1os se planteen preguntas y traten de responderlas\u201d, finaliz\u00f3.<\/p>\n<p>Los docentes tambi\u00e9n pudieron disfrutar del eclipse y de ver a los estudiantes sorprendidos ante un espect\u00e1culo \u00fanico. As\u00ed lo coment\u00f3 Roberto Ramos, profesor de F\u00edsica y Ciencias Naturales del Colegio San Mateo de Puente Alto. \u201cLa experiencia ha sido maravillosa. Estar con los animales en Mundo Granja, estar con mis colegas y que los chicos vean la ciencia en vivo y en directo me parece espectacular. Estoy contento por ellos, esta es una experiencia de aprendizaje s\u00faper grata\u201d.<\/p>\n<p><img loading=\"lazy\" decoding=\"async\" class=\"alignright wp-image-38672 size-medium\" src=\"https:\/\/explora.cl\/rmsuroriente\/wp-content\/uploads\/sites\/12\/2019\/07\/web-300x200.jpg\" alt=\"\" width=\"300\" height=\"200\" srcset=\"https:\/\/explora.cl\/rmsuroriente\/wp-content\/uploads\/sites\/12\/2019\/07\/web-300x200.jpg 300w, https:\/\/explora.cl\/rmsuroriente\/wp-content\/uploads\/sites\/12\/2019\/07\/web-768x512.jpg 768w, https:\/\/explora.cl\/rmsuroriente\/wp-content\/uploads\/sites\/12\/2019\/07\/web-1024x683.jpg 1024w\" sizes=\"(max-width: 300px) 100vw, 300px\" \/><\/p>\n<p>Por su parte, Roberto Rojas, profesor de matem\u00e1ticas del Colegio Diego de Almagro de Pe\u00f1alol\u00e9n se\u00f1al\u00f3: \u201cEs muy interesante, venir con los ni\u00f1os y que puedan comprobar la realidad de c\u00f3mo es esto que no se da siempre. Durante el eclipse estuvieron todo el tiempo expectantes, adem\u00e1s conocieron a los animales de la granja. Es un muy buen momento de distracci\u00f3n despu\u00e9s de las pruebas de fin de semestre\u201d.<\/p>\n<p>Cabe destacar, que la donaci\u00f3n de los m\u00e1s de 2 mil lentes certificados fue realizada por el Instituto de Astrof\u00edsica UC, Instituto Milenio de Astrof\u00edsica MAS y ESO Chile (Observatorio Europeo del Sur). Tras la donaci\u00f3n, el PAR Explora RM Sur oriente coordino la entrega en 23 establecimientos educacionales y 8 grupos educativos los que visitaron los distintos lugares de observaci\u00f3n.<\/p>\n<p>&nbsp;<\/p>\n","protected":false},"excerpt":{"rendered":"<p>El equipo del PAR Explora de CONICYT de la Regi\u00f3n Metropolitana Sur Oriente, despleg\u00f3 un plan \u201cEclipse Seguro\u201d que benefici\u00f3 a cerca de 3 mil personas en las comunas de La Florida, La Granja, La Pintana, Pedro Aguirre Cerda y La Cisterna.<\/p>\n","protected":false},"author":27,"featured_media":38668,"comment_status":"open","ping_status":"open","sticky":false,"template":"","format":"standard","meta":{"_acf_changed":false,"_exactmetrics_skip_tracking":false,"_exactmetrics_sitenote_active":false,"_exactmetrics_sitenote_note":"","_exactmetrics_sitenote_category":0,"footnotes":"","_links_to":"","_links_to_target":""},"categories":[140,4],"tags":[],"class_list":["post-38667","post","type-post","status-publish","format-standard","has-post-thumbnail","hentry","category-lugar-5","category-noticias"],"acf":[],"yoast_head":"<!-- This site is optimized with the Yoast SEO plugin v26.9 - https:\/\/yoast.com\/product\/yoast-seo-wordpress\/ -->\n<title>Miles de ni\u00f1os y ni\u00f1as ven un eclipse solar por primera vez - RM Sur Oriente<\/title>\n<meta name=\"robots\" content=\"index, follow, max-snippet:-1, max-image-preview:large, max-video-preview:-1\" \/>\n<link rel=\"canonical\" href=\"https:\/\/explora.cl\/rmsuroriente\/miles-de-estudiantes-y-docentes-vivieron-un-eclipse-seguro-en-la-rm-sur-oriente\/\" class=\"yoast-seo-meta-tag\" \/>\n<meta property=\"og:locale\" content=\"es_ES\" class=\"yoast-seo-meta-tag\" \/>\n<meta property=\"og:type\" content=\"article\" class=\"yoast-seo-meta-tag\" \/>\n<meta property=\"og:title\" content=\"Miles de ni\u00f1os y ni\u00f1as ven un eclipse solar por primera vez - RM Sur Oriente\" class=\"yoast-seo-meta-tag\" \/>\n<meta property=\"og:description\" content=\"El equipo del PAR Explora de CONICYT de la Regi\u00f3n Metropolitana Sur Oriente, despleg\u00f3 un plan \u201cEclipse Seguro\u201d que benefici\u00f3 a cerca de 3 mil personas en las comunas de La Florida, La Granja, La Pintana, Pedro Aguirre Cerda y La Cisterna.\" class=\"yoast-seo-meta-tag\" \/>\n<meta property=\"og:url\" content=\"https:\/\/explora.cl\/rmsuroriente\/miles-de-estudiantes-y-docentes-vivieron-un-eclipse-seguro-en-la-rm-sur-oriente\/\" class=\"yoast-seo-meta-tag\" \/>\n<meta property=\"og:site_name\" content=\"RM Sur Oriente\" class=\"yoast-seo-meta-tag\" \/>\n<meta property=\"article:published_time\" content=\"2019-07-10T21:20:29+00:00\" class=\"yoast-seo-meta-tag\" \/>\n<meta property=\"article:modified_time\" content=\"2019-08-14T19:56:00+00:00\" class=\"yoast-seo-meta-tag\" \/>\n<meta property=\"og:image\" content=\"https:\/\/explora.cl\/rmsuroriente\/wp-content\/uploads\/sites\/12\/2019\/07\/webeclipse.jpg\" class=\"yoast-seo-meta-tag\" \/>\n\t<meta property=\"og:image:width\" content=\"1264\" class=\"yoast-seo-meta-tag\" \/>\n\t<meta property=\"og:image:height\" content=\"904\" class=\"yoast-seo-meta-tag\" \/>\n\t<meta property=\"og:image:type\" content=\"image\/jpeg\" class=\"yoast-seo-meta-tag\" \/>\n<meta name=\"author\" content=\"RMSO PUC\" class=\"yoast-seo-meta-tag\" \/>\n<meta name=\"twitter:card\" content=\"summary_large_image\" class=\"yoast-seo-meta-tag\" \/>\n<meta name=\"twitter:label1\" content=\"Escrito por\" class=\"yoast-seo-meta-tag\" \/>\n\t<meta name=\"twitter:data1\" content=\"RMSO PUC\" class=\"yoast-seo-meta-tag\" \/>\n\t<meta name=\"twitter:label2\" content=\"Tiempo estimado de lectura\" class=\"yoast-seo-meta-tag\" \/>\n\t<meta name=\"twitter:data2\" content=\"3 minutos\" class=\"yoast-seo-meta-tag\" \/>\n<script type=\"application\/ld+json\" class=\"yoast-schema-graph\">{\"@context\":\"https:\/\/schema.org\",\"@graph\":[{\"@type\":\"Article\",\"@id\":\"https:\/\/explora.cl\/rmsuroriente\/miles-de-estudiantes-y-docentes-vivieron-un-eclipse-seguro-en-la-rm-sur-oriente\/#article\",\"isPartOf\":{\"@id\":\"https:\/\/explora.cl\/rmsuroriente\/miles-de-estudiantes-y-docentes-vivieron-un-eclipse-seguro-en-la-rm-sur-oriente\/\"},\"author\":{\"name\":\"RMSO PUC\",\"@id\":\"https:\/\/explora.cl\/rmsuroriente\/#\/schema\/person\/164f0bfb03507b3d5dd75257d8e71697\"},\"headline\":\"Miles de ni\u00f1os y ni\u00f1as ven un eclipse solar por primera vez\",\"datePublished\":\"2019-07-10T21:20:29+00:00\",\"dateModified\":\"2019-08-14T19:56:00+00:00\",\"mainEntityOfPage\":{\"@id\":\"https:\/\/explora.cl\/rmsuroriente\/miles-de-estudiantes-y-docentes-vivieron-un-eclipse-seguro-en-la-rm-sur-oriente\/\"},\"wordCount\":682,\"commentCount\":0,\"publisher\":{\"@id\":\"https:\/\/explora.cl\/rmsuroriente\/#organization\"},\"image\":{\"@id\":\"https:\/\/explora.cl\/rmsuroriente\/miles-de-estudiantes-y-docentes-vivieron-un-eclipse-seguro-en-la-rm-sur-oriente\/#primaryimage\"},\"thumbnailUrl\":\"https:\/\/explora.cl\/rmsuroriente\/wp-content\/uploads\/sites\/12\/2019\/07\/webeclipse.jpg\",\"articleSection\":[\"Lugar 5\",\"Noticias\"],\"inLanguage\":\"es-CL\",\"potentialAction\":[{\"@type\":\"CommentAction\",\"name\":\"Comment\",\"target\":[\"https:\/\/explora.cl\/rmsuroriente\/miles-de-estudiantes-y-docentes-vivieron-un-eclipse-seguro-en-la-rm-sur-oriente\/#respond\"]}]},{\"@type\":\"WebPage\",\"@id\":\"https:\/\/explora.cl\/rmsuroriente\/miles-de-estudiantes-y-docentes-vivieron-un-eclipse-seguro-en-la-rm-sur-oriente\/\",\"url\":\"https:\/\/explora.cl\/rmsuroriente\/miles-de-estudiantes-y-docentes-vivieron-un-eclipse-seguro-en-la-rm-sur-oriente\/\",\"name\":\"Miles de ni\u00f1os y ni\u00f1as ven un eclipse solar por primera vez - RM Sur Oriente\",\"isPartOf\":{\"@id\":\"https:\/\/explora.cl\/rmsuroriente\/#website\"},\"primaryImageOfPage\":{\"@id\":\"https:\/\/explora.cl\/rmsuroriente\/miles-de-estudiantes-y-docentes-vivieron-un-eclipse-seguro-en-la-rm-sur-oriente\/#primaryimage\"},\"image\":{\"@id\":\"https:\/\/explora.cl\/rmsuroriente\/miles-de-estudiantes-y-docentes-vivieron-un-eclipse-seguro-en-la-rm-sur-oriente\/#primaryimage\"},\"thumbnailUrl\":\"https:\/\/explora.cl\/rmsuroriente\/wp-content\/uploads\/sites\/12\/2019\/07\/webeclipse.jpg\",\"datePublished\":\"2019-07-10T21:20:29+00:00\",\"dateModified\":\"2019-08-14T19:56:00+00:00\",\"breadcrumb\":{\"@id\":\"https:\/\/explora.cl\/rmsuroriente\/miles-de-estudiantes-y-docentes-vivieron-un-eclipse-seguro-en-la-rm-sur-oriente\/#breadcrumb\"},\"inLanguage\":\"es-CL\",\"potentialAction\":[{\"@type\":\"ReadAction\",\"target\":[\"https:\/\/explora.cl\/rmsuroriente\/miles-de-estudiantes-y-docentes-vivieron-un-eclipse-seguro-en-la-rm-sur-oriente\/\"]}]},{\"@type\":\"ImageObject\",\"inLanguage\":\"es-CL\",\"@id\":\"https:\/\/explora.cl\/rmsuroriente\/miles-de-estudiantes-y-docentes-vivieron-un-eclipse-seguro-en-la-rm-sur-oriente\/#primaryimage\",\"url\":\"https:\/\/explora.cl\/rmsuroriente\/wp-content\/uploads\/sites\/12\/2019\/07\/webeclipse.jpg\",\"contentUrl\":\"https:\/\/explora.cl\/rmsuroriente\/wp-content\/uploads\/sites\/12\/2019\/07\/webeclipse.jpg\",\"width\":1264,\"height\":904},{\"@type\":\"BreadcrumbList\",\"@id\":\"https:\/\/explora.cl\/rmsuroriente\/miles-de-estudiantes-y-docentes-vivieron-un-eclipse-seguro-en-la-rm-sur-oriente\/#breadcrumb\",\"itemListElement\":[{\"@type\":\"ListItem\",\"position\":1,\"name\":\"Portada\",\"item\":\"https:\/\/explora.cl\/rmsuroriente\/\"},{\"@type\":\"ListItem\",\"position\":2,\"name\":\"Miles de ni\u00f1os y ni\u00f1as ven un eclipse solar por primera vez\"}]},{\"@type\":\"WebSite\",\"@id\":\"https:\/\/explora.cl\/rmsuroriente\/#website\",\"url\":\"https:\/\/explora.cl\/rmsuroriente\/\",\"name\":\"RM Sur Oriente\",\"description\":\"Otro sitio m\u00e1s de explora.cl\",\"publisher\":{\"@id\":\"https:\/\/explora.cl\/rmsuroriente\/#organization\"},\"potentialAction\":[{\"@type\":\"SearchAction\",\"target\":{\"@type\":\"EntryPoint\",\"urlTemplate\":\"https:\/\/explora.cl\/rmsuroriente\/?s={search_term_string}\"},\"query-input\":{\"@type\":\"PropertyValueSpecification\",\"valueRequired\":true,\"valueName\":\"search_term_string\"}}],\"inLanguage\":\"es-CL\"},{\"@type\":\"Organization\",\"@id\":\"https:\/\/explora.cl\/rmsuroriente\/#organization\",\"name\":\"RM Sur Oriente\",\"url\":\"https:\/\/explora.cl\/rmsuroriente\/\",\"logo\":{\"@type\":\"ImageObject\",\"inLanguage\":\"es-CL\",\"@id\":\"https:\/\/explora.cl\/rmsuroriente\/#\/schema\/logo\/image\/\",\"url\":\"https:\/\/explora.cl\/rmsuroriente\/wp-content\/uploads\/sites\/12\/2025\/04\/cropped-LogoPAR_RMSO-Azul-UC.png\",\"contentUrl\":\"https:\/\/explora.cl\/rmsuroriente\/wp-content\/uploads\/sites\/12\/2025\/04\/cropped-LogoPAR_RMSO-Azul-UC.png\",\"width\":411,\"height\":409,\"caption\":\"RM Sur Oriente\"},\"image\":{\"@id\":\"https:\/\/explora.cl\/rmsuroriente\/#\/schema\/logo\/image\/\"}},{\"@type\":\"Person\",\"@id\":\"https:\/\/explora.cl\/rmsuroriente\/#\/schema\/person\/164f0bfb03507b3d5dd75257d8e71697\",\"name\":\"RMSO PUC\",\"image\":{\"@type\":\"ImageObject\",\"inLanguage\":\"es-CL\",\"@id\":\"https:\/\/explora.cl\/rmsuroriente\/#\/schema\/person\/image\/\",\"url\":\"https:\/\/secure.gravatar.com\/avatar\/16f7131f033ed433ea432d3fc2b04af9756004afdb5a6b61c705d795f6425ea0?s=96&d=mm&r=g\",\"contentUrl\":\"https:\/\/secure.gravatar.com\/avatar\/16f7131f033ed433ea432d3fc2b04af9756004afdb5a6b61c705d795f6425ea0?s=96&d=mm&r=g\",\"caption\":\"RMSO PUC\"},\"sameAs\":[\"https:\/\/www.instagram.com\/parexplorarmsuroriente\/\"],\"url\":\"https:\/\/explora.cl\/rmsuroriente\/author\/myanez\/\"}]}<\/script>\n<!-- \/ Yoast SEO plugin. -->","yoast_head_json":{"title":"Miles de ni\u00f1os y ni\u00f1as ven un eclipse solar por primera vez - RM Sur Oriente","robots":{"index":"index","follow":"follow","max-snippet":"max-snippet:-1","max-image-preview":"max-image-preview:large","max-video-preview":"max-video-preview:-1"},"canonical":"https:\/\/explora.cl\/rmsuroriente\/miles-de-estudiantes-y-docentes-vivieron-un-eclipse-seguro-en-la-rm-sur-oriente\/","og_locale":"es_ES","og_type":"article","og_title":"Miles de ni\u00f1os y ni\u00f1as ven un eclipse solar por primera vez - RM Sur Oriente","og_description":"El equipo del PAR Explora de CONICYT de la Regi\u00f3n Metropolitana Sur Oriente, despleg\u00f3 un plan \u201cEclipse Seguro\u201d que benefici\u00f3 a cerca de 3 mil personas en las comunas de La Florida, La Granja, La Pintana, Pedro Aguirre Cerda y La Cisterna.","og_url":"https:\/\/explora.cl\/rmsuroriente\/miles-de-estudiantes-y-docentes-vivieron-un-eclipse-seguro-en-la-rm-sur-oriente\/","og_site_name":"RM Sur Oriente","article_published_time":"2019-07-10T21:20:29+00:00","article_modified_time":"2019-08-14T19:56:00+00:00","og_image":[{"width":1264,"height":904,"url":"https:\/\/explora.cl\/rmsuroriente\/wp-content\/uploads\/sites\/12\/2019\/07\/webeclipse.jpg","type":"image\/jpeg"}],"author":"RMSO PUC","twitter_card":"summary_large_image","twitter_misc":{"Escrito por":"RMSO PUC","Tiempo estimado de lectura":"3 minutos"},"schema":{"@context":"https:\/\/schema.org","@graph":[{"@type":"Article","@id":"https:\/\/explora.cl\/rmsuroriente\/miles-de-estudiantes-y-docentes-vivieron-un-eclipse-seguro-en-la-rm-sur-oriente\/#article","isPartOf":{"@id":"https:\/\/explora.cl\/rmsuroriente\/miles-de-estudiantes-y-docentes-vivieron-un-eclipse-seguro-en-la-rm-sur-oriente\/"},"author":{"name":"RMSO PUC","@id":"https:\/\/explora.cl\/rmsuroriente\/#\/schema\/person\/164f0bfb03507b3d5dd75257d8e71697"},"headline":"Miles de ni\u00f1os y ni\u00f1as ven un eclipse solar por primera vez","datePublished":"2019-07-10T21:20:29+00:00","dateModified":"2019-08-14T19:56:00+00:00","mainEntityOfPage":{"@id":"https:\/\/explora.cl\/rmsuroriente\/miles-de-estudiantes-y-docentes-vivieron-un-eclipse-seguro-en-la-rm-sur-oriente\/"},"wordCount":682,"commentCount":0,"publisher":{"@id":"https:\/\/explora.cl\/rmsuroriente\/#organization"},"image":{"@id":"https:\/\/explora.cl\/rmsuroriente\/miles-de-estudiantes-y-docentes-vivieron-un-eclipse-seguro-en-la-rm-sur-oriente\/#primaryimage"},"thumbnailUrl":"https:\/\/explora.cl\/rmsuroriente\/wp-content\/uploads\/sites\/12\/2019\/07\/webeclipse.jpg","articleSection":["Lugar 5","Noticias"],"inLanguage":"es-CL","potentialAction":[{"@type":"CommentAction","name":"Comment","target":["https:\/\/explora.cl\/rmsuroriente\/miles-de-estudiantes-y-docentes-vivieron-un-eclipse-seguro-en-la-rm-sur-oriente\/#respond"]}]},{"@type":"WebPage","@id":"https:\/\/explora.cl\/rmsuroriente\/miles-de-estudiantes-y-docentes-vivieron-un-eclipse-seguro-en-la-rm-sur-oriente\/","url":"https:\/\/explora.cl\/rmsuroriente\/miles-de-estudiantes-y-docentes-vivieron-un-eclipse-seguro-en-la-rm-sur-oriente\/","name":"Miles de ni\u00f1os y ni\u00f1as ven un eclipse solar por primera vez - RM Sur Oriente","isPartOf":{"@id":"https:\/\/explora.cl\/rmsuroriente\/#website"},"primaryImageOfPage":{"@id":"https:\/\/explora.cl\/rmsuroriente\/miles-de-estudiantes-y-docentes-vivieron-un-eclipse-seguro-en-la-rm-sur-oriente\/#primaryimage"},"image":{"@id":"https:\/\/explora.cl\/rmsuroriente\/miles-de-estudiantes-y-docentes-vivieron-un-eclipse-seguro-en-la-rm-sur-oriente\/#primaryimage"},"thumbnailUrl":"https:\/\/explora.cl\/rmsuroriente\/wp-content\/uploads\/sites\/12\/2019\/07\/webeclipse.jpg","datePublished":"2019-07-10T21:20:29+00:00","dateModified":"2019-08-14T19:56:00+00:00","breadcrumb":{"@id":"https:\/\/explora.cl\/rmsuroriente\/miles-de-estudiantes-y-docentes-vivieron-un-eclipse-seguro-en-la-rm-sur-oriente\/#breadcrumb"},"inLanguage":"es-CL","potentialAction":[{"@type":"ReadAction","target":["https:\/\/explora.cl\/rmsuroriente\/miles-de-estudiantes-y-docentes-vivieron-un-eclipse-seguro-en-la-rm-sur-oriente\/"]}]},{"@type":"ImageObject","inLanguage":"es-CL","@id":"https:\/\/explora.cl\/rmsuroriente\/miles-de-estudiantes-y-docentes-vivieron-un-eclipse-seguro-en-la-rm-sur-oriente\/#primaryimage","url":"https:\/\/explora.cl\/rmsuroriente\/wp-content\/uploads\/sites\/12\/2019\/07\/webeclipse.jpg","contentUrl":"https:\/\/explora.cl\/rmsuroriente\/wp-content\/uploads\/sites\/12\/2019\/07\/webeclipse.jpg","width":1264,"height":904},{"@type":"BreadcrumbList","@id":"https:\/\/explora.cl\/rmsuroriente\/miles-de-estudiantes-y-docentes-vivieron-un-eclipse-seguro-en-la-rm-sur-oriente\/#breadcrumb","itemListElement":[{"@type":"ListItem","position":1,"name":"Portada","item":"https:\/\/explora.cl\/rmsuroriente\/"},{"@type":"ListItem","position":2,"name":"Miles de ni\u00f1os y ni\u00f1as ven un eclipse solar por primera vez"}]},{"@type":"WebSite","@id":"https:\/\/explora.cl\/rmsuroriente\/#website","url":"https:\/\/explora.cl\/rmsuroriente\/","name":"RM Sur Oriente","description":"Otro sitio m\u00e1s de explora.cl","publisher":{"@id":"https:\/\/explora.cl\/rmsuroriente\/#organization"},"potentialAction":[{"@type":"SearchAction","target":{"@type":"EntryPoint","urlTemplate":"https:\/\/explora.cl\/rmsuroriente\/?s={search_term_string}"},"query-input":{"@type":"PropertyValueSpecification","valueRequired":true,"valueName":"search_term_string"}}],"inLanguage":"es-CL"},{"@type":"Organization","@id":"https:\/\/explora.cl\/rmsuroriente\/#organization","name":"RM Sur Oriente","url":"https:\/\/explora.cl\/rmsuroriente\/","logo":{"@type":"ImageObject","inLanguage":"es-CL","@id":"https:\/\/explora.cl\/rmsuroriente\/#\/schema\/logo\/image\/","url":"https:\/\/explora.cl\/rmsuroriente\/wp-content\/uploads\/sites\/12\/2025\/04\/cropped-LogoPAR_RMSO-Azul-UC.png","contentUrl":"https:\/\/explora.cl\/rmsuroriente\/wp-content\/uploads\/sites\/12\/2025\/04\/cropped-LogoPAR_RMSO-Azul-UC.png","width":411,"height":409,"caption":"RM Sur Oriente"},"image":{"@id":"https:\/\/explora.cl\/rmsuroriente\/#\/schema\/logo\/image\/"}},{"@type":"Person","@id":"https:\/\/explora.cl\/rmsuroriente\/#\/schema\/person\/164f0bfb03507b3d5dd75257d8e71697","name":"RMSO PUC","image":{"@type":"ImageObject","inLanguage":"es-CL","@id":"https:\/\/explora.cl\/rmsuroriente\/#\/schema\/person\/image\/","url":"https:\/\/secure.gravatar.com\/avatar\/16f7131f033ed433ea432d3fc2b04af9756004afdb5a6b61c705d795f6425ea0?s=96&d=mm&r=g","contentUrl":"https:\/\/secure.gravatar.com\/avatar\/16f7131f033ed433ea432d3fc2b04af9756004afdb5a6b61c705d795f6425ea0?s=96&d=mm&r=g","caption":"RMSO PUC"},"sameAs":["https:\/\/www.instagram.com\/parexplorarmsuroriente\/"],"url":"https:\/\/explora.cl\/rmsuroriente\/author\/myanez\/"}]}},"_links":{"self":[{"href":"https:\/\/explora.cl\/rmsuroriente\/wp-json\/wp\/v2\/posts\/38667","targetHints":{"allow":["GET"]}}],"collection":[{"href":"https:\/\/explora.cl\/rmsuroriente\/wp-json\/wp\/v2\/posts"}],"about":[{"href":"https:\/\/explora.cl\/rmsuroriente\/wp-json\/wp\/v2\/types\/post"}],"author":[{"embeddable":true,"href":"https:\/\/explora.cl\/rmsuroriente\/wp-json\/wp\/v2\/users\/27"}],"replies":[{"embeddable":true,"href":"https:\/\/explora.cl\/rmsuroriente\/wp-json\/wp\/v2\/comments?post=38667"}],"version-history":[{"count":13,"href":"https:\/\/explora.cl\/rmsuroriente\/wp-json\/wp\/v2\/posts\/38667\/revisions"}],"predecessor-version":[{"id":38687,"href":"https:\/\/explora.cl\/rmsuroriente\/wp-json\/wp\/v2\/posts\/38667\/revisions\/38687"}],"wp:featuredmedia":[{"embeddable":true,"href":"https:\/\/explora.cl\/rmsuroriente\/wp-json\/wp\/v2\/media\/38668"}],"wp:attachment":[{"href":"https:\/\/explora.cl\/rmsuroriente\/wp-json\/wp\/v2\/media?parent=38667"}],"wp:term":[{"taxonomy":"category","embeddable":true,"href":"https:\/\/explora.cl\/rmsuroriente\/wp-json\/wp\/v2\/categories?post=38667"},{"taxonomy":"post_tag","embeddable":true,"href":"https:\/\/explora.cl\/rmsuroriente\/wp-json\/wp\/v2\/tags?post=38667"}],"curies":[{"name":"wp","href":"https:\/\/api.w.org\/{rel}","templated":true}]}}