{"id":38540,"date":"2019-05-16T16:03:41","date_gmt":"2019-05-16T20:03:41","guid":{"rendered":"https:\/\/explora.cl\/rmsuroriente\/?p=37520"},"modified":"2019-06-24T16:53:01","modified_gmt":"2019-06-24T20:53:01","slug":"estudiantes-se-preparan-para-el-vi-torneo-interescolar-de-debates-explora","status":"publish","type":"post","link":"https:\/\/explora.cl\/rmsuroriente\/estudiantes-se-preparan-para-el-vi-torneo-interescolar-de-debates-explora\/","title":{"rendered":"Estudiantes se preparan para el VI Torneo Interescolar de Debates Explora"},"content":{"rendered":"<h3><strong>Escolares y docentes que ser\u00e1n parte del torneo se capacitaron en la <\/strong><strong>Facultad de Ciencias Agron\u00f3micas de la Universidad de Chile <\/strong><strong>y en sus establecimientos.<\/strong><\/h3>\n<p><img fetchpriority=\"high\" decoding=\"async\" class=\"size-medium wp-image-37522 alignleft\" src=\"https:\/\/explora.cl\/rmsuroriente\/wp-content\/uploads\/sites\/12\/2019\/05\/cdebateweb2-300x186.jpg\" alt=\"\" width=\"300\" height=\"186\" \/>Hasta el momento son 290 estudiantes desde s\u00e9ptimo b\u00e1sico a cuarto a\u00f1o medio, quienes participar\u00e1n del VI Torneo Interescolar de Debates en Ciencias y Tecnolog\u00edas EXPLORA de CONICYT. Previo al encuentro, se reunieron para aprender las reglas del torneo y mejorar sus discursos argumentativos con base en el respeto y el trabajo en equipo.<\/p>\n<p>La capacitaci\u00f3n estuvo dirigida por la Coordinadora del torneo del PAR Explora de CONICYT RM Sur Oriente, Gricel Gonz\u00e1lez, quien present\u00f3 las bases y reglamento del certamen adem\u00e1s de motivar el pensamiento cr\u00edtico en los estudiantes, transfiriendo estrategias para identificar conceptos claves, t\u00e9cnicas de argumentaci\u00f3n, la identificaci\u00f3n y uso de fuentes fidedignas de informaci\u00f3n, c\u00f3mo abordar una hip\u00f3tesis desde la metodolog\u00eda indagatoria; as\u00ed tambi\u00e9n se trabaj\u00f3 el an\u00e1lisis cr\u00edtico de la informaci\u00f3n logrando que los estudiantes participaran de manera activa en la jornada, a trav\u00e9s de preguntas y argumentaciones creadas por ellos en el momento, transformando la actividad en una verdadera experiencia de aprendizaje.<\/p>\n<p>El colegio Pumahue de Pe\u00f1alol\u00e9n, uno de los establecimientos ganadores de la versi\u00f3n pasada del torneo, se present\u00f3 con un plantel estudiantil compuesto por j\u00f3venes con y sin experiencia. Danae Zabala, estudiante de s\u00e9ptimo b\u00e1sico, es una de las nuevas y se\u00f1al\u00f3 haber disfrutado mucho este primer acercamiento. \u201cMe gust\u00f3 harto, siento que voy a mejorar, poniendo harto de mi esfuerzo. Lo m\u00e1s dif\u00edcil que veo hasta ahora es el tema de la valoraci\u00f3n, pero de a poco vamos a ir aprendiendo\u201d. Otra que se inicia es Carolina P\u00e9rez, estudiante de segundo medio, quien coment\u00f3 que el torneo es todo un desaf\u00edo para ella. \u201cSe ve un poco complicado, pero creo que cuando se lleve a la pr\u00e1ctica no lo ser\u00e1 tanto. Estoy contenta por participar y mejorar muchas cosas que a\u00fan me faltan\u201d, puntualiz\u00f3.<\/p>\n<p><img decoding=\"async\" class=\"alignnone size-medium wp-image-37524 alignleft\" src=\"https:\/\/explora.cl\/rmsuroriente\/wp-content\/uploads\/sites\/12\/2019\/05\/cdebateweb6-300x197.jpg\" alt=\"\" width=\"300\" height=\"197\" \/>Tras cada grupo de debate que sube al escenario, hay un equipo trabajando y colaborando con sus compa\u00f1eros y compa\u00f1eras. Incluso sin competir directamente, se comprometen en el proceso, aprendiendo muchas cosas que les servir\u00e1n para el futuro. \u201cEsta capacitaci\u00f3n es nueva para m\u00ed. Ya hab\u00eda estado en un taller de debate, pero era muy distinto a esto. Ahora estoy aqu\u00ed debatiendo temas que me gustan, como la ciencia. Estoy contento de estar con mis compa\u00f1eros que son como mis hermanos, aunque sea como reserva\u201d, sostuvo Daniel Marcelo Mu\u00f1oz, estudiante de Tercero Medio del Colegio Manantial de La Florida.<\/p>\n<p>Desde el lado docente, la profesora de F\u00edsica y Matem\u00e1ticas del Colegio Manantial, Natalia Cisternas, cont\u00f3 estar muy motivada con el formato del torneo. \u201cEl hecho de que vivan situaciones distintas, en espacios que no son el colegio, hace que ellos mismos critiquen y piensen. En la capacitaci\u00f3n ellos participaron harto, les llamo mucho la atenci\u00f3n la modalidad del debate, que es distinta a la que ellos estaban acostumbrados\u201d. \u00a0Para Felipe Vergara, profesor de Ciencias del Colegio Puelmapu de Pe\u00f1alol\u00e9n, el desaf\u00edo es a\u00fan mayor, pues sus estudiantes de ense\u00f1anza b\u00e1sica, participar\u00e1n por primera vez en un torneo de estas caracter\u00edsticas. \u201cLa capacitaci\u00f3n les sirve mucho como primer paso para que les digan lo que tienen qu\u00e9 hacer y c\u00f3mo se participa en los debates. Es una primera noci\u00f3n para empezar a prepararse y espero que desde aqu\u00ed se motiven porque es una experiencia para todos y para m\u00ed tambi\u00e9n\u201d.<\/p>\n<p><img decoding=\"async\" class=\"alignnone size-medium wp-image-37521 alignleft\" src=\"https:\/\/explora.cl\/rmsuroriente\/wp-content\/uploads\/sites\/12\/2019\/05\/cdebateweb1-300x194.jpg\" alt=\"\" width=\"300\" height=\"194\" \/>Los grupos de estudiantes que ya est\u00e1n participando del VI Torneo Escolar de Debates, pertenecen a los establecimientos educacionales de la Zona Sur Oriente de la Regi\u00f3n Metropolitana. Desde Puente Alto participan el Colegio Alicante del Sol, Colegio Merryland, Colegio San Mateo y Colegio Santa Joaquina de Vedruna; de La Florida, Colegio Emmanuel High School, Colegio Manantial y Colegio Saint Germaine; de Pe\u00f1alol\u00e9n, Colegio Matilde Huici Navas, Colegio Puelmapu y Colegio Pumahue; de Macul, el Complejo Educacional Esperanza y de La Pintana, el Centro Educacional Jorge Huneeus Zegers y el Centro Polit\u00e9cnico San Ram\u00f3n, sede Venancia Leiva.<\/p>\n","protected":false},"excerpt":{"rendered":"<p>Escolares y docentes que ser\u00e1n parte del torneo se capacitaron en la Facultad de Ciencias Agron\u00f3micas de la Universidad de Chile y en sus establecimientos.<\/p>\n","protected":false},"author":2,"featured_media":38541,"comment_status":"closed","ping_status":"open","sticky":false,"template":"","format":"standard","meta":{"_acf_changed":false,"_exactmetrics_skip_tracking":false,"_exactmetrics_sitenote_active":false,"_exactmetrics_sitenote_note":"","_exactmetrics_sitenote_category":0,"footnotes":"","_links_to":"","_links_to_target":""},"categories":[4],"tags":[],"class_list":["post-38540","post","type-post","status-publish","format-standard","has-post-thumbnail","hentry","category-noticias"],"acf":[],"yoast_head":"<!-- This site is optimized with the Yoast SEO plugin v26.9 - https:\/\/yoast.com\/product\/yoast-seo-wordpress\/ -->\n<title>Estudiantes se preparan para el VI Torneo Interescolar de Debates Explora - RM Sur Oriente<\/title>\n<meta name=\"robots\" content=\"index, follow, max-snippet:-1, max-image-preview:large, max-video-preview:-1\" \/>\n<link rel=\"canonical\" href=\"https:\/\/explora.cl\/rmsuroriente\/estudiantes-se-preparan-para-el-vi-torneo-interescolar-de-debates-explora\/\" class=\"yoast-seo-meta-tag\" \/>\n<meta property=\"og:locale\" content=\"es_ES\" class=\"yoast-seo-meta-tag\" \/>\n<meta property=\"og:type\" content=\"article\" class=\"yoast-seo-meta-tag\" \/>\n<meta property=\"og:title\" content=\"Estudiantes se preparan para el VI Torneo Interescolar de Debates Explora - RM Sur Oriente\" class=\"yoast-seo-meta-tag\" \/>\n<meta property=\"og:description\" content=\"Escolares y docentes que ser\u00e1n parte del torneo se capacitaron en la Facultad de Ciencias Agron\u00f3micas de la Universidad de Chile y en sus establecimientos.\" class=\"yoast-seo-meta-tag\" \/>\n<meta property=\"og:url\" content=\"https:\/\/explora.cl\/rmsuroriente\/estudiantes-se-preparan-para-el-vi-torneo-interescolar-de-debates-explora\/\" class=\"yoast-seo-meta-tag\" \/>\n<meta property=\"og:site_name\" content=\"RM Sur Oriente\" class=\"yoast-seo-meta-tag\" \/>\n<meta property=\"article:published_time\" content=\"2019-05-16T20:03:41+00:00\" class=\"yoast-seo-meta-tag\" \/>\n<meta property=\"article:modified_time\" content=\"2019-06-24T20:53:01+00:00\" class=\"yoast-seo-meta-tag\" \/>\n<meta property=\"og:image\" content=\"https:\/\/explora.cl\/rmsuroriente\/wp-content\/uploads\/sites\/12\/2019\/05\/cdebateweb1.jpg\" class=\"yoast-seo-meta-tag\" \/>\n\t<meta property=\"og:image:width\" content=\"1095\" class=\"yoast-seo-meta-tag\" \/>\n\t<meta property=\"og:image:height\" content=\"707\" class=\"yoast-seo-meta-tag\" \/>\n\t<meta property=\"og:image:type\" content=\"image\/jpeg\" class=\"yoast-seo-meta-tag\" \/>\n<meta name=\"author\" content=\"webman\" class=\"yoast-seo-meta-tag\" \/>\n<meta name=\"twitter:card\" content=\"summary_large_image\" class=\"yoast-seo-meta-tag\" \/>\n<meta name=\"twitter:label1\" content=\"Escrito por\" class=\"yoast-seo-meta-tag\" \/>\n\t<meta name=\"twitter:data1\" content=\"webman\" class=\"yoast-seo-meta-tag\" \/>\n\t<meta name=\"twitter:label2\" content=\"Tiempo estimado de lectura\" class=\"yoast-seo-meta-tag\" \/>\n\t<meta name=\"twitter:data2\" content=\"4 minutos\" class=\"yoast-seo-meta-tag\" \/>\n<script type=\"application\/ld+json\" class=\"yoast-schema-graph\">{\"@context\":\"https:\/\/schema.org\",\"@graph\":[{\"@type\":\"Article\",\"@id\":\"https:\/\/explora.cl\/rmsuroriente\/estudiantes-se-preparan-para-el-vi-torneo-interescolar-de-debates-explora\/#article\",\"isPartOf\":{\"@id\":\"https:\/\/explora.cl\/rmsuroriente\/estudiantes-se-preparan-para-el-vi-torneo-interescolar-de-debates-explora\/\"},\"author\":{\"name\":\"webman\",\"@id\":\"https:\/\/explora.cl\/rmsuroriente\/#\/schema\/person\/cb8349c13ea2d324080adf8480d7ba5d\"},\"headline\":\"Estudiantes se preparan para el VI Torneo Interescolar de Debates Explora\",\"datePublished\":\"2019-05-16T20:03:41+00:00\",\"dateModified\":\"2019-06-24T20:53:01+00:00\",\"mainEntityOfPage\":{\"@id\":\"https:\/\/explora.cl\/rmsuroriente\/estudiantes-se-preparan-para-el-vi-torneo-interescolar-de-debates-explora\/\"},\"wordCount\":740,\"publisher\":{\"@id\":\"https:\/\/explora.cl\/rmsuroriente\/#organization\"},\"image\":{\"@id\":\"https:\/\/explora.cl\/rmsuroriente\/estudiantes-se-preparan-para-el-vi-torneo-interescolar-de-debates-explora\/#primaryimage\"},\"thumbnailUrl\":\"https:\/\/explora.cl\/rmsuroriente\/wp-content\/uploads\/sites\/12\/2019\/05\/cdebateweb1.jpg\",\"articleSection\":[\"Noticias\"],\"inLanguage\":\"es-CL\"},{\"@type\":\"WebPage\",\"@id\":\"https:\/\/explora.cl\/rmsuroriente\/estudiantes-se-preparan-para-el-vi-torneo-interescolar-de-debates-explora\/\",\"url\":\"https:\/\/explora.cl\/rmsuroriente\/estudiantes-se-preparan-para-el-vi-torneo-interescolar-de-debates-explora\/\",\"name\":\"Estudiantes se preparan para el VI Torneo Interescolar de Debates Explora - RM Sur Oriente\",\"isPartOf\":{\"@id\":\"https:\/\/explora.cl\/rmsuroriente\/#website\"},\"primaryImageOfPage\":{\"@id\":\"https:\/\/explora.cl\/rmsuroriente\/estudiantes-se-preparan-para-el-vi-torneo-interescolar-de-debates-explora\/#primaryimage\"},\"image\":{\"@id\":\"https:\/\/explora.cl\/rmsuroriente\/estudiantes-se-preparan-para-el-vi-torneo-interescolar-de-debates-explora\/#primaryimage\"},\"thumbnailUrl\":\"https:\/\/explora.cl\/rmsuroriente\/wp-content\/uploads\/sites\/12\/2019\/05\/cdebateweb1.jpg\",\"datePublished\":\"2019-05-16T20:03:41+00:00\",\"dateModified\":\"2019-06-24T20:53:01+00:00\",\"breadcrumb\":{\"@id\":\"https:\/\/explora.cl\/rmsuroriente\/estudiantes-se-preparan-para-el-vi-torneo-interescolar-de-debates-explora\/#breadcrumb\"},\"inLanguage\":\"es-CL\",\"potentialAction\":[{\"@type\":\"ReadAction\",\"target\":[\"https:\/\/explora.cl\/rmsuroriente\/estudiantes-se-preparan-para-el-vi-torneo-interescolar-de-debates-explora\/\"]}]},{\"@type\":\"ImageObject\",\"inLanguage\":\"es-CL\",\"@id\":\"https:\/\/explora.cl\/rmsuroriente\/estudiantes-se-preparan-para-el-vi-torneo-interescolar-de-debates-explora\/#primaryimage\",\"url\":\"https:\/\/explora.cl\/rmsuroriente\/wp-content\/uploads\/sites\/12\/2019\/05\/cdebateweb1.jpg\",\"contentUrl\":\"https:\/\/explora.cl\/rmsuroriente\/wp-content\/uploads\/sites\/12\/2019\/05\/cdebateweb1.jpg\",\"width\":1095,\"height\":707},{\"@type\":\"BreadcrumbList\",\"@id\":\"https:\/\/explora.cl\/rmsuroriente\/estudiantes-se-preparan-para-el-vi-torneo-interescolar-de-debates-explora\/#breadcrumb\",\"itemListElement\":[{\"@type\":\"ListItem\",\"position\":1,\"name\":\"Portada\",\"item\":\"https:\/\/explora.cl\/rmsuroriente\/\"},{\"@type\":\"ListItem\",\"position\":2,\"name\":\"Estudiantes se preparan para el VI Torneo Interescolar de Debates Explora\"}]},{\"@type\":\"WebSite\",\"@id\":\"https:\/\/explora.cl\/rmsuroriente\/#website\",\"url\":\"https:\/\/explora.cl\/rmsuroriente\/\",\"name\":\"RM Sur Oriente\",\"description\":\"Otro sitio m\u00e1s de explora.cl\",\"publisher\":{\"@id\":\"https:\/\/explora.cl\/rmsuroriente\/#organization\"},\"potentialAction\":[{\"@type\":\"SearchAction\",\"target\":{\"@type\":\"EntryPoint\",\"urlTemplate\":\"https:\/\/explora.cl\/rmsuroriente\/?s={search_term_string}\"},\"query-input\":{\"@type\":\"PropertyValueSpecification\",\"valueRequired\":true,\"valueName\":\"search_term_string\"}}],\"inLanguage\":\"es-CL\"},{\"@type\":\"Organization\",\"@id\":\"https:\/\/explora.cl\/rmsuroriente\/#organization\",\"name\":\"RM Sur Oriente\",\"url\":\"https:\/\/explora.cl\/rmsuroriente\/\",\"logo\":{\"@type\":\"ImageObject\",\"inLanguage\":\"es-CL\",\"@id\":\"https:\/\/explora.cl\/rmsuroriente\/#\/schema\/logo\/image\/\",\"url\":\"https:\/\/explora.cl\/rmsuroriente\/wp-content\/uploads\/sites\/12\/2025\/04\/cropped-LogoPAR_RMSO-Azul-UC.png\",\"contentUrl\":\"https:\/\/explora.cl\/rmsuroriente\/wp-content\/uploads\/sites\/12\/2025\/04\/cropped-LogoPAR_RMSO-Azul-UC.png\",\"width\":411,\"height\":409,\"caption\":\"RM Sur Oriente\"},\"image\":{\"@id\":\"https:\/\/explora.cl\/rmsuroriente\/#\/schema\/logo\/image\/\"}},{\"@type\":\"Person\",\"@id\":\"https:\/\/explora.cl\/rmsuroriente\/#\/schema\/person\/cb8349c13ea2d324080adf8480d7ba5d\",\"name\":\"webman\",\"image\":{\"@type\":\"ImageObject\",\"inLanguage\":\"es-CL\",\"@id\":\"https:\/\/explora.cl\/rmsuroriente\/#\/schema\/person\/image\/\",\"url\":\"https:\/\/secure.gravatar.com\/avatar\/eeff3c82f2c02f7177d13663b7e6f890e9a6a0647ce9bb29cae02dcb094c7312?s=96&d=mm&r=g\",\"contentUrl\":\"https:\/\/secure.gravatar.com\/avatar\/eeff3c82f2c02f7177d13663b7e6f890e9a6a0647ce9bb29cae02dcb094c7312?s=96&d=mm&r=g\",\"caption\":\"webman\"},\"url\":\"https:\/\/explora.cl\/rmsuroriente\/author\/webman\/\"}]}<\/script>\n<!-- \/ Yoast SEO plugin. -->","yoast_head_json":{"title":"Estudiantes se preparan para el VI Torneo Interescolar de Debates Explora - RM Sur Oriente","robots":{"index":"index","follow":"follow","max-snippet":"max-snippet:-1","max-image-preview":"max-image-preview:large","max-video-preview":"max-video-preview:-1"},"canonical":"https:\/\/explora.cl\/rmsuroriente\/estudiantes-se-preparan-para-el-vi-torneo-interescolar-de-debates-explora\/","og_locale":"es_ES","og_type":"article","og_title":"Estudiantes se preparan para el VI Torneo Interescolar de Debates Explora - RM Sur Oriente","og_description":"Escolares y docentes que ser\u00e1n parte del torneo se capacitaron en la Facultad de Ciencias Agron\u00f3micas de la Universidad de Chile y en sus establecimientos.","og_url":"https:\/\/explora.cl\/rmsuroriente\/estudiantes-se-preparan-para-el-vi-torneo-interescolar-de-debates-explora\/","og_site_name":"RM Sur Oriente","article_published_time":"2019-05-16T20:03:41+00:00","article_modified_time":"2019-06-24T20:53:01+00:00","og_image":[{"width":1095,"height":707,"url":"https:\/\/explora.cl\/rmsuroriente\/wp-content\/uploads\/sites\/12\/2019\/05\/cdebateweb1.jpg","type":"image\/jpeg"}],"author":"webman","twitter_card":"summary_large_image","twitter_misc":{"Escrito por":"webman","Tiempo estimado de lectura":"4 minutos"},"schema":{"@context":"https:\/\/schema.org","@graph":[{"@type":"Article","@id":"https:\/\/explora.cl\/rmsuroriente\/estudiantes-se-preparan-para-el-vi-torneo-interescolar-de-debates-explora\/#article","isPartOf":{"@id":"https:\/\/explora.cl\/rmsuroriente\/estudiantes-se-preparan-para-el-vi-torneo-interescolar-de-debates-explora\/"},"author":{"name":"webman","@id":"https:\/\/explora.cl\/rmsuroriente\/#\/schema\/person\/cb8349c13ea2d324080adf8480d7ba5d"},"headline":"Estudiantes se preparan para el VI Torneo Interescolar de Debates Explora","datePublished":"2019-05-16T20:03:41+00:00","dateModified":"2019-06-24T20:53:01+00:00","mainEntityOfPage":{"@id":"https:\/\/explora.cl\/rmsuroriente\/estudiantes-se-preparan-para-el-vi-torneo-interescolar-de-debates-explora\/"},"wordCount":740,"publisher":{"@id":"https:\/\/explora.cl\/rmsuroriente\/#organization"},"image":{"@id":"https:\/\/explora.cl\/rmsuroriente\/estudiantes-se-preparan-para-el-vi-torneo-interescolar-de-debates-explora\/#primaryimage"},"thumbnailUrl":"https:\/\/explora.cl\/rmsuroriente\/wp-content\/uploads\/sites\/12\/2019\/05\/cdebateweb1.jpg","articleSection":["Noticias"],"inLanguage":"es-CL"},{"@type":"WebPage","@id":"https:\/\/explora.cl\/rmsuroriente\/estudiantes-se-preparan-para-el-vi-torneo-interescolar-de-debates-explora\/","url":"https:\/\/explora.cl\/rmsuroriente\/estudiantes-se-preparan-para-el-vi-torneo-interescolar-de-debates-explora\/","name":"Estudiantes se preparan para el VI Torneo Interescolar de Debates Explora - RM Sur Oriente","isPartOf":{"@id":"https:\/\/explora.cl\/rmsuroriente\/#website"},"primaryImageOfPage":{"@id":"https:\/\/explora.cl\/rmsuroriente\/estudiantes-se-preparan-para-el-vi-torneo-interescolar-de-debates-explora\/#primaryimage"},"image":{"@id":"https:\/\/explora.cl\/rmsuroriente\/estudiantes-se-preparan-para-el-vi-torneo-interescolar-de-debates-explora\/#primaryimage"},"thumbnailUrl":"https:\/\/explora.cl\/rmsuroriente\/wp-content\/uploads\/sites\/12\/2019\/05\/cdebateweb1.jpg","datePublished":"2019-05-16T20:03:41+00:00","dateModified":"2019-06-24T20:53:01+00:00","breadcrumb":{"@id":"https:\/\/explora.cl\/rmsuroriente\/estudiantes-se-preparan-para-el-vi-torneo-interescolar-de-debates-explora\/#breadcrumb"},"inLanguage":"es-CL","potentialAction":[{"@type":"ReadAction","target":["https:\/\/explora.cl\/rmsuroriente\/estudiantes-se-preparan-para-el-vi-torneo-interescolar-de-debates-explora\/"]}]},{"@type":"ImageObject","inLanguage":"es-CL","@id":"https:\/\/explora.cl\/rmsuroriente\/estudiantes-se-preparan-para-el-vi-torneo-interescolar-de-debates-explora\/#primaryimage","url":"https:\/\/explora.cl\/rmsuroriente\/wp-content\/uploads\/sites\/12\/2019\/05\/cdebateweb1.jpg","contentUrl":"https:\/\/explora.cl\/rmsuroriente\/wp-content\/uploads\/sites\/12\/2019\/05\/cdebateweb1.jpg","width":1095,"height":707},{"@type":"BreadcrumbList","@id":"https:\/\/explora.cl\/rmsuroriente\/estudiantes-se-preparan-para-el-vi-torneo-interescolar-de-debates-explora\/#breadcrumb","itemListElement":[{"@type":"ListItem","position":1,"name":"Portada","item":"https:\/\/explora.cl\/rmsuroriente\/"},{"@type":"ListItem","position":2,"name":"Estudiantes se preparan para el VI Torneo Interescolar de Debates Explora"}]},{"@type":"WebSite","@id":"https:\/\/explora.cl\/rmsuroriente\/#website","url":"https:\/\/explora.cl\/rmsuroriente\/","name":"RM Sur Oriente","description":"Otro sitio m\u00e1s de explora.cl","publisher":{"@id":"https:\/\/explora.cl\/rmsuroriente\/#organization"},"potentialAction":[{"@type":"SearchAction","target":{"@type":"EntryPoint","urlTemplate":"https:\/\/explora.cl\/rmsuroriente\/?s={search_term_string}"},"query-input":{"@type":"PropertyValueSpecification","valueRequired":true,"valueName":"search_term_string"}}],"inLanguage":"es-CL"},{"@type":"Organization","@id":"https:\/\/explora.cl\/rmsuroriente\/#organization","name":"RM Sur Oriente","url":"https:\/\/explora.cl\/rmsuroriente\/","logo":{"@type":"ImageObject","inLanguage":"es-CL","@id":"https:\/\/explora.cl\/rmsuroriente\/#\/schema\/logo\/image\/","url":"https:\/\/explora.cl\/rmsuroriente\/wp-content\/uploads\/sites\/12\/2025\/04\/cropped-LogoPAR_RMSO-Azul-UC.png","contentUrl":"https:\/\/explora.cl\/rmsuroriente\/wp-content\/uploads\/sites\/12\/2025\/04\/cropped-LogoPAR_RMSO-Azul-UC.png","width":411,"height":409,"caption":"RM Sur Oriente"},"image":{"@id":"https:\/\/explora.cl\/rmsuroriente\/#\/schema\/logo\/image\/"}},{"@type":"Person","@id":"https:\/\/explora.cl\/rmsuroriente\/#\/schema\/person\/cb8349c13ea2d324080adf8480d7ba5d","name":"webman","image":{"@type":"ImageObject","inLanguage":"es-CL","@id":"https:\/\/explora.cl\/rmsuroriente\/#\/schema\/person\/image\/","url":"https:\/\/secure.gravatar.com\/avatar\/eeff3c82f2c02f7177d13663b7e6f890e9a6a0647ce9bb29cae02dcb094c7312?s=96&d=mm&r=g","contentUrl":"https:\/\/secure.gravatar.com\/avatar\/eeff3c82f2c02f7177d13663b7e6f890e9a6a0647ce9bb29cae02dcb094c7312?s=96&d=mm&r=g","caption":"webman"},"url":"https:\/\/explora.cl\/rmsuroriente\/author\/webman\/"}]}},"_links":{"self":[{"href":"https:\/\/explora.cl\/rmsuroriente\/wp-json\/wp\/v2\/posts\/38540","targetHints":{"allow":["GET"]}}],"collection":[{"href":"https:\/\/explora.cl\/rmsuroriente\/wp-json\/wp\/v2\/posts"}],"about":[{"href":"https:\/\/explora.cl\/rmsuroriente\/wp-json\/wp\/v2\/types\/post"}],"author":[{"embeddable":true,"href":"https:\/\/explora.cl\/rmsuroriente\/wp-json\/wp\/v2\/users\/2"}],"replies":[{"embeddable":true,"href":"https:\/\/explora.cl\/rmsuroriente\/wp-json\/wp\/v2\/comments?post=38540"}],"version-history":[{"count":5,"href":"https:\/\/explora.cl\/rmsuroriente\/wp-json\/wp\/v2\/posts\/38540\/revisions"}],"predecessor-version":[{"id":38581,"href":"https:\/\/explora.cl\/rmsuroriente\/wp-json\/wp\/v2\/posts\/38540\/revisions\/38581"}],"wp:featuredmedia":[{"embeddable":true,"href":"https:\/\/explora.cl\/rmsuroriente\/wp-json\/wp\/v2\/media\/38541"}],"wp:attachment":[{"href":"https:\/\/explora.cl\/rmsuroriente\/wp-json\/wp\/v2\/media?parent=38540"}],"wp:term":[{"taxonomy":"category","embeddable":true,"href":"https:\/\/explora.cl\/rmsuroriente\/wp-json\/wp\/v2\/categories?post=38540"},{"taxonomy":"post_tag","embeddable":true,"href":"https:\/\/explora.cl\/rmsuroriente\/wp-json\/wp\/v2\/tags?post=38540"}],"curies":[{"name":"wp","href":"https:\/\/api.w.org\/{rel}","templated":true}]}}