{"id":37478,"date":"2019-04-22T13:03:43","date_gmt":"2019-04-22T17:03:43","guid":{"rendered":"https:\/\/explora.cl\/rmsuroriente\/?p=37478"},"modified":"2019-06-24T16:54:31","modified_gmt":"2019-06-24T20:54:31","slug":"colegio-alicante-del-sol-de-puente-alto-participa-en-charlas-astronomos-embajadores","status":"publish","type":"post","link":"https:\/\/explora.cl\/rmsuroriente\/colegio-alicante-del-sol-de-puente-alto-participa-en-charlas-astronomos-embajadores\/","title":{"rendered":"Colegio Alicante del Sol de Puente Alto participa en charlas \u201cAstr\u00f3nomos Embajadores\u201d"},"content":{"rendered":"<p><img fetchpriority=\"high\" decoding=\"async\" class=\"alignnone wp-image-37480 size-full\" src=\"https:\/\/explora.cl\/rmsuroriente\/wp-content\/uploads\/sites\/12\/2019\/04\/grupodoccharlas.jpg\" alt=\"\" width=\"1000\" height=\"463\" srcset=\"https:\/\/explora.cl\/rmsuroriente\/wp-content\/uploads\/sites\/12\/2019\/04\/grupodoccharlas.jpg 1000w, https:\/\/explora.cl\/rmsuroriente\/wp-content\/uploads\/sites\/12\/2019\/04\/grupodoccharlas-300x139.jpg 300w, https:\/\/explora.cl\/rmsuroriente\/wp-content\/uploads\/sites\/12\/2019\/04\/grupodoccharlas-768x356.jpg 768w\" sizes=\"(max-width: 1000px) 100vw, 1000px\" \/><br \/>\nEl ciclo de charlas \u201cAstr\u00f3nomos Embajadores\u201d realizado por investigadores del Centro de Excelencia en Astrof\u00edsica y Tecnolog\u00edas Afines (CATA) de la Facultad de Ciencias F\u00edsicas y Matem\u00e1ticas de la Universidad de Chile, en conjunto con el PAR Explora de CONICYT RM Sur Oriente, llev\u00f3 el martes 9 de abril dos charlas astron\u00f3micas para estudiantes de Ense\u00f1anza Media del Colegio Alicante del Sol de Puente Alto.<br \/>\n<img decoding=\"async\" class=\"alignnone size-medium wp-image-37479 alignleft\" src=\"https:\/\/explora.cl\/rmsuroriente\/wp-content\/uploads\/sites\/12\/2019\/04\/astronomaduoccharla-300x200.jpg\" alt=\"\" width=\"300\" height=\"200\" srcset=\"https:\/\/explora.cl\/rmsuroriente\/wp-content\/uploads\/sites\/12\/2019\/04\/astronomaduoccharla-300x200.jpg 300w, https:\/\/explora.cl\/rmsuroriente\/wp-content\/uploads\/sites\/12\/2019\/04\/astronomaduoccharla-768x511.jpg 768w, https:\/\/explora.cl\/rmsuroriente\/wp-content\/uploads\/sites\/12\/2019\/04\/astronomaduoccharla.jpg 1000w\" sizes=\"(max-width: 300px) 100vw, 300px\" \/>La doble jornada se realiz\u00f3 en el Auditorio del DUOC UC Sede Puente Alto, lugar donde se presentaron Mar\u00eda Teresa Valdivia, con la charla \u201cAstroinform\u00e1tica para principiantes\u201d y Maximiliano Vega, con la charla \u201cFormaci\u00f3n Estelar\u201d. Los investigadores tuvieron mucha cercan\u00eda con el p\u00fablico, los cuales realizaron varias preguntas luego de cada presentaci\u00f3n.<br \/>\nTras la actividad Mar\u00eda Teresa Valdivia se\u00f1al\u00f3: \u201cLa recepci\u00f3n de los chicos fue bien entusiasta, no siempre los ni\u00f1os toman atenci\u00f3n, a veces se aburren, o no hacen preguntas. Pero ellos escucharon atentamente ambas charlas y ninguna de ellas era muy sencilla. Es muy grato para mi exponer con chicos de esta edad\u201d.<br \/>\nAmbos charlistas son adem\u00e1s estudiantes de Mag\u00edster en Ciencias con menci\u00f3n en Astronom\u00eda de la Universidad de Chile. En este contexto Mar\u00eda Teresa tiene la compleja misi\u00f3n de estudiar la frase previa a la formaci\u00f3n estelar, que es la fase de polvo y gas antes de que se junten para transformarse en estrellas. Por su parte, Maximiliano Vega estudia galaxias lejanas y cautiv\u00f3 al p\u00fablico asistente con esta interesante tem\u00e1tica.<br \/>\n<img decoding=\"async\" class=\"alignnone size-medium wp-image-37481 alignleft\" src=\"https:\/\/explora.cl\/rmsuroriente\/wp-content\/uploads\/sites\/12\/2019\/04\/notaduocweb-300x200.jpg\" alt=\"\" width=\"300\" height=\"200\" srcset=\"https:\/\/explora.cl\/rmsuroriente\/wp-content\/uploads\/sites\/12\/2019\/04\/notaduocweb-300x200.jpg 300w, https:\/\/explora.cl\/rmsuroriente\/wp-content\/uploads\/sites\/12\/2019\/04\/notaduocweb-768x511.jpg 768w, https:\/\/explora.cl\/rmsuroriente\/wp-content\/uploads\/sites\/12\/2019\/04\/notaduocweb.jpg 1000w\" sizes=\"(max-width: 300px) 100vw, 300px\" \/>Cabe se\u00f1alar, que Maximiliano Vega es ex alumno del Colegio Alicante del Sol de Puente Alto. Por lo que hab\u00eda una doble motivaci\u00f3n para realizar la charla. \u201cMe sent\u00ed bien haciendo esto por primera vez, aunque me gustar\u00eda haber visto a profesores que me hac\u00edan clases cuando estaba en Ense\u00f1anza Media. Especialmente al profesor que me motiv\u00f3 a estudiar matem\u00e1tica y f\u00edsica, lo que a la larga me llev\u00f3 a la astronom\u00eda\u201d, detall\u00f3.<br \/>\nEl ciclo de charlas del CATA \u201cAstr\u00f3nomos Embajadores\u201d contempl\u00f3 un total de nueve actividades que llegaron a distintos establecimientos educacionales en el marco del Mes de la Astronom\u00eda, donde el PAR Explora de CONICYT RM Sur Oriente llev\u00f3 otra decena de charlas astron\u00f3micas a miles de estudiantes, con el fin de incentivar el encuentro entre la comunidad cient\u00edfica y el p\u00fablico escolar dentro del aula, donde estudiantes y docentes puedan conocer de primera fuente el trabajo de investigadores de las ciencias.<\/p>\n","protected":false},"excerpt":{"rendered":"<p>El ciclo de charlas \u201cAstr\u00f3nomos Embajadores\u201d realizado por investigadores del Centro de Excelencia en Astrof\u00edsica y Tecnolog\u00edas Afines (CATA) de la Facultad de Ciencias F\u00edsicas y Matem\u00e1ticas de la Universidad de Chile, en conjunto con el PAR Explora de CONICYT RM Sur Oriente, llev\u00f3 el martes 9 de abril dos charlas astron\u00f3micas para estudiantes de [&hellip;]<\/p>\n","protected":false},"author":2,"featured_media":37481,"comment_status":"closed","ping_status":"open","sticky":false,"template":"","format":"standard","meta":{"_acf_changed":false,"_exactmetrics_skip_tracking":false,"_exactmetrics_sitenote_active":false,"_exactmetrics_sitenote_note":"","_exactmetrics_sitenote_category":0,"footnotes":"","_links_to":"","_links_to_target":""},"categories":[4],"tags":[],"class_list":["post-37478","post","type-post","status-publish","format-standard","has-post-thumbnail","hentry","category-noticias"],"acf":[],"yoast_head":"<!-- This site is optimized with the Yoast SEO plugin v26.9 - https:\/\/yoast.com\/product\/yoast-seo-wordpress\/ -->\n<title>Colegio Alicante del Sol de Puente Alto participa en charlas \u201cAstr\u00f3nomos Embajadores\u201d - RM Sur Oriente<\/title>\n<meta name=\"robots\" content=\"index, follow, max-snippet:-1, max-image-preview:large, max-video-preview:-1\" \/>\n<link rel=\"canonical\" href=\"https:\/\/explora.cl\/rmsuroriente\/colegio-alicante-del-sol-de-puente-alto-participa-en-charlas-astronomos-embajadores\/\" class=\"yoast-seo-meta-tag\" \/>\n<meta property=\"og:locale\" content=\"es_ES\" class=\"yoast-seo-meta-tag\" \/>\n<meta property=\"og:type\" content=\"article\" class=\"yoast-seo-meta-tag\" \/>\n<meta property=\"og:title\" content=\"Colegio Alicante del Sol de Puente Alto participa en charlas \u201cAstr\u00f3nomos Embajadores\u201d - RM Sur Oriente\" class=\"yoast-seo-meta-tag\" \/>\n<meta property=\"og:description\" content=\"El ciclo de charlas \u201cAstr\u00f3nomos Embajadores\u201d realizado por investigadores del Centro de Excelencia en Astrof\u00edsica y Tecnolog\u00edas Afines (CATA) de la Facultad de Ciencias F\u00edsicas y Matem\u00e1ticas de la Universidad de Chile, en conjunto con el PAR Explora de CONICYT RM Sur Oriente, llev\u00f3 el martes 9 de abril dos charlas astron\u00f3micas para estudiantes de [&hellip;]\" class=\"yoast-seo-meta-tag\" \/>\n<meta property=\"og:url\" content=\"https:\/\/explora.cl\/rmsuroriente\/colegio-alicante-del-sol-de-puente-alto-participa-en-charlas-astronomos-embajadores\/\" class=\"yoast-seo-meta-tag\" \/>\n<meta property=\"og:site_name\" content=\"RM Sur Oriente\" class=\"yoast-seo-meta-tag\" \/>\n<meta property=\"article:published_time\" content=\"2019-04-22T17:03:43+00:00\" class=\"yoast-seo-meta-tag\" \/>\n<meta property=\"article:modified_time\" content=\"2019-06-24T20:54:31+00:00\" class=\"yoast-seo-meta-tag\" \/>\n<meta property=\"og:image\" content=\"https:\/\/explora.cl\/rmsuroriente\/wp-content\/uploads\/sites\/12\/2019\/04\/notaduocweb.jpg\" class=\"yoast-seo-meta-tag\" \/>\n\t<meta property=\"og:image:width\" content=\"1000\" class=\"yoast-seo-meta-tag\" \/>\n\t<meta property=\"og:image:height\" content=\"666\" class=\"yoast-seo-meta-tag\" \/>\n\t<meta property=\"og:image:type\" content=\"image\/jpeg\" class=\"yoast-seo-meta-tag\" \/>\n<meta name=\"author\" content=\"webman\" class=\"yoast-seo-meta-tag\" \/>\n<meta name=\"twitter:card\" content=\"summary_large_image\" class=\"yoast-seo-meta-tag\" \/>\n<meta name=\"twitter:label1\" content=\"Escrito por\" class=\"yoast-seo-meta-tag\" \/>\n\t<meta name=\"twitter:data1\" content=\"webman\" class=\"yoast-seo-meta-tag\" \/>\n\t<meta name=\"twitter:label2\" content=\"Tiempo estimado de lectura\" class=\"yoast-seo-meta-tag\" \/>\n\t<meta name=\"twitter:data2\" content=\"2 minutos\" class=\"yoast-seo-meta-tag\" \/>\n<script type=\"application\/ld+json\" class=\"yoast-schema-graph\">{\"@context\":\"https:\/\/schema.org\",\"@graph\":[{\"@type\":\"Article\",\"@id\":\"https:\/\/explora.cl\/rmsuroriente\/colegio-alicante-del-sol-de-puente-alto-participa-en-charlas-astronomos-embajadores\/#article\",\"isPartOf\":{\"@id\":\"https:\/\/explora.cl\/rmsuroriente\/colegio-alicante-del-sol-de-puente-alto-participa-en-charlas-astronomos-embajadores\/\"},\"author\":{\"name\":\"webman\",\"@id\":\"https:\/\/explora.cl\/rmsuroriente\/#\/schema\/person\/cb8349c13ea2d324080adf8480d7ba5d\"},\"headline\":\"Colegio Alicante del Sol de Puente Alto participa en charlas \u201cAstr\u00f3nomos Embajadores\u201d\",\"datePublished\":\"2019-04-22T17:03:43+00:00\",\"dateModified\":\"2019-06-24T20:54:31+00:00\",\"mainEntityOfPage\":{\"@id\":\"https:\/\/explora.cl\/rmsuroriente\/colegio-alicante-del-sol-de-puente-alto-participa-en-charlas-astronomos-embajadores\/\"},\"wordCount\":447,\"publisher\":{\"@id\":\"https:\/\/explora.cl\/rmsuroriente\/#organization\"},\"image\":{\"@id\":\"https:\/\/explora.cl\/rmsuroriente\/colegio-alicante-del-sol-de-puente-alto-participa-en-charlas-astronomos-embajadores\/#primaryimage\"},\"thumbnailUrl\":\"https:\/\/explora.cl\/rmsuroriente\/wp-content\/uploads\/sites\/12\/2019\/04\/notaduocweb.jpg\",\"articleSection\":[\"Noticias\"],\"inLanguage\":\"es-CL\"},{\"@type\":\"WebPage\",\"@id\":\"https:\/\/explora.cl\/rmsuroriente\/colegio-alicante-del-sol-de-puente-alto-participa-en-charlas-astronomos-embajadores\/\",\"url\":\"https:\/\/explora.cl\/rmsuroriente\/colegio-alicante-del-sol-de-puente-alto-participa-en-charlas-astronomos-embajadores\/\",\"name\":\"Colegio Alicante del Sol de Puente Alto participa en charlas \u201cAstr\u00f3nomos Embajadores\u201d - RM Sur Oriente\",\"isPartOf\":{\"@id\":\"https:\/\/explora.cl\/rmsuroriente\/#website\"},\"primaryImageOfPage\":{\"@id\":\"https:\/\/explora.cl\/rmsuroriente\/colegio-alicante-del-sol-de-puente-alto-participa-en-charlas-astronomos-embajadores\/#primaryimage\"},\"image\":{\"@id\":\"https:\/\/explora.cl\/rmsuroriente\/colegio-alicante-del-sol-de-puente-alto-participa-en-charlas-astronomos-embajadores\/#primaryimage\"},\"thumbnailUrl\":\"https:\/\/explora.cl\/rmsuroriente\/wp-content\/uploads\/sites\/12\/2019\/04\/notaduocweb.jpg\",\"datePublished\":\"2019-04-22T17:03:43+00:00\",\"dateModified\":\"2019-06-24T20:54:31+00:00\",\"breadcrumb\":{\"@id\":\"https:\/\/explora.cl\/rmsuroriente\/colegio-alicante-del-sol-de-puente-alto-participa-en-charlas-astronomos-embajadores\/#breadcrumb\"},\"inLanguage\":\"es-CL\",\"potentialAction\":[{\"@type\":\"ReadAction\",\"target\":[\"https:\/\/explora.cl\/rmsuroriente\/colegio-alicante-del-sol-de-puente-alto-participa-en-charlas-astronomos-embajadores\/\"]}]},{\"@type\":\"ImageObject\",\"inLanguage\":\"es-CL\",\"@id\":\"https:\/\/explora.cl\/rmsuroriente\/colegio-alicante-del-sol-de-puente-alto-participa-en-charlas-astronomos-embajadores\/#primaryimage\",\"url\":\"https:\/\/explora.cl\/rmsuroriente\/wp-content\/uploads\/sites\/12\/2019\/04\/notaduocweb.jpg\",\"contentUrl\":\"https:\/\/explora.cl\/rmsuroriente\/wp-content\/uploads\/sites\/12\/2019\/04\/notaduocweb.jpg\",\"width\":1000,\"height\":666},{\"@type\":\"BreadcrumbList\",\"@id\":\"https:\/\/explora.cl\/rmsuroriente\/colegio-alicante-del-sol-de-puente-alto-participa-en-charlas-astronomos-embajadores\/#breadcrumb\",\"itemListElement\":[{\"@type\":\"ListItem\",\"position\":1,\"name\":\"Portada\",\"item\":\"https:\/\/explora.cl\/rmsuroriente\/\"},{\"@type\":\"ListItem\",\"position\":2,\"name\":\"Colegio Alicante del Sol de Puente Alto participa en charlas \u201cAstr\u00f3nomos Embajadores\u201d\"}]},{\"@type\":\"WebSite\",\"@id\":\"https:\/\/explora.cl\/rmsuroriente\/#website\",\"url\":\"https:\/\/explora.cl\/rmsuroriente\/\",\"name\":\"RM Sur Oriente\",\"description\":\"Otro sitio m\u00e1s de explora.cl\",\"publisher\":{\"@id\":\"https:\/\/explora.cl\/rmsuroriente\/#organization\"},\"potentialAction\":[{\"@type\":\"SearchAction\",\"target\":{\"@type\":\"EntryPoint\",\"urlTemplate\":\"https:\/\/explora.cl\/rmsuroriente\/?s={search_term_string}\"},\"query-input\":{\"@type\":\"PropertyValueSpecification\",\"valueRequired\":true,\"valueName\":\"search_term_string\"}}],\"inLanguage\":\"es-CL\"},{\"@type\":\"Organization\",\"@id\":\"https:\/\/explora.cl\/rmsuroriente\/#organization\",\"name\":\"RM Sur Oriente\",\"url\":\"https:\/\/explora.cl\/rmsuroriente\/\",\"logo\":{\"@type\":\"ImageObject\",\"inLanguage\":\"es-CL\",\"@id\":\"https:\/\/explora.cl\/rmsuroriente\/#\/schema\/logo\/image\/\",\"url\":\"https:\/\/explora.cl\/rmsuroriente\/wp-content\/uploads\/sites\/12\/2025\/04\/cropped-LogoPAR_RMSO-Azul-UC.png\",\"contentUrl\":\"https:\/\/explora.cl\/rmsuroriente\/wp-content\/uploads\/sites\/12\/2025\/04\/cropped-LogoPAR_RMSO-Azul-UC.png\",\"width\":411,\"height\":409,\"caption\":\"RM Sur Oriente\"},\"image\":{\"@id\":\"https:\/\/explora.cl\/rmsuroriente\/#\/schema\/logo\/image\/\"}},{\"@type\":\"Person\",\"@id\":\"https:\/\/explora.cl\/rmsuroriente\/#\/schema\/person\/cb8349c13ea2d324080adf8480d7ba5d\",\"name\":\"webman\",\"image\":{\"@type\":\"ImageObject\",\"inLanguage\":\"es-CL\",\"@id\":\"https:\/\/explora.cl\/rmsuroriente\/#\/schema\/person\/image\/\",\"url\":\"https:\/\/secure.gravatar.com\/avatar\/eeff3c82f2c02f7177d13663b7e6f890e9a6a0647ce9bb29cae02dcb094c7312?s=96&d=mm&r=g\",\"contentUrl\":\"https:\/\/secure.gravatar.com\/avatar\/eeff3c82f2c02f7177d13663b7e6f890e9a6a0647ce9bb29cae02dcb094c7312?s=96&d=mm&r=g\",\"caption\":\"webman\"},\"url\":\"https:\/\/explora.cl\/rmsuroriente\/author\/webman\/\"}]}<\/script>\n<!-- \/ Yoast SEO plugin. -->","yoast_head_json":{"title":"Colegio Alicante del Sol de Puente Alto participa en charlas \u201cAstr\u00f3nomos Embajadores\u201d - RM Sur Oriente","robots":{"index":"index","follow":"follow","max-snippet":"max-snippet:-1","max-image-preview":"max-image-preview:large","max-video-preview":"max-video-preview:-1"},"canonical":"https:\/\/explora.cl\/rmsuroriente\/colegio-alicante-del-sol-de-puente-alto-participa-en-charlas-astronomos-embajadores\/","og_locale":"es_ES","og_type":"article","og_title":"Colegio Alicante del Sol de Puente Alto participa en charlas \u201cAstr\u00f3nomos Embajadores\u201d - RM Sur Oriente","og_description":"El ciclo de charlas \u201cAstr\u00f3nomos Embajadores\u201d realizado por investigadores del Centro de Excelencia en Astrof\u00edsica y Tecnolog\u00edas Afines (CATA) de la Facultad de Ciencias F\u00edsicas y Matem\u00e1ticas de la Universidad de Chile, en conjunto con el PAR Explora de CONICYT RM Sur Oriente, llev\u00f3 el martes 9 de abril dos charlas astron\u00f3micas para estudiantes de [&hellip;]","og_url":"https:\/\/explora.cl\/rmsuroriente\/colegio-alicante-del-sol-de-puente-alto-participa-en-charlas-astronomos-embajadores\/","og_site_name":"RM Sur Oriente","article_published_time":"2019-04-22T17:03:43+00:00","article_modified_time":"2019-06-24T20:54:31+00:00","og_image":[{"width":1000,"height":666,"url":"https:\/\/explora.cl\/rmsuroriente\/wp-content\/uploads\/sites\/12\/2019\/04\/notaduocweb.jpg","type":"image\/jpeg"}],"author":"webman","twitter_card":"summary_large_image","twitter_misc":{"Escrito por":"webman","Tiempo estimado de lectura":"2 minutos"},"schema":{"@context":"https:\/\/schema.org","@graph":[{"@type":"Article","@id":"https:\/\/explora.cl\/rmsuroriente\/colegio-alicante-del-sol-de-puente-alto-participa-en-charlas-astronomos-embajadores\/#article","isPartOf":{"@id":"https:\/\/explora.cl\/rmsuroriente\/colegio-alicante-del-sol-de-puente-alto-participa-en-charlas-astronomos-embajadores\/"},"author":{"name":"webman","@id":"https:\/\/explora.cl\/rmsuroriente\/#\/schema\/person\/cb8349c13ea2d324080adf8480d7ba5d"},"headline":"Colegio Alicante del Sol de Puente Alto participa en charlas \u201cAstr\u00f3nomos Embajadores\u201d","datePublished":"2019-04-22T17:03:43+00:00","dateModified":"2019-06-24T20:54:31+00:00","mainEntityOfPage":{"@id":"https:\/\/explora.cl\/rmsuroriente\/colegio-alicante-del-sol-de-puente-alto-participa-en-charlas-astronomos-embajadores\/"},"wordCount":447,"publisher":{"@id":"https:\/\/explora.cl\/rmsuroriente\/#organization"},"image":{"@id":"https:\/\/explora.cl\/rmsuroriente\/colegio-alicante-del-sol-de-puente-alto-participa-en-charlas-astronomos-embajadores\/#primaryimage"},"thumbnailUrl":"https:\/\/explora.cl\/rmsuroriente\/wp-content\/uploads\/sites\/12\/2019\/04\/notaduocweb.jpg","articleSection":["Noticias"],"inLanguage":"es-CL"},{"@type":"WebPage","@id":"https:\/\/explora.cl\/rmsuroriente\/colegio-alicante-del-sol-de-puente-alto-participa-en-charlas-astronomos-embajadores\/","url":"https:\/\/explora.cl\/rmsuroriente\/colegio-alicante-del-sol-de-puente-alto-participa-en-charlas-astronomos-embajadores\/","name":"Colegio Alicante del Sol de Puente Alto participa en charlas \u201cAstr\u00f3nomos Embajadores\u201d - RM Sur Oriente","isPartOf":{"@id":"https:\/\/explora.cl\/rmsuroriente\/#website"},"primaryImageOfPage":{"@id":"https:\/\/explora.cl\/rmsuroriente\/colegio-alicante-del-sol-de-puente-alto-participa-en-charlas-astronomos-embajadores\/#primaryimage"},"image":{"@id":"https:\/\/explora.cl\/rmsuroriente\/colegio-alicante-del-sol-de-puente-alto-participa-en-charlas-astronomos-embajadores\/#primaryimage"},"thumbnailUrl":"https:\/\/explora.cl\/rmsuroriente\/wp-content\/uploads\/sites\/12\/2019\/04\/notaduocweb.jpg","datePublished":"2019-04-22T17:03:43+00:00","dateModified":"2019-06-24T20:54:31+00:00","breadcrumb":{"@id":"https:\/\/explora.cl\/rmsuroriente\/colegio-alicante-del-sol-de-puente-alto-participa-en-charlas-astronomos-embajadores\/#breadcrumb"},"inLanguage":"es-CL","potentialAction":[{"@type":"ReadAction","target":["https:\/\/explora.cl\/rmsuroriente\/colegio-alicante-del-sol-de-puente-alto-participa-en-charlas-astronomos-embajadores\/"]}]},{"@type":"ImageObject","inLanguage":"es-CL","@id":"https:\/\/explora.cl\/rmsuroriente\/colegio-alicante-del-sol-de-puente-alto-participa-en-charlas-astronomos-embajadores\/#primaryimage","url":"https:\/\/explora.cl\/rmsuroriente\/wp-content\/uploads\/sites\/12\/2019\/04\/notaduocweb.jpg","contentUrl":"https:\/\/explora.cl\/rmsuroriente\/wp-content\/uploads\/sites\/12\/2019\/04\/notaduocweb.jpg","width":1000,"height":666},{"@type":"BreadcrumbList","@id":"https:\/\/explora.cl\/rmsuroriente\/colegio-alicante-del-sol-de-puente-alto-participa-en-charlas-astronomos-embajadores\/#breadcrumb","itemListElement":[{"@type":"ListItem","position":1,"name":"Portada","item":"https:\/\/explora.cl\/rmsuroriente\/"},{"@type":"ListItem","position":2,"name":"Colegio Alicante del Sol de Puente Alto participa en charlas \u201cAstr\u00f3nomos Embajadores\u201d"}]},{"@type":"WebSite","@id":"https:\/\/explora.cl\/rmsuroriente\/#website","url":"https:\/\/explora.cl\/rmsuroriente\/","name":"RM Sur Oriente","description":"Otro sitio m\u00e1s de explora.cl","publisher":{"@id":"https:\/\/explora.cl\/rmsuroriente\/#organization"},"potentialAction":[{"@type":"SearchAction","target":{"@type":"EntryPoint","urlTemplate":"https:\/\/explora.cl\/rmsuroriente\/?s={search_term_string}"},"query-input":{"@type":"PropertyValueSpecification","valueRequired":true,"valueName":"search_term_string"}}],"inLanguage":"es-CL"},{"@type":"Organization","@id":"https:\/\/explora.cl\/rmsuroriente\/#organization","name":"RM Sur Oriente","url":"https:\/\/explora.cl\/rmsuroriente\/","logo":{"@type":"ImageObject","inLanguage":"es-CL","@id":"https:\/\/explora.cl\/rmsuroriente\/#\/schema\/logo\/image\/","url":"https:\/\/explora.cl\/rmsuroriente\/wp-content\/uploads\/sites\/12\/2025\/04\/cropped-LogoPAR_RMSO-Azul-UC.png","contentUrl":"https:\/\/explora.cl\/rmsuroriente\/wp-content\/uploads\/sites\/12\/2025\/04\/cropped-LogoPAR_RMSO-Azul-UC.png","width":411,"height":409,"caption":"RM Sur Oriente"},"image":{"@id":"https:\/\/explora.cl\/rmsuroriente\/#\/schema\/logo\/image\/"}},{"@type":"Person","@id":"https:\/\/explora.cl\/rmsuroriente\/#\/schema\/person\/cb8349c13ea2d324080adf8480d7ba5d","name":"webman","image":{"@type":"ImageObject","inLanguage":"es-CL","@id":"https:\/\/explora.cl\/rmsuroriente\/#\/schema\/person\/image\/","url":"https:\/\/secure.gravatar.com\/avatar\/eeff3c82f2c02f7177d13663b7e6f890e9a6a0647ce9bb29cae02dcb094c7312?s=96&d=mm&r=g","contentUrl":"https:\/\/secure.gravatar.com\/avatar\/eeff3c82f2c02f7177d13663b7e6f890e9a6a0647ce9bb29cae02dcb094c7312?s=96&d=mm&r=g","caption":"webman"},"url":"https:\/\/explora.cl\/rmsuroriente\/author\/webman\/"}]}},"_links":{"self":[{"href":"https:\/\/explora.cl\/rmsuroriente\/wp-json\/wp\/v2\/posts\/37478","targetHints":{"allow":["GET"]}}],"collection":[{"href":"https:\/\/explora.cl\/rmsuroriente\/wp-json\/wp\/v2\/posts"}],"about":[{"href":"https:\/\/explora.cl\/rmsuroriente\/wp-json\/wp\/v2\/types\/post"}],"author":[{"embeddable":true,"href":"https:\/\/explora.cl\/rmsuroriente\/wp-json\/wp\/v2\/users\/2"}],"replies":[{"embeddable":true,"href":"https:\/\/explora.cl\/rmsuroriente\/wp-json\/wp\/v2\/comments?post=37478"}],"version-history":[{"count":2,"href":"https:\/\/explora.cl\/rmsuroriente\/wp-json\/wp\/v2\/posts\/37478\/revisions"}],"predecessor-version":[{"id":38632,"href":"https:\/\/explora.cl\/rmsuroriente\/wp-json\/wp\/v2\/posts\/37478\/revisions\/38632"}],"wp:featuredmedia":[{"embeddable":true,"href":"https:\/\/explora.cl\/rmsuroriente\/wp-json\/wp\/v2\/media\/37481"}],"wp:attachment":[{"href":"https:\/\/explora.cl\/rmsuroriente\/wp-json\/wp\/v2\/media?parent=37478"}],"wp:term":[{"taxonomy":"category","embeddable":true,"href":"https:\/\/explora.cl\/rmsuroriente\/wp-json\/wp\/v2\/categories?post=37478"},{"taxonomy":"post_tag","embeddable":true,"href":"https:\/\/explora.cl\/rmsuroriente\/wp-json\/wp\/v2\/tags?post=37478"}],"curies":[{"name":"wp","href":"https:\/\/api.w.org\/{rel}","templated":true}]}}