{"id":37445,"date":"2019-04-08T16:02:02","date_gmt":"2019-04-08T20:02:02","guid":{"rendered":"https:\/\/explora.cl\/rmsuroriente\/?p=37445"},"modified":"2019-05-29T22:19:19","modified_gmt":"2019-05-29T22:19:19","slug":"te-invitamos-a-ser-protagonista-participa-en-el-vi-torneo-interescolar-de-debates-en-ciencias-y-tecnologias","status":"publish","type":"post","link":"https:\/\/explora.cl\/rmsuroriente\/te-invitamos-a-ser-protagonista-participa-en-el-vi-torneo-interescolar-de-debates-en-ciencias-y-tecnologias\/","title":{"rendered":"Te invitamos a ser protagonista: Participa en el VI Torneo Interescolar de Debates en Ciencias y Tecnolog\u00edas."},"content":{"rendered":"<p><em><strong>Dialogo, pensamiento cient\u00edfico y resoluci\u00f3n pac\u00edfica de conflictos son las herramientas que podr\u00e1s desarrollar. Inscr\u00edbete y asiste a la capacitaci\u00f3n\u00a0 el 25 o el 26 de abril.<\/strong><\/em><\/p>\n<p>El Proyecto Asociativo Regional (PAR) Explora de CONICYT Regi\u00f3n Metropolitana Sur Oriente, te invita a participar del VI Torneo Interescolar de Debates en Ciencias y Tecnolog\u00edas 2019, abierto a docentes y estudiantes de 7mo a\u00f1o de Ense\u00f1anza B\u00e1sica, hasta a 4to a\u00f1o de Ense\u00f1anza Media.<br \/>\nCientos de estudiantes y docentes han participado del torneo, que desde el a\u00f1o 2013, logra fortalecer en las y los j\u00f3venes habilidades de pensamiento cr\u00edtico, en el contexto de la discusi\u00f3n e identificaci\u00f3n de distintos puntos de vista en conflicto, mediante la elaboraci\u00f3n de discursos argumentativos orientados a la resoluci\u00f3n razonada de un problema. As\u00ed tambi\u00e9n, la resoluci\u00f3n pac\u00edfica de conflictos y la formaci\u00f3n de ciudadanas y ciudadanos por la paz.<br \/>\nTodas y todos los inscritos, tendr\u00e1n la oportunidad de capacitarse para aprender el modelo de debate cr\u00edtico; capacitaci\u00f3n que se realizar\u00e1 el 25 o 26 de abril de 10:00 a 14:00 horas, en la Sala de Videoconferencia (2do piso biblioteca) de la Facultad de Ciencias Agron\u00f3micas de la Universidad de Chile, ubicada en Av. Santa Rosa #11315. La fecha de la capacitaci\u00f3n se informar\u00e1 una vez enviado el formulario.<br \/>\nPara participar del torneo y de las capacitaciones, los equipos se deben inscribir enviando el formulario de inscripci\u00f3n adjunto a la Coordinadora del Torneo del PAR Explora RM Sur Oriente, Gricel Gonz\u00e1lez (gricel.gonzalez@uchile.cl). El plazo de inscripci\u00f3n culmina el jueves 24 de abril.<br \/>\nEl Torneo est\u00e1 dirigido a estudiantes de establecimientos educacionales ubicados en las comunas de: Pedro Aguirre Cerda, San Miguel, San Joaqu\u00edn, Macul, Pe\u00f1alol\u00e9n, La Cisterna, San Ram\u00f3n, La Granja, La Florida, San Jos\u00e9 de Maipo, La Pintana, Puente Alto y Pirque.<br \/>\n<a href=\"https:\/\/explora.cl\/rmsuroriente\/wp-content\/uploads\/sites\/12\/2019\/04\/Inscripcio\u0301n-Equipos-debates-2019-1.docx\">DESCARGA AQU\u00cd Formulario de Inscripci\u00f3n Equipos.<\/a><br \/>\n<a href=\"https:\/\/explora.cl\/rmsuroriente\/wp-content\/uploads\/sites\/12\/2019\/04\/Bases-Torneo-de-Debates-2019-1.pdf\" target=\"_blank\" rel=\"noopener noreferrer\">DESCARGA AQU\u00cd Bases Torneo de Debates.<\/a><br \/>\n<a href=\"https:\/\/explora.cl\/rmsuroriente\/wp-content\/uploads\/sites\/12\/2019\/04\/Reglamento-Torneo-de-Debates-2019-1.pdf\" target=\"_blank\" rel=\"noopener noreferrer\">DESCARGA AQU\u00cd Reglamento Torneo de Debates.<\/a><\/p>\n","protected":false},"excerpt":{"rendered":"<p>Dialogo, pensamiento cient\u00edfico y resoluci\u00f3n pac\u00edfica de conflictos son las herramientas que podr\u00e1s desarrollar. Inscr\u00edbete y asiste a la capacitaci\u00f3n\u00a0 el 25 o el 26 de abril. El Proyecto Asociativo Regional (PAR) Explora de CONICYT Regi\u00f3n Metropolitana Sur Oriente, te invita a participar del VI Torneo Interescolar de Debates en Ciencias y Tecnolog\u00edas 2019, abierto [&hellip;]<\/p>\n","protected":false},"author":2,"featured_media":37446,"comment_status":"closed","ping_status":"open","sticky":false,"template":"","format":"standard","meta":{"_acf_changed":false,"_exactmetrics_skip_tracking":false,"_exactmetrics_sitenote_active":false,"_exactmetrics_sitenote_note":"","_exactmetrics_sitenote_category":0,"footnotes":"","_links_to":"","_links_to_target":""},"categories":[4],"tags":[],"class_list":["post-37445","post","type-post","status-publish","format-standard","has-post-thumbnail","hentry","category-noticias"],"acf":[],"yoast_head":"<!-- This site is optimized with the Yoast SEO plugin v26.9 - https:\/\/yoast.com\/product\/yoast-seo-wordpress\/ -->\n<title>Te invitamos a ser protagonista: Participa en el VI Torneo Interescolar de Debates en Ciencias y Tecnolog\u00edas. - RM Sur Oriente<\/title>\n<meta name=\"robots\" content=\"index, follow, max-snippet:-1, max-image-preview:large, max-video-preview:-1\" \/>\n<link rel=\"canonical\" href=\"https:\/\/explora.cl\/rmsuroriente\/te-invitamos-a-ser-protagonista-participa-en-el-vi-torneo-interescolar-de-debates-en-ciencias-y-tecnologias\/\" class=\"yoast-seo-meta-tag\" \/>\n<meta property=\"og:locale\" content=\"es_ES\" class=\"yoast-seo-meta-tag\" \/>\n<meta property=\"og:type\" content=\"article\" class=\"yoast-seo-meta-tag\" \/>\n<meta property=\"og:title\" content=\"Te invitamos a ser protagonista: Participa en el VI Torneo Interescolar de Debates en Ciencias y Tecnolog\u00edas. - RM Sur Oriente\" class=\"yoast-seo-meta-tag\" \/>\n<meta property=\"og:description\" content=\"Dialogo, pensamiento cient\u00edfico y resoluci\u00f3n pac\u00edfica de conflictos son las herramientas que podr\u00e1s desarrollar. Inscr\u00edbete y asiste a la capacitaci\u00f3n\u00a0 el 25 o el 26 de abril. El Proyecto Asociativo Regional (PAR) Explora de CONICYT Regi\u00f3n Metropolitana Sur Oriente, te invita a participar del VI Torneo Interescolar de Debates en Ciencias y Tecnolog\u00edas 2019, abierto [&hellip;]\" class=\"yoast-seo-meta-tag\" \/>\n<meta property=\"og:url\" content=\"https:\/\/explora.cl\/rmsuroriente\/te-invitamos-a-ser-protagonista-participa-en-el-vi-torneo-interescolar-de-debates-en-ciencias-y-tecnologias\/\" class=\"yoast-seo-meta-tag\" \/>\n<meta property=\"og:site_name\" content=\"RM Sur Oriente\" class=\"yoast-seo-meta-tag\" \/>\n<meta property=\"article:published_time\" content=\"2019-04-08T20:02:02+00:00\" class=\"yoast-seo-meta-tag\" \/>\n<meta property=\"article:modified_time\" content=\"2019-05-29T22:19:19+00:00\" class=\"yoast-seo-meta-tag\" \/>\n<meta property=\"og:image\" content=\"https:\/\/explora.cl\/rmsuroriente\/wp-content\/uploads\/sites\/12\/2019\/04\/Debates-2019_Imagen-noticia.jpg\" class=\"yoast-seo-meta-tag\" \/>\n\t<meta property=\"og:image:width\" content=\"801\" class=\"yoast-seo-meta-tag\" \/>\n\t<meta property=\"og:image:height\" content=\"601\" class=\"yoast-seo-meta-tag\" \/>\n\t<meta property=\"og:image:type\" content=\"image\/jpeg\" class=\"yoast-seo-meta-tag\" \/>\n<meta name=\"author\" content=\"webman\" class=\"yoast-seo-meta-tag\" \/>\n<meta name=\"twitter:card\" content=\"summary_large_image\" class=\"yoast-seo-meta-tag\" \/>\n<meta name=\"twitter:label1\" content=\"Escrito por\" class=\"yoast-seo-meta-tag\" \/>\n\t<meta name=\"twitter:data1\" content=\"webman\" class=\"yoast-seo-meta-tag\" \/>\n\t<meta name=\"twitter:label2\" content=\"Tiempo estimado de lectura\" class=\"yoast-seo-meta-tag\" \/>\n\t<meta name=\"twitter:data2\" content=\"2 minutos\" class=\"yoast-seo-meta-tag\" \/>\n<script type=\"application\/ld+json\" class=\"yoast-schema-graph\">{\"@context\":\"https:\/\/schema.org\",\"@graph\":[{\"@type\":\"Article\",\"@id\":\"https:\/\/explora.cl\/rmsuroriente\/te-invitamos-a-ser-protagonista-participa-en-el-vi-torneo-interescolar-de-debates-en-ciencias-y-tecnologias\/#article\",\"isPartOf\":{\"@id\":\"https:\/\/explora.cl\/rmsuroriente\/te-invitamos-a-ser-protagonista-participa-en-el-vi-torneo-interescolar-de-debates-en-ciencias-y-tecnologias\/\"},\"author\":{\"name\":\"webman\",\"@id\":\"https:\/\/explora.cl\/rmsuroriente\/#\/schema\/person\/cb8349c13ea2d324080adf8480d7ba5d\"},\"headline\":\"Te invitamos a ser protagonista: Participa en el VI Torneo Interescolar de Debates en Ciencias y Tecnolog\u00edas.\",\"datePublished\":\"2019-04-08T20:02:02+00:00\",\"dateModified\":\"2019-05-29T22:19:19+00:00\",\"mainEntityOfPage\":{\"@id\":\"https:\/\/explora.cl\/rmsuroriente\/te-invitamos-a-ser-protagonista-participa-en-el-vi-torneo-interescolar-de-debates-en-ciencias-y-tecnologias\/\"},\"wordCount\":362,\"publisher\":{\"@id\":\"https:\/\/explora.cl\/rmsuroriente\/#organization\"},\"image\":{\"@id\":\"https:\/\/explora.cl\/rmsuroriente\/te-invitamos-a-ser-protagonista-participa-en-el-vi-torneo-interescolar-de-debates-en-ciencias-y-tecnologias\/#primaryimage\"},\"thumbnailUrl\":\"https:\/\/explora.cl\/rmsuroriente\/wp-content\/uploads\/sites\/12\/2019\/04\/Debates-2019_Imagen-noticia.jpg\",\"articleSection\":[\"Noticias\"],\"inLanguage\":\"es-CL\"},{\"@type\":\"WebPage\",\"@id\":\"https:\/\/explora.cl\/rmsuroriente\/te-invitamos-a-ser-protagonista-participa-en-el-vi-torneo-interescolar-de-debates-en-ciencias-y-tecnologias\/\",\"url\":\"https:\/\/explora.cl\/rmsuroriente\/te-invitamos-a-ser-protagonista-participa-en-el-vi-torneo-interescolar-de-debates-en-ciencias-y-tecnologias\/\",\"name\":\"Te invitamos a ser protagonista: Participa en el VI Torneo Interescolar de Debates en Ciencias y Tecnolog\u00edas. - RM Sur Oriente\",\"isPartOf\":{\"@id\":\"https:\/\/explora.cl\/rmsuroriente\/#website\"},\"primaryImageOfPage\":{\"@id\":\"https:\/\/explora.cl\/rmsuroriente\/te-invitamos-a-ser-protagonista-participa-en-el-vi-torneo-interescolar-de-debates-en-ciencias-y-tecnologias\/#primaryimage\"},\"image\":{\"@id\":\"https:\/\/explora.cl\/rmsuroriente\/te-invitamos-a-ser-protagonista-participa-en-el-vi-torneo-interescolar-de-debates-en-ciencias-y-tecnologias\/#primaryimage\"},\"thumbnailUrl\":\"https:\/\/explora.cl\/rmsuroriente\/wp-content\/uploads\/sites\/12\/2019\/04\/Debates-2019_Imagen-noticia.jpg\",\"datePublished\":\"2019-04-08T20:02:02+00:00\",\"dateModified\":\"2019-05-29T22:19:19+00:00\",\"breadcrumb\":{\"@id\":\"https:\/\/explora.cl\/rmsuroriente\/te-invitamos-a-ser-protagonista-participa-en-el-vi-torneo-interescolar-de-debates-en-ciencias-y-tecnologias\/#breadcrumb\"},\"inLanguage\":\"es-CL\",\"potentialAction\":[{\"@type\":\"ReadAction\",\"target\":[\"https:\/\/explora.cl\/rmsuroriente\/te-invitamos-a-ser-protagonista-participa-en-el-vi-torneo-interescolar-de-debates-en-ciencias-y-tecnologias\/\"]}]},{\"@type\":\"ImageObject\",\"inLanguage\":\"es-CL\",\"@id\":\"https:\/\/explora.cl\/rmsuroriente\/te-invitamos-a-ser-protagonista-participa-en-el-vi-torneo-interescolar-de-debates-en-ciencias-y-tecnologias\/#primaryimage\",\"url\":\"https:\/\/explora.cl\/rmsuroriente\/wp-content\/uploads\/sites\/12\/2019\/04\/Debates-2019_Imagen-noticia.jpg\",\"contentUrl\":\"https:\/\/explora.cl\/rmsuroriente\/wp-content\/uploads\/sites\/12\/2019\/04\/Debates-2019_Imagen-noticia.jpg\",\"width\":801,\"height\":601},{\"@type\":\"BreadcrumbList\",\"@id\":\"https:\/\/explora.cl\/rmsuroriente\/te-invitamos-a-ser-protagonista-participa-en-el-vi-torneo-interescolar-de-debates-en-ciencias-y-tecnologias\/#breadcrumb\",\"itemListElement\":[{\"@type\":\"ListItem\",\"position\":1,\"name\":\"Portada\",\"item\":\"https:\/\/explora.cl\/rmsuroriente\/\"},{\"@type\":\"ListItem\",\"position\":2,\"name\":\"Te invitamos a ser protagonista: Participa en el VI Torneo Interescolar de Debates en Ciencias y Tecnolog\u00edas.\"}]},{\"@type\":\"WebSite\",\"@id\":\"https:\/\/explora.cl\/rmsuroriente\/#website\",\"url\":\"https:\/\/explora.cl\/rmsuroriente\/\",\"name\":\"RM Sur Oriente\",\"description\":\"Otro sitio m\u00e1s de explora.cl\",\"publisher\":{\"@id\":\"https:\/\/explora.cl\/rmsuroriente\/#organization\"},\"potentialAction\":[{\"@type\":\"SearchAction\",\"target\":{\"@type\":\"EntryPoint\",\"urlTemplate\":\"https:\/\/explora.cl\/rmsuroriente\/?s={search_term_string}\"},\"query-input\":{\"@type\":\"PropertyValueSpecification\",\"valueRequired\":true,\"valueName\":\"search_term_string\"}}],\"inLanguage\":\"es-CL\"},{\"@type\":\"Organization\",\"@id\":\"https:\/\/explora.cl\/rmsuroriente\/#organization\",\"name\":\"RM Sur Oriente\",\"url\":\"https:\/\/explora.cl\/rmsuroriente\/\",\"logo\":{\"@type\":\"ImageObject\",\"inLanguage\":\"es-CL\",\"@id\":\"https:\/\/explora.cl\/rmsuroriente\/#\/schema\/logo\/image\/\",\"url\":\"https:\/\/explora.cl\/rmsuroriente\/wp-content\/uploads\/sites\/12\/2025\/04\/cropped-LogoPAR_RMSO-Azul-UC.png\",\"contentUrl\":\"https:\/\/explora.cl\/rmsuroriente\/wp-content\/uploads\/sites\/12\/2025\/04\/cropped-LogoPAR_RMSO-Azul-UC.png\",\"width\":411,\"height\":409,\"caption\":\"RM Sur Oriente\"},\"image\":{\"@id\":\"https:\/\/explora.cl\/rmsuroriente\/#\/schema\/logo\/image\/\"}},{\"@type\":\"Person\",\"@id\":\"https:\/\/explora.cl\/rmsuroriente\/#\/schema\/person\/cb8349c13ea2d324080adf8480d7ba5d\",\"name\":\"webman\",\"image\":{\"@type\":\"ImageObject\",\"inLanguage\":\"es-CL\",\"@id\":\"https:\/\/explora.cl\/rmsuroriente\/#\/schema\/person\/image\/\",\"url\":\"https:\/\/secure.gravatar.com\/avatar\/eeff3c82f2c02f7177d13663b7e6f890e9a6a0647ce9bb29cae02dcb094c7312?s=96&d=mm&r=g\",\"contentUrl\":\"https:\/\/secure.gravatar.com\/avatar\/eeff3c82f2c02f7177d13663b7e6f890e9a6a0647ce9bb29cae02dcb094c7312?s=96&d=mm&r=g\",\"caption\":\"webman\"},\"url\":\"https:\/\/explora.cl\/rmsuroriente\/author\/webman\/\"}]}<\/script>\n<!-- \/ Yoast SEO plugin. -->","yoast_head_json":{"title":"Te invitamos a ser protagonista: Participa en el VI Torneo Interescolar de Debates en Ciencias y Tecnolog\u00edas. - RM Sur Oriente","robots":{"index":"index","follow":"follow","max-snippet":"max-snippet:-1","max-image-preview":"max-image-preview:large","max-video-preview":"max-video-preview:-1"},"canonical":"https:\/\/explora.cl\/rmsuroriente\/te-invitamos-a-ser-protagonista-participa-en-el-vi-torneo-interescolar-de-debates-en-ciencias-y-tecnologias\/","og_locale":"es_ES","og_type":"article","og_title":"Te invitamos a ser protagonista: Participa en el VI Torneo Interescolar de Debates en Ciencias y Tecnolog\u00edas. - RM Sur Oriente","og_description":"Dialogo, pensamiento cient\u00edfico y resoluci\u00f3n pac\u00edfica de conflictos son las herramientas que podr\u00e1s desarrollar. Inscr\u00edbete y asiste a la capacitaci\u00f3n\u00a0 el 25 o el 26 de abril. El Proyecto Asociativo Regional (PAR) Explora de CONICYT Regi\u00f3n Metropolitana Sur Oriente, te invita a participar del VI Torneo Interescolar de Debates en Ciencias y Tecnolog\u00edas 2019, abierto [&hellip;]","og_url":"https:\/\/explora.cl\/rmsuroriente\/te-invitamos-a-ser-protagonista-participa-en-el-vi-torneo-interescolar-de-debates-en-ciencias-y-tecnologias\/","og_site_name":"RM Sur Oriente","article_published_time":"2019-04-08T20:02:02+00:00","article_modified_time":"2019-05-29T22:19:19+00:00","og_image":[{"width":801,"height":601,"url":"https:\/\/explora.cl\/rmsuroriente\/wp-content\/uploads\/sites\/12\/2019\/04\/Debates-2019_Imagen-noticia.jpg","type":"image\/jpeg"}],"author":"webman","twitter_card":"summary_large_image","twitter_misc":{"Escrito por":"webman","Tiempo estimado de lectura":"2 minutos"},"schema":{"@context":"https:\/\/schema.org","@graph":[{"@type":"Article","@id":"https:\/\/explora.cl\/rmsuroriente\/te-invitamos-a-ser-protagonista-participa-en-el-vi-torneo-interescolar-de-debates-en-ciencias-y-tecnologias\/#article","isPartOf":{"@id":"https:\/\/explora.cl\/rmsuroriente\/te-invitamos-a-ser-protagonista-participa-en-el-vi-torneo-interescolar-de-debates-en-ciencias-y-tecnologias\/"},"author":{"name":"webman","@id":"https:\/\/explora.cl\/rmsuroriente\/#\/schema\/person\/cb8349c13ea2d324080adf8480d7ba5d"},"headline":"Te invitamos a ser protagonista: Participa en el VI Torneo Interescolar de Debates en Ciencias y Tecnolog\u00edas.","datePublished":"2019-04-08T20:02:02+00:00","dateModified":"2019-05-29T22:19:19+00:00","mainEntityOfPage":{"@id":"https:\/\/explora.cl\/rmsuroriente\/te-invitamos-a-ser-protagonista-participa-en-el-vi-torneo-interescolar-de-debates-en-ciencias-y-tecnologias\/"},"wordCount":362,"publisher":{"@id":"https:\/\/explora.cl\/rmsuroriente\/#organization"},"image":{"@id":"https:\/\/explora.cl\/rmsuroriente\/te-invitamos-a-ser-protagonista-participa-en-el-vi-torneo-interescolar-de-debates-en-ciencias-y-tecnologias\/#primaryimage"},"thumbnailUrl":"https:\/\/explora.cl\/rmsuroriente\/wp-content\/uploads\/sites\/12\/2019\/04\/Debates-2019_Imagen-noticia.jpg","articleSection":["Noticias"],"inLanguage":"es-CL"},{"@type":"WebPage","@id":"https:\/\/explora.cl\/rmsuroriente\/te-invitamos-a-ser-protagonista-participa-en-el-vi-torneo-interescolar-de-debates-en-ciencias-y-tecnologias\/","url":"https:\/\/explora.cl\/rmsuroriente\/te-invitamos-a-ser-protagonista-participa-en-el-vi-torneo-interescolar-de-debates-en-ciencias-y-tecnologias\/","name":"Te invitamos a ser protagonista: Participa en el VI Torneo Interescolar de Debates en Ciencias y Tecnolog\u00edas. - RM Sur Oriente","isPartOf":{"@id":"https:\/\/explora.cl\/rmsuroriente\/#website"},"primaryImageOfPage":{"@id":"https:\/\/explora.cl\/rmsuroriente\/te-invitamos-a-ser-protagonista-participa-en-el-vi-torneo-interescolar-de-debates-en-ciencias-y-tecnologias\/#primaryimage"},"image":{"@id":"https:\/\/explora.cl\/rmsuroriente\/te-invitamos-a-ser-protagonista-participa-en-el-vi-torneo-interescolar-de-debates-en-ciencias-y-tecnologias\/#primaryimage"},"thumbnailUrl":"https:\/\/explora.cl\/rmsuroriente\/wp-content\/uploads\/sites\/12\/2019\/04\/Debates-2019_Imagen-noticia.jpg","datePublished":"2019-04-08T20:02:02+00:00","dateModified":"2019-05-29T22:19:19+00:00","breadcrumb":{"@id":"https:\/\/explora.cl\/rmsuroriente\/te-invitamos-a-ser-protagonista-participa-en-el-vi-torneo-interescolar-de-debates-en-ciencias-y-tecnologias\/#breadcrumb"},"inLanguage":"es-CL","potentialAction":[{"@type":"ReadAction","target":["https:\/\/explora.cl\/rmsuroriente\/te-invitamos-a-ser-protagonista-participa-en-el-vi-torneo-interescolar-de-debates-en-ciencias-y-tecnologias\/"]}]},{"@type":"ImageObject","inLanguage":"es-CL","@id":"https:\/\/explora.cl\/rmsuroriente\/te-invitamos-a-ser-protagonista-participa-en-el-vi-torneo-interescolar-de-debates-en-ciencias-y-tecnologias\/#primaryimage","url":"https:\/\/explora.cl\/rmsuroriente\/wp-content\/uploads\/sites\/12\/2019\/04\/Debates-2019_Imagen-noticia.jpg","contentUrl":"https:\/\/explora.cl\/rmsuroriente\/wp-content\/uploads\/sites\/12\/2019\/04\/Debates-2019_Imagen-noticia.jpg","width":801,"height":601},{"@type":"BreadcrumbList","@id":"https:\/\/explora.cl\/rmsuroriente\/te-invitamos-a-ser-protagonista-participa-en-el-vi-torneo-interescolar-de-debates-en-ciencias-y-tecnologias\/#breadcrumb","itemListElement":[{"@type":"ListItem","position":1,"name":"Portada","item":"https:\/\/explora.cl\/rmsuroriente\/"},{"@type":"ListItem","position":2,"name":"Te invitamos a ser protagonista: Participa en el VI Torneo Interescolar de Debates en Ciencias y Tecnolog\u00edas."}]},{"@type":"WebSite","@id":"https:\/\/explora.cl\/rmsuroriente\/#website","url":"https:\/\/explora.cl\/rmsuroriente\/","name":"RM Sur Oriente","description":"Otro sitio m\u00e1s de explora.cl","publisher":{"@id":"https:\/\/explora.cl\/rmsuroriente\/#organization"},"potentialAction":[{"@type":"SearchAction","target":{"@type":"EntryPoint","urlTemplate":"https:\/\/explora.cl\/rmsuroriente\/?s={search_term_string}"},"query-input":{"@type":"PropertyValueSpecification","valueRequired":true,"valueName":"search_term_string"}}],"inLanguage":"es-CL"},{"@type":"Organization","@id":"https:\/\/explora.cl\/rmsuroriente\/#organization","name":"RM Sur Oriente","url":"https:\/\/explora.cl\/rmsuroriente\/","logo":{"@type":"ImageObject","inLanguage":"es-CL","@id":"https:\/\/explora.cl\/rmsuroriente\/#\/schema\/logo\/image\/","url":"https:\/\/explora.cl\/rmsuroriente\/wp-content\/uploads\/sites\/12\/2025\/04\/cropped-LogoPAR_RMSO-Azul-UC.png","contentUrl":"https:\/\/explora.cl\/rmsuroriente\/wp-content\/uploads\/sites\/12\/2025\/04\/cropped-LogoPAR_RMSO-Azul-UC.png","width":411,"height":409,"caption":"RM Sur Oriente"},"image":{"@id":"https:\/\/explora.cl\/rmsuroriente\/#\/schema\/logo\/image\/"}},{"@type":"Person","@id":"https:\/\/explora.cl\/rmsuroriente\/#\/schema\/person\/cb8349c13ea2d324080adf8480d7ba5d","name":"webman","image":{"@type":"ImageObject","inLanguage":"es-CL","@id":"https:\/\/explora.cl\/rmsuroriente\/#\/schema\/person\/image\/","url":"https:\/\/secure.gravatar.com\/avatar\/eeff3c82f2c02f7177d13663b7e6f890e9a6a0647ce9bb29cae02dcb094c7312?s=96&d=mm&r=g","contentUrl":"https:\/\/secure.gravatar.com\/avatar\/eeff3c82f2c02f7177d13663b7e6f890e9a6a0647ce9bb29cae02dcb094c7312?s=96&d=mm&r=g","caption":"webman"},"url":"https:\/\/explora.cl\/rmsuroriente\/author\/webman\/"}]}},"_links":{"self":[{"href":"https:\/\/explora.cl\/rmsuroriente\/wp-json\/wp\/v2\/posts\/37445","targetHints":{"allow":["GET"]}}],"collection":[{"href":"https:\/\/explora.cl\/rmsuroriente\/wp-json\/wp\/v2\/posts"}],"about":[{"href":"https:\/\/explora.cl\/rmsuroriente\/wp-json\/wp\/v2\/types\/post"}],"author":[{"embeddable":true,"href":"https:\/\/explora.cl\/rmsuroriente\/wp-json\/wp\/v2\/users\/2"}],"replies":[{"embeddable":true,"href":"https:\/\/explora.cl\/rmsuroriente\/wp-json\/wp\/v2\/comments?post=37445"}],"version-history":[{"count":2,"href":"https:\/\/explora.cl\/rmsuroriente\/wp-json\/wp\/v2\/posts\/37445\/revisions"}],"predecessor-version":[{"id":38360,"href":"https:\/\/explora.cl\/rmsuroriente\/wp-json\/wp\/v2\/posts\/37445\/revisions\/38360"}],"wp:featuredmedia":[{"embeddable":true,"href":"https:\/\/explora.cl\/rmsuroriente\/wp-json\/wp\/v2\/media\/37446"}],"wp:attachment":[{"href":"https:\/\/explora.cl\/rmsuroriente\/wp-json\/wp\/v2\/media?parent=37445"}],"wp:term":[{"taxonomy":"category","embeddable":true,"href":"https:\/\/explora.cl\/rmsuroriente\/wp-json\/wp\/v2\/categories?post=37445"},{"taxonomy":"post_tag","embeddable":true,"href":"https:\/\/explora.cl\/rmsuroriente\/wp-json\/wp\/v2\/tags?post=37445"}],"curies":[{"name":"wp","href":"https:\/\/api.w.org\/{rel}","templated":true}]}}