{"id":37431,"date":"2019-03-28T09:24:46","date_gmt":"2019-03-28T13:24:46","guid":{"rendered":"https:\/\/explora.cl\/rmsuroriente\/?p=37431"},"modified":"2019-05-20T17:31:11","modified_gmt":"2019-05-20T17:31:11","slug":"cientos-de-asistentes-tuvo-noche-astronomica-en-san-jose-de-maipo","status":"publish","type":"post","link":"https:\/\/explora.cl\/rmsuroriente\/cientos-de-asistentes-tuvo-noche-astronomica-en-san-jose-de-maipo\/","title":{"rendered":"Cientos de asistentes tuvo noche astron\u00f3mica en San Jos\u00e9 de Maipo"},"content":{"rendered":"<p><img fetchpriority=\"high\" decoding=\"async\" class=\"alignnone wp-image-37435 size-full\" src=\"https:\/\/explora.cl\/rmsuroriente\/wp-content\/uploads\/sites\/12\/2019\/03\/astroweb3.jpg\" alt=\"\" width=\"992\" height=\"514\" srcset=\"https:\/\/explora.cl\/rmsuroriente\/wp-content\/uploads\/sites\/12\/2019\/03\/astroweb3.jpg 992w, https:\/\/explora.cl\/rmsuroriente\/wp-content\/uploads\/sites\/12\/2019\/03\/astroweb3-300x155.jpg 300w, https:\/\/explora.cl\/rmsuroriente\/wp-content\/uploads\/sites\/12\/2019\/03\/astroweb3-768x398.jpg 768w\" sizes=\"(max-width: 992px) 100vw, 992px\" \/><br \/>\nPara celebrar el D\u00eda de la Astronom\u00eda (viernes 22 de marzo), el PAR Explora de CONICYT Regi\u00f3n Metropolitana Sur Oriente, junto al Centro de Comunicaci\u00f3n de las Ciencias de la Universidad Aut\u00f3noma de Chile, organizaron un conversatorio nocturno de astronom\u00eda en la comuna de San Jos\u00e9 de Maipo.<br \/>\n<img decoding=\"async\" class=\"alignnone size-medium wp-image-37436 alignleft\" src=\"https:\/\/explora.cl\/rmsuroriente\/wp-content\/uploads\/sites\/12\/2019\/03\/IMG_1387-300x200.jpg\" alt=\"\" width=\"300\" height=\"200\" srcset=\"https:\/\/explora.cl\/rmsuroriente\/wp-content\/uploads\/sites\/12\/2019\/03\/IMG_1387-300x200.jpg 300w, https:\/\/explora.cl\/rmsuroriente\/wp-content\/uploads\/sites\/12\/2019\/03\/IMG_1387-768x511.jpg 768w, https:\/\/explora.cl\/rmsuroriente\/wp-content\/uploads\/sites\/12\/2019\/03\/IMG_1387.jpg 1000w\" sizes=\"(max-width: 300px) 100vw, 300px\" \/>Cerca de ciento cincuenta personas asistieron a la jornada \u201cCiudadanos Conversando con Astr\u00f3nomos\u201d, que se efectu\u00f3 en el restor\u00e1n Antiguo Sue\u00f1o. La velada cont\u00f3 con la presencia de Natalia Inostroza, Doctora en f\u00edsico-qu\u00edmica molecular, Investigadora y directora del N\u00facleo de Qu\u00edmica y Astrof\u00edsica de la Universidad Aut\u00f3noma de Chile; y Juan Carlos Beamin, Licenciado en Astronom\u00eda, Doctor en Astrof\u00edsica de la Pontificia Universidad Cat\u00f3lica de Chile, Coordinador Cient\u00edfico del Centro de Comunicaci\u00f3n de las Ciencias e Investigador Postdoctoral de la Universidad Aut\u00f3noma de Chile.<\/p>\n<p style=\"text-align: left\"><img decoding=\"async\" class=\"alignnone size-medium wp-image-37434 alignright\" src=\"https:\/\/explora.cl\/rmsuroriente\/wp-content\/uploads\/sites\/12\/2019\/03\/webastroyt-300x210.jpg\" alt=\"\" width=\"300\" height=\"210\" srcset=\"https:\/\/explora.cl\/rmsuroriente\/wp-content\/uploads\/sites\/12\/2019\/03\/webastroyt-300x210.jpg 300w, https:\/\/explora.cl\/rmsuroriente\/wp-content\/uploads\/sites\/12\/2019\/03\/webastroyt-768x537.jpg 768w, https:\/\/explora.cl\/rmsuroriente\/wp-content\/uploads\/sites\/12\/2019\/03\/webastroyt.jpg 929w\" sizes=\"(max-width: 300px) 100vw, 300px\" \/>Natalia Inostroza habl\u00f3 de la qu\u00edmica del universo y c\u00f3mo estudian los qu\u00edmicos a los astros y el espacio. Por su parte, Juan Carlos Beamin expuso detalles sobre el Sol y el pr\u00f3ximo eclipse solar que en julio se observar\u00e1 en gran parte del Norte de Chile. Los asistentes se mostraron atentos y participativos, haciendo muchas preguntas sobre el universo y distintas teor\u00edas de la f\u00edsica que se han popularizado entre los aficionados. Despu\u00e9s del conversatorio los cient\u00edficos invitaron a una observaci\u00f3n astron\u00f3mica con telescopios, mientras se realizaba el show de m\u00fasica en vivo de Tata Barahona.<\/p>\n<p>Para Jos\u00e9 Luis Vilo, parte del p\u00fablico asistente al evento, estas son iniciativas necesarias que no se ven muy seguido en las cercan\u00edas de la ciudad para la comunidad general. \u201cSalir un poco a despejarse y encontrar eventos como este, donde cient\u00edficos te expliquen qu\u00e9 es lo que hay en el cielo en t\u00e9rminos que uno no conoce, es bastante entretenido\u201d, puntualiz\u00f3.<br \/>\n<img loading=\"lazy\" decoding=\"async\" class=\"alignnone size-medium wp-image-37437 alignleft\" src=\"https:\/\/explora.cl\/rmsuroriente\/wp-content\/uploads\/sites\/12\/2019\/03\/ninoastro-300x200.jpg\" alt=\"\" width=\"300\" height=\"200\" srcset=\"https:\/\/explora.cl\/rmsuroriente\/wp-content\/uploads\/sites\/12\/2019\/03\/ninoastro-300x200.jpg 300w, https:\/\/explora.cl\/rmsuroriente\/wp-content\/uploads\/sites\/12\/2019\/03\/ninoastro-768x511.jpg 768w, https:\/\/explora.cl\/rmsuroriente\/wp-content\/uploads\/sites\/12\/2019\/03\/ninoastro.jpg 1000w\" sizes=\"(max-width: 300px) 100vw, 300px\" \/>Tras la jornada, Natalia Inostroza hizo un balance positivo de la iniciativa argumentando que el p\u00fablico estuvo muy motivado, receptivo y preparado para los temas astron\u00f3micos que se expusieron. \u201cHab\u00eda muchos ni\u00f1os que hicieron varias preguntas, algunas muy dif\u00edciles. Es s\u00faper grato poder invitar a tus amigos a compartir parte de tu trabajo, explicando cosas complejas de manera m\u00e1s amigable y l\u00fadica. M\u00e1s aun con m\u00fasica en vivo y en un lugar tan lindo y privilegiado como San Jos\u00e9 de Maipo\u201d.<br \/>\n&nbsp;<br \/>\n<img loading=\"lazy\" decoding=\"async\" class=\"size-medium wp-image-37438 alignright\" src=\"https:\/\/explora.cl\/rmsuroriente\/wp-content\/uploads\/sites\/12\/2019\/03\/astroweb-300x200.jpg\" alt=\"\" width=\"300\" height=\"200\" srcset=\"https:\/\/explora.cl\/rmsuroriente\/wp-content\/uploads\/sites\/12\/2019\/03\/astroweb-300x200.jpg 300w, https:\/\/explora.cl\/rmsuroriente\/wp-content\/uploads\/sites\/12\/2019\/03\/astroweb-768x513.jpg 768w, https:\/\/explora.cl\/rmsuroriente\/wp-content\/uploads\/sites\/12\/2019\/03\/astroweb.jpg 911w\" sizes=\"(max-width: 300px) 100vw, 300px\" \/>Por su parte, Juan Carlos Beamin, se mostr\u00f3 muy entusiasmado por la alta convocatoria de la jornada que se extendi\u00f3 hasta casi media noche. \u201cMe encant\u00f3 esta experiencia, me gust\u00f3 mucho el p\u00fablico, me sent\u00ed relajado y distendido. Pues ver que la gente est\u00e1 comiendo y pas\u00e1ndolo bien te da otra disposici\u00f3n. Al terminar la presentaci\u00f3n y la ronda de preguntas, muchos vinieron a conversar y se maravillaban observando en los telescopios: estrellas dobles, el Alfa Centauri, zonas de formaci\u00f3n estelar, algunos c\u00famulos y la Luna. Hacer esto es genial porque uno dedica un tiempo en preparar esto y el <em>feedback<\/em> es s\u00faper gratificante, as\u00ed que me voy muy contento y espero que la gente tambi\u00e9n lo haya disfrutado\u201d, finaliz\u00f3.<br \/>\n&nbsp;<\/p>\n","protected":false},"excerpt":{"rendered":"<p>Para celebrar el D\u00eda de la Astronom\u00eda (viernes 22 de marzo), el PAR Explora de CONICYT Regi\u00f3n Metropolitana Sur Oriente, junto al Centro de Comunicaci\u00f3n de las Ciencias de la Universidad Aut\u00f3noma de Chile, organizaron un conversatorio nocturno de astronom\u00eda en la comuna de San Jos\u00e9 de Maipo. Cerca de ciento cincuenta personas asistieron a [&hellip;]<\/p>\n","protected":false},"author":2,"featured_media":37438,"comment_status":"closed","ping_status":"open","sticky":false,"template":"","format":"standard","meta":{"_acf_changed":false,"_exactmetrics_skip_tracking":false,"_exactmetrics_sitenote_active":false,"_exactmetrics_sitenote_note":"","_exactmetrics_sitenote_category":0,"footnotes":"","_links_to":"","_links_to_target":""},"categories":[4],"tags":[],"class_list":["post-37431","post","type-post","status-publish","format-standard","has-post-thumbnail","hentry","category-noticias"],"acf":[],"yoast_head":"<!-- This site is optimized with the Yoast SEO plugin v26.9 - https:\/\/yoast.com\/product\/yoast-seo-wordpress\/ -->\n<title>Cientos de asistentes tuvo noche astron\u00f3mica en San Jos\u00e9 de Maipo - RM Sur Oriente<\/title>\n<meta name=\"robots\" content=\"index, follow, max-snippet:-1, max-image-preview:large, max-video-preview:-1\" \/>\n<link rel=\"canonical\" href=\"https:\/\/explora.cl\/rmsuroriente\/cientos-de-asistentes-tuvo-noche-astronomica-en-san-jose-de-maipo\/\" class=\"yoast-seo-meta-tag\" \/>\n<meta property=\"og:locale\" content=\"es_ES\" class=\"yoast-seo-meta-tag\" \/>\n<meta property=\"og:type\" content=\"article\" class=\"yoast-seo-meta-tag\" \/>\n<meta property=\"og:title\" content=\"Cientos de asistentes tuvo noche astron\u00f3mica en San Jos\u00e9 de Maipo - RM Sur Oriente\" class=\"yoast-seo-meta-tag\" \/>\n<meta property=\"og:description\" content=\"Para celebrar el D\u00eda de la Astronom\u00eda (viernes 22 de marzo), el PAR Explora de CONICYT Regi\u00f3n Metropolitana Sur Oriente, junto al Centro de Comunicaci\u00f3n de las Ciencias de la Universidad Aut\u00f3noma de Chile, organizaron un conversatorio nocturno de astronom\u00eda en la comuna de San Jos\u00e9 de Maipo. Cerca de ciento cincuenta personas asistieron a [&hellip;]\" class=\"yoast-seo-meta-tag\" \/>\n<meta property=\"og:url\" content=\"https:\/\/explora.cl\/rmsuroriente\/cientos-de-asistentes-tuvo-noche-astronomica-en-san-jose-de-maipo\/\" class=\"yoast-seo-meta-tag\" \/>\n<meta property=\"og:site_name\" content=\"RM Sur Oriente\" class=\"yoast-seo-meta-tag\" \/>\n<meta property=\"article:published_time\" content=\"2019-03-28T13:24:46+00:00\" class=\"yoast-seo-meta-tag\" \/>\n<meta property=\"article:modified_time\" content=\"2019-05-20T17:31:11+00:00\" class=\"yoast-seo-meta-tag\" \/>\n<meta property=\"og:image\" content=\"https:\/\/explora.cl\/rmsuroriente\/wp-content\/uploads\/sites\/12\/2019\/03\/astroweb.jpg\" class=\"yoast-seo-meta-tag\" \/>\n\t<meta property=\"og:image:width\" content=\"911\" class=\"yoast-seo-meta-tag\" \/>\n\t<meta property=\"og:image:height\" content=\"608\" class=\"yoast-seo-meta-tag\" \/>\n\t<meta property=\"og:image:type\" content=\"image\/jpeg\" class=\"yoast-seo-meta-tag\" \/>\n<meta name=\"author\" content=\"webman\" class=\"yoast-seo-meta-tag\" \/>\n<meta name=\"twitter:card\" content=\"summary_large_image\" class=\"yoast-seo-meta-tag\" \/>\n<meta name=\"twitter:label1\" content=\"Escrito por\" class=\"yoast-seo-meta-tag\" \/>\n\t<meta name=\"twitter:data1\" content=\"webman\" class=\"yoast-seo-meta-tag\" \/>\n\t<meta name=\"twitter:label2\" content=\"Tiempo estimado de lectura\" class=\"yoast-seo-meta-tag\" \/>\n\t<meta name=\"twitter:data2\" content=\"3 minutos\" class=\"yoast-seo-meta-tag\" \/>\n<script type=\"application\/ld+json\" class=\"yoast-schema-graph\">{\"@context\":\"https:\/\/schema.org\",\"@graph\":[{\"@type\":\"Article\",\"@id\":\"https:\/\/explora.cl\/rmsuroriente\/cientos-de-asistentes-tuvo-noche-astronomica-en-san-jose-de-maipo\/#article\",\"isPartOf\":{\"@id\":\"https:\/\/explora.cl\/rmsuroriente\/cientos-de-asistentes-tuvo-noche-astronomica-en-san-jose-de-maipo\/\"},\"author\":{\"name\":\"webman\",\"@id\":\"https:\/\/explora.cl\/rmsuroriente\/#\/schema\/person\/cb8349c13ea2d324080adf8480d7ba5d\"},\"headline\":\"Cientos de asistentes tuvo noche astron\u00f3mica en San Jos\u00e9 de Maipo\",\"datePublished\":\"2019-03-28T13:24:46+00:00\",\"dateModified\":\"2019-05-20T17:31:11+00:00\",\"mainEntityOfPage\":{\"@id\":\"https:\/\/explora.cl\/rmsuroriente\/cientos-de-asistentes-tuvo-noche-astronomica-en-san-jose-de-maipo\/\"},\"wordCount\":559,\"publisher\":{\"@id\":\"https:\/\/explora.cl\/rmsuroriente\/#organization\"},\"image\":{\"@id\":\"https:\/\/explora.cl\/rmsuroriente\/cientos-de-asistentes-tuvo-noche-astronomica-en-san-jose-de-maipo\/#primaryimage\"},\"thumbnailUrl\":\"https:\/\/explora.cl\/rmsuroriente\/wp-content\/uploads\/sites\/12\/2019\/03\/astroweb.jpg\",\"articleSection\":[\"Noticias\"],\"inLanguage\":\"es-CL\"},{\"@type\":\"WebPage\",\"@id\":\"https:\/\/explora.cl\/rmsuroriente\/cientos-de-asistentes-tuvo-noche-astronomica-en-san-jose-de-maipo\/\",\"url\":\"https:\/\/explora.cl\/rmsuroriente\/cientos-de-asistentes-tuvo-noche-astronomica-en-san-jose-de-maipo\/\",\"name\":\"Cientos de asistentes tuvo noche astron\u00f3mica en San Jos\u00e9 de Maipo - RM Sur Oriente\",\"isPartOf\":{\"@id\":\"https:\/\/explora.cl\/rmsuroriente\/#website\"},\"primaryImageOfPage\":{\"@id\":\"https:\/\/explora.cl\/rmsuroriente\/cientos-de-asistentes-tuvo-noche-astronomica-en-san-jose-de-maipo\/#primaryimage\"},\"image\":{\"@id\":\"https:\/\/explora.cl\/rmsuroriente\/cientos-de-asistentes-tuvo-noche-astronomica-en-san-jose-de-maipo\/#primaryimage\"},\"thumbnailUrl\":\"https:\/\/explora.cl\/rmsuroriente\/wp-content\/uploads\/sites\/12\/2019\/03\/astroweb.jpg\",\"datePublished\":\"2019-03-28T13:24:46+00:00\",\"dateModified\":\"2019-05-20T17:31:11+00:00\",\"breadcrumb\":{\"@id\":\"https:\/\/explora.cl\/rmsuroriente\/cientos-de-asistentes-tuvo-noche-astronomica-en-san-jose-de-maipo\/#breadcrumb\"},\"inLanguage\":\"es-CL\",\"potentialAction\":[{\"@type\":\"ReadAction\",\"target\":[\"https:\/\/explora.cl\/rmsuroriente\/cientos-de-asistentes-tuvo-noche-astronomica-en-san-jose-de-maipo\/\"]}]},{\"@type\":\"ImageObject\",\"inLanguage\":\"es-CL\",\"@id\":\"https:\/\/explora.cl\/rmsuroriente\/cientos-de-asistentes-tuvo-noche-astronomica-en-san-jose-de-maipo\/#primaryimage\",\"url\":\"https:\/\/explora.cl\/rmsuroriente\/wp-content\/uploads\/sites\/12\/2019\/03\/astroweb.jpg\",\"contentUrl\":\"https:\/\/explora.cl\/rmsuroriente\/wp-content\/uploads\/sites\/12\/2019\/03\/astroweb.jpg\",\"width\":911,\"height\":608},{\"@type\":\"BreadcrumbList\",\"@id\":\"https:\/\/explora.cl\/rmsuroriente\/cientos-de-asistentes-tuvo-noche-astronomica-en-san-jose-de-maipo\/#breadcrumb\",\"itemListElement\":[{\"@type\":\"ListItem\",\"position\":1,\"name\":\"Portada\",\"item\":\"https:\/\/explora.cl\/rmsuroriente\/\"},{\"@type\":\"ListItem\",\"position\":2,\"name\":\"Cientos de asistentes tuvo noche astron\u00f3mica en San Jos\u00e9 de Maipo\"}]},{\"@type\":\"WebSite\",\"@id\":\"https:\/\/explora.cl\/rmsuroriente\/#website\",\"url\":\"https:\/\/explora.cl\/rmsuroriente\/\",\"name\":\"RM Sur Oriente\",\"description\":\"Otro sitio m\u00e1s de explora.cl\",\"publisher\":{\"@id\":\"https:\/\/explora.cl\/rmsuroriente\/#organization\"},\"potentialAction\":[{\"@type\":\"SearchAction\",\"target\":{\"@type\":\"EntryPoint\",\"urlTemplate\":\"https:\/\/explora.cl\/rmsuroriente\/?s={search_term_string}\"},\"query-input\":{\"@type\":\"PropertyValueSpecification\",\"valueRequired\":true,\"valueName\":\"search_term_string\"}}],\"inLanguage\":\"es-CL\"},{\"@type\":\"Organization\",\"@id\":\"https:\/\/explora.cl\/rmsuroriente\/#organization\",\"name\":\"RM Sur Oriente\",\"url\":\"https:\/\/explora.cl\/rmsuroriente\/\",\"logo\":{\"@type\":\"ImageObject\",\"inLanguage\":\"es-CL\",\"@id\":\"https:\/\/explora.cl\/rmsuroriente\/#\/schema\/logo\/image\/\",\"url\":\"https:\/\/explora.cl\/rmsuroriente\/wp-content\/uploads\/sites\/12\/2025\/04\/cropped-LogoPAR_RMSO-Azul-UC.png\",\"contentUrl\":\"https:\/\/explora.cl\/rmsuroriente\/wp-content\/uploads\/sites\/12\/2025\/04\/cropped-LogoPAR_RMSO-Azul-UC.png\",\"width\":411,\"height\":409,\"caption\":\"RM Sur Oriente\"},\"image\":{\"@id\":\"https:\/\/explora.cl\/rmsuroriente\/#\/schema\/logo\/image\/\"}},{\"@type\":\"Person\",\"@id\":\"https:\/\/explora.cl\/rmsuroriente\/#\/schema\/person\/cb8349c13ea2d324080adf8480d7ba5d\",\"name\":\"webman\",\"image\":{\"@type\":\"ImageObject\",\"inLanguage\":\"es-CL\",\"@id\":\"https:\/\/explora.cl\/rmsuroriente\/#\/schema\/person\/image\/\",\"url\":\"https:\/\/secure.gravatar.com\/avatar\/eeff3c82f2c02f7177d13663b7e6f890e9a6a0647ce9bb29cae02dcb094c7312?s=96&d=mm&r=g\",\"contentUrl\":\"https:\/\/secure.gravatar.com\/avatar\/eeff3c82f2c02f7177d13663b7e6f890e9a6a0647ce9bb29cae02dcb094c7312?s=96&d=mm&r=g\",\"caption\":\"webman\"},\"url\":\"https:\/\/explora.cl\/rmsuroriente\/author\/webman\/\"}]}<\/script>\n<!-- \/ Yoast SEO plugin. -->","yoast_head_json":{"title":"Cientos de asistentes tuvo noche astron\u00f3mica en San Jos\u00e9 de Maipo - RM Sur Oriente","robots":{"index":"index","follow":"follow","max-snippet":"max-snippet:-1","max-image-preview":"max-image-preview:large","max-video-preview":"max-video-preview:-1"},"canonical":"https:\/\/explora.cl\/rmsuroriente\/cientos-de-asistentes-tuvo-noche-astronomica-en-san-jose-de-maipo\/","og_locale":"es_ES","og_type":"article","og_title":"Cientos de asistentes tuvo noche astron\u00f3mica en San Jos\u00e9 de Maipo - RM Sur Oriente","og_description":"Para celebrar el D\u00eda de la Astronom\u00eda (viernes 22 de marzo), el PAR Explora de CONICYT Regi\u00f3n Metropolitana Sur Oriente, junto al Centro de Comunicaci\u00f3n de las Ciencias de la Universidad Aut\u00f3noma de Chile, organizaron un conversatorio nocturno de astronom\u00eda en la comuna de San Jos\u00e9 de Maipo. Cerca de ciento cincuenta personas asistieron a [&hellip;]","og_url":"https:\/\/explora.cl\/rmsuroriente\/cientos-de-asistentes-tuvo-noche-astronomica-en-san-jose-de-maipo\/","og_site_name":"RM Sur Oriente","article_published_time":"2019-03-28T13:24:46+00:00","article_modified_time":"2019-05-20T17:31:11+00:00","og_image":[{"width":911,"height":608,"url":"https:\/\/explora.cl\/rmsuroriente\/wp-content\/uploads\/sites\/12\/2019\/03\/astroweb.jpg","type":"image\/jpeg"}],"author":"webman","twitter_card":"summary_large_image","twitter_misc":{"Escrito por":"webman","Tiempo estimado de lectura":"3 minutos"},"schema":{"@context":"https:\/\/schema.org","@graph":[{"@type":"Article","@id":"https:\/\/explora.cl\/rmsuroriente\/cientos-de-asistentes-tuvo-noche-astronomica-en-san-jose-de-maipo\/#article","isPartOf":{"@id":"https:\/\/explora.cl\/rmsuroriente\/cientos-de-asistentes-tuvo-noche-astronomica-en-san-jose-de-maipo\/"},"author":{"name":"webman","@id":"https:\/\/explora.cl\/rmsuroriente\/#\/schema\/person\/cb8349c13ea2d324080adf8480d7ba5d"},"headline":"Cientos de asistentes tuvo noche astron\u00f3mica en San Jos\u00e9 de Maipo","datePublished":"2019-03-28T13:24:46+00:00","dateModified":"2019-05-20T17:31:11+00:00","mainEntityOfPage":{"@id":"https:\/\/explora.cl\/rmsuroriente\/cientos-de-asistentes-tuvo-noche-astronomica-en-san-jose-de-maipo\/"},"wordCount":559,"publisher":{"@id":"https:\/\/explora.cl\/rmsuroriente\/#organization"},"image":{"@id":"https:\/\/explora.cl\/rmsuroriente\/cientos-de-asistentes-tuvo-noche-astronomica-en-san-jose-de-maipo\/#primaryimage"},"thumbnailUrl":"https:\/\/explora.cl\/rmsuroriente\/wp-content\/uploads\/sites\/12\/2019\/03\/astroweb.jpg","articleSection":["Noticias"],"inLanguage":"es-CL"},{"@type":"WebPage","@id":"https:\/\/explora.cl\/rmsuroriente\/cientos-de-asistentes-tuvo-noche-astronomica-en-san-jose-de-maipo\/","url":"https:\/\/explora.cl\/rmsuroriente\/cientos-de-asistentes-tuvo-noche-astronomica-en-san-jose-de-maipo\/","name":"Cientos de asistentes tuvo noche astron\u00f3mica en San Jos\u00e9 de Maipo - RM Sur Oriente","isPartOf":{"@id":"https:\/\/explora.cl\/rmsuroriente\/#website"},"primaryImageOfPage":{"@id":"https:\/\/explora.cl\/rmsuroriente\/cientos-de-asistentes-tuvo-noche-astronomica-en-san-jose-de-maipo\/#primaryimage"},"image":{"@id":"https:\/\/explora.cl\/rmsuroriente\/cientos-de-asistentes-tuvo-noche-astronomica-en-san-jose-de-maipo\/#primaryimage"},"thumbnailUrl":"https:\/\/explora.cl\/rmsuroriente\/wp-content\/uploads\/sites\/12\/2019\/03\/astroweb.jpg","datePublished":"2019-03-28T13:24:46+00:00","dateModified":"2019-05-20T17:31:11+00:00","breadcrumb":{"@id":"https:\/\/explora.cl\/rmsuroriente\/cientos-de-asistentes-tuvo-noche-astronomica-en-san-jose-de-maipo\/#breadcrumb"},"inLanguage":"es-CL","potentialAction":[{"@type":"ReadAction","target":["https:\/\/explora.cl\/rmsuroriente\/cientos-de-asistentes-tuvo-noche-astronomica-en-san-jose-de-maipo\/"]}]},{"@type":"ImageObject","inLanguage":"es-CL","@id":"https:\/\/explora.cl\/rmsuroriente\/cientos-de-asistentes-tuvo-noche-astronomica-en-san-jose-de-maipo\/#primaryimage","url":"https:\/\/explora.cl\/rmsuroriente\/wp-content\/uploads\/sites\/12\/2019\/03\/astroweb.jpg","contentUrl":"https:\/\/explora.cl\/rmsuroriente\/wp-content\/uploads\/sites\/12\/2019\/03\/astroweb.jpg","width":911,"height":608},{"@type":"BreadcrumbList","@id":"https:\/\/explora.cl\/rmsuroriente\/cientos-de-asistentes-tuvo-noche-astronomica-en-san-jose-de-maipo\/#breadcrumb","itemListElement":[{"@type":"ListItem","position":1,"name":"Portada","item":"https:\/\/explora.cl\/rmsuroriente\/"},{"@type":"ListItem","position":2,"name":"Cientos de asistentes tuvo noche astron\u00f3mica en San Jos\u00e9 de Maipo"}]},{"@type":"WebSite","@id":"https:\/\/explora.cl\/rmsuroriente\/#website","url":"https:\/\/explora.cl\/rmsuroriente\/","name":"RM Sur Oriente","description":"Otro sitio m\u00e1s de explora.cl","publisher":{"@id":"https:\/\/explora.cl\/rmsuroriente\/#organization"},"potentialAction":[{"@type":"SearchAction","target":{"@type":"EntryPoint","urlTemplate":"https:\/\/explora.cl\/rmsuroriente\/?s={search_term_string}"},"query-input":{"@type":"PropertyValueSpecification","valueRequired":true,"valueName":"search_term_string"}}],"inLanguage":"es-CL"},{"@type":"Organization","@id":"https:\/\/explora.cl\/rmsuroriente\/#organization","name":"RM Sur Oriente","url":"https:\/\/explora.cl\/rmsuroriente\/","logo":{"@type":"ImageObject","inLanguage":"es-CL","@id":"https:\/\/explora.cl\/rmsuroriente\/#\/schema\/logo\/image\/","url":"https:\/\/explora.cl\/rmsuroriente\/wp-content\/uploads\/sites\/12\/2025\/04\/cropped-LogoPAR_RMSO-Azul-UC.png","contentUrl":"https:\/\/explora.cl\/rmsuroriente\/wp-content\/uploads\/sites\/12\/2025\/04\/cropped-LogoPAR_RMSO-Azul-UC.png","width":411,"height":409,"caption":"RM Sur Oriente"},"image":{"@id":"https:\/\/explora.cl\/rmsuroriente\/#\/schema\/logo\/image\/"}},{"@type":"Person","@id":"https:\/\/explora.cl\/rmsuroriente\/#\/schema\/person\/cb8349c13ea2d324080adf8480d7ba5d","name":"webman","image":{"@type":"ImageObject","inLanguage":"es-CL","@id":"https:\/\/explora.cl\/rmsuroriente\/#\/schema\/person\/image\/","url":"https:\/\/secure.gravatar.com\/avatar\/eeff3c82f2c02f7177d13663b7e6f890e9a6a0647ce9bb29cae02dcb094c7312?s=96&d=mm&r=g","contentUrl":"https:\/\/secure.gravatar.com\/avatar\/eeff3c82f2c02f7177d13663b7e6f890e9a6a0647ce9bb29cae02dcb094c7312?s=96&d=mm&r=g","caption":"webman"},"url":"https:\/\/explora.cl\/rmsuroriente\/author\/webman\/"}]}},"_links":{"self":[{"href":"https:\/\/explora.cl\/rmsuroriente\/wp-json\/wp\/v2\/posts\/37431","targetHints":{"allow":["GET"]}}],"collection":[{"href":"https:\/\/explora.cl\/rmsuroriente\/wp-json\/wp\/v2\/posts"}],"about":[{"href":"https:\/\/explora.cl\/rmsuroriente\/wp-json\/wp\/v2\/types\/post"}],"author":[{"embeddable":true,"href":"https:\/\/explora.cl\/rmsuroriente\/wp-json\/wp\/v2\/users\/2"}],"replies":[{"embeddable":true,"href":"https:\/\/explora.cl\/rmsuroriente\/wp-json\/wp\/v2\/comments?post=37431"}],"version-history":[{"count":1,"href":"https:\/\/explora.cl\/rmsuroriente\/wp-json\/wp\/v2\/posts\/37431\/revisions"}],"predecessor-version":[{"id":37554,"href":"https:\/\/explora.cl\/rmsuroriente\/wp-json\/wp\/v2\/posts\/37431\/revisions\/37554"}],"wp:featuredmedia":[{"embeddable":true,"href":"https:\/\/explora.cl\/rmsuroriente\/wp-json\/wp\/v2\/media\/37438"}],"wp:attachment":[{"href":"https:\/\/explora.cl\/rmsuroriente\/wp-json\/wp\/v2\/media?parent=37431"}],"wp:term":[{"taxonomy":"category","embeddable":true,"href":"https:\/\/explora.cl\/rmsuroriente\/wp-json\/wp\/v2\/categories?post=37431"},{"taxonomy":"post_tag","embeddable":true,"href":"https:\/\/explora.cl\/rmsuroriente\/wp-json\/wp\/v2\/tags?post=37431"}],"curies":[{"name":"wp","href":"https:\/\/api.w.org\/{rel}","templated":true}]}}