{"id":37415,"date":"2019-03-25T14:57:02","date_gmt":"2019-03-25T18:57:02","guid":{"rendered":"https:\/\/explora.cl\/rmsuroriente\/?p=37415"},"modified":"2019-05-20T17:31:12","modified_gmt":"2019-05-20T17:31:12","slug":"con-mas-de-mil-estudiantes-par-explora-rm-sur-oriente-celebra-semana-de-la-astronomia","status":"publish","type":"post","link":"https:\/\/explora.cl\/rmsuroriente\/con-mas-de-mil-estudiantes-par-explora-rm-sur-oriente-celebra-semana-de-la-astronomia\/","title":{"rendered":"Con m\u00e1s de mil estudiantes PAR Explora RM Sur Oriente celebra \u201cSemana de la Astronom\u00eda\u201d"},"content":{"rendered":"<p><img fetchpriority=\"high\" decoding=\"async\" class=\"alignnone size-medium wp-image-37416 alignleft\" src=\"https:\/\/explora.cl\/rmsuroriente\/wp-content\/uploads\/sites\/12\/2019\/03\/WhatsApp-Image-2019-03-25-at-15.00.28-e1553539910422-300x184.jpeg\" alt=\"\" width=\"300\" height=\"184\" srcset=\"https:\/\/explora.cl\/rmsuroriente\/wp-content\/uploads\/sites\/12\/2019\/03\/WhatsApp-Image-2019-03-25-at-15.00.28-e1553539910422-300x184.jpeg 300w, https:\/\/explora.cl\/rmsuroriente\/wp-content\/uploads\/sites\/12\/2019\/03\/WhatsApp-Image-2019-03-25-at-15.00.28-e1553539910422-768x470.jpeg 768w, https:\/\/explora.cl\/rmsuroriente\/wp-content\/uploads\/sites\/12\/2019\/03\/WhatsApp-Image-2019-03-25-at-15.00.28-e1553539910422.jpeg 990w\" sizes=\"(max-width: 300px) 100vw, 300px\" \/>Entre el 18 y el 22 de marzo, el Proyecto Asociativo Regional (PAR) Explora de CONICYT Regi\u00f3n Metropolitana Zona Sur Oriente, despleg\u00f3 un total de siete charlas en establecimientos educacionales de la zona, en torno a la celebraci\u00f3n del \u201cD\u00eda de la Astronom\u00eda\u201d.<br \/>\nEl ciclo de charlas astron\u00f3micas contempl\u00f3 a siete cient\u00edficos y cient\u00edficas, que son parte del Centro de Comunicaci\u00f3n de las Ciencias de la Universidad Aut\u00f3noma, del Instituto Milenio de Astrof\u00edsica MAS y del Centro de Excelencia en Astrof\u00edsica y Tecnolog\u00edas Afines (CATA) de la Universidad de Chile.<br \/>\nLos establecimientos que recibieron charlas de astronom\u00eda fueron: Colegio Libertador Sim\u00f3n Bol\u00edvar de Macul, Escuela B\u00e1sica Islas de Chile de La Granja, Escuela B\u00e1sica Tecno Sur de La Granja, Colegio Emmanuel High School de La Florida, Escuela Particular Philippe Cousteau de La Florida y Liceo Polivalente Municipal de La Florida.<br \/>\nEn este \u00faltimo establecimiento, se present\u00f3 Natalia Inostroza, Doctora en f\u00edsico-qu\u00edmica molecular, con la charla \u201cQu\u00edmica en nuestro sistema solar\u201d. Natalia cont\u00f3 a varios cursos de estudiantes c\u00f3mo trabajan los qu\u00edmicos para conocer la qu\u00edmica de los astros y el universo. Recibiendo muchas preguntas del p\u00fablico estudiantes, sobre el espacio y la experiencia de Inostroza como mujer chilena en la NASA.<br \/>\n\u201cMe gust\u00f3 su visita pues dijo muchas cosas que yo no sab\u00eda y probablemente la mayor\u00eda de mis compa\u00f1eros tampoco\u201d, se\u00f1al\u00f3 la estudiante de 2\u00b0 Medio, Nicolette D\u00edaz.<br \/>\n<img decoding=\"async\" class=\"aligncenter wp-image-37417 size-large\" src=\"https:\/\/explora.cl\/rmsuroriente\/wp-content\/uploads\/sites\/12\/2019\/03\/WhatsApp-Image-2019-03-25-at-15.01.09-e1553540009715-1024x462.jpeg\" alt=\"\" width=\"1024\" height=\"462\" srcset=\"https:\/\/explora.cl\/rmsuroriente\/wp-content\/uploads\/sites\/12\/2019\/03\/WhatsApp-Image-2019-03-25-at-15.01.09-e1553540009715-1024x462.jpeg 1024w, https:\/\/explora.cl\/rmsuroriente\/wp-content\/uploads\/sites\/12\/2019\/03\/WhatsApp-Image-2019-03-25-at-15.01.09-e1553540009715-300x135.jpeg 300w, https:\/\/explora.cl\/rmsuroriente\/wp-content\/uploads\/sites\/12\/2019\/03\/WhatsApp-Image-2019-03-25-at-15.01.09-e1553540009715-768x347.jpeg 768w, https:\/\/explora.cl\/rmsuroriente\/wp-content\/uploads\/sites\/12\/2019\/03\/WhatsApp-Image-2019-03-25-at-15.01.09-e1553540009715.jpeg 1032w\" sizes=\"(max-width: 1024px) 100vw, 1024px\" \/><br \/>\nEn tanto, Ren\u00e9 Valdivia, Director del Liceo Polivalente Municipal de La Florida, declar\u00f3: \u201cComo docente uno se interesa por todo aquello que pueda presentarse como algo desafiante para los estudiantes y que vengan cient\u00edficos a explicar astronom\u00eda es muy motivante para ellos. Ha sido una experiencia magn\u00edfica, agradezco al PAR Explora de CONICYT RM Sur Oriente por habernos seleccionado para esta presentaci\u00f3n\u201d.<br \/>\n<img decoding=\"async\" class=\"alignnone size-medium wp-image-37418 alignright\" src=\"https:\/\/explora.cl\/rmsuroriente\/wp-content\/uploads\/sites\/12\/2019\/03\/WhatsApp-Image-2019-03-25-at-15.01.57-300x225.jpeg\" alt=\"\" width=\"300\" height=\"225\" srcset=\"https:\/\/explora.cl\/rmsuroriente\/wp-content\/uploads\/sites\/12\/2019\/03\/WhatsApp-Image-2019-03-25-at-15.01.57-300x225.jpeg 300w, https:\/\/explora.cl\/rmsuroriente\/wp-content\/uploads\/sites\/12\/2019\/03\/WhatsApp-Image-2019-03-25-at-15.01.57-768x576.jpeg 768w, https:\/\/explora.cl\/rmsuroriente\/wp-content\/uploads\/sites\/12\/2019\/03\/WhatsApp-Image-2019-03-25-at-15.01.57-1024x768.jpeg 1024w, https:\/\/explora.cl\/rmsuroriente\/wp-content\/uploads\/sites\/12\/2019\/03\/WhatsApp-Image-2019-03-25-at-15.01.57.jpeg 1032w\" sizes=\"(max-width: 300px) 100vw, 300px\" \/>Fueron cuatro cient\u00edficas y tres cient\u00edficos, quienes en solo una semana, llevaron distintas charlas astron\u00f3micas a colegios y liceos:<\/p>\n<ul>\n<li>Juan Carlos Beam\u00edn, \u201cEclipses: m\u00e1s que ciencia un espect\u00e1culo de la naturaleza\u201d.<\/li>\n<li>Natalia Inostroza, \u201cQu\u00edmica en nuestro sistema solar\u201d.<\/li>\n<li>Manuela Zoccali, \u201cLa cara oscura de la Luna, y m\u00e1s&#8230;\u201d<\/li>\n<li>Mat\u00edas D\u00edaz, \u201cAstronom\u00eda y b\u00fasqueda de planetas extrasolares\u201d.<\/li>\n<li>Antonia Fern\u00e1ndez, \u201cOrigen e historia del universo\u201d.<\/li>\n<li>Roc\u00edo Molina, \u201cSabuesos del Cosmos, los Instrumentos de la Astronom\u00eda\u201d.<\/li>\n<li>Nicol\u00e1s Troncoso, \u201cVida Inteligente en el Universo\u201d.<\/li>\n<\/ul>\n<p>Sin embargo, la celebraci\u00f3n del \u201cD\u00eda de la Astronom\u00eda\u201d no se detiene. Para ello entre el 25 marzo y el 9 de abril, cient\u00edficos e investigadores del CATA de la Universidad de Chile, llegar\u00e1n con m\u00e1s actividades a establecimientos educacionales de las comunas: La Cisterna, La Florida, Puente Alto y La Pintana, entre otras.<\/p>\n","protected":false},"excerpt":{"rendered":"<p>Entre el 18 y el 22 de marzo, el Proyecto Asociativo Regional (PAR) Explora de CONICYT Regi\u00f3n Metropolitana Zona Sur Oriente, despleg\u00f3 un total de siete charlas en establecimientos educacionales de la zona, en torno a la celebraci\u00f3n del \u201cD\u00eda de la Astronom\u00eda\u201d. El ciclo de charlas astron\u00f3micas contempl\u00f3 a siete cient\u00edficos y cient\u00edficas, que [&hellip;]<\/p>\n","protected":false},"author":2,"featured_media":37418,"comment_status":"closed","ping_status":"open","sticky":false,"template":"","format":"standard","meta":{"_acf_changed":false,"_exactmetrics_skip_tracking":false,"_exactmetrics_sitenote_active":false,"_exactmetrics_sitenote_note":"","_exactmetrics_sitenote_category":0,"footnotes":"","_links_to":"","_links_to_target":""},"categories":[4],"tags":[],"class_list":["post-37415","post","type-post","status-publish","format-standard","has-post-thumbnail","hentry","category-noticias"],"acf":[],"yoast_head":"<!-- This site is optimized with the Yoast SEO plugin v26.9 - https:\/\/yoast.com\/product\/yoast-seo-wordpress\/ -->\n<title>Con m\u00e1s de mil estudiantes PAR Explora RM Sur Oriente celebra \u201cSemana de la Astronom\u00eda\u201d - RM Sur Oriente<\/title>\n<meta name=\"robots\" content=\"index, follow, max-snippet:-1, max-image-preview:large, max-video-preview:-1\" \/>\n<link rel=\"canonical\" href=\"https:\/\/explora.cl\/rmsuroriente\/con-mas-de-mil-estudiantes-par-explora-rm-sur-oriente-celebra-semana-de-la-astronomia\/\" class=\"yoast-seo-meta-tag\" \/>\n<meta property=\"og:locale\" content=\"es_ES\" class=\"yoast-seo-meta-tag\" \/>\n<meta property=\"og:type\" content=\"article\" class=\"yoast-seo-meta-tag\" \/>\n<meta property=\"og:title\" content=\"Con m\u00e1s de mil estudiantes PAR Explora RM Sur Oriente celebra \u201cSemana de la Astronom\u00eda\u201d - RM Sur Oriente\" class=\"yoast-seo-meta-tag\" \/>\n<meta property=\"og:description\" content=\"Entre el 18 y el 22 de marzo, el Proyecto Asociativo Regional (PAR) Explora de CONICYT Regi\u00f3n Metropolitana Zona Sur Oriente, despleg\u00f3 un total de siete charlas en establecimientos educacionales de la zona, en torno a la celebraci\u00f3n del \u201cD\u00eda de la Astronom\u00eda\u201d. El ciclo de charlas astron\u00f3micas contempl\u00f3 a siete cient\u00edficos y cient\u00edficas, que [&hellip;]\" class=\"yoast-seo-meta-tag\" \/>\n<meta property=\"og:url\" content=\"https:\/\/explora.cl\/rmsuroriente\/con-mas-de-mil-estudiantes-par-explora-rm-sur-oriente-celebra-semana-de-la-astronomia\/\" class=\"yoast-seo-meta-tag\" \/>\n<meta property=\"og:site_name\" content=\"RM Sur Oriente\" class=\"yoast-seo-meta-tag\" \/>\n<meta property=\"article:published_time\" content=\"2019-03-25T18:57:02+00:00\" class=\"yoast-seo-meta-tag\" \/>\n<meta property=\"article:modified_time\" content=\"2019-05-20T17:31:12+00:00\" class=\"yoast-seo-meta-tag\" \/>\n<meta property=\"og:image\" content=\"https:\/\/explora.cl\/rmsuroriente\/wp-content\/uploads\/sites\/12\/2019\/03\/WhatsApp-Image-2019-03-25-at-15.01.57.jpeg\" class=\"yoast-seo-meta-tag\" \/>\n\t<meta property=\"og:image:width\" content=\"1032\" class=\"yoast-seo-meta-tag\" \/>\n\t<meta property=\"og:image:height\" content=\"774\" class=\"yoast-seo-meta-tag\" \/>\n\t<meta property=\"og:image:type\" content=\"image\/jpeg\" class=\"yoast-seo-meta-tag\" \/>\n<meta name=\"author\" content=\"webman\" class=\"yoast-seo-meta-tag\" \/>\n<meta name=\"twitter:card\" content=\"summary_large_image\" class=\"yoast-seo-meta-tag\" \/>\n<meta name=\"twitter:label1\" content=\"Escrito por\" class=\"yoast-seo-meta-tag\" \/>\n\t<meta name=\"twitter:data1\" content=\"webman\" class=\"yoast-seo-meta-tag\" \/>\n\t<meta name=\"twitter:label2\" content=\"Tiempo estimado de lectura\" class=\"yoast-seo-meta-tag\" \/>\n\t<meta name=\"twitter:data2\" content=\"2 minutos\" class=\"yoast-seo-meta-tag\" \/>\n<script type=\"application\/ld+json\" class=\"yoast-schema-graph\">{\"@context\":\"https:\/\/schema.org\",\"@graph\":[{\"@type\":\"Article\",\"@id\":\"https:\/\/explora.cl\/rmsuroriente\/con-mas-de-mil-estudiantes-par-explora-rm-sur-oriente-celebra-semana-de-la-astronomia\/#article\",\"isPartOf\":{\"@id\":\"https:\/\/explora.cl\/rmsuroriente\/con-mas-de-mil-estudiantes-par-explora-rm-sur-oriente-celebra-semana-de-la-astronomia\/\"},\"author\":{\"name\":\"webman\",\"@id\":\"https:\/\/explora.cl\/rmsuroriente\/#\/schema\/person\/cb8349c13ea2d324080adf8480d7ba5d\"},\"headline\":\"Con m\u00e1s de mil estudiantes PAR Explora RM Sur Oriente celebra \u201cSemana de la Astronom\u00eda\u201d\",\"datePublished\":\"2019-03-25T18:57:02+00:00\",\"dateModified\":\"2019-05-20T17:31:12+00:00\",\"mainEntityOfPage\":{\"@id\":\"https:\/\/explora.cl\/rmsuroriente\/con-mas-de-mil-estudiantes-par-explora-rm-sur-oriente-celebra-semana-de-la-astronomia\/\"},\"wordCount\":492,\"publisher\":{\"@id\":\"https:\/\/explora.cl\/rmsuroriente\/#organization\"},\"image\":{\"@id\":\"https:\/\/explora.cl\/rmsuroriente\/con-mas-de-mil-estudiantes-par-explora-rm-sur-oriente-celebra-semana-de-la-astronomia\/#primaryimage\"},\"thumbnailUrl\":\"https:\/\/explora.cl\/rmsuroriente\/wp-content\/uploads\/sites\/12\/2019\/03\/WhatsApp-Image-2019-03-25-at-15.01.57.jpeg\",\"articleSection\":[\"Noticias\"],\"inLanguage\":\"es-CL\"},{\"@type\":\"WebPage\",\"@id\":\"https:\/\/explora.cl\/rmsuroriente\/con-mas-de-mil-estudiantes-par-explora-rm-sur-oriente-celebra-semana-de-la-astronomia\/\",\"url\":\"https:\/\/explora.cl\/rmsuroriente\/con-mas-de-mil-estudiantes-par-explora-rm-sur-oriente-celebra-semana-de-la-astronomia\/\",\"name\":\"Con m\u00e1s de mil estudiantes PAR Explora RM Sur Oriente celebra \u201cSemana de la Astronom\u00eda\u201d - RM Sur Oriente\",\"isPartOf\":{\"@id\":\"https:\/\/explora.cl\/rmsuroriente\/#website\"},\"primaryImageOfPage\":{\"@id\":\"https:\/\/explora.cl\/rmsuroriente\/con-mas-de-mil-estudiantes-par-explora-rm-sur-oriente-celebra-semana-de-la-astronomia\/#primaryimage\"},\"image\":{\"@id\":\"https:\/\/explora.cl\/rmsuroriente\/con-mas-de-mil-estudiantes-par-explora-rm-sur-oriente-celebra-semana-de-la-astronomia\/#primaryimage\"},\"thumbnailUrl\":\"https:\/\/explora.cl\/rmsuroriente\/wp-content\/uploads\/sites\/12\/2019\/03\/WhatsApp-Image-2019-03-25-at-15.01.57.jpeg\",\"datePublished\":\"2019-03-25T18:57:02+00:00\",\"dateModified\":\"2019-05-20T17:31:12+00:00\",\"breadcrumb\":{\"@id\":\"https:\/\/explora.cl\/rmsuroriente\/con-mas-de-mil-estudiantes-par-explora-rm-sur-oriente-celebra-semana-de-la-astronomia\/#breadcrumb\"},\"inLanguage\":\"es-CL\",\"potentialAction\":[{\"@type\":\"ReadAction\",\"target\":[\"https:\/\/explora.cl\/rmsuroriente\/con-mas-de-mil-estudiantes-par-explora-rm-sur-oriente-celebra-semana-de-la-astronomia\/\"]}]},{\"@type\":\"ImageObject\",\"inLanguage\":\"es-CL\",\"@id\":\"https:\/\/explora.cl\/rmsuroriente\/con-mas-de-mil-estudiantes-par-explora-rm-sur-oriente-celebra-semana-de-la-astronomia\/#primaryimage\",\"url\":\"https:\/\/explora.cl\/rmsuroriente\/wp-content\/uploads\/sites\/12\/2019\/03\/WhatsApp-Image-2019-03-25-at-15.01.57.jpeg\",\"contentUrl\":\"https:\/\/explora.cl\/rmsuroriente\/wp-content\/uploads\/sites\/12\/2019\/03\/WhatsApp-Image-2019-03-25-at-15.01.57.jpeg\",\"width\":1032,\"height\":774},{\"@type\":\"BreadcrumbList\",\"@id\":\"https:\/\/explora.cl\/rmsuroriente\/con-mas-de-mil-estudiantes-par-explora-rm-sur-oriente-celebra-semana-de-la-astronomia\/#breadcrumb\",\"itemListElement\":[{\"@type\":\"ListItem\",\"position\":1,\"name\":\"Portada\",\"item\":\"https:\/\/explora.cl\/rmsuroriente\/\"},{\"@type\":\"ListItem\",\"position\":2,\"name\":\"Con m\u00e1s de mil estudiantes PAR Explora RM Sur Oriente celebra \u201cSemana de la Astronom\u00eda\u201d\"}]},{\"@type\":\"WebSite\",\"@id\":\"https:\/\/explora.cl\/rmsuroriente\/#website\",\"url\":\"https:\/\/explora.cl\/rmsuroriente\/\",\"name\":\"RM Sur Oriente\",\"description\":\"Otro sitio m\u00e1s de explora.cl\",\"publisher\":{\"@id\":\"https:\/\/explora.cl\/rmsuroriente\/#organization\"},\"potentialAction\":[{\"@type\":\"SearchAction\",\"target\":{\"@type\":\"EntryPoint\",\"urlTemplate\":\"https:\/\/explora.cl\/rmsuroriente\/?s={search_term_string}\"},\"query-input\":{\"@type\":\"PropertyValueSpecification\",\"valueRequired\":true,\"valueName\":\"search_term_string\"}}],\"inLanguage\":\"es-CL\"},{\"@type\":\"Organization\",\"@id\":\"https:\/\/explora.cl\/rmsuroriente\/#organization\",\"name\":\"RM Sur Oriente\",\"url\":\"https:\/\/explora.cl\/rmsuroriente\/\",\"logo\":{\"@type\":\"ImageObject\",\"inLanguage\":\"es-CL\",\"@id\":\"https:\/\/explora.cl\/rmsuroriente\/#\/schema\/logo\/image\/\",\"url\":\"https:\/\/explora.cl\/rmsuroriente\/wp-content\/uploads\/sites\/12\/2025\/04\/cropped-LogoPAR_RMSO-Azul-UC.png\",\"contentUrl\":\"https:\/\/explora.cl\/rmsuroriente\/wp-content\/uploads\/sites\/12\/2025\/04\/cropped-LogoPAR_RMSO-Azul-UC.png\",\"width\":411,\"height\":409,\"caption\":\"RM Sur Oriente\"},\"image\":{\"@id\":\"https:\/\/explora.cl\/rmsuroriente\/#\/schema\/logo\/image\/\"}},{\"@type\":\"Person\",\"@id\":\"https:\/\/explora.cl\/rmsuroriente\/#\/schema\/person\/cb8349c13ea2d324080adf8480d7ba5d\",\"name\":\"webman\",\"image\":{\"@type\":\"ImageObject\",\"inLanguage\":\"es-CL\",\"@id\":\"https:\/\/explora.cl\/rmsuroriente\/#\/schema\/person\/image\/\",\"url\":\"https:\/\/secure.gravatar.com\/avatar\/eeff3c82f2c02f7177d13663b7e6f890e9a6a0647ce9bb29cae02dcb094c7312?s=96&d=mm&r=g\",\"contentUrl\":\"https:\/\/secure.gravatar.com\/avatar\/eeff3c82f2c02f7177d13663b7e6f890e9a6a0647ce9bb29cae02dcb094c7312?s=96&d=mm&r=g\",\"caption\":\"webman\"},\"url\":\"https:\/\/explora.cl\/rmsuroriente\/author\/webman\/\"}]}<\/script>\n<!-- \/ Yoast SEO plugin. -->","yoast_head_json":{"title":"Con m\u00e1s de mil estudiantes PAR Explora RM Sur Oriente celebra \u201cSemana de la Astronom\u00eda\u201d - RM Sur Oriente","robots":{"index":"index","follow":"follow","max-snippet":"max-snippet:-1","max-image-preview":"max-image-preview:large","max-video-preview":"max-video-preview:-1"},"canonical":"https:\/\/explora.cl\/rmsuroriente\/con-mas-de-mil-estudiantes-par-explora-rm-sur-oriente-celebra-semana-de-la-astronomia\/","og_locale":"es_ES","og_type":"article","og_title":"Con m\u00e1s de mil estudiantes PAR Explora RM Sur Oriente celebra \u201cSemana de la Astronom\u00eda\u201d - RM Sur Oriente","og_description":"Entre el 18 y el 22 de marzo, el Proyecto Asociativo Regional (PAR) Explora de CONICYT Regi\u00f3n Metropolitana Zona Sur Oriente, despleg\u00f3 un total de siete charlas en establecimientos educacionales de la zona, en torno a la celebraci\u00f3n del \u201cD\u00eda de la Astronom\u00eda\u201d. El ciclo de charlas astron\u00f3micas contempl\u00f3 a siete cient\u00edficos y cient\u00edficas, que [&hellip;]","og_url":"https:\/\/explora.cl\/rmsuroriente\/con-mas-de-mil-estudiantes-par-explora-rm-sur-oriente-celebra-semana-de-la-astronomia\/","og_site_name":"RM Sur Oriente","article_published_time":"2019-03-25T18:57:02+00:00","article_modified_time":"2019-05-20T17:31:12+00:00","og_image":[{"width":1032,"height":774,"url":"https:\/\/explora.cl\/rmsuroriente\/wp-content\/uploads\/sites\/12\/2019\/03\/WhatsApp-Image-2019-03-25-at-15.01.57.jpeg","type":"image\/jpeg"}],"author":"webman","twitter_card":"summary_large_image","twitter_misc":{"Escrito por":"webman","Tiempo estimado de lectura":"2 minutos"},"schema":{"@context":"https:\/\/schema.org","@graph":[{"@type":"Article","@id":"https:\/\/explora.cl\/rmsuroriente\/con-mas-de-mil-estudiantes-par-explora-rm-sur-oriente-celebra-semana-de-la-astronomia\/#article","isPartOf":{"@id":"https:\/\/explora.cl\/rmsuroriente\/con-mas-de-mil-estudiantes-par-explora-rm-sur-oriente-celebra-semana-de-la-astronomia\/"},"author":{"name":"webman","@id":"https:\/\/explora.cl\/rmsuroriente\/#\/schema\/person\/cb8349c13ea2d324080adf8480d7ba5d"},"headline":"Con m\u00e1s de mil estudiantes PAR Explora RM Sur Oriente celebra \u201cSemana de la Astronom\u00eda\u201d","datePublished":"2019-03-25T18:57:02+00:00","dateModified":"2019-05-20T17:31:12+00:00","mainEntityOfPage":{"@id":"https:\/\/explora.cl\/rmsuroriente\/con-mas-de-mil-estudiantes-par-explora-rm-sur-oriente-celebra-semana-de-la-astronomia\/"},"wordCount":492,"publisher":{"@id":"https:\/\/explora.cl\/rmsuroriente\/#organization"},"image":{"@id":"https:\/\/explora.cl\/rmsuroriente\/con-mas-de-mil-estudiantes-par-explora-rm-sur-oriente-celebra-semana-de-la-astronomia\/#primaryimage"},"thumbnailUrl":"https:\/\/explora.cl\/rmsuroriente\/wp-content\/uploads\/sites\/12\/2019\/03\/WhatsApp-Image-2019-03-25-at-15.01.57.jpeg","articleSection":["Noticias"],"inLanguage":"es-CL"},{"@type":"WebPage","@id":"https:\/\/explora.cl\/rmsuroriente\/con-mas-de-mil-estudiantes-par-explora-rm-sur-oriente-celebra-semana-de-la-astronomia\/","url":"https:\/\/explora.cl\/rmsuroriente\/con-mas-de-mil-estudiantes-par-explora-rm-sur-oriente-celebra-semana-de-la-astronomia\/","name":"Con m\u00e1s de mil estudiantes PAR Explora RM Sur Oriente celebra \u201cSemana de la Astronom\u00eda\u201d - RM Sur Oriente","isPartOf":{"@id":"https:\/\/explora.cl\/rmsuroriente\/#website"},"primaryImageOfPage":{"@id":"https:\/\/explora.cl\/rmsuroriente\/con-mas-de-mil-estudiantes-par-explora-rm-sur-oriente-celebra-semana-de-la-astronomia\/#primaryimage"},"image":{"@id":"https:\/\/explora.cl\/rmsuroriente\/con-mas-de-mil-estudiantes-par-explora-rm-sur-oriente-celebra-semana-de-la-astronomia\/#primaryimage"},"thumbnailUrl":"https:\/\/explora.cl\/rmsuroriente\/wp-content\/uploads\/sites\/12\/2019\/03\/WhatsApp-Image-2019-03-25-at-15.01.57.jpeg","datePublished":"2019-03-25T18:57:02+00:00","dateModified":"2019-05-20T17:31:12+00:00","breadcrumb":{"@id":"https:\/\/explora.cl\/rmsuroriente\/con-mas-de-mil-estudiantes-par-explora-rm-sur-oriente-celebra-semana-de-la-astronomia\/#breadcrumb"},"inLanguage":"es-CL","potentialAction":[{"@type":"ReadAction","target":["https:\/\/explora.cl\/rmsuroriente\/con-mas-de-mil-estudiantes-par-explora-rm-sur-oriente-celebra-semana-de-la-astronomia\/"]}]},{"@type":"ImageObject","inLanguage":"es-CL","@id":"https:\/\/explora.cl\/rmsuroriente\/con-mas-de-mil-estudiantes-par-explora-rm-sur-oriente-celebra-semana-de-la-astronomia\/#primaryimage","url":"https:\/\/explora.cl\/rmsuroriente\/wp-content\/uploads\/sites\/12\/2019\/03\/WhatsApp-Image-2019-03-25-at-15.01.57.jpeg","contentUrl":"https:\/\/explora.cl\/rmsuroriente\/wp-content\/uploads\/sites\/12\/2019\/03\/WhatsApp-Image-2019-03-25-at-15.01.57.jpeg","width":1032,"height":774},{"@type":"BreadcrumbList","@id":"https:\/\/explora.cl\/rmsuroriente\/con-mas-de-mil-estudiantes-par-explora-rm-sur-oriente-celebra-semana-de-la-astronomia\/#breadcrumb","itemListElement":[{"@type":"ListItem","position":1,"name":"Portada","item":"https:\/\/explora.cl\/rmsuroriente\/"},{"@type":"ListItem","position":2,"name":"Con m\u00e1s de mil estudiantes PAR Explora RM Sur Oriente celebra \u201cSemana de la Astronom\u00eda\u201d"}]},{"@type":"WebSite","@id":"https:\/\/explora.cl\/rmsuroriente\/#website","url":"https:\/\/explora.cl\/rmsuroriente\/","name":"RM Sur Oriente","description":"Otro sitio m\u00e1s de explora.cl","publisher":{"@id":"https:\/\/explora.cl\/rmsuroriente\/#organization"},"potentialAction":[{"@type":"SearchAction","target":{"@type":"EntryPoint","urlTemplate":"https:\/\/explora.cl\/rmsuroriente\/?s={search_term_string}"},"query-input":{"@type":"PropertyValueSpecification","valueRequired":true,"valueName":"search_term_string"}}],"inLanguage":"es-CL"},{"@type":"Organization","@id":"https:\/\/explora.cl\/rmsuroriente\/#organization","name":"RM Sur Oriente","url":"https:\/\/explora.cl\/rmsuroriente\/","logo":{"@type":"ImageObject","inLanguage":"es-CL","@id":"https:\/\/explora.cl\/rmsuroriente\/#\/schema\/logo\/image\/","url":"https:\/\/explora.cl\/rmsuroriente\/wp-content\/uploads\/sites\/12\/2025\/04\/cropped-LogoPAR_RMSO-Azul-UC.png","contentUrl":"https:\/\/explora.cl\/rmsuroriente\/wp-content\/uploads\/sites\/12\/2025\/04\/cropped-LogoPAR_RMSO-Azul-UC.png","width":411,"height":409,"caption":"RM Sur Oriente"},"image":{"@id":"https:\/\/explora.cl\/rmsuroriente\/#\/schema\/logo\/image\/"}},{"@type":"Person","@id":"https:\/\/explora.cl\/rmsuroriente\/#\/schema\/person\/cb8349c13ea2d324080adf8480d7ba5d","name":"webman","image":{"@type":"ImageObject","inLanguage":"es-CL","@id":"https:\/\/explora.cl\/rmsuroriente\/#\/schema\/person\/image\/","url":"https:\/\/secure.gravatar.com\/avatar\/eeff3c82f2c02f7177d13663b7e6f890e9a6a0647ce9bb29cae02dcb094c7312?s=96&d=mm&r=g","contentUrl":"https:\/\/secure.gravatar.com\/avatar\/eeff3c82f2c02f7177d13663b7e6f890e9a6a0647ce9bb29cae02dcb094c7312?s=96&d=mm&r=g","caption":"webman"},"url":"https:\/\/explora.cl\/rmsuroriente\/author\/webman\/"}]}},"_links":{"self":[{"href":"https:\/\/explora.cl\/rmsuroriente\/wp-json\/wp\/v2\/posts\/37415","targetHints":{"allow":["GET"]}}],"collection":[{"href":"https:\/\/explora.cl\/rmsuroriente\/wp-json\/wp\/v2\/posts"}],"about":[{"href":"https:\/\/explora.cl\/rmsuroriente\/wp-json\/wp\/v2\/types\/post"}],"author":[{"embeddable":true,"href":"https:\/\/explora.cl\/rmsuroriente\/wp-json\/wp\/v2\/users\/2"}],"replies":[{"embeddable":true,"href":"https:\/\/explora.cl\/rmsuroriente\/wp-json\/wp\/v2\/comments?post=37415"}],"version-history":[{"count":1,"href":"https:\/\/explora.cl\/rmsuroriente\/wp-json\/wp\/v2\/posts\/37415\/revisions"}],"predecessor-version":[{"id":37555,"href":"https:\/\/explora.cl\/rmsuroriente\/wp-json\/wp\/v2\/posts\/37415\/revisions\/37555"}],"wp:featuredmedia":[{"embeddable":true,"href":"https:\/\/explora.cl\/rmsuroriente\/wp-json\/wp\/v2\/media\/37418"}],"wp:attachment":[{"href":"https:\/\/explora.cl\/rmsuroriente\/wp-json\/wp\/v2\/media?parent=37415"}],"wp:term":[{"taxonomy":"category","embeddable":true,"href":"https:\/\/explora.cl\/rmsuroriente\/wp-json\/wp\/v2\/categories?post=37415"},{"taxonomy":"post_tag","embeddable":true,"href":"https:\/\/explora.cl\/rmsuroriente\/wp-json\/wp\/v2\/tags?post=37415"}],"curies":[{"name":"wp","href":"https:\/\/api.w.org\/{rel}","templated":true}]}}