{"id":37314,"date":"2019-01-02T10:04:31","date_gmt":"2019-01-02T14:04:31","guid":{"rendered":"https:\/\/explora.cl\/rmsuroriente\/?p=37314"},"modified":"2019-05-20T17:31:13","modified_gmt":"2019-05-20T17:31:13","slug":"explora-rm-sur-oriente-realiza-desayuno-y-taller-de-cierre-de-ano-con-docentes","status":"publish","type":"post","link":"https:\/\/explora.cl\/rmsuroriente\/explora-rm-sur-oriente-realiza-desayuno-y-taller-de-cierre-de-ano-con-docentes\/","title":{"rendered":"Explora RM Sur Oriente realiza desayuno y taller de cierre de a\u00f1o con docentes"},"content":{"rendered":"<p><img decoding=\"async\" class=\"alignnone size-medium wp-image-37317 alignleft\" src=\"https:\/\/explora.cl\/rmsuroriente\/wp-content\/uploads\/sites\/12\/2019\/01\/tallerprofesweb-300x158.jpg\" alt=\"\" width=\"300\" height=\"158\" srcset=\"https:\/\/explora.cl\/rmsuroriente\/wp-content\/uploads\/sites\/12\/2019\/01\/tallerprofesweb-300x158.jpg 300w, https:\/\/explora.cl\/rmsuroriente\/wp-content\/uploads\/sites\/12\/2019\/01\/tallerprofesweb-768x406.jpg 768w, https:\/\/explora.cl\/rmsuroriente\/wp-content\/uploads\/sites\/12\/2019\/01\/tallerprofesweb.jpg 1000w\" sizes=\"(max-width: 300px) 100vw, 300px\" \/>El martes 18 de diciembre, el Proyecto Asociativo Regional (PAR) Explora de CONICYT Regi\u00f3n Metropolitana Sur Oriente ofreci\u00f3 un desayuno de camarader\u00eda para las y los docentes m\u00e1s participativos de la zona y un taller para conocer sus experiencias con las iniciativas del proyecto.<br \/>\nDurante el encuentro, la Directora del PAR Explora de CONICYT RM Sur Oriente, Carola Guti\u00e9rrez, declar\u00f3 que con el desayuno se busc\u00f3 reconocer la labor que profesores realizan constantemente con sus estudiantes en el aula.\u00a0 \u201cCreemos como equipo que esta es una bonita instancia para cerrar el a\u00f1o y tambi\u00e9n fidelizar lazos para trabajar con ellos mucho tiempo m\u00e1s\u201d.<br \/>\n<img fetchpriority=\"high\" decoding=\"async\" class=\"alignnone size-medium wp-image-37316 alignleft\" src=\"https:\/\/explora.cl\/rmsuroriente\/wp-content\/uploads\/sites\/12\/2019\/01\/profes-webdesa-300x200.jpg\" alt=\"\" width=\"300\" height=\"200\" srcset=\"https:\/\/explora.cl\/rmsuroriente\/wp-content\/uploads\/sites\/12\/2019\/01\/profes-webdesa-300x200.jpg 300w, https:\/\/explora.cl\/rmsuroriente\/wp-content\/uploads\/sites\/12\/2019\/01\/profes-webdesa-768x511.jpg 768w, https:\/\/explora.cl\/rmsuroriente\/wp-content\/uploads\/sites\/12\/2019\/01\/profes-webdesa.jpg 1000w\" sizes=\"(max-width: 300px) 100vw, 300px\" \/>Los docentes pudieron compartir con sus pares y el equipo Explora RM Sur Oriente, en un desayuno realizado en las dependencias de Mundo Granja, en la Facultad de Ciencias Veterinarias y Pecuarias, de la Universidad de Chile, ubicada en la comuna de La Pintana. Posteriormente, profesores y profesoras participaron de un taller con el fin de conocer sus experiencias trabajando con Explora y sus ideas para optimizar el trabajo de ambos a futuro.<br \/>\nEl taller estuvo encabezado por la Encargada de Vinculaci\u00f3n Escolar del PAR Explora RM Sur Oriente, Gricel Gonz\u00e1lez. \u201cRealizamos un taller de mejoramiento de procesos de gesti\u00f3n interna, a partir de los aportes de los docentes, que son el intermediario para todos nuestros beneficiarios. Ellos son quienes mejor conocen las dificultades que implica ejercer las iniciativas e instrumentos en establecimientos educacionales. Adem\u00e1s de ser nuestros profesores m\u00e1s participativos, tienen una visi\u00f3n cr\u00edtica para mejorar ellos, mejorar su entorno y mejorar nuestro trabajo, con varias propuestas que nos realizaron\u201d, detall\u00f3.<br \/>\n<img decoding=\"async\" class=\"alignnone size-medium wp-image-37318 alignleft\" src=\"https:\/\/explora.cl\/rmsuroriente\/wp-content\/uploads\/sites\/12\/2019\/01\/tallerprofesweb2-300x200.jpg\" alt=\"\" width=\"300\" height=\"200\" srcset=\"https:\/\/explora.cl\/rmsuroriente\/wp-content\/uploads\/sites\/12\/2019\/01\/tallerprofesweb2-300x200.jpg 300w, https:\/\/explora.cl\/rmsuroriente\/wp-content\/uploads\/sites\/12\/2019\/01\/tallerprofesweb2-768x511.jpg 768w, https:\/\/explora.cl\/rmsuroriente\/wp-content\/uploads\/sites\/12\/2019\/01\/tallerprofesweb2.jpg 1000w\" sizes=\"(max-width: 300px) 100vw, 300px\" \/>Tras el taller, la profesora del Colegio Merryland de Puente Alto, Andrea Gaete, se\u00f1al\u00f3 que pudo conocer otras actividades del proyecto, motiv\u00e1ndose para realizarlas el pr\u00f3ximo a\u00f1o con sus estudiantes. \u201cEste a\u00f1o trabajamos con academias, fuimos al Congreso y tambi\u00e9n a la feria cient\u00edfica. Y ahora conversando con otros profesores conoc\u00ed otras iniciativas de Explora que me llamaron la atenci\u00f3n\u201d.<br \/>\nPor su parte, el profesor del Colegio El Bosque de Puente Alto, Hugo Pe\u00f1ailillo, explic\u00f3 que estos encuentros son muy productivos para la labor docente. \u201cA veces no sabemos tomar las herramientas que est\u00e1n disponibles. En Explora nos dan mucho apoyo, as\u00ed lo sent\u00ed en los congresos regional y nacional, que adem\u00e1s estuvieron muy bien organizados. Los chiquillos se motivaron much\u00edsimo y se dieron cuenta de que, aunque sus colegios est\u00e9n en comunas vulnerables, hay oportunidades para ellos\u201d.<br \/>\nDesde la misma vereda, la profesora de la Escuela B\u00e1sica N\u00b0 128 de San Ram\u00f3n, Carla Leuenberger, enfatiz\u00f3 que trabajar con Explora era muy significativo para sus estudiantes. \u201cTenemos un alto \u00edndice de vulnerabilidad en la escuela, por lo que cualquier proyecto o recurso que llegue para los ni\u00f1os es muy motivante, pues los hace salir del aula y la rutina. Sabemos que en ciencia el ni\u00f1o tiene que interactuar de forma m\u00e1s concreta. Por eso, este a\u00f1o trabaj\u00e9 con la iniciativa \u00c1lbum, para que los ni\u00f1os pudiesen aprender experimentando\u201d, finaliz\u00f3.<\/p>\n","protected":false},"excerpt":{"rendered":"<p>El martes 18 de diciembre, el Proyecto Asociativo Regional (PAR) Explora de CONICYT Regi\u00f3n Metropolitana Sur Oriente ofreci\u00f3 un desayuno de camarader\u00eda para las y los docentes m\u00e1s participativos de la zona y un taller para conocer sus experiencias con las iniciativas del proyecto. Durante el encuentro, la Directora del PAR Explora de CONICYT RM [&hellip;]<\/p>\n","protected":false},"author":2,"featured_media":37318,"comment_status":"closed","ping_status":"open","sticky":false,"template":"","format":"standard","meta":{"_acf_changed":false,"_exactmetrics_skip_tracking":false,"_exactmetrics_sitenote_active":false,"_exactmetrics_sitenote_note":"","_exactmetrics_sitenote_category":0,"footnotes":"","_links_to":"","_links_to_target":""},"categories":[4],"tags":[197,198,199,200],"class_list":["post-37314","post","type-post","status-publish","format-standard","has-post-thumbnail","hentry","category-noticias","tag-docentes","tag-par-explora-conicyt","tag-profesores","tag-taller"],"acf":[],"yoast_head":"<!-- This site is optimized with the Yoast SEO plugin v26.9 - https:\/\/yoast.com\/product\/yoast-seo-wordpress\/ -->\n<title>Explora RM Sur Oriente realiza desayuno y taller de cierre de a\u00f1o con docentes - RM Sur Oriente<\/title>\n<meta name=\"robots\" content=\"index, follow, max-snippet:-1, max-image-preview:large, max-video-preview:-1\" \/>\n<link rel=\"canonical\" href=\"https:\/\/explora.cl\/rmsuroriente\/explora-rm-sur-oriente-realiza-desayuno-y-taller-de-cierre-de-ano-con-docentes\/\" class=\"yoast-seo-meta-tag\" \/>\n<meta property=\"og:locale\" content=\"es_ES\" class=\"yoast-seo-meta-tag\" \/>\n<meta property=\"og:type\" content=\"article\" class=\"yoast-seo-meta-tag\" \/>\n<meta property=\"og:title\" content=\"Explora RM Sur Oriente realiza desayuno y taller de cierre de a\u00f1o con docentes - RM Sur Oriente\" class=\"yoast-seo-meta-tag\" \/>\n<meta property=\"og:description\" content=\"El martes 18 de diciembre, el Proyecto Asociativo Regional (PAR) Explora de CONICYT Regi\u00f3n Metropolitana Sur Oriente ofreci\u00f3 un desayuno de camarader\u00eda para las y los docentes m\u00e1s participativos de la zona y un taller para conocer sus experiencias con las iniciativas del proyecto. Durante el encuentro, la Directora del PAR Explora de CONICYT RM [&hellip;]\" class=\"yoast-seo-meta-tag\" \/>\n<meta property=\"og:url\" content=\"https:\/\/explora.cl\/rmsuroriente\/explora-rm-sur-oriente-realiza-desayuno-y-taller-de-cierre-de-ano-con-docentes\/\" class=\"yoast-seo-meta-tag\" \/>\n<meta property=\"og:site_name\" content=\"RM Sur Oriente\" class=\"yoast-seo-meta-tag\" \/>\n<meta property=\"article:published_time\" content=\"2019-01-02T14:04:31+00:00\" class=\"yoast-seo-meta-tag\" \/>\n<meta property=\"article:modified_time\" content=\"2019-05-20T17:31:13+00:00\" class=\"yoast-seo-meta-tag\" \/>\n<meta property=\"og:image\" content=\"https:\/\/explora.cl\/rmsuroriente\/wp-content\/uploads\/sites\/12\/2019\/01\/tallerprofesweb2.jpg\" class=\"yoast-seo-meta-tag\" \/>\n\t<meta property=\"og:image:width\" content=\"1000\" class=\"yoast-seo-meta-tag\" \/>\n\t<meta property=\"og:image:height\" content=\"666\" class=\"yoast-seo-meta-tag\" \/>\n\t<meta property=\"og:image:type\" content=\"image\/jpeg\" class=\"yoast-seo-meta-tag\" \/>\n<meta name=\"author\" content=\"webman\" class=\"yoast-seo-meta-tag\" \/>\n<meta name=\"twitter:card\" content=\"summary_large_image\" class=\"yoast-seo-meta-tag\" \/>\n<meta name=\"twitter:label1\" content=\"Escrito por\" class=\"yoast-seo-meta-tag\" \/>\n\t<meta name=\"twitter:data1\" content=\"webman\" class=\"yoast-seo-meta-tag\" \/>\n\t<meta name=\"twitter:label2\" content=\"Tiempo estimado de lectura\" class=\"yoast-seo-meta-tag\" \/>\n\t<meta name=\"twitter:data2\" content=\"3 minutos\" class=\"yoast-seo-meta-tag\" \/>\n<script type=\"application\/ld+json\" class=\"yoast-schema-graph\">{\"@context\":\"https:\/\/schema.org\",\"@graph\":[{\"@type\":\"Article\",\"@id\":\"https:\/\/explora.cl\/rmsuroriente\/explora-rm-sur-oriente-realiza-desayuno-y-taller-de-cierre-de-ano-con-docentes\/#article\",\"isPartOf\":{\"@id\":\"https:\/\/explora.cl\/rmsuroriente\/explora-rm-sur-oriente-realiza-desayuno-y-taller-de-cierre-de-ano-con-docentes\/\"},\"author\":{\"name\":\"webman\",\"@id\":\"https:\/\/explora.cl\/rmsuroriente\/#\/schema\/person\/cb8349c13ea2d324080adf8480d7ba5d\"},\"headline\":\"Explora RM Sur Oriente realiza desayuno y taller de cierre de a\u00f1o con docentes\",\"datePublished\":\"2019-01-02T14:04:31+00:00\",\"dateModified\":\"2019-05-20T17:31:13+00:00\",\"mainEntityOfPage\":{\"@id\":\"https:\/\/explora.cl\/rmsuroriente\/explora-rm-sur-oriente-realiza-desayuno-y-taller-de-cierre-de-ano-con-docentes\/\"},\"wordCount\":541,\"publisher\":{\"@id\":\"https:\/\/explora.cl\/rmsuroriente\/#organization\"},\"image\":{\"@id\":\"https:\/\/explora.cl\/rmsuroriente\/explora-rm-sur-oriente-realiza-desayuno-y-taller-de-cierre-de-ano-con-docentes\/#primaryimage\"},\"thumbnailUrl\":\"https:\/\/explora.cl\/rmsuroriente\/wp-content\/uploads\/sites\/12\/2019\/01\/tallerprofesweb2.jpg\",\"keywords\":[\"docentes\",\"PAR EXPLORA Conicyt\",\"profesores\",\"taller\"],\"articleSection\":[\"Noticias\"],\"inLanguage\":\"es-CL\"},{\"@type\":\"WebPage\",\"@id\":\"https:\/\/explora.cl\/rmsuroriente\/explora-rm-sur-oriente-realiza-desayuno-y-taller-de-cierre-de-ano-con-docentes\/\",\"url\":\"https:\/\/explora.cl\/rmsuroriente\/explora-rm-sur-oriente-realiza-desayuno-y-taller-de-cierre-de-ano-con-docentes\/\",\"name\":\"Explora RM Sur Oriente realiza desayuno y taller de cierre de a\u00f1o con docentes - RM Sur Oriente\",\"isPartOf\":{\"@id\":\"https:\/\/explora.cl\/rmsuroriente\/#website\"},\"primaryImageOfPage\":{\"@id\":\"https:\/\/explora.cl\/rmsuroriente\/explora-rm-sur-oriente-realiza-desayuno-y-taller-de-cierre-de-ano-con-docentes\/#primaryimage\"},\"image\":{\"@id\":\"https:\/\/explora.cl\/rmsuroriente\/explora-rm-sur-oriente-realiza-desayuno-y-taller-de-cierre-de-ano-con-docentes\/#primaryimage\"},\"thumbnailUrl\":\"https:\/\/explora.cl\/rmsuroriente\/wp-content\/uploads\/sites\/12\/2019\/01\/tallerprofesweb2.jpg\",\"datePublished\":\"2019-01-02T14:04:31+00:00\",\"dateModified\":\"2019-05-20T17:31:13+00:00\",\"breadcrumb\":{\"@id\":\"https:\/\/explora.cl\/rmsuroriente\/explora-rm-sur-oriente-realiza-desayuno-y-taller-de-cierre-de-ano-con-docentes\/#breadcrumb\"},\"inLanguage\":\"es-CL\",\"potentialAction\":[{\"@type\":\"ReadAction\",\"target\":[\"https:\/\/explora.cl\/rmsuroriente\/explora-rm-sur-oriente-realiza-desayuno-y-taller-de-cierre-de-ano-con-docentes\/\"]}]},{\"@type\":\"ImageObject\",\"inLanguage\":\"es-CL\",\"@id\":\"https:\/\/explora.cl\/rmsuroriente\/explora-rm-sur-oriente-realiza-desayuno-y-taller-de-cierre-de-ano-con-docentes\/#primaryimage\",\"url\":\"https:\/\/explora.cl\/rmsuroriente\/wp-content\/uploads\/sites\/12\/2019\/01\/tallerprofesweb2.jpg\",\"contentUrl\":\"https:\/\/explora.cl\/rmsuroriente\/wp-content\/uploads\/sites\/12\/2019\/01\/tallerprofesweb2.jpg\",\"width\":1000,\"height\":666},{\"@type\":\"BreadcrumbList\",\"@id\":\"https:\/\/explora.cl\/rmsuroriente\/explora-rm-sur-oriente-realiza-desayuno-y-taller-de-cierre-de-ano-con-docentes\/#breadcrumb\",\"itemListElement\":[{\"@type\":\"ListItem\",\"position\":1,\"name\":\"Portada\",\"item\":\"https:\/\/explora.cl\/rmsuroriente\/\"},{\"@type\":\"ListItem\",\"position\":2,\"name\":\"Explora RM Sur Oriente realiza desayuno y taller de cierre de a\u00f1o con docentes\"}]},{\"@type\":\"WebSite\",\"@id\":\"https:\/\/explora.cl\/rmsuroriente\/#website\",\"url\":\"https:\/\/explora.cl\/rmsuroriente\/\",\"name\":\"RM Sur Oriente\",\"description\":\"Otro sitio m\u00e1s de explora.cl\",\"publisher\":{\"@id\":\"https:\/\/explora.cl\/rmsuroriente\/#organization\"},\"potentialAction\":[{\"@type\":\"SearchAction\",\"target\":{\"@type\":\"EntryPoint\",\"urlTemplate\":\"https:\/\/explora.cl\/rmsuroriente\/?s={search_term_string}\"},\"query-input\":{\"@type\":\"PropertyValueSpecification\",\"valueRequired\":true,\"valueName\":\"search_term_string\"}}],\"inLanguage\":\"es-CL\"},{\"@type\":\"Organization\",\"@id\":\"https:\/\/explora.cl\/rmsuroriente\/#organization\",\"name\":\"RM Sur Oriente\",\"url\":\"https:\/\/explora.cl\/rmsuroriente\/\",\"logo\":{\"@type\":\"ImageObject\",\"inLanguage\":\"es-CL\",\"@id\":\"https:\/\/explora.cl\/rmsuroriente\/#\/schema\/logo\/image\/\",\"url\":\"https:\/\/explora.cl\/rmsuroriente\/wp-content\/uploads\/sites\/12\/2025\/04\/cropped-LogoPAR_RMSO-Azul-UC.png\",\"contentUrl\":\"https:\/\/explora.cl\/rmsuroriente\/wp-content\/uploads\/sites\/12\/2025\/04\/cropped-LogoPAR_RMSO-Azul-UC.png\",\"width\":411,\"height\":409,\"caption\":\"RM Sur Oriente\"},\"image\":{\"@id\":\"https:\/\/explora.cl\/rmsuroriente\/#\/schema\/logo\/image\/\"}},{\"@type\":\"Person\",\"@id\":\"https:\/\/explora.cl\/rmsuroriente\/#\/schema\/person\/cb8349c13ea2d324080adf8480d7ba5d\",\"name\":\"webman\",\"image\":{\"@type\":\"ImageObject\",\"inLanguage\":\"es-CL\",\"@id\":\"https:\/\/explora.cl\/rmsuroriente\/#\/schema\/person\/image\/\",\"url\":\"https:\/\/secure.gravatar.com\/avatar\/eeff3c82f2c02f7177d13663b7e6f890e9a6a0647ce9bb29cae02dcb094c7312?s=96&d=mm&r=g\",\"contentUrl\":\"https:\/\/secure.gravatar.com\/avatar\/eeff3c82f2c02f7177d13663b7e6f890e9a6a0647ce9bb29cae02dcb094c7312?s=96&d=mm&r=g\",\"caption\":\"webman\"},\"url\":\"https:\/\/explora.cl\/rmsuroriente\/author\/webman\/\"}]}<\/script>\n<!-- \/ Yoast SEO plugin. -->","yoast_head_json":{"title":"Explora RM Sur Oriente realiza desayuno y taller de cierre de a\u00f1o con docentes - RM Sur Oriente","robots":{"index":"index","follow":"follow","max-snippet":"max-snippet:-1","max-image-preview":"max-image-preview:large","max-video-preview":"max-video-preview:-1"},"canonical":"https:\/\/explora.cl\/rmsuroriente\/explora-rm-sur-oriente-realiza-desayuno-y-taller-de-cierre-de-ano-con-docentes\/","og_locale":"es_ES","og_type":"article","og_title":"Explora RM Sur Oriente realiza desayuno y taller de cierre de a\u00f1o con docentes - RM Sur Oriente","og_description":"El martes 18 de diciembre, el Proyecto Asociativo Regional (PAR) Explora de CONICYT Regi\u00f3n Metropolitana Sur Oriente ofreci\u00f3 un desayuno de camarader\u00eda para las y los docentes m\u00e1s participativos de la zona y un taller para conocer sus experiencias con las iniciativas del proyecto. Durante el encuentro, la Directora del PAR Explora de CONICYT RM [&hellip;]","og_url":"https:\/\/explora.cl\/rmsuroriente\/explora-rm-sur-oriente-realiza-desayuno-y-taller-de-cierre-de-ano-con-docentes\/","og_site_name":"RM Sur Oriente","article_published_time":"2019-01-02T14:04:31+00:00","article_modified_time":"2019-05-20T17:31:13+00:00","og_image":[{"width":1000,"height":666,"url":"https:\/\/explora.cl\/rmsuroriente\/wp-content\/uploads\/sites\/12\/2019\/01\/tallerprofesweb2.jpg","type":"image\/jpeg"}],"author":"webman","twitter_card":"summary_large_image","twitter_misc":{"Escrito por":"webman","Tiempo estimado de lectura":"3 minutos"},"schema":{"@context":"https:\/\/schema.org","@graph":[{"@type":"Article","@id":"https:\/\/explora.cl\/rmsuroriente\/explora-rm-sur-oriente-realiza-desayuno-y-taller-de-cierre-de-ano-con-docentes\/#article","isPartOf":{"@id":"https:\/\/explora.cl\/rmsuroriente\/explora-rm-sur-oriente-realiza-desayuno-y-taller-de-cierre-de-ano-con-docentes\/"},"author":{"name":"webman","@id":"https:\/\/explora.cl\/rmsuroriente\/#\/schema\/person\/cb8349c13ea2d324080adf8480d7ba5d"},"headline":"Explora RM Sur Oriente realiza desayuno y taller de cierre de a\u00f1o con docentes","datePublished":"2019-01-02T14:04:31+00:00","dateModified":"2019-05-20T17:31:13+00:00","mainEntityOfPage":{"@id":"https:\/\/explora.cl\/rmsuroriente\/explora-rm-sur-oriente-realiza-desayuno-y-taller-de-cierre-de-ano-con-docentes\/"},"wordCount":541,"publisher":{"@id":"https:\/\/explora.cl\/rmsuroriente\/#organization"},"image":{"@id":"https:\/\/explora.cl\/rmsuroriente\/explora-rm-sur-oriente-realiza-desayuno-y-taller-de-cierre-de-ano-con-docentes\/#primaryimage"},"thumbnailUrl":"https:\/\/explora.cl\/rmsuroriente\/wp-content\/uploads\/sites\/12\/2019\/01\/tallerprofesweb2.jpg","keywords":["docentes","PAR EXPLORA Conicyt","profesores","taller"],"articleSection":["Noticias"],"inLanguage":"es-CL"},{"@type":"WebPage","@id":"https:\/\/explora.cl\/rmsuroriente\/explora-rm-sur-oriente-realiza-desayuno-y-taller-de-cierre-de-ano-con-docentes\/","url":"https:\/\/explora.cl\/rmsuroriente\/explora-rm-sur-oriente-realiza-desayuno-y-taller-de-cierre-de-ano-con-docentes\/","name":"Explora RM Sur Oriente realiza desayuno y taller de cierre de a\u00f1o con docentes - RM Sur Oriente","isPartOf":{"@id":"https:\/\/explora.cl\/rmsuroriente\/#website"},"primaryImageOfPage":{"@id":"https:\/\/explora.cl\/rmsuroriente\/explora-rm-sur-oriente-realiza-desayuno-y-taller-de-cierre-de-ano-con-docentes\/#primaryimage"},"image":{"@id":"https:\/\/explora.cl\/rmsuroriente\/explora-rm-sur-oriente-realiza-desayuno-y-taller-de-cierre-de-ano-con-docentes\/#primaryimage"},"thumbnailUrl":"https:\/\/explora.cl\/rmsuroriente\/wp-content\/uploads\/sites\/12\/2019\/01\/tallerprofesweb2.jpg","datePublished":"2019-01-02T14:04:31+00:00","dateModified":"2019-05-20T17:31:13+00:00","breadcrumb":{"@id":"https:\/\/explora.cl\/rmsuroriente\/explora-rm-sur-oriente-realiza-desayuno-y-taller-de-cierre-de-ano-con-docentes\/#breadcrumb"},"inLanguage":"es-CL","potentialAction":[{"@type":"ReadAction","target":["https:\/\/explora.cl\/rmsuroriente\/explora-rm-sur-oriente-realiza-desayuno-y-taller-de-cierre-de-ano-con-docentes\/"]}]},{"@type":"ImageObject","inLanguage":"es-CL","@id":"https:\/\/explora.cl\/rmsuroriente\/explora-rm-sur-oriente-realiza-desayuno-y-taller-de-cierre-de-ano-con-docentes\/#primaryimage","url":"https:\/\/explora.cl\/rmsuroriente\/wp-content\/uploads\/sites\/12\/2019\/01\/tallerprofesweb2.jpg","contentUrl":"https:\/\/explora.cl\/rmsuroriente\/wp-content\/uploads\/sites\/12\/2019\/01\/tallerprofesweb2.jpg","width":1000,"height":666},{"@type":"BreadcrumbList","@id":"https:\/\/explora.cl\/rmsuroriente\/explora-rm-sur-oriente-realiza-desayuno-y-taller-de-cierre-de-ano-con-docentes\/#breadcrumb","itemListElement":[{"@type":"ListItem","position":1,"name":"Portada","item":"https:\/\/explora.cl\/rmsuroriente\/"},{"@type":"ListItem","position":2,"name":"Explora RM Sur Oriente realiza desayuno y taller de cierre de a\u00f1o con docentes"}]},{"@type":"WebSite","@id":"https:\/\/explora.cl\/rmsuroriente\/#website","url":"https:\/\/explora.cl\/rmsuroriente\/","name":"RM Sur Oriente","description":"Otro sitio m\u00e1s de explora.cl","publisher":{"@id":"https:\/\/explora.cl\/rmsuroriente\/#organization"},"potentialAction":[{"@type":"SearchAction","target":{"@type":"EntryPoint","urlTemplate":"https:\/\/explora.cl\/rmsuroriente\/?s={search_term_string}"},"query-input":{"@type":"PropertyValueSpecification","valueRequired":true,"valueName":"search_term_string"}}],"inLanguage":"es-CL"},{"@type":"Organization","@id":"https:\/\/explora.cl\/rmsuroriente\/#organization","name":"RM Sur Oriente","url":"https:\/\/explora.cl\/rmsuroriente\/","logo":{"@type":"ImageObject","inLanguage":"es-CL","@id":"https:\/\/explora.cl\/rmsuroriente\/#\/schema\/logo\/image\/","url":"https:\/\/explora.cl\/rmsuroriente\/wp-content\/uploads\/sites\/12\/2025\/04\/cropped-LogoPAR_RMSO-Azul-UC.png","contentUrl":"https:\/\/explora.cl\/rmsuroriente\/wp-content\/uploads\/sites\/12\/2025\/04\/cropped-LogoPAR_RMSO-Azul-UC.png","width":411,"height":409,"caption":"RM Sur Oriente"},"image":{"@id":"https:\/\/explora.cl\/rmsuroriente\/#\/schema\/logo\/image\/"}},{"@type":"Person","@id":"https:\/\/explora.cl\/rmsuroriente\/#\/schema\/person\/cb8349c13ea2d324080adf8480d7ba5d","name":"webman","image":{"@type":"ImageObject","inLanguage":"es-CL","@id":"https:\/\/explora.cl\/rmsuroriente\/#\/schema\/person\/image\/","url":"https:\/\/secure.gravatar.com\/avatar\/eeff3c82f2c02f7177d13663b7e6f890e9a6a0647ce9bb29cae02dcb094c7312?s=96&d=mm&r=g","contentUrl":"https:\/\/secure.gravatar.com\/avatar\/eeff3c82f2c02f7177d13663b7e6f890e9a6a0647ce9bb29cae02dcb094c7312?s=96&d=mm&r=g","caption":"webman"},"url":"https:\/\/explora.cl\/rmsuroriente\/author\/webman\/"}]}},"_links":{"self":[{"href":"https:\/\/explora.cl\/rmsuroriente\/wp-json\/wp\/v2\/posts\/37314","targetHints":{"allow":["GET"]}}],"collection":[{"href":"https:\/\/explora.cl\/rmsuroriente\/wp-json\/wp\/v2\/posts"}],"about":[{"href":"https:\/\/explora.cl\/rmsuroriente\/wp-json\/wp\/v2\/types\/post"}],"author":[{"embeddable":true,"href":"https:\/\/explora.cl\/rmsuroriente\/wp-json\/wp\/v2\/users\/2"}],"replies":[{"embeddable":true,"href":"https:\/\/explora.cl\/rmsuroriente\/wp-json\/wp\/v2\/comments?post=37314"}],"version-history":[{"count":1,"href":"https:\/\/explora.cl\/rmsuroriente\/wp-json\/wp\/v2\/posts\/37314\/revisions"}],"predecessor-version":[{"id":37559,"href":"https:\/\/explora.cl\/rmsuroriente\/wp-json\/wp\/v2\/posts\/37314\/revisions\/37559"}],"wp:featuredmedia":[{"embeddable":true,"href":"https:\/\/explora.cl\/rmsuroriente\/wp-json\/wp\/v2\/media\/37318"}],"wp:attachment":[{"href":"https:\/\/explora.cl\/rmsuroriente\/wp-json\/wp\/v2\/media?parent=37314"}],"wp:term":[{"taxonomy":"category","embeddable":true,"href":"https:\/\/explora.cl\/rmsuroriente\/wp-json\/wp\/v2\/categories?post=37314"},{"taxonomy":"post_tag","embeddable":true,"href":"https:\/\/explora.cl\/rmsuroriente\/wp-json\/wp\/v2\/tags?post=37314"}],"curies":[{"name":"wp","href":"https:\/\/api.w.org\/{rel}","templated":true}]}}