{"id":37295,"date":"2018-12-19T16:54:40","date_gmt":"2018-12-19T20:54:40","guid":{"rendered":"https:\/\/explora.cl\/rmsuroriente\/?p=37295"},"modified":"2019-05-20T17:31:13","modified_gmt":"2019-05-20T17:31:13","slug":"par-explora-rm-sur-oriente-realiza-laboratorio-juvenil-en-museo-benjamin-vicuna-mackenna","status":"publish","type":"post","link":"https:\/\/explora.cl\/rmsuroriente\/par-explora-rm-sur-oriente-realiza-laboratorio-juvenil-en-museo-benjamin-vicuna-mackenna\/","title":{"rendered":"PAR Explora RM Sur Oriente realiza Laboratorio Juvenil en Museo Benjam\u00edn Vicu\u00f1a Mackenna"},"content":{"rendered":"<p><img fetchpriority=\"high\" decoding=\"async\" class=\"alignnone size-medium wp-image-37296 alignleft\" src=\"https:\/\/explora.cl\/rmsuroriente\/wp-content\/uploads\/sites\/12\/2018\/12\/foto-museo-vicu\u00f1a-web-300x200.jpg\" alt=\"\" width=\"300\" height=\"200\" srcset=\"https:\/\/explora.cl\/rmsuroriente\/wp-content\/uploads\/sites\/12\/2018\/12\/foto-museo-vicu\u00f1a-web-300x200.jpg 300w, https:\/\/explora.cl\/rmsuroriente\/wp-content\/uploads\/sites\/12\/2018\/12\/foto-museo-vicu\u00f1a-web-768x511.jpg 768w, https:\/\/explora.cl\/rmsuroriente\/wp-content\/uploads\/sites\/12\/2018\/12\/foto-museo-vicu\u00f1a-web.jpg 1000w\" sizes=\"(max-width: 300px) 100vw, 300px\" \/>Los d\u00edas 10, 11 y 12 de diciembre, 84 estudiantes del Colegio Almendral de La Florida participaron de un Laboratorio Juvenil de Reflexi\u00f3n y Participaci\u00f3n Ciudadana organizados por el Proyecto Asociativo Regional (PAR) Explora de CONICYT Regi\u00f3n Metropolitana Sur Oriente, junto al \u00a0Museo Benjam\u00edn Vicu\u00f1a Mackenna y el Centro de Investigaci\u00f3n para la Gesti\u00f3n Integrada de Desastres (CIGIDEN).<br \/>\nDurante tres d\u00edas, distintos grupos de estudiantes pudieron recorrer las dependencias del museo y conocer sobre la historia de Benjam\u00edn Vicu\u00f1a Mackenna y parte de su herencia arquitect\u00f3nica en la ciudad de Santiago. Adem\u00e1s, los visitantes participaron de actividades interactivas que evidenciaban, por ejemplo, los visibles cambios en la comuna de Santiago desde la \u00e9poca de Vicu\u00f1a Mackenna hasta nuestros d\u00edas. Esto, mediante un mapa gigante que por un lado mostraba el Santiago actual y por otro el de 1870.<br \/>\n<img decoding=\"async\" class=\"alignnone size-medium wp-image-37297 alignleft\" src=\"https:\/\/explora.cl\/rmsuroriente\/wp-content\/uploads\/sites\/12\/2018\/12\/foto-vicu\u00f1a-web2-300x200.jpg\" alt=\"\" width=\"300\" height=\"200\" srcset=\"https:\/\/explora.cl\/rmsuroriente\/wp-content\/uploads\/sites\/12\/2018\/12\/foto-vicu\u00f1a-web2-300x200.jpg 300w, https:\/\/explora.cl\/rmsuroriente\/wp-content\/uploads\/sites\/12\/2018\/12\/foto-vicu\u00f1a-web2-768x511.jpg 768w, https:\/\/explora.cl\/rmsuroriente\/wp-content\/uploads\/sites\/12\/2018\/12\/foto-vicu\u00f1a-web2.jpg 1000w\" sizes=\"(max-width: 300px) 100vw, 300px\" \/>Para Natalia Gonz\u00e1lez, Encargada de Educaci\u00f3n del museo, estas instancias vinculan el legado urbano de Vicu\u00f1a Mackenna con la ciudad que hoy habitan los estudiantes. \u201cCruzamos el presente con la \u00e9poca de Vicu\u00f1a Mackenna, que vivi\u00f3 en el siglo XIX\u201d, coment\u00f3. Agregando que estos encuentros nacen gracias al trabajo colaborativo entre instituciones. \u201cDesde hace 4 o 5 a\u00f1os que realizamos este laboratorio juvenil junto al PAR Explora de CONICYT RM Sur Oriente, nosotros ponemos los materiales y ellos nos ayudan a traer estudiantes\u201d, puntualiz\u00f3.<br \/>\nOtras de las actividades incluidas en el ciclo fue la charla y taller &#8220;Aprendiendo sobre recuperaci\u00f3n post desastre, jugando&#8221;, impartida por Diana Contreras, investigadora Post Doctoral del CIGIDEN. Para la investigadora, la experiencia fue toda una novedad. \u201cFue muy interesante porque este ejercicio se hab\u00eda hecho antes con profesionales y estudiantes de postgrado, pero nunca con escolares. Fue fascinante conocer sus visiones y saber que est\u00e1n bien preparados ante un desastre. Pues lo que buscamos es esto: medir el nivel de conocimiento de las fases de recuperaci\u00f3n post desastre \u00a0e incentivar la responsabilidad como ciudadanos ante un evento\u201d.<br \/>\n<img decoding=\"async\" class=\"alignnone size-medium wp-image-37298 alignleft\" src=\"https:\/\/explora.cl\/rmsuroriente\/wp-content\/uploads\/sites\/12\/2018\/12\/IMG_1579-300x200.jpg\" alt=\"\" width=\"300\" height=\"200\" srcset=\"https:\/\/explora.cl\/rmsuroriente\/wp-content\/uploads\/sites\/12\/2018\/12\/IMG_1579-300x200.jpg 300w, https:\/\/explora.cl\/rmsuroriente\/wp-content\/uploads\/sites\/12\/2018\/12\/IMG_1579-768x511.jpg 768w, https:\/\/explora.cl\/rmsuroriente\/wp-content\/uploads\/sites\/12\/2018\/12\/IMG_1579.jpg 1000w\" sizes=\"(max-width: 300px) 100vw, 300px\" \/>Por su parte, P\u00eda Uribe, profesora de ciencias del Colegio Almendral, destac\u00f3 la importancia de recordar a las\/os estudiantes el tema de los desastres naturales, especialmente el tema de los sismos. \u201cPara ellos es muy importante informarse sobre desastres naturales, pues esta materia solo se ve en 4to b\u00e1sico y de ah\u00ed no hay m\u00e1s. Por lo que hay que estar recordando, por ejemplo, que somos un pa\u00eds s\u00edsmico\u201d.<br \/>\nEl Laboratorio Juvenil de Reflexi\u00f3n y Participaci\u00f3n Ciudadana, naci\u00f3 con el objetivo de presentar iniciativas ciudadanas replicables, que se vinculen con la participaci\u00f3n; reconocer y comprender los ideales y las pr\u00e1cticas en las que se sustentan la ciudadan\u00eda; y estimular a los estudiantes a participar de manera activa y responsablemente en la sociedad.<\/p>\n","protected":false},"excerpt":{"rendered":"<p>Los d\u00edas 10, 11 y 12 de diciembre, 84 estudiantes del Colegio Almendral de La Florida participaron de un Laboratorio Juvenil de Reflexi\u00f3n y Participaci\u00f3n Ciudadana organizados por el Proyecto Asociativo Regional (PAR) Explora de CONICYT Regi\u00f3n Metropolitana Sur Oriente, junto al \u00a0Museo Benjam\u00edn Vicu\u00f1a Mackenna y el Centro de Investigaci\u00f3n para la Gesti\u00f3n Integrada [&hellip;]<\/p>\n","protected":false},"author":2,"featured_media":37296,"comment_status":"closed","ping_status":"open","sticky":false,"template":"","format":"standard","meta":{"_acf_changed":false,"_exactmetrics_skip_tracking":false,"_exactmetrics_sitenote_active":false,"_exactmetrics_sitenote_note":"","_exactmetrics_sitenote_category":0,"footnotes":"","_links_to":"","_links_to_target":""},"categories":[4],"tags":[195,196],"class_list":["post-37295","post","type-post","status-publish","format-standard","has-post-thumbnail","hentry","category-noticias","tag-cigiden","tag-museo-benjamin-vicuna-mackenna"],"acf":[],"yoast_head":"<!-- This site is optimized with the Yoast SEO plugin v26.9 - https:\/\/yoast.com\/product\/yoast-seo-wordpress\/ -->\n<title>PAR Explora RM Sur Oriente realiza Laboratorio Juvenil en Museo Benjam\u00edn Vicu\u00f1a Mackenna - RM Sur Oriente<\/title>\n<meta name=\"robots\" content=\"index, follow, max-snippet:-1, max-image-preview:large, max-video-preview:-1\" \/>\n<link rel=\"canonical\" href=\"https:\/\/explora.cl\/rmsuroriente\/par-explora-rm-sur-oriente-realiza-laboratorio-juvenil-en-museo-benjamin-vicuna-mackenna\/\" class=\"yoast-seo-meta-tag\" \/>\n<meta property=\"og:locale\" content=\"es_ES\" class=\"yoast-seo-meta-tag\" \/>\n<meta property=\"og:type\" content=\"article\" class=\"yoast-seo-meta-tag\" \/>\n<meta property=\"og:title\" content=\"PAR Explora RM Sur Oriente realiza Laboratorio Juvenil en Museo Benjam\u00edn Vicu\u00f1a Mackenna - RM Sur Oriente\" class=\"yoast-seo-meta-tag\" \/>\n<meta property=\"og:description\" content=\"Los d\u00edas 10, 11 y 12 de diciembre, 84 estudiantes del Colegio Almendral de La Florida participaron de un Laboratorio Juvenil de Reflexi\u00f3n y Participaci\u00f3n Ciudadana organizados por el Proyecto Asociativo Regional (PAR) Explora de CONICYT Regi\u00f3n Metropolitana Sur Oriente, junto al \u00a0Museo Benjam\u00edn Vicu\u00f1a Mackenna y el Centro de Investigaci\u00f3n para la Gesti\u00f3n Integrada [&hellip;]\" class=\"yoast-seo-meta-tag\" \/>\n<meta property=\"og:url\" content=\"https:\/\/explora.cl\/rmsuroriente\/par-explora-rm-sur-oriente-realiza-laboratorio-juvenil-en-museo-benjamin-vicuna-mackenna\/\" class=\"yoast-seo-meta-tag\" \/>\n<meta property=\"og:site_name\" content=\"RM Sur Oriente\" class=\"yoast-seo-meta-tag\" \/>\n<meta property=\"article:published_time\" content=\"2018-12-19T20:54:40+00:00\" class=\"yoast-seo-meta-tag\" \/>\n<meta property=\"article:modified_time\" content=\"2019-05-20T17:31:13+00:00\" class=\"yoast-seo-meta-tag\" \/>\n<meta property=\"og:image\" content=\"https:\/\/explora.cl\/rmsuroriente\/wp-content\/uploads\/sites\/12\/2018\/12\/foto-museo-vicu\u00f1a-web.jpg\" class=\"yoast-seo-meta-tag\" \/>\n\t<meta property=\"og:image:width\" content=\"1000\" class=\"yoast-seo-meta-tag\" \/>\n\t<meta property=\"og:image:height\" content=\"666\" class=\"yoast-seo-meta-tag\" \/>\n\t<meta property=\"og:image:type\" content=\"image\/jpeg\" class=\"yoast-seo-meta-tag\" \/>\n<meta name=\"author\" content=\"webman\" class=\"yoast-seo-meta-tag\" \/>\n<meta name=\"twitter:card\" content=\"summary_large_image\" class=\"yoast-seo-meta-tag\" \/>\n<meta name=\"twitter:label1\" content=\"Escrito por\" class=\"yoast-seo-meta-tag\" \/>\n\t<meta name=\"twitter:data1\" content=\"webman\" class=\"yoast-seo-meta-tag\" \/>\n\t<meta name=\"twitter:label2\" content=\"Tiempo estimado de lectura\" class=\"yoast-seo-meta-tag\" \/>\n\t<meta name=\"twitter:data2\" content=\"2 minutos\" class=\"yoast-seo-meta-tag\" \/>\n<script type=\"application\/ld+json\" class=\"yoast-schema-graph\">{\"@context\":\"https:\/\/schema.org\",\"@graph\":[{\"@type\":\"Article\",\"@id\":\"https:\/\/explora.cl\/rmsuroriente\/par-explora-rm-sur-oriente-realiza-laboratorio-juvenil-en-museo-benjamin-vicuna-mackenna\/#article\",\"isPartOf\":{\"@id\":\"https:\/\/explora.cl\/rmsuroriente\/par-explora-rm-sur-oriente-realiza-laboratorio-juvenil-en-museo-benjamin-vicuna-mackenna\/\"},\"author\":{\"name\":\"webman\",\"@id\":\"https:\/\/explora.cl\/rmsuroriente\/#\/schema\/person\/cb8349c13ea2d324080adf8480d7ba5d\"},\"headline\":\"PAR Explora RM Sur Oriente realiza Laboratorio Juvenil en Museo Benjam\u00edn Vicu\u00f1a Mackenna\",\"datePublished\":\"2018-12-19T20:54:40+00:00\",\"dateModified\":\"2019-05-20T17:31:13+00:00\",\"mainEntityOfPage\":{\"@id\":\"https:\/\/explora.cl\/rmsuroriente\/par-explora-rm-sur-oriente-realiza-laboratorio-juvenil-en-museo-benjamin-vicuna-mackenna\/\"},\"wordCount\":485,\"publisher\":{\"@id\":\"https:\/\/explora.cl\/rmsuroriente\/#organization\"},\"image\":{\"@id\":\"https:\/\/explora.cl\/rmsuroriente\/par-explora-rm-sur-oriente-realiza-laboratorio-juvenil-en-museo-benjamin-vicuna-mackenna\/#primaryimage\"},\"thumbnailUrl\":\"https:\/\/explora.cl\/rmsuroriente\/wp-content\/uploads\/sites\/12\/2018\/12\/foto-museo-vicu\u00f1a-web.jpg\",\"keywords\":[\"cigiden\",\"museo benjamin vicu\u00f1a mackenna\"],\"articleSection\":[\"Noticias\"],\"inLanguage\":\"es-CL\"},{\"@type\":\"WebPage\",\"@id\":\"https:\/\/explora.cl\/rmsuroriente\/par-explora-rm-sur-oriente-realiza-laboratorio-juvenil-en-museo-benjamin-vicuna-mackenna\/\",\"url\":\"https:\/\/explora.cl\/rmsuroriente\/par-explora-rm-sur-oriente-realiza-laboratorio-juvenil-en-museo-benjamin-vicuna-mackenna\/\",\"name\":\"PAR Explora RM Sur Oriente realiza Laboratorio Juvenil en Museo Benjam\u00edn Vicu\u00f1a Mackenna - RM Sur Oriente\",\"isPartOf\":{\"@id\":\"https:\/\/explora.cl\/rmsuroriente\/#website\"},\"primaryImageOfPage\":{\"@id\":\"https:\/\/explora.cl\/rmsuroriente\/par-explora-rm-sur-oriente-realiza-laboratorio-juvenil-en-museo-benjamin-vicuna-mackenna\/#primaryimage\"},\"image\":{\"@id\":\"https:\/\/explora.cl\/rmsuroriente\/par-explora-rm-sur-oriente-realiza-laboratorio-juvenil-en-museo-benjamin-vicuna-mackenna\/#primaryimage\"},\"thumbnailUrl\":\"https:\/\/explora.cl\/rmsuroriente\/wp-content\/uploads\/sites\/12\/2018\/12\/foto-museo-vicu\u00f1a-web.jpg\",\"datePublished\":\"2018-12-19T20:54:40+00:00\",\"dateModified\":\"2019-05-20T17:31:13+00:00\",\"breadcrumb\":{\"@id\":\"https:\/\/explora.cl\/rmsuroriente\/par-explora-rm-sur-oriente-realiza-laboratorio-juvenil-en-museo-benjamin-vicuna-mackenna\/#breadcrumb\"},\"inLanguage\":\"es-CL\",\"potentialAction\":[{\"@type\":\"ReadAction\",\"target\":[\"https:\/\/explora.cl\/rmsuroriente\/par-explora-rm-sur-oriente-realiza-laboratorio-juvenil-en-museo-benjamin-vicuna-mackenna\/\"]}]},{\"@type\":\"ImageObject\",\"inLanguage\":\"es-CL\",\"@id\":\"https:\/\/explora.cl\/rmsuroriente\/par-explora-rm-sur-oriente-realiza-laboratorio-juvenil-en-museo-benjamin-vicuna-mackenna\/#primaryimage\",\"url\":\"https:\/\/explora.cl\/rmsuroriente\/wp-content\/uploads\/sites\/12\/2018\/12\/foto-museo-vicu\u00f1a-web.jpg\",\"contentUrl\":\"https:\/\/explora.cl\/rmsuroriente\/wp-content\/uploads\/sites\/12\/2018\/12\/foto-museo-vicu\u00f1a-web.jpg\",\"width\":1000,\"height\":666},{\"@type\":\"BreadcrumbList\",\"@id\":\"https:\/\/explora.cl\/rmsuroriente\/par-explora-rm-sur-oriente-realiza-laboratorio-juvenil-en-museo-benjamin-vicuna-mackenna\/#breadcrumb\",\"itemListElement\":[{\"@type\":\"ListItem\",\"position\":1,\"name\":\"Portada\",\"item\":\"https:\/\/explora.cl\/rmsuroriente\/\"},{\"@type\":\"ListItem\",\"position\":2,\"name\":\"PAR Explora RM Sur Oriente realiza Laboratorio Juvenil en Museo Benjam\u00edn Vicu\u00f1a Mackenna\"}]},{\"@type\":\"WebSite\",\"@id\":\"https:\/\/explora.cl\/rmsuroriente\/#website\",\"url\":\"https:\/\/explora.cl\/rmsuroriente\/\",\"name\":\"RM Sur Oriente\",\"description\":\"Otro sitio m\u00e1s de explora.cl\",\"publisher\":{\"@id\":\"https:\/\/explora.cl\/rmsuroriente\/#organization\"},\"potentialAction\":[{\"@type\":\"SearchAction\",\"target\":{\"@type\":\"EntryPoint\",\"urlTemplate\":\"https:\/\/explora.cl\/rmsuroriente\/?s={search_term_string}\"},\"query-input\":{\"@type\":\"PropertyValueSpecification\",\"valueRequired\":true,\"valueName\":\"search_term_string\"}}],\"inLanguage\":\"es-CL\"},{\"@type\":\"Organization\",\"@id\":\"https:\/\/explora.cl\/rmsuroriente\/#organization\",\"name\":\"RM Sur Oriente\",\"url\":\"https:\/\/explora.cl\/rmsuroriente\/\",\"logo\":{\"@type\":\"ImageObject\",\"inLanguage\":\"es-CL\",\"@id\":\"https:\/\/explora.cl\/rmsuroriente\/#\/schema\/logo\/image\/\",\"url\":\"https:\/\/explora.cl\/rmsuroriente\/wp-content\/uploads\/sites\/12\/2025\/04\/cropped-LogoPAR_RMSO-Azul-UC.png\",\"contentUrl\":\"https:\/\/explora.cl\/rmsuroriente\/wp-content\/uploads\/sites\/12\/2025\/04\/cropped-LogoPAR_RMSO-Azul-UC.png\",\"width\":411,\"height\":409,\"caption\":\"RM Sur Oriente\"},\"image\":{\"@id\":\"https:\/\/explora.cl\/rmsuroriente\/#\/schema\/logo\/image\/\"}},{\"@type\":\"Person\",\"@id\":\"https:\/\/explora.cl\/rmsuroriente\/#\/schema\/person\/cb8349c13ea2d324080adf8480d7ba5d\",\"name\":\"webman\",\"image\":{\"@type\":\"ImageObject\",\"inLanguage\":\"es-CL\",\"@id\":\"https:\/\/explora.cl\/rmsuroriente\/#\/schema\/person\/image\/\",\"url\":\"https:\/\/secure.gravatar.com\/avatar\/eeff3c82f2c02f7177d13663b7e6f890e9a6a0647ce9bb29cae02dcb094c7312?s=96&d=mm&r=g\",\"contentUrl\":\"https:\/\/secure.gravatar.com\/avatar\/eeff3c82f2c02f7177d13663b7e6f890e9a6a0647ce9bb29cae02dcb094c7312?s=96&d=mm&r=g\",\"caption\":\"webman\"},\"url\":\"https:\/\/explora.cl\/rmsuroriente\/author\/webman\/\"}]}<\/script>\n<!-- \/ Yoast SEO plugin. -->","yoast_head_json":{"title":"PAR Explora RM Sur Oriente realiza Laboratorio Juvenil en Museo Benjam\u00edn Vicu\u00f1a Mackenna - RM Sur Oriente","robots":{"index":"index","follow":"follow","max-snippet":"max-snippet:-1","max-image-preview":"max-image-preview:large","max-video-preview":"max-video-preview:-1"},"canonical":"https:\/\/explora.cl\/rmsuroriente\/par-explora-rm-sur-oriente-realiza-laboratorio-juvenil-en-museo-benjamin-vicuna-mackenna\/","og_locale":"es_ES","og_type":"article","og_title":"PAR Explora RM Sur Oriente realiza Laboratorio Juvenil en Museo Benjam\u00edn Vicu\u00f1a Mackenna - RM Sur Oriente","og_description":"Los d\u00edas 10, 11 y 12 de diciembre, 84 estudiantes del Colegio Almendral de La Florida participaron de un Laboratorio Juvenil de Reflexi\u00f3n y Participaci\u00f3n Ciudadana organizados por el Proyecto Asociativo Regional (PAR) Explora de CONICYT Regi\u00f3n Metropolitana Sur Oriente, junto al \u00a0Museo Benjam\u00edn Vicu\u00f1a Mackenna y el Centro de Investigaci\u00f3n para la Gesti\u00f3n Integrada [&hellip;]","og_url":"https:\/\/explora.cl\/rmsuroriente\/par-explora-rm-sur-oriente-realiza-laboratorio-juvenil-en-museo-benjamin-vicuna-mackenna\/","og_site_name":"RM Sur Oriente","article_published_time":"2018-12-19T20:54:40+00:00","article_modified_time":"2019-05-20T17:31:13+00:00","og_image":[{"width":1000,"height":666,"url":"https:\/\/explora.cl\/rmsuroriente\/wp-content\/uploads\/sites\/12\/2018\/12\/foto-museo-vicu\u00f1a-web.jpg","type":"image\/jpeg"}],"author":"webman","twitter_card":"summary_large_image","twitter_misc":{"Escrito por":"webman","Tiempo estimado de lectura":"2 minutos"},"schema":{"@context":"https:\/\/schema.org","@graph":[{"@type":"Article","@id":"https:\/\/explora.cl\/rmsuroriente\/par-explora-rm-sur-oriente-realiza-laboratorio-juvenil-en-museo-benjamin-vicuna-mackenna\/#article","isPartOf":{"@id":"https:\/\/explora.cl\/rmsuroriente\/par-explora-rm-sur-oriente-realiza-laboratorio-juvenil-en-museo-benjamin-vicuna-mackenna\/"},"author":{"name":"webman","@id":"https:\/\/explora.cl\/rmsuroriente\/#\/schema\/person\/cb8349c13ea2d324080adf8480d7ba5d"},"headline":"PAR Explora RM Sur Oriente realiza Laboratorio Juvenil en Museo Benjam\u00edn Vicu\u00f1a Mackenna","datePublished":"2018-12-19T20:54:40+00:00","dateModified":"2019-05-20T17:31:13+00:00","mainEntityOfPage":{"@id":"https:\/\/explora.cl\/rmsuroriente\/par-explora-rm-sur-oriente-realiza-laboratorio-juvenil-en-museo-benjamin-vicuna-mackenna\/"},"wordCount":485,"publisher":{"@id":"https:\/\/explora.cl\/rmsuroriente\/#organization"},"image":{"@id":"https:\/\/explora.cl\/rmsuroriente\/par-explora-rm-sur-oriente-realiza-laboratorio-juvenil-en-museo-benjamin-vicuna-mackenna\/#primaryimage"},"thumbnailUrl":"https:\/\/explora.cl\/rmsuroriente\/wp-content\/uploads\/sites\/12\/2018\/12\/foto-museo-vicu\u00f1a-web.jpg","keywords":["cigiden","museo benjamin vicu\u00f1a mackenna"],"articleSection":["Noticias"],"inLanguage":"es-CL"},{"@type":"WebPage","@id":"https:\/\/explora.cl\/rmsuroriente\/par-explora-rm-sur-oriente-realiza-laboratorio-juvenil-en-museo-benjamin-vicuna-mackenna\/","url":"https:\/\/explora.cl\/rmsuroriente\/par-explora-rm-sur-oriente-realiza-laboratorio-juvenil-en-museo-benjamin-vicuna-mackenna\/","name":"PAR Explora RM Sur Oriente realiza Laboratorio Juvenil en Museo Benjam\u00edn Vicu\u00f1a Mackenna - RM Sur Oriente","isPartOf":{"@id":"https:\/\/explora.cl\/rmsuroriente\/#website"},"primaryImageOfPage":{"@id":"https:\/\/explora.cl\/rmsuroriente\/par-explora-rm-sur-oriente-realiza-laboratorio-juvenil-en-museo-benjamin-vicuna-mackenna\/#primaryimage"},"image":{"@id":"https:\/\/explora.cl\/rmsuroriente\/par-explora-rm-sur-oriente-realiza-laboratorio-juvenil-en-museo-benjamin-vicuna-mackenna\/#primaryimage"},"thumbnailUrl":"https:\/\/explora.cl\/rmsuroriente\/wp-content\/uploads\/sites\/12\/2018\/12\/foto-museo-vicu\u00f1a-web.jpg","datePublished":"2018-12-19T20:54:40+00:00","dateModified":"2019-05-20T17:31:13+00:00","breadcrumb":{"@id":"https:\/\/explora.cl\/rmsuroriente\/par-explora-rm-sur-oriente-realiza-laboratorio-juvenil-en-museo-benjamin-vicuna-mackenna\/#breadcrumb"},"inLanguage":"es-CL","potentialAction":[{"@type":"ReadAction","target":["https:\/\/explora.cl\/rmsuroriente\/par-explora-rm-sur-oriente-realiza-laboratorio-juvenil-en-museo-benjamin-vicuna-mackenna\/"]}]},{"@type":"ImageObject","inLanguage":"es-CL","@id":"https:\/\/explora.cl\/rmsuroriente\/par-explora-rm-sur-oriente-realiza-laboratorio-juvenil-en-museo-benjamin-vicuna-mackenna\/#primaryimage","url":"https:\/\/explora.cl\/rmsuroriente\/wp-content\/uploads\/sites\/12\/2018\/12\/foto-museo-vicu\u00f1a-web.jpg","contentUrl":"https:\/\/explora.cl\/rmsuroriente\/wp-content\/uploads\/sites\/12\/2018\/12\/foto-museo-vicu\u00f1a-web.jpg","width":1000,"height":666},{"@type":"BreadcrumbList","@id":"https:\/\/explora.cl\/rmsuroriente\/par-explora-rm-sur-oriente-realiza-laboratorio-juvenil-en-museo-benjamin-vicuna-mackenna\/#breadcrumb","itemListElement":[{"@type":"ListItem","position":1,"name":"Portada","item":"https:\/\/explora.cl\/rmsuroriente\/"},{"@type":"ListItem","position":2,"name":"PAR Explora RM Sur Oriente realiza Laboratorio Juvenil en Museo Benjam\u00edn Vicu\u00f1a Mackenna"}]},{"@type":"WebSite","@id":"https:\/\/explora.cl\/rmsuroriente\/#website","url":"https:\/\/explora.cl\/rmsuroriente\/","name":"RM Sur Oriente","description":"Otro sitio m\u00e1s de explora.cl","publisher":{"@id":"https:\/\/explora.cl\/rmsuroriente\/#organization"},"potentialAction":[{"@type":"SearchAction","target":{"@type":"EntryPoint","urlTemplate":"https:\/\/explora.cl\/rmsuroriente\/?s={search_term_string}"},"query-input":{"@type":"PropertyValueSpecification","valueRequired":true,"valueName":"search_term_string"}}],"inLanguage":"es-CL"},{"@type":"Organization","@id":"https:\/\/explora.cl\/rmsuroriente\/#organization","name":"RM Sur Oriente","url":"https:\/\/explora.cl\/rmsuroriente\/","logo":{"@type":"ImageObject","inLanguage":"es-CL","@id":"https:\/\/explora.cl\/rmsuroriente\/#\/schema\/logo\/image\/","url":"https:\/\/explora.cl\/rmsuroriente\/wp-content\/uploads\/sites\/12\/2025\/04\/cropped-LogoPAR_RMSO-Azul-UC.png","contentUrl":"https:\/\/explora.cl\/rmsuroriente\/wp-content\/uploads\/sites\/12\/2025\/04\/cropped-LogoPAR_RMSO-Azul-UC.png","width":411,"height":409,"caption":"RM Sur Oriente"},"image":{"@id":"https:\/\/explora.cl\/rmsuroriente\/#\/schema\/logo\/image\/"}},{"@type":"Person","@id":"https:\/\/explora.cl\/rmsuroriente\/#\/schema\/person\/cb8349c13ea2d324080adf8480d7ba5d","name":"webman","image":{"@type":"ImageObject","inLanguage":"es-CL","@id":"https:\/\/explora.cl\/rmsuroriente\/#\/schema\/person\/image\/","url":"https:\/\/secure.gravatar.com\/avatar\/eeff3c82f2c02f7177d13663b7e6f890e9a6a0647ce9bb29cae02dcb094c7312?s=96&d=mm&r=g","contentUrl":"https:\/\/secure.gravatar.com\/avatar\/eeff3c82f2c02f7177d13663b7e6f890e9a6a0647ce9bb29cae02dcb094c7312?s=96&d=mm&r=g","caption":"webman"},"url":"https:\/\/explora.cl\/rmsuroriente\/author\/webman\/"}]}},"_links":{"self":[{"href":"https:\/\/explora.cl\/rmsuroriente\/wp-json\/wp\/v2\/posts\/37295","targetHints":{"allow":["GET"]}}],"collection":[{"href":"https:\/\/explora.cl\/rmsuroriente\/wp-json\/wp\/v2\/posts"}],"about":[{"href":"https:\/\/explora.cl\/rmsuroriente\/wp-json\/wp\/v2\/types\/post"}],"author":[{"embeddable":true,"href":"https:\/\/explora.cl\/rmsuroriente\/wp-json\/wp\/v2\/users\/2"}],"replies":[{"embeddable":true,"href":"https:\/\/explora.cl\/rmsuroriente\/wp-json\/wp\/v2\/comments?post=37295"}],"version-history":[{"count":1,"href":"https:\/\/explora.cl\/rmsuroriente\/wp-json\/wp\/v2\/posts\/37295\/revisions"}],"predecessor-version":[{"id":37561,"href":"https:\/\/explora.cl\/rmsuroriente\/wp-json\/wp\/v2\/posts\/37295\/revisions\/37561"}],"wp:featuredmedia":[{"embeddable":true,"href":"https:\/\/explora.cl\/rmsuroriente\/wp-json\/wp\/v2\/media\/37296"}],"wp:attachment":[{"href":"https:\/\/explora.cl\/rmsuroriente\/wp-json\/wp\/v2\/media?parent=37295"}],"wp:term":[{"taxonomy":"category","embeddable":true,"href":"https:\/\/explora.cl\/rmsuroriente\/wp-json\/wp\/v2\/categories?post=37295"},{"taxonomy":"post_tag","embeddable":true,"href":"https:\/\/explora.cl\/rmsuroriente\/wp-json\/wp\/v2\/tags?post=37295"}],"curies":[{"name":"wp","href":"https:\/\/api.w.org\/{rel}","templated":true}]}}