{"id":37277,"date":"2018-12-13T13:09:44","date_gmt":"2018-12-13T17:09:44","guid":{"rendered":"https:\/\/explora.cl\/rmsuroriente\/?p=37277"},"modified":"2019-05-20T17:31:14","modified_gmt":"2019-05-20T17:31:14","slug":"cientos-de-estudiantes-fueron-parte-de-la-feria-cientifica-tecnologica-de-los-aprendizajes-de-la-comuna-de-la-granja","status":"publish","type":"post","link":"https:\/\/explora.cl\/rmsuroriente\/cientos-de-estudiantes-fueron-parte-de-la-feria-cientifica-tecnologica-de-los-aprendizajes-de-la-comuna-de-la-granja\/","title":{"rendered":"Cientos de asistentes tuvo la Feria Cient\u00edfica Tecnol\u00f3gica de los Aprendizajes de la comuna de La Granja"},"content":{"rendered":"<p><img fetchpriority=\"high\" decoding=\"async\" class=\"alignnone size-medium wp-image-37281 alignleft\" src=\"https:\/\/explora.cl\/rmsuroriente\/wp-content\/uploads\/sites\/12\/2018\/12\/chi-300x213.jpeg\" alt=\"\" width=\"300\" height=\"213\" srcset=\"https:\/\/explora.cl\/rmsuroriente\/wp-content\/uploads\/sites\/12\/2018\/12\/chi-300x213.jpeg 300w, https:\/\/explora.cl\/rmsuroriente\/wp-content\/uploads\/sites\/12\/2018\/12\/chi.jpeg 762w\" sizes=\"(max-width: 300px) 100vw, 300px\" \/><br \/>\n<span lang=\"ES-CL\">Cerca de 400 personas participaron de la Feria Cient\u00edfica Tecnol\u00f3gica de los Aprendizajes, que realiz\u00f3 el municipio de La Granja y el PAR Explora de CONICYT RM Sur Oriente el jueves 6 de diciembre, en la P\u00e9rgola Municipal, ubicada en Av. Santa Rosa 9014.<\/span><br \/>\n<span lang=\"ES-CL\">La feria cont\u00f3 con una variedad de espacios con experiencias y proyectos cient\u00edfico tecnol\u00f3gico preparados por estudiantes y profesores de distintas escuelas municipales de la comuna, adem\u00e1s de instituciones ligadas a la educaci\u00f3n como la Universidad T\u00e9cnica Federico Santa Mar\u00eda, la Universidad de Las Am\u00e9ricas (UDLA) y el espacio del PAR Explora de CONICYT RM Sur Oriente, con el \u201cmuro de las preguntas\u201d.<\/span><br \/>\n<span lang=\"ES-CL\">En este contexto, Christopher \u00c1lvarez, profesor y encargado de Ciencia y Tecnolog\u00eda del Liceo Pablo Neruda de La Granja, valor\u00f3 que la actividad se distinguiera de la tendencia actual de la ense\u00f1anza formal. \u201cLa idea de nuestro proyecto es hacerlo al rev\u00e9s de c\u00f3mo se ense\u00f1a hoy, ya que buscamos que la pr\u00e1ctica lleve a los contenidos. Esto surgi\u00f3 en un taller de estudiantes, donde naci\u00f3 la idea de utilizar desechos para construir cosas ligadas a la tecnolog\u00eda y en ese proceso ir ense\u00f1ando ciencias. As\u00ed construyeron una mano rob\u00f3tica, un cargador solar y otras cosas muy importantes para aprender ciencias\u201d, afirm\u00f3.<\/span><\/p>\n<p style=\"text-align: left\"><span lang=\"ES-CL\"><img decoding=\"async\" class=\"alignnone size-medium wp-image-37280 alignright\" src=\"https:\/\/explora.cl\/rmsuroriente\/wp-content\/uploads\/sites\/12\/2018\/12\/WhatsApp-Image-2018-12-06-at-10.28.23-300x290.jpeg\" alt=\"\" width=\"300\" height=\"290\" srcset=\"https:\/\/explora.cl\/rmsuroriente\/wp-content\/uploads\/sites\/12\/2018\/12\/WhatsApp-Image-2018-12-06-at-10.28.23-300x290.jpeg 300w, https:\/\/explora.cl\/rmsuroriente\/wp-content\/uploads\/sites\/12\/2018\/12\/WhatsApp-Image-2018-12-06-at-10.28.23-768x742.jpeg 768w, https:\/\/explora.cl\/rmsuroriente\/wp-content\/uploads\/sites\/12\/2018\/12\/WhatsApp-Image-2018-12-06-at-10.28.23-1024x989.jpeg 1024w, https:\/\/explora.cl\/rmsuroriente\/wp-content\/uploads\/sites\/12\/2018\/12\/WhatsApp-Image-2018-12-06-at-10.28.23.jpeg 1080w\" sizes=\"(max-width: 300px) 100vw, 300px\" \/>Los docentes tambi\u00e9n pudieron participar de charlas especiales para ellos, realizada por profesionales del \u00e1rea educativa de la UDLA. Pablo Figueroa, Director del Instituto de Ciencias Naturales de dicha casa de estudios, explic\u00f3 que participar en este tipo de instancias es parte de formaci\u00f3n de los estudiantes de Pedagog\u00eda en Biolog\u00eda y Ciencias Naturales, que dentro de su perfil de egreso deben ser capaces de desarrollar las habilidades del pensamiento cient\u00edfico en los estudiantes de ense\u00f1anza b\u00e1sica y media. \u201cCreemos que la educaci\u00f3n cient\u00edfica apunta fundamentalmente al desarrollo de habilidades del pensamiento cient\u00edfico, m\u00e1s que al contenido\u201d.<\/span><\/p>\n<p><span lang=\"ES-CL\">La Feria Cient\u00edfica Tecnol\u00f3gica de los Aprendizajes de la comuna de La Granja es parte de un gran proyecto educativo que la comuna ejecuta y que adem\u00e1s de ense\u00f1ar a ni\u00f1os y j\u00f3venes, busca establecer v\u00ednculos y redes entre la comunidad, estudiantes, profesores e instituciones relacionadas con la educaci\u00f3n.<\/span><br \/>\n<span lang=\"ES-CL\"><img decoding=\"async\" class=\"alignnone size-medium wp-image-37278 alignleft\" src=\"https:\/\/explora.cl\/rmsuroriente\/wp-content\/uploads\/sites\/12\/2018\/12\/WhatsApp-Image-2018-12-06-at-11.55.46-300x225.jpeg\" alt=\"\" width=\"300\" height=\"225\" srcset=\"https:\/\/explora.cl\/rmsuroriente\/wp-content\/uploads\/sites\/12\/2018\/12\/WhatsApp-Image-2018-12-06-at-11.55.46-300x225.jpeg 300w, https:\/\/explora.cl\/rmsuroriente\/wp-content\/uploads\/sites\/12\/2018\/12\/WhatsApp-Image-2018-12-06-at-11.55.46-768x576.jpeg 768w, https:\/\/explora.cl\/rmsuroriente\/wp-content\/uploads\/sites\/12\/2018\/12\/WhatsApp-Image-2018-12-06-at-11.55.46-1024x768.jpeg 1024w, https:\/\/explora.cl\/rmsuroriente\/wp-content\/uploads\/sites\/12\/2018\/12\/WhatsApp-Image-2018-12-06-at-11.55.46.jpeg 1040w\" sizes=\"(max-width: 300px) 100vw, 300px\" \/>\u201cQueremos escenarios donde se vean desafiados no solo los ni\u00f1os, si no tambi\u00e9n profesores, donde esta red tan directa, tenga que ver con mejorar las practicas pedag\u00f3gicas, porque en educaci\u00f3n todo influye y tiene un impacto a fin de mejorar las practicas pedag\u00f3gicas\u201d enfatiz\u00f3 Grettys Bravo, Sub Directora de Educaci\u00f3n de la Comuna de la Granja.<\/span><br \/>\n<span lang=\"ES-CL\">Los asistentes tuvieron a su disposici\u00f3n informaci\u00f3n y demostraciones de talleres de rob\u00f3tica; arquitectura y dise\u00f1o de casas y ciudades; cultura mapuche; hidr\u00e1ulica y electr\u00f3nica; comida saludable, entre otros.<\/span><\/p>\n","protected":false},"excerpt":{"rendered":"<p>Cerca de 400 personas participaron de la Feria Cient\u00edfica Tecnol\u00f3gica de los Aprendizajes, que realiz\u00f3 el municipio de La Granja y el PAR Explora de CONICYT RM Sur Oriente el jueves 6 de diciembre, en la P\u00e9rgola Municipal, ubicada en Av. Santa Rosa 9014. La feria cont\u00f3 con una variedad de espacios con experiencias y [&hellip;]<\/p>\n","protected":false},"author":2,"featured_media":37281,"comment_status":"closed","ping_status":"open","sticky":false,"template":"","format":"standard","meta":{"_acf_changed":false,"_exactmetrics_skip_tracking":false,"_exactmetrics_sitenote_active":false,"_exactmetrics_sitenote_note":"","_exactmetrics_sitenote_category":0,"footnotes":"","_links_to":"","_links_to_target":""},"categories":[4],"tags":[194,102],"class_list":["post-37277","post","type-post","status-publish","format-standard","has-post-thumbnail","hentry","category-noticias","tag-comuna-la-granja","tag-feria-cientifica"],"acf":[],"yoast_head":"<!-- This site is optimized with the Yoast SEO plugin v26.9 - https:\/\/yoast.com\/product\/yoast-seo-wordpress\/ -->\n<title>Cientos de asistentes tuvo la Feria Cient\u00edfica Tecnol\u00f3gica de los Aprendizajes de la comuna de La Granja - RM Sur Oriente<\/title>\n<meta name=\"robots\" content=\"index, follow, max-snippet:-1, max-image-preview:large, max-video-preview:-1\" \/>\n<link rel=\"canonical\" href=\"https:\/\/explora.cl\/rmsuroriente\/cientos-de-estudiantes-fueron-parte-de-la-feria-cientifica-tecnologica-de-los-aprendizajes-de-la-comuna-de-la-granja\/\" class=\"yoast-seo-meta-tag\" \/>\n<meta property=\"og:locale\" content=\"es_ES\" class=\"yoast-seo-meta-tag\" \/>\n<meta property=\"og:type\" content=\"article\" class=\"yoast-seo-meta-tag\" \/>\n<meta property=\"og:title\" content=\"Cientos de asistentes tuvo la Feria Cient\u00edfica Tecnol\u00f3gica de los Aprendizajes de la comuna de La Granja - RM Sur Oriente\" class=\"yoast-seo-meta-tag\" \/>\n<meta property=\"og:description\" content=\"Cerca de 400 personas participaron de la Feria Cient\u00edfica Tecnol\u00f3gica de los Aprendizajes, que realiz\u00f3 el municipio de La Granja y el PAR Explora de CONICYT RM Sur Oriente el jueves 6 de diciembre, en la P\u00e9rgola Municipal, ubicada en Av. Santa Rosa 9014. La feria cont\u00f3 con una variedad de espacios con experiencias y [&hellip;]\" class=\"yoast-seo-meta-tag\" \/>\n<meta property=\"og:url\" content=\"https:\/\/explora.cl\/rmsuroriente\/cientos-de-estudiantes-fueron-parte-de-la-feria-cientifica-tecnologica-de-los-aprendizajes-de-la-comuna-de-la-granja\/\" class=\"yoast-seo-meta-tag\" \/>\n<meta property=\"og:site_name\" content=\"RM Sur Oriente\" class=\"yoast-seo-meta-tag\" \/>\n<meta property=\"article:published_time\" content=\"2018-12-13T17:09:44+00:00\" class=\"yoast-seo-meta-tag\" \/>\n<meta property=\"article:modified_time\" content=\"2019-05-20T17:31:14+00:00\" class=\"yoast-seo-meta-tag\" \/>\n<meta property=\"og:image\" content=\"https:\/\/explora.cl\/rmsuroriente\/wp-content\/uploads\/sites\/12\/2018\/12\/chi.jpeg\" class=\"yoast-seo-meta-tag\" \/>\n\t<meta property=\"og:image:width\" content=\"762\" class=\"yoast-seo-meta-tag\" \/>\n\t<meta property=\"og:image:height\" content=\"542\" class=\"yoast-seo-meta-tag\" \/>\n\t<meta property=\"og:image:type\" content=\"image\/jpeg\" class=\"yoast-seo-meta-tag\" \/>\n<meta name=\"author\" content=\"webman\" class=\"yoast-seo-meta-tag\" \/>\n<meta name=\"twitter:card\" content=\"summary_large_image\" class=\"yoast-seo-meta-tag\" \/>\n<meta name=\"twitter:label1\" content=\"Escrito por\" class=\"yoast-seo-meta-tag\" \/>\n\t<meta name=\"twitter:data1\" content=\"webman\" class=\"yoast-seo-meta-tag\" \/>\n\t<meta name=\"twitter:label2\" content=\"Tiempo estimado de lectura\" class=\"yoast-seo-meta-tag\" \/>\n\t<meta name=\"twitter:data2\" content=\"2 minutos\" class=\"yoast-seo-meta-tag\" \/>\n<script type=\"application\/ld+json\" class=\"yoast-schema-graph\">{\"@context\":\"https:\/\/schema.org\",\"@graph\":[{\"@type\":\"Article\",\"@id\":\"https:\/\/explora.cl\/rmsuroriente\/cientos-de-estudiantes-fueron-parte-de-la-feria-cientifica-tecnologica-de-los-aprendizajes-de-la-comuna-de-la-granja\/#article\",\"isPartOf\":{\"@id\":\"https:\/\/explora.cl\/rmsuroriente\/cientos-de-estudiantes-fueron-parte-de-la-feria-cientifica-tecnologica-de-los-aprendizajes-de-la-comuna-de-la-granja\/\"},\"author\":{\"name\":\"webman\",\"@id\":\"https:\/\/explora.cl\/rmsuroriente\/#\/schema\/person\/cb8349c13ea2d324080adf8480d7ba5d\"},\"headline\":\"Cientos de asistentes tuvo la Feria Cient\u00edfica Tecnol\u00f3gica de los Aprendizajes de la comuna de La Granja\",\"datePublished\":\"2018-12-13T17:09:44+00:00\",\"dateModified\":\"2019-05-20T17:31:14+00:00\",\"mainEntityOfPage\":{\"@id\":\"https:\/\/explora.cl\/rmsuroriente\/cientos-de-estudiantes-fueron-parte-de-la-feria-cientifica-tecnologica-de-los-aprendizajes-de-la-comuna-de-la-granja\/\"},\"wordCount\":506,\"publisher\":{\"@id\":\"https:\/\/explora.cl\/rmsuroriente\/#organization\"},\"image\":{\"@id\":\"https:\/\/explora.cl\/rmsuroriente\/cientos-de-estudiantes-fueron-parte-de-la-feria-cientifica-tecnologica-de-los-aprendizajes-de-la-comuna-de-la-granja\/#primaryimage\"},\"thumbnailUrl\":\"https:\/\/explora.cl\/rmsuroriente\/wp-content\/uploads\/sites\/12\/2018\/12\/chi.jpeg\",\"keywords\":[\"comuna La Granja\",\"Feria Cient\u00edfica\"],\"articleSection\":[\"Noticias\"],\"inLanguage\":\"es-CL\"},{\"@type\":\"WebPage\",\"@id\":\"https:\/\/explora.cl\/rmsuroriente\/cientos-de-estudiantes-fueron-parte-de-la-feria-cientifica-tecnologica-de-los-aprendizajes-de-la-comuna-de-la-granja\/\",\"url\":\"https:\/\/explora.cl\/rmsuroriente\/cientos-de-estudiantes-fueron-parte-de-la-feria-cientifica-tecnologica-de-los-aprendizajes-de-la-comuna-de-la-granja\/\",\"name\":\"Cientos de asistentes tuvo la Feria Cient\u00edfica Tecnol\u00f3gica de los Aprendizajes de la comuna de La Granja - RM Sur Oriente\",\"isPartOf\":{\"@id\":\"https:\/\/explora.cl\/rmsuroriente\/#website\"},\"primaryImageOfPage\":{\"@id\":\"https:\/\/explora.cl\/rmsuroriente\/cientos-de-estudiantes-fueron-parte-de-la-feria-cientifica-tecnologica-de-los-aprendizajes-de-la-comuna-de-la-granja\/#primaryimage\"},\"image\":{\"@id\":\"https:\/\/explora.cl\/rmsuroriente\/cientos-de-estudiantes-fueron-parte-de-la-feria-cientifica-tecnologica-de-los-aprendizajes-de-la-comuna-de-la-granja\/#primaryimage\"},\"thumbnailUrl\":\"https:\/\/explora.cl\/rmsuroriente\/wp-content\/uploads\/sites\/12\/2018\/12\/chi.jpeg\",\"datePublished\":\"2018-12-13T17:09:44+00:00\",\"dateModified\":\"2019-05-20T17:31:14+00:00\",\"breadcrumb\":{\"@id\":\"https:\/\/explora.cl\/rmsuroriente\/cientos-de-estudiantes-fueron-parte-de-la-feria-cientifica-tecnologica-de-los-aprendizajes-de-la-comuna-de-la-granja\/#breadcrumb\"},\"inLanguage\":\"es-CL\",\"potentialAction\":[{\"@type\":\"ReadAction\",\"target\":[\"https:\/\/explora.cl\/rmsuroriente\/cientos-de-estudiantes-fueron-parte-de-la-feria-cientifica-tecnologica-de-los-aprendizajes-de-la-comuna-de-la-granja\/\"]}]},{\"@type\":\"ImageObject\",\"inLanguage\":\"es-CL\",\"@id\":\"https:\/\/explora.cl\/rmsuroriente\/cientos-de-estudiantes-fueron-parte-de-la-feria-cientifica-tecnologica-de-los-aprendizajes-de-la-comuna-de-la-granja\/#primaryimage\",\"url\":\"https:\/\/explora.cl\/rmsuroriente\/wp-content\/uploads\/sites\/12\/2018\/12\/chi.jpeg\",\"contentUrl\":\"https:\/\/explora.cl\/rmsuroriente\/wp-content\/uploads\/sites\/12\/2018\/12\/chi.jpeg\",\"width\":762,\"height\":542},{\"@type\":\"BreadcrumbList\",\"@id\":\"https:\/\/explora.cl\/rmsuroriente\/cientos-de-estudiantes-fueron-parte-de-la-feria-cientifica-tecnologica-de-los-aprendizajes-de-la-comuna-de-la-granja\/#breadcrumb\",\"itemListElement\":[{\"@type\":\"ListItem\",\"position\":1,\"name\":\"Portada\",\"item\":\"https:\/\/explora.cl\/rmsuroriente\/\"},{\"@type\":\"ListItem\",\"position\":2,\"name\":\"Cientos de asistentes tuvo la Feria Cient\u00edfica Tecnol\u00f3gica de los Aprendizajes de la comuna de La Granja\"}]},{\"@type\":\"WebSite\",\"@id\":\"https:\/\/explora.cl\/rmsuroriente\/#website\",\"url\":\"https:\/\/explora.cl\/rmsuroriente\/\",\"name\":\"RM Sur Oriente\",\"description\":\"Otro sitio m\u00e1s de explora.cl\",\"publisher\":{\"@id\":\"https:\/\/explora.cl\/rmsuroriente\/#organization\"},\"potentialAction\":[{\"@type\":\"SearchAction\",\"target\":{\"@type\":\"EntryPoint\",\"urlTemplate\":\"https:\/\/explora.cl\/rmsuroriente\/?s={search_term_string}\"},\"query-input\":{\"@type\":\"PropertyValueSpecification\",\"valueRequired\":true,\"valueName\":\"search_term_string\"}}],\"inLanguage\":\"es-CL\"},{\"@type\":\"Organization\",\"@id\":\"https:\/\/explora.cl\/rmsuroriente\/#organization\",\"name\":\"RM Sur Oriente\",\"url\":\"https:\/\/explora.cl\/rmsuroriente\/\",\"logo\":{\"@type\":\"ImageObject\",\"inLanguage\":\"es-CL\",\"@id\":\"https:\/\/explora.cl\/rmsuroriente\/#\/schema\/logo\/image\/\",\"url\":\"https:\/\/explora.cl\/rmsuroriente\/wp-content\/uploads\/sites\/12\/2025\/04\/cropped-LogoPAR_RMSO-Azul-UC.png\",\"contentUrl\":\"https:\/\/explora.cl\/rmsuroriente\/wp-content\/uploads\/sites\/12\/2025\/04\/cropped-LogoPAR_RMSO-Azul-UC.png\",\"width\":411,\"height\":409,\"caption\":\"RM Sur Oriente\"},\"image\":{\"@id\":\"https:\/\/explora.cl\/rmsuroriente\/#\/schema\/logo\/image\/\"}},{\"@type\":\"Person\",\"@id\":\"https:\/\/explora.cl\/rmsuroriente\/#\/schema\/person\/cb8349c13ea2d324080adf8480d7ba5d\",\"name\":\"webman\",\"image\":{\"@type\":\"ImageObject\",\"inLanguage\":\"es-CL\",\"@id\":\"https:\/\/explora.cl\/rmsuroriente\/#\/schema\/person\/image\/\",\"url\":\"https:\/\/secure.gravatar.com\/avatar\/eeff3c82f2c02f7177d13663b7e6f890e9a6a0647ce9bb29cae02dcb094c7312?s=96&d=mm&r=g\",\"contentUrl\":\"https:\/\/secure.gravatar.com\/avatar\/eeff3c82f2c02f7177d13663b7e6f890e9a6a0647ce9bb29cae02dcb094c7312?s=96&d=mm&r=g\",\"caption\":\"webman\"},\"url\":\"https:\/\/explora.cl\/rmsuroriente\/author\/webman\/\"}]}<\/script>\n<!-- \/ Yoast SEO plugin. -->","yoast_head_json":{"title":"Cientos de asistentes tuvo la Feria Cient\u00edfica Tecnol\u00f3gica de los Aprendizajes de la comuna de La Granja - RM Sur Oriente","robots":{"index":"index","follow":"follow","max-snippet":"max-snippet:-1","max-image-preview":"max-image-preview:large","max-video-preview":"max-video-preview:-1"},"canonical":"https:\/\/explora.cl\/rmsuroriente\/cientos-de-estudiantes-fueron-parte-de-la-feria-cientifica-tecnologica-de-los-aprendizajes-de-la-comuna-de-la-granja\/","og_locale":"es_ES","og_type":"article","og_title":"Cientos de asistentes tuvo la Feria Cient\u00edfica Tecnol\u00f3gica de los Aprendizajes de la comuna de La Granja - RM Sur Oriente","og_description":"Cerca de 400 personas participaron de la Feria Cient\u00edfica Tecnol\u00f3gica de los Aprendizajes, que realiz\u00f3 el municipio de La Granja y el PAR Explora de CONICYT RM Sur Oriente el jueves 6 de diciembre, en la P\u00e9rgola Municipal, ubicada en Av. Santa Rosa 9014. La feria cont\u00f3 con una variedad de espacios con experiencias y [&hellip;]","og_url":"https:\/\/explora.cl\/rmsuroriente\/cientos-de-estudiantes-fueron-parte-de-la-feria-cientifica-tecnologica-de-los-aprendizajes-de-la-comuna-de-la-granja\/","og_site_name":"RM Sur Oriente","article_published_time":"2018-12-13T17:09:44+00:00","article_modified_time":"2019-05-20T17:31:14+00:00","og_image":[{"width":762,"height":542,"url":"https:\/\/explora.cl\/rmsuroriente\/wp-content\/uploads\/sites\/12\/2018\/12\/chi.jpeg","type":"image\/jpeg"}],"author":"webman","twitter_card":"summary_large_image","twitter_misc":{"Escrito por":"webman","Tiempo estimado de lectura":"2 minutos"},"schema":{"@context":"https:\/\/schema.org","@graph":[{"@type":"Article","@id":"https:\/\/explora.cl\/rmsuroriente\/cientos-de-estudiantes-fueron-parte-de-la-feria-cientifica-tecnologica-de-los-aprendizajes-de-la-comuna-de-la-granja\/#article","isPartOf":{"@id":"https:\/\/explora.cl\/rmsuroriente\/cientos-de-estudiantes-fueron-parte-de-la-feria-cientifica-tecnologica-de-los-aprendizajes-de-la-comuna-de-la-granja\/"},"author":{"name":"webman","@id":"https:\/\/explora.cl\/rmsuroriente\/#\/schema\/person\/cb8349c13ea2d324080adf8480d7ba5d"},"headline":"Cientos de asistentes tuvo la Feria Cient\u00edfica Tecnol\u00f3gica de los Aprendizajes de la comuna de La Granja","datePublished":"2018-12-13T17:09:44+00:00","dateModified":"2019-05-20T17:31:14+00:00","mainEntityOfPage":{"@id":"https:\/\/explora.cl\/rmsuroriente\/cientos-de-estudiantes-fueron-parte-de-la-feria-cientifica-tecnologica-de-los-aprendizajes-de-la-comuna-de-la-granja\/"},"wordCount":506,"publisher":{"@id":"https:\/\/explora.cl\/rmsuroriente\/#organization"},"image":{"@id":"https:\/\/explora.cl\/rmsuroriente\/cientos-de-estudiantes-fueron-parte-de-la-feria-cientifica-tecnologica-de-los-aprendizajes-de-la-comuna-de-la-granja\/#primaryimage"},"thumbnailUrl":"https:\/\/explora.cl\/rmsuroriente\/wp-content\/uploads\/sites\/12\/2018\/12\/chi.jpeg","keywords":["comuna La Granja","Feria Cient\u00edfica"],"articleSection":["Noticias"],"inLanguage":"es-CL"},{"@type":"WebPage","@id":"https:\/\/explora.cl\/rmsuroriente\/cientos-de-estudiantes-fueron-parte-de-la-feria-cientifica-tecnologica-de-los-aprendizajes-de-la-comuna-de-la-granja\/","url":"https:\/\/explora.cl\/rmsuroriente\/cientos-de-estudiantes-fueron-parte-de-la-feria-cientifica-tecnologica-de-los-aprendizajes-de-la-comuna-de-la-granja\/","name":"Cientos de asistentes tuvo la Feria Cient\u00edfica Tecnol\u00f3gica de los Aprendizajes de la comuna de La Granja - RM Sur Oriente","isPartOf":{"@id":"https:\/\/explora.cl\/rmsuroriente\/#website"},"primaryImageOfPage":{"@id":"https:\/\/explora.cl\/rmsuroriente\/cientos-de-estudiantes-fueron-parte-de-la-feria-cientifica-tecnologica-de-los-aprendizajes-de-la-comuna-de-la-granja\/#primaryimage"},"image":{"@id":"https:\/\/explora.cl\/rmsuroriente\/cientos-de-estudiantes-fueron-parte-de-la-feria-cientifica-tecnologica-de-los-aprendizajes-de-la-comuna-de-la-granja\/#primaryimage"},"thumbnailUrl":"https:\/\/explora.cl\/rmsuroriente\/wp-content\/uploads\/sites\/12\/2018\/12\/chi.jpeg","datePublished":"2018-12-13T17:09:44+00:00","dateModified":"2019-05-20T17:31:14+00:00","breadcrumb":{"@id":"https:\/\/explora.cl\/rmsuroriente\/cientos-de-estudiantes-fueron-parte-de-la-feria-cientifica-tecnologica-de-los-aprendizajes-de-la-comuna-de-la-granja\/#breadcrumb"},"inLanguage":"es-CL","potentialAction":[{"@type":"ReadAction","target":["https:\/\/explora.cl\/rmsuroriente\/cientos-de-estudiantes-fueron-parte-de-la-feria-cientifica-tecnologica-de-los-aprendizajes-de-la-comuna-de-la-granja\/"]}]},{"@type":"ImageObject","inLanguage":"es-CL","@id":"https:\/\/explora.cl\/rmsuroriente\/cientos-de-estudiantes-fueron-parte-de-la-feria-cientifica-tecnologica-de-los-aprendizajes-de-la-comuna-de-la-granja\/#primaryimage","url":"https:\/\/explora.cl\/rmsuroriente\/wp-content\/uploads\/sites\/12\/2018\/12\/chi.jpeg","contentUrl":"https:\/\/explora.cl\/rmsuroriente\/wp-content\/uploads\/sites\/12\/2018\/12\/chi.jpeg","width":762,"height":542},{"@type":"BreadcrumbList","@id":"https:\/\/explora.cl\/rmsuroriente\/cientos-de-estudiantes-fueron-parte-de-la-feria-cientifica-tecnologica-de-los-aprendizajes-de-la-comuna-de-la-granja\/#breadcrumb","itemListElement":[{"@type":"ListItem","position":1,"name":"Portada","item":"https:\/\/explora.cl\/rmsuroriente\/"},{"@type":"ListItem","position":2,"name":"Cientos de asistentes tuvo la Feria Cient\u00edfica Tecnol\u00f3gica de los Aprendizajes de la comuna de La Granja"}]},{"@type":"WebSite","@id":"https:\/\/explora.cl\/rmsuroriente\/#website","url":"https:\/\/explora.cl\/rmsuroriente\/","name":"RM Sur Oriente","description":"Otro sitio m\u00e1s de explora.cl","publisher":{"@id":"https:\/\/explora.cl\/rmsuroriente\/#organization"},"potentialAction":[{"@type":"SearchAction","target":{"@type":"EntryPoint","urlTemplate":"https:\/\/explora.cl\/rmsuroriente\/?s={search_term_string}"},"query-input":{"@type":"PropertyValueSpecification","valueRequired":true,"valueName":"search_term_string"}}],"inLanguage":"es-CL"},{"@type":"Organization","@id":"https:\/\/explora.cl\/rmsuroriente\/#organization","name":"RM Sur Oriente","url":"https:\/\/explora.cl\/rmsuroriente\/","logo":{"@type":"ImageObject","inLanguage":"es-CL","@id":"https:\/\/explora.cl\/rmsuroriente\/#\/schema\/logo\/image\/","url":"https:\/\/explora.cl\/rmsuroriente\/wp-content\/uploads\/sites\/12\/2025\/04\/cropped-LogoPAR_RMSO-Azul-UC.png","contentUrl":"https:\/\/explora.cl\/rmsuroriente\/wp-content\/uploads\/sites\/12\/2025\/04\/cropped-LogoPAR_RMSO-Azul-UC.png","width":411,"height":409,"caption":"RM Sur Oriente"},"image":{"@id":"https:\/\/explora.cl\/rmsuroriente\/#\/schema\/logo\/image\/"}},{"@type":"Person","@id":"https:\/\/explora.cl\/rmsuroriente\/#\/schema\/person\/cb8349c13ea2d324080adf8480d7ba5d","name":"webman","image":{"@type":"ImageObject","inLanguage":"es-CL","@id":"https:\/\/explora.cl\/rmsuroriente\/#\/schema\/person\/image\/","url":"https:\/\/secure.gravatar.com\/avatar\/eeff3c82f2c02f7177d13663b7e6f890e9a6a0647ce9bb29cae02dcb094c7312?s=96&d=mm&r=g","contentUrl":"https:\/\/secure.gravatar.com\/avatar\/eeff3c82f2c02f7177d13663b7e6f890e9a6a0647ce9bb29cae02dcb094c7312?s=96&d=mm&r=g","caption":"webman"},"url":"https:\/\/explora.cl\/rmsuroriente\/author\/webman\/"}]}},"_links":{"self":[{"href":"https:\/\/explora.cl\/rmsuroriente\/wp-json\/wp\/v2\/posts\/37277","targetHints":{"allow":["GET"]}}],"collection":[{"href":"https:\/\/explora.cl\/rmsuroriente\/wp-json\/wp\/v2\/posts"}],"about":[{"href":"https:\/\/explora.cl\/rmsuroriente\/wp-json\/wp\/v2\/types\/post"}],"author":[{"embeddable":true,"href":"https:\/\/explora.cl\/rmsuroriente\/wp-json\/wp\/v2\/users\/2"}],"replies":[{"embeddable":true,"href":"https:\/\/explora.cl\/rmsuroriente\/wp-json\/wp\/v2\/comments?post=37277"}],"version-history":[{"count":1,"href":"https:\/\/explora.cl\/rmsuroriente\/wp-json\/wp\/v2\/posts\/37277\/revisions"}],"predecessor-version":[{"id":37562,"href":"https:\/\/explora.cl\/rmsuroriente\/wp-json\/wp\/v2\/posts\/37277\/revisions\/37562"}],"wp:featuredmedia":[{"embeddable":true,"href":"https:\/\/explora.cl\/rmsuroriente\/wp-json\/wp\/v2\/media\/37281"}],"wp:attachment":[{"href":"https:\/\/explora.cl\/rmsuroriente\/wp-json\/wp\/v2\/media?parent=37277"}],"wp:term":[{"taxonomy":"category","embeddable":true,"href":"https:\/\/explora.cl\/rmsuroriente\/wp-json\/wp\/v2\/categories?post=37277"},{"taxonomy":"post_tag","embeddable":true,"href":"https:\/\/explora.cl\/rmsuroriente\/wp-json\/wp\/v2\/tags?post=37277"}],"curies":[{"name":"wp","href":"https:\/\/api.w.org\/{rel}","templated":true}]}}