{"id":37257,"date":"2018-12-06T16:02:41","date_gmt":"2018-12-06T20:02:41","guid":{"rendered":"https:\/\/explora.cl\/rmsuroriente\/?p=37257"},"modified":"2019-05-20T17:31:14","modified_gmt":"2019-05-20T17:31:14","slug":"cerca-de-3-mil-personas-visitaron-la-feria-comunal-de-puente-alto","status":"publish","type":"post","link":"https:\/\/explora.cl\/rmsuroriente\/cerca-de-3-mil-personas-visitaron-la-feria-comunal-de-puente-alto\/","title":{"rendered":"Cerca de 3 mil personas visitaron la Feria Comunal de Puente Alto"},"content":{"rendered":"<p><span lang=\"ES-CL\"><img fetchpriority=\"high\" decoding=\"async\" class=\"alignnone size-medium wp-image-37261 alignleft\" src=\"https:\/\/explora.cl\/rmsuroriente\/wp-content\/uploads\/sites\/12\/2018\/12\/feria-web-puente-300x180.jpg\" alt=\"\" width=\"300\" height=\"180\" srcset=\"https:\/\/explora.cl\/rmsuroriente\/wp-content\/uploads\/sites\/12\/2018\/12\/feria-web-puente-300x180.jpg 300w, https:\/\/explora.cl\/rmsuroriente\/wp-content\/uploads\/sites\/12\/2018\/12\/feria-web-puente-768x460.jpg 768w, https:\/\/explora.cl\/rmsuroriente\/wp-content\/uploads\/sites\/12\/2018\/12\/feria-web-puente.jpg 883w\" sizes=\"(max-width: 300px) 100vw, 300px\" \/>El viernes 23 de noviembre, se realiz\u00f3 en la Plaza de Armas de \u00a0Puente Alto la Feria Cient\u00edfica Comunal que reuni\u00f3 proyectos escolares pertenecientes a 23 colegios de la Corporaci\u00f3n Municipal de dicha comuna.<\/span><br \/>\n<span lang=\"ES-CL\">Desde temprano los j\u00f3venes investigadores instalaron \u00a0espacios cient\u00edficos, ecol\u00f3gicos y art\u00edsticos, para explicar a la comunidad de qu\u00e9 trataban sus proyectos y c\u00f3mo pod\u00edan replicarlos, en el caso de los trabajos relacionados con reciclaje o eficiencia energ\u00e9tica.<\/span><br \/>\n<span lang=\"ES-CL\"><img decoding=\"async\" class=\"alignnone size-medium wp-image-37258 alignright\" src=\"https:\/\/explora.cl\/rmsuroriente\/wp-content\/uploads\/sites\/12\/2018\/12\/feria-puente-web-2-300x223.jpg\" alt=\"\" width=\"300\" height=\"223\" srcset=\"https:\/\/explora.cl\/rmsuroriente\/wp-content\/uploads\/sites\/12\/2018\/12\/feria-puente-web-2-300x223.jpg 300w, https:\/\/explora.cl\/rmsuroriente\/wp-content\/uploads\/sites\/12\/2018\/12\/feria-puente-web-2.jpg 760w\" sizes=\"(max-width: 300px) 100vw, 300px\" \/><\/span><br \/>\n&nbsp;<br \/>\n<span lang=\"ES-CL\">Macarena Escalante, Asesora Educacional del Equipo T\u00e9cnico de la Corporaci\u00f3n de Educaci\u00f3n de Puente Alto, cont\u00f3 que la idea de hacer la feria comunal, naci\u00f3 por la inquietud de querer reunir a distintos colegios en un espacio p\u00fablico.<\/span><br \/>\n<span lang=\"ES-CL\">\u201cTrabajamos a diario con 27 colegios de la comuna, pero no ten\u00edamos la instancia para compartir todos y que ellos demostraran a la comunidad lo que hacen\u201d, coment\u00f3, agregando que \u201cla idea es repetir \u00a0la feria todos los a\u00f1os y generar m\u00e1s instancias de participaci\u00f3n en donde los colegios puedan tener un espacio p\u00fablico de divulgaci\u00f3n de sus trabajos en las diferentes \u00e1reas curriculares y en diferentes niveles\u201d.<\/span><br \/>\n<span lang=\"ES-CL\"><img decoding=\"async\" class=\"alignnone size-medium wp-image-37262 alignleft\" src=\"https:\/\/explora.cl\/rmsuroriente\/wp-content\/uploads\/sites\/12\/2018\/12\/feripuente-web-300x214.jpg\" alt=\"\" width=\"300\" height=\"214\" srcset=\"https:\/\/explora.cl\/rmsuroriente\/wp-content\/uploads\/sites\/12\/2018\/12\/feripuente-web-300x214.jpg 300w, https:\/\/explora.cl\/rmsuroriente\/wp-content\/uploads\/sites\/12\/2018\/12\/feripuente-web-768x549.jpg 768w, https:\/\/explora.cl\/rmsuroriente\/wp-content\/uploads\/sites\/12\/2018\/12\/feripuente-web.jpg 858w\" sizes=\"(max-width: 300px) 100vw, 300px\" \/>\u00a0La Escuela Padre Hurtado present\u00f3 un stand de eficiencia energ\u00e9tica, que inclu\u00eda un calentador y deshidratador solar. \u201cEsto surgi\u00f3 por una inquietud dentro de la clase, luego los chicos hicieron un proyecto de cocina solar y un calef\u00f3n con latas de bebidas. Hasta ahora la participaci\u00f3n ha sido entretenida, a los chicos les preguntan harto, aunque la cocina solar se conoce hace a\u00f1os, pero al parecer la gente no la conoce mucho\u201d, explic\u00f3 Gonzalo Garc\u00eda, profesor de ciencias de la escuela.<\/span><br \/>\n<span lang=\"ES-CL\">En la vereda de los expositores, Tom\u00e1s Palacios, estudiante del Colegio Maipo, present\u00f3 a los asistentes un proyecto que explicaba el sistema nervioso central de los seres vivos y el cerebro de los animales. Para Tom\u00e1s, participar en la feria result\u00f3 ser una experiencia muy enriquecedora: \u201cpude estar con mis compa\u00f1eros y amigos en un lugar muy agradable y se ha mantenido un ambiente de respeto entre los expositores y los visitantes\u201d, cont\u00f3.<\/span><br \/>\n<img loading=\"lazy\" decoding=\"async\" class=\"alignnone size-medium wp-image-37260 alignleft\" src=\"https:\/\/explora.cl\/rmsuroriente\/wp-content\/uploads\/sites\/12\/2018\/12\/feria-web-puente-4-300x175.jpg\" alt=\"\" width=\"300\" height=\"175\" srcset=\"https:\/\/explora.cl\/rmsuroriente\/wp-content\/uploads\/sites\/12\/2018\/12\/feria-web-puente-4-300x175.jpg 300w, https:\/\/explora.cl\/rmsuroriente\/wp-content\/uploads\/sites\/12\/2018\/12\/feria-web-puente-4.jpg 710w\" sizes=\"(max-width: 300px) 100vw, 300px\" \/><br \/>\n<span lang=\"ES-CL\">Desde k\u00ednder a cuarto medio, fueron 43 proyectos de estudiantes los que se presentaron ante la comunidad escolar y puentealtina, que recorri\u00f3 la feria haciendo preguntas, adem\u00e1s de un jurado transversal compuesto por Gricel Gonz\u00e1lez, Encargada de Vinculaci\u00f3n Escolar del PAR Explora de CONICYT Regi\u00f3n Metropolitana Zona Sur Oriente, dos representantes del Programa Arpa de la Universidad de Chile y directivos de la Corporaci\u00f3n Municipal de Puente Alto.<\/span><br \/>\n<span lang=\"ES-CL\">El jurado eligi\u00f3 a los mejores proyectos de acuerdo a una escala de evaluaci\u00f3n del proyecto y calidad de la presentaci\u00f3n al p\u00fablico, donde al final de la jornada se premi\u00f3 a los ganadores que fueron: 1er lugar el proyecto regad\u00edo sustentable de la Escuela las Palmas; 2do lugar para el proyecto compost de la Escuela Las Palmas y el 3er lugar para el espacio interactivo de ajedrez del Liceo de Puente Alto.<\/span><br \/>\n&nbsp;<\/p>\n","protected":false},"excerpt":{"rendered":"<p>El viernes 23 de noviembre, se realiz\u00f3 en la Plaza de Armas de \u00a0Puente Alto la Feria Cient\u00edfica Comunal que reuni\u00f3 proyectos escolares pertenecientes a 23 colegios de la Corporaci\u00f3n Municipal de dicha comuna. Desde temprano los j\u00f3venes investigadores instalaron \u00a0espacios cient\u00edficos, ecol\u00f3gicos y art\u00edsticos, para explicar a la comunidad de qu\u00e9 trataban sus proyectos [&hellip;]<\/p>\n","protected":false},"author":2,"featured_media":37261,"comment_status":"closed","ping_status":"open","sticky":false,"template":"","format":"standard","meta":{"_acf_changed":false,"_exactmetrics_skip_tracking":false,"_exactmetrics_sitenote_active":false,"_exactmetrics_sitenote_note":"","_exactmetrics_sitenote_category":0,"footnotes":"","_links_to":"","_links_to_target":""},"categories":[4],"tags":[168,191,192,193],"class_list":["post-37257","post","type-post","status-publish","format-standard","has-post-thumbnail","hentry","category-noticias","tag-ciencia-y-tecnologia","tag-feria-comunal","tag-feria-comunal-puente-alto","tag-puente-alto"],"acf":[],"yoast_head":"<!-- This site is optimized with the Yoast SEO plugin v26.9 - https:\/\/yoast.com\/product\/yoast-seo-wordpress\/ -->\n<title>Cerca de 3 mil personas visitaron la Feria Comunal de Puente Alto - RM Sur Oriente<\/title>\n<meta name=\"robots\" content=\"index, follow, max-snippet:-1, max-image-preview:large, max-video-preview:-1\" \/>\n<link rel=\"canonical\" href=\"https:\/\/explora.cl\/rmsuroriente\/cerca-de-3-mil-personas-visitaron-la-feria-comunal-de-puente-alto\/\" class=\"yoast-seo-meta-tag\" \/>\n<meta property=\"og:locale\" content=\"es_ES\" class=\"yoast-seo-meta-tag\" \/>\n<meta property=\"og:type\" content=\"article\" class=\"yoast-seo-meta-tag\" \/>\n<meta property=\"og:title\" content=\"Cerca de 3 mil personas visitaron la Feria Comunal de Puente Alto - RM Sur Oriente\" class=\"yoast-seo-meta-tag\" \/>\n<meta property=\"og:description\" content=\"El viernes 23 de noviembre, se realiz\u00f3 en la Plaza de Armas de \u00a0Puente Alto la Feria Cient\u00edfica Comunal que reuni\u00f3 proyectos escolares pertenecientes a 23 colegios de la Corporaci\u00f3n Municipal de dicha comuna. Desde temprano los j\u00f3venes investigadores instalaron \u00a0espacios cient\u00edficos, ecol\u00f3gicos y art\u00edsticos, para explicar a la comunidad de qu\u00e9 trataban sus proyectos [&hellip;]\" class=\"yoast-seo-meta-tag\" \/>\n<meta property=\"og:url\" content=\"https:\/\/explora.cl\/rmsuroriente\/cerca-de-3-mil-personas-visitaron-la-feria-comunal-de-puente-alto\/\" class=\"yoast-seo-meta-tag\" \/>\n<meta property=\"og:site_name\" content=\"RM Sur Oriente\" class=\"yoast-seo-meta-tag\" \/>\n<meta property=\"article:published_time\" content=\"2018-12-06T20:02:41+00:00\" class=\"yoast-seo-meta-tag\" \/>\n<meta property=\"article:modified_time\" content=\"2019-05-20T17:31:14+00:00\" class=\"yoast-seo-meta-tag\" \/>\n<meta property=\"og:image\" content=\"https:\/\/explora.cl\/rmsuroriente\/wp-content\/uploads\/sites\/12\/2018\/12\/feria-web-puente.jpg\" class=\"yoast-seo-meta-tag\" \/>\n\t<meta property=\"og:image:width\" content=\"883\" class=\"yoast-seo-meta-tag\" \/>\n\t<meta property=\"og:image:height\" content=\"529\" class=\"yoast-seo-meta-tag\" \/>\n\t<meta property=\"og:image:type\" content=\"image\/jpeg\" class=\"yoast-seo-meta-tag\" \/>\n<meta name=\"author\" content=\"webman\" class=\"yoast-seo-meta-tag\" \/>\n<meta name=\"twitter:card\" content=\"summary_large_image\" class=\"yoast-seo-meta-tag\" \/>\n<meta name=\"twitter:label1\" content=\"Escrito por\" class=\"yoast-seo-meta-tag\" \/>\n\t<meta name=\"twitter:data1\" content=\"webman\" class=\"yoast-seo-meta-tag\" \/>\n\t<meta name=\"twitter:label2\" content=\"Tiempo estimado de lectura\" class=\"yoast-seo-meta-tag\" \/>\n\t<meta name=\"twitter:data2\" content=\"3 minutos\" class=\"yoast-seo-meta-tag\" \/>\n<script type=\"application\/ld+json\" class=\"yoast-schema-graph\">{\"@context\":\"https:\/\/schema.org\",\"@graph\":[{\"@type\":\"Article\",\"@id\":\"https:\/\/explora.cl\/rmsuroriente\/cerca-de-3-mil-personas-visitaron-la-feria-comunal-de-puente-alto\/#article\",\"isPartOf\":{\"@id\":\"https:\/\/explora.cl\/rmsuroriente\/cerca-de-3-mil-personas-visitaron-la-feria-comunal-de-puente-alto\/\"},\"author\":{\"name\":\"webman\",\"@id\":\"https:\/\/explora.cl\/rmsuroriente\/#\/schema\/person\/cb8349c13ea2d324080adf8480d7ba5d\"},\"headline\":\"Cerca de 3 mil personas visitaron la Feria Comunal de Puente Alto\",\"datePublished\":\"2018-12-06T20:02:41+00:00\",\"dateModified\":\"2019-05-20T17:31:14+00:00\",\"mainEntityOfPage\":{\"@id\":\"https:\/\/explora.cl\/rmsuroriente\/cerca-de-3-mil-personas-visitaron-la-feria-comunal-de-puente-alto\/\"},\"wordCount\":519,\"publisher\":{\"@id\":\"https:\/\/explora.cl\/rmsuroriente\/#organization\"},\"image\":{\"@id\":\"https:\/\/explora.cl\/rmsuroriente\/cerca-de-3-mil-personas-visitaron-la-feria-comunal-de-puente-alto\/#primaryimage\"},\"thumbnailUrl\":\"https:\/\/explora.cl\/rmsuroriente\/wp-content\/uploads\/sites\/12\/2018\/12\/feria-web-puente.jpg\",\"keywords\":[\"ciencia y tecnolog\u00eda\",\"feria comunal\",\"feria comunal puente alto\",\"puente alto\"],\"articleSection\":[\"Noticias\"],\"inLanguage\":\"es-CL\"},{\"@type\":\"WebPage\",\"@id\":\"https:\/\/explora.cl\/rmsuroriente\/cerca-de-3-mil-personas-visitaron-la-feria-comunal-de-puente-alto\/\",\"url\":\"https:\/\/explora.cl\/rmsuroriente\/cerca-de-3-mil-personas-visitaron-la-feria-comunal-de-puente-alto\/\",\"name\":\"Cerca de 3 mil personas visitaron la Feria Comunal de Puente Alto - RM Sur Oriente\",\"isPartOf\":{\"@id\":\"https:\/\/explora.cl\/rmsuroriente\/#website\"},\"primaryImageOfPage\":{\"@id\":\"https:\/\/explora.cl\/rmsuroriente\/cerca-de-3-mil-personas-visitaron-la-feria-comunal-de-puente-alto\/#primaryimage\"},\"image\":{\"@id\":\"https:\/\/explora.cl\/rmsuroriente\/cerca-de-3-mil-personas-visitaron-la-feria-comunal-de-puente-alto\/#primaryimage\"},\"thumbnailUrl\":\"https:\/\/explora.cl\/rmsuroriente\/wp-content\/uploads\/sites\/12\/2018\/12\/feria-web-puente.jpg\",\"datePublished\":\"2018-12-06T20:02:41+00:00\",\"dateModified\":\"2019-05-20T17:31:14+00:00\",\"breadcrumb\":{\"@id\":\"https:\/\/explora.cl\/rmsuroriente\/cerca-de-3-mil-personas-visitaron-la-feria-comunal-de-puente-alto\/#breadcrumb\"},\"inLanguage\":\"es-CL\",\"potentialAction\":[{\"@type\":\"ReadAction\",\"target\":[\"https:\/\/explora.cl\/rmsuroriente\/cerca-de-3-mil-personas-visitaron-la-feria-comunal-de-puente-alto\/\"]}]},{\"@type\":\"ImageObject\",\"inLanguage\":\"es-CL\",\"@id\":\"https:\/\/explora.cl\/rmsuroriente\/cerca-de-3-mil-personas-visitaron-la-feria-comunal-de-puente-alto\/#primaryimage\",\"url\":\"https:\/\/explora.cl\/rmsuroriente\/wp-content\/uploads\/sites\/12\/2018\/12\/feria-web-puente.jpg\",\"contentUrl\":\"https:\/\/explora.cl\/rmsuroriente\/wp-content\/uploads\/sites\/12\/2018\/12\/feria-web-puente.jpg\",\"width\":883,\"height\":529},{\"@type\":\"BreadcrumbList\",\"@id\":\"https:\/\/explora.cl\/rmsuroriente\/cerca-de-3-mil-personas-visitaron-la-feria-comunal-de-puente-alto\/#breadcrumb\",\"itemListElement\":[{\"@type\":\"ListItem\",\"position\":1,\"name\":\"Portada\",\"item\":\"https:\/\/explora.cl\/rmsuroriente\/\"},{\"@type\":\"ListItem\",\"position\":2,\"name\":\"Cerca de 3 mil personas visitaron la Feria Comunal de Puente Alto\"}]},{\"@type\":\"WebSite\",\"@id\":\"https:\/\/explora.cl\/rmsuroriente\/#website\",\"url\":\"https:\/\/explora.cl\/rmsuroriente\/\",\"name\":\"RM Sur Oriente\",\"description\":\"Otro sitio m\u00e1s de explora.cl\",\"publisher\":{\"@id\":\"https:\/\/explora.cl\/rmsuroriente\/#organization\"},\"potentialAction\":[{\"@type\":\"SearchAction\",\"target\":{\"@type\":\"EntryPoint\",\"urlTemplate\":\"https:\/\/explora.cl\/rmsuroriente\/?s={search_term_string}\"},\"query-input\":{\"@type\":\"PropertyValueSpecification\",\"valueRequired\":true,\"valueName\":\"search_term_string\"}}],\"inLanguage\":\"es-CL\"},{\"@type\":\"Organization\",\"@id\":\"https:\/\/explora.cl\/rmsuroriente\/#organization\",\"name\":\"RM Sur Oriente\",\"url\":\"https:\/\/explora.cl\/rmsuroriente\/\",\"logo\":{\"@type\":\"ImageObject\",\"inLanguage\":\"es-CL\",\"@id\":\"https:\/\/explora.cl\/rmsuroriente\/#\/schema\/logo\/image\/\",\"url\":\"https:\/\/explora.cl\/rmsuroriente\/wp-content\/uploads\/sites\/12\/2025\/04\/cropped-LogoPAR_RMSO-Azul-UC.png\",\"contentUrl\":\"https:\/\/explora.cl\/rmsuroriente\/wp-content\/uploads\/sites\/12\/2025\/04\/cropped-LogoPAR_RMSO-Azul-UC.png\",\"width\":411,\"height\":409,\"caption\":\"RM Sur Oriente\"},\"image\":{\"@id\":\"https:\/\/explora.cl\/rmsuroriente\/#\/schema\/logo\/image\/\"}},{\"@type\":\"Person\",\"@id\":\"https:\/\/explora.cl\/rmsuroriente\/#\/schema\/person\/cb8349c13ea2d324080adf8480d7ba5d\",\"name\":\"webman\",\"image\":{\"@type\":\"ImageObject\",\"inLanguage\":\"es-CL\",\"@id\":\"https:\/\/explora.cl\/rmsuroriente\/#\/schema\/person\/image\/\",\"url\":\"https:\/\/secure.gravatar.com\/avatar\/eeff3c82f2c02f7177d13663b7e6f890e9a6a0647ce9bb29cae02dcb094c7312?s=96&d=mm&r=g\",\"contentUrl\":\"https:\/\/secure.gravatar.com\/avatar\/eeff3c82f2c02f7177d13663b7e6f890e9a6a0647ce9bb29cae02dcb094c7312?s=96&d=mm&r=g\",\"caption\":\"webman\"},\"url\":\"https:\/\/explora.cl\/rmsuroriente\/author\/webman\/\"}]}<\/script>\n<!-- \/ Yoast SEO plugin. -->","yoast_head_json":{"title":"Cerca de 3 mil personas visitaron la Feria Comunal de Puente Alto - RM Sur Oriente","robots":{"index":"index","follow":"follow","max-snippet":"max-snippet:-1","max-image-preview":"max-image-preview:large","max-video-preview":"max-video-preview:-1"},"canonical":"https:\/\/explora.cl\/rmsuroriente\/cerca-de-3-mil-personas-visitaron-la-feria-comunal-de-puente-alto\/","og_locale":"es_ES","og_type":"article","og_title":"Cerca de 3 mil personas visitaron la Feria Comunal de Puente Alto - RM Sur Oriente","og_description":"El viernes 23 de noviembre, se realiz\u00f3 en la Plaza de Armas de \u00a0Puente Alto la Feria Cient\u00edfica Comunal que reuni\u00f3 proyectos escolares pertenecientes a 23 colegios de la Corporaci\u00f3n Municipal de dicha comuna. Desde temprano los j\u00f3venes investigadores instalaron \u00a0espacios cient\u00edficos, ecol\u00f3gicos y art\u00edsticos, para explicar a la comunidad de qu\u00e9 trataban sus proyectos [&hellip;]","og_url":"https:\/\/explora.cl\/rmsuroriente\/cerca-de-3-mil-personas-visitaron-la-feria-comunal-de-puente-alto\/","og_site_name":"RM Sur Oriente","article_published_time":"2018-12-06T20:02:41+00:00","article_modified_time":"2019-05-20T17:31:14+00:00","og_image":[{"width":883,"height":529,"url":"https:\/\/explora.cl\/rmsuroriente\/wp-content\/uploads\/sites\/12\/2018\/12\/feria-web-puente.jpg","type":"image\/jpeg"}],"author":"webman","twitter_card":"summary_large_image","twitter_misc":{"Escrito por":"webman","Tiempo estimado de lectura":"3 minutos"},"schema":{"@context":"https:\/\/schema.org","@graph":[{"@type":"Article","@id":"https:\/\/explora.cl\/rmsuroriente\/cerca-de-3-mil-personas-visitaron-la-feria-comunal-de-puente-alto\/#article","isPartOf":{"@id":"https:\/\/explora.cl\/rmsuroriente\/cerca-de-3-mil-personas-visitaron-la-feria-comunal-de-puente-alto\/"},"author":{"name":"webman","@id":"https:\/\/explora.cl\/rmsuroriente\/#\/schema\/person\/cb8349c13ea2d324080adf8480d7ba5d"},"headline":"Cerca de 3 mil personas visitaron la Feria Comunal de Puente Alto","datePublished":"2018-12-06T20:02:41+00:00","dateModified":"2019-05-20T17:31:14+00:00","mainEntityOfPage":{"@id":"https:\/\/explora.cl\/rmsuroriente\/cerca-de-3-mil-personas-visitaron-la-feria-comunal-de-puente-alto\/"},"wordCount":519,"publisher":{"@id":"https:\/\/explora.cl\/rmsuroriente\/#organization"},"image":{"@id":"https:\/\/explora.cl\/rmsuroriente\/cerca-de-3-mil-personas-visitaron-la-feria-comunal-de-puente-alto\/#primaryimage"},"thumbnailUrl":"https:\/\/explora.cl\/rmsuroriente\/wp-content\/uploads\/sites\/12\/2018\/12\/feria-web-puente.jpg","keywords":["ciencia y tecnolog\u00eda","feria comunal","feria comunal puente alto","puente alto"],"articleSection":["Noticias"],"inLanguage":"es-CL"},{"@type":"WebPage","@id":"https:\/\/explora.cl\/rmsuroriente\/cerca-de-3-mil-personas-visitaron-la-feria-comunal-de-puente-alto\/","url":"https:\/\/explora.cl\/rmsuroriente\/cerca-de-3-mil-personas-visitaron-la-feria-comunal-de-puente-alto\/","name":"Cerca de 3 mil personas visitaron la Feria Comunal de Puente Alto - RM Sur Oriente","isPartOf":{"@id":"https:\/\/explora.cl\/rmsuroriente\/#website"},"primaryImageOfPage":{"@id":"https:\/\/explora.cl\/rmsuroriente\/cerca-de-3-mil-personas-visitaron-la-feria-comunal-de-puente-alto\/#primaryimage"},"image":{"@id":"https:\/\/explora.cl\/rmsuroriente\/cerca-de-3-mil-personas-visitaron-la-feria-comunal-de-puente-alto\/#primaryimage"},"thumbnailUrl":"https:\/\/explora.cl\/rmsuroriente\/wp-content\/uploads\/sites\/12\/2018\/12\/feria-web-puente.jpg","datePublished":"2018-12-06T20:02:41+00:00","dateModified":"2019-05-20T17:31:14+00:00","breadcrumb":{"@id":"https:\/\/explora.cl\/rmsuroriente\/cerca-de-3-mil-personas-visitaron-la-feria-comunal-de-puente-alto\/#breadcrumb"},"inLanguage":"es-CL","potentialAction":[{"@type":"ReadAction","target":["https:\/\/explora.cl\/rmsuroriente\/cerca-de-3-mil-personas-visitaron-la-feria-comunal-de-puente-alto\/"]}]},{"@type":"ImageObject","inLanguage":"es-CL","@id":"https:\/\/explora.cl\/rmsuroriente\/cerca-de-3-mil-personas-visitaron-la-feria-comunal-de-puente-alto\/#primaryimage","url":"https:\/\/explora.cl\/rmsuroriente\/wp-content\/uploads\/sites\/12\/2018\/12\/feria-web-puente.jpg","contentUrl":"https:\/\/explora.cl\/rmsuroriente\/wp-content\/uploads\/sites\/12\/2018\/12\/feria-web-puente.jpg","width":883,"height":529},{"@type":"BreadcrumbList","@id":"https:\/\/explora.cl\/rmsuroriente\/cerca-de-3-mil-personas-visitaron-la-feria-comunal-de-puente-alto\/#breadcrumb","itemListElement":[{"@type":"ListItem","position":1,"name":"Portada","item":"https:\/\/explora.cl\/rmsuroriente\/"},{"@type":"ListItem","position":2,"name":"Cerca de 3 mil personas visitaron la Feria Comunal de Puente Alto"}]},{"@type":"WebSite","@id":"https:\/\/explora.cl\/rmsuroriente\/#website","url":"https:\/\/explora.cl\/rmsuroriente\/","name":"RM Sur Oriente","description":"Otro sitio m\u00e1s de explora.cl","publisher":{"@id":"https:\/\/explora.cl\/rmsuroriente\/#organization"},"potentialAction":[{"@type":"SearchAction","target":{"@type":"EntryPoint","urlTemplate":"https:\/\/explora.cl\/rmsuroriente\/?s={search_term_string}"},"query-input":{"@type":"PropertyValueSpecification","valueRequired":true,"valueName":"search_term_string"}}],"inLanguage":"es-CL"},{"@type":"Organization","@id":"https:\/\/explora.cl\/rmsuroriente\/#organization","name":"RM Sur Oriente","url":"https:\/\/explora.cl\/rmsuroriente\/","logo":{"@type":"ImageObject","inLanguage":"es-CL","@id":"https:\/\/explora.cl\/rmsuroriente\/#\/schema\/logo\/image\/","url":"https:\/\/explora.cl\/rmsuroriente\/wp-content\/uploads\/sites\/12\/2025\/04\/cropped-LogoPAR_RMSO-Azul-UC.png","contentUrl":"https:\/\/explora.cl\/rmsuroriente\/wp-content\/uploads\/sites\/12\/2025\/04\/cropped-LogoPAR_RMSO-Azul-UC.png","width":411,"height":409,"caption":"RM Sur Oriente"},"image":{"@id":"https:\/\/explora.cl\/rmsuroriente\/#\/schema\/logo\/image\/"}},{"@type":"Person","@id":"https:\/\/explora.cl\/rmsuroriente\/#\/schema\/person\/cb8349c13ea2d324080adf8480d7ba5d","name":"webman","image":{"@type":"ImageObject","inLanguage":"es-CL","@id":"https:\/\/explora.cl\/rmsuroriente\/#\/schema\/person\/image\/","url":"https:\/\/secure.gravatar.com\/avatar\/eeff3c82f2c02f7177d13663b7e6f890e9a6a0647ce9bb29cae02dcb094c7312?s=96&d=mm&r=g","contentUrl":"https:\/\/secure.gravatar.com\/avatar\/eeff3c82f2c02f7177d13663b7e6f890e9a6a0647ce9bb29cae02dcb094c7312?s=96&d=mm&r=g","caption":"webman"},"url":"https:\/\/explora.cl\/rmsuroriente\/author\/webman\/"}]}},"_links":{"self":[{"href":"https:\/\/explora.cl\/rmsuroriente\/wp-json\/wp\/v2\/posts\/37257","targetHints":{"allow":["GET"]}}],"collection":[{"href":"https:\/\/explora.cl\/rmsuroriente\/wp-json\/wp\/v2\/posts"}],"about":[{"href":"https:\/\/explora.cl\/rmsuroriente\/wp-json\/wp\/v2\/types\/post"}],"author":[{"embeddable":true,"href":"https:\/\/explora.cl\/rmsuroriente\/wp-json\/wp\/v2\/users\/2"}],"replies":[{"embeddable":true,"href":"https:\/\/explora.cl\/rmsuroriente\/wp-json\/wp\/v2\/comments?post=37257"}],"version-history":[{"count":1,"href":"https:\/\/explora.cl\/rmsuroriente\/wp-json\/wp\/v2\/posts\/37257\/revisions"}],"predecessor-version":[{"id":37563,"href":"https:\/\/explora.cl\/rmsuroriente\/wp-json\/wp\/v2\/posts\/37257\/revisions\/37563"}],"wp:featuredmedia":[{"embeddable":true,"href":"https:\/\/explora.cl\/rmsuroriente\/wp-json\/wp\/v2\/media\/37261"}],"wp:attachment":[{"href":"https:\/\/explora.cl\/rmsuroriente\/wp-json\/wp\/v2\/media?parent=37257"}],"wp:term":[{"taxonomy":"category","embeddable":true,"href":"https:\/\/explora.cl\/rmsuroriente\/wp-json\/wp\/v2\/categories?post=37257"},{"taxonomy":"post_tag","embeddable":true,"href":"https:\/\/explora.cl\/rmsuroriente\/wp-json\/wp\/v2\/tags?post=37257"}],"curies":[{"name":"wp","href":"https:\/\/api.w.org\/{rel}","templated":true}]}}