{"id":37235,"date":"2018-12-04T16:33:55","date_gmt":"2018-12-04T20:33:55","guid":{"rendered":"https:\/\/explora.cl\/rmsuroriente\/?p=37235"},"modified":"2019-05-20T17:31:16","modified_gmt":"2019-05-20T17:31:16","slug":"2-olimpiadas-de-energia-y-medio-ambiente-comunales-se-realizan-en-penalolen","status":"publish","type":"post","link":"https:\/\/explora.cl\/rmsuroriente\/2-olimpiadas-de-energia-y-medio-ambiente-comunales-se-realizan-en-penalolen\/","title":{"rendered":"2\u00b0 Olimpiadas de Energ\u00eda y Medio Ambiente Comunales se realizan en Pe\u00f1alol\u00e9n"},"content":{"rendered":"<p style=\"text-align: left\"><img fetchpriority=\"high\" decoding=\"async\" class=\"alignnone size-medium wp-image-37237 alignleft\" src=\"https:\/\/explora.cl\/rmsuroriente\/wp-content\/uploads\/sites\/12\/2018\/12\/foto-web-pe\u00f1a-2-300x200.jpg\" alt=\"\" width=\"300\" height=\"200\" srcset=\"https:\/\/explora.cl\/rmsuroriente\/wp-content\/uploads\/sites\/12\/2018\/12\/foto-web-pe\u00f1a-2-300x200.jpg 300w, https:\/\/explora.cl\/rmsuroriente\/wp-content\/uploads\/sites\/12\/2018\/12\/foto-web-pe\u00f1a-2-768x511.jpg 768w, https:\/\/explora.cl\/rmsuroriente\/wp-content\/uploads\/sites\/12\/2018\/12\/foto-web-pe\u00f1a-2.jpg 1000w\" sizes=\"(max-width: 300px) 100vw, 300px\" \/>El pasado viernes 9 de noviembre, se realiz\u00f3 en el Centro de Educaci\u00f3n Ambiental e Investigaci\u00f3n Ecoparque, las 2\u00b0 Olimpiadas Comunales de Energ\u00eda y Medio Ambiente, convocadas por la Municipalidad de Pe\u00f1alol\u00e9n y el Proyecto Asociativo Regional (PAR) Explora de CONICYT RM Sur Oriente.<\/p>\n<p style=\"text-align: left\">La actividad estuvo encabezada por la Alcaldesa de Pe\u00f1alol\u00e9n, Carolina Leitao; la Presidenta de la Comisi\u00f3n de Medio Ambiente del Concejo Municipal, Ximena Llam\u00edn; la Coordinadora Ejecutiva de PAR Explora de CONICYT, Marlins Villanueva; el representante del Proyecto GEF del Ministerio de Medio Ambiente, Alejandro Kopatic; y representantes del Programa Comuna Energ\u00e9tica del Ministerio de Energ\u00eda, Rodrigo Barrera y Maite Pizarro.<\/p>\n<p style=\"text-align: left\">Antes de la premiaci\u00f3n, Carolina Leitano se dirigi\u00f3 al p\u00fablico, compuesto en su mayor\u00eda por escolares pertenecientes a 10 establecimientos de la comuna de Pe\u00f1alol\u00e9n y otros 3 colegios de comunas invitadas. La edil felicit\u00f3 a todos los participantes y los incit\u00f3 a seguir contribuyendo a la sociedad con sus conocimientos y motivaci\u00f3n. \u00a0\u201cLa idea es que lo que aprendieron ac\u00e1, lo apliquen en sus casas y puedan compartir sus ideas de reciclaje, por ejemplo, con los vecinos y en el colegio\u201d, recalc\u00f3.<\/p>\n<p><img decoding=\"async\" class=\"alignnone size-medium wp-image-37238 alignleft\" src=\"https:\/\/explora.cl\/rmsuroriente\/wp-content\/uploads\/sites\/12\/2018\/12\/foto-web-pe\u00f1a-5-300x200.jpg\" alt=\"\" width=\"300\" height=\"200\" srcset=\"https:\/\/explora.cl\/rmsuroriente\/wp-content\/uploads\/sites\/12\/2018\/12\/foto-web-pe\u00f1a-5-300x200.jpg 300w, https:\/\/explora.cl\/rmsuroriente\/wp-content\/uploads\/sites\/12\/2018\/12\/foto-web-pe\u00f1a-5-768x511.jpg 768w, https:\/\/explora.cl\/rmsuroriente\/wp-content\/uploads\/sites\/12\/2018\/12\/foto-web-pe\u00f1a-5.jpg 1000w\" sizes=\"(max-width: 300px) 100vw, 300px\" \/>Los distintos espacios interactivos a cargo de organizaciones y colegios, mostraban al p\u00fablico proyectos propios de eficiencia energ\u00e9tica y reciclaje. En el caso de los establecimientos educacionales, eran los mismos estudiantes quienes expon\u00edan su proyecto ante el p\u00fablico visitante y un grupo de jueces evaluadores, compuesto por Victoria Cano, vecina del Ecoparque; Rodrigo Barrera, del programa Comuna Energ\u00e9tica del Ministerio de Econom\u00eda; y Sof\u00eda Fuentes, de la Unidad de Control del municipio.<br \/>\nEn uno de los espacios, la estudiante de la Escuela Juan Bautista Pastene, Angie \u00c1lvarez, declar\u00f3: \u201cVenimos con un proyecto para que la gente se motive a reciclar, con el fin de que la comuna no est\u00e9 sucia y desaparezcan los microbasurales. Porque algunas personas echan basura en cualquier parte y van da\u00f1ando el medio ambiente\u201d.<br \/>\n<img decoding=\"async\" class=\"alignnone size-medium wp-image-37236 alignleft\" src=\"https:\/\/explora.cl\/rmsuroriente\/wp-content\/uploads\/sites\/12\/2018\/12\/foto-web-feria-pe\u00f1a-300x200.jpg\" alt=\"\" width=\"300\" height=\"200\" srcset=\"https:\/\/explora.cl\/rmsuroriente\/wp-content\/uploads\/sites\/12\/2018\/12\/foto-web-feria-pe\u00f1a-300x200.jpg 300w, https:\/\/explora.cl\/rmsuroriente\/wp-content\/uploads\/sites\/12\/2018\/12\/foto-web-feria-pe\u00f1a-768x511.jpg 768w, https:\/\/explora.cl\/rmsuroriente\/wp-content\/uploads\/sites\/12\/2018\/12\/foto-web-feria-pe\u00f1a.jpg 1000w\" sizes=\"(max-width: 300px) 100vw, 300px\" \/>Por su parte, la instalaci\u00f3n del PAR Explora de CONICYT RM Sur Oriente, cont\u00f3 con el muro de las preguntas, para que ni\u00f1as, ni\u00f1os y j\u00f3venes escribieran sus diversas inquietudes, enmarcando as\u00ed la actividad en el tema del a\u00f1o del Programa Explora de CONICYT \u201clos \u00bfPor qu\u00e9?\u201d.<br \/>\nLa pauta de evaluaci\u00f3n del jurado inclu\u00eda el dise\u00f1o de proyectos innovadores, investigados cient\u00edficamente por las\/os propios estudiantes. En este contexto los ganadores fueron el proyecto \u201cReciclando papel\u201d de alumnas de cuarto a\u00f1o de ense\u00f1anza b\u00e1sica del colegio Uni\u00f3n Nacional \u00c1rabe, que obtuvo el primer lugar del certamen, y el \u201cEstudio de Poliquetos Quintero\u201d del colegio Santa Rosa, con el segundo lugar. Adem\u00e1s, obtuvieron menciones honrosas el proyecto \u201cLa Felicidad de las Bacterias\u201d del colegio Antonio Hermida Fabres y el \u201cAuto Solar\u201d del colegio Pedro de Valdivia.<br \/>\n<strong>Alianza PAR Explora de CONICYT RM Sur Oriente y Municipalidad de Pe\u00f1alol\u00e9n<\/strong><br \/>\nGracias a la Red Terriorial del PAR Explora de CONICYT RM Sur Oriente, es que se pueden generar instancias de participaci\u00f3n ciudadana, como las Olimpiadas de Energ\u00eda y Medio Ambiente Comunales, que en este caso se realiza junto al Municipio de Pe\u00f1alol\u00e9n.<br \/>\n\u201cLlevamos 5 a\u00f1os trabajando con la Direcci\u00f3n de Medio Ambiente y con el equipo del Departamento de Educaci\u00f3n Ambiental de la Municipalidad de Pe\u00f1alol\u00e9n, ellos cuentan con todo el respaldo de la alcald\u00eda y el Ministerio de Energ\u00eda. Aprovechando eso, naci\u00f3 la idea de las olimpiadas, para que los colegios municipales de Pe\u00f1alol\u00e9n puedan presentar ante sus pares proyectos a cerca de los cuidados del medio ambiente y la energ\u00eda\u201d. Explic\u00f3 la Coordinadora Ejecutiva del PAR Explora de CONICYT RM Sur Oriente.<br \/>\n<img loading=\"lazy\" decoding=\"async\" class=\"alignnone size-medium wp-image-37239 alignleft\" src=\"https:\/\/explora.cl\/rmsuroriente\/wp-content\/uploads\/sites\/12\/2018\/12\/foto-web-pe\u00f1a-300x200.jpg\" alt=\"\" width=\"300\" height=\"200\" srcset=\"https:\/\/explora.cl\/rmsuroriente\/wp-content\/uploads\/sites\/12\/2018\/12\/foto-web-pe\u00f1a-300x200.jpg 300w, https:\/\/explora.cl\/rmsuroriente\/wp-content\/uploads\/sites\/12\/2018\/12\/foto-web-pe\u00f1a-768x511.jpg 768w, https:\/\/explora.cl\/rmsuroriente\/wp-content\/uploads\/sites\/12\/2018\/12\/foto-web-pe\u00f1a.jpg 1000w\" sizes=\"(max-width: 300px) 100vw, 300px\" \/>En la otra verada, Felipe Hern\u00e1ndez, Coordinador del Departamento de Educaci\u00f3n Ambiental de la Municipalidad de Pe\u00f1alol\u00e9n explic\u00f3: \u201cLas olimpiadas las realizamos conjunto al PAR Explora de CONICYT RM Sur Oriente. Esta es ya la segunda versi\u00f3n y esperamos hacer m\u00e1s, pues estamos en el programa de Comunas Energ\u00e9ticas del Ministerio de Energ\u00eda y parte de los compromisos que tenemos es promover la educaci\u00f3n ambiental, las energ\u00edas renovables y la eficiencia energ\u00e9tica. Esto se suma a la pol\u00edtica ambiental que tiene la comuna que abarca gesti\u00f3n de residuos, gesti\u00f3n de espacios p\u00fablicos, tenencia responsable de mascotas, educaci\u00f3n ambiental y cambio clim\u00e1tico\u201d, concluy\u00f3.<\/p>\n","protected":false},"excerpt":{"rendered":"<p>El pasado viernes 9 de noviembre, se realiz\u00f3 en el Centro de Educaci\u00f3n Ambiental e Investigaci\u00f3n Ecoparque, las 2\u00b0 Olimpiadas Comunales de Energ\u00eda y Medio Ambiente, convocadas por la Municipalidad de Pe\u00f1alol\u00e9n y el Proyecto Asociativo Regional (PAR) Explora de CONICYT RM Sur Oriente. La actividad estuvo encabezada por la Alcaldesa de Pe\u00f1alol\u00e9n, Carolina Leitao; [&hellip;]<\/p>\n","protected":false},"author":2,"featured_media":37239,"comment_status":"closed","ping_status":"open","sticky":false,"template":"","format":"standard","meta":{"_acf_changed":false,"_exactmetrics_skip_tracking":false,"_exactmetrics_sitenote_active":false,"_exactmetrics_sitenote_note":"","_exactmetrics_sitenote_category":0,"footnotes":"","_links_to":"","_links_to_target":""},"categories":[4],"tags":[],"class_list":["post-37235","post","type-post","status-publish","format-standard","has-post-thumbnail","hentry","category-noticias"],"acf":[],"yoast_head":"<!-- This site is optimized with the Yoast SEO plugin v26.9 - https:\/\/yoast.com\/product\/yoast-seo-wordpress\/ -->\n<title>2\u00b0 Olimpiadas de Energ\u00eda y Medio Ambiente Comunales se realizan en Pe\u00f1alol\u00e9n - RM Sur Oriente<\/title>\n<meta name=\"robots\" content=\"index, follow, max-snippet:-1, max-image-preview:large, max-video-preview:-1\" \/>\n<link rel=\"canonical\" href=\"https:\/\/explora.cl\/rmsuroriente\/2-olimpiadas-de-energia-y-medio-ambiente-comunales-se-realizan-en-penalolen\/\" class=\"yoast-seo-meta-tag\" \/>\n<meta property=\"og:locale\" content=\"es_ES\" class=\"yoast-seo-meta-tag\" \/>\n<meta property=\"og:type\" content=\"article\" class=\"yoast-seo-meta-tag\" \/>\n<meta property=\"og:title\" content=\"2\u00b0 Olimpiadas de Energ\u00eda y Medio Ambiente Comunales se realizan en Pe\u00f1alol\u00e9n - RM Sur Oriente\" class=\"yoast-seo-meta-tag\" \/>\n<meta property=\"og:description\" content=\"El pasado viernes 9 de noviembre, se realiz\u00f3 en el Centro de Educaci\u00f3n Ambiental e Investigaci\u00f3n Ecoparque, las 2\u00b0 Olimpiadas Comunales de Energ\u00eda y Medio Ambiente, convocadas por la Municipalidad de Pe\u00f1alol\u00e9n y el Proyecto Asociativo Regional (PAR) Explora de CONICYT RM Sur Oriente. La actividad estuvo encabezada por la Alcaldesa de Pe\u00f1alol\u00e9n, Carolina Leitao; [&hellip;]\" class=\"yoast-seo-meta-tag\" \/>\n<meta property=\"og:url\" content=\"https:\/\/explora.cl\/rmsuroriente\/2-olimpiadas-de-energia-y-medio-ambiente-comunales-se-realizan-en-penalolen\/\" class=\"yoast-seo-meta-tag\" \/>\n<meta property=\"og:site_name\" content=\"RM Sur Oriente\" class=\"yoast-seo-meta-tag\" \/>\n<meta property=\"article:published_time\" content=\"2018-12-04T20:33:55+00:00\" class=\"yoast-seo-meta-tag\" \/>\n<meta property=\"article:modified_time\" content=\"2019-05-20T17:31:16+00:00\" class=\"yoast-seo-meta-tag\" \/>\n<meta property=\"og:image\" content=\"https:\/\/explora.cl\/rmsuroriente\/wp-content\/uploads\/sites\/12\/2018\/12\/foto-web-pe\u00f1a.jpg\" class=\"yoast-seo-meta-tag\" \/>\n\t<meta property=\"og:image:width\" content=\"1000\" class=\"yoast-seo-meta-tag\" \/>\n\t<meta property=\"og:image:height\" content=\"666\" class=\"yoast-seo-meta-tag\" \/>\n\t<meta property=\"og:image:type\" content=\"image\/jpeg\" class=\"yoast-seo-meta-tag\" \/>\n<meta name=\"author\" content=\"webman\" class=\"yoast-seo-meta-tag\" \/>\n<meta name=\"twitter:card\" content=\"summary_large_image\" class=\"yoast-seo-meta-tag\" \/>\n<meta name=\"twitter:label1\" content=\"Escrito por\" class=\"yoast-seo-meta-tag\" \/>\n\t<meta name=\"twitter:data1\" content=\"webman\" class=\"yoast-seo-meta-tag\" \/>\n\t<meta name=\"twitter:label2\" content=\"Tiempo estimado de lectura\" class=\"yoast-seo-meta-tag\" \/>\n\t<meta name=\"twitter:data2\" content=\"4 minutos\" class=\"yoast-seo-meta-tag\" \/>\n<script type=\"application\/ld+json\" class=\"yoast-schema-graph\">{\"@context\":\"https:\/\/schema.org\",\"@graph\":[{\"@type\":\"Article\",\"@id\":\"https:\/\/explora.cl\/rmsuroriente\/2-olimpiadas-de-energia-y-medio-ambiente-comunales-se-realizan-en-penalolen\/#article\",\"isPartOf\":{\"@id\":\"https:\/\/explora.cl\/rmsuroriente\/2-olimpiadas-de-energia-y-medio-ambiente-comunales-se-realizan-en-penalolen\/\"},\"author\":{\"name\":\"webman\",\"@id\":\"https:\/\/explora.cl\/rmsuroriente\/#\/schema\/person\/cb8349c13ea2d324080adf8480d7ba5d\"},\"headline\":\"2\u00b0 Olimpiadas de Energ\u00eda y Medio Ambiente Comunales se realizan en Pe\u00f1alol\u00e9n\",\"datePublished\":\"2018-12-04T20:33:55+00:00\",\"dateModified\":\"2019-05-20T17:31:16+00:00\",\"mainEntityOfPage\":{\"@id\":\"https:\/\/explora.cl\/rmsuroriente\/2-olimpiadas-de-energia-y-medio-ambiente-comunales-se-realizan-en-penalolen\/\"},\"wordCount\":770,\"publisher\":{\"@id\":\"https:\/\/explora.cl\/rmsuroriente\/#organization\"},\"image\":{\"@id\":\"https:\/\/explora.cl\/rmsuroriente\/2-olimpiadas-de-energia-y-medio-ambiente-comunales-se-realizan-en-penalolen\/#primaryimage\"},\"thumbnailUrl\":\"https:\/\/explora.cl\/rmsuroriente\/wp-content\/uploads\/sites\/12\/2018\/12\/foto-web-pe\u00f1a.jpg\",\"articleSection\":[\"Noticias\"],\"inLanguage\":\"es-CL\"},{\"@type\":\"WebPage\",\"@id\":\"https:\/\/explora.cl\/rmsuroriente\/2-olimpiadas-de-energia-y-medio-ambiente-comunales-se-realizan-en-penalolen\/\",\"url\":\"https:\/\/explora.cl\/rmsuroriente\/2-olimpiadas-de-energia-y-medio-ambiente-comunales-se-realizan-en-penalolen\/\",\"name\":\"2\u00b0 Olimpiadas de Energ\u00eda y Medio Ambiente Comunales se realizan en Pe\u00f1alol\u00e9n - RM Sur Oriente\",\"isPartOf\":{\"@id\":\"https:\/\/explora.cl\/rmsuroriente\/#website\"},\"primaryImageOfPage\":{\"@id\":\"https:\/\/explora.cl\/rmsuroriente\/2-olimpiadas-de-energia-y-medio-ambiente-comunales-se-realizan-en-penalolen\/#primaryimage\"},\"image\":{\"@id\":\"https:\/\/explora.cl\/rmsuroriente\/2-olimpiadas-de-energia-y-medio-ambiente-comunales-se-realizan-en-penalolen\/#primaryimage\"},\"thumbnailUrl\":\"https:\/\/explora.cl\/rmsuroriente\/wp-content\/uploads\/sites\/12\/2018\/12\/foto-web-pe\u00f1a.jpg\",\"datePublished\":\"2018-12-04T20:33:55+00:00\",\"dateModified\":\"2019-05-20T17:31:16+00:00\",\"breadcrumb\":{\"@id\":\"https:\/\/explora.cl\/rmsuroriente\/2-olimpiadas-de-energia-y-medio-ambiente-comunales-se-realizan-en-penalolen\/#breadcrumb\"},\"inLanguage\":\"es-CL\",\"potentialAction\":[{\"@type\":\"ReadAction\",\"target\":[\"https:\/\/explora.cl\/rmsuroriente\/2-olimpiadas-de-energia-y-medio-ambiente-comunales-se-realizan-en-penalolen\/\"]}]},{\"@type\":\"ImageObject\",\"inLanguage\":\"es-CL\",\"@id\":\"https:\/\/explora.cl\/rmsuroriente\/2-olimpiadas-de-energia-y-medio-ambiente-comunales-se-realizan-en-penalolen\/#primaryimage\",\"url\":\"https:\/\/explora.cl\/rmsuroriente\/wp-content\/uploads\/sites\/12\/2018\/12\/foto-web-pe\u00f1a.jpg\",\"contentUrl\":\"https:\/\/explora.cl\/rmsuroriente\/wp-content\/uploads\/sites\/12\/2018\/12\/foto-web-pe\u00f1a.jpg\",\"width\":1000,\"height\":666},{\"@type\":\"BreadcrumbList\",\"@id\":\"https:\/\/explora.cl\/rmsuroriente\/2-olimpiadas-de-energia-y-medio-ambiente-comunales-se-realizan-en-penalolen\/#breadcrumb\",\"itemListElement\":[{\"@type\":\"ListItem\",\"position\":1,\"name\":\"Portada\",\"item\":\"https:\/\/explora.cl\/rmsuroriente\/\"},{\"@type\":\"ListItem\",\"position\":2,\"name\":\"2\u00b0 Olimpiadas de Energ\u00eda y Medio Ambiente Comunales se realizan en Pe\u00f1alol\u00e9n\"}]},{\"@type\":\"WebSite\",\"@id\":\"https:\/\/explora.cl\/rmsuroriente\/#website\",\"url\":\"https:\/\/explora.cl\/rmsuroriente\/\",\"name\":\"RM Sur Oriente\",\"description\":\"Otro sitio m\u00e1s de explora.cl\",\"publisher\":{\"@id\":\"https:\/\/explora.cl\/rmsuroriente\/#organization\"},\"potentialAction\":[{\"@type\":\"SearchAction\",\"target\":{\"@type\":\"EntryPoint\",\"urlTemplate\":\"https:\/\/explora.cl\/rmsuroriente\/?s={search_term_string}\"},\"query-input\":{\"@type\":\"PropertyValueSpecification\",\"valueRequired\":true,\"valueName\":\"search_term_string\"}}],\"inLanguage\":\"es-CL\"},{\"@type\":\"Organization\",\"@id\":\"https:\/\/explora.cl\/rmsuroriente\/#organization\",\"name\":\"RM Sur Oriente\",\"url\":\"https:\/\/explora.cl\/rmsuroriente\/\",\"logo\":{\"@type\":\"ImageObject\",\"inLanguage\":\"es-CL\",\"@id\":\"https:\/\/explora.cl\/rmsuroriente\/#\/schema\/logo\/image\/\",\"url\":\"https:\/\/explora.cl\/rmsuroriente\/wp-content\/uploads\/sites\/12\/2025\/04\/cropped-LogoPAR_RMSO-Azul-UC.png\",\"contentUrl\":\"https:\/\/explora.cl\/rmsuroriente\/wp-content\/uploads\/sites\/12\/2025\/04\/cropped-LogoPAR_RMSO-Azul-UC.png\",\"width\":411,\"height\":409,\"caption\":\"RM Sur Oriente\"},\"image\":{\"@id\":\"https:\/\/explora.cl\/rmsuroriente\/#\/schema\/logo\/image\/\"}},{\"@type\":\"Person\",\"@id\":\"https:\/\/explora.cl\/rmsuroriente\/#\/schema\/person\/cb8349c13ea2d324080adf8480d7ba5d\",\"name\":\"webman\",\"image\":{\"@type\":\"ImageObject\",\"inLanguage\":\"es-CL\",\"@id\":\"https:\/\/explora.cl\/rmsuroriente\/#\/schema\/person\/image\/\",\"url\":\"https:\/\/secure.gravatar.com\/avatar\/eeff3c82f2c02f7177d13663b7e6f890e9a6a0647ce9bb29cae02dcb094c7312?s=96&d=mm&r=g\",\"contentUrl\":\"https:\/\/secure.gravatar.com\/avatar\/eeff3c82f2c02f7177d13663b7e6f890e9a6a0647ce9bb29cae02dcb094c7312?s=96&d=mm&r=g\",\"caption\":\"webman\"},\"url\":\"https:\/\/explora.cl\/rmsuroriente\/author\/webman\/\"}]}<\/script>\n<!-- \/ Yoast SEO plugin. -->","yoast_head_json":{"title":"2\u00b0 Olimpiadas de Energ\u00eda y Medio Ambiente Comunales se realizan en Pe\u00f1alol\u00e9n - RM Sur Oriente","robots":{"index":"index","follow":"follow","max-snippet":"max-snippet:-1","max-image-preview":"max-image-preview:large","max-video-preview":"max-video-preview:-1"},"canonical":"https:\/\/explora.cl\/rmsuroriente\/2-olimpiadas-de-energia-y-medio-ambiente-comunales-se-realizan-en-penalolen\/","og_locale":"es_ES","og_type":"article","og_title":"2\u00b0 Olimpiadas de Energ\u00eda y Medio Ambiente Comunales se realizan en Pe\u00f1alol\u00e9n - RM Sur Oriente","og_description":"El pasado viernes 9 de noviembre, se realiz\u00f3 en el Centro de Educaci\u00f3n Ambiental e Investigaci\u00f3n Ecoparque, las 2\u00b0 Olimpiadas Comunales de Energ\u00eda y Medio Ambiente, convocadas por la Municipalidad de Pe\u00f1alol\u00e9n y el Proyecto Asociativo Regional (PAR) Explora de CONICYT RM Sur Oriente. La actividad estuvo encabezada por la Alcaldesa de Pe\u00f1alol\u00e9n, Carolina Leitao; [&hellip;]","og_url":"https:\/\/explora.cl\/rmsuroriente\/2-olimpiadas-de-energia-y-medio-ambiente-comunales-se-realizan-en-penalolen\/","og_site_name":"RM Sur Oriente","article_published_time":"2018-12-04T20:33:55+00:00","article_modified_time":"2019-05-20T17:31:16+00:00","og_image":[{"width":1000,"height":666,"url":"https:\/\/explora.cl\/rmsuroriente\/wp-content\/uploads\/sites\/12\/2018\/12\/foto-web-pe\u00f1a.jpg","type":"image\/jpeg"}],"author":"webman","twitter_card":"summary_large_image","twitter_misc":{"Escrito por":"webman","Tiempo estimado de lectura":"4 minutos"},"schema":{"@context":"https:\/\/schema.org","@graph":[{"@type":"Article","@id":"https:\/\/explora.cl\/rmsuroriente\/2-olimpiadas-de-energia-y-medio-ambiente-comunales-se-realizan-en-penalolen\/#article","isPartOf":{"@id":"https:\/\/explora.cl\/rmsuroriente\/2-olimpiadas-de-energia-y-medio-ambiente-comunales-se-realizan-en-penalolen\/"},"author":{"name":"webman","@id":"https:\/\/explora.cl\/rmsuroriente\/#\/schema\/person\/cb8349c13ea2d324080adf8480d7ba5d"},"headline":"2\u00b0 Olimpiadas de Energ\u00eda y Medio Ambiente Comunales se realizan en Pe\u00f1alol\u00e9n","datePublished":"2018-12-04T20:33:55+00:00","dateModified":"2019-05-20T17:31:16+00:00","mainEntityOfPage":{"@id":"https:\/\/explora.cl\/rmsuroriente\/2-olimpiadas-de-energia-y-medio-ambiente-comunales-se-realizan-en-penalolen\/"},"wordCount":770,"publisher":{"@id":"https:\/\/explora.cl\/rmsuroriente\/#organization"},"image":{"@id":"https:\/\/explora.cl\/rmsuroriente\/2-olimpiadas-de-energia-y-medio-ambiente-comunales-se-realizan-en-penalolen\/#primaryimage"},"thumbnailUrl":"https:\/\/explora.cl\/rmsuroriente\/wp-content\/uploads\/sites\/12\/2018\/12\/foto-web-pe\u00f1a.jpg","articleSection":["Noticias"],"inLanguage":"es-CL"},{"@type":"WebPage","@id":"https:\/\/explora.cl\/rmsuroriente\/2-olimpiadas-de-energia-y-medio-ambiente-comunales-se-realizan-en-penalolen\/","url":"https:\/\/explora.cl\/rmsuroriente\/2-olimpiadas-de-energia-y-medio-ambiente-comunales-se-realizan-en-penalolen\/","name":"2\u00b0 Olimpiadas de Energ\u00eda y Medio Ambiente Comunales se realizan en Pe\u00f1alol\u00e9n - RM Sur Oriente","isPartOf":{"@id":"https:\/\/explora.cl\/rmsuroriente\/#website"},"primaryImageOfPage":{"@id":"https:\/\/explora.cl\/rmsuroriente\/2-olimpiadas-de-energia-y-medio-ambiente-comunales-se-realizan-en-penalolen\/#primaryimage"},"image":{"@id":"https:\/\/explora.cl\/rmsuroriente\/2-olimpiadas-de-energia-y-medio-ambiente-comunales-se-realizan-en-penalolen\/#primaryimage"},"thumbnailUrl":"https:\/\/explora.cl\/rmsuroriente\/wp-content\/uploads\/sites\/12\/2018\/12\/foto-web-pe\u00f1a.jpg","datePublished":"2018-12-04T20:33:55+00:00","dateModified":"2019-05-20T17:31:16+00:00","breadcrumb":{"@id":"https:\/\/explora.cl\/rmsuroriente\/2-olimpiadas-de-energia-y-medio-ambiente-comunales-se-realizan-en-penalolen\/#breadcrumb"},"inLanguage":"es-CL","potentialAction":[{"@type":"ReadAction","target":["https:\/\/explora.cl\/rmsuroriente\/2-olimpiadas-de-energia-y-medio-ambiente-comunales-se-realizan-en-penalolen\/"]}]},{"@type":"ImageObject","inLanguage":"es-CL","@id":"https:\/\/explora.cl\/rmsuroriente\/2-olimpiadas-de-energia-y-medio-ambiente-comunales-se-realizan-en-penalolen\/#primaryimage","url":"https:\/\/explora.cl\/rmsuroriente\/wp-content\/uploads\/sites\/12\/2018\/12\/foto-web-pe\u00f1a.jpg","contentUrl":"https:\/\/explora.cl\/rmsuroriente\/wp-content\/uploads\/sites\/12\/2018\/12\/foto-web-pe\u00f1a.jpg","width":1000,"height":666},{"@type":"BreadcrumbList","@id":"https:\/\/explora.cl\/rmsuroriente\/2-olimpiadas-de-energia-y-medio-ambiente-comunales-se-realizan-en-penalolen\/#breadcrumb","itemListElement":[{"@type":"ListItem","position":1,"name":"Portada","item":"https:\/\/explora.cl\/rmsuroriente\/"},{"@type":"ListItem","position":2,"name":"2\u00b0 Olimpiadas de Energ\u00eda y Medio Ambiente Comunales se realizan en Pe\u00f1alol\u00e9n"}]},{"@type":"WebSite","@id":"https:\/\/explora.cl\/rmsuroriente\/#website","url":"https:\/\/explora.cl\/rmsuroriente\/","name":"RM Sur Oriente","description":"Otro sitio m\u00e1s de explora.cl","publisher":{"@id":"https:\/\/explora.cl\/rmsuroriente\/#organization"},"potentialAction":[{"@type":"SearchAction","target":{"@type":"EntryPoint","urlTemplate":"https:\/\/explora.cl\/rmsuroriente\/?s={search_term_string}"},"query-input":{"@type":"PropertyValueSpecification","valueRequired":true,"valueName":"search_term_string"}}],"inLanguage":"es-CL"},{"@type":"Organization","@id":"https:\/\/explora.cl\/rmsuroriente\/#organization","name":"RM Sur Oriente","url":"https:\/\/explora.cl\/rmsuroriente\/","logo":{"@type":"ImageObject","inLanguage":"es-CL","@id":"https:\/\/explora.cl\/rmsuroriente\/#\/schema\/logo\/image\/","url":"https:\/\/explora.cl\/rmsuroriente\/wp-content\/uploads\/sites\/12\/2025\/04\/cropped-LogoPAR_RMSO-Azul-UC.png","contentUrl":"https:\/\/explora.cl\/rmsuroriente\/wp-content\/uploads\/sites\/12\/2025\/04\/cropped-LogoPAR_RMSO-Azul-UC.png","width":411,"height":409,"caption":"RM Sur Oriente"},"image":{"@id":"https:\/\/explora.cl\/rmsuroriente\/#\/schema\/logo\/image\/"}},{"@type":"Person","@id":"https:\/\/explora.cl\/rmsuroriente\/#\/schema\/person\/cb8349c13ea2d324080adf8480d7ba5d","name":"webman","image":{"@type":"ImageObject","inLanguage":"es-CL","@id":"https:\/\/explora.cl\/rmsuroriente\/#\/schema\/person\/image\/","url":"https:\/\/secure.gravatar.com\/avatar\/eeff3c82f2c02f7177d13663b7e6f890e9a6a0647ce9bb29cae02dcb094c7312?s=96&d=mm&r=g","contentUrl":"https:\/\/secure.gravatar.com\/avatar\/eeff3c82f2c02f7177d13663b7e6f890e9a6a0647ce9bb29cae02dcb094c7312?s=96&d=mm&r=g","caption":"webman"},"url":"https:\/\/explora.cl\/rmsuroriente\/author\/webman\/"}]}},"_links":{"self":[{"href":"https:\/\/explora.cl\/rmsuroriente\/wp-json\/wp\/v2\/posts\/37235","targetHints":{"allow":["GET"]}}],"collection":[{"href":"https:\/\/explora.cl\/rmsuroriente\/wp-json\/wp\/v2\/posts"}],"about":[{"href":"https:\/\/explora.cl\/rmsuroriente\/wp-json\/wp\/v2\/types\/post"}],"author":[{"embeddable":true,"href":"https:\/\/explora.cl\/rmsuroriente\/wp-json\/wp\/v2\/users\/2"}],"replies":[{"embeddable":true,"href":"https:\/\/explora.cl\/rmsuroriente\/wp-json\/wp\/v2\/comments?post=37235"}],"version-history":[{"count":1,"href":"https:\/\/explora.cl\/rmsuroriente\/wp-json\/wp\/v2\/posts\/37235\/revisions"}],"predecessor-version":[{"id":37566,"href":"https:\/\/explora.cl\/rmsuroriente\/wp-json\/wp\/v2\/posts\/37235\/revisions\/37566"}],"wp:featuredmedia":[{"embeddable":true,"href":"https:\/\/explora.cl\/rmsuroriente\/wp-json\/wp\/v2\/media\/37239"}],"wp:attachment":[{"href":"https:\/\/explora.cl\/rmsuroriente\/wp-json\/wp\/v2\/media?parent=37235"}],"wp:term":[{"taxonomy":"category","embeddable":true,"href":"https:\/\/explora.cl\/rmsuroriente\/wp-json\/wp\/v2\/categories?post=37235"},{"taxonomy":"post_tag","embeddable":true,"href":"https:\/\/explora.cl\/rmsuroriente\/wp-json\/wp\/v2\/tags?post=37235"}],"curies":[{"name":"wp","href":"https:\/\/api.w.org\/{rel}","templated":true}]}}