{"id":37217,"date":"2018-12-03T09:46:53","date_gmt":"2018-12-03T13:46:53","guid":{"rendered":"https:\/\/explora.cl\/rmsuroriente\/?p=37217"},"modified":"2019-05-20T17:31:19","modified_gmt":"2019-05-20T17:31:19","slug":"conoce-a-los-ganadores-del-xiii-congreso-regional-escolar-de-ciencia-y-tecnologia-2","status":"publish","type":"post","link":"https:\/\/explora.cl\/rmsuroriente\/conoce-a-los-ganadores-del-xiii-congreso-regional-escolar-de-ciencia-y-tecnologia-2\/","title":{"rendered":"Conoce a los ganadores del XIII Congreso Regional Escolar de Ciencia y Tecnolog\u00eda"},"content":{"rendered":"<p><img fetchpriority=\"high\" decoding=\"async\" class=\"size-medium wp-image-37207 alignleft\" src=\"https:\/\/explora.cl\/rmsuroriente\/wp-content\/uploads\/sites\/12\/2018\/11\/congreso-web-8-300x209.jpg\" alt=\"\" width=\"300\" height=\"209\" srcset=\"https:\/\/explora.cl\/rmsuroriente\/wp-content\/uploads\/sites\/12\/2018\/11\/congreso-web-8-300x209.jpg 300w, https:\/\/explora.cl\/rmsuroriente\/wp-content\/uploads\/sites\/12\/2018\/11\/congreso-web-8-768x535.jpg 768w, https:\/\/explora.cl\/rmsuroriente\/wp-content\/uploads\/sites\/12\/2018\/11\/congreso-web-8.jpg 860w\" sizes=\"(max-width: 300px) 100vw, 300px\" \/>La ceremonia de premiaci\u00f3n del XIII Congreso Regional Escolar de la Ciencia y la Tecnolog\u00eda, PAR Explora de CONICYT Regi\u00f3n Metropolitana Sur Oriente, se realiz\u00f3 el pasado s\u00e1bado 27 de octubre en el Sal\u00f3n Gorbea de la Facultad de Ciencias F\u00edsicas y Matem\u00e1ticas de la Universidad de Chile. El acto solemne, estuvo encabezado por Carola Guti\u00e9rrez, Directora del PAR Explora de CONICYT RM Sur Oriente y el Dr. Mario Maino, Decano de Facultad de Ciencias Veterinarias y Pecuarias de la Universidad de Chile.<br \/>\nEn dicha oportunidad, el Decano recalc\u00f3 la importancia de alojar estos eventos dentro de la instituci\u00f3n. \u201cSiento que como Universidad es una obligaci\u00f3n fomentar la investigaci\u00f3n escolar. El efecto positivo que tiene el conocimiento cient\u00edfico cuando se introduce en nuestras vidas, instituciones y empresas, es de tal magnitud que separa a los pa\u00edses que les va bien de los pa\u00edses que les va mal. Esto nos obliga tener muchos cient\u00edficos y cient\u00edficas. Por lo tanto, contribuir en esa formaci\u00f3n para nosotros resulta fundamental para darle sostenibilidad y futuro a nuestro pa\u00eds\u201d.<br \/>\n<img decoding=\"async\" class=\"alignnone size-medium wp-image-37206 alignleft\" src=\"https:\/\/explora.cl\/rmsuroriente\/wp-content\/uploads\/sites\/12\/2018\/11\/congreso-web-7-300x190.jpg\" alt=\"\" width=\"300\" height=\"190\" srcset=\"https:\/\/explora.cl\/rmsuroriente\/wp-content\/uploads\/sites\/12\/2018\/11\/congreso-web-7-300x190.jpg 300w, https:\/\/explora.cl\/rmsuroriente\/wp-content\/uploads\/sites\/12\/2018\/11\/congreso-web-7-768x487.jpg 768w, https:\/\/explora.cl\/rmsuroriente\/wp-content\/uploads\/sites\/12\/2018\/11\/congreso-web-7.jpg 915w\" sizes=\"(max-width: 300px) 100vw, 300px\" \/>El primer lugar de la categor\u00eda Ense\u00f1anza Media, lo obtuvo el proyecto del Colegio El Bosque de Puente Alto, \u201cElaboraci\u00f3n de material biodegradable a partir de agar-agar para sustituir el pl\u00e1stico de las pajitas o bombillas\u201d. Tras ganar el premio, Catalina Bustos, expositora del proyecto ganador, explic\u00f3 c\u00f3mo fue la preparaci\u00f3n que tuvo ella y su equipo para llevar a cabo el proyecto. \u201cTuvimos que investigar muchos aspectos que abordaban lo econ\u00f3mico, lo cultural y lo alimenticio. Trabajamos harto, aunque ten\u00edamos algo avanzado, gracias a investigaciones de proyectos de a\u00f1os anteriores relacionados con el reciclaje\u201d, puntualiz\u00f3.<br \/>\n<img decoding=\"async\" class=\"alignnone size-medium wp-image-37205 alignleft\" src=\"https:\/\/explora.cl\/rmsuroriente\/wp-content\/uploads\/sites\/12\/2018\/11\/congreso-web-6-300x200.jpg\" alt=\"\" width=\"300\" height=\"200\" srcset=\"https:\/\/explora.cl\/rmsuroriente\/wp-content\/uploads\/sites\/12\/2018\/11\/congreso-web-6-300x200.jpg 300w, https:\/\/explora.cl\/rmsuroriente\/wp-content\/uploads\/sites\/12\/2018\/11\/congreso-web-6-768x511.jpg 768w, https:\/\/explora.cl\/rmsuroriente\/wp-content\/uploads\/sites\/12\/2018\/11\/congreso-web-6.jpg 1000w\" sizes=\"(max-width: 300px) 100vw, 300px\" \/>La mayor\u00eda de los proyectos seleccionados son producto de meses de esfuerzo y trabajo, donde tanto estudiantes como profesores dedican tiempo extra, dentro de su larga jornada educativa, para trabajar en proyectos de investigaci\u00f3n cient\u00edfica escolar. Por ello, Catalina Bustos, solo tuvo elogios para su profesor asesor Hugo Pe\u00f1ailillo. \u201cNos apoy\u00f3 desde el inicio, entreg\u00e1ndonos muchas horas extras de clase. Su ayuda no fue solo como docente, sino que tambi\u00e9n como persona. Principalmente porque cree que nuestro proyecto puede tener un muy buen impacto en la sociedad. Porque las bombillas contaminan mucho y la gente las consume sin pensar todo el da\u00f1o que generan\u201d, finaliz\u00f3.<br \/>\n<strong>Ganadores y Reconocimientos<\/strong><br \/>\nFueron 40 los proyectos seleccionados los que se evaluaron con una rigurosa pauta que abarcaba desde la investigaci\u00f3n previa hasta la presentaci\u00f3n oral. Esta tarea estuvo a cargo de un equipo evaluador compuesto por 26 profesionales.<br \/>\nLos dos proyectos ganadores en las categor\u00edas Educaci\u00f3n B\u00e1sica y Educaci\u00f3n Media, obtuvieron un cupo al XIX Congreso Nacional Escolar de la Ciencia y la Tecnolog\u00eda del Programa Explora de CONICYT, que se celebrar\u00e1 entre los d\u00edas 26 y 28 de noviembre de 2018 en la Universidad de Concepci\u00f3n, Regi\u00f3n del B\u00edo-B\u00edo.<br \/>\n<strong>Ganadores Categor\u00eda Ense\u00f1anza B\u00e1sica<\/strong><\/p>\n<ul>\n<li><strong>1er lugar<\/strong>: Proyecto \u201cHortalizas v\/s. Bacterias\u201d (Efecto antimicrobiano de extractos obtenidos desde cilantro, ajo y perejil sobre bacterias Escherichia coli y Staphylococcus), Colegio Salesiano Domingo Savio, comuna de San Ram\u00f3n.<\/li>\n<li><strong>2do lugar:<\/strong> Proyecto \u201cFruta seca en casa\u201d, Colegio Chile Educacional, comuna de San Miguel.<\/li>\n<li><strong>3er lugar:<\/strong> Proyecto \u201cLa luz UV un agente antimicrobial en aguas contaminadas\u201d, Colegio El Bosque, comuna de Puente Alto.<\/li>\n<\/ul>\n<p><strong>Ganadores Categor\u00eda Educaci\u00f3n Media<\/strong><\/p>\n<ul>\n<li><strong>1er lugar<\/strong>: Proyecto \u201cElaboraci\u00f3n de material biodegradable a partir de agar-agar para sustituir el pl\u00e1stico de las pajitas o bombillas\u201d, Colegio El Bosque, comuna de Puente Alto.<\/li>\n<li><strong>2do<\/strong> <strong>lugar<\/strong>: \u201cInvestigaci\u00f3n de causa ambiental que origin\u00f3 varaz\u00f3n de poliquetos en Playa Albatros, comuna de Quinteros\u201d, del Centro Educacional Santa Rosa, comuna de La Cisterna.<\/li>\n<li><strong>3er lugar<\/strong>: Proyecto \u201cLadrillos marinos\u201d, Liceo Los Almendros, comuna de La Cisterna.<\/li>\n<\/ul>\n<p><strong>Reconocimientos<\/strong><br \/>\n<strong>Mejor Presentaci\u00f3n en Stand\u00a0 <\/strong><\/p>\n<ul>\n<li><strong>Categor\u00eda Educaci\u00f3n B\u00e1sica: <\/strong>Proyecto \u201cRabanitos escolares con humus\u201d, Escuela B\u00e1sica Quitalmahue, comuna de Puente Alto.<\/li>\n<li><strong>Categor\u00eda Educaci\u00f3n Media<\/strong>: Proyecto \u201cAnton Microscope\u201d, Liceo Antonio Hermida Fabres, comuna de Pe\u00f1alol\u00e9n.<\/li>\n<\/ul>\n<p><strong>Mejor Presentaci\u00f3n Oral <\/strong><\/p>\n<ul>\n<li><strong>Categor\u00eda Educaci\u00f3n B\u00e1sica<\/strong>: Proyecto \u201cFruta seca en casa\u201d, Colegio Chile Educacional, comuna de San Miguel.<\/li>\n<li><strong>Categor\u00eda Educaci\u00f3n Media<\/strong>: Proyecto \u201cEl papel, uno de los grandes problemas en la Tierra. \u00bfSer\u00e1 que tiene soluci\u00f3n?\u201d, Colegio Manantial de la Florida, comuna de La Florida.<\/li>\n<\/ul>\n<p><strong>Mejor Presentaci\u00f3n en la Categor\u00eda P\u00f3ster <\/strong><\/p>\n<ul>\n<li>Proyecto \u201cSobrepeso v\/s rendimiento escolar (Estudio de la relaci\u00f3n entre el sobrepeso y el rendimiento acad\u00e9mico en estudiantes de tercero b\u00e1sico del Colegio Salesiano Domingo Savio)\u201d, Colegio Salesiano Domingo Savio, comuna de San Ram\u00f3n.<\/li>\n<\/ul>\n","protected":false},"excerpt":{"rendered":"<p>La ceremonia de premiaci\u00f3n del XIII Congreso Regional Escolar de la Ciencia y la Tecnolog\u00eda, PAR Explora de CONICYT Regi\u00f3n Metropolitana Sur Oriente, se realiz\u00f3 el pasado s\u00e1bado 27 de octubre en el Sal\u00f3n Gorbea de la Facultad de Ciencias F\u00edsicas y Matem\u00e1ticas de la Universidad de Chile. El acto solemne, estuvo encabezado por Carola [&hellip;]<\/p>\n","protected":false},"author":2,"featured_media":37206,"comment_status":"closed","ping_status":"open","sticky":false,"template":"","format":"standard","meta":{"_acf_changed":false,"_exactmetrics_skip_tracking":false,"_exactmetrics_sitenote_active":false,"_exactmetrics_sitenote_note":"","_exactmetrics_sitenote_category":0,"footnotes":"","_links_to":"","_links_to_target":""},"categories":[4],"tags":[173,174,175,176,171],"class_list":["post-37217","post","type-post","status-publish","format-standard","has-post-thumbnail","hentry","category-noticias","tag-cogreso-regional-escolar","tag-escolares-chile","tag-investigacion-cientifico-escolar","tag-investigacion-de-ciencia-y-tecnologia","tag-investigacion-escolar"],"acf":[],"yoast_head":"<!-- This site is optimized with the Yoast SEO plugin v26.9 - https:\/\/yoast.com\/product\/yoast-seo-wordpress\/ -->\n<title>Conoce a los ganadores del XIII Congreso Regional Escolar de Ciencia y Tecnolog\u00eda - RM Sur Oriente<\/title>\n<meta name=\"robots\" content=\"index, follow, max-snippet:-1, max-image-preview:large, max-video-preview:-1\" \/>\n<link rel=\"canonical\" href=\"https:\/\/explora.cl\/rmsuroriente\/conoce-a-los-ganadores-del-xiii-congreso-regional-escolar-de-ciencia-y-tecnologia-2\/\" class=\"yoast-seo-meta-tag\" \/>\n<meta property=\"og:locale\" content=\"es_ES\" class=\"yoast-seo-meta-tag\" \/>\n<meta property=\"og:type\" content=\"article\" class=\"yoast-seo-meta-tag\" \/>\n<meta property=\"og:title\" content=\"Conoce a los ganadores del XIII Congreso Regional Escolar de Ciencia y Tecnolog\u00eda - RM Sur Oriente\" class=\"yoast-seo-meta-tag\" \/>\n<meta property=\"og:description\" content=\"La ceremonia de premiaci\u00f3n del XIII Congreso Regional Escolar de la Ciencia y la Tecnolog\u00eda, PAR Explora de CONICYT Regi\u00f3n Metropolitana Sur Oriente, se realiz\u00f3 el pasado s\u00e1bado 27 de octubre en el Sal\u00f3n Gorbea de la Facultad de Ciencias F\u00edsicas y Matem\u00e1ticas de la Universidad de Chile. El acto solemne, estuvo encabezado por Carola [&hellip;]\" class=\"yoast-seo-meta-tag\" \/>\n<meta property=\"og:url\" content=\"https:\/\/explora.cl\/rmsuroriente\/conoce-a-los-ganadores-del-xiii-congreso-regional-escolar-de-ciencia-y-tecnologia-2\/\" class=\"yoast-seo-meta-tag\" \/>\n<meta property=\"og:site_name\" content=\"RM Sur Oriente\" class=\"yoast-seo-meta-tag\" \/>\n<meta property=\"article:published_time\" content=\"2018-12-03T13:46:53+00:00\" class=\"yoast-seo-meta-tag\" \/>\n<meta property=\"article:modified_time\" content=\"2019-05-20T17:31:19+00:00\" class=\"yoast-seo-meta-tag\" \/>\n<meta property=\"og:image\" content=\"https:\/\/explora.cl\/rmsuroriente\/wp-content\/uploads\/sites\/12\/2018\/11\/congreso-web-7.jpg\" class=\"yoast-seo-meta-tag\" \/>\n\t<meta property=\"og:image:width\" content=\"915\" class=\"yoast-seo-meta-tag\" \/>\n\t<meta property=\"og:image:height\" content=\"580\" class=\"yoast-seo-meta-tag\" \/>\n\t<meta property=\"og:image:type\" content=\"image\/jpeg\" class=\"yoast-seo-meta-tag\" \/>\n<meta name=\"author\" content=\"webman\" class=\"yoast-seo-meta-tag\" \/>\n<meta name=\"twitter:card\" content=\"summary_large_image\" class=\"yoast-seo-meta-tag\" \/>\n<meta name=\"twitter:label1\" content=\"Escrito por\" class=\"yoast-seo-meta-tag\" \/>\n\t<meta name=\"twitter:data1\" content=\"webman\" class=\"yoast-seo-meta-tag\" \/>\n\t<meta name=\"twitter:label2\" content=\"Tiempo estimado de lectura\" class=\"yoast-seo-meta-tag\" \/>\n\t<meta name=\"twitter:data2\" content=\"4 minutos\" class=\"yoast-seo-meta-tag\" \/>\n<script type=\"application\/ld+json\" class=\"yoast-schema-graph\">{\"@context\":\"https:\/\/schema.org\",\"@graph\":[{\"@type\":\"Article\",\"@id\":\"https:\/\/explora.cl\/rmsuroriente\/conoce-a-los-ganadores-del-xiii-congreso-regional-escolar-de-ciencia-y-tecnologia-2\/#article\",\"isPartOf\":{\"@id\":\"https:\/\/explora.cl\/rmsuroriente\/conoce-a-los-ganadores-del-xiii-congreso-regional-escolar-de-ciencia-y-tecnologia-2\/\"},\"author\":{\"name\":\"webman\",\"@id\":\"https:\/\/explora.cl\/rmsuroriente\/#\/schema\/person\/cb8349c13ea2d324080adf8480d7ba5d\"},\"headline\":\"Conoce a los ganadores del XIII Congreso Regional Escolar de Ciencia y Tecnolog\u00eda\",\"datePublished\":\"2018-12-03T13:46:53+00:00\",\"dateModified\":\"2019-05-20T17:31:19+00:00\",\"mainEntityOfPage\":{\"@id\":\"https:\/\/explora.cl\/rmsuroriente\/conoce-a-los-ganadores-del-xiii-congreso-regional-escolar-de-ciencia-y-tecnologia-2\/\"},\"wordCount\":809,\"publisher\":{\"@id\":\"https:\/\/explora.cl\/rmsuroriente\/#organization\"},\"image\":{\"@id\":\"https:\/\/explora.cl\/rmsuroriente\/conoce-a-los-ganadores-del-xiii-congreso-regional-escolar-de-ciencia-y-tecnologia-2\/#primaryimage\"},\"thumbnailUrl\":\"https:\/\/explora.cl\/rmsuroriente\/wp-content\/uploads\/sites\/12\/2018\/11\/congreso-web-7.jpg\",\"keywords\":[\"cogreso regional escolar\",\"escolares chile\",\"investigaci\u00f3n cient\u00edfico escolar\",\"investigaci\u00f3n de ciencia y tecnolog\u00eda\",\"investigaci\u00f3n escolar\"],\"articleSection\":[\"Noticias\"],\"inLanguage\":\"es-CL\"},{\"@type\":\"WebPage\",\"@id\":\"https:\/\/explora.cl\/rmsuroriente\/conoce-a-los-ganadores-del-xiii-congreso-regional-escolar-de-ciencia-y-tecnologia-2\/\",\"url\":\"https:\/\/explora.cl\/rmsuroriente\/conoce-a-los-ganadores-del-xiii-congreso-regional-escolar-de-ciencia-y-tecnologia-2\/\",\"name\":\"Conoce a los ganadores del XIII Congreso Regional Escolar de Ciencia y Tecnolog\u00eda - RM Sur Oriente\",\"isPartOf\":{\"@id\":\"https:\/\/explora.cl\/rmsuroriente\/#website\"},\"primaryImageOfPage\":{\"@id\":\"https:\/\/explora.cl\/rmsuroriente\/conoce-a-los-ganadores-del-xiii-congreso-regional-escolar-de-ciencia-y-tecnologia-2\/#primaryimage\"},\"image\":{\"@id\":\"https:\/\/explora.cl\/rmsuroriente\/conoce-a-los-ganadores-del-xiii-congreso-regional-escolar-de-ciencia-y-tecnologia-2\/#primaryimage\"},\"thumbnailUrl\":\"https:\/\/explora.cl\/rmsuroriente\/wp-content\/uploads\/sites\/12\/2018\/11\/congreso-web-7.jpg\",\"datePublished\":\"2018-12-03T13:46:53+00:00\",\"dateModified\":\"2019-05-20T17:31:19+00:00\",\"breadcrumb\":{\"@id\":\"https:\/\/explora.cl\/rmsuroriente\/conoce-a-los-ganadores-del-xiii-congreso-regional-escolar-de-ciencia-y-tecnologia-2\/#breadcrumb\"},\"inLanguage\":\"es-CL\",\"potentialAction\":[{\"@type\":\"ReadAction\",\"target\":[\"https:\/\/explora.cl\/rmsuroriente\/conoce-a-los-ganadores-del-xiii-congreso-regional-escolar-de-ciencia-y-tecnologia-2\/\"]}]},{\"@type\":\"ImageObject\",\"inLanguage\":\"es-CL\",\"@id\":\"https:\/\/explora.cl\/rmsuroriente\/conoce-a-los-ganadores-del-xiii-congreso-regional-escolar-de-ciencia-y-tecnologia-2\/#primaryimage\",\"url\":\"https:\/\/explora.cl\/rmsuroriente\/wp-content\/uploads\/sites\/12\/2018\/11\/congreso-web-7.jpg\",\"contentUrl\":\"https:\/\/explora.cl\/rmsuroriente\/wp-content\/uploads\/sites\/12\/2018\/11\/congreso-web-7.jpg\",\"width\":915,\"height\":580},{\"@type\":\"BreadcrumbList\",\"@id\":\"https:\/\/explora.cl\/rmsuroriente\/conoce-a-los-ganadores-del-xiii-congreso-regional-escolar-de-ciencia-y-tecnologia-2\/#breadcrumb\",\"itemListElement\":[{\"@type\":\"ListItem\",\"position\":1,\"name\":\"Portada\",\"item\":\"https:\/\/explora.cl\/rmsuroriente\/\"},{\"@type\":\"ListItem\",\"position\":2,\"name\":\"Conoce a los ganadores del XIII Congreso Regional Escolar de Ciencia y Tecnolog\u00eda\"}]},{\"@type\":\"WebSite\",\"@id\":\"https:\/\/explora.cl\/rmsuroriente\/#website\",\"url\":\"https:\/\/explora.cl\/rmsuroriente\/\",\"name\":\"RM Sur Oriente\",\"description\":\"Otro sitio m\u00e1s de explora.cl\",\"publisher\":{\"@id\":\"https:\/\/explora.cl\/rmsuroriente\/#organization\"},\"potentialAction\":[{\"@type\":\"SearchAction\",\"target\":{\"@type\":\"EntryPoint\",\"urlTemplate\":\"https:\/\/explora.cl\/rmsuroriente\/?s={search_term_string}\"},\"query-input\":{\"@type\":\"PropertyValueSpecification\",\"valueRequired\":true,\"valueName\":\"search_term_string\"}}],\"inLanguage\":\"es-CL\"},{\"@type\":\"Organization\",\"@id\":\"https:\/\/explora.cl\/rmsuroriente\/#organization\",\"name\":\"RM Sur Oriente\",\"url\":\"https:\/\/explora.cl\/rmsuroriente\/\",\"logo\":{\"@type\":\"ImageObject\",\"inLanguage\":\"es-CL\",\"@id\":\"https:\/\/explora.cl\/rmsuroriente\/#\/schema\/logo\/image\/\",\"url\":\"https:\/\/explora.cl\/rmsuroriente\/wp-content\/uploads\/sites\/12\/2025\/04\/cropped-LogoPAR_RMSO-Azul-UC.png\",\"contentUrl\":\"https:\/\/explora.cl\/rmsuroriente\/wp-content\/uploads\/sites\/12\/2025\/04\/cropped-LogoPAR_RMSO-Azul-UC.png\",\"width\":411,\"height\":409,\"caption\":\"RM Sur Oriente\"},\"image\":{\"@id\":\"https:\/\/explora.cl\/rmsuroriente\/#\/schema\/logo\/image\/\"}},{\"@type\":\"Person\",\"@id\":\"https:\/\/explora.cl\/rmsuroriente\/#\/schema\/person\/cb8349c13ea2d324080adf8480d7ba5d\",\"name\":\"webman\",\"image\":{\"@type\":\"ImageObject\",\"inLanguage\":\"es-CL\",\"@id\":\"https:\/\/explora.cl\/rmsuroriente\/#\/schema\/person\/image\/\",\"url\":\"https:\/\/secure.gravatar.com\/avatar\/eeff3c82f2c02f7177d13663b7e6f890e9a6a0647ce9bb29cae02dcb094c7312?s=96&d=mm&r=g\",\"contentUrl\":\"https:\/\/secure.gravatar.com\/avatar\/eeff3c82f2c02f7177d13663b7e6f890e9a6a0647ce9bb29cae02dcb094c7312?s=96&d=mm&r=g\",\"caption\":\"webman\"},\"url\":\"https:\/\/explora.cl\/rmsuroriente\/author\/webman\/\"}]}<\/script>\n<!-- \/ Yoast SEO plugin. -->","yoast_head_json":{"title":"Conoce a los ganadores del XIII Congreso Regional Escolar de Ciencia y Tecnolog\u00eda - RM Sur Oriente","robots":{"index":"index","follow":"follow","max-snippet":"max-snippet:-1","max-image-preview":"max-image-preview:large","max-video-preview":"max-video-preview:-1"},"canonical":"https:\/\/explora.cl\/rmsuroriente\/conoce-a-los-ganadores-del-xiii-congreso-regional-escolar-de-ciencia-y-tecnologia-2\/","og_locale":"es_ES","og_type":"article","og_title":"Conoce a los ganadores del XIII Congreso Regional Escolar de Ciencia y Tecnolog\u00eda - RM Sur Oriente","og_description":"La ceremonia de premiaci\u00f3n del XIII Congreso Regional Escolar de la Ciencia y la Tecnolog\u00eda, PAR Explora de CONICYT Regi\u00f3n Metropolitana Sur Oriente, se realiz\u00f3 el pasado s\u00e1bado 27 de octubre en el Sal\u00f3n Gorbea de la Facultad de Ciencias F\u00edsicas y Matem\u00e1ticas de la Universidad de Chile. El acto solemne, estuvo encabezado por Carola [&hellip;]","og_url":"https:\/\/explora.cl\/rmsuroriente\/conoce-a-los-ganadores-del-xiii-congreso-regional-escolar-de-ciencia-y-tecnologia-2\/","og_site_name":"RM Sur Oriente","article_published_time":"2018-12-03T13:46:53+00:00","article_modified_time":"2019-05-20T17:31:19+00:00","og_image":[{"width":915,"height":580,"url":"https:\/\/explora.cl\/rmsuroriente\/wp-content\/uploads\/sites\/12\/2018\/11\/congreso-web-7.jpg","type":"image\/jpeg"}],"author":"webman","twitter_card":"summary_large_image","twitter_misc":{"Escrito por":"webman","Tiempo estimado de lectura":"4 minutos"},"schema":{"@context":"https:\/\/schema.org","@graph":[{"@type":"Article","@id":"https:\/\/explora.cl\/rmsuroriente\/conoce-a-los-ganadores-del-xiii-congreso-regional-escolar-de-ciencia-y-tecnologia-2\/#article","isPartOf":{"@id":"https:\/\/explora.cl\/rmsuroriente\/conoce-a-los-ganadores-del-xiii-congreso-regional-escolar-de-ciencia-y-tecnologia-2\/"},"author":{"name":"webman","@id":"https:\/\/explora.cl\/rmsuroriente\/#\/schema\/person\/cb8349c13ea2d324080adf8480d7ba5d"},"headline":"Conoce a los ganadores del XIII Congreso Regional Escolar de Ciencia y Tecnolog\u00eda","datePublished":"2018-12-03T13:46:53+00:00","dateModified":"2019-05-20T17:31:19+00:00","mainEntityOfPage":{"@id":"https:\/\/explora.cl\/rmsuroriente\/conoce-a-los-ganadores-del-xiii-congreso-regional-escolar-de-ciencia-y-tecnologia-2\/"},"wordCount":809,"publisher":{"@id":"https:\/\/explora.cl\/rmsuroriente\/#organization"},"image":{"@id":"https:\/\/explora.cl\/rmsuroriente\/conoce-a-los-ganadores-del-xiii-congreso-regional-escolar-de-ciencia-y-tecnologia-2\/#primaryimage"},"thumbnailUrl":"https:\/\/explora.cl\/rmsuroriente\/wp-content\/uploads\/sites\/12\/2018\/11\/congreso-web-7.jpg","keywords":["cogreso regional escolar","escolares chile","investigaci\u00f3n cient\u00edfico escolar","investigaci\u00f3n de ciencia y tecnolog\u00eda","investigaci\u00f3n escolar"],"articleSection":["Noticias"],"inLanguage":"es-CL"},{"@type":"WebPage","@id":"https:\/\/explora.cl\/rmsuroriente\/conoce-a-los-ganadores-del-xiii-congreso-regional-escolar-de-ciencia-y-tecnologia-2\/","url":"https:\/\/explora.cl\/rmsuroriente\/conoce-a-los-ganadores-del-xiii-congreso-regional-escolar-de-ciencia-y-tecnologia-2\/","name":"Conoce a los ganadores del XIII Congreso Regional Escolar de Ciencia y Tecnolog\u00eda - RM Sur Oriente","isPartOf":{"@id":"https:\/\/explora.cl\/rmsuroriente\/#website"},"primaryImageOfPage":{"@id":"https:\/\/explora.cl\/rmsuroriente\/conoce-a-los-ganadores-del-xiii-congreso-regional-escolar-de-ciencia-y-tecnologia-2\/#primaryimage"},"image":{"@id":"https:\/\/explora.cl\/rmsuroriente\/conoce-a-los-ganadores-del-xiii-congreso-regional-escolar-de-ciencia-y-tecnologia-2\/#primaryimage"},"thumbnailUrl":"https:\/\/explora.cl\/rmsuroriente\/wp-content\/uploads\/sites\/12\/2018\/11\/congreso-web-7.jpg","datePublished":"2018-12-03T13:46:53+00:00","dateModified":"2019-05-20T17:31:19+00:00","breadcrumb":{"@id":"https:\/\/explora.cl\/rmsuroriente\/conoce-a-los-ganadores-del-xiii-congreso-regional-escolar-de-ciencia-y-tecnologia-2\/#breadcrumb"},"inLanguage":"es-CL","potentialAction":[{"@type":"ReadAction","target":["https:\/\/explora.cl\/rmsuroriente\/conoce-a-los-ganadores-del-xiii-congreso-regional-escolar-de-ciencia-y-tecnologia-2\/"]}]},{"@type":"ImageObject","inLanguage":"es-CL","@id":"https:\/\/explora.cl\/rmsuroriente\/conoce-a-los-ganadores-del-xiii-congreso-regional-escolar-de-ciencia-y-tecnologia-2\/#primaryimage","url":"https:\/\/explora.cl\/rmsuroriente\/wp-content\/uploads\/sites\/12\/2018\/11\/congreso-web-7.jpg","contentUrl":"https:\/\/explora.cl\/rmsuroriente\/wp-content\/uploads\/sites\/12\/2018\/11\/congreso-web-7.jpg","width":915,"height":580},{"@type":"BreadcrumbList","@id":"https:\/\/explora.cl\/rmsuroriente\/conoce-a-los-ganadores-del-xiii-congreso-regional-escolar-de-ciencia-y-tecnologia-2\/#breadcrumb","itemListElement":[{"@type":"ListItem","position":1,"name":"Portada","item":"https:\/\/explora.cl\/rmsuroriente\/"},{"@type":"ListItem","position":2,"name":"Conoce a los ganadores del XIII Congreso Regional Escolar de Ciencia y Tecnolog\u00eda"}]},{"@type":"WebSite","@id":"https:\/\/explora.cl\/rmsuroriente\/#website","url":"https:\/\/explora.cl\/rmsuroriente\/","name":"RM Sur Oriente","description":"Otro sitio m\u00e1s de explora.cl","publisher":{"@id":"https:\/\/explora.cl\/rmsuroriente\/#organization"},"potentialAction":[{"@type":"SearchAction","target":{"@type":"EntryPoint","urlTemplate":"https:\/\/explora.cl\/rmsuroriente\/?s={search_term_string}"},"query-input":{"@type":"PropertyValueSpecification","valueRequired":true,"valueName":"search_term_string"}}],"inLanguage":"es-CL"},{"@type":"Organization","@id":"https:\/\/explora.cl\/rmsuroriente\/#organization","name":"RM Sur Oriente","url":"https:\/\/explora.cl\/rmsuroriente\/","logo":{"@type":"ImageObject","inLanguage":"es-CL","@id":"https:\/\/explora.cl\/rmsuroriente\/#\/schema\/logo\/image\/","url":"https:\/\/explora.cl\/rmsuroriente\/wp-content\/uploads\/sites\/12\/2025\/04\/cropped-LogoPAR_RMSO-Azul-UC.png","contentUrl":"https:\/\/explora.cl\/rmsuroriente\/wp-content\/uploads\/sites\/12\/2025\/04\/cropped-LogoPAR_RMSO-Azul-UC.png","width":411,"height":409,"caption":"RM Sur Oriente"},"image":{"@id":"https:\/\/explora.cl\/rmsuroriente\/#\/schema\/logo\/image\/"}},{"@type":"Person","@id":"https:\/\/explora.cl\/rmsuroriente\/#\/schema\/person\/cb8349c13ea2d324080adf8480d7ba5d","name":"webman","image":{"@type":"ImageObject","inLanguage":"es-CL","@id":"https:\/\/explora.cl\/rmsuroriente\/#\/schema\/person\/image\/","url":"https:\/\/secure.gravatar.com\/avatar\/eeff3c82f2c02f7177d13663b7e6f890e9a6a0647ce9bb29cae02dcb094c7312?s=96&d=mm&r=g","contentUrl":"https:\/\/secure.gravatar.com\/avatar\/eeff3c82f2c02f7177d13663b7e6f890e9a6a0647ce9bb29cae02dcb094c7312?s=96&d=mm&r=g","caption":"webman"},"url":"https:\/\/explora.cl\/rmsuroriente\/author\/webman\/"}]}},"_links":{"self":[{"href":"https:\/\/explora.cl\/rmsuroriente\/wp-json\/wp\/v2\/posts\/37217","targetHints":{"allow":["GET"]}}],"collection":[{"href":"https:\/\/explora.cl\/rmsuroriente\/wp-json\/wp\/v2\/posts"}],"about":[{"href":"https:\/\/explora.cl\/rmsuroriente\/wp-json\/wp\/v2\/types\/post"}],"author":[{"embeddable":true,"href":"https:\/\/explora.cl\/rmsuroriente\/wp-json\/wp\/v2\/users\/2"}],"replies":[{"embeddable":true,"href":"https:\/\/explora.cl\/rmsuroriente\/wp-json\/wp\/v2\/comments?post=37217"}],"version-history":[{"count":1,"href":"https:\/\/explora.cl\/rmsuroriente\/wp-json\/wp\/v2\/posts\/37217\/revisions"}],"predecessor-version":[{"id":37569,"href":"https:\/\/explora.cl\/rmsuroriente\/wp-json\/wp\/v2\/posts\/37217\/revisions\/37569"}],"wp:featuredmedia":[{"embeddable":true,"href":"https:\/\/explora.cl\/rmsuroriente\/wp-json\/wp\/v2\/media\/37206"}],"wp:attachment":[{"href":"https:\/\/explora.cl\/rmsuroriente\/wp-json\/wp\/v2\/media?parent=37217"}],"wp:term":[{"taxonomy":"category","embeddable":true,"href":"https:\/\/explora.cl\/rmsuroriente\/wp-json\/wp\/v2\/categories?post=37217"},{"taxonomy":"post_tag","embeddable":true,"href":"https:\/\/explora.cl\/rmsuroriente\/wp-json\/wp\/v2\/tags?post=37217"}],"curies":[{"name":"wp","href":"https:\/\/api.w.org\/{rel}","templated":true}]}}