{"id":36584,"date":"2018-09-11T16:10:26","date_gmt":"2018-09-11T20:10:26","guid":{"rendered":"https:\/\/explora.cl\/blog\/2018\/09\/11\/en-san-jose-de-maipo-y-con-un-mural-cientifico-se-inaugurara-la-semana-nacional-de-la-ciencia\/"},"modified":"2019-05-20T17:31:22","modified_gmt":"2019-05-20T17:31:22","slug":"en-san-jose-de-maipo-y-con-un-mural-cientifico-se-inaugurara-la-semana-nacional-de-la-ciencia","status":"publish","type":"post","link":"https:\/\/explora.cl\/rmsuroriente\/en-san-jose-de-maipo-y-con-un-mural-cientifico-se-inaugurara-la-semana-nacional-de-la-ciencia\/","title":{"rendered":"En San Jos\u00e9 de Maipo y con un mural cient\u00edfico se inaugurar\u00e1 la Semana Nacional de la Ciencia"},"content":{"rendered":"<p style=\"text-align: justify\"><img fetchpriority=\"high\" decoding=\"async\" class=\" alignright size-full wp-image-36583\" src=\"https:\/\/explora.cl\/wp-content\/uploads\/2018\/09\/Mural_Cientifico_2018_web_Img_home_web.jpg\" alt=\"Mural Cientifico 2018 web Img home web\" width=\"632\" height=\"474\" style=\"border: 9px solid #ffffff;float: right\" \/>Te invitamos a festejar la Semana Nacional de la Ciencia y la Tecnolog\u00eda, participando en la construcci\u00f3n del Mural Cient\u00edfico Escolar 2018, una iniciativa que se realizar\u00e1 por primera vez en San Jos\u00e9 de Maipo y que inaugurar\u00e1 de manera oficial esta importante celebraci\u00f3n del PAR Explora de CONICYT RM Sur Oriente.&nbsp;<\/p>\n<p style=\"text-align: justify\">En esta oportunidad, la obra que une arte y ciencia, est\u00e1 inspirada en \u201cEl A\u00f1o de los \u00bfPor qu\u00e9?\u201d, que bajo el lema \u201cLa curiosidad es patrimonio de todo\/as\u201d articula las acciones que realizan los Proyectos Asociativos Regionales (PAR) Explora en el pa\u00eds.&nbsp;<\/p>\n<p style=\"text-align: justify\">Esta es una creaci\u00f3n de la dise\u00f1adora en Comunicaci\u00f3n Visual Claudia Y\u00e1\u00f1ez, que nace desde el taller \u201cEl placer de aprender\u201d, donde estudiantes de sexto b\u00e1sico de la Escuela Julieta Becerra \u00c1lvarez compartieron ideas que fueron utilizadas en el mural 2018. El taller, que se realiz\u00f3 en julio de este a\u00f1o, estuvo dirigido por Gricel Gonz\u00e1lez, antrop\u00f3loga social, y cont\u00f3 con la asesor\u00eda de la Doctora en Ciencias Sociales y acad\u00e9mica de la Facultad de Educaci\u00f3n de la Pontificia Universidad Cat\u00f3lica, Cynthia Adlerstein.<\/p>\n<p style=\"text-align: justify\">La actividad se llevar\u00e1 a cabo el 28 y 29 de septiembre y el 1 y 2 de octubre en calle Comercio #19906, San Jos\u00e9 de Maipo.&nbsp;<\/p>\n<p><strong>Horarios:<\/strong><\/p>\n<p>28 y 29 de septiembre: de 12:00 a 16:00 horas.<\/p>\n<p>1 y 2 de octubre: de 12:00 a 17:00 horas.&nbsp;<\/p>\n<p>&nbsp;<\/p>\n<p>\u00a1Todos invitados a pintar el Mural Cient\u00edfico 2018!<\/p>\n","protected":false},"excerpt":{"rendered":"<p>Te invitamos a festejar la Semana Nacional de la Ciencia y la Tecnolog\u00eda, participando en la construcci\u00f3n del Mural Cient\u00edfico Escolar 2018, una iniciativa que se realizar\u00e1 por primera vez en San Jos\u00e9 de Maipo y que inaugurar\u00e1 de manera oficial esta importante celebraci\u00f3n del PAR Explora de CONICYT RM Sur Oriente.&nbsp; En esta oportunidad, [&hellip;]<\/p>\n","protected":false},"author":2,"featured_media":36582,"comment_status":"closed","ping_status":"open","sticky":false,"template":"","format":"standard","meta":{"_acf_changed":false,"_exactmetrics_skip_tracking":false,"_exactmetrics_sitenote_active":false,"_exactmetrics_sitenote_note":"","_exactmetrics_sitenote_category":0,"footnotes":"","_links_to":"","_links_to_target":""},"categories":[4],"tags":[],"class_list":["post-36584","post","type-post","status-publish","format-standard","has-post-thumbnail","hentry","category-noticias"],"acf":[],"yoast_head":"<!-- This site is optimized with the Yoast SEO plugin v26.9 - https:\/\/yoast.com\/product\/yoast-seo-wordpress\/ -->\n<title>En San Jos\u00e9 de Maipo y con un mural cient\u00edfico se inaugurar\u00e1 la Semana Nacional de la Ciencia - RM Sur Oriente<\/title>\n<meta name=\"robots\" content=\"index, follow, max-snippet:-1, max-image-preview:large, max-video-preview:-1\" \/>\n<link rel=\"canonical\" href=\"https:\/\/explora.cl\/rmsuroriente\/en-san-jose-de-maipo-y-con-un-mural-cientifico-se-inaugurara-la-semana-nacional-de-la-ciencia\/\" class=\"yoast-seo-meta-tag\" \/>\n<meta property=\"og:locale\" content=\"es_ES\" class=\"yoast-seo-meta-tag\" \/>\n<meta property=\"og:type\" content=\"article\" class=\"yoast-seo-meta-tag\" \/>\n<meta property=\"og:title\" content=\"En San Jos\u00e9 de Maipo y con un mural cient\u00edfico se inaugurar\u00e1 la Semana Nacional de la Ciencia - RM Sur Oriente\" class=\"yoast-seo-meta-tag\" \/>\n<meta property=\"og:description\" content=\"Te invitamos a festejar la Semana Nacional de la Ciencia y la Tecnolog\u00eda, participando en la construcci\u00f3n del Mural Cient\u00edfico Escolar 2018, una iniciativa que se realizar\u00e1 por primera vez en San Jos\u00e9 de Maipo y que inaugurar\u00e1 de manera oficial esta importante celebraci\u00f3n del PAR Explora de CONICYT RM Sur Oriente.&nbsp; En esta oportunidad, [&hellip;]\" class=\"yoast-seo-meta-tag\" \/>\n<meta property=\"og:url\" content=\"https:\/\/explora.cl\/rmsuroriente\/en-san-jose-de-maipo-y-con-un-mural-cientifico-se-inaugurara-la-semana-nacional-de-la-ciencia\/\" class=\"yoast-seo-meta-tag\" \/>\n<meta property=\"og:site_name\" content=\"RM Sur Oriente\" class=\"yoast-seo-meta-tag\" \/>\n<meta property=\"article:published_time\" content=\"2018-09-11T20:10:26+00:00\" class=\"yoast-seo-meta-tag\" \/>\n<meta property=\"article:modified_time\" content=\"2019-05-20T17:31:22+00:00\" class=\"yoast-seo-meta-tag\" \/>\n<meta name=\"author\" content=\"webman\" class=\"yoast-seo-meta-tag\" \/>\n<meta name=\"twitter:card\" content=\"summary_large_image\" class=\"yoast-seo-meta-tag\" \/>\n<meta name=\"twitter:label1\" content=\"Escrito por\" class=\"yoast-seo-meta-tag\" \/>\n\t<meta name=\"twitter:data1\" content=\"webman\" class=\"yoast-seo-meta-tag\" \/>\n\t<meta name=\"twitter:label2\" content=\"Tiempo estimado de lectura\" class=\"yoast-seo-meta-tag\" \/>\n\t<meta name=\"twitter:data2\" content=\"1 minuto\" class=\"yoast-seo-meta-tag\" \/>\n<script type=\"application\/ld+json\" class=\"yoast-schema-graph\">{\"@context\":\"https:\/\/schema.org\",\"@graph\":[{\"@type\":\"Article\",\"@id\":\"https:\/\/explora.cl\/rmsuroriente\/en-san-jose-de-maipo-y-con-un-mural-cientifico-se-inaugurara-la-semana-nacional-de-la-ciencia\/#article\",\"isPartOf\":{\"@id\":\"https:\/\/explora.cl\/rmsuroriente\/en-san-jose-de-maipo-y-con-un-mural-cientifico-se-inaugurara-la-semana-nacional-de-la-ciencia\/\"},\"author\":{\"name\":\"webman\",\"@id\":\"https:\/\/explora.cl\/rmsuroriente\/#\/schema\/person\/cb8349c13ea2d324080adf8480d7ba5d\"},\"headline\":\"En San Jos\u00e9 de Maipo y con un mural cient\u00edfico se inaugurar\u00e1 la Semana Nacional de la Ciencia\",\"datePublished\":\"2018-09-11T20:10:26+00:00\",\"dateModified\":\"2019-05-20T17:31:22+00:00\",\"mainEntityOfPage\":{\"@id\":\"https:\/\/explora.cl\/rmsuroriente\/en-san-jose-de-maipo-y-con-un-mural-cientifico-se-inaugurara-la-semana-nacional-de-la-ciencia\/\"},\"wordCount\":262,\"publisher\":{\"@id\":\"https:\/\/explora.cl\/rmsuroriente\/#organization\"},\"image\":{\"@id\":\"https:\/\/explora.cl\/rmsuroriente\/en-san-jose-de-maipo-y-con-un-mural-cientifico-se-inaugurara-la-semana-nacional-de-la-ciencia\/#primaryimage\"},\"thumbnailUrl\":\"\",\"articleSection\":[\"Noticias\"],\"inLanguage\":\"es-CL\"},{\"@type\":\"WebPage\",\"@id\":\"https:\/\/explora.cl\/rmsuroriente\/en-san-jose-de-maipo-y-con-un-mural-cientifico-se-inaugurara-la-semana-nacional-de-la-ciencia\/\",\"url\":\"https:\/\/explora.cl\/rmsuroriente\/en-san-jose-de-maipo-y-con-un-mural-cientifico-se-inaugurara-la-semana-nacional-de-la-ciencia\/\",\"name\":\"En San Jos\u00e9 de Maipo y con un mural cient\u00edfico se inaugurar\u00e1 la Semana Nacional de la Ciencia - RM Sur Oriente\",\"isPartOf\":{\"@id\":\"https:\/\/explora.cl\/rmsuroriente\/#website\"},\"primaryImageOfPage\":{\"@id\":\"https:\/\/explora.cl\/rmsuroriente\/en-san-jose-de-maipo-y-con-un-mural-cientifico-se-inaugurara-la-semana-nacional-de-la-ciencia\/#primaryimage\"},\"image\":{\"@id\":\"https:\/\/explora.cl\/rmsuroriente\/en-san-jose-de-maipo-y-con-un-mural-cientifico-se-inaugurara-la-semana-nacional-de-la-ciencia\/#primaryimage\"},\"thumbnailUrl\":\"\",\"datePublished\":\"2018-09-11T20:10:26+00:00\",\"dateModified\":\"2019-05-20T17:31:22+00:00\",\"breadcrumb\":{\"@id\":\"https:\/\/explora.cl\/rmsuroriente\/en-san-jose-de-maipo-y-con-un-mural-cientifico-se-inaugurara-la-semana-nacional-de-la-ciencia\/#breadcrumb\"},\"inLanguage\":\"es-CL\",\"potentialAction\":[{\"@type\":\"ReadAction\",\"target\":[\"https:\/\/explora.cl\/rmsuroriente\/en-san-jose-de-maipo-y-con-un-mural-cientifico-se-inaugurara-la-semana-nacional-de-la-ciencia\/\"]}]},{\"@type\":\"ImageObject\",\"inLanguage\":\"es-CL\",\"@id\":\"https:\/\/explora.cl\/rmsuroriente\/en-san-jose-de-maipo-y-con-un-mural-cientifico-se-inaugurara-la-semana-nacional-de-la-ciencia\/#primaryimage\",\"url\":\"\",\"contentUrl\":\"\"},{\"@type\":\"BreadcrumbList\",\"@id\":\"https:\/\/explora.cl\/rmsuroriente\/en-san-jose-de-maipo-y-con-un-mural-cientifico-se-inaugurara-la-semana-nacional-de-la-ciencia\/#breadcrumb\",\"itemListElement\":[{\"@type\":\"ListItem\",\"position\":1,\"name\":\"Portada\",\"item\":\"https:\/\/explora.cl\/rmsuroriente\/\"},{\"@type\":\"ListItem\",\"position\":2,\"name\":\"En San Jos\u00e9 de Maipo y con un mural cient\u00edfico se inaugurar\u00e1 la Semana Nacional de la Ciencia\"}]},{\"@type\":\"WebSite\",\"@id\":\"https:\/\/explora.cl\/rmsuroriente\/#website\",\"url\":\"https:\/\/explora.cl\/rmsuroriente\/\",\"name\":\"RM Sur Oriente\",\"description\":\"Otro sitio m\u00e1s de explora.cl\",\"publisher\":{\"@id\":\"https:\/\/explora.cl\/rmsuroriente\/#organization\"},\"potentialAction\":[{\"@type\":\"SearchAction\",\"target\":{\"@type\":\"EntryPoint\",\"urlTemplate\":\"https:\/\/explora.cl\/rmsuroriente\/?s={search_term_string}\"},\"query-input\":{\"@type\":\"PropertyValueSpecification\",\"valueRequired\":true,\"valueName\":\"search_term_string\"}}],\"inLanguage\":\"es-CL\"},{\"@type\":\"Organization\",\"@id\":\"https:\/\/explora.cl\/rmsuroriente\/#organization\",\"name\":\"RM Sur Oriente\",\"url\":\"https:\/\/explora.cl\/rmsuroriente\/\",\"logo\":{\"@type\":\"ImageObject\",\"inLanguage\":\"es-CL\",\"@id\":\"https:\/\/explora.cl\/rmsuroriente\/#\/schema\/logo\/image\/\",\"url\":\"https:\/\/explora.cl\/rmsuroriente\/wp-content\/uploads\/sites\/12\/2025\/04\/cropped-LogoPAR_RMSO-Azul-UC.png\",\"contentUrl\":\"https:\/\/explora.cl\/rmsuroriente\/wp-content\/uploads\/sites\/12\/2025\/04\/cropped-LogoPAR_RMSO-Azul-UC.png\",\"width\":411,\"height\":409,\"caption\":\"RM Sur Oriente\"},\"image\":{\"@id\":\"https:\/\/explora.cl\/rmsuroriente\/#\/schema\/logo\/image\/\"}},{\"@type\":\"Person\",\"@id\":\"https:\/\/explora.cl\/rmsuroriente\/#\/schema\/person\/cb8349c13ea2d324080adf8480d7ba5d\",\"name\":\"webman\",\"image\":{\"@type\":\"ImageObject\",\"inLanguage\":\"es-CL\",\"@id\":\"https:\/\/explora.cl\/rmsuroriente\/#\/schema\/person\/image\/\",\"url\":\"https:\/\/secure.gravatar.com\/avatar\/eeff3c82f2c02f7177d13663b7e6f890e9a6a0647ce9bb29cae02dcb094c7312?s=96&d=mm&r=g\",\"contentUrl\":\"https:\/\/secure.gravatar.com\/avatar\/eeff3c82f2c02f7177d13663b7e6f890e9a6a0647ce9bb29cae02dcb094c7312?s=96&d=mm&r=g\",\"caption\":\"webman\"},\"url\":\"https:\/\/explora.cl\/rmsuroriente\/author\/webman\/\"}]}<\/script>\n<!-- \/ Yoast SEO plugin. -->","yoast_head_json":{"title":"En San Jos\u00e9 de Maipo y con un mural cient\u00edfico se inaugurar\u00e1 la Semana Nacional de la Ciencia - RM Sur Oriente","robots":{"index":"index","follow":"follow","max-snippet":"max-snippet:-1","max-image-preview":"max-image-preview:large","max-video-preview":"max-video-preview:-1"},"canonical":"https:\/\/explora.cl\/rmsuroriente\/en-san-jose-de-maipo-y-con-un-mural-cientifico-se-inaugurara-la-semana-nacional-de-la-ciencia\/","og_locale":"es_ES","og_type":"article","og_title":"En San Jos\u00e9 de Maipo y con un mural cient\u00edfico se inaugurar\u00e1 la Semana Nacional de la Ciencia - RM Sur Oriente","og_description":"Te invitamos a festejar la Semana Nacional de la Ciencia y la Tecnolog\u00eda, participando en la construcci\u00f3n del Mural Cient\u00edfico Escolar 2018, una iniciativa que se realizar\u00e1 por primera vez en San Jos\u00e9 de Maipo y que inaugurar\u00e1 de manera oficial esta importante celebraci\u00f3n del PAR Explora de CONICYT RM Sur Oriente.&nbsp; En esta oportunidad, [&hellip;]","og_url":"https:\/\/explora.cl\/rmsuroriente\/en-san-jose-de-maipo-y-con-un-mural-cientifico-se-inaugurara-la-semana-nacional-de-la-ciencia\/","og_site_name":"RM Sur Oriente","article_published_time":"2018-09-11T20:10:26+00:00","article_modified_time":"2019-05-20T17:31:22+00:00","author":"webman","twitter_card":"summary_large_image","twitter_misc":{"Escrito por":"webman","Tiempo estimado de lectura":"1 minuto"},"schema":{"@context":"https:\/\/schema.org","@graph":[{"@type":"Article","@id":"https:\/\/explora.cl\/rmsuroriente\/en-san-jose-de-maipo-y-con-un-mural-cientifico-se-inaugurara-la-semana-nacional-de-la-ciencia\/#article","isPartOf":{"@id":"https:\/\/explora.cl\/rmsuroriente\/en-san-jose-de-maipo-y-con-un-mural-cientifico-se-inaugurara-la-semana-nacional-de-la-ciencia\/"},"author":{"name":"webman","@id":"https:\/\/explora.cl\/rmsuroriente\/#\/schema\/person\/cb8349c13ea2d324080adf8480d7ba5d"},"headline":"En San Jos\u00e9 de Maipo y con un mural cient\u00edfico se inaugurar\u00e1 la Semana Nacional de la Ciencia","datePublished":"2018-09-11T20:10:26+00:00","dateModified":"2019-05-20T17:31:22+00:00","mainEntityOfPage":{"@id":"https:\/\/explora.cl\/rmsuroriente\/en-san-jose-de-maipo-y-con-un-mural-cientifico-se-inaugurara-la-semana-nacional-de-la-ciencia\/"},"wordCount":262,"publisher":{"@id":"https:\/\/explora.cl\/rmsuroriente\/#organization"},"image":{"@id":"https:\/\/explora.cl\/rmsuroriente\/en-san-jose-de-maipo-y-con-un-mural-cientifico-se-inaugurara-la-semana-nacional-de-la-ciencia\/#primaryimage"},"thumbnailUrl":"","articleSection":["Noticias"],"inLanguage":"es-CL"},{"@type":"WebPage","@id":"https:\/\/explora.cl\/rmsuroriente\/en-san-jose-de-maipo-y-con-un-mural-cientifico-se-inaugurara-la-semana-nacional-de-la-ciencia\/","url":"https:\/\/explora.cl\/rmsuroriente\/en-san-jose-de-maipo-y-con-un-mural-cientifico-se-inaugurara-la-semana-nacional-de-la-ciencia\/","name":"En San Jos\u00e9 de Maipo y con un mural cient\u00edfico se inaugurar\u00e1 la Semana Nacional de la Ciencia - RM Sur Oriente","isPartOf":{"@id":"https:\/\/explora.cl\/rmsuroriente\/#website"},"primaryImageOfPage":{"@id":"https:\/\/explora.cl\/rmsuroriente\/en-san-jose-de-maipo-y-con-un-mural-cientifico-se-inaugurara-la-semana-nacional-de-la-ciencia\/#primaryimage"},"image":{"@id":"https:\/\/explora.cl\/rmsuroriente\/en-san-jose-de-maipo-y-con-un-mural-cientifico-se-inaugurara-la-semana-nacional-de-la-ciencia\/#primaryimage"},"thumbnailUrl":"","datePublished":"2018-09-11T20:10:26+00:00","dateModified":"2019-05-20T17:31:22+00:00","breadcrumb":{"@id":"https:\/\/explora.cl\/rmsuroriente\/en-san-jose-de-maipo-y-con-un-mural-cientifico-se-inaugurara-la-semana-nacional-de-la-ciencia\/#breadcrumb"},"inLanguage":"es-CL","potentialAction":[{"@type":"ReadAction","target":["https:\/\/explora.cl\/rmsuroriente\/en-san-jose-de-maipo-y-con-un-mural-cientifico-se-inaugurara-la-semana-nacional-de-la-ciencia\/"]}]},{"@type":"ImageObject","inLanguage":"es-CL","@id":"https:\/\/explora.cl\/rmsuroriente\/en-san-jose-de-maipo-y-con-un-mural-cientifico-se-inaugurara-la-semana-nacional-de-la-ciencia\/#primaryimage","url":"","contentUrl":""},{"@type":"BreadcrumbList","@id":"https:\/\/explora.cl\/rmsuroriente\/en-san-jose-de-maipo-y-con-un-mural-cientifico-se-inaugurara-la-semana-nacional-de-la-ciencia\/#breadcrumb","itemListElement":[{"@type":"ListItem","position":1,"name":"Portada","item":"https:\/\/explora.cl\/rmsuroriente\/"},{"@type":"ListItem","position":2,"name":"En San Jos\u00e9 de Maipo y con un mural cient\u00edfico se inaugurar\u00e1 la Semana Nacional de la Ciencia"}]},{"@type":"WebSite","@id":"https:\/\/explora.cl\/rmsuroriente\/#website","url":"https:\/\/explora.cl\/rmsuroriente\/","name":"RM Sur Oriente","description":"Otro sitio m\u00e1s de explora.cl","publisher":{"@id":"https:\/\/explora.cl\/rmsuroriente\/#organization"},"potentialAction":[{"@type":"SearchAction","target":{"@type":"EntryPoint","urlTemplate":"https:\/\/explora.cl\/rmsuroriente\/?s={search_term_string}"},"query-input":{"@type":"PropertyValueSpecification","valueRequired":true,"valueName":"search_term_string"}}],"inLanguage":"es-CL"},{"@type":"Organization","@id":"https:\/\/explora.cl\/rmsuroriente\/#organization","name":"RM Sur Oriente","url":"https:\/\/explora.cl\/rmsuroriente\/","logo":{"@type":"ImageObject","inLanguage":"es-CL","@id":"https:\/\/explora.cl\/rmsuroriente\/#\/schema\/logo\/image\/","url":"https:\/\/explora.cl\/rmsuroriente\/wp-content\/uploads\/sites\/12\/2025\/04\/cropped-LogoPAR_RMSO-Azul-UC.png","contentUrl":"https:\/\/explora.cl\/rmsuroriente\/wp-content\/uploads\/sites\/12\/2025\/04\/cropped-LogoPAR_RMSO-Azul-UC.png","width":411,"height":409,"caption":"RM Sur Oriente"},"image":{"@id":"https:\/\/explora.cl\/rmsuroriente\/#\/schema\/logo\/image\/"}},{"@type":"Person","@id":"https:\/\/explora.cl\/rmsuroriente\/#\/schema\/person\/cb8349c13ea2d324080adf8480d7ba5d","name":"webman","image":{"@type":"ImageObject","inLanguage":"es-CL","@id":"https:\/\/explora.cl\/rmsuroriente\/#\/schema\/person\/image\/","url":"https:\/\/secure.gravatar.com\/avatar\/eeff3c82f2c02f7177d13663b7e6f890e9a6a0647ce9bb29cae02dcb094c7312?s=96&d=mm&r=g","contentUrl":"https:\/\/secure.gravatar.com\/avatar\/eeff3c82f2c02f7177d13663b7e6f890e9a6a0647ce9bb29cae02dcb094c7312?s=96&d=mm&r=g","caption":"webman"},"url":"https:\/\/explora.cl\/rmsuroriente\/author\/webman\/"}]}},"_links":{"self":[{"href":"https:\/\/explora.cl\/rmsuroriente\/wp-json\/wp\/v2\/posts\/36584","targetHints":{"allow":["GET"]}}],"collection":[{"href":"https:\/\/explora.cl\/rmsuroriente\/wp-json\/wp\/v2\/posts"}],"about":[{"href":"https:\/\/explora.cl\/rmsuroriente\/wp-json\/wp\/v2\/types\/post"}],"author":[{"embeddable":true,"href":"https:\/\/explora.cl\/rmsuroriente\/wp-json\/wp\/v2\/users\/2"}],"replies":[{"embeddable":true,"href":"https:\/\/explora.cl\/rmsuroriente\/wp-json\/wp\/v2\/comments?post=36584"}],"version-history":[{"count":1,"href":"https:\/\/explora.cl\/rmsuroriente\/wp-json\/wp\/v2\/posts\/36584\/revisions"}],"predecessor-version":[{"id":37578,"href":"https:\/\/explora.cl\/rmsuroriente\/wp-json\/wp\/v2\/posts\/36584\/revisions\/37578"}],"wp:featuredmedia":[{"embeddable":true,"href":"https:\/\/explora.cl\/rmsuroriente\/wp-json\/"}],"wp:attachment":[{"href":"https:\/\/explora.cl\/rmsuroriente\/wp-json\/wp\/v2\/media?parent=36584"}],"wp:term":[{"taxonomy":"category","embeddable":true,"href":"https:\/\/explora.cl\/rmsuroriente\/wp-json\/wp\/v2\/categories?post=36584"},{"taxonomy":"post_tag","embeddable":true,"href":"https:\/\/explora.cl\/rmsuroriente\/wp-json\/wp\/v2\/tags?post=36584"}],"curies":[{"name":"wp","href":"https:\/\/api.w.org\/{rel}","templated":true}]}}