{"id":36463,"date":"2018-09-05T17:56:00","date_gmt":"2018-09-05T21:56:00","guid":{"rendered":"https:\/\/explora.cl\/blog\/2018\/09\/05\/astronomas-establecen-relacion-entre-el-brillo-y-la-dieta-de-agujeros-negros\/"},"modified":"2019-05-20T17:31:24","modified_gmt":"2019-05-20T17:31:24","slug":"astronomas-establecen-relacion-entre-el-brillo-y-la-dieta-de-agujeros-negros","status":"publish","type":"post","link":"https:\/\/explora.cl\/rmsuroriente\/astronomas-establecen-relacion-entre-el-brillo-y-la-dieta-de-agujeros-negros\/","title":{"rendered":"Astr\u00f3nomas establecen relaci\u00f3n entre el brillo y la dieta de agujeros negros"},"content":{"rendered":"<p style=\"margin: 0px 10px 6px;padding: 0px\"><img fetchpriority=\"high\" decoding=\"async\" class=\" alignright size-full wp-image-36462\" src=\"https:\/\/explora.cl\/wp-content\/uploads\/2018\/09\/psanchez800.jpg\" alt=\"psanchez800\" width=\"554\" height=\"394\" style=\"border: 9px solid #ffffff;float: right\" \/>Un grupo de investigadores liderado por Paula S\u00e1nchez-S\u00e1ez, astr\u00f3noma del Departamento de Astronom\u00eda FCFM de la Universidad de Chile, logr\u00f3 determinar que la luz que emite un agujero al &#8220;alimentarse&#8221; est\u00e1 determinado por la cantidad de metaria que come. El art\u00edculo apareci\u00f3 en la \u00faltima edici\u00f3n de la revista&nbsp;<a href=\"http:\/\/iopscience.iop.org\/article\/10.3847\/1538-4357\/aad7f9\/meta\" target=\"_blank\" rel=\"noopener noreferrer\" style=\"margin: 0px;padding: 0px;text-decoration: none;color: #0066cc\" title=\"The Astrophyisical Journal\">The&nbsp;Astrophysical Journal.&nbsp;<\/a><\/p>\n<p style=\"margin: 0px 10px 6px;padding: 0px;text-align: justify\">\u201cLa luz que emite el material que est\u00e1 cayendo en el agujero negro (su brillo) cambia mucho en el tiempo, sin un patr\u00f3n estable. Si bien sabemos que \u00e9ste var\u00eda a\u00fan no hemos logrado determinar la raz\u00f3n&#8221;, as\u00ed lo explica Paula S\u00e1nchez, primera autora de la investigaci\u00f3n.<\/p>\n<p style=\"margin: 0px 10px 6px;padding: 0px;text-align: justify\">Si uno observa otros objetos, como estrellas o galaxias con Agujeros Negros (que no est\u00e9n fagocitando), su brillo es constante en el tiempo, pero si miramos galaxias con Agujeros Negros que s\u00ed est\u00e9n fagocitando (N\u00facleos Activos de Galaxia) su brillo sube y baja sin un patr\u00f3n claro. &#8220;En este estudio, tratamos de dar respuesta a la pregunta de c\u00f3mo se conecta la variabilidad de \u00e9stos con las propiedades f\u00edsicas del agujero negro s\u00faper masivo. El resultado fue que, contrario a lo que se cre\u00eda, la \u00fanica propiedad f\u00edsica importante para explicar la amplitud de la variabilidad es la tasa de acreci\u00f3n\u201d, explica la joven investigadora.<\/p>\n<p style=\"margin: 0px 10px 6px;padding: 0px;text-align: justify\"><strong style=\"margin: 0px;padding: 0px\">Golosos y ma\u00f1osos<\/strong><\/p>\n<p style=\"margin: 0px 10px 6px;padding: 0px;text-align: justify\">El estudio determin\u00f3 que hay solamente una propiedad f\u00edsica que podr\u00eda predecir la variabilidad de estos objetos: la tasa de acreci\u00f3n. \u201cEsto no es otra cosa que cu\u00e1ndo el Agujero Negro est\u00e1 tragando material, y dependiendo de la cantidad variar\u00e1 la luz emitida en el proceso. Y lo que detectamos es que mientras menos tragan, m\u00e1s var\u00eda&#8221;, as\u00ed lo afirma&nbsp;<a href=\"http:\/\/www.cata.cl\/investigador.php?id=61\" target=\"_blank\" rel=\"noopener noreferrer\" style=\"margin: 0px;padding: 0px;text-decoration: none;color: #0066cc\" title=\"Paulina CATA\">Paulina Lira<\/a>, co autora del trabajo y acad\u00e9mica&nbsp; del Departamento de Astronom\u00eda de la Universidad de Chile e investigadora del Centro Excelencia en Astrof\u00edsica y Tecnolog\u00edas Afines CATA.<\/p>\n<p style=\"margin: 0px 10px 6px;padding: 0px;text-align: justify\">Para S\u00e1nchez-Saez, quien actualmente cursa el Doctorado en Ciencias menci\u00f3n en Astronom\u00eda FCFM de la Universidad de Chile, la importancia de este hallazgo radica en que entrega nuevos datos&nbsp;sobre cu\u00e1l es el mecanismo f\u00edsico detr\u00e1s de dicha variaci\u00f3n. \u201cLos resultados obtenidos desaf\u00edan el antiguo paradigma que indica que la amplitud de la variabilidad de los AGN depend\u00eda principalmente de su luminosidad. Esto se pensaba porque medir la masa de los agujeros negros no siempre es posible, pero nosotros pudimos medir estas propiedades f\u00edsicas para una muestra del orden de 2000 objetos. Adem\u00e1s, pudimos obtener curvas de luz de muy buena calidad para un n\u00famero grande de objetos, lo que nos permiti\u00f3 estudiar la variabilidad de cada uno de forma independiente, cosa que antes no era posible. As\u00ed, pudimos establecer que el factor que determina la amplitud de la variabilidad es la tasa de acreci\u00f3n\u201d, asegura.<\/p>\n<p style=\"margin: 0px 10px 6px;padding: 0px;text-align: justify\">Los datos utilizados en esta investigaci\u00f3n provienen del estudio \u201cThe QUEST-La Silla AGN variability survey&#8221; (liderado por la Doctora&nbsp;<a href=\"http:\/\/www.cata.cl\/investigador.php?id=61\" target=\"_blank\" rel=\"noopener noreferrer\" style=\"margin: 0px;padding: 0px;text-decoration: none;color: #0066cc\" title=\"Paulina CATA\">Paulina Lira<\/a>), el cual fue realizado entre los a\u00f1os 2010 y 2015, y que consisti\u00f3 en tomar im\u00e1genes de cinco campos extragal\u00e1cticos, utilizando la c\u00e1mara de amplio campo QUEST, instalada en el telescopio ESO-Schmidt en el observatorio La Silla. Tambi\u00e9n se usaron datos espectrales p\u00fablicos del &#8220;The Sloan Digital Sky Survey\u201d o SDSS.&nbsp;<\/p>\n<p style=\"margin: 0px 10px 6px;padding: 0px;text-align: justify\">En un futuro, la investigaci\u00f3n buscar\u00e1 estudiar la escala de tiempo de variabilidad de estos N\u00facleos Activos de Galaxia. \u201cPara medir esta propiedad de forma precisa necesitamos tener curvas de luz con coberturas de m\u00e1s de 10 a\u00f1os. Por lo que deberemos esperar a que instrumentos futuros como el Large Synoptic Survey Telescope (LSST) nos aporten m\u00e1s datos fotom\u00e9tricos, y as\u00ed poder combinarlos con nuestros datos para extender nuestras curvas de luz a un orden de 20 a\u00f1os\u201d, explica la joven investigadora.<\/p>\n<p style=\"margin: 0px 10px 6px;padding: 0px;text-align: justify\">El trabajo fue realizado en conjunto con la acad\u00e9mica del DAS&nbsp;<a href=\"http:\/\/www.cata.cl\/investigador.php?id=61\" target=\"_blank\" rel=\"noopener noreferrer\" style=\"margin: 0px;padding: 0px;text-decoration: none;color: #0066cc\" title=\"Paulina CATA\">Paulina Lira<\/a>, y Luis Ho, acad\u00e9mico del Kavli Institute for Astronomy and Astrophysics (KIAA),&nbsp; de la Universidad de Pek\u00edn. Tambi\u00e9n son parte del equipo colaborativo Juli\u00e1n Mej\u00eda-Restrepo, del Observatorio Europeo Austral (ESO); Patricia Ar\u00e9valo, acad\u00e9mica del Instituto de F\u00edsica y Astronom\u00eda de la Universidad de Valpara\u00edso; Minjin Kim, profesor del Korea Astronomy and Space Science Institute y del Department of Astronomy and Atmospheric Sciences, Kyungpook National University; Regis Cartier, investigador del Cerro Tololo Inter-American Observatory, National Optical Astronomy Observatory; y Paolo Coppi, acad\u00e9mico del Yale Center for Astronomy and Astrophysics.<\/p>\n<p style=\"margin: 0px 10px 6px;padding: 0px;text-align: justify\">Para ver la publicaci\u00f3n original en la revisata The Astrophysical Journal hacer click&nbsp;<a href=\"https:\/\/doi.org\/10.3847\/1538-4357\/aad7f9\" target=\"_blank\" rel=\"noopener noreferrer\" style=\"margin: 0px;padding: 0px;text-decoration: none;color: #0066cc\" title=\"APJ\">aqu\u00ed<\/a><\/p>\n<\/p>\n<p><a href=\"http:\/\/www.cata.cl\/noticia.php?id=620\" target=\"_blank\" rel=\"noopener noreferrer\">Fuente: Centro de Astrof\u00edsica y Tecnolog\u00edas Afines (CATA).<\/a><\/p>\n<p><span style=\"color: #000000\">Cr\u00e9dito imagen Paula S\u00e1nchez: Departamento de Astronom\u00eda FCFM U. De Chile<\/span><a href=\"http:\/\/www.cata.cl\/noticia.php?id=620\" target=\"_blank\" rel=\"noopener noreferrer\"><br \/><\/a><\/p>\n","protected":false},"excerpt":{"rendered":"<p>Un grupo de investigadores liderado por Paula S\u00e1nchez-S\u00e1ez, astr\u00f3noma del Departamento de Astronom\u00eda FCFM de la Universidad de Chile, logr\u00f3 determinar que la luz que emite un agujero al &#8220;alimentarse&#8221; est\u00e1 determinado por la cantidad de metaria que come. El art\u00edculo apareci\u00f3 en la \u00faltima edici\u00f3n de la revista&nbsp;The&nbsp;Astrophysical Journal.&nbsp; \u201cLa luz que emite el [&hellip;]<\/p>\n","protected":false},"author":2,"featured_media":36462,"comment_status":"closed","ping_status":"open","sticky":false,"template":"","format":"standard","meta":{"_acf_changed":false,"_exactmetrics_skip_tracking":false,"_exactmetrics_sitenote_active":false,"_exactmetrics_sitenote_note":"","_exactmetrics_sitenote_category":0,"footnotes":"","_links_to":"","_links_to_target":""},"categories":[4],"tags":[],"class_list":["post-36463","post","type-post","status-publish","format-standard","has-post-thumbnail","hentry","category-noticias"],"acf":[],"yoast_head":"<!-- This site is optimized with the Yoast SEO plugin v26.9 - https:\/\/yoast.com\/product\/yoast-seo-wordpress\/ -->\n<title>Astr\u00f3nomas establecen relaci\u00f3n entre el brillo y la dieta de agujeros negros - RM Sur Oriente<\/title>\n<meta name=\"robots\" content=\"index, follow, max-snippet:-1, max-image-preview:large, max-video-preview:-1\" \/>\n<link rel=\"canonical\" href=\"https:\/\/explora.cl\/rmsuroriente\/astronomas-establecen-relacion-entre-el-brillo-y-la-dieta-de-agujeros-negros\/\" class=\"yoast-seo-meta-tag\" \/>\n<meta property=\"og:locale\" content=\"es_ES\" class=\"yoast-seo-meta-tag\" \/>\n<meta property=\"og:type\" content=\"article\" class=\"yoast-seo-meta-tag\" \/>\n<meta property=\"og:title\" content=\"Astr\u00f3nomas establecen relaci\u00f3n entre el brillo y la dieta de agujeros negros - RM Sur Oriente\" class=\"yoast-seo-meta-tag\" \/>\n<meta property=\"og:description\" content=\"Un grupo de investigadores liderado por Paula S\u00e1nchez-S\u00e1ez, astr\u00f3noma del Departamento de Astronom\u00eda FCFM de la Universidad de Chile, logr\u00f3 determinar que la luz que emite un agujero al &#8220;alimentarse&#8221; est\u00e1 determinado por la cantidad de metaria que come. El art\u00edculo apareci\u00f3 en la \u00faltima edici\u00f3n de la revista&nbsp;The&nbsp;Astrophysical Journal.&nbsp; \u201cLa luz que emite el [&hellip;]\" class=\"yoast-seo-meta-tag\" \/>\n<meta property=\"og:url\" content=\"https:\/\/explora.cl\/rmsuroriente\/astronomas-establecen-relacion-entre-el-brillo-y-la-dieta-de-agujeros-negros\/\" class=\"yoast-seo-meta-tag\" \/>\n<meta property=\"og:site_name\" content=\"RM Sur Oriente\" class=\"yoast-seo-meta-tag\" \/>\n<meta property=\"article:published_time\" content=\"2018-09-05T21:56:00+00:00\" class=\"yoast-seo-meta-tag\" \/>\n<meta property=\"article:modified_time\" content=\"2019-05-20T17:31:24+00:00\" class=\"yoast-seo-meta-tag\" \/>\n<meta name=\"author\" content=\"webman\" class=\"yoast-seo-meta-tag\" \/>\n<meta name=\"twitter:card\" content=\"summary_large_image\" class=\"yoast-seo-meta-tag\" \/>\n<meta name=\"twitter:label1\" content=\"Escrito por\" class=\"yoast-seo-meta-tag\" \/>\n\t<meta name=\"twitter:data1\" content=\"webman\" class=\"yoast-seo-meta-tag\" \/>\n\t<meta name=\"twitter:label2\" content=\"Tiempo estimado de lectura\" class=\"yoast-seo-meta-tag\" \/>\n\t<meta name=\"twitter:data2\" content=\"4 minutos\" class=\"yoast-seo-meta-tag\" \/>\n<script type=\"application\/ld+json\" class=\"yoast-schema-graph\">{\"@context\":\"https:\/\/schema.org\",\"@graph\":[{\"@type\":\"Article\",\"@id\":\"https:\/\/explora.cl\/rmsuroriente\/astronomas-establecen-relacion-entre-el-brillo-y-la-dieta-de-agujeros-negros\/#article\",\"isPartOf\":{\"@id\":\"https:\/\/explora.cl\/rmsuroriente\/astronomas-establecen-relacion-entre-el-brillo-y-la-dieta-de-agujeros-negros\/\"},\"author\":{\"name\":\"webman\",\"@id\":\"https:\/\/explora.cl\/rmsuroriente\/#\/schema\/person\/cb8349c13ea2d324080adf8480d7ba5d\"},\"headline\":\"Astr\u00f3nomas establecen relaci\u00f3n entre el brillo y la dieta de agujeros negros\",\"datePublished\":\"2018-09-05T21:56:00+00:00\",\"dateModified\":\"2019-05-20T17:31:24+00:00\",\"mainEntityOfPage\":{\"@id\":\"https:\/\/explora.cl\/rmsuroriente\/astronomas-establecen-relacion-entre-el-brillo-y-la-dieta-de-agujeros-negros\/\"},\"wordCount\":827,\"publisher\":{\"@id\":\"https:\/\/explora.cl\/rmsuroriente\/#organization\"},\"image\":{\"@id\":\"https:\/\/explora.cl\/rmsuroriente\/astronomas-establecen-relacion-entre-el-brillo-y-la-dieta-de-agujeros-negros\/#primaryimage\"},\"thumbnailUrl\":\"\",\"articleSection\":[\"Noticias\"],\"inLanguage\":\"es-CL\"},{\"@type\":\"WebPage\",\"@id\":\"https:\/\/explora.cl\/rmsuroriente\/astronomas-establecen-relacion-entre-el-brillo-y-la-dieta-de-agujeros-negros\/\",\"url\":\"https:\/\/explora.cl\/rmsuroriente\/astronomas-establecen-relacion-entre-el-brillo-y-la-dieta-de-agujeros-negros\/\",\"name\":\"Astr\u00f3nomas establecen relaci\u00f3n entre el brillo y la dieta de agujeros negros - RM Sur Oriente\",\"isPartOf\":{\"@id\":\"https:\/\/explora.cl\/rmsuroriente\/#website\"},\"primaryImageOfPage\":{\"@id\":\"https:\/\/explora.cl\/rmsuroriente\/astronomas-establecen-relacion-entre-el-brillo-y-la-dieta-de-agujeros-negros\/#primaryimage\"},\"image\":{\"@id\":\"https:\/\/explora.cl\/rmsuroriente\/astronomas-establecen-relacion-entre-el-brillo-y-la-dieta-de-agujeros-negros\/#primaryimage\"},\"thumbnailUrl\":\"\",\"datePublished\":\"2018-09-05T21:56:00+00:00\",\"dateModified\":\"2019-05-20T17:31:24+00:00\",\"breadcrumb\":{\"@id\":\"https:\/\/explora.cl\/rmsuroriente\/astronomas-establecen-relacion-entre-el-brillo-y-la-dieta-de-agujeros-negros\/#breadcrumb\"},\"inLanguage\":\"es-CL\",\"potentialAction\":[{\"@type\":\"ReadAction\",\"target\":[\"https:\/\/explora.cl\/rmsuroriente\/astronomas-establecen-relacion-entre-el-brillo-y-la-dieta-de-agujeros-negros\/\"]}]},{\"@type\":\"ImageObject\",\"inLanguage\":\"es-CL\",\"@id\":\"https:\/\/explora.cl\/rmsuroriente\/astronomas-establecen-relacion-entre-el-brillo-y-la-dieta-de-agujeros-negros\/#primaryimage\",\"url\":\"\",\"contentUrl\":\"\"},{\"@type\":\"BreadcrumbList\",\"@id\":\"https:\/\/explora.cl\/rmsuroriente\/astronomas-establecen-relacion-entre-el-brillo-y-la-dieta-de-agujeros-negros\/#breadcrumb\",\"itemListElement\":[{\"@type\":\"ListItem\",\"position\":1,\"name\":\"Portada\",\"item\":\"https:\/\/explora.cl\/rmsuroriente\/\"},{\"@type\":\"ListItem\",\"position\":2,\"name\":\"Astr\u00f3nomas establecen relaci\u00f3n entre el brillo y la dieta de agujeros negros\"}]},{\"@type\":\"WebSite\",\"@id\":\"https:\/\/explora.cl\/rmsuroriente\/#website\",\"url\":\"https:\/\/explora.cl\/rmsuroriente\/\",\"name\":\"RM Sur Oriente\",\"description\":\"Otro sitio m\u00e1s de explora.cl\",\"publisher\":{\"@id\":\"https:\/\/explora.cl\/rmsuroriente\/#organization\"},\"potentialAction\":[{\"@type\":\"SearchAction\",\"target\":{\"@type\":\"EntryPoint\",\"urlTemplate\":\"https:\/\/explora.cl\/rmsuroriente\/?s={search_term_string}\"},\"query-input\":{\"@type\":\"PropertyValueSpecification\",\"valueRequired\":true,\"valueName\":\"search_term_string\"}}],\"inLanguage\":\"es-CL\"},{\"@type\":\"Organization\",\"@id\":\"https:\/\/explora.cl\/rmsuroriente\/#organization\",\"name\":\"RM Sur Oriente\",\"url\":\"https:\/\/explora.cl\/rmsuroriente\/\",\"logo\":{\"@type\":\"ImageObject\",\"inLanguage\":\"es-CL\",\"@id\":\"https:\/\/explora.cl\/rmsuroriente\/#\/schema\/logo\/image\/\",\"url\":\"https:\/\/explora.cl\/rmsuroriente\/wp-content\/uploads\/sites\/12\/2025\/04\/cropped-LogoPAR_RMSO-Azul-UC.png\",\"contentUrl\":\"https:\/\/explora.cl\/rmsuroriente\/wp-content\/uploads\/sites\/12\/2025\/04\/cropped-LogoPAR_RMSO-Azul-UC.png\",\"width\":411,\"height\":409,\"caption\":\"RM Sur Oriente\"},\"image\":{\"@id\":\"https:\/\/explora.cl\/rmsuroriente\/#\/schema\/logo\/image\/\"}},{\"@type\":\"Person\",\"@id\":\"https:\/\/explora.cl\/rmsuroriente\/#\/schema\/person\/cb8349c13ea2d324080adf8480d7ba5d\",\"name\":\"webman\",\"image\":{\"@type\":\"ImageObject\",\"inLanguage\":\"es-CL\",\"@id\":\"https:\/\/explora.cl\/rmsuroriente\/#\/schema\/person\/image\/\",\"url\":\"https:\/\/secure.gravatar.com\/avatar\/eeff3c82f2c02f7177d13663b7e6f890e9a6a0647ce9bb29cae02dcb094c7312?s=96&d=mm&r=g\",\"contentUrl\":\"https:\/\/secure.gravatar.com\/avatar\/eeff3c82f2c02f7177d13663b7e6f890e9a6a0647ce9bb29cae02dcb094c7312?s=96&d=mm&r=g\",\"caption\":\"webman\"},\"url\":\"https:\/\/explora.cl\/rmsuroriente\/author\/webman\/\"}]}<\/script>\n<!-- \/ Yoast SEO plugin. -->","yoast_head_json":{"title":"Astr\u00f3nomas establecen relaci\u00f3n entre el brillo y la dieta de agujeros negros - RM Sur Oriente","robots":{"index":"index","follow":"follow","max-snippet":"max-snippet:-1","max-image-preview":"max-image-preview:large","max-video-preview":"max-video-preview:-1"},"canonical":"https:\/\/explora.cl\/rmsuroriente\/astronomas-establecen-relacion-entre-el-brillo-y-la-dieta-de-agujeros-negros\/","og_locale":"es_ES","og_type":"article","og_title":"Astr\u00f3nomas establecen relaci\u00f3n entre el brillo y la dieta de agujeros negros - RM Sur Oriente","og_description":"Un grupo de investigadores liderado por Paula S\u00e1nchez-S\u00e1ez, astr\u00f3noma del Departamento de Astronom\u00eda FCFM de la Universidad de Chile, logr\u00f3 determinar que la luz que emite un agujero al &#8220;alimentarse&#8221; est\u00e1 determinado por la cantidad de metaria que come. El art\u00edculo apareci\u00f3 en la \u00faltima edici\u00f3n de la revista&nbsp;The&nbsp;Astrophysical Journal.&nbsp; \u201cLa luz que emite el [&hellip;]","og_url":"https:\/\/explora.cl\/rmsuroriente\/astronomas-establecen-relacion-entre-el-brillo-y-la-dieta-de-agujeros-negros\/","og_site_name":"RM Sur Oriente","article_published_time":"2018-09-05T21:56:00+00:00","article_modified_time":"2019-05-20T17:31:24+00:00","author":"webman","twitter_card":"summary_large_image","twitter_misc":{"Escrito por":"webman","Tiempo estimado de lectura":"4 minutos"},"schema":{"@context":"https:\/\/schema.org","@graph":[{"@type":"Article","@id":"https:\/\/explora.cl\/rmsuroriente\/astronomas-establecen-relacion-entre-el-brillo-y-la-dieta-de-agujeros-negros\/#article","isPartOf":{"@id":"https:\/\/explora.cl\/rmsuroriente\/astronomas-establecen-relacion-entre-el-brillo-y-la-dieta-de-agujeros-negros\/"},"author":{"name":"webman","@id":"https:\/\/explora.cl\/rmsuroriente\/#\/schema\/person\/cb8349c13ea2d324080adf8480d7ba5d"},"headline":"Astr\u00f3nomas establecen relaci\u00f3n entre el brillo y la dieta de agujeros negros","datePublished":"2018-09-05T21:56:00+00:00","dateModified":"2019-05-20T17:31:24+00:00","mainEntityOfPage":{"@id":"https:\/\/explora.cl\/rmsuroriente\/astronomas-establecen-relacion-entre-el-brillo-y-la-dieta-de-agujeros-negros\/"},"wordCount":827,"publisher":{"@id":"https:\/\/explora.cl\/rmsuroriente\/#organization"},"image":{"@id":"https:\/\/explora.cl\/rmsuroriente\/astronomas-establecen-relacion-entre-el-brillo-y-la-dieta-de-agujeros-negros\/#primaryimage"},"thumbnailUrl":"","articleSection":["Noticias"],"inLanguage":"es-CL"},{"@type":"WebPage","@id":"https:\/\/explora.cl\/rmsuroriente\/astronomas-establecen-relacion-entre-el-brillo-y-la-dieta-de-agujeros-negros\/","url":"https:\/\/explora.cl\/rmsuroriente\/astronomas-establecen-relacion-entre-el-brillo-y-la-dieta-de-agujeros-negros\/","name":"Astr\u00f3nomas establecen relaci\u00f3n entre el brillo y la dieta de agujeros negros - RM Sur Oriente","isPartOf":{"@id":"https:\/\/explora.cl\/rmsuroriente\/#website"},"primaryImageOfPage":{"@id":"https:\/\/explora.cl\/rmsuroriente\/astronomas-establecen-relacion-entre-el-brillo-y-la-dieta-de-agujeros-negros\/#primaryimage"},"image":{"@id":"https:\/\/explora.cl\/rmsuroriente\/astronomas-establecen-relacion-entre-el-brillo-y-la-dieta-de-agujeros-negros\/#primaryimage"},"thumbnailUrl":"","datePublished":"2018-09-05T21:56:00+00:00","dateModified":"2019-05-20T17:31:24+00:00","breadcrumb":{"@id":"https:\/\/explora.cl\/rmsuroriente\/astronomas-establecen-relacion-entre-el-brillo-y-la-dieta-de-agujeros-negros\/#breadcrumb"},"inLanguage":"es-CL","potentialAction":[{"@type":"ReadAction","target":["https:\/\/explora.cl\/rmsuroriente\/astronomas-establecen-relacion-entre-el-brillo-y-la-dieta-de-agujeros-negros\/"]}]},{"@type":"ImageObject","inLanguage":"es-CL","@id":"https:\/\/explora.cl\/rmsuroriente\/astronomas-establecen-relacion-entre-el-brillo-y-la-dieta-de-agujeros-negros\/#primaryimage","url":"","contentUrl":""},{"@type":"BreadcrumbList","@id":"https:\/\/explora.cl\/rmsuroriente\/astronomas-establecen-relacion-entre-el-brillo-y-la-dieta-de-agujeros-negros\/#breadcrumb","itemListElement":[{"@type":"ListItem","position":1,"name":"Portada","item":"https:\/\/explora.cl\/rmsuroriente\/"},{"@type":"ListItem","position":2,"name":"Astr\u00f3nomas establecen relaci\u00f3n entre el brillo y la dieta de agujeros negros"}]},{"@type":"WebSite","@id":"https:\/\/explora.cl\/rmsuroriente\/#website","url":"https:\/\/explora.cl\/rmsuroriente\/","name":"RM Sur Oriente","description":"Otro sitio m\u00e1s de explora.cl","publisher":{"@id":"https:\/\/explora.cl\/rmsuroriente\/#organization"},"potentialAction":[{"@type":"SearchAction","target":{"@type":"EntryPoint","urlTemplate":"https:\/\/explora.cl\/rmsuroriente\/?s={search_term_string}"},"query-input":{"@type":"PropertyValueSpecification","valueRequired":true,"valueName":"search_term_string"}}],"inLanguage":"es-CL"},{"@type":"Organization","@id":"https:\/\/explora.cl\/rmsuroriente\/#organization","name":"RM Sur Oriente","url":"https:\/\/explora.cl\/rmsuroriente\/","logo":{"@type":"ImageObject","inLanguage":"es-CL","@id":"https:\/\/explora.cl\/rmsuroriente\/#\/schema\/logo\/image\/","url":"https:\/\/explora.cl\/rmsuroriente\/wp-content\/uploads\/sites\/12\/2025\/04\/cropped-LogoPAR_RMSO-Azul-UC.png","contentUrl":"https:\/\/explora.cl\/rmsuroriente\/wp-content\/uploads\/sites\/12\/2025\/04\/cropped-LogoPAR_RMSO-Azul-UC.png","width":411,"height":409,"caption":"RM Sur Oriente"},"image":{"@id":"https:\/\/explora.cl\/rmsuroriente\/#\/schema\/logo\/image\/"}},{"@type":"Person","@id":"https:\/\/explora.cl\/rmsuroriente\/#\/schema\/person\/cb8349c13ea2d324080adf8480d7ba5d","name":"webman","image":{"@type":"ImageObject","inLanguage":"es-CL","@id":"https:\/\/explora.cl\/rmsuroriente\/#\/schema\/person\/image\/","url":"https:\/\/secure.gravatar.com\/avatar\/eeff3c82f2c02f7177d13663b7e6f890e9a6a0647ce9bb29cae02dcb094c7312?s=96&d=mm&r=g","contentUrl":"https:\/\/secure.gravatar.com\/avatar\/eeff3c82f2c02f7177d13663b7e6f890e9a6a0647ce9bb29cae02dcb094c7312?s=96&d=mm&r=g","caption":"webman"},"url":"https:\/\/explora.cl\/rmsuroriente\/author\/webman\/"}]}},"_links":{"self":[{"href":"https:\/\/explora.cl\/rmsuroriente\/wp-json\/wp\/v2\/posts\/36463","targetHints":{"allow":["GET"]}}],"collection":[{"href":"https:\/\/explora.cl\/rmsuroriente\/wp-json\/wp\/v2\/posts"}],"about":[{"href":"https:\/\/explora.cl\/rmsuroriente\/wp-json\/wp\/v2\/types\/post"}],"author":[{"embeddable":true,"href":"https:\/\/explora.cl\/rmsuroriente\/wp-json\/wp\/v2\/users\/2"}],"replies":[{"embeddable":true,"href":"https:\/\/explora.cl\/rmsuroriente\/wp-json\/wp\/v2\/comments?post=36463"}],"version-history":[{"count":1,"href":"https:\/\/explora.cl\/rmsuroriente\/wp-json\/wp\/v2\/posts\/36463\/revisions"}],"predecessor-version":[{"id":37582,"href":"https:\/\/explora.cl\/rmsuroriente\/wp-json\/wp\/v2\/posts\/36463\/revisions\/37582"}],"wp:featuredmedia":[{"embeddable":true,"href":"https:\/\/explora.cl\/rmsuroriente\/wp-json\/"}],"wp:attachment":[{"href":"https:\/\/explora.cl\/rmsuroriente\/wp-json\/wp\/v2\/media?parent=36463"}],"wp:term":[{"taxonomy":"category","embeddable":true,"href":"https:\/\/explora.cl\/rmsuroriente\/wp-json\/wp\/v2\/categories?post=36463"},{"taxonomy":"post_tag","embeddable":true,"href":"https:\/\/explora.cl\/rmsuroriente\/wp-json\/wp\/v2\/tags?post=36463"}],"curies":[{"name":"wp","href":"https:\/\/api.w.org\/{rel}","templated":true}]}}