{"id":35405,"date":"2018-08-24T16:54:17","date_gmt":"2018-08-24T20:54:17","guid":{"rendered":"https:\/\/explora.cl\/blog\/2018\/08\/24\/docentes-los-invitamos-al-taller-de-apoyo-a-la-postulacion-crecyt-2018\/"},"modified":"2019-05-20T17:31:25","modified_gmt":"2019-05-20T17:31:25","slug":"docentes-los-invitamos-al-taller-de-apoyo-a-la-postulacion-crecyt-2018","status":"publish","type":"post","link":"https:\/\/explora.cl\/rmsuroriente\/docentes-los-invitamos-al-taller-de-apoyo-a-la-postulacion-crecyt-2018\/","title":{"rendered":"\u00a1Atenci\u00f3n docentes! Los invitamos al taller de postulaci\u00f3n CRECyT 2018"},"content":{"rendered":"<p style=\"text-align: justify\"><img fetchpriority=\"high\" decoding=\"async\" class=\" alignright size-full wp-image-35404\" src=\"https:\/\/explora.cl\/wp-content\/uploads\/2018\/08\/taller-_postulaci%C3%B3n-CRECYT-2018.png\" alt=\"taller postulaci\u00f3n CRECYT 2018\" width=\"462\" height=\"347\" style=\"border: 9px solid #ffffff;float: right\" \/>Invitamos a todos los profesores y profesoras que desarrollen investigaci\u00f3n cient\u00edfica escolar en escuelas y liceos de la Regi\u00f3n Metropolitana* a participar en el taller de apoyo a la postulaci\u00f3n del XIII Congreso Regional Escolar de la Ciencia y la Tecnolog\u00eda (CRECyT). Durante la jornada, podr\u00e1n resolver sus dudas y recibir asesor\u00eda para completar un informe cient\u00edfico en formato escrito.&nbsp;<\/p>\n<p><a href=\"https:\/\/docs.google.com\/forms\/d\/e\/1FAIpQLSe8ircy5lnQP-iXnc3PHnZcesnHxWaSq5rpXCg3I_6ZEQ9BCA\/viewform\" target=\"_blank\" rel=\"noopener noreferrer\"><strong>Cupos limitados. Inscripciones aqu\u00ed.&nbsp;<\/strong><\/a><\/p>\n<p><strong>Fecha:<\/strong>&nbsp;Martes 28 de agosto.<br \/><strong>Horario:<\/strong>&nbsp;De 15:00 a 17:30 horas.<br \/><strong>Lugar:<\/strong> Sala 7, Facultad de Ciencias Veterinarias y Pecuarias, Universidad de Chile.<br \/><strong>Direcci\u00f3n:<\/strong> Avenida Santa Rosa 11735, La Pintana.<\/p>\n<p style=\"text-align: justify\"><strong>\u00bfQu\u00e9 es el CRECyT?<\/strong><br \/>Es una gran feria que busca fortalecer la valoraci\u00f3n y la apropiaci\u00f3n de la ciencia y la tecnolog\u00eda, en un espacio de encuentro para la investigaci\u00f3n cient\u00edfica escolar. <\/p>\n<p>La iniciativa, que se realizar\u00e1 desde el <strong>jueves 25 hasta el s\u00e1bado 27 de octubre en la Facultad de Ciencias F\u00edsicas y Matem\u00e1ticas de la Universidad de Chile<\/strong>, reunir\u00e1 a las mejores investigaciones cient\u00edficas de ni\u00f1os, ni\u00f1as y j\u00f3venes, quienes podr\u00e1n presentar sus resultados a la ciudadan\u00eda, interactuar con otros escolares, recorrer importantes laboratorios de la universidad y compartir con destacados cient\u00edficos nacionales.<\/p>\n<p><strong>\u00bfQui\u00e9nes pueden postular al CRECyT?<\/strong><br \/>Grupos de investigaci\u00f3n formados por al menos 2 estudiantes, de 5\u00ba b\u00e1sico a 3\u00ba medio, que desarrollen proyectos de investigaci\u00f3n cient\u00edfica escolar en ciencias sociales, ciencias naturales o ingenier\u00eda y tecnolog\u00eda.<\/p>\n<p>&nbsp;<\/p>\n<p><strong>*Pueden participar establecimientos educacionales de las siguientes comunas:<\/strong><\/p>\n<p><img decoding=\"async\" class=\" size-full wp-image-30003\" src=\"https:\/\/explora.cl\/wp-content\/uploads\/2018\/03\/Mapa_fondo_blanco-01.jpg\" alt=\"Mapa fondo blanco 01\" width=\"595\" height=\"364\" style=\"margin-left: auto;margin-right: auto\" \/><\/p>\n","protected":false},"excerpt":{"rendered":"<p>Invitamos a todos los profesores y profesoras que desarrollen investigaci\u00f3n cient\u00edfica escolar en escuelas y liceos de la Regi\u00f3n Metropolitana* a participar en el taller de apoyo a la postulaci\u00f3n del XIII Congreso Regional Escolar de la Ciencia y la Tecnolog\u00eda (CRECyT). Durante la jornada, podr\u00e1n resolver sus dudas y recibir asesor\u00eda para completar un [&hellip;]<\/p>\n","protected":false},"author":2,"featured_media":35403,"comment_status":"closed","ping_status":"open","sticky":false,"template":"","format":"standard","meta":{"_acf_changed":false,"_exactmetrics_skip_tracking":false,"_exactmetrics_sitenote_active":false,"_exactmetrics_sitenote_note":"","_exactmetrics_sitenote_category":0,"footnotes":"","_links_to":"","_links_to_target":""},"categories":[4],"tags":[],"class_list":["post-35405","post","type-post","status-publish","format-standard","has-post-thumbnail","hentry","category-noticias"],"acf":[],"yoast_head":"<!-- This site is optimized with the Yoast SEO plugin v26.9 - https:\/\/yoast.com\/product\/yoast-seo-wordpress\/ -->\n<title>\u00a1Atenci\u00f3n docentes! Los invitamos al taller de postulaci\u00f3n CRECyT 2018 - RM Sur Oriente<\/title>\n<meta name=\"robots\" content=\"index, follow, max-snippet:-1, max-image-preview:large, max-video-preview:-1\" \/>\n<link rel=\"canonical\" href=\"https:\/\/explora.cl\/rmsuroriente\/docentes-los-invitamos-al-taller-de-apoyo-a-la-postulacion-crecyt-2018\/\" class=\"yoast-seo-meta-tag\" \/>\n<meta property=\"og:locale\" content=\"es_ES\" class=\"yoast-seo-meta-tag\" \/>\n<meta property=\"og:type\" content=\"article\" class=\"yoast-seo-meta-tag\" \/>\n<meta property=\"og:title\" content=\"\u00a1Atenci\u00f3n docentes! Los invitamos al taller de postulaci\u00f3n CRECyT 2018 - RM Sur Oriente\" class=\"yoast-seo-meta-tag\" \/>\n<meta property=\"og:description\" content=\"Invitamos a todos los profesores y profesoras que desarrollen investigaci\u00f3n cient\u00edfica escolar en escuelas y liceos de la Regi\u00f3n Metropolitana* a participar en el taller de apoyo a la postulaci\u00f3n del XIII Congreso Regional Escolar de la Ciencia y la Tecnolog\u00eda (CRECyT). Durante la jornada, podr\u00e1n resolver sus dudas y recibir asesor\u00eda para completar un [&hellip;]\" class=\"yoast-seo-meta-tag\" \/>\n<meta property=\"og:url\" content=\"https:\/\/explora.cl\/rmsuroriente\/docentes-los-invitamos-al-taller-de-apoyo-a-la-postulacion-crecyt-2018\/\" class=\"yoast-seo-meta-tag\" \/>\n<meta property=\"og:site_name\" content=\"RM Sur Oriente\" class=\"yoast-seo-meta-tag\" \/>\n<meta property=\"article:published_time\" content=\"2018-08-24T20:54:17+00:00\" class=\"yoast-seo-meta-tag\" \/>\n<meta property=\"article:modified_time\" content=\"2019-05-20T17:31:25+00:00\" class=\"yoast-seo-meta-tag\" \/>\n<meta name=\"author\" content=\"webman\" class=\"yoast-seo-meta-tag\" \/>\n<meta name=\"twitter:card\" content=\"summary_large_image\" class=\"yoast-seo-meta-tag\" \/>\n<meta name=\"twitter:label1\" content=\"Escrito por\" class=\"yoast-seo-meta-tag\" \/>\n\t<meta name=\"twitter:data1\" content=\"webman\" class=\"yoast-seo-meta-tag\" \/>\n\t<meta name=\"twitter:label2\" content=\"Tiempo estimado de lectura\" class=\"yoast-seo-meta-tag\" \/>\n\t<meta name=\"twitter:data2\" content=\"1 minuto\" class=\"yoast-seo-meta-tag\" \/>\n<script type=\"application\/ld+json\" class=\"yoast-schema-graph\">{\"@context\":\"https:\/\/schema.org\",\"@graph\":[{\"@type\":\"Article\",\"@id\":\"https:\/\/explora.cl\/rmsuroriente\/docentes-los-invitamos-al-taller-de-apoyo-a-la-postulacion-crecyt-2018\/#article\",\"isPartOf\":{\"@id\":\"https:\/\/explora.cl\/rmsuroriente\/docentes-los-invitamos-al-taller-de-apoyo-a-la-postulacion-crecyt-2018\/\"},\"author\":{\"name\":\"webman\",\"@id\":\"https:\/\/explora.cl\/rmsuroriente\/#\/schema\/person\/cb8349c13ea2d324080adf8480d7ba5d\"},\"headline\":\"\u00a1Atenci\u00f3n docentes! Los invitamos al taller de postulaci\u00f3n CRECyT 2018\",\"datePublished\":\"2018-08-24T20:54:17+00:00\",\"dateModified\":\"2019-05-20T17:31:25+00:00\",\"mainEntityOfPage\":{\"@id\":\"https:\/\/explora.cl\/rmsuroriente\/docentes-los-invitamos-al-taller-de-apoyo-a-la-postulacion-crecyt-2018\/\"},\"wordCount\":270,\"publisher\":{\"@id\":\"https:\/\/explora.cl\/rmsuroriente\/#organization\"},\"image\":{\"@id\":\"https:\/\/explora.cl\/rmsuroriente\/docentes-los-invitamos-al-taller-de-apoyo-a-la-postulacion-crecyt-2018\/#primaryimage\"},\"thumbnailUrl\":\"\",\"articleSection\":[\"Noticias\"],\"inLanguage\":\"es-CL\"},{\"@type\":\"WebPage\",\"@id\":\"https:\/\/explora.cl\/rmsuroriente\/docentes-los-invitamos-al-taller-de-apoyo-a-la-postulacion-crecyt-2018\/\",\"url\":\"https:\/\/explora.cl\/rmsuroriente\/docentes-los-invitamos-al-taller-de-apoyo-a-la-postulacion-crecyt-2018\/\",\"name\":\"\u00a1Atenci\u00f3n docentes! Los invitamos al taller de postulaci\u00f3n CRECyT 2018 - RM Sur Oriente\",\"isPartOf\":{\"@id\":\"https:\/\/explora.cl\/rmsuroriente\/#website\"},\"primaryImageOfPage\":{\"@id\":\"https:\/\/explora.cl\/rmsuroriente\/docentes-los-invitamos-al-taller-de-apoyo-a-la-postulacion-crecyt-2018\/#primaryimage\"},\"image\":{\"@id\":\"https:\/\/explora.cl\/rmsuroriente\/docentes-los-invitamos-al-taller-de-apoyo-a-la-postulacion-crecyt-2018\/#primaryimage\"},\"thumbnailUrl\":\"\",\"datePublished\":\"2018-08-24T20:54:17+00:00\",\"dateModified\":\"2019-05-20T17:31:25+00:00\",\"breadcrumb\":{\"@id\":\"https:\/\/explora.cl\/rmsuroriente\/docentes-los-invitamos-al-taller-de-apoyo-a-la-postulacion-crecyt-2018\/#breadcrumb\"},\"inLanguage\":\"es-CL\",\"potentialAction\":[{\"@type\":\"ReadAction\",\"target\":[\"https:\/\/explora.cl\/rmsuroriente\/docentes-los-invitamos-al-taller-de-apoyo-a-la-postulacion-crecyt-2018\/\"]}]},{\"@type\":\"ImageObject\",\"inLanguage\":\"es-CL\",\"@id\":\"https:\/\/explora.cl\/rmsuroriente\/docentes-los-invitamos-al-taller-de-apoyo-a-la-postulacion-crecyt-2018\/#primaryimage\",\"url\":\"\",\"contentUrl\":\"\"},{\"@type\":\"BreadcrumbList\",\"@id\":\"https:\/\/explora.cl\/rmsuroriente\/docentes-los-invitamos-al-taller-de-apoyo-a-la-postulacion-crecyt-2018\/#breadcrumb\",\"itemListElement\":[{\"@type\":\"ListItem\",\"position\":1,\"name\":\"Portada\",\"item\":\"https:\/\/explora.cl\/rmsuroriente\/\"},{\"@type\":\"ListItem\",\"position\":2,\"name\":\"\u00a1Atenci\u00f3n docentes! Los invitamos al taller de postulaci\u00f3n CRECyT 2018\"}]},{\"@type\":\"WebSite\",\"@id\":\"https:\/\/explora.cl\/rmsuroriente\/#website\",\"url\":\"https:\/\/explora.cl\/rmsuroriente\/\",\"name\":\"RM Sur Oriente\",\"description\":\"Otro sitio m\u00e1s de explora.cl\",\"publisher\":{\"@id\":\"https:\/\/explora.cl\/rmsuroriente\/#organization\"},\"potentialAction\":[{\"@type\":\"SearchAction\",\"target\":{\"@type\":\"EntryPoint\",\"urlTemplate\":\"https:\/\/explora.cl\/rmsuroriente\/?s={search_term_string}\"},\"query-input\":{\"@type\":\"PropertyValueSpecification\",\"valueRequired\":true,\"valueName\":\"search_term_string\"}}],\"inLanguage\":\"es-CL\"},{\"@type\":\"Organization\",\"@id\":\"https:\/\/explora.cl\/rmsuroriente\/#organization\",\"name\":\"RM Sur Oriente\",\"url\":\"https:\/\/explora.cl\/rmsuroriente\/\",\"logo\":{\"@type\":\"ImageObject\",\"inLanguage\":\"es-CL\",\"@id\":\"https:\/\/explora.cl\/rmsuroriente\/#\/schema\/logo\/image\/\",\"url\":\"https:\/\/explora.cl\/rmsuroriente\/wp-content\/uploads\/sites\/12\/2025\/04\/cropped-LogoPAR_RMSO-Azul-UC.png\",\"contentUrl\":\"https:\/\/explora.cl\/rmsuroriente\/wp-content\/uploads\/sites\/12\/2025\/04\/cropped-LogoPAR_RMSO-Azul-UC.png\",\"width\":411,\"height\":409,\"caption\":\"RM Sur Oriente\"},\"image\":{\"@id\":\"https:\/\/explora.cl\/rmsuroriente\/#\/schema\/logo\/image\/\"}},{\"@type\":\"Person\",\"@id\":\"https:\/\/explora.cl\/rmsuroriente\/#\/schema\/person\/cb8349c13ea2d324080adf8480d7ba5d\",\"name\":\"webman\",\"image\":{\"@type\":\"ImageObject\",\"inLanguage\":\"es-CL\",\"@id\":\"https:\/\/explora.cl\/rmsuroriente\/#\/schema\/person\/image\/\",\"url\":\"https:\/\/secure.gravatar.com\/avatar\/eeff3c82f2c02f7177d13663b7e6f890e9a6a0647ce9bb29cae02dcb094c7312?s=96&d=mm&r=g\",\"contentUrl\":\"https:\/\/secure.gravatar.com\/avatar\/eeff3c82f2c02f7177d13663b7e6f890e9a6a0647ce9bb29cae02dcb094c7312?s=96&d=mm&r=g\",\"caption\":\"webman\"},\"url\":\"https:\/\/explora.cl\/rmsuroriente\/author\/webman\/\"}]}<\/script>\n<!-- \/ Yoast SEO plugin. -->","yoast_head_json":{"title":"\u00a1Atenci\u00f3n docentes! Los invitamos al taller de postulaci\u00f3n CRECyT 2018 - RM Sur Oriente","robots":{"index":"index","follow":"follow","max-snippet":"max-snippet:-1","max-image-preview":"max-image-preview:large","max-video-preview":"max-video-preview:-1"},"canonical":"https:\/\/explora.cl\/rmsuroriente\/docentes-los-invitamos-al-taller-de-apoyo-a-la-postulacion-crecyt-2018\/","og_locale":"es_ES","og_type":"article","og_title":"\u00a1Atenci\u00f3n docentes! Los invitamos al taller de postulaci\u00f3n CRECyT 2018 - RM Sur Oriente","og_description":"Invitamos a todos los profesores y profesoras que desarrollen investigaci\u00f3n cient\u00edfica escolar en escuelas y liceos de la Regi\u00f3n Metropolitana* a participar en el taller de apoyo a la postulaci\u00f3n del XIII Congreso Regional Escolar de la Ciencia y la Tecnolog\u00eda (CRECyT). Durante la jornada, podr\u00e1n resolver sus dudas y recibir asesor\u00eda para completar un [&hellip;]","og_url":"https:\/\/explora.cl\/rmsuroriente\/docentes-los-invitamos-al-taller-de-apoyo-a-la-postulacion-crecyt-2018\/","og_site_name":"RM Sur Oriente","article_published_time":"2018-08-24T20:54:17+00:00","article_modified_time":"2019-05-20T17:31:25+00:00","author":"webman","twitter_card":"summary_large_image","twitter_misc":{"Escrito por":"webman","Tiempo estimado de lectura":"1 minuto"},"schema":{"@context":"https:\/\/schema.org","@graph":[{"@type":"Article","@id":"https:\/\/explora.cl\/rmsuroriente\/docentes-los-invitamos-al-taller-de-apoyo-a-la-postulacion-crecyt-2018\/#article","isPartOf":{"@id":"https:\/\/explora.cl\/rmsuroriente\/docentes-los-invitamos-al-taller-de-apoyo-a-la-postulacion-crecyt-2018\/"},"author":{"name":"webman","@id":"https:\/\/explora.cl\/rmsuroriente\/#\/schema\/person\/cb8349c13ea2d324080adf8480d7ba5d"},"headline":"\u00a1Atenci\u00f3n docentes! Los invitamos al taller de postulaci\u00f3n CRECyT 2018","datePublished":"2018-08-24T20:54:17+00:00","dateModified":"2019-05-20T17:31:25+00:00","mainEntityOfPage":{"@id":"https:\/\/explora.cl\/rmsuroriente\/docentes-los-invitamos-al-taller-de-apoyo-a-la-postulacion-crecyt-2018\/"},"wordCount":270,"publisher":{"@id":"https:\/\/explora.cl\/rmsuroriente\/#organization"},"image":{"@id":"https:\/\/explora.cl\/rmsuroriente\/docentes-los-invitamos-al-taller-de-apoyo-a-la-postulacion-crecyt-2018\/#primaryimage"},"thumbnailUrl":"","articleSection":["Noticias"],"inLanguage":"es-CL"},{"@type":"WebPage","@id":"https:\/\/explora.cl\/rmsuroriente\/docentes-los-invitamos-al-taller-de-apoyo-a-la-postulacion-crecyt-2018\/","url":"https:\/\/explora.cl\/rmsuroriente\/docentes-los-invitamos-al-taller-de-apoyo-a-la-postulacion-crecyt-2018\/","name":"\u00a1Atenci\u00f3n docentes! Los invitamos al taller de postulaci\u00f3n CRECyT 2018 - RM Sur Oriente","isPartOf":{"@id":"https:\/\/explora.cl\/rmsuroriente\/#website"},"primaryImageOfPage":{"@id":"https:\/\/explora.cl\/rmsuroriente\/docentes-los-invitamos-al-taller-de-apoyo-a-la-postulacion-crecyt-2018\/#primaryimage"},"image":{"@id":"https:\/\/explora.cl\/rmsuroriente\/docentes-los-invitamos-al-taller-de-apoyo-a-la-postulacion-crecyt-2018\/#primaryimage"},"thumbnailUrl":"","datePublished":"2018-08-24T20:54:17+00:00","dateModified":"2019-05-20T17:31:25+00:00","breadcrumb":{"@id":"https:\/\/explora.cl\/rmsuroriente\/docentes-los-invitamos-al-taller-de-apoyo-a-la-postulacion-crecyt-2018\/#breadcrumb"},"inLanguage":"es-CL","potentialAction":[{"@type":"ReadAction","target":["https:\/\/explora.cl\/rmsuroriente\/docentes-los-invitamos-al-taller-de-apoyo-a-la-postulacion-crecyt-2018\/"]}]},{"@type":"ImageObject","inLanguage":"es-CL","@id":"https:\/\/explora.cl\/rmsuroriente\/docentes-los-invitamos-al-taller-de-apoyo-a-la-postulacion-crecyt-2018\/#primaryimage","url":"","contentUrl":""},{"@type":"BreadcrumbList","@id":"https:\/\/explora.cl\/rmsuroriente\/docentes-los-invitamos-al-taller-de-apoyo-a-la-postulacion-crecyt-2018\/#breadcrumb","itemListElement":[{"@type":"ListItem","position":1,"name":"Portada","item":"https:\/\/explora.cl\/rmsuroriente\/"},{"@type":"ListItem","position":2,"name":"\u00a1Atenci\u00f3n docentes! Los invitamos al taller de postulaci\u00f3n CRECyT 2018"}]},{"@type":"WebSite","@id":"https:\/\/explora.cl\/rmsuroriente\/#website","url":"https:\/\/explora.cl\/rmsuroriente\/","name":"RM Sur Oriente","description":"Otro sitio m\u00e1s de explora.cl","publisher":{"@id":"https:\/\/explora.cl\/rmsuroriente\/#organization"},"potentialAction":[{"@type":"SearchAction","target":{"@type":"EntryPoint","urlTemplate":"https:\/\/explora.cl\/rmsuroriente\/?s={search_term_string}"},"query-input":{"@type":"PropertyValueSpecification","valueRequired":true,"valueName":"search_term_string"}}],"inLanguage":"es-CL"},{"@type":"Organization","@id":"https:\/\/explora.cl\/rmsuroriente\/#organization","name":"RM Sur Oriente","url":"https:\/\/explora.cl\/rmsuroriente\/","logo":{"@type":"ImageObject","inLanguage":"es-CL","@id":"https:\/\/explora.cl\/rmsuroriente\/#\/schema\/logo\/image\/","url":"https:\/\/explora.cl\/rmsuroriente\/wp-content\/uploads\/sites\/12\/2025\/04\/cropped-LogoPAR_RMSO-Azul-UC.png","contentUrl":"https:\/\/explora.cl\/rmsuroriente\/wp-content\/uploads\/sites\/12\/2025\/04\/cropped-LogoPAR_RMSO-Azul-UC.png","width":411,"height":409,"caption":"RM Sur Oriente"},"image":{"@id":"https:\/\/explora.cl\/rmsuroriente\/#\/schema\/logo\/image\/"}},{"@type":"Person","@id":"https:\/\/explora.cl\/rmsuroriente\/#\/schema\/person\/cb8349c13ea2d324080adf8480d7ba5d","name":"webman","image":{"@type":"ImageObject","inLanguage":"es-CL","@id":"https:\/\/explora.cl\/rmsuroriente\/#\/schema\/person\/image\/","url":"https:\/\/secure.gravatar.com\/avatar\/eeff3c82f2c02f7177d13663b7e6f890e9a6a0647ce9bb29cae02dcb094c7312?s=96&d=mm&r=g","contentUrl":"https:\/\/secure.gravatar.com\/avatar\/eeff3c82f2c02f7177d13663b7e6f890e9a6a0647ce9bb29cae02dcb094c7312?s=96&d=mm&r=g","caption":"webman"},"url":"https:\/\/explora.cl\/rmsuroriente\/author\/webman\/"}]}},"_links":{"self":[{"href":"https:\/\/explora.cl\/rmsuroriente\/wp-json\/wp\/v2\/posts\/35405","targetHints":{"allow":["GET"]}}],"collection":[{"href":"https:\/\/explora.cl\/rmsuroriente\/wp-json\/wp\/v2\/posts"}],"about":[{"href":"https:\/\/explora.cl\/rmsuroriente\/wp-json\/wp\/v2\/types\/post"}],"author":[{"embeddable":true,"href":"https:\/\/explora.cl\/rmsuroriente\/wp-json\/wp\/v2\/users\/2"}],"replies":[{"embeddable":true,"href":"https:\/\/explora.cl\/rmsuroriente\/wp-json\/wp\/v2\/comments?post=35405"}],"version-history":[{"count":1,"href":"https:\/\/explora.cl\/rmsuroriente\/wp-json\/wp\/v2\/posts\/35405\/revisions"}],"predecessor-version":[{"id":37585,"href":"https:\/\/explora.cl\/rmsuroriente\/wp-json\/wp\/v2\/posts\/35405\/revisions\/37585"}],"wp:featuredmedia":[{"embeddable":true,"href":"https:\/\/explora.cl\/rmsuroriente\/wp-json\/"}],"wp:attachment":[{"href":"https:\/\/explora.cl\/rmsuroriente\/wp-json\/wp\/v2\/media?parent=35405"}],"wp:term":[{"taxonomy":"category","embeddable":true,"href":"https:\/\/explora.cl\/rmsuroriente\/wp-json\/wp\/v2\/categories?post=35405"},{"taxonomy":"post_tag","embeddable":true,"href":"https:\/\/explora.cl\/rmsuroriente\/wp-json\/wp\/v2\/tags?post=35405"}],"curies":[{"name":"wp","href":"https:\/\/api.w.org\/{rel}","templated":true}]}}