{"id":33168,"date":"2019-04-18T04:40:55","date_gmt":"2019-04-18T08:40:55","guid":{"rendered":"https:\/\/explora.cl\/rmsuroriente\/?p=33168"},"modified":"2021-07-21T13:37:19","modified_gmt":"2021-07-21T17:37:19","slug":"semana-nacional-de-la-ciencia-y-la-tecnologia-3","status":"publish","type":"post","link":"https:\/\/explora.cl\/rmsuroriente\/semana-nacional-de-la-ciencia-y-la-tecnologia-3\/","title":{"rendered":"Semana Nacional de la Ciencia y la Tecnolog\u00eda"},"content":{"rendered":"<p>Hacer texto<img decoding=\"async\" src=\"https:\/\/explora.cl\/wp-content\/uploads\/2019\/04\/inach-3.jpg\" alt=\"\" class=\"vc-single-image\" \/><\/p>\n<p><a href=\"https:\/\/explora.cl\/rmsuroriente\/quienes-somos\/\" target=\"_blank\" class=\"vc-btn\">CONTACTA A PAR EXPLORA RM SUR ORIENTE<\/a><\/p>\n<h1 class=\"vc-custom-heading\" style=\"font-size: 26; text-align: left; color: %2318975f;\">ACTIVIDADES<\/h1>\n<h2 class=\"vc-custom-heading\" style=\"font-size: 13; text-align: left; color: %23000000;\">11 al 13 de octubre del 2019<\/h2>\n<p>PARQUEMET, 9.00 \u2013 18.00 hrs.<\/p>\n<h1>XIII Fiesta de la Ciencia y la Tecnolog\u00eda<\/h1>\n<p>Es el evento de divulgaci\u00f3n cient\u00edfica de mayor alcance a nivel nacional. Una fiesta tem\u00e1tica en la que la ciudadan\u00eda puede participar gratuitamente en distintas actividades que se realizan a lo largo del pa\u00eds y que buscan acercar el mundo de las ciencias, la tecnolog\u00eda y la innovaci\u00f3n a toda la comunidad.<\/p>\n<p><a href=\"https:\/\/explora.cl\/rmsuroriente\/congreso-regional-de-investigacion-escolar-1-2\/?preview_id=38437&#038;preview_nonce=9d6c04f954&#038;_thumbnail_id=38406&#038;preview=true\" target=\"_blank\" class=\"vc-btn\">M\u00c1S INFORMACI\u00d3N AQU\u00cd<\/a><\/p>\n<h2 class=\"vc-custom-heading\" style=\"font-size: 13; text-align: left; color: %23000000;\">2 de octubre del 2019<\/h2>\n<p>La Florida, 11.00 hrs.<\/p>\n<h1>Inauguraci\u00f3n de la Semana Nacional de la Ciencia y la Tecnolog\u00eda &#8211; Mural Cient\u00edfico 2019<\/h1>\n<p>Por quinto a\u00f1o consecutivo el proyecto busca inaugurar con una intervenci\u00f3n urbana la Semana Nacional de la Ciencia y la Tecnolog\u00eda, en esta actividad se entrega a la comunidad el Mural Cient\u00edfico que tiene por tem\u00e1tica principal el Tema del A\u00f1o Explora de cada a\u00f1o, donde el 2019 es El Sol.<\/p>\n<p><a href=\"https:\/\/explora.cl\/rmsuroriente\/mural-cientifico\/\" target=\"_blank\" class=\"vc-btn\">M\u00c1S INFORMACI\u00d3N AQU\u00cd<\/a><\/p>\n<h2 class=\"vc-custom-heading\" style=\"font-size: 13; text-align: left; color: %23000000;\">11 al 13 de octubre del 2019<\/h2>\n<p>XXXXX, 9.00 \u2013 18.00 hrs.<\/p>\n<h1>XXXX<\/h1>\n<p>XXXX<\/p>\n<p><a href=\"#\" target=\"_blank\" class=\"vc-btn\">M\u00c1S INFORMACI\u00d3N AQU\u00cd<\/a><\/p>\n<p>Conoce las actividades disponibles para la Semana de la Ciencia y la Tecnolog\u00eda de la RM Sur Oriente revisando el mapa.<\/p>\n","protected":false},"excerpt":{"rendered":"<p>Es el evento de divulgaci\u00f3n cient\u00edfica de mayor alcance a nivel nacional. Una fiesta tem\u00e1tica en la que la ciudadan\u00eda puede participar gratuitamente en distintas actividades que se realizan a lo largo del pa\u00eds y que buscan acercar el mundo de las ciencias, la tecnolog\u00eda y la innovaci\u00f3n a toda la comunidad. <\/p>\n","protected":false},"author":2,"featured_media":33379,"comment_status":"closed","ping_status":"open","sticky":false,"template":"","format":"standard","meta":{"_acf_changed":false,"_exactmetrics_skip_tracking":false,"_exactmetrics_sitenote_active":false,"_exactmetrics_sitenote_note":"","_exactmetrics_sitenote_category":0,"footnotes":"","_links_to":"","_links_to_target":""},"categories":[1],"tags":[],"class_list":["post-33168","post","type-post","status-publish","format-standard","has-post-thumbnail","hentry","category-sin-categoria"],"acf":[],"yoast_head":"<!-- This site is optimized with the Yoast SEO plugin v26.9 - https:\/\/yoast.com\/product\/yoast-seo-wordpress\/ -->\n<title>Semana Nacional de la Ciencia y la Tecnolog\u00eda - RM Sur Oriente<\/title>\n<meta name=\"robots\" content=\"index, follow, max-snippet:-1, max-image-preview:large, max-video-preview:-1\" \/>\n<link rel=\"canonical\" href=\"https:\/\/explora.cl\/rmsuroriente\/semana-nacional-de-la-ciencia-y-la-tecnologia-3\/\" class=\"yoast-seo-meta-tag\" \/>\n<meta property=\"og:locale\" content=\"es_ES\" class=\"yoast-seo-meta-tag\" \/>\n<meta property=\"og:type\" content=\"article\" class=\"yoast-seo-meta-tag\" \/>\n<meta property=\"og:title\" content=\"Semana Nacional de la Ciencia y la Tecnolog\u00eda - RM Sur Oriente\" class=\"yoast-seo-meta-tag\" \/>\n<meta property=\"og:description\" content=\"Es el evento de divulgaci\u00f3n cient\u00edfica de mayor alcance a nivel nacional. Una fiesta tem\u00e1tica en la que la ciudadan\u00eda puede participar gratuitamente en distintas actividades que se realizan a lo largo del pa\u00eds y que buscan acercar el mundo de las ciencias, la tecnolog\u00eda y la innovaci\u00f3n a toda la comunidad.\" class=\"yoast-seo-meta-tag\" \/>\n<meta property=\"og:url\" content=\"https:\/\/explora.cl\/rmsuroriente\/semana-nacional-de-la-ciencia-y-la-tecnologia-3\/\" class=\"yoast-seo-meta-tag\" \/>\n<meta property=\"og:site_name\" content=\"RM Sur Oriente\" class=\"yoast-seo-meta-tag\" \/>\n<meta property=\"article:published_time\" content=\"2019-04-18T08:40:55+00:00\" class=\"yoast-seo-meta-tag\" \/>\n<meta property=\"article:modified_time\" content=\"2021-07-21T17:37:19+00:00\" class=\"yoast-seo-meta-tag\" \/>\n<meta property=\"og:image\" content=\"https:\/\/explora.cl\/rmsuroriente\/wp-content\/uploads\/sites\/12\/2019\/04\/Semana-de-la-Ciencia-Regional.jpg\" class=\"yoast-seo-meta-tag\" \/>\n\t<meta property=\"og:image:width\" content=\"1100\" class=\"yoast-seo-meta-tag\" \/>\n\t<meta property=\"og:image:height\" content=\"734\" class=\"yoast-seo-meta-tag\" \/>\n\t<meta property=\"og:image:type\" content=\"image\/jpeg\" class=\"yoast-seo-meta-tag\" \/>\n<meta name=\"author\" content=\"webman\" class=\"yoast-seo-meta-tag\" \/>\n<meta name=\"twitter:card\" content=\"summary_large_image\" class=\"yoast-seo-meta-tag\" \/>\n<meta name=\"twitter:label1\" content=\"Escrito por\" class=\"yoast-seo-meta-tag\" \/>\n\t<meta name=\"twitter:data1\" content=\"webman\" class=\"yoast-seo-meta-tag\" \/>\n\t<meta name=\"twitter:label2\" content=\"Tiempo estimado de lectura\" class=\"yoast-seo-meta-tag\" \/>\n\t<meta name=\"twitter:data2\" content=\"1 minuto\" class=\"yoast-seo-meta-tag\" \/>\n<script type=\"application\/ld+json\" class=\"yoast-schema-graph\">{\"@context\":\"https:\/\/schema.org\",\"@graph\":[{\"@type\":\"Article\",\"@id\":\"https:\/\/explora.cl\/rmsuroriente\/semana-nacional-de-la-ciencia-y-la-tecnologia-3\/#article\",\"isPartOf\":{\"@id\":\"https:\/\/explora.cl\/rmsuroriente\/semana-nacional-de-la-ciencia-y-la-tecnologia-3\/\"},\"author\":{\"name\":\"webman\",\"@id\":\"https:\/\/explora.cl\/rmsuroriente\/#\/schema\/person\/cb8349c13ea2d324080adf8480d7ba5d\"},\"headline\":\"Semana Nacional de la Ciencia y la Tecnolog\u00eda\",\"datePublished\":\"2019-04-18T08:40:55+00:00\",\"dateModified\":\"2021-07-21T17:37:19+00:00\",\"mainEntityOfPage\":{\"@id\":\"https:\/\/explora.cl\/rmsuroriente\/semana-nacional-de-la-ciencia-y-la-tecnologia-3\/\"},\"wordCount\":218,\"publisher\":{\"@id\":\"https:\/\/explora.cl\/rmsuroriente\/#organization\"},\"image\":{\"@id\":\"https:\/\/explora.cl\/rmsuroriente\/semana-nacional-de-la-ciencia-y-la-tecnologia-3\/#primaryimage\"},\"thumbnailUrl\":\"https:\/\/explora.cl\/rmsuroriente\/wp-content\/uploads\/sites\/12\/2019\/04\/Semana-de-la-Ciencia-Regional.jpg\",\"inLanguage\":\"es-CL\"},{\"@type\":\"WebPage\",\"@id\":\"https:\/\/explora.cl\/rmsuroriente\/semana-nacional-de-la-ciencia-y-la-tecnologia-3\/\",\"url\":\"https:\/\/explora.cl\/rmsuroriente\/semana-nacional-de-la-ciencia-y-la-tecnologia-3\/\",\"name\":\"Semana Nacional de la Ciencia y la Tecnolog\u00eda - RM Sur Oriente\",\"isPartOf\":{\"@id\":\"https:\/\/explora.cl\/rmsuroriente\/#website\"},\"primaryImageOfPage\":{\"@id\":\"https:\/\/explora.cl\/rmsuroriente\/semana-nacional-de-la-ciencia-y-la-tecnologia-3\/#primaryimage\"},\"image\":{\"@id\":\"https:\/\/explora.cl\/rmsuroriente\/semana-nacional-de-la-ciencia-y-la-tecnologia-3\/#primaryimage\"},\"thumbnailUrl\":\"https:\/\/explora.cl\/rmsuroriente\/wp-content\/uploads\/sites\/12\/2019\/04\/Semana-de-la-Ciencia-Regional.jpg\",\"datePublished\":\"2019-04-18T08:40:55+00:00\",\"dateModified\":\"2021-07-21T17:37:19+00:00\",\"breadcrumb\":{\"@id\":\"https:\/\/explora.cl\/rmsuroriente\/semana-nacional-de-la-ciencia-y-la-tecnologia-3\/#breadcrumb\"},\"inLanguage\":\"es-CL\",\"potentialAction\":[{\"@type\":\"ReadAction\",\"target\":[\"https:\/\/explora.cl\/rmsuroriente\/semana-nacional-de-la-ciencia-y-la-tecnologia-3\/\"]}]},{\"@type\":\"ImageObject\",\"inLanguage\":\"es-CL\",\"@id\":\"https:\/\/explora.cl\/rmsuroriente\/semana-nacional-de-la-ciencia-y-la-tecnologia-3\/#primaryimage\",\"url\":\"https:\/\/explora.cl\/rmsuroriente\/wp-content\/uploads\/sites\/12\/2019\/04\/Semana-de-la-Ciencia-Regional.jpg\",\"contentUrl\":\"https:\/\/explora.cl\/rmsuroriente\/wp-content\/uploads\/sites\/12\/2019\/04\/Semana-de-la-Ciencia-Regional.jpg\",\"width\":1100,\"height\":734},{\"@type\":\"BreadcrumbList\",\"@id\":\"https:\/\/explora.cl\/rmsuroriente\/semana-nacional-de-la-ciencia-y-la-tecnologia-3\/#breadcrumb\",\"itemListElement\":[{\"@type\":\"ListItem\",\"position\":1,\"name\":\"Portada\",\"item\":\"https:\/\/explora.cl\/rmsuroriente\/\"},{\"@type\":\"ListItem\",\"position\":2,\"name\":\"Semana Nacional de la Ciencia y la Tecnolog\u00eda\"}]},{\"@type\":\"WebSite\",\"@id\":\"https:\/\/explora.cl\/rmsuroriente\/#website\",\"url\":\"https:\/\/explora.cl\/rmsuroriente\/\",\"name\":\"RM Sur Oriente\",\"description\":\"Otro sitio m\u00e1s de explora.cl\",\"publisher\":{\"@id\":\"https:\/\/explora.cl\/rmsuroriente\/#organization\"},\"potentialAction\":[{\"@type\":\"SearchAction\",\"target\":{\"@type\":\"EntryPoint\",\"urlTemplate\":\"https:\/\/explora.cl\/rmsuroriente\/?s={search_term_string}\"},\"query-input\":{\"@type\":\"PropertyValueSpecification\",\"valueRequired\":true,\"valueName\":\"search_term_string\"}}],\"inLanguage\":\"es-CL\"},{\"@type\":\"Organization\",\"@id\":\"https:\/\/explora.cl\/rmsuroriente\/#organization\",\"name\":\"RM Sur Oriente\",\"url\":\"https:\/\/explora.cl\/rmsuroriente\/\",\"logo\":{\"@type\":\"ImageObject\",\"inLanguage\":\"es-CL\",\"@id\":\"https:\/\/explora.cl\/rmsuroriente\/#\/schema\/logo\/image\/\",\"url\":\"https:\/\/explora.cl\/rmsuroriente\/wp-content\/uploads\/sites\/12\/2025\/04\/cropped-LogoPAR_RMSO-Azul-UC.png\",\"contentUrl\":\"https:\/\/explora.cl\/rmsuroriente\/wp-content\/uploads\/sites\/12\/2025\/04\/cropped-LogoPAR_RMSO-Azul-UC.png\",\"width\":411,\"height\":409,\"caption\":\"RM Sur Oriente\"},\"image\":{\"@id\":\"https:\/\/explora.cl\/rmsuroriente\/#\/schema\/logo\/image\/\"}},{\"@type\":\"Person\",\"@id\":\"https:\/\/explora.cl\/rmsuroriente\/#\/schema\/person\/cb8349c13ea2d324080adf8480d7ba5d\",\"name\":\"webman\",\"image\":{\"@type\":\"ImageObject\",\"inLanguage\":\"es-CL\",\"@id\":\"https:\/\/explora.cl\/rmsuroriente\/#\/schema\/person\/image\/\",\"url\":\"https:\/\/secure.gravatar.com\/avatar\/eeff3c82f2c02f7177d13663b7e6f890e9a6a0647ce9bb29cae02dcb094c7312?s=96&d=mm&r=g\",\"contentUrl\":\"https:\/\/secure.gravatar.com\/avatar\/eeff3c82f2c02f7177d13663b7e6f890e9a6a0647ce9bb29cae02dcb094c7312?s=96&d=mm&r=g\",\"caption\":\"webman\"},\"url\":\"https:\/\/explora.cl\/rmsuroriente\/author\/webman\/\"}]}<\/script>\n<!-- \/ Yoast SEO plugin. -->","yoast_head_json":{"title":"Semana Nacional de la Ciencia y la Tecnolog\u00eda - RM Sur Oriente","robots":{"index":"index","follow":"follow","max-snippet":"max-snippet:-1","max-image-preview":"max-image-preview:large","max-video-preview":"max-video-preview:-1"},"canonical":"https:\/\/explora.cl\/rmsuroriente\/semana-nacional-de-la-ciencia-y-la-tecnologia-3\/","og_locale":"es_ES","og_type":"article","og_title":"Semana Nacional de la Ciencia y la Tecnolog\u00eda - RM Sur Oriente","og_description":"Es el evento de divulgaci\u00f3n cient\u00edfica de mayor alcance a nivel nacional. Una fiesta tem\u00e1tica en la que la ciudadan\u00eda puede participar gratuitamente en distintas actividades que se realizan a lo largo del pa\u00eds y que buscan acercar el mundo de las ciencias, la tecnolog\u00eda y la innovaci\u00f3n a toda la comunidad.","og_url":"https:\/\/explora.cl\/rmsuroriente\/semana-nacional-de-la-ciencia-y-la-tecnologia-3\/","og_site_name":"RM Sur Oriente","article_published_time":"2019-04-18T08:40:55+00:00","article_modified_time":"2021-07-21T17:37:19+00:00","og_image":[{"width":1100,"height":734,"url":"https:\/\/explora.cl\/rmsuroriente\/wp-content\/uploads\/sites\/12\/2019\/04\/Semana-de-la-Ciencia-Regional.jpg","type":"image\/jpeg"}],"author":"webman","twitter_card":"summary_large_image","twitter_misc":{"Escrito por":"webman","Tiempo estimado de lectura":"1 minuto"},"schema":{"@context":"https:\/\/schema.org","@graph":[{"@type":"Article","@id":"https:\/\/explora.cl\/rmsuroriente\/semana-nacional-de-la-ciencia-y-la-tecnologia-3\/#article","isPartOf":{"@id":"https:\/\/explora.cl\/rmsuroriente\/semana-nacional-de-la-ciencia-y-la-tecnologia-3\/"},"author":{"name":"webman","@id":"https:\/\/explora.cl\/rmsuroriente\/#\/schema\/person\/cb8349c13ea2d324080adf8480d7ba5d"},"headline":"Semana Nacional de la Ciencia y la Tecnolog\u00eda","datePublished":"2019-04-18T08:40:55+00:00","dateModified":"2021-07-21T17:37:19+00:00","mainEntityOfPage":{"@id":"https:\/\/explora.cl\/rmsuroriente\/semana-nacional-de-la-ciencia-y-la-tecnologia-3\/"},"wordCount":218,"publisher":{"@id":"https:\/\/explora.cl\/rmsuroriente\/#organization"},"image":{"@id":"https:\/\/explora.cl\/rmsuroriente\/semana-nacional-de-la-ciencia-y-la-tecnologia-3\/#primaryimage"},"thumbnailUrl":"https:\/\/explora.cl\/rmsuroriente\/wp-content\/uploads\/sites\/12\/2019\/04\/Semana-de-la-Ciencia-Regional.jpg","inLanguage":"es-CL"},{"@type":"WebPage","@id":"https:\/\/explora.cl\/rmsuroriente\/semana-nacional-de-la-ciencia-y-la-tecnologia-3\/","url":"https:\/\/explora.cl\/rmsuroriente\/semana-nacional-de-la-ciencia-y-la-tecnologia-3\/","name":"Semana Nacional de la Ciencia y la Tecnolog\u00eda - RM Sur Oriente","isPartOf":{"@id":"https:\/\/explora.cl\/rmsuroriente\/#website"},"primaryImageOfPage":{"@id":"https:\/\/explora.cl\/rmsuroriente\/semana-nacional-de-la-ciencia-y-la-tecnologia-3\/#primaryimage"},"image":{"@id":"https:\/\/explora.cl\/rmsuroriente\/semana-nacional-de-la-ciencia-y-la-tecnologia-3\/#primaryimage"},"thumbnailUrl":"https:\/\/explora.cl\/rmsuroriente\/wp-content\/uploads\/sites\/12\/2019\/04\/Semana-de-la-Ciencia-Regional.jpg","datePublished":"2019-04-18T08:40:55+00:00","dateModified":"2021-07-21T17:37:19+00:00","breadcrumb":{"@id":"https:\/\/explora.cl\/rmsuroriente\/semana-nacional-de-la-ciencia-y-la-tecnologia-3\/#breadcrumb"},"inLanguage":"es-CL","potentialAction":[{"@type":"ReadAction","target":["https:\/\/explora.cl\/rmsuroriente\/semana-nacional-de-la-ciencia-y-la-tecnologia-3\/"]}]},{"@type":"ImageObject","inLanguage":"es-CL","@id":"https:\/\/explora.cl\/rmsuroriente\/semana-nacional-de-la-ciencia-y-la-tecnologia-3\/#primaryimage","url":"https:\/\/explora.cl\/rmsuroriente\/wp-content\/uploads\/sites\/12\/2019\/04\/Semana-de-la-Ciencia-Regional.jpg","contentUrl":"https:\/\/explora.cl\/rmsuroriente\/wp-content\/uploads\/sites\/12\/2019\/04\/Semana-de-la-Ciencia-Regional.jpg","width":1100,"height":734},{"@type":"BreadcrumbList","@id":"https:\/\/explora.cl\/rmsuroriente\/semana-nacional-de-la-ciencia-y-la-tecnologia-3\/#breadcrumb","itemListElement":[{"@type":"ListItem","position":1,"name":"Portada","item":"https:\/\/explora.cl\/rmsuroriente\/"},{"@type":"ListItem","position":2,"name":"Semana Nacional de la Ciencia y la Tecnolog\u00eda"}]},{"@type":"WebSite","@id":"https:\/\/explora.cl\/rmsuroriente\/#website","url":"https:\/\/explora.cl\/rmsuroriente\/","name":"RM Sur Oriente","description":"Otro sitio m\u00e1s de explora.cl","publisher":{"@id":"https:\/\/explora.cl\/rmsuroriente\/#organization"},"potentialAction":[{"@type":"SearchAction","target":{"@type":"EntryPoint","urlTemplate":"https:\/\/explora.cl\/rmsuroriente\/?s={search_term_string}"},"query-input":{"@type":"PropertyValueSpecification","valueRequired":true,"valueName":"search_term_string"}}],"inLanguage":"es-CL"},{"@type":"Organization","@id":"https:\/\/explora.cl\/rmsuroriente\/#organization","name":"RM Sur Oriente","url":"https:\/\/explora.cl\/rmsuroriente\/","logo":{"@type":"ImageObject","inLanguage":"es-CL","@id":"https:\/\/explora.cl\/rmsuroriente\/#\/schema\/logo\/image\/","url":"https:\/\/explora.cl\/rmsuroriente\/wp-content\/uploads\/sites\/12\/2025\/04\/cropped-LogoPAR_RMSO-Azul-UC.png","contentUrl":"https:\/\/explora.cl\/rmsuroriente\/wp-content\/uploads\/sites\/12\/2025\/04\/cropped-LogoPAR_RMSO-Azul-UC.png","width":411,"height":409,"caption":"RM Sur Oriente"},"image":{"@id":"https:\/\/explora.cl\/rmsuroriente\/#\/schema\/logo\/image\/"}},{"@type":"Person","@id":"https:\/\/explora.cl\/rmsuroriente\/#\/schema\/person\/cb8349c13ea2d324080adf8480d7ba5d","name":"webman","image":{"@type":"ImageObject","inLanguage":"es-CL","@id":"https:\/\/explora.cl\/rmsuroriente\/#\/schema\/person\/image\/","url":"https:\/\/secure.gravatar.com\/avatar\/eeff3c82f2c02f7177d13663b7e6f890e9a6a0647ce9bb29cae02dcb094c7312?s=96&d=mm&r=g","contentUrl":"https:\/\/secure.gravatar.com\/avatar\/eeff3c82f2c02f7177d13663b7e6f890e9a6a0647ce9bb29cae02dcb094c7312?s=96&d=mm&r=g","caption":"webman"},"url":"https:\/\/explora.cl\/rmsuroriente\/author\/webman\/"}]}},"_links":{"self":[{"href":"https:\/\/explora.cl\/rmsuroriente\/wp-json\/wp\/v2\/posts\/33168","targetHints":{"allow":["GET"]}}],"collection":[{"href":"https:\/\/explora.cl\/rmsuroriente\/wp-json\/wp\/v2\/posts"}],"about":[{"href":"https:\/\/explora.cl\/rmsuroriente\/wp-json\/wp\/v2\/types\/post"}],"author":[{"embeddable":true,"href":"https:\/\/explora.cl\/rmsuroriente\/wp-json\/wp\/v2\/users\/2"}],"replies":[{"embeddable":true,"href":"https:\/\/explora.cl\/rmsuroriente\/wp-json\/wp\/v2\/comments?post=33168"}],"version-history":[{"count":60,"href":"https:\/\/explora.cl\/rmsuroriente\/wp-json\/wp\/v2\/posts\/33168\/revisions"}],"predecessor-version":[{"id":38502,"href":"https:\/\/explora.cl\/rmsuroriente\/wp-json\/wp\/v2\/posts\/33168\/revisions\/38502"}],"wp:featuredmedia":[{"embeddable":true,"href":"https:\/\/explora.cl\/rmsuroriente\/wp-json\/wp\/v2\/media\/33379"}],"wp:attachment":[{"href":"https:\/\/explora.cl\/rmsuroriente\/wp-json\/wp\/v2\/media?parent=33168"}],"wp:term":[{"taxonomy":"category","embeddable":true,"href":"https:\/\/explora.cl\/rmsuroriente\/wp-json\/wp\/v2\/categories?post=33168"},{"taxonomy":"post_tag","embeddable":true,"href":"https:\/\/explora.cl\/rmsuroriente\/wp-json\/wp\/v2\/tags?post=33168"}],"curies":[{"name":"wp","href":"https:\/\/api.w.org\/{rel}","templated":true}]}}