{"id":33140,"date":"2019-04-18T03:58:02","date_gmt":"2019-04-18T07:58:02","guid":{"rendered":"https:\/\/explora.cl\/rmsuroriente\/?p=33140"},"modified":"2021-07-21T13:37:00","modified_gmt":"2021-07-21T17:37:00","slug":"congreso-regional-de-investigacion-escolar-1","status":"publish","type":"post","link":"https:\/\/explora.cl\/rmsuroriente\/congreso-regional-de-investigacion-escolar-1\/","title":{"rendered":"Congreso Regional Escolar de las Ciencias y la Tecnolog\u00eda"},"content":{"rendered":"<p>El Congreso Regional Escolar de las Ciencias y la Tecnolog\u00eda (CRECyT) 2019, organizado por el Proyecto Asociativo Regional, PAR Explora de CONICYT Regi\u00f3n Metropolitana Sur Oriente, es un encuentro de divulgaci\u00f3n cient\u00edfica escolar, en el cual estudiantes de educaci\u00f3n b\u00e1sica y media, comunican los resultados de sus proyectos de investigaci\u00f3n cient\u00edfica o tecnol\u00f3gica, luego de haber sido seleccionados para tal instancia.<\/p>\n<p>&nbsp;<\/p>\n<p>Esta actividad es un hito de socializaci\u00f3n en el cual se da cuenta de las competencias cient\u00edficas y transversales, que las y los estudiantes han llegado a desarrollar a trav\u00e9s de sus procesos de trabajo en investigaci\u00f3n cient\u00edfica realizados durante el a\u00f1o escolar. Adem\u00e1s, este es un espacio para interactuar y compartir con ni\u00f1as, ni\u00f1os y j\u00f3venes de otros establecimientos educacionales, comunas y contextos.<\/p>\n<p>En el CRECyT participan proyectos de investigaci\u00f3n escolar en ciencias sociales, ciencias naturales, ingenier\u00eda y\/o tecnolog\u00eda, de estudiantes entre 5\u00b0 a\u00f1o de Educaci\u00f3n B\u00e1sica y 4\u00b0 a\u00f1o de Educaci\u00f3n Media. De estos proyectos, se seleccionan los m\u00e1s destacados a nivel regional, para que posteriormente participen del Congreso Nacional Escolar de las Ciencias y la Tecnolog\u00eda del Programa Explora de CONICYT.<\/p>\n<p><a href=\"https:\/\/explora.cl\/rmsuroriente\/quienes-somos\/\" target=\"_blank\" class=\"vc-btn vc-btn-sm\">PARA M\u00c1S INFORMACI\u00d3N CONT\u00c1CTANOS AQU\u00cd<\/a><\/p>\n<p><a href=\"#\" target=\"_blank\" class=\"vc-btn vc-btn-sm\">DESCARGAR LIBRO RES\u00daMENES<\/a><\/p>\n","protected":false},"excerpt":{"rendered":"<p>En esta instancia se exhiben los resultados de las investigaciones cient\u00edficas escolares (ICE) m\u00e1s destacadas de la regi\u00f3n y se escoge aquella investigaci\u00f3n que representar\u00e1 a la regi\u00f3n en el Congreso Nacional de Investigaci\u00f3n Escolar. Adem\u00e1s de la muestra de investigaciones, en este congreso se realizan tambi\u00e9n conversaciones con cient\u00edficos que son dirigidas a todo p\u00fablico.<\/p>\n","protected":false},"author":2,"featured_media":33383,"comment_status":"closed","ping_status":"open","sticky":false,"template":"","format":"standard","meta":{"_acf_changed":false,"_exactmetrics_skip_tracking":false,"_exactmetrics_sitenote_active":false,"_exactmetrics_sitenote_note":"","_exactmetrics_sitenote_category":0,"footnotes":"","_links_to":"","_links_to_target":""},"categories":[1],"tags":[],"class_list":["post-33140","post","type-post","status-publish","format-standard","has-post-thumbnail","hentry","category-sin-categoria"],"acf":[],"yoast_head":"<!-- This site is optimized with the Yoast SEO plugin v26.9 - https:\/\/yoast.com\/product\/yoast-seo-wordpress\/ -->\n<title>Congreso Regional Escolar de las Ciencias y la Tecnolog\u00eda - RM Sur Oriente<\/title>\n<meta name=\"robots\" content=\"index, follow, max-snippet:-1, max-image-preview:large, max-video-preview:-1\" \/>\n<link rel=\"canonical\" href=\"https:\/\/explora.cl\/rmsuroriente\/congreso-regional-de-investigacion-escolar-1\/\" class=\"yoast-seo-meta-tag\" \/>\n<meta property=\"og:locale\" content=\"es_ES\" class=\"yoast-seo-meta-tag\" \/>\n<meta property=\"og:type\" content=\"article\" class=\"yoast-seo-meta-tag\" \/>\n<meta property=\"og:title\" content=\"Congreso Regional Escolar de las Ciencias y la Tecnolog\u00eda - RM Sur Oriente\" class=\"yoast-seo-meta-tag\" \/>\n<meta property=\"og:description\" content=\"En esta instancia se exhiben los resultados de las investigaciones cient\u00edficas escolares (ICE) m\u00e1s destacadas de la regi\u00f3n y se escoge aquella investigaci\u00f3n que representar\u00e1 a la regi\u00f3n en el Congreso Nacional de Investigaci\u00f3n Escolar. Adem\u00e1s de la muestra de investigaciones, en este congreso se realizan tambi\u00e9n conversaciones con cient\u00edficos que son dirigidas a todo p\u00fablico.\" class=\"yoast-seo-meta-tag\" \/>\n<meta property=\"og:url\" content=\"https:\/\/explora.cl\/rmsuroriente\/congreso-regional-de-investigacion-escolar-1\/\" class=\"yoast-seo-meta-tag\" \/>\n<meta property=\"og:site_name\" content=\"RM Sur Oriente\" class=\"yoast-seo-meta-tag\" \/>\n<meta property=\"article:published_time\" content=\"2019-04-18T07:58:02+00:00\" class=\"yoast-seo-meta-tag\" \/>\n<meta property=\"article:modified_time\" content=\"2021-07-21T17:37:00+00:00\" class=\"yoast-seo-meta-tag\" \/>\n<meta property=\"og:image\" content=\"https:\/\/explora.cl\/rmsuroriente\/wp-content\/uploads\/sites\/12\/2019\/04\/Congreso-Regional-de-Ciencias.jpg\" class=\"yoast-seo-meta-tag\" \/>\n\t<meta property=\"og:image:width\" content=\"1100\" class=\"yoast-seo-meta-tag\" \/>\n\t<meta property=\"og:image:height\" content=\"734\" class=\"yoast-seo-meta-tag\" \/>\n\t<meta property=\"og:image:type\" content=\"image\/jpeg\" class=\"yoast-seo-meta-tag\" \/>\n<meta name=\"author\" content=\"webman\" class=\"yoast-seo-meta-tag\" \/>\n<meta name=\"twitter:card\" content=\"summary_large_image\" class=\"yoast-seo-meta-tag\" \/>\n<meta name=\"twitter:label1\" content=\"Escrito por\" class=\"yoast-seo-meta-tag\" \/>\n\t<meta name=\"twitter:data1\" content=\"webman\" class=\"yoast-seo-meta-tag\" \/>\n\t<meta name=\"twitter:label2\" content=\"Tiempo estimado de lectura\" class=\"yoast-seo-meta-tag\" \/>\n\t<meta name=\"twitter:data2\" content=\"1 minuto\" class=\"yoast-seo-meta-tag\" \/>\n<script type=\"application\/ld+json\" class=\"yoast-schema-graph\">{\"@context\":\"https:\/\/schema.org\",\"@graph\":[{\"@type\":\"Article\",\"@id\":\"https:\/\/explora.cl\/rmsuroriente\/congreso-regional-de-investigacion-escolar-1\/#article\",\"isPartOf\":{\"@id\":\"https:\/\/explora.cl\/rmsuroriente\/congreso-regional-de-investigacion-escolar-1\/\"},\"author\":{\"name\":\"webman\",\"@id\":\"https:\/\/explora.cl\/rmsuroriente\/#\/schema\/person\/cb8349c13ea2d324080adf8480d7ba5d\"},\"headline\":\"Congreso Regional Escolar de las Ciencias y la Tecnolog\u00eda\",\"datePublished\":\"2019-04-18T07:58:02+00:00\",\"dateModified\":\"2021-07-21T17:37:00+00:00\",\"mainEntityOfPage\":{\"@id\":\"https:\/\/explora.cl\/rmsuroriente\/congreso-regional-de-investigacion-escolar-1\/\"},\"wordCount\":235,\"publisher\":{\"@id\":\"https:\/\/explora.cl\/rmsuroriente\/#organization\"},\"image\":{\"@id\":\"https:\/\/explora.cl\/rmsuroriente\/congreso-regional-de-investigacion-escolar-1\/#primaryimage\"},\"thumbnailUrl\":\"https:\/\/explora.cl\/rmsuroriente\/wp-content\/uploads\/sites\/12\/2019\/04\/Congreso-Regional-de-Ciencias.jpg\",\"inLanguage\":\"es-CL\"},{\"@type\":\"WebPage\",\"@id\":\"https:\/\/explora.cl\/rmsuroriente\/congreso-regional-de-investigacion-escolar-1\/\",\"url\":\"https:\/\/explora.cl\/rmsuroriente\/congreso-regional-de-investigacion-escolar-1\/\",\"name\":\"Congreso Regional Escolar de las Ciencias y la Tecnolog\u00eda - RM Sur Oriente\",\"isPartOf\":{\"@id\":\"https:\/\/explora.cl\/rmsuroriente\/#website\"},\"primaryImageOfPage\":{\"@id\":\"https:\/\/explora.cl\/rmsuroriente\/congreso-regional-de-investigacion-escolar-1\/#primaryimage\"},\"image\":{\"@id\":\"https:\/\/explora.cl\/rmsuroriente\/congreso-regional-de-investigacion-escolar-1\/#primaryimage\"},\"thumbnailUrl\":\"https:\/\/explora.cl\/rmsuroriente\/wp-content\/uploads\/sites\/12\/2019\/04\/Congreso-Regional-de-Ciencias.jpg\",\"datePublished\":\"2019-04-18T07:58:02+00:00\",\"dateModified\":\"2021-07-21T17:37:00+00:00\",\"breadcrumb\":{\"@id\":\"https:\/\/explora.cl\/rmsuroriente\/congreso-regional-de-investigacion-escolar-1\/#breadcrumb\"},\"inLanguage\":\"es-CL\",\"potentialAction\":[{\"@type\":\"ReadAction\",\"target\":[\"https:\/\/explora.cl\/rmsuroriente\/congreso-regional-de-investigacion-escolar-1\/\"]}]},{\"@type\":\"ImageObject\",\"inLanguage\":\"es-CL\",\"@id\":\"https:\/\/explora.cl\/rmsuroriente\/congreso-regional-de-investigacion-escolar-1\/#primaryimage\",\"url\":\"https:\/\/explora.cl\/rmsuroriente\/wp-content\/uploads\/sites\/12\/2019\/04\/Congreso-Regional-de-Ciencias.jpg\",\"contentUrl\":\"https:\/\/explora.cl\/rmsuroriente\/wp-content\/uploads\/sites\/12\/2019\/04\/Congreso-Regional-de-Ciencias.jpg\",\"width\":1100,\"height\":734},{\"@type\":\"BreadcrumbList\",\"@id\":\"https:\/\/explora.cl\/rmsuroriente\/congreso-regional-de-investigacion-escolar-1\/#breadcrumb\",\"itemListElement\":[{\"@type\":\"ListItem\",\"position\":1,\"name\":\"Portada\",\"item\":\"https:\/\/explora.cl\/rmsuroriente\/\"},{\"@type\":\"ListItem\",\"position\":2,\"name\":\"Congreso Regional Escolar de las Ciencias y la Tecnolog\u00eda\"}]},{\"@type\":\"WebSite\",\"@id\":\"https:\/\/explora.cl\/rmsuroriente\/#website\",\"url\":\"https:\/\/explora.cl\/rmsuroriente\/\",\"name\":\"RM Sur Oriente\",\"description\":\"Otro sitio m\u00e1s de explora.cl\",\"publisher\":{\"@id\":\"https:\/\/explora.cl\/rmsuroriente\/#organization\"},\"potentialAction\":[{\"@type\":\"SearchAction\",\"target\":{\"@type\":\"EntryPoint\",\"urlTemplate\":\"https:\/\/explora.cl\/rmsuroriente\/?s={search_term_string}\"},\"query-input\":{\"@type\":\"PropertyValueSpecification\",\"valueRequired\":true,\"valueName\":\"search_term_string\"}}],\"inLanguage\":\"es-CL\"},{\"@type\":\"Organization\",\"@id\":\"https:\/\/explora.cl\/rmsuroriente\/#organization\",\"name\":\"RM Sur Oriente\",\"url\":\"https:\/\/explora.cl\/rmsuroriente\/\",\"logo\":{\"@type\":\"ImageObject\",\"inLanguage\":\"es-CL\",\"@id\":\"https:\/\/explora.cl\/rmsuroriente\/#\/schema\/logo\/image\/\",\"url\":\"https:\/\/explora.cl\/rmsuroriente\/wp-content\/uploads\/sites\/12\/2025\/04\/cropped-LogoPAR_RMSO-Azul-UC.png\",\"contentUrl\":\"https:\/\/explora.cl\/rmsuroriente\/wp-content\/uploads\/sites\/12\/2025\/04\/cropped-LogoPAR_RMSO-Azul-UC.png\",\"width\":411,\"height\":409,\"caption\":\"RM Sur Oriente\"},\"image\":{\"@id\":\"https:\/\/explora.cl\/rmsuroriente\/#\/schema\/logo\/image\/\"}},{\"@type\":\"Person\",\"@id\":\"https:\/\/explora.cl\/rmsuroriente\/#\/schema\/person\/cb8349c13ea2d324080adf8480d7ba5d\",\"name\":\"webman\",\"image\":{\"@type\":\"ImageObject\",\"inLanguage\":\"es-CL\",\"@id\":\"https:\/\/explora.cl\/rmsuroriente\/#\/schema\/person\/image\/\",\"url\":\"https:\/\/secure.gravatar.com\/avatar\/eeff3c82f2c02f7177d13663b7e6f890e9a6a0647ce9bb29cae02dcb094c7312?s=96&d=mm&r=g\",\"contentUrl\":\"https:\/\/secure.gravatar.com\/avatar\/eeff3c82f2c02f7177d13663b7e6f890e9a6a0647ce9bb29cae02dcb094c7312?s=96&d=mm&r=g\",\"caption\":\"webman\"},\"url\":\"https:\/\/explora.cl\/rmsuroriente\/author\/webman\/\"}]}<\/script>\n<!-- \/ Yoast SEO plugin. -->","yoast_head_json":{"title":"Congreso Regional Escolar de las Ciencias y la Tecnolog\u00eda - RM Sur Oriente","robots":{"index":"index","follow":"follow","max-snippet":"max-snippet:-1","max-image-preview":"max-image-preview:large","max-video-preview":"max-video-preview:-1"},"canonical":"https:\/\/explora.cl\/rmsuroriente\/congreso-regional-de-investigacion-escolar-1\/","og_locale":"es_ES","og_type":"article","og_title":"Congreso Regional Escolar de las Ciencias y la Tecnolog\u00eda - RM Sur Oriente","og_description":"En esta instancia se exhiben los resultados de las investigaciones cient\u00edficas escolares (ICE) m\u00e1s destacadas de la regi\u00f3n y se escoge aquella investigaci\u00f3n que representar\u00e1 a la regi\u00f3n en el Congreso Nacional de Investigaci\u00f3n Escolar. Adem\u00e1s de la muestra de investigaciones, en este congreso se realizan tambi\u00e9n conversaciones con cient\u00edficos que son dirigidas a todo p\u00fablico.","og_url":"https:\/\/explora.cl\/rmsuroriente\/congreso-regional-de-investigacion-escolar-1\/","og_site_name":"RM Sur Oriente","article_published_time":"2019-04-18T07:58:02+00:00","article_modified_time":"2021-07-21T17:37:00+00:00","og_image":[{"width":1100,"height":734,"url":"https:\/\/explora.cl\/rmsuroriente\/wp-content\/uploads\/sites\/12\/2019\/04\/Congreso-Regional-de-Ciencias.jpg","type":"image\/jpeg"}],"author":"webman","twitter_card":"summary_large_image","twitter_misc":{"Escrito por":"webman","Tiempo estimado de lectura":"1 minuto"},"schema":{"@context":"https:\/\/schema.org","@graph":[{"@type":"Article","@id":"https:\/\/explora.cl\/rmsuroriente\/congreso-regional-de-investigacion-escolar-1\/#article","isPartOf":{"@id":"https:\/\/explora.cl\/rmsuroriente\/congreso-regional-de-investigacion-escolar-1\/"},"author":{"name":"webman","@id":"https:\/\/explora.cl\/rmsuroriente\/#\/schema\/person\/cb8349c13ea2d324080adf8480d7ba5d"},"headline":"Congreso Regional Escolar de las Ciencias y la Tecnolog\u00eda","datePublished":"2019-04-18T07:58:02+00:00","dateModified":"2021-07-21T17:37:00+00:00","mainEntityOfPage":{"@id":"https:\/\/explora.cl\/rmsuroriente\/congreso-regional-de-investigacion-escolar-1\/"},"wordCount":235,"publisher":{"@id":"https:\/\/explora.cl\/rmsuroriente\/#organization"},"image":{"@id":"https:\/\/explora.cl\/rmsuroriente\/congreso-regional-de-investigacion-escolar-1\/#primaryimage"},"thumbnailUrl":"https:\/\/explora.cl\/rmsuroriente\/wp-content\/uploads\/sites\/12\/2019\/04\/Congreso-Regional-de-Ciencias.jpg","inLanguage":"es-CL"},{"@type":"WebPage","@id":"https:\/\/explora.cl\/rmsuroriente\/congreso-regional-de-investigacion-escolar-1\/","url":"https:\/\/explora.cl\/rmsuroriente\/congreso-regional-de-investigacion-escolar-1\/","name":"Congreso Regional Escolar de las Ciencias y la Tecnolog\u00eda - RM Sur Oriente","isPartOf":{"@id":"https:\/\/explora.cl\/rmsuroriente\/#website"},"primaryImageOfPage":{"@id":"https:\/\/explora.cl\/rmsuroriente\/congreso-regional-de-investigacion-escolar-1\/#primaryimage"},"image":{"@id":"https:\/\/explora.cl\/rmsuroriente\/congreso-regional-de-investigacion-escolar-1\/#primaryimage"},"thumbnailUrl":"https:\/\/explora.cl\/rmsuroriente\/wp-content\/uploads\/sites\/12\/2019\/04\/Congreso-Regional-de-Ciencias.jpg","datePublished":"2019-04-18T07:58:02+00:00","dateModified":"2021-07-21T17:37:00+00:00","breadcrumb":{"@id":"https:\/\/explora.cl\/rmsuroriente\/congreso-regional-de-investigacion-escolar-1\/#breadcrumb"},"inLanguage":"es-CL","potentialAction":[{"@type":"ReadAction","target":["https:\/\/explora.cl\/rmsuroriente\/congreso-regional-de-investigacion-escolar-1\/"]}]},{"@type":"ImageObject","inLanguage":"es-CL","@id":"https:\/\/explora.cl\/rmsuroriente\/congreso-regional-de-investigacion-escolar-1\/#primaryimage","url":"https:\/\/explora.cl\/rmsuroriente\/wp-content\/uploads\/sites\/12\/2019\/04\/Congreso-Regional-de-Ciencias.jpg","contentUrl":"https:\/\/explora.cl\/rmsuroriente\/wp-content\/uploads\/sites\/12\/2019\/04\/Congreso-Regional-de-Ciencias.jpg","width":1100,"height":734},{"@type":"BreadcrumbList","@id":"https:\/\/explora.cl\/rmsuroriente\/congreso-regional-de-investigacion-escolar-1\/#breadcrumb","itemListElement":[{"@type":"ListItem","position":1,"name":"Portada","item":"https:\/\/explora.cl\/rmsuroriente\/"},{"@type":"ListItem","position":2,"name":"Congreso Regional Escolar de las Ciencias y la Tecnolog\u00eda"}]},{"@type":"WebSite","@id":"https:\/\/explora.cl\/rmsuroriente\/#website","url":"https:\/\/explora.cl\/rmsuroriente\/","name":"RM Sur Oriente","description":"Otro sitio m\u00e1s de explora.cl","publisher":{"@id":"https:\/\/explora.cl\/rmsuroriente\/#organization"},"potentialAction":[{"@type":"SearchAction","target":{"@type":"EntryPoint","urlTemplate":"https:\/\/explora.cl\/rmsuroriente\/?s={search_term_string}"},"query-input":{"@type":"PropertyValueSpecification","valueRequired":true,"valueName":"search_term_string"}}],"inLanguage":"es-CL"},{"@type":"Organization","@id":"https:\/\/explora.cl\/rmsuroriente\/#organization","name":"RM Sur Oriente","url":"https:\/\/explora.cl\/rmsuroriente\/","logo":{"@type":"ImageObject","inLanguage":"es-CL","@id":"https:\/\/explora.cl\/rmsuroriente\/#\/schema\/logo\/image\/","url":"https:\/\/explora.cl\/rmsuroriente\/wp-content\/uploads\/sites\/12\/2025\/04\/cropped-LogoPAR_RMSO-Azul-UC.png","contentUrl":"https:\/\/explora.cl\/rmsuroriente\/wp-content\/uploads\/sites\/12\/2025\/04\/cropped-LogoPAR_RMSO-Azul-UC.png","width":411,"height":409,"caption":"RM Sur Oriente"},"image":{"@id":"https:\/\/explora.cl\/rmsuroriente\/#\/schema\/logo\/image\/"}},{"@type":"Person","@id":"https:\/\/explora.cl\/rmsuroriente\/#\/schema\/person\/cb8349c13ea2d324080adf8480d7ba5d","name":"webman","image":{"@type":"ImageObject","inLanguage":"es-CL","@id":"https:\/\/explora.cl\/rmsuroriente\/#\/schema\/person\/image\/","url":"https:\/\/secure.gravatar.com\/avatar\/eeff3c82f2c02f7177d13663b7e6f890e9a6a0647ce9bb29cae02dcb094c7312?s=96&d=mm&r=g","contentUrl":"https:\/\/secure.gravatar.com\/avatar\/eeff3c82f2c02f7177d13663b7e6f890e9a6a0647ce9bb29cae02dcb094c7312?s=96&d=mm&r=g","caption":"webman"},"url":"https:\/\/explora.cl\/rmsuroriente\/author\/webman\/"}]}},"_links":{"self":[{"href":"https:\/\/explora.cl\/rmsuroriente\/wp-json\/wp\/v2\/posts\/33140","targetHints":{"allow":["GET"]}}],"collection":[{"href":"https:\/\/explora.cl\/rmsuroriente\/wp-json\/wp\/v2\/posts"}],"about":[{"href":"https:\/\/explora.cl\/rmsuroriente\/wp-json\/wp\/v2\/types\/post"}],"author":[{"embeddable":true,"href":"https:\/\/explora.cl\/rmsuroriente\/wp-json\/wp\/v2\/users\/2"}],"replies":[{"embeddable":true,"href":"https:\/\/explora.cl\/rmsuroriente\/wp-json\/wp\/v2\/comments?post=33140"}],"version-history":[{"count":15,"href":"https:\/\/explora.cl\/rmsuroriente\/wp-json\/wp\/v2\/posts\/33140\/revisions"}],"predecessor-version":[{"id":38419,"href":"https:\/\/explora.cl\/rmsuroriente\/wp-json\/wp\/v2\/posts\/33140\/revisions\/38419"}],"wp:featuredmedia":[{"embeddable":true,"href":"https:\/\/explora.cl\/rmsuroriente\/wp-json\/wp\/v2\/media\/33383"}],"wp:attachment":[{"href":"https:\/\/explora.cl\/rmsuroriente\/wp-json\/wp\/v2\/media?parent=33140"}],"wp:term":[{"taxonomy":"category","embeddable":true,"href":"https:\/\/explora.cl\/rmsuroriente\/wp-json\/wp\/v2\/categories?post=33140"},{"taxonomy":"post_tag","embeddable":true,"href":"https:\/\/explora.cl\/rmsuroriente\/wp-json\/wp\/v2\/tags?post=33140"}],"curies":[{"name":"wp","href":"https:\/\/api.w.org\/{rel}","templated":true}]}}