{"id":1294,"date":"2014-10-01T03:00:00","date_gmt":"2014-10-01T03:00:00","guid":{"rendered":"https:\/\/explora.cl\/rmsuroriente\/blog\/2014\/10\/01\/postulantes-a-la-fae-se-reunieron-para-compartir-sus-investigaciones\/"},"modified":"2019-05-20T17:38:41","modified_gmt":"2019-05-20T17:38:41","slug":"postulantes-a-la-fae-se-reunieron-para-compartir-sus-investigaciones","status":"publish","type":"post","link":"https:\/\/explora.cl\/rmsuroriente\/postulantes-a-la-fae-se-reunieron-para-compartir-sus-investigaciones\/","title":{"rendered":"Postulantes a la FAE se reunieron para compartir sus investigaciones"},"content":{"rendered":"<p><img fetchpriority=\"high\" decoding=\"async\" class=\" size-full wp-image-5907\" src=\"http:\/\/ec2-34-218-253-251.us-west-2.compute.amazonaws.com\/wp-content\/uploads\/2014\/10\/3fc96581bce7d80aa5dbe47124c0e7e2.jpg\" alt=\"\" width=\"800\" height=\"400\" \/><\/p>\n<p style=\"text-align: justify\">Por segundo a\u00f1o consecutivo la ciudad de Valpara\u00edso recibi\u00f3 a los equipos investigativos que lograron culminar el proceso de postulaci\u00f3n de sus trabajos a la Feria Ant\u00e1rtica Escolar.<span style=\"line-height: 1.3em\">\u00a0<\/span><\/p>\n<p style=\"text-align: justify\">La Casa Central de la Pontificia Universidad Cat\u00f3lica de Valpara\u00edso abri\u00f3 sus puertas a las y los estudiantes de la regi\u00f3n anfitriona y Metropolitana, en un encuentro desarrollado el martes 30 de septiembre donde tuvieron la oportunidad de presentar ante sus pares las investigaciones de tem\u00e1tica ant\u00e1rtica desarrolladas durante el a\u00f1o.<\/p>\n<p style=\"text-align: justify\">A esta instancia s\u00f3lo pueden acceder aquellos proyectos que hayan finalizado el proceso, postul\u00e1ndose a la selecci\u00f3n de la Feria Ant\u00e1rtica Escolar que se realiza a\u00f1o a a\u00f1o en la Regi\u00f3n de Magallanes, organizada por el Instituto Ant\u00e1rtico Chileno.<\/p>\n<p style=\"text-align: justify\">En total fueron 34 las presentaciones, divididas en dos salas; una que alberg\u00f3 los proyectos de corte experimental y otra con los de investigaci\u00f3n bibliogr\u00e1fica; de las cuales un total de 19 correspondieron a establecimientos de la Zona Norte de la Regi\u00f3n Metropolitana.<\/p>\n<p style=\"text-align: justify\">Valeria<strong>\u00a0\u00a0<\/strong>Jeffs, estudiante de tercero medio en el Liceo 1 Javiera Carrera de Santiago, desarroll\u00f3 junto a sus compa\u00f1eras un proyecto acerca de las adaptaciones del ping\u00fcino ant\u00e1rtico en el continente respecto al cambio clim\u00e1tico y en cuanto a este encuentro se\u00f1al\u00f3: \u201cEs una preparaci\u00f3n que nos ayuda a vencer un poco el miedo y a estar m\u00e1s preparadas para cuando llegue el momento de presentarse, si es que logramos quedar clasificadas. Sin embargo, independiente de los resultados que obtengamos, yo me quedo con la experiencia de haber aprendido y participado, porque me gusta mucho nuestro proyecto\u201d.<\/p>\n<p style=\"text-align: justify\">El Encuentro Ant\u00e1rtico Escolar marca el cierre del proceso dirigido por los Proyectos Asociativos Regionales del Programa EXPLORA Metropolitana Sur Oriente, Norte y Valpara\u00edso, durante el cual se realizaron talleres de apoyo a los grupos que quisieron asumir el desaf\u00edo de realizar investigaciones ant\u00e1rticas, adem\u00e1s de un seguimiento durante el desarrollo del trabajo, gestionando la vinculaci\u00f3n entre estudiantes y acad\u00e9micos universitarios especialistas en cada \u00e1rea.<\/p>\n<p style=\"text-align: justify\">Daniela S\u00e1nchez es profesora de Biolog\u00eda en el Colegio Nuestra Se\u00f1ora del Rosario de Las Condes y tiene experiencia en este tipo de instancias, ya que hace 3 a\u00f1os clasific\u00f3 a la Feria Ant\u00e1rtica Escolar con un grupo de estudiantes, adem\u00e1s de obtener destacadas participaciones en el Congreso EXPLORA guiando distintos proyectos. Respecto al apoyo brindando en este tipo de iniciativas, coment\u00f3: \u201cEl acompa\u00f1amiento que hace EXPLORA es super importante para los colegios, porque muchas veces no tenemos la asesor\u00eda cient\u00edfica necesaria y eso es fundamental, en definitiva nos dan todas las herramientas para comenzar el proyecto, desarrollarlo y finalmente culminarlo\u201d.<\/p>\n<p style=\"text-align: justify\">El pr\u00f3ximo 09 de octubre el Instituto Ant\u00e1rtico Chileno dar\u00e1 los resultados oficiales que definir\u00e1n los proyectos que participar\u00e1n finalmente en la XI Feria Ant\u00e1rtica Escolar, la cual se realizar\u00e1 en noviembre en la ciudad de Punta Arenas.<\/p>\n<p><a href=\"https:\/\/www.facebook.com\/media\/set\/?set=a.349158301913834.1073741979.180288868800779&amp;type=1\">Revisa aqu\u00ed las fotos del Encuentro Ant\u00e1rtico Escolar 2014<\/a><\/p>\n","protected":false},"excerpt":{"rendered":"<p>Por segundo a\u00f1o consecutivo la ciudad de Valpara\u00edso recibi\u00f3 a los equipos investigativos que lograron culminar el proceso de postulaci\u00f3n de sus trabajos a la Feria Ant\u00e1rtica Escolar.\u00a0 La Casa Central de la Pontificia Universidad Cat\u00f3lica de Valpara\u00edso abri\u00f3 sus puertas a las y los estudiantes de la regi\u00f3n anfitriona y Metropolitana, en un encuentro [&hellip;]<\/p>\n","protected":false},"author":2,"featured_media":5907,"comment_status":"closed","ping_status":"open","sticky":false,"template":"","format":"standard","meta":{"_acf_changed":false,"_exactmetrics_skip_tracking":false,"_exactmetrics_sitenote_active":false,"_exactmetrics_sitenote_note":"","_exactmetrics_sitenote_category":0,"footnotes":"","_links_to":"","_links_to_target":""},"categories":[4],"tags":[],"class_list":["post-1294","post","type-post","status-publish","format-standard","has-post-thumbnail","hentry","category-noticias"],"acf":[],"yoast_head":"<!-- This site is optimized with the Yoast SEO plugin v26.9 - https:\/\/yoast.com\/product\/yoast-seo-wordpress\/ -->\n<title>Postulantes a la FAE se reunieron para compartir sus investigaciones - RM Sur Oriente<\/title>\n<meta name=\"robots\" content=\"index, follow, max-snippet:-1, max-image-preview:large, max-video-preview:-1\" \/>\n<link rel=\"canonical\" href=\"https:\/\/explora.cl\/rmsuroriente\/postulantes-a-la-fae-se-reunieron-para-compartir-sus-investigaciones\/\" class=\"yoast-seo-meta-tag\" \/>\n<meta property=\"og:locale\" content=\"es_ES\" class=\"yoast-seo-meta-tag\" \/>\n<meta property=\"og:type\" content=\"article\" class=\"yoast-seo-meta-tag\" \/>\n<meta property=\"og:title\" content=\"Postulantes a la FAE se reunieron para compartir sus investigaciones - RM Sur Oriente\" class=\"yoast-seo-meta-tag\" \/>\n<meta property=\"og:description\" content=\"Por segundo a\u00f1o consecutivo la ciudad de Valpara\u00edso recibi\u00f3 a los equipos investigativos que lograron culminar el proceso de postulaci\u00f3n de sus trabajos a la Feria Ant\u00e1rtica Escolar.\u00a0 La Casa Central de la Pontificia Universidad Cat\u00f3lica de Valpara\u00edso abri\u00f3 sus puertas a las y los estudiantes de la regi\u00f3n anfitriona y Metropolitana, en un encuentro [&hellip;]\" class=\"yoast-seo-meta-tag\" \/>\n<meta property=\"og:url\" content=\"https:\/\/explora.cl\/rmsuroriente\/postulantes-a-la-fae-se-reunieron-para-compartir-sus-investigaciones\/\" class=\"yoast-seo-meta-tag\" \/>\n<meta property=\"og:site_name\" content=\"RM Sur Oriente\" class=\"yoast-seo-meta-tag\" \/>\n<meta property=\"article:published_time\" content=\"2014-10-01T03:00:00+00:00\" class=\"yoast-seo-meta-tag\" \/>\n<meta property=\"article:modified_time\" content=\"2019-05-20T17:38:41+00:00\" class=\"yoast-seo-meta-tag\" \/>\n<meta name=\"author\" content=\"webman\" class=\"yoast-seo-meta-tag\" \/>\n<meta name=\"twitter:card\" content=\"summary_large_image\" class=\"yoast-seo-meta-tag\" \/>\n<meta name=\"twitter:label1\" content=\"Escrito por\" class=\"yoast-seo-meta-tag\" \/>\n\t<meta name=\"twitter:data1\" content=\"webman\" class=\"yoast-seo-meta-tag\" \/>\n\t<meta name=\"twitter:label2\" content=\"Tiempo estimado de lectura\" class=\"yoast-seo-meta-tag\" \/>\n\t<meta name=\"twitter:data2\" content=\"3 minutos\" class=\"yoast-seo-meta-tag\" \/>\n<script type=\"application\/ld+json\" class=\"yoast-schema-graph\">{\"@context\":\"https:\/\/schema.org\",\"@graph\":[{\"@type\":\"Article\",\"@id\":\"https:\/\/explora.cl\/rmsuroriente\/postulantes-a-la-fae-se-reunieron-para-compartir-sus-investigaciones\/#article\",\"isPartOf\":{\"@id\":\"https:\/\/explora.cl\/rmsuroriente\/postulantes-a-la-fae-se-reunieron-para-compartir-sus-investigaciones\/\"},\"author\":{\"name\":\"webman\",\"@id\":\"https:\/\/explora.cl\/rmsuroriente\/#\/schema\/person\/cb8349c13ea2d324080adf8480d7ba5d\"},\"headline\":\"Postulantes a la FAE se reunieron para compartir sus investigaciones\",\"datePublished\":\"2014-10-01T03:00:00+00:00\",\"dateModified\":\"2019-05-20T17:38:41+00:00\",\"mainEntityOfPage\":{\"@id\":\"https:\/\/explora.cl\/rmsuroriente\/postulantes-a-la-fae-se-reunieron-para-compartir-sus-investigaciones\/\"},\"wordCount\":524,\"publisher\":{\"@id\":\"https:\/\/explora.cl\/rmsuroriente\/#organization\"},\"image\":{\"@id\":\"https:\/\/explora.cl\/rmsuroriente\/postulantes-a-la-fae-se-reunieron-para-compartir-sus-investigaciones\/#primaryimage\"},\"thumbnailUrl\":\"\",\"articleSection\":[\"Noticias\"],\"inLanguage\":\"es-CL\"},{\"@type\":\"WebPage\",\"@id\":\"https:\/\/explora.cl\/rmsuroriente\/postulantes-a-la-fae-se-reunieron-para-compartir-sus-investigaciones\/\",\"url\":\"https:\/\/explora.cl\/rmsuroriente\/postulantes-a-la-fae-se-reunieron-para-compartir-sus-investigaciones\/\",\"name\":\"Postulantes a la FAE se reunieron para compartir sus investigaciones - RM Sur Oriente\",\"isPartOf\":{\"@id\":\"https:\/\/explora.cl\/rmsuroriente\/#website\"},\"primaryImageOfPage\":{\"@id\":\"https:\/\/explora.cl\/rmsuroriente\/postulantes-a-la-fae-se-reunieron-para-compartir-sus-investigaciones\/#primaryimage\"},\"image\":{\"@id\":\"https:\/\/explora.cl\/rmsuroriente\/postulantes-a-la-fae-se-reunieron-para-compartir-sus-investigaciones\/#primaryimage\"},\"thumbnailUrl\":\"\",\"datePublished\":\"2014-10-01T03:00:00+00:00\",\"dateModified\":\"2019-05-20T17:38:41+00:00\",\"breadcrumb\":{\"@id\":\"https:\/\/explora.cl\/rmsuroriente\/postulantes-a-la-fae-se-reunieron-para-compartir-sus-investigaciones\/#breadcrumb\"},\"inLanguage\":\"es-CL\",\"potentialAction\":[{\"@type\":\"ReadAction\",\"target\":[\"https:\/\/explora.cl\/rmsuroriente\/postulantes-a-la-fae-se-reunieron-para-compartir-sus-investigaciones\/\"]}]},{\"@type\":\"ImageObject\",\"inLanguage\":\"es-CL\",\"@id\":\"https:\/\/explora.cl\/rmsuroriente\/postulantes-a-la-fae-se-reunieron-para-compartir-sus-investigaciones\/#primaryimage\",\"url\":\"\",\"contentUrl\":\"\"},{\"@type\":\"BreadcrumbList\",\"@id\":\"https:\/\/explora.cl\/rmsuroriente\/postulantes-a-la-fae-se-reunieron-para-compartir-sus-investigaciones\/#breadcrumb\",\"itemListElement\":[{\"@type\":\"ListItem\",\"position\":1,\"name\":\"Portada\",\"item\":\"https:\/\/explora.cl\/rmsuroriente\/\"},{\"@type\":\"ListItem\",\"position\":2,\"name\":\"Postulantes a la FAE se reunieron para compartir sus investigaciones\"}]},{\"@type\":\"WebSite\",\"@id\":\"https:\/\/explora.cl\/rmsuroriente\/#website\",\"url\":\"https:\/\/explora.cl\/rmsuroriente\/\",\"name\":\"RM Sur Oriente\",\"description\":\"Otro sitio m\u00e1s de explora.cl\",\"publisher\":{\"@id\":\"https:\/\/explora.cl\/rmsuroriente\/#organization\"},\"potentialAction\":[{\"@type\":\"SearchAction\",\"target\":{\"@type\":\"EntryPoint\",\"urlTemplate\":\"https:\/\/explora.cl\/rmsuroriente\/?s={search_term_string}\"},\"query-input\":{\"@type\":\"PropertyValueSpecification\",\"valueRequired\":true,\"valueName\":\"search_term_string\"}}],\"inLanguage\":\"es-CL\"},{\"@type\":\"Organization\",\"@id\":\"https:\/\/explora.cl\/rmsuroriente\/#organization\",\"name\":\"RM Sur Oriente\",\"url\":\"https:\/\/explora.cl\/rmsuroriente\/\",\"logo\":{\"@type\":\"ImageObject\",\"inLanguage\":\"es-CL\",\"@id\":\"https:\/\/explora.cl\/rmsuroriente\/#\/schema\/logo\/image\/\",\"url\":\"https:\/\/explora.cl\/rmsuroriente\/wp-content\/uploads\/sites\/12\/2025\/04\/cropped-LogoPAR_RMSO-Azul-UC.png\",\"contentUrl\":\"https:\/\/explora.cl\/rmsuroriente\/wp-content\/uploads\/sites\/12\/2025\/04\/cropped-LogoPAR_RMSO-Azul-UC.png\",\"width\":411,\"height\":409,\"caption\":\"RM Sur Oriente\"},\"image\":{\"@id\":\"https:\/\/explora.cl\/rmsuroriente\/#\/schema\/logo\/image\/\"}},{\"@type\":\"Person\",\"@id\":\"https:\/\/explora.cl\/rmsuroriente\/#\/schema\/person\/cb8349c13ea2d324080adf8480d7ba5d\",\"name\":\"webman\",\"image\":{\"@type\":\"ImageObject\",\"inLanguage\":\"es-CL\",\"@id\":\"https:\/\/explora.cl\/rmsuroriente\/#\/schema\/person\/image\/\",\"url\":\"https:\/\/secure.gravatar.com\/avatar\/eeff3c82f2c02f7177d13663b7e6f890e9a6a0647ce9bb29cae02dcb094c7312?s=96&d=mm&r=g\",\"contentUrl\":\"https:\/\/secure.gravatar.com\/avatar\/eeff3c82f2c02f7177d13663b7e6f890e9a6a0647ce9bb29cae02dcb094c7312?s=96&d=mm&r=g\",\"caption\":\"webman\"},\"url\":\"https:\/\/explora.cl\/rmsuroriente\/author\/webman\/\"}]}<\/script>\n<!-- \/ Yoast SEO plugin. -->","yoast_head_json":{"title":"Postulantes a la FAE se reunieron para compartir sus investigaciones - RM Sur Oriente","robots":{"index":"index","follow":"follow","max-snippet":"max-snippet:-1","max-image-preview":"max-image-preview:large","max-video-preview":"max-video-preview:-1"},"canonical":"https:\/\/explora.cl\/rmsuroriente\/postulantes-a-la-fae-se-reunieron-para-compartir-sus-investigaciones\/","og_locale":"es_ES","og_type":"article","og_title":"Postulantes a la FAE se reunieron para compartir sus investigaciones - RM Sur Oriente","og_description":"Por segundo a\u00f1o consecutivo la ciudad de Valpara\u00edso recibi\u00f3 a los equipos investigativos que lograron culminar el proceso de postulaci\u00f3n de sus trabajos a la Feria Ant\u00e1rtica Escolar.\u00a0 La Casa Central de la Pontificia Universidad Cat\u00f3lica de Valpara\u00edso abri\u00f3 sus puertas a las y los estudiantes de la regi\u00f3n anfitriona y Metropolitana, en un encuentro [&hellip;]","og_url":"https:\/\/explora.cl\/rmsuroriente\/postulantes-a-la-fae-se-reunieron-para-compartir-sus-investigaciones\/","og_site_name":"RM Sur Oriente","article_published_time":"2014-10-01T03:00:00+00:00","article_modified_time":"2019-05-20T17:38:41+00:00","author":"webman","twitter_card":"summary_large_image","twitter_misc":{"Escrito por":"webman","Tiempo estimado de lectura":"3 minutos"},"schema":{"@context":"https:\/\/schema.org","@graph":[{"@type":"Article","@id":"https:\/\/explora.cl\/rmsuroriente\/postulantes-a-la-fae-se-reunieron-para-compartir-sus-investigaciones\/#article","isPartOf":{"@id":"https:\/\/explora.cl\/rmsuroriente\/postulantes-a-la-fae-se-reunieron-para-compartir-sus-investigaciones\/"},"author":{"name":"webman","@id":"https:\/\/explora.cl\/rmsuroriente\/#\/schema\/person\/cb8349c13ea2d324080adf8480d7ba5d"},"headline":"Postulantes a la FAE se reunieron para compartir sus investigaciones","datePublished":"2014-10-01T03:00:00+00:00","dateModified":"2019-05-20T17:38:41+00:00","mainEntityOfPage":{"@id":"https:\/\/explora.cl\/rmsuroriente\/postulantes-a-la-fae-se-reunieron-para-compartir-sus-investigaciones\/"},"wordCount":524,"publisher":{"@id":"https:\/\/explora.cl\/rmsuroriente\/#organization"},"image":{"@id":"https:\/\/explora.cl\/rmsuroriente\/postulantes-a-la-fae-se-reunieron-para-compartir-sus-investigaciones\/#primaryimage"},"thumbnailUrl":"","articleSection":["Noticias"],"inLanguage":"es-CL"},{"@type":"WebPage","@id":"https:\/\/explora.cl\/rmsuroriente\/postulantes-a-la-fae-se-reunieron-para-compartir-sus-investigaciones\/","url":"https:\/\/explora.cl\/rmsuroriente\/postulantes-a-la-fae-se-reunieron-para-compartir-sus-investigaciones\/","name":"Postulantes a la FAE se reunieron para compartir sus investigaciones - RM Sur Oriente","isPartOf":{"@id":"https:\/\/explora.cl\/rmsuroriente\/#website"},"primaryImageOfPage":{"@id":"https:\/\/explora.cl\/rmsuroriente\/postulantes-a-la-fae-se-reunieron-para-compartir-sus-investigaciones\/#primaryimage"},"image":{"@id":"https:\/\/explora.cl\/rmsuroriente\/postulantes-a-la-fae-se-reunieron-para-compartir-sus-investigaciones\/#primaryimage"},"thumbnailUrl":"","datePublished":"2014-10-01T03:00:00+00:00","dateModified":"2019-05-20T17:38:41+00:00","breadcrumb":{"@id":"https:\/\/explora.cl\/rmsuroriente\/postulantes-a-la-fae-se-reunieron-para-compartir-sus-investigaciones\/#breadcrumb"},"inLanguage":"es-CL","potentialAction":[{"@type":"ReadAction","target":["https:\/\/explora.cl\/rmsuroriente\/postulantes-a-la-fae-se-reunieron-para-compartir-sus-investigaciones\/"]}]},{"@type":"ImageObject","inLanguage":"es-CL","@id":"https:\/\/explora.cl\/rmsuroriente\/postulantes-a-la-fae-se-reunieron-para-compartir-sus-investigaciones\/#primaryimage","url":"","contentUrl":""},{"@type":"BreadcrumbList","@id":"https:\/\/explora.cl\/rmsuroriente\/postulantes-a-la-fae-se-reunieron-para-compartir-sus-investigaciones\/#breadcrumb","itemListElement":[{"@type":"ListItem","position":1,"name":"Portada","item":"https:\/\/explora.cl\/rmsuroriente\/"},{"@type":"ListItem","position":2,"name":"Postulantes a la FAE se reunieron para compartir sus investigaciones"}]},{"@type":"WebSite","@id":"https:\/\/explora.cl\/rmsuroriente\/#website","url":"https:\/\/explora.cl\/rmsuroriente\/","name":"RM Sur Oriente","description":"Otro sitio m\u00e1s de explora.cl","publisher":{"@id":"https:\/\/explora.cl\/rmsuroriente\/#organization"},"potentialAction":[{"@type":"SearchAction","target":{"@type":"EntryPoint","urlTemplate":"https:\/\/explora.cl\/rmsuroriente\/?s={search_term_string}"},"query-input":{"@type":"PropertyValueSpecification","valueRequired":true,"valueName":"search_term_string"}}],"inLanguage":"es-CL"},{"@type":"Organization","@id":"https:\/\/explora.cl\/rmsuroriente\/#organization","name":"RM Sur Oriente","url":"https:\/\/explora.cl\/rmsuroriente\/","logo":{"@type":"ImageObject","inLanguage":"es-CL","@id":"https:\/\/explora.cl\/rmsuroriente\/#\/schema\/logo\/image\/","url":"https:\/\/explora.cl\/rmsuroriente\/wp-content\/uploads\/sites\/12\/2025\/04\/cropped-LogoPAR_RMSO-Azul-UC.png","contentUrl":"https:\/\/explora.cl\/rmsuroriente\/wp-content\/uploads\/sites\/12\/2025\/04\/cropped-LogoPAR_RMSO-Azul-UC.png","width":411,"height":409,"caption":"RM Sur Oriente"},"image":{"@id":"https:\/\/explora.cl\/rmsuroriente\/#\/schema\/logo\/image\/"}},{"@type":"Person","@id":"https:\/\/explora.cl\/rmsuroriente\/#\/schema\/person\/cb8349c13ea2d324080adf8480d7ba5d","name":"webman","image":{"@type":"ImageObject","inLanguage":"es-CL","@id":"https:\/\/explora.cl\/rmsuroriente\/#\/schema\/person\/image\/","url":"https:\/\/secure.gravatar.com\/avatar\/eeff3c82f2c02f7177d13663b7e6f890e9a6a0647ce9bb29cae02dcb094c7312?s=96&d=mm&r=g","contentUrl":"https:\/\/secure.gravatar.com\/avatar\/eeff3c82f2c02f7177d13663b7e6f890e9a6a0647ce9bb29cae02dcb094c7312?s=96&d=mm&r=g","caption":"webman"},"url":"https:\/\/explora.cl\/rmsuroriente\/author\/webman\/"}]}},"_links":{"self":[{"href":"https:\/\/explora.cl\/rmsuroriente\/wp-json\/wp\/v2\/posts\/1294","targetHints":{"allow":["GET"]}}],"collection":[{"href":"https:\/\/explora.cl\/rmsuroriente\/wp-json\/wp\/v2\/posts"}],"about":[{"href":"https:\/\/explora.cl\/rmsuroriente\/wp-json\/wp\/v2\/types\/post"}],"author":[{"embeddable":true,"href":"https:\/\/explora.cl\/rmsuroriente\/wp-json\/wp\/v2\/users\/2"}],"replies":[{"embeddable":true,"href":"https:\/\/explora.cl\/rmsuroriente\/wp-json\/wp\/v2\/comments?post=1294"}],"version-history":[{"count":1,"href":"https:\/\/explora.cl\/rmsuroriente\/wp-json\/wp\/v2\/posts\/1294\/revisions"}],"predecessor-version":[{"id":38236,"href":"https:\/\/explora.cl\/rmsuroriente\/wp-json\/wp\/v2\/posts\/1294\/revisions\/38236"}],"wp:featuredmedia":[{"embeddable":true,"href":"https:\/\/explora.cl\/rmsuroriente\/wp-json\/"}],"wp:attachment":[{"href":"https:\/\/explora.cl\/rmsuroriente\/wp-json\/wp\/v2\/media?parent=1294"}],"wp:term":[{"taxonomy":"category","embeddable":true,"href":"https:\/\/explora.cl\/rmsuroriente\/wp-json\/wp\/v2\/categories?post=1294"},{"taxonomy":"post_tag","embeddable":true,"href":"https:\/\/explora.cl\/rmsuroriente\/wp-json\/wp\/v2\/tags?post=1294"}],"curies":[{"name":"wp","href":"https:\/\/api.w.org\/{rel}","templated":true}]}}