{"id":1286,"date":"2014-10-06T12:38:39","date_gmt":"2014-10-06T12:38:39","guid":{"rendered":"https:\/\/explora.cl\/rmsuroriente\/blog\/2014\/10\/06\/este-lunes-comienza-la-feria-de-la-tecnologia-2014\/"},"modified":"2019-05-20T17:38:39","modified_gmt":"2019-05-20T17:38:39","slug":"este-lunes-comienza-la-feria-de-la-tecnologia-2014","status":"publish","type":"post","link":"https:\/\/explora.cl\/rmsuroriente\/este-lunes-comienza-la-feria-de-la-tecnologia-2014\/","title":{"rendered":"Este lunes comienza la Feria de la Tecnolog\u00eda 2014"},"content":{"rendered":"<p><img fetchpriority=\"high\" decoding=\"async\" class=\" size-full wp-image-5868\" src=\"http:\/\/ec2-34-218-253-251.us-west-2.compute.amazonaws.com\/wp-content\/uploads\/2014\/10\/680adb7a7e18109a051baa880e0f91c5.jpg\" alt=\"\" width=\"350\" height=\"252\" \/><\/p>\n<p style=\"text-align: justify\">\u00bfC\u00f3mo es la ciencia y la tecnolog\u00eda en Chile? \u00bfQui\u00e9nes est\u00e1n detr\u00e1s de los avances y la innovaci\u00f3n? \u00bfA qui\u00e9nes beneficia? Para dar respuesta a estas y otras inquietudes, durante el 6 y 7 de octubre podr\u00e1s visitar la Feria de la Tecnolog\u00eda CONICYT 2014 en la Plaza de la Constituci\u00f3n, Santiago.<\/p>\n<p style=\"text-align: justify\">Como puntapi\u00e9 inicial de la XX Semana Nacional de la Ciencia y la Tecnolog\u00eda del Programa EXPLORA, la instancia agrupar\u00e1 m\u00e1s de 20 stands vinculados a proyectos y centros de investigaci\u00f3n financiados por CONICYT, que los asistentes podr\u00e1n recorrer y as\u00ed descubrir los desarrollos tecnol\u00f3gicos que se est\u00e1n realizando en Chile.<\/p>\n<p style=\"text-align: justify\">El encuentro contar\u00e1 adem\u00e1s con el domo \u201cDendros, sala de videojuegos\u201d del Instituto de Neurociencia Biom\u00e9dica de Chile.<\/p>\n<p style=\"text-align: justify\">En esta feria cient\u00edficos y expositores buscar\u00e1n resolver la mayor cantidad de dudas de quienes visiten sus instalaciones mediante charlas, entrega de material explicativo y actividades interactivas.<\/p>\n<p class=\"p1\" style=\"text-align: justify\">La Feria de la Tecnolog\u00eda estar\u00e1 abierta al p\u00fablico los d\u00edas lunes 6 y martes 7 desde las 10.00 a las 18.00 horas. Parte de las disciplinas que en ella encontrar\u00e1n son: biotecnolog\u00eda, ingenier\u00eda, agronom\u00eda, neurociencia, miner\u00eda, arquitectura, entre otros.<\/p>\n<p style=\"text-align: justify\"><strong>ACTIVIDAD DESTACADA FERIA DE LA TECNOLOG\u00cdA 2014:<\/strong><\/p>\n<p style=\"text-align: justify\">CONVERSACIONES CON CIENT\u00cdFICOS\/ Se crear\u00e1 un espacio para el di\u00e1logo entre la ciudadan\u00eda y los investigadores. Durante los dos d\u00edas habr\u00e1 investigadores en la Plaza de la Constituci\u00f3n dispuestos a compartir sus experiencias y conocimientos.\u00a0<\/p>\n","protected":false},"excerpt":{"rendered":"<p>\u00bfC\u00f3mo es la ciencia y la tecnolog\u00eda en Chile? \u00bfQui\u00e9nes est\u00e1n detr\u00e1s de los avances y la innovaci\u00f3n? \u00bfA qui\u00e9nes beneficia? Para dar respuesta a estas y otras inquietudes, durante el 6 y 7 de octubre podr\u00e1s visitar la Feria de la Tecnolog\u00eda CONICYT 2014 en la Plaza de la Constituci\u00f3n, Santiago. Como puntapi\u00e9 inicial [&hellip;]<\/p>\n","protected":false},"author":2,"featured_media":5868,"comment_status":"closed","ping_status":"open","sticky":false,"template":"","format":"standard","meta":{"_acf_changed":false,"_exactmetrics_skip_tracking":false,"_exactmetrics_sitenote_active":false,"_exactmetrics_sitenote_note":"","_exactmetrics_sitenote_category":0,"footnotes":"","_links_to":"","_links_to_target":""},"categories":[4],"tags":[],"class_list":["post-1286","post","type-post","status-publish","format-standard","has-post-thumbnail","hentry","category-noticias"],"acf":[],"yoast_head":"<!-- This site is optimized with the Yoast SEO plugin v26.9 - https:\/\/yoast.com\/product\/yoast-seo-wordpress\/ -->\n<title>Este lunes comienza la Feria de la Tecnolog\u00eda 2014 - RM Sur Oriente<\/title>\n<meta name=\"robots\" content=\"index, follow, max-snippet:-1, max-image-preview:large, max-video-preview:-1\" \/>\n<link rel=\"canonical\" href=\"https:\/\/explora.cl\/rmsuroriente\/este-lunes-comienza-la-feria-de-la-tecnologia-2014\/\" class=\"yoast-seo-meta-tag\" \/>\n<meta property=\"og:locale\" content=\"es_ES\" class=\"yoast-seo-meta-tag\" \/>\n<meta property=\"og:type\" content=\"article\" class=\"yoast-seo-meta-tag\" \/>\n<meta property=\"og:title\" content=\"Este lunes comienza la Feria de la Tecnolog\u00eda 2014 - RM Sur Oriente\" class=\"yoast-seo-meta-tag\" \/>\n<meta property=\"og:description\" content=\"\u00bfC\u00f3mo es la ciencia y la tecnolog\u00eda en Chile? \u00bfQui\u00e9nes est\u00e1n detr\u00e1s de los avances y la innovaci\u00f3n? \u00bfA qui\u00e9nes beneficia? Para dar respuesta a estas y otras inquietudes, durante el 6 y 7 de octubre podr\u00e1s visitar la Feria de la Tecnolog\u00eda CONICYT 2014 en la Plaza de la Constituci\u00f3n, Santiago. Como puntapi\u00e9 inicial [&hellip;]\" class=\"yoast-seo-meta-tag\" \/>\n<meta property=\"og:url\" content=\"https:\/\/explora.cl\/rmsuroriente\/este-lunes-comienza-la-feria-de-la-tecnologia-2014\/\" class=\"yoast-seo-meta-tag\" \/>\n<meta property=\"og:site_name\" content=\"RM Sur Oriente\" class=\"yoast-seo-meta-tag\" \/>\n<meta property=\"article:published_time\" content=\"2014-10-06T12:38:39+00:00\" class=\"yoast-seo-meta-tag\" \/>\n<meta property=\"article:modified_time\" content=\"2019-05-20T17:38:39+00:00\" class=\"yoast-seo-meta-tag\" \/>\n<meta name=\"author\" content=\"webman\" class=\"yoast-seo-meta-tag\" \/>\n<meta name=\"twitter:card\" content=\"summary_large_image\" class=\"yoast-seo-meta-tag\" \/>\n<meta name=\"twitter:label1\" content=\"Escrito por\" class=\"yoast-seo-meta-tag\" \/>\n\t<meta name=\"twitter:data1\" content=\"webman\" class=\"yoast-seo-meta-tag\" \/>\n\t<meta name=\"twitter:label2\" content=\"Tiempo estimado de lectura\" class=\"yoast-seo-meta-tag\" \/>\n\t<meta name=\"twitter:data2\" content=\"1 minuto\" class=\"yoast-seo-meta-tag\" \/>\n<script type=\"application\/ld+json\" class=\"yoast-schema-graph\">{\"@context\":\"https:\/\/schema.org\",\"@graph\":[{\"@type\":\"Article\",\"@id\":\"https:\/\/explora.cl\/rmsuroriente\/este-lunes-comienza-la-feria-de-la-tecnologia-2014\/#article\",\"isPartOf\":{\"@id\":\"https:\/\/explora.cl\/rmsuroriente\/este-lunes-comienza-la-feria-de-la-tecnologia-2014\/\"},\"author\":{\"name\":\"webman\",\"@id\":\"https:\/\/explora.cl\/rmsuroriente\/#\/schema\/person\/cb8349c13ea2d324080adf8480d7ba5d\"},\"headline\":\"Este lunes comienza la Feria de la Tecnolog\u00eda 2014\",\"datePublished\":\"2014-10-06T12:38:39+00:00\",\"dateModified\":\"2019-05-20T17:38:39+00:00\",\"mainEntityOfPage\":{\"@id\":\"https:\/\/explora.cl\/rmsuroriente\/este-lunes-comienza-la-feria-de-la-tecnologia-2014\/\"},\"wordCount\":264,\"publisher\":{\"@id\":\"https:\/\/explora.cl\/rmsuroriente\/#organization\"},\"image\":{\"@id\":\"https:\/\/explora.cl\/rmsuroriente\/este-lunes-comienza-la-feria-de-la-tecnologia-2014\/#primaryimage\"},\"thumbnailUrl\":\"\",\"articleSection\":[\"Noticias\"],\"inLanguage\":\"es-CL\"},{\"@type\":\"WebPage\",\"@id\":\"https:\/\/explora.cl\/rmsuroriente\/este-lunes-comienza-la-feria-de-la-tecnologia-2014\/\",\"url\":\"https:\/\/explora.cl\/rmsuroriente\/este-lunes-comienza-la-feria-de-la-tecnologia-2014\/\",\"name\":\"Este lunes comienza la Feria de la Tecnolog\u00eda 2014 - RM Sur Oriente\",\"isPartOf\":{\"@id\":\"https:\/\/explora.cl\/rmsuroriente\/#website\"},\"primaryImageOfPage\":{\"@id\":\"https:\/\/explora.cl\/rmsuroriente\/este-lunes-comienza-la-feria-de-la-tecnologia-2014\/#primaryimage\"},\"image\":{\"@id\":\"https:\/\/explora.cl\/rmsuroriente\/este-lunes-comienza-la-feria-de-la-tecnologia-2014\/#primaryimage\"},\"thumbnailUrl\":\"\",\"datePublished\":\"2014-10-06T12:38:39+00:00\",\"dateModified\":\"2019-05-20T17:38:39+00:00\",\"breadcrumb\":{\"@id\":\"https:\/\/explora.cl\/rmsuroriente\/este-lunes-comienza-la-feria-de-la-tecnologia-2014\/#breadcrumb\"},\"inLanguage\":\"es-CL\",\"potentialAction\":[{\"@type\":\"ReadAction\",\"target\":[\"https:\/\/explora.cl\/rmsuroriente\/este-lunes-comienza-la-feria-de-la-tecnologia-2014\/\"]}]},{\"@type\":\"ImageObject\",\"inLanguage\":\"es-CL\",\"@id\":\"https:\/\/explora.cl\/rmsuroriente\/este-lunes-comienza-la-feria-de-la-tecnologia-2014\/#primaryimage\",\"url\":\"\",\"contentUrl\":\"\"},{\"@type\":\"BreadcrumbList\",\"@id\":\"https:\/\/explora.cl\/rmsuroriente\/este-lunes-comienza-la-feria-de-la-tecnologia-2014\/#breadcrumb\",\"itemListElement\":[{\"@type\":\"ListItem\",\"position\":1,\"name\":\"Portada\",\"item\":\"https:\/\/explora.cl\/rmsuroriente\/\"},{\"@type\":\"ListItem\",\"position\":2,\"name\":\"Este lunes comienza la Feria de la Tecnolog\u00eda 2014\"}]},{\"@type\":\"WebSite\",\"@id\":\"https:\/\/explora.cl\/rmsuroriente\/#website\",\"url\":\"https:\/\/explora.cl\/rmsuroriente\/\",\"name\":\"RM Sur Oriente\",\"description\":\"Otro sitio m\u00e1s de explora.cl\",\"publisher\":{\"@id\":\"https:\/\/explora.cl\/rmsuroriente\/#organization\"},\"potentialAction\":[{\"@type\":\"SearchAction\",\"target\":{\"@type\":\"EntryPoint\",\"urlTemplate\":\"https:\/\/explora.cl\/rmsuroriente\/?s={search_term_string}\"},\"query-input\":{\"@type\":\"PropertyValueSpecification\",\"valueRequired\":true,\"valueName\":\"search_term_string\"}}],\"inLanguage\":\"es-CL\"},{\"@type\":\"Organization\",\"@id\":\"https:\/\/explora.cl\/rmsuroriente\/#organization\",\"name\":\"RM Sur Oriente\",\"url\":\"https:\/\/explora.cl\/rmsuroriente\/\",\"logo\":{\"@type\":\"ImageObject\",\"inLanguage\":\"es-CL\",\"@id\":\"https:\/\/explora.cl\/rmsuroriente\/#\/schema\/logo\/image\/\",\"url\":\"https:\/\/explora.cl\/rmsuroriente\/wp-content\/uploads\/sites\/12\/2025\/04\/cropped-LogoPAR_RMSO-Azul-UC.png\",\"contentUrl\":\"https:\/\/explora.cl\/rmsuroriente\/wp-content\/uploads\/sites\/12\/2025\/04\/cropped-LogoPAR_RMSO-Azul-UC.png\",\"width\":411,\"height\":409,\"caption\":\"RM Sur Oriente\"},\"image\":{\"@id\":\"https:\/\/explora.cl\/rmsuroriente\/#\/schema\/logo\/image\/\"}},{\"@type\":\"Person\",\"@id\":\"https:\/\/explora.cl\/rmsuroriente\/#\/schema\/person\/cb8349c13ea2d324080adf8480d7ba5d\",\"name\":\"webman\",\"image\":{\"@type\":\"ImageObject\",\"inLanguage\":\"es-CL\",\"@id\":\"https:\/\/explora.cl\/rmsuroriente\/#\/schema\/person\/image\/\",\"url\":\"https:\/\/secure.gravatar.com\/avatar\/eeff3c82f2c02f7177d13663b7e6f890e9a6a0647ce9bb29cae02dcb094c7312?s=96&d=mm&r=g\",\"contentUrl\":\"https:\/\/secure.gravatar.com\/avatar\/eeff3c82f2c02f7177d13663b7e6f890e9a6a0647ce9bb29cae02dcb094c7312?s=96&d=mm&r=g\",\"caption\":\"webman\"},\"url\":\"https:\/\/explora.cl\/rmsuroriente\/author\/webman\/\"}]}<\/script>\n<!-- \/ Yoast SEO plugin. -->","yoast_head_json":{"title":"Este lunes comienza la Feria de la Tecnolog\u00eda 2014 - RM Sur Oriente","robots":{"index":"index","follow":"follow","max-snippet":"max-snippet:-1","max-image-preview":"max-image-preview:large","max-video-preview":"max-video-preview:-1"},"canonical":"https:\/\/explora.cl\/rmsuroriente\/este-lunes-comienza-la-feria-de-la-tecnologia-2014\/","og_locale":"es_ES","og_type":"article","og_title":"Este lunes comienza la Feria de la Tecnolog\u00eda 2014 - RM Sur Oriente","og_description":"\u00bfC\u00f3mo es la ciencia y la tecnolog\u00eda en Chile? \u00bfQui\u00e9nes est\u00e1n detr\u00e1s de los avances y la innovaci\u00f3n? \u00bfA qui\u00e9nes beneficia? Para dar respuesta a estas y otras inquietudes, durante el 6 y 7 de octubre podr\u00e1s visitar la Feria de la Tecnolog\u00eda CONICYT 2014 en la Plaza de la Constituci\u00f3n, Santiago. Como puntapi\u00e9 inicial [&hellip;]","og_url":"https:\/\/explora.cl\/rmsuroriente\/este-lunes-comienza-la-feria-de-la-tecnologia-2014\/","og_site_name":"RM Sur Oriente","article_published_time":"2014-10-06T12:38:39+00:00","article_modified_time":"2019-05-20T17:38:39+00:00","author":"webman","twitter_card":"summary_large_image","twitter_misc":{"Escrito por":"webman","Tiempo estimado de lectura":"1 minuto"},"schema":{"@context":"https:\/\/schema.org","@graph":[{"@type":"Article","@id":"https:\/\/explora.cl\/rmsuroriente\/este-lunes-comienza-la-feria-de-la-tecnologia-2014\/#article","isPartOf":{"@id":"https:\/\/explora.cl\/rmsuroriente\/este-lunes-comienza-la-feria-de-la-tecnologia-2014\/"},"author":{"name":"webman","@id":"https:\/\/explora.cl\/rmsuroriente\/#\/schema\/person\/cb8349c13ea2d324080adf8480d7ba5d"},"headline":"Este lunes comienza la Feria de la Tecnolog\u00eda 2014","datePublished":"2014-10-06T12:38:39+00:00","dateModified":"2019-05-20T17:38:39+00:00","mainEntityOfPage":{"@id":"https:\/\/explora.cl\/rmsuroriente\/este-lunes-comienza-la-feria-de-la-tecnologia-2014\/"},"wordCount":264,"publisher":{"@id":"https:\/\/explora.cl\/rmsuroriente\/#organization"},"image":{"@id":"https:\/\/explora.cl\/rmsuroriente\/este-lunes-comienza-la-feria-de-la-tecnologia-2014\/#primaryimage"},"thumbnailUrl":"","articleSection":["Noticias"],"inLanguage":"es-CL"},{"@type":"WebPage","@id":"https:\/\/explora.cl\/rmsuroriente\/este-lunes-comienza-la-feria-de-la-tecnologia-2014\/","url":"https:\/\/explora.cl\/rmsuroriente\/este-lunes-comienza-la-feria-de-la-tecnologia-2014\/","name":"Este lunes comienza la Feria de la Tecnolog\u00eda 2014 - RM Sur Oriente","isPartOf":{"@id":"https:\/\/explora.cl\/rmsuroriente\/#website"},"primaryImageOfPage":{"@id":"https:\/\/explora.cl\/rmsuroriente\/este-lunes-comienza-la-feria-de-la-tecnologia-2014\/#primaryimage"},"image":{"@id":"https:\/\/explora.cl\/rmsuroriente\/este-lunes-comienza-la-feria-de-la-tecnologia-2014\/#primaryimage"},"thumbnailUrl":"","datePublished":"2014-10-06T12:38:39+00:00","dateModified":"2019-05-20T17:38:39+00:00","breadcrumb":{"@id":"https:\/\/explora.cl\/rmsuroriente\/este-lunes-comienza-la-feria-de-la-tecnologia-2014\/#breadcrumb"},"inLanguage":"es-CL","potentialAction":[{"@type":"ReadAction","target":["https:\/\/explora.cl\/rmsuroriente\/este-lunes-comienza-la-feria-de-la-tecnologia-2014\/"]}]},{"@type":"ImageObject","inLanguage":"es-CL","@id":"https:\/\/explora.cl\/rmsuroriente\/este-lunes-comienza-la-feria-de-la-tecnologia-2014\/#primaryimage","url":"","contentUrl":""},{"@type":"BreadcrumbList","@id":"https:\/\/explora.cl\/rmsuroriente\/este-lunes-comienza-la-feria-de-la-tecnologia-2014\/#breadcrumb","itemListElement":[{"@type":"ListItem","position":1,"name":"Portada","item":"https:\/\/explora.cl\/rmsuroriente\/"},{"@type":"ListItem","position":2,"name":"Este lunes comienza la Feria de la Tecnolog\u00eda 2014"}]},{"@type":"WebSite","@id":"https:\/\/explora.cl\/rmsuroriente\/#website","url":"https:\/\/explora.cl\/rmsuroriente\/","name":"RM Sur Oriente","description":"Otro sitio m\u00e1s de explora.cl","publisher":{"@id":"https:\/\/explora.cl\/rmsuroriente\/#organization"},"potentialAction":[{"@type":"SearchAction","target":{"@type":"EntryPoint","urlTemplate":"https:\/\/explora.cl\/rmsuroriente\/?s={search_term_string}"},"query-input":{"@type":"PropertyValueSpecification","valueRequired":true,"valueName":"search_term_string"}}],"inLanguage":"es-CL"},{"@type":"Organization","@id":"https:\/\/explora.cl\/rmsuroriente\/#organization","name":"RM Sur Oriente","url":"https:\/\/explora.cl\/rmsuroriente\/","logo":{"@type":"ImageObject","inLanguage":"es-CL","@id":"https:\/\/explora.cl\/rmsuroriente\/#\/schema\/logo\/image\/","url":"https:\/\/explora.cl\/rmsuroriente\/wp-content\/uploads\/sites\/12\/2025\/04\/cropped-LogoPAR_RMSO-Azul-UC.png","contentUrl":"https:\/\/explora.cl\/rmsuroriente\/wp-content\/uploads\/sites\/12\/2025\/04\/cropped-LogoPAR_RMSO-Azul-UC.png","width":411,"height":409,"caption":"RM Sur Oriente"},"image":{"@id":"https:\/\/explora.cl\/rmsuroriente\/#\/schema\/logo\/image\/"}},{"@type":"Person","@id":"https:\/\/explora.cl\/rmsuroriente\/#\/schema\/person\/cb8349c13ea2d324080adf8480d7ba5d","name":"webman","image":{"@type":"ImageObject","inLanguage":"es-CL","@id":"https:\/\/explora.cl\/rmsuroriente\/#\/schema\/person\/image\/","url":"https:\/\/secure.gravatar.com\/avatar\/eeff3c82f2c02f7177d13663b7e6f890e9a6a0647ce9bb29cae02dcb094c7312?s=96&d=mm&r=g","contentUrl":"https:\/\/secure.gravatar.com\/avatar\/eeff3c82f2c02f7177d13663b7e6f890e9a6a0647ce9bb29cae02dcb094c7312?s=96&d=mm&r=g","caption":"webman"},"url":"https:\/\/explora.cl\/rmsuroriente\/author\/webman\/"}]}},"_links":{"self":[{"href":"https:\/\/explora.cl\/rmsuroriente\/wp-json\/wp\/v2\/posts\/1286","targetHints":{"allow":["GET"]}}],"collection":[{"href":"https:\/\/explora.cl\/rmsuroriente\/wp-json\/wp\/v2\/posts"}],"about":[{"href":"https:\/\/explora.cl\/rmsuroriente\/wp-json\/wp\/v2\/types\/post"}],"author":[{"embeddable":true,"href":"https:\/\/explora.cl\/rmsuroriente\/wp-json\/wp\/v2\/users\/2"}],"replies":[{"embeddable":true,"href":"https:\/\/explora.cl\/rmsuroriente\/wp-json\/wp\/v2\/comments?post=1286"}],"version-history":[{"count":1,"href":"https:\/\/explora.cl\/rmsuroriente\/wp-json\/wp\/v2\/posts\/1286\/revisions"}],"predecessor-version":[{"id":38232,"href":"https:\/\/explora.cl\/rmsuroriente\/wp-json\/wp\/v2\/posts\/1286\/revisions\/38232"}],"wp:featuredmedia":[{"embeddable":true,"href":"https:\/\/explora.cl\/rmsuroriente\/wp-json\/"}],"wp:attachment":[{"href":"https:\/\/explora.cl\/rmsuroriente\/wp-json\/wp\/v2\/media?parent=1286"}],"wp:term":[{"taxonomy":"category","embeddable":true,"href":"https:\/\/explora.cl\/rmsuroriente\/wp-json\/wp\/v2\/categories?post=1286"},{"taxonomy":"post_tag","embeddable":true,"href":"https:\/\/explora.cl\/rmsuroriente\/wp-json\/wp\/v2\/tags?post=1286"}],"curies":[{"name":"wp","href":"https:\/\/api.w.org\/{rel}","templated":true}]}}