{"id":1276,"date":"2014-10-10T10:45:24","date_gmt":"2014-10-10T10:45:24","guid":{"rendered":"https:\/\/explora.cl\/rmsuroriente\/blog\/2014\/10\/10\/visita-hasta-este-sabado-la-viii-fiesta-de-la-ciencia-y-la-tecnologia-en-el-parque-quinta-normal\/"},"modified":"2019-05-20T17:38:38","modified_gmt":"2019-05-20T17:38:38","slug":"visita-hasta-este-sabado-la-viii-fiesta-de-la-ciencia-y-la-tecnologia-en-el-parque-quinta-normal","status":"publish","type":"post","link":"https:\/\/explora.cl\/rmsuroriente\/visita-hasta-este-sabado-la-viii-fiesta-de-la-ciencia-y-la-tecnologia-en-el-parque-quinta-normal\/","title":{"rendered":"Visita hasta este s\u00e1bado la VIII Fiesta de la Ciencia y la Tecnolog\u00eda en el Parque Quinta Normal"},"content":{"rendered":"<p><img fetchpriority=\"high\" decoding=\"async\" class=\" size-full wp-image-6062\" src=\"http:\/\/ec2-34-218-253-251.us-west-2.compute.amazonaws.com\/wp-content\/uploads\/2014\/10\/3d50d1c50461be217bd1968e4d330b97.jpg\" alt=\"\" width=\"960\" height=\"640\" \/><\/p>\n<div style=\"text-align: justify\">Son siete carpas tem\u00e1ticas que dan vida a esta innovadora feria, en las que podr\u00e1s encontrar diversos stands relacionados con las siguientes \u00e1reas: Ingenier\u00eda y tecnolog\u00eda, lentes, electricidad, ciencia en lo cotidiano, imprenta y escritura, agricultura y agua potable. Todos vinculados en torno al tema del 2014: Vida, Ciencia y Tecnolog\u00eda.\u00a0<\/div>\n<div style=\"text-align: justify\">\u00a0<\/div>\n<div style=\"text-align: justify\">Ni\u00f1os, profesores y p\u00fablico general, se dieron cita a la primera jornada de la VIII Fiesta de la Ciencia y la Tecnolog\u00eda, instancia en la que pudieron conocer algunas novedosas iniciativas como, \u00a0\u201cS\u00fabete al Bus Conciencia\u201d con talleres en el primer bus cient\u00edfico del pa\u00eds, la exhibici\u00f3n de animales disecados que presenta el Parque Zool\u00f3gico Buin Zoo y la presentaci\u00f3n de distintas actividades del Museo Interactivo Mirador, entre otros atractivos de este mega evento.\u00a0<\/div>\n<div style=\"text-align: justify\">\u00a0<\/div>\n<div style=\"text-align: justify\">\u00a0Macarena Oc\u00e1riz, Coordinadora Ejecutiva del Proyecto EXPLORA RM Sur Oriente, destac\u00f3 la importancia de que se realicen iniciativas de estas caracter\u00edsticas, abiertas a todo el p\u00fabico. \u201cSiempre la ciencia se ense\u00f1a de una forma s\u00faper est\u00e1tica, r\u00edgida, y ac\u00e1 se van dando cuenta de que la ciencia en realidad es un poco acorde a lo que nosotros vivimos d\u00eda a d\u00eda\u201d.\u00a0<\/div>\n<div style=\"text-align: justify\">\u00a0<\/div>\n<div style=\"text-align: justify\">Esta entretenida actividad se est\u00e1 desarrollando en el Parque Quinta Normal, en el frontis del Museo Nacional de Historia Natural, donde simult\u00e1neamente se realiza la 44\u00b0 Feria Cient\u00edfica Nacional Juvenil que tendr\u00e1 sus puertas abiertas hasta el viernes 10 de octubre.\u00a0<\/div>\n<div style=\"text-align: justify\">\u00a0<\/div>\n<div style=\"text-align: justify\">Las charlas, talleres y diversos programas organizados se est\u00e1n realizando desde las 10 hasta las 13 hrs. y posteriormente desde las 14:30 hasta las 18 hrs. Esto con excepci\u00f3n del s\u00e1bado 11 de octubre concluir\u00e1n a las 14 hrs.<\/div>\n<div style=\"text-align: justify\">\u00a0<\/div>\n<div style=\"text-align: justify\"><a href=\"https:\/\/www.facebook.com\/ExploraRM\/photos_stream?tab=photos_albums\"><strong>REVISA LAS IM\u00c1GENES DE LA PRIMERA Y SEGUNDA JORNADA EN NUESTRO FACEBOOK\u00a0<\/strong><\/a><\/div>\n<div style=\"text-align: justify\">\u00a0<\/div>\n<div style=\"text-align: justify\"><span style=\"font-size: medium\"><strong>Programaci\u00f3n de actividades\u00a0<\/strong><\/span><\/div>\n<div style=\"text-align: justify\"><span style=\"font-size: medium\"><strong>\u00a0<\/strong><\/span><\/div>\n<div style=\"text-align: justify\">\n<p><strong><span style=\"text-decoration: underline\">Viernes 10 octubre<\/span><\/strong><\/p>\n<p><strong>10-13 <\/strong>Talleres Tus Competencias en Ciencias.<strong> Carpa: TCC<\/strong><\/p>\n<p><strong>10 am <\/strong>Charla Mar\u00eda Huenchuleo. Parque Metropolitano de Santiago: Juntos Crecemos: Conociendo la Flora Nativa y su importancia. <strong>Lugar: Carpa de charlas.<\/strong><\/p>\n<p><strong>10 am<\/strong> Recorrido Museo Ferroviario. Delegaci\u00f3n 45 estudiantes. <strong>Lugar: Museo Ferroviario<\/strong>.<strong> Inscripciones: stand explora.<\/strong><\/p>\n<p><strong>10 am <\/strong>Recorrido Museo de Ciencia y Tecnolog\u00eda. P\u00fablico 5\u00ba b\u00e1sico a 4\u00ba medio. Hasta 45 estudiantes. <strong>Lugar: Museo CyT. Inscripciones: stand explora.<\/strong><\/p>\n<p><strong>10:30 am <\/strong>Taller Fundaci\u00f3n Astroman\u00eda: \u201cExperimentos sencillos para comprender un cosmos complicado\u201d.<strong> Lugar: Carpa de Talleres.<\/strong><\/p>\n<p><strong>11 am<\/strong> Recorrido Museo Ferroviario. Delegaci\u00f3n 45 estudiantes. <strong>Lugar: Museo Ferroviario<\/strong>.<strong> Inscripciones: stand explora.<\/strong><\/p>\n<p><strong>11 am <\/strong>Recorrido Museo de Ciencia y Tecnolog\u00eda. P\u00fablico 5\u00ba b\u00e1sico a 4\u00ba medio. Hasta 45 estudiantes. <strong>Lugar: Museo CyT. Inscripciones: stand explora.<\/strong><\/p>\n<p><strong>11:30 am <\/strong>Taller Universidad SEK: La producci\u00f3n l\u00edtica. Para estudiantes de ense\u00f1anza b\u00e1sica.<strong> Lugar: Carpa de Talleres. <\/strong><\/p>\n<p><strong>12 pm <\/strong>Charla Juan Carlos Beam\u00edn. Observatorio Europeo Austral: En b\u00fasqueda de nuevos planetas para ni\u00f1ose de 4to b\u00e1sico a 4to medio<strong>: Carpa de charlas.<\/strong><\/p>\n<p><strong>12 pm <\/strong>Recorrido Museo Ferroviario. Delegaci\u00f3n 45 estudiantes. <strong>Lugar: Museo Ferroviario<\/strong>.<strong> Inscripciones: stand explora.<\/strong><\/p>\n<p><strong>12 pm <\/strong>Recorrido Museo de Ciencia y Tecnolog\u00eda. P\u00fablico 5\u00ba b\u00e1sico a 4\u00ba medio. Hasta 45 estudiantes. <strong>Lugar: Museo CyT. Inscripciones: stand explora.<\/strong><\/p>\n<p><strong>12-13 <\/strong>Teatro Itinerante Marionetas Trip Marionetas. <strong>Lugar: carpa de cine.<\/strong><\/p>\n<p><strong>13 pm <\/strong>Charla Museo Hist\u00f3rico de Carabineros: Prevenci\u00f3n del bullying Mariela Sequeida para docentes y p\u00fablico general. <strong>Lugar: Carpa de Charlas.<\/strong><\/p>\n<p><strong>14-17<\/strong> Talleres Tus Competencias en Ciencias.<strong> Carpa: TCC<\/strong><\/p>\n<p><strong>14 pm <\/strong>Recorrido Museo Ferroviario. Delegaci\u00f3n 45 estudiantes. <strong>Lugar: Museo Ferroviario<\/strong>.<strong> Inscripciones: stand explora.<\/strong><\/p>\n<p><strong>14 pm<\/strong> Recorrido Museo de Ciencia y Tecnolog\u00eda. P\u00fablico 5\u00ba b\u00e1sico a 4\u00ba medio. Hasta 45 estudiantes. <strong>Lugar: Museo CyT. Inscripciones: stand explora.<\/strong><\/p>\n<p><strong>15 pm <\/strong>Recorrido Museo Ferroviario. Delegaci\u00f3n 45 estudiantes. <strong>Lugar: Museo Ferroviario<\/strong>.<strong> Inscripciones: stand explora.<\/strong><\/p>\n<p><strong>15 pm<\/strong> Recorrido Museo de Ciencia y Tecnolog\u00eda. P\u00fablico 5\u00ba b\u00e1sico a 4\u00ba medio. Hasta 45 estudiantes. <strong>Lugar: Museo CyT. Inscripciones: stand explora.<\/strong><\/p>\n<p><strong>15 pm <\/strong>Recorrido Museo Artequ\u00edn. Delegaci\u00f3n 45 estudiantes. <strong>Lugar: Museo Artequ\u00edn. Inscripciones: Por confirmar.<\/strong><\/p>\n<p><strong>15:30 pm <\/strong>Taller Salas del Cobre\/Codelco Educa sobre Procesos productivos del cobre. <strong>Lugar: Carpa de Talleres.<\/strong><\/p>\n<p><strong>16 pm <\/strong>Recorrido Museo Ferroviario. Delegaci\u00f3n 45 estudiantes. <strong>Lugar: Museo Ferroviario<\/strong>.<strong> Inscripciones: stand explora.<\/strong><\/p>\n<p><strong>16 pm<\/strong> Recorrido Museo de Ciencia y Tecnolog\u00eda. P\u00fablico 5\u00ba b\u00e1sico a 4\u00ba medio. Hasta 45 estudiantes. <strong>Lugar: Museo CyT. Inscripciones: stand explora.<\/strong><\/p>\n<p><strong>\u00a0<\/strong><\/p>\n<p><strong><span style=\"text-decoration: underline\">S\u00e1bado 11 de octubre<\/span><\/strong><\/p>\n<p><strong><span style=\"text-decoration: underline\">\u00a0<\/span><\/strong><\/p>\n<p><strong>11 am <\/strong>Charla Casa Museo Eduardo Frei. Tema: Villa Frei: Zona T\u00edpica por Rodrigo Gertosio para p\u00fablico general<strong>. Lugar: Carpa de charlas.<\/strong><\/p>\n<p><strong>11:30 am <\/strong>Taller SENADIS Claudio tapia: Taller demostrativo dom\u00f3tica.<strong> Lugar: Carpa de Talleres. <\/strong><\/p>\n<p><strong>12 pm <\/strong>Charla Fundaci\u00f3n Ciencia y Vida cuyo tema es Tu Conciencia.<strong> Lugar: Carpa de charlas.<\/strong><\/p>\n<p><strong>12 -13\u00a0 <\/strong>Teatro Itinerante Marionetas Trip Marionetas. <strong>Lugar: Carpa de Cine.<\/strong><\/p>\n<p><strong>13 pm <\/strong>ICIIS Recital Po\u00e9tico de Graciela Huinao.<strong> Lugar: Carpa de charlas.<\/strong><\/p>\n<p>\u00a0<\/p>\n<p> <span style=\"font-size: medium\"><strong><br \/><\/strong><\/span><\/div>\n<div style=\"text-align: justify\">\u00a0<\/div>\n<div>\u00a0<\/div>\n","protected":false},"excerpt":{"rendered":"<p>Son siete carpas tem\u00e1ticas que dan vida a esta innovadora feria, en las que podr\u00e1s encontrar diversos stands relacionados con las siguientes \u00e1reas: Ingenier\u00eda y tecnolog\u00eda, lentes, electricidad, ciencia en lo cotidiano, imprenta y escritura, agricultura y agua potable. Todos vinculados en torno al tema del 2014: Vida, Ciencia y Tecnolog\u00eda.\u00a0 \u00a0 Ni\u00f1os, profesores y [&hellip;]<\/p>\n","protected":false},"author":2,"featured_media":6062,"comment_status":"closed","ping_status":"open","sticky":false,"template":"","format":"standard","meta":{"_acf_changed":false,"_exactmetrics_skip_tracking":false,"_exactmetrics_sitenote_active":false,"_exactmetrics_sitenote_note":"","_exactmetrics_sitenote_category":0,"footnotes":"","_links_to":"","_links_to_target":""},"categories":[4],"tags":[],"class_list":["post-1276","post","type-post","status-publish","format-standard","has-post-thumbnail","hentry","category-noticias"],"acf":[],"yoast_head":"<!-- This site is optimized with the Yoast SEO plugin v26.9 - https:\/\/yoast.com\/product\/yoast-seo-wordpress\/ -->\n<title>Visita hasta este s\u00e1bado la VIII Fiesta de la Ciencia y la Tecnolog\u00eda en el Parque Quinta Normal - RM Sur Oriente<\/title>\n<meta name=\"robots\" content=\"index, follow, max-snippet:-1, max-image-preview:large, max-video-preview:-1\" \/>\n<link rel=\"canonical\" href=\"https:\/\/explora.cl\/rmsuroriente\/visita-hasta-este-sabado-la-viii-fiesta-de-la-ciencia-y-la-tecnologia-en-el-parque-quinta-normal\/\" class=\"yoast-seo-meta-tag\" \/>\n<meta property=\"og:locale\" content=\"es_ES\" class=\"yoast-seo-meta-tag\" \/>\n<meta property=\"og:type\" content=\"article\" class=\"yoast-seo-meta-tag\" \/>\n<meta property=\"og:title\" content=\"Visita hasta este s\u00e1bado la VIII Fiesta de la Ciencia y la Tecnolog\u00eda en el Parque Quinta Normal - RM Sur Oriente\" class=\"yoast-seo-meta-tag\" \/>\n<meta property=\"og:description\" content=\"Son siete carpas tem\u00e1ticas que dan vida a esta innovadora feria, en las que podr\u00e1s encontrar diversos stands relacionados con las siguientes \u00e1reas: Ingenier\u00eda y tecnolog\u00eda, lentes, electricidad, ciencia en lo cotidiano, imprenta y escritura, agricultura y agua potable. Todos vinculados en torno al tema del 2014: Vida, Ciencia y Tecnolog\u00eda.\u00a0 \u00a0 Ni\u00f1os, profesores y [&hellip;]\" class=\"yoast-seo-meta-tag\" \/>\n<meta property=\"og:url\" content=\"https:\/\/explora.cl\/rmsuroriente\/visita-hasta-este-sabado-la-viii-fiesta-de-la-ciencia-y-la-tecnologia-en-el-parque-quinta-normal\/\" class=\"yoast-seo-meta-tag\" \/>\n<meta property=\"og:site_name\" content=\"RM Sur Oriente\" class=\"yoast-seo-meta-tag\" \/>\n<meta property=\"article:published_time\" content=\"2014-10-10T10:45:24+00:00\" class=\"yoast-seo-meta-tag\" \/>\n<meta property=\"article:modified_time\" content=\"2019-05-20T17:38:38+00:00\" class=\"yoast-seo-meta-tag\" \/>\n<meta name=\"author\" content=\"webman\" class=\"yoast-seo-meta-tag\" \/>\n<meta name=\"twitter:card\" content=\"summary_large_image\" class=\"yoast-seo-meta-tag\" \/>\n<meta name=\"twitter:label1\" content=\"Escrito por\" class=\"yoast-seo-meta-tag\" \/>\n\t<meta name=\"twitter:data1\" content=\"webman\" class=\"yoast-seo-meta-tag\" \/>\n\t<meta name=\"twitter:label2\" content=\"Tiempo estimado de lectura\" class=\"yoast-seo-meta-tag\" \/>\n\t<meta name=\"twitter:data2\" content=\"4 minutos\" class=\"yoast-seo-meta-tag\" \/>\n<script type=\"application\/ld+json\" class=\"yoast-schema-graph\">{\"@context\":\"https:\/\/schema.org\",\"@graph\":[{\"@type\":\"Article\",\"@id\":\"https:\/\/explora.cl\/rmsuroriente\/visita-hasta-este-sabado-la-viii-fiesta-de-la-ciencia-y-la-tecnologia-en-el-parque-quinta-normal\/#article\",\"isPartOf\":{\"@id\":\"https:\/\/explora.cl\/rmsuroriente\/visita-hasta-este-sabado-la-viii-fiesta-de-la-ciencia-y-la-tecnologia-en-el-parque-quinta-normal\/\"},\"author\":{\"name\":\"webman\",\"@id\":\"https:\/\/explora.cl\/rmsuroriente\/#\/schema\/person\/cb8349c13ea2d324080adf8480d7ba5d\"},\"headline\":\"Visita hasta este s\u00e1bado la VIII Fiesta de la Ciencia y la Tecnolog\u00eda en el Parque Quinta Normal\",\"datePublished\":\"2014-10-10T10:45:24+00:00\",\"dateModified\":\"2019-05-20T17:38:38+00:00\",\"mainEntityOfPage\":{\"@id\":\"https:\/\/explora.cl\/rmsuroriente\/visita-hasta-este-sabado-la-viii-fiesta-de-la-ciencia-y-la-tecnologia-en-el-parque-quinta-normal\/\"},\"wordCount\":780,\"publisher\":{\"@id\":\"https:\/\/explora.cl\/rmsuroriente\/#organization\"},\"image\":{\"@id\":\"https:\/\/explora.cl\/rmsuroriente\/visita-hasta-este-sabado-la-viii-fiesta-de-la-ciencia-y-la-tecnologia-en-el-parque-quinta-normal\/#primaryimage\"},\"thumbnailUrl\":\"\",\"articleSection\":[\"Noticias\"],\"inLanguage\":\"es-CL\"},{\"@type\":\"WebPage\",\"@id\":\"https:\/\/explora.cl\/rmsuroriente\/visita-hasta-este-sabado-la-viii-fiesta-de-la-ciencia-y-la-tecnologia-en-el-parque-quinta-normal\/\",\"url\":\"https:\/\/explora.cl\/rmsuroriente\/visita-hasta-este-sabado-la-viii-fiesta-de-la-ciencia-y-la-tecnologia-en-el-parque-quinta-normal\/\",\"name\":\"Visita hasta este s\u00e1bado la VIII Fiesta de la Ciencia y la Tecnolog\u00eda en el Parque Quinta Normal - RM Sur Oriente\",\"isPartOf\":{\"@id\":\"https:\/\/explora.cl\/rmsuroriente\/#website\"},\"primaryImageOfPage\":{\"@id\":\"https:\/\/explora.cl\/rmsuroriente\/visita-hasta-este-sabado-la-viii-fiesta-de-la-ciencia-y-la-tecnologia-en-el-parque-quinta-normal\/#primaryimage\"},\"image\":{\"@id\":\"https:\/\/explora.cl\/rmsuroriente\/visita-hasta-este-sabado-la-viii-fiesta-de-la-ciencia-y-la-tecnologia-en-el-parque-quinta-normal\/#primaryimage\"},\"thumbnailUrl\":\"\",\"datePublished\":\"2014-10-10T10:45:24+00:00\",\"dateModified\":\"2019-05-20T17:38:38+00:00\",\"breadcrumb\":{\"@id\":\"https:\/\/explora.cl\/rmsuroriente\/visita-hasta-este-sabado-la-viii-fiesta-de-la-ciencia-y-la-tecnologia-en-el-parque-quinta-normal\/#breadcrumb\"},\"inLanguage\":\"es-CL\",\"potentialAction\":[{\"@type\":\"ReadAction\",\"target\":[\"https:\/\/explora.cl\/rmsuroriente\/visita-hasta-este-sabado-la-viii-fiesta-de-la-ciencia-y-la-tecnologia-en-el-parque-quinta-normal\/\"]}]},{\"@type\":\"ImageObject\",\"inLanguage\":\"es-CL\",\"@id\":\"https:\/\/explora.cl\/rmsuroriente\/visita-hasta-este-sabado-la-viii-fiesta-de-la-ciencia-y-la-tecnologia-en-el-parque-quinta-normal\/#primaryimage\",\"url\":\"\",\"contentUrl\":\"\"},{\"@type\":\"BreadcrumbList\",\"@id\":\"https:\/\/explora.cl\/rmsuroriente\/visita-hasta-este-sabado-la-viii-fiesta-de-la-ciencia-y-la-tecnologia-en-el-parque-quinta-normal\/#breadcrumb\",\"itemListElement\":[{\"@type\":\"ListItem\",\"position\":1,\"name\":\"Portada\",\"item\":\"https:\/\/explora.cl\/rmsuroriente\/\"},{\"@type\":\"ListItem\",\"position\":2,\"name\":\"Visita hasta este s\u00e1bado la VIII Fiesta de la Ciencia y la Tecnolog\u00eda en el Parque Quinta Normal\"}]},{\"@type\":\"WebSite\",\"@id\":\"https:\/\/explora.cl\/rmsuroriente\/#website\",\"url\":\"https:\/\/explora.cl\/rmsuroriente\/\",\"name\":\"RM Sur Oriente\",\"description\":\"Otro sitio m\u00e1s de explora.cl\",\"publisher\":{\"@id\":\"https:\/\/explora.cl\/rmsuroriente\/#organization\"},\"potentialAction\":[{\"@type\":\"SearchAction\",\"target\":{\"@type\":\"EntryPoint\",\"urlTemplate\":\"https:\/\/explora.cl\/rmsuroriente\/?s={search_term_string}\"},\"query-input\":{\"@type\":\"PropertyValueSpecification\",\"valueRequired\":true,\"valueName\":\"search_term_string\"}}],\"inLanguage\":\"es-CL\"},{\"@type\":\"Organization\",\"@id\":\"https:\/\/explora.cl\/rmsuroriente\/#organization\",\"name\":\"RM Sur Oriente\",\"url\":\"https:\/\/explora.cl\/rmsuroriente\/\",\"logo\":{\"@type\":\"ImageObject\",\"inLanguage\":\"es-CL\",\"@id\":\"https:\/\/explora.cl\/rmsuroriente\/#\/schema\/logo\/image\/\",\"url\":\"https:\/\/explora.cl\/rmsuroriente\/wp-content\/uploads\/sites\/12\/2025\/04\/cropped-LogoPAR_RMSO-Azul-UC.png\",\"contentUrl\":\"https:\/\/explora.cl\/rmsuroriente\/wp-content\/uploads\/sites\/12\/2025\/04\/cropped-LogoPAR_RMSO-Azul-UC.png\",\"width\":411,\"height\":409,\"caption\":\"RM Sur Oriente\"},\"image\":{\"@id\":\"https:\/\/explora.cl\/rmsuroriente\/#\/schema\/logo\/image\/\"}},{\"@type\":\"Person\",\"@id\":\"https:\/\/explora.cl\/rmsuroriente\/#\/schema\/person\/cb8349c13ea2d324080adf8480d7ba5d\",\"name\":\"webman\",\"image\":{\"@type\":\"ImageObject\",\"inLanguage\":\"es-CL\",\"@id\":\"https:\/\/explora.cl\/rmsuroriente\/#\/schema\/person\/image\/\",\"url\":\"https:\/\/secure.gravatar.com\/avatar\/eeff3c82f2c02f7177d13663b7e6f890e9a6a0647ce9bb29cae02dcb094c7312?s=96&d=mm&r=g\",\"contentUrl\":\"https:\/\/secure.gravatar.com\/avatar\/eeff3c82f2c02f7177d13663b7e6f890e9a6a0647ce9bb29cae02dcb094c7312?s=96&d=mm&r=g\",\"caption\":\"webman\"},\"url\":\"https:\/\/explora.cl\/rmsuroriente\/author\/webman\/\"}]}<\/script>\n<!-- \/ Yoast SEO plugin. -->","yoast_head_json":{"title":"Visita hasta este s\u00e1bado la VIII Fiesta de la Ciencia y la Tecnolog\u00eda en el Parque Quinta Normal - RM Sur Oriente","robots":{"index":"index","follow":"follow","max-snippet":"max-snippet:-1","max-image-preview":"max-image-preview:large","max-video-preview":"max-video-preview:-1"},"canonical":"https:\/\/explora.cl\/rmsuroriente\/visita-hasta-este-sabado-la-viii-fiesta-de-la-ciencia-y-la-tecnologia-en-el-parque-quinta-normal\/","og_locale":"es_ES","og_type":"article","og_title":"Visita hasta este s\u00e1bado la VIII Fiesta de la Ciencia y la Tecnolog\u00eda en el Parque Quinta Normal - RM Sur Oriente","og_description":"Son siete carpas tem\u00e1ticas que dan vida a esta innovadora feria, en las que podr\u00e1s encontrar diversos stands relacionados con las siguientes \u00e1reas: Ingenier\u00eda y tecnolog\u00eda, lentes, electricidad, ciencia en lo cotidiano, imprenta y escritura, agricultura y agua potable. Todos vinculados en torno al tema del 2014: Vida, Ciencia y Tecnolog\u00eda.\u00a0 \u00a0 Ni\u00f1os, profesores y [&hellip;]","og_url":"https:\/\/explora.cl\/rmsuroriente\/visita-hasta-este-sabado-la-viii-fiesta-de-la-ciencia-y-la-tecnologia-en-el-parque-quinta-normal\/","og_site_name":"RM Sur Oriente","article_published_time":"2014-10-10T10:45:24+00:00","article_modified_time":"2019-05-20T17:38:38+00:00","author":"webman","twitter_card":"summary_large_image","twitter_misc":{"Escrito por":"webman","Tiempo estimado de lectura":"4 minutos"},"schema":{"@context":"https:\/\/schema.org","@graph":[{"@type":"Article","@id":"https:\/\/explora.cl\/rmsuroriente\/visita-hasta-este-sabado-la-viii-fiesta-de-la-ciencia-y-la-tecnologia-en-el-parque-quinta-normal\/#article","isPartOf":{"@id":"https:\/\/explora.cl\/rmsuroriente\/visita-hasta-este-sabado-la-viii-fiesta-de-la-ciencia-y-la-tecnologia-en-el-parque-quinta-normal\/"},"author":{"name":"webman","@id":"https:\/\/explora.cl\/rmsuroriente\/#\/schema\/person\/cb8349c13ea2d324080adf8480d7ba5d"},"headline":"Visita hasta este s\u00e1bado la VIII Fiesta de la Ciencia y la Tecnolog\u00eda en el Parque Quinta Normal","datePublished":"2014-10-10T10:45:24+00:00","dateModified":"2019-05-20T17:38:38+00:00","mainEntityOfPage":{"@id":"https:\/\/explora.cl\/rmsuroriente\/visita-hasta-este-sabado-la-viii-fiesta-de-la-ciencia-y-la-tecnologia-en-el-parque-quinta-normal\/"},"wordCount":780,"publisher":{"@id":"https:\/\/explora.cl\/rmsuroriente\/#organization"},"image":{"@id":"https:\/\/explora.cl\/rmsuroriente\/visita-hasta-este-sabado-la-viii-fiesta-de-la-ciencia-y-la-tecnologia-en-el-parque-quinta-normal\/#primaryimage"},"thumbnailUrl":"","articleSection":["Noticias"],"inLanguage":"es-CL"},{"@type":"WebPage","@id":"https:\/\/explora.cl\/rmsuroriente\/visita-hasta-este-sabado-la-viii-fiesta-de-la-ciencia-y-la-tecnologia-en-el-parque-quinta-normal\/","url":"https:\/\/explora.cl\/rmsuroriente\/visita-hasta-este-sabado-la-viii-fiesta-de-la-ciencia-y-la-tecnologia-en-el-parque-quinta-normal\/","name":"Visita hasta este s\u00e1bado la VIII Fiesta de la Ciencia y la Tecnolog\u00eda en el Parque Quinta Normal - RM Sur Oriente","isPartOf":{"@id":"https:\/\/explora.cl\/rmsuroriente\/#website"},"primaryImageOfPage":{"@id":"https:\/\/explora.cl\/rmsuroriente\/visita-hasta-este-sabado-la-viii-fiesta-de-la-ciencia-y-la-tecnologia-en-el-parque-quinta-normal\/#primaryimage"},"image":{"@id":"https:\/\/explora.cl\/rmsuroriente\/visita-hasta-este-sabado-la-viii-fiesta-de-la-ciencia-y-la-tecnologia-en-el-parque-quinta-normal\/#primaryimage"},"thumbnailUrl":"","datePublished":"2014-10-10T10:45:24+00:00","dateModified":"2019-05-20T17:38:38+00:00","breadcrumb":{"@id":"https:\/\/explora.cl\/rmsuroriente\/visita-hasta-este-sabado-la-viii-fiesta-de-la-ciencia-y-la-tecnologia-en-el-parque-quinta-normal\/#breadcrumb"},"inLanguage":"es-CL","potentialAction":[{"@type":"ReadAction","target":["https:\/\/explora.cl\/rmsuroriente\/visita-hasta-este-sabado-la-viii-fiesta-de-la-ciencia-y-la-tecnologia-en-el-parque-quinta-normal\/"]}]},{"@type":"ImageObject","inLanguage":"es-CL","@id":"https:\/\/explora.cl\/rmsuroriente\/visita-hasta-este-sabado-la-viii-fiesta-de-la-ciencia-y-la-tecnologia-en-el-parque-quinta-normal\/#primaryimage","url":"","contentUrl":""},{"@type":"BreadcrumbList","@id":"https:\/\/explora.cl\/rmsuroriente\/visita-hasta-este-sabado-la-viii-fiesta-de-la-ciencia-y-la-tecnologia-en-el-parque-quinta-normal\/#breadcrumb","itemListElement":[{"@type":"ListItem","position":1,"name":"Portada","item":"https:\/\/explora.cl\/rmsuroriente\/"},{"@type":"ListItem","position":2,"name":"Visita hasta este s\u00e1bado la VIII Fiesta de la Ciencia y la Tecnolog\u00eda en el Parque Quinta Normal"}]},{"@type":"WebSite","@id":"https:\/\/explora.cl\/rmsuroriente\/#website","url":"https:\/\/explora.cl\/rmsuroriente\/","name":"RM Sur Oriente","description":"Otro sitio m\u00e1s de explora.cl","publisher":{"@id":"https:\/\/explora.cl\/rmsuroriente\/#organization"},"potentialAction":[{"@type":"SearchAction","target":{"@type":"EntryPoint","urlTemplate":"https:\/\/explora.cl\/rmsuroriente\/?s={search_term_string}"},"query-input":{"@type":"PropertyValueSpecification","valueRequired":true,"valueName":"search_term_string"}}],"inLanguage":"es-CL"},{"@type":"Organization","@id":"https:\/\/explora.cl\/rmsuroriente\/#organization","name":"RM Sur Oriente","url":"https:\/\/explora.cl\/rmsuroriente\/","logo":{"@type":"ImageObject","inLanguage":"es-CL","@id":"https:\/\/explora.cl\/rmsuroriente\/#\/schema\/logo\/image\/","url":"https:\/\/explora.cl\/rmsuroriente\/wp-content\/uploads\/sites\/12\/2025\/04\/cropped-LogoPAR_RMSO-Azul-UC.png","contentUrl":"https:\/\/explora.cl\/rmsuroriente\/wp-content\/uploads\/sites\/12\/2025\/04\/cropped-LogoPAR_RMSO-Azul-UC.png","width":411,"height":409,"caption":"RM Sur Oriente"},"image":{"@id":"https:\/\/explora.cl\/rmsuroriente\/#\/schema\/logo\/image\/"}},{"@type":"Person","@id":"https:\/\/explora.cl\/rmsuroriente\/#\/schema\/person\/cb8349c13ea2d324080adf8480d7ba5d","name":"webman","image":{"@type":"ImageObject","inLanguage":"es-CL","@id":"https:\/\/explora.cl\/rmsuroriente\/#\/schema\/person\/image\/","url":"https:\/\/secure.gravatar.com\/avatar\/eeff3c82f2c02f7177d13663b7e6f890e9a6a0647ce9bb29cae02dcb094c7312?s=96&d=mm&r=g","contentUrl":"https:\/\/secure.gravatar.com\/avatar\/eeff3c82f2c02f7177d13663b7e6f890e9a6a0647ce9bb29cae02dcb094c7312?s=96&d=mm&r=g","caption":"webman"},"url":"https:\/\/explora.cl\/rmsuroriente\/author\/webman\/"}]}},"_links":{"self":[{"href":"https:\/\/explora.cl\/rmsuroriente\/wp-json\/wp\/v2\/posts\/1276","targetHints":{"allow":["GET"]}}],"collection":[{"href":"https:\/\/explora.cl\/rmsuroriente\/wp-json\/wp\/v2\/posts"}],"about":[{"href":"https:\/\/explora.cl\/rmsuroriente\/wp-json\/wp\/v2\/types\/post"}],"author":[{"embeddable":true,"href":"https:\/\/explora.cl\/rmsuroriente\/wp-json\/wp\/v2\/users\/2"}],"replies":[{"embeddable":true,"href":"https:\/\/explora.cl\/rmsuroriente\/wp-json\/wp\/v2\/comments?post=1276"}],"version-history":[{"count":1,"href":"https:\/\/explora.cl\/rmsuroriente\/wp-json\/wp\/v2\/posts\/1276\/revisions"}],"predecessor-version":[{"id":38227,"href":"https:\/\/explora.cl\/rmsuroriente\/wp-json\/wp\/v2\/posts\/1276\/revisions\/38227"}],"wp:featuredmedia":[{"embeddable":true,"href":"https:\/\/explora.cl\/rmsuroriente\/wp-json\/"}],"wp:attachment":[{"href":"https:\/\/explora.cl\/rmsuroriente\/wp-json\/wp\/v2\/media?parent=1276"}],"wp:term":[{"taxonomy":"category","embeddable":true,"href":"https:\/\/explora.cl\/rmsuroriente\/wp-json\/wp\/v2\/categories?post=1276"},{"taxonomy":"post_tag","embeddable":true,"href":"https:\/\/explora.cl\/rmsuroriente\/wp-json\/wp\/v2\/tags?post=1276"}],"curies":[{"name":"wp","href":"https:\/\/api.w.org\/{rel}","templated":true}]}}