{"id":1256,"date":"2014-10-15T17:06:30","date_gmt":"2014-10-15T17:06:30","guid":{"rendered":"https:\/\/explora.cl\/rmsuroriente\/blog\/2014\/10\/15\/2-laboratorio-juvenil-la-legua-en-accion\/"},"modified":"2019-05-20T17:38:33","modified_gmt":"2019-05-20T17:38:33","slug":"2-laboratorio-juvenil-la-legua-en-accion","status":"publish","type":"post","link":"https:\/\/explora.cl\/rmsuroriente\/2-laboratorio-juvenil-la-legua-en-accion\/","title":{"rendered":"2\u00b0 Laboratorio Juvenil: La Legua en acci\u00f3n"},"content":{"rendered":"<p><img fetchpriority=\"high\" decoding=\"async\" class=\" size-full wp-image-6160\" src=\"http:\/\/ec2-34-218-253-251.us-west-2.compute.amazonaws.com\/wp-content\/uploads\/2014\/10\/eb1ee66d37aeca56a859fd3775b43787.jpg\" alt=\"\" width=\"300\" height=\"225\" \/><\/p>\n<p style=\"text-align: justify\">El jueves 23 de octubre, como parte del<strong>Laboratorio Juvenil<\/strong>, estudiantes de 8\u00b0 a 4\u00b0 medio podr\u00e1n conocer y acercarse al<strong>Programa Barrios de La Legua<\/strong>, iniciativa creada para fortalecer los espacios p\u00fablicos de la zona y su red social. Inscripci\u00f3n gratuita, cupos limitados.<\/p>\n<p>Con el objetivo de generar estrategias para mejorar y revitalizar los espacios p\u00fablicos, redes sociales y organizacionales de La Legua, en la comuna de San Joaqu\u00edn (RM), los mismos vecinos del sector se organizaron para participar en el<a href=\"http:\/\/comunitariolalegua.cl\/programa-barrios\/\" target=\"_blank\" rel=\"noopener noreferrer\">Programa de Protecci\u00f3n de Barrios<\/a>\u00a0del Ministerio de Vivienda y Urbanismo. De esta forma, juntos, ayudan a resolver los problemas de deterioro urbano, social y cultural que viven los vecinos del barrio. Una iniciativa digna de imitar, y que este<strong>jueves 23 de octubre a las 10:00 horas<\/strong>\u00a0presentar\u00e1n a un grupo de alumnos de 8\u00b0 a 4\u00b0 medio, como parte del ciclo de encuentros del Laboratorio Juvenil de Reflexi\u00f3n y Participaci\u00f3n 2014.<\/p>\n<p style=\"text-align: justify\">Organizado por el\u00a0<a href=\"http:\/\/www.museovicunamackenna.cl\/Vistas_Publicas\/publicHome\/homePublic.aspx?idInstitucion=97\" target=\"_blank\" rel=\"noopener noreferrer\"><strong>Museo Benjam\u00edn Vicu\u00f1a Mackenna<\/strong>,<\/a>\u00a0<strong>Casa Museo Eduardo Frei Montalva<\/strong>,<strong><a href=\"rmsuroriente\" target=\"_blank\" rel=\"noopener noreferrer\">PAR EXPLORA RM Sur Oriente de la Universidad de Chile<\/a>,<\/strong>\u00a0y el\u00a0<a href=\"http:\/\/www.monumentos.cl\/consejo\/606\/w3-channel.html\" target=\"_blank\" rel=\"noopener noreferrer\"><strong>Consejo de Monumentos Nacionale<\/strong>s<\/a>, el tercer encuentro del Laboratorio Juvenil de este a\u00f1o busca dar a conocer y generar una conversaci\u00f3n en torno a las actividades y estrategias generadas por la agrupaci\u00f3n ciudadana de La Legua, en base a tem\u00e1ticas como medio ambiente, desarrollo urbano, identidad y cultura, desarrollo social y trabajo comunitario.<\/p>\n<p style=\"text-align: justify\">Una de las primeras poblaciones de la capital, la Legua fue fundada a partir de la propia acci\u00f3n de un grupo de obreros provenientes del norte del pa\u00eds, en plena crisis del salitre, y algunos campesinos de la zona centro sur que llegaban a Santiago en busca de nuevas oportunidades. Actualmente, con cerca de 20.000 habitantes, el sector ha sido altamente estigmatizado por ser una zona donde abunda el tr\u00e1fico de drogas y la delincuencia. Situaci\u00f3n que los mismos vecinos luchan por cambiar, con proyectos de activa participaci\u00f3n, como el Programa Barrios.<\/p>\n<p style=\"text-align: justify\">Las inscripciones para este encuentro son gratuitas (cupos limitados). Para participar los profesores interesados deben inscribir a su curso contact\u00e1ndose con Walter Miranda al correo electr\u00f3nico\u00a0<a href=\"mailto:wmiranda@explorarm.com\">wmiranda@explorarm.com<\/a>\u00a0o al tel\u00e9fono 29783694.<\/p>\n<p style=\"text-align: justify\"><strong style=\"line-height: 1.3em\">Encuentro y di\u00e1logo<\/strong><\/p>\n<p style=\"text-align: justify\">\u00a0<span style=\"line-height: 1.3em\">El 2\u00b0 Laboratorio Juvenil de Reflexi\u00f3n y Participaci\u00f3n es una actividad organizada por el Museo Benjam\u00edn Vicu\u00f1a Mackenna, Casa Museo Eduardo Frei Montalva, PAR EXPLORA RM Sur Oriente de la Universidad de Chile, y el Consejo de Monumentos Nacionales. Este a\u00f1o los encuentros del Laboratorio se han enfocado a iniciativas ciudadanas como el rescate de la Villa Frei, Bicipaseos Patrimoniales, J\u00f3venes por el Patrimonio y el programa de Barrios de La Legua.<\/span><\/p>\n<p style=\"text-align: justify\">La actividad, se enmarca en el nuevo rol de los museos y sitios patrimoniales, que est\u00e1n generando diversas plataformas para dar espacio a la reflexi\u00f3n de sus visitantes, creando oportunidades para el desarrollo de la educaci\u00f3n no formal. En este sentido, es relevante destacar que este espacio est\u00e1 vinculado al curr\u00edculum escolar, especialmente a los contenidos de artes visuales de 8\u00b0 b\u00e1sico hasta 4\u00b0 Medio, y a Historia y Ciencias Sociales, donde se contempla el tratamiento de la ciudad contempor\u00e1nea en el Programa de Estudio de Tercer o Cuarto A\u00f1o Medio en Formaci\u00f3n Diferenciada Human\u00edstico.<\/p>\n<p style=\"text-align: justify\">En la primera versi\u00f3n del Laboratorio, que se realiz\u00f3 con \u00e9xito el a\u00f1o 2013, los estudiantes reflexionaron en torno a las tem\u00e1ticas \u201cGraffitis y expresi\u00f3n art\u00edstica\u201d, \u201cJ\u00f3venes y participaci\u00f3n pol\u00edtica\u201d, \u201cIdentidad barrial\u201d y \u201cJ\u00f3venes y la ciencia en colegios\u201d.<\/p>\n<p style=\"text-align: justify\">\u00a0<\/p>\n<p style=\"text-align: justify\"><strong>Datos:<\/strong><\/p>\n<p style=\"text-align: justify\">2\u00ba Laboratorio Juvenil de Reflexi\u00f3n y Participaci\u00f3n<br \/>Tercer encuentro: \u201cProyecto barrial de La Legua\u201d<\/p>\n<p style=\"text-align: justify\">Jueves 23 de octubre, de 10:00 a 12:00 horas. Sala audiovisual de Casa Museo Eduardo Frei Montalva. Hindenburg 683, Providencia.<\/p>\n<p style=\"text-align: justify\">Inscripciones gratuitas, cupos limitados. Los profesores pueden inscribir a sus cursos en<a href=\"mailto:wmiranda@explorarm.com\">wmiranda@explorarm.com<\/a>\u00a0o en el tel\u00e9fono 29783694.<\/p>\n<p style=\"text-align: justify\"><a href=\"http:\/\/www.casamuseoeduardofrei.cl\/site\/2014\/03\/programa-2%C2%BA-laboratorio-juvenil-de-reflexion-y-participacion\/\"><strong>Vea aqu\u00ed el programa completo del 2\u00b0 Laboratorio Juvenil de Reflexi\u00f3n y Participaci\u00f3n<\/strong><\/a><\/p>\n","protected":false},"excerpt":{"rendered":"<p>El jueves 23 de octubre, como parte delLaboratorio Juvenil, estudiantes de 8\u00b0 a 4\u00b0 medio podr\u00e1n conocer y acercarse alPrograma Barrios de La Legua, iniciativa creada para fortalecer los espacios p\u00fablicos de la zona y su red social. Inscripci\u00f3n gratuita, cupos limitados. Con el objetivo de generar estrategias para mejorar y revitalizar los espacios p\u00fablicos, [&hellip;]<\/p>\n","protected":false},"author":2,"featured_media":6160,"comment_status":"closed","ping_status":"open","sticky":false,"template":"","format":"standard","meta":{"_acf_changed":false,"_exactmetrics_skip_tracking":false,"_exactmetrics_sitenote_active":false,"_exactmetrics_sitenote_note":"","_exactmetrics_sitenote_category":0,"footnotes":"","_links_to":"","_links_to_target":""},"categories":[4],"tags":[],"class_list":["post-1256","post","type-post","status-publish","format-standard","has-post-thumbnail","hentry","category-noticias"],"acf":[],"yoast_head":"<!-- This site is optimized with the Yoast SEO plugin v26.9 - https:\/\/yoast.com\/product\/yoast-seo-wordpress\/ -->\n<title>2\u00b0 Laboratorio Juvenil: La Legua en acci\u00f3n - RM Sur Oriente<\/title>\n<meta name=\"robots\" content=\"index, follow, max-snippet:-1, max-image-preview:large, max-video-preview:-1\" \/>\n<link rel=\"canonical\" href=\"https:\/\/explora.cl\/rmsuroriente\/2-laboratorio-juvenil-la-legua-en-accion\/\" class=\"yoast-seo-meta-tag\" \/>\n<meta property=\"og:locale\" content=\"es_ES\" class=\"yoast-seo-meta-tag\" \/>\n<meta property=\"og:type\" content=\"article\" class=\"yoast-seo-meta-tag\" \/>\n<meta property=\"og:title\" content=\"2\u00b0 Laboratorio Juvenil: La Legua en acci\u00f3n - RM Sur Oriente\" class=\"yoast-seo-meta-tag\" \/>\n<meta property=\"og:description\" content=\"El jueves 23 de octubre, como parte delLaboratorio Juvenil, estudiantes de 8\u00b0 a 4\u00b0 medio podr\u00e1n conocer y acercarse alPrograma Barrios de La Legua, iniciativa creada para fortalecer los espacios p\u00fablicos de la zona y su red social. Inscripci\u00f3n gratuita, cupos limitados. Con el objetivo de generar estrategias para mejorar y revitalizar los espacios p\u00fablicos, [&hellip;]\" class=\"yoast-seo-meta-tag\" \/>\n<meta property=\"og:url\" content=\"https:\/\/explora.cl\/rmsuroriente\/2-laboratorio-juvenil-la-legua-en-accion\/\" class=\"yoast-seo-meta-tag\" \/>\n<meta property=\"og:site_name\" content=\"RM Sur Oriente\" class=\"yoast-seo-meta-tag\" \/>\n<meta property=\"article:published_time\" content=\"2014-10-15T17:06:30+00:00\" class=\"yoast-seo-meta-tag\" \/>\n<meta property=\"article:modified_time\" content=\"2019-05-20T17:38:33+00:00\" class=\"yoast-seo-meta-tag\" \/>\n<meta name=\"author\" content=\"webman\" class=\"yoast-seo-meta-tag\" \/>\n<meta name=\"twitter:card\" content=\"summary_large_image\" class=\"yoast-seo-meta-tag\" \/>\n<meta name=\"twitter:label1\" content=\"Escrito por\" class=\"yoast-seo-meta-tag\" \/>\n\t<meta name=\"twitter:data1\" content=\"webman\" class=\"yoast-seo-meta-tag\" \/>\n\t<meta name=\"twitter:label2\" content=\"Tiempo estimado de lectura\" class=\"yoast-seo-meta-tag\" \/>\n\t<meta name=\"twitter:data2\" content=\"3 minutos\" class=\"yoast-seo-meta-tag\" \/>\n<script type=\"application\/ld+json\" class=\"yoast-schema-graph\">{\"@context\":\"https:\/\/schema.org\",\"@graph\":[{\"@type\":\"Article\",\"@id\":\"https:\/\/explora.cl\/rmsuroriente\/2-laboratorio-juvenil-la-legua-en-accion\/#article\",\"isPartOf\":{\"@id\":\"https:\/\/explora.cl\/rmsuroriente\/2-laboratorio-juvenil-la-legua-en-accion\/\"},\"author\":{\"name\":\"webman\",\"@id\":\"https:\/\/explora.cl\/rmsuroriente\/#\/schema\/person\/cb8349c13ea2d324080adf8480d7ba5d\"},\"headline\":\"2\u00b0 Laboratorio Juvenil: La Legua en acci\u00f3n\",\"datePublished\":\"2014-10-15T17:06:30+00:00\",\"dateModified\":\"2019-05-20T17:38:33+00:00\",\"mainEntityOfPage\":{\"@id\":\"https:\/\/explora.cl\/rmsuroriente\/2-laboratorio-juvenil-la-legua-en-accion\/\"},\"wordCount\":667,\"publisher\":{\"@id\":\"https:\/\/explora.cl\/rmsuroriente\/#organization\"},\"image\":{\"@id\":\"https:\/\/explora.cl\/rmsuroriente\/2-laboratorio-juvenil-la-legua-en-accion\/#primaryimage\"},\"thumbnailUrl\":\"\",\"articleSection\":[\"Noticias\"],\"inLanguage\":\"es-CL\"},{\"@type\":\"WebPage\",\"@id\":\"https:\/\/explora.cl\/rmsuroriente\/2-laboratorio-juvenil-la-legua-en-accion\/\",\"url\":\"https:\/\/explora.cl\/rmsuroriente\/2-laboratorio-juvenil-la-legua-en-accion\/\",\"name\":\"2\u00b0 Laboratorio Juvenil: La Legua en acci\u00f3n - RM Sur Oriente\",\"isPartOf\":{\"@id\":\"https:\/\/explora.cl\/rmsuroriente\/#website\"},\"primaryImageOfPage\":{\"@id\":\"https:\/\/explora.cl\/rmsuroriente\/2-laboratorio-juvenil-la-legua-en-accion\/#primaryimage\"},\"image\":{\"@id\":\"https:\/\/explora.cl\/rmsuroriente\/2-laboratorio-juvenil-la-legua-en-accion\/#primaryimage\"},\"thumbnailUrl\":\"\",\"datePublished\":\"2014-10-15T17:06:30+00:00\",\"dateModified\":\"2019-05-20T17:38:33+00:00\",\"breadcrumb\":{\"@id\":\"https:\/\/explora.cl\/rmsuroriente\/2-laboratorio-juvenil-la-legua-en-accion\/#breadcrumb\"},\"inLanguage\":\"es-CL\",\"potentialAction\":[{\"@type\":\"ReadAction\",\"target\":[\"https:\/\/explora.cl\/rmsuroriente\/2-laboratorio-juvenil-la-legua-en-accion\/\"]}]},{\"@type\":\"ImageObject\",\"inLanguage\":\"es-CL\",\"@id\":\"https:\/\/explora.cl\/rmsuroriente\/2-laboratorio-juvenil-la-legua-en-accion\/#primaryimage\",\"url\":\"\",\"contentUrl\":\"\"},{\"@type\":\"BreadcrumbList\",\"@id\":\"https:\/\/explora.cl\/rmsuroriente\/2-laboratorio-juvenil-la-legua-en-accion\/#breadcrumb\",\"itemListElement\":[{\"@type\":\"ListItem\",\"position\":1,\"name\":\"Portada\",\"item\":\"https:\/\/explora.cl\/rmsuroriente\/\"},{\"@type\":\"ListItem\",\"position\":2,\"name\":\"2\u00b0 Laboratorio Juvenil: La Legua en acci\u00f3n\"}]},{\"@type\":\"WebSite\",\"@id\":\"https:\/\/explora.cl\/rmsuroriente\/#website\",\"url\":\"https:\/\/explora.cl\/rmsuroriente\/\",\"name\":\"RM Sur Oriente\",\"description\":\"Otro sitio m\u00e1s de explora.cl\",\"publisher\":{\"@id\":\"https:\/\/explora.cl\/rmsuroriente\/#organization\"},\"potentialAction\":[{\"@type\":\"SearchAction\",\"target\":{\"@type\":\"EntryPoint\",\"urlTemplate\":\"https:\/\/explora.cl\/rmsuroriente\/?s={search_term_string}\"},\"query-input\":{\"@type\":\"PropertyValueSpecification\",\"valueRequired\":true,\"valueName\":\"search_term_string\"}}],\"inLanguage\":\"es-CL\"},{\"@type\":\"Organization\",\"@id\":\"https:\/\/explora.cl\/rmsuroriente\/#organization\",\"name\":\"RM Sur Oriente\",\"url\":\"https:\/\/explora.cl\/rmsuroriente\/\",\"logo\":{\"@type\":\"ImageObject\",\"inLanguage\":\"es-CL\",\"@id\":\"https:\/\/explora.cl\/rmsuroriente\/#\/schema\/logo\/image\/\",\"url\":\"https:\/\/explora.cl\/rmsuroriente\/wp-content\/uploads\/sites\/12\/2025\/04\/cropped-LogoPAR_RMSO-Azul-UC.png\",\"contentUrl\":\"https:\/\/explora.cl\/rmsuroriente\/wp-content\/uploads\/sites\/12\/2025\/04\/cropped-LogoPAR_RMSO-Azul-UC.png\",\"width\":411,\"height\":409,\"caption\":\"RM Sur Oriente\"},\"image\":{\"@id\":\"https:\/\/explora.cl\/rmsuroriente\/#\/schema\/logo\/image\/\"}},{\"@type\":\"Person\",\"@id\":\"https:\/\/explora.cl\/rmsuroriente\/#\/schema\/person\/cb8349c13ea2d324080adf8480d7ba5d\",\"name\":\"webman\",\"image\":{\"@type\":\"ImageObject\",\"inLanguage\":\"es-CL\",\"@id\":\"https:\/\/explora.cl\/rmsuroriente\/#\/schema\/person\/image\/\",\"url\":\"https:\/\/secure.gravatar.com\/avatar\/eeff3c82f2c02f7177d13663b7e6f890e9a6a0647ce9bb29cae02dcb094c7312?s=96&d=mm&r=g\",\"contentUrl\":\"https:\/\/secure.gravatar.com\/avatar\/eeff3c82f2c02f7177d13663b7e6f890e9a6a0647ce9bb29cae02dcb094c7312?s=96&d=mm&r=g\",\"caption\":\"webman\"},\"url\":\"https:\/\/explora.cl\/rmsuroriente\/author\/webman\/\"}]}<\/script>\n<!-- \/ Yoast SEO plugin. -->","yoast_head_json":{"title":"2\u00b0 Laboratorio Juvenil: La Legua en acci\u00f3n - RM Sur Oriente","robots":{"index":"index","follow":"follow","max-snippet":"max-snippet:-1","max-image-preview":"max-image-preview:large","max-video-preview":"max-video-preview:-1"},"canonical":"https:\/\/explora.cl\/rmsuroriente\/2-laboratorio-juvenil-la-legua-en-accion\/","og_locale":"es_ES","og_type":"article","og_title":"2\u00b0 Laboratorio Juvenil: La Legua en acci\u00f3n - RM Sur Oriente","og_description":"El jueves 23 de octubre, como parte delLaboratorio Juvenil, estudiantes de 8\u00b0 a 4\u00b0 medio podr\u00e1n conocer y acercarse alPrograma Barrios de La Legua, iniciativa creada para fortalecer los espacios p\u00fablicos de la zona y su red social. Inscripci\u00f3n gratuita, cupos limitados. Con el objetivo de generar estrategias para mejorar y revitalizar los espacios p\u00fablicos, [&hellip;]","og_url":"https:\/\/explora.cl\/rmsuroriente\/2-laboratorio-juvenil-la-legua-en-accion\/","og_site_name":"RM Sur Oriente","article_published_time":"2014-10-15T17:06:30+00:00","article_modified_time":"2019-05-20T17:38:33+00:00","author":"webman","twitter_card":"summary_large_image","twitter_misc":{"Escrito por":"webman","Tiempo estimado de lectura":"3 minutos"},"schema":{"@context":"https:\/\/schema.org","@graph":[{"@type":"Article","@id":"https:\/\/explora.cl\/rmsuroriente\/2-laboratorio-juvenil-la-legua-en-accion\/#article","isPartOf":{"@id":"https:\/\/explora.cl\/rmsuroriente\/2-laboratorio-juvenil-la-legua-en-accion\/"},"author":{"name":"webman","@id":"https:\/\/explora.cl\/rmsuroriente\/#\/schema\/person\/cb8349c13ea2d324080adf8480d7ba5d"},"headline":"2\u00b0 Laboratorio Juvenil: La Legua en acci\u00f3n","datePublished":"2014-10-15T17:06:30+00:00","dateModified":"2019-05-20T17:38:33+00:00","mainEntityOfPage":{"@id":"https:\/\/explora.cl\/rmsuroriente\/2-laboratorio-juvenil-la-legua-en-accion\/"},"wordCount":667,"publisher":{"@id":"https:\/\/explora.cl\/rmsuroriente\/#organization"},"image":{"@id":"https:\/\/explora.cl\/rmsuroriente\/2-laboratorio-juvenil-la-legua-en-accion\/#primaryimage"},"thumbnailUrl":"","articleSection":["Noticias"],"inLanguage":"es-CL"},{"@type":"WebPage","@id":"https:\/\/explora.cl\/rmsuroriente\/2-laboratorio-juvenil-la-legua-en-accion\/","url":"https:\/\/explora.cl\/rmsuroriente\/2-laboratorio-juvenil-la-legua-en-accion\/","name":"2\u00b0 Laboratorio Juvenil: La Legua en acci\u00f3n - RM Sur Oriente","isPartOf":{"@id":"https:\/\/explora.cl\/rmsuroriente\/#website"},"primaryImageOfPage":{"@id":"https:\/\/explora.cl\/rmsuroriente\/2-laboratorio-juvenil-la-legua-en-accion\/#primaryimage"},"image":{"@id":"https:\/\/explora.cl\/rmsuroriente\/2-laboratorio-juvenil-la-legua-en-accion\/#primaryimage"},"thumbnailUrl":"","datePublished":"2014-10-15T17:06:30+00:00","dateModified":"2019-05-20T17:38:33+00:00","breadcrumb":{"@id":"https:\/\/explora.cl\/rmsuroriente\/2-laboratorio-juvenil-la-legua-en-accion\/#breadcrumb"},"inLanguage":"es-CL","potentialAction":[{"@type":"ReadAction","target":["https:\/\/explora.cl\/rmsuroriente\/2-laboratorio-juvenil-la-legua-en-accion\/"]}]},{"@type":"ImageObject","inLanguage":"es-CL","@id":"https:\/\/explora.cl\/rmsuroriente\/2-laboratorio-juvenil-la-legua-en-accion\/#primaryimage","url":"","contentUrl":""},{"@type":"BreadcrumbList","@id":"https:\/\/explora.cl\/rmsuroriente\/2-laboratorio-juvenil-la-legua-en-accion\/#breadcrumb","itemListElement":[{"@type":"ListItem","position":1,"name":"Portada","item":"https:\/\/explora.cl\/rmsuroriente\/"},{"@type":"ListItem","position":2,"name":"2\u00b0 Laboratorio Juvenil: La Legua en acci\u00f3n"}]},{"@type":"WebSite","@id":"https:\/\/explora.cl\/rmsuroriente\/#website","url":"https:\/\/explora.cl\/rmsuroriente\/","name":"RM Sur Oriente","description":"Otro sitio m\u00e1s de explora.cl","publisher":{"@id":"https:\/\/explora.cl\/rmsuroriente\/#organization"},"potentialAction":[{"@type":"SearchAction","target":{"@type":"EntryPoint","urlTemplate":"https:\/\/explora.cl\/rmsuroriente\/?s={search_term_string}"},"query-input":{"@type":"PropertyValueSpecification","valueRequired":true,"valueName":"search_term_string"}}],"inLanguage":"es-CL"},{"@type":"Organization","@id":"https:\/\/explora.cl\/rmsuroriente\/#organization","name":"RM Sur Oriente","url":"https:\/\/explora.cl\/rmsuroriente\/","logo":{"@type":"ImageObject","inLanguage":"es-CL","@id":"https:\/\/explora.cl\/rmsuroriente\/#\/schema\/logo\/image\/","url":"https:\/\/explora.cl\/rmsuroriente\/wp-content\/uploads\/sites\/12\/2025\/04\/cropped-LogoPAR_RMSO-Azul-UC.png","contentUrl":"https:\/\/explora.cl\/rmsuroriente\/wp-content\/uploads\/sites\/12\/2025\/04\/cropped-LogoPAR_RMSO-Azul-UC.png","width":411,"height":409,"caption":"RM Sur Oriente"},"image":{"@id":"https:\/\/explora.cl\/rmsuroriente\/#\/schema\/logo\/image\/"}},{"@type":"Person","@id":"https:\/\/explora.cl\/rmsuroriente\/#\/schema\/person\/cb8349c13ea2d324080adf8480d7ba5d","name":"webman","image":{"@type":"ImageObject","inLanguage":"es-CL","@id":"https:\/\/explora.cl\/rmsuroriente\/#\/schema\/person\/image\/","url":"https:\/\/secure.gravatar.com\/avatar\/eeff3c82f2c02f7177d13663b7e6f890e9a6a0647ce9bb29cae02dcb094c7312?s=96&d=mm&r=g","contentUrl":"https:\/\/secure.gravatar.com\/avatar\/eeff3c82f2c02f7177d13663b7e6f890e9a6a0647ce9bb29cae02dcb094c7312?s=96&d=mm&r=g","caption":"webman"},"url":"https:\/\/explora.cl\/rmsuroriente\/author\/webman\/"}]}},"_links":{"self":[{"href":"https:\/\/explora.cl\/rmsuroriente\/wp-json\/wp\/v2\/posts\/1256","targetHints":{"allow":["GET"]}}],"collection":[{"href":"https:\/\/explora.cl\/rmsuroriente\/wp-json\/wp\/v2\/posts"}],"about":[{"href":"https:\/\/explora.cl\/rmsuroriente\/wp-json\/wp\/v2\/types\/post"}],"author":[{"embeddable":true,"href":"https:\/\/explora.cl\/rmsuroriente\/wp-json\/wp\/v2\/users\/2"}],"replies":[{"embeddable":true,"href":"https:\/\/explora.cl\/rmsuroriente\/wp-json\/wp\/v2\/comments?post=1256"}],"version-history":[{"count":1,"href":"https:\/\/explora.cl\/rmsuroriente\/wp-json\/wp\/v2\/posts\/1256\/revisions"}],"predecessor-version":[{"id":38217,"href":"https:\/\/explora.cl\/rmsuroriente\/wp-json\/wp\/v2\/posts\/1256\/revisions\/38217"}],"wp:featuredmedia":[{"embeddable":true,"href":"https:\/\/explora.cl\/rmsuroriente\/wp-json\/"}],"wp:attachment":[{"href":"https:\/\/explora.cl\/rmsuroriente\/wp-json\/wp\/v2\/media?parent=1256"}],"wp:term":[{"taxonomy":"category","embeddable":true,"href":"https:\/\/explora.cl\/rmsuroriente\/wp-json\/wp\/v2\/categories?post=1256"},{"taxonomy":"post_tag","embeddable":true,"href":"https:\/\/explora.cl\/rmsuroriente\/wp-json\/wp\/v2\/tags?post=1256"}],"curies":[{"name":"wp","href":"https:\/\/api.w.org\/{rel}","templated":true}]}}