{"id":1252,"date":"2014-10-15T18:27:17","date_gmt":"2014-10-15T18:27:17","guid":{"rendered":"https:\/\/explora.cl\/rmsuroriente\/blog\/2014\/10\/15\/representantes-de-centros-de-alumnos-participaron-del-seminario-liderazgo-estudiantil-las-tic-y-la-generacion-de-redes-para-el-liderazgo-propositivo\/"},"modified":"2019-05-20T17:38:33","modified_gmt":"2019-05-20T17:38:33","slug":"representantes-de-centros-de-alumnos-participaron-del-seminario-liderazgo-estudiantil-las-tic-y-la-generacion-de-redes-para-el-liderazgo-propositivo","status":"publish","type":"post","link":"https:\/\/explora.cl\/rmsuroriente\/representantes-de-centros-de-alumnos-participaron-del-seminario-liderazgo-estudiantil-las-tic-y-la-generacion-de-redes-para-el-liderazgo-propositivo\/","title":{"rendered":"Representantes de centros de alumnos participaron del Seminario: \u201cLiderazgo Estudiantil: Las TIC y la generaci\u00f3n de redes para el liderazgo propositivo\u201d"},"content":{"rendered":"<p><img fetchpriority=\"high\" decoding=\"async\" class=\" size-full wp-image-6240\" src=\"http:\/\/ec2-34-218-253-251.us-west-2.compute.amazonaws.com\/wp-content\/uploads\/2014\/10\/d445b01ba03740c92cedaef09d42b01f.jpg\" alt=\"\" width=\"1013\" height=\"760\" \/><\/p>\n<p style=\"text-align: justify\">Fueron 151 los inscritos que asistieron a esta novedosa actividad, que se llev\u00f3 a cabo en el Colegio Domingo Matte Mes\u00edas, ubicado en la comuna de Puente Alto. La charla estaba orientada a estudiantes que integran los distintos centros de alumnos, en conjunto con sus respectivos docentes tutores.<\/p>\n<p style=\"text-align: justify\">Esta es una iniciativa organizada por PAR EXPLORA RM Sur Oriente, Provincial de Educaci\u00f3n Cordillera, Eduterra y el Colegio Domingo Matte Mesias.\u00a0 Adem\u00e1s cont\u00f3 con la participaci\u00f3n de Rodrigo Angulo, Jefe Provincial de Educaci\u00f3n.<\/p>\n<p style=\"text-align: justify\">Ra\u00fal Gonz\u00e1lez, expositor del seminario, dio a conocer el objetivo de la actividad. \u201cLo que nos planteamos fue mostrarle a los estudiantes las habilidades que ellos traen en torno al liderazgo, enfoc\u00e1ndonos espec\u00edficamente en el trabajo colaborativo y en comunicaci\u00f3n efectiva\u201d.<\/p>\n<p style=\"text-align: justify\">Videos, din\u00e1micas y un entretenido juego de rompecabezas, que consist\u00eda en entregar un puzle incompleto, donde las piezas estaban repartidas entre los otros jugadores y que pod\u00edan ser intercambiadas. Adem\u00e1s de integrar pedidos, como hacer un grupo de WhatsApp con los integrantes del grupo, subir fotos a distintas redes sociales, entre otras actividades.<\/p>\n<p style=\"text-align: justify\">Savka Vidal, asistente al seminario, y alumna del Colegio Cardenal Jos\u00e9 Mar\u00eda Caro, destac\u00f3 la iniciativa, \u201cme parece s\u00faper bien, porque as\u00ed los chicos pueden sacar su potencial de liderazgo, esparcir sus opiniones y decir lo que sienten\u201d.<\/p>\n<p style=\"text-align: justify\">\u201cLiderazgo Estudiantil: Las TIC y la generaci\u00f3n de redes para el liderazgo propositivo\u201d, reuni\u00f3 a j\u00f3venes de La Pintana, La Florida, San Jos\u00e9 de Maipo, Pirque y Puente Alto.<\/p>\n","protected":false},"excerpt":{"rendered":"<p>Fueron 151 los inscritos que asistieron a esta novedosa actividad, que se llev\u00f3 a cabo en el Colegio Domingo Matte Mes\u00edas, ubicado en la comuna de Puente Alto. La charla estaba orientada a estudiantes que integran los distintos centros de alumnos, en conjunto con sus respectivos docentes tutores. Esta es una iniciativa organizada por PAR [&hellip;]<\/p>\n","protected":false},"author":2,"featured_media":6240,"comment_status":"closed","ping_status":"open","sticky":false,"template":"","format":"standard","meta":{"_acf_changed":false,"_exactmetrics_skip_tracking":false,"_exactmetrics_sitenote_active":false,"_exactmetrics_sitenote_note":"","_exactmetrics_sitenote_category":0,"footnotes":"","_links_to":"","_links_to_target":""},"categories":[4],"tags":[],"class_list":["post-1252","post","type-post","status-publish","format-standard","has-post-thumbnail","hentry","category-noticias"],"acf":[],"yoast_head":"<!-- This site is optimized with the Yoast SEO plugin v26.9 - https:\/\/yoast.com\/product\/yoast-seo-wordpress\/ -->\n<title>Representantes de centros de alumnos participaron del Seminario: \u201cLiderazgo Estudiantil: Las TIC y la generaci\u00f3n de redes para el liderazgo propositivo\u201d - RM Sur Oriente<\/title>\n<meta name=\"robots\" content=\"index, follow, max-snippet:-1, max-image-preview:large, max-video-preview:-1\" \/>\n<link rel=\"canonical\" href=\"https:\/\/explora.cl\/rmsuroriente\/representantes-de-centros-de-alumnos-participaron-del-seminario-liderazgo-estudiantil-las-tic-y-la-generacion-de-redes-para-el-liderazgo-propositivo\/\" class=\"yoast-seo-meta-tag\" \/>\n<meta property=\"og:locale\" content=\"es_ES\" class=\"yoast-seo-meta-tag\" \/>\n<meta property=\"og:type\" content=\"article\" class=\"yoast-seo-meta-tag\" \/>\n<meta property=\"og:title\" content=\"Representantes de centros de alumnos participaron del Seminario: \u201cLiderazgo Estudiantil: Las TIC y la generaci\u00f3n de redes para el liderazgo propositivo\u201d - RM Sur Oriente\" class=\"yoast-seo-meta-tag\" \/>\n<meta property=\"og:description\" content=\"Fueron 151 los inscritos que asistieron a esta novedosa actividad, que se llev\u00f3 a cabo en el Colegio Domingo Matte Mes\u00edas, ubicado en la comuna de Puente Alto. La charla estaba orientada a estudiantes que integran los distintos centros de alumnos, en conjunto con sus respectivos docentes tutores. Esta es una iniciativa organizada por PAR [&hellip;]\" class=\"yoast-seo-meta-tag\" \/>\n<meta property=\"og:url\" content=\"https:\/\/explora.cl\/rmsuroriente\/representantes-de-centros-de-alumnos-participaron-del-seminario-liderazgo-estudiantil-las-tic-y-la-generacion-de-redes-para-el-liderazgo-propositivo\/\" class=\"yoast-seo-meta-tag\" \/>\n<meta property=\"og:site_name\" content=\"RM Sur Oriente\" class=\"yoast-seo-meta-tag\" \/>\n<meta property=\"article:published_time\" content=\"2014-10-15T18:27:17+00:00\" class=\"yoast-seo-meta-tag\" \/>\n<meta property=\"article:modified_time\" content=\"2019-05-20T17:38:33+00:00\" class=\"yoast-seo-meta-tag\" \/>\n<meta name=\"author\" content=\"webman\" class=\"yoast-seo-meta-tag\" \/>\n<meta name=\"twitter:card\" content=\"summary_large_image\" class=\"yoast-seo-meta-tag\" \/>\n<meta name=\"twitter:label1\" content=\"Escrito por\" class=\"yoast-seo-meta-tag\" \/>\n\t<meta name=\"twitter:data1\" content=\"webman\" class=\"yoast-seo-meta-tag\" \/>\n\t<meta name=\"twitter:label2\" content=\"Tiempo estimado de lectura\" class=\"yoast-seo-meta-tag\" \/>\n\t<meta name=\"twitter:data2\" content=\"1 minuto\" class=\"yoast-seo-meta-tag\" \/>\n<script type=\"application\/ld+json\" class=\"yoast-schema-graph\">{\"@context\":\"https:\/\/schema.org\",\"@graph\":[{\"@type\":\"Article\",\"@id\":\"https:\/\/explora.cl\/rmsuroriente\/representantes-de-centros-de-alumnos-participaron-del-seminario-liderazgo-estudiantil-las-tic-y-la-generacion-de-redes-para-el-liderazgo-propositivo\/#article\",\"isPartOf\":{\"@id\":\"https:\/\/explora.cl\/rmsuroriente\/representantes-de-centros-de-alumnos-participaron-del-seminario-liderazgo-estudiantil-las-tic-y-la-generacion-de-redes-para-el-liderazgo-propositivo\/\"},\"author\":{\"name\":\"webman\",\"@id\":\"https:\/\/explora.cl\/rmsuroriente\/#\/schema\/person\/cb8349c13ea2d324080adf8480d7ba5d\"},\"headline\":\"Representantes de centros de alumnos participaron del Seminario: \u201cLiderazgo Estudiantil: Las TIC y la generaci\u00f3n de redes para el liderazgo propositivo\u201d\",\"datePublished\":\"2014-10-15T18:27:17+00:00\",\"dateModified\":\"2019-05-20T17:38:33+00:00\",\"mainEntityOfPage\":{\"@id\":\"https:\/\/explora.cl\/rmsuroriente\/representantes-de-centros-de-alumnos-participaron-del-seminario-liderazgo-estudiantil-las-tic-y-la-generacion-de-redes-para-el-liderazgo-propositivo\/\"},\"wordCount\":282,\"publisher\":{\"@id\":\"https:\/\/explora.cl\/rmsuroriente\/#organization\"},\"image\":{\"@id\":\"https:\/\/explora.cl\/rmsuroriente\/representantes-de-centros-de-alumnos-participaron-del-seminario-liderazgo-estudiantil-las-tic-y-la-generacion-de-redes-para-el-liderazgo-propositivo\/#primaryimage\"},\"thumbnailUrl\":\"\",\"articleSection\":[\"Noticias\"],\"inLanguage\":\"es-CL\"},{\"@type\":\"WebPage\",\"@id\":\"https:\/\/explora.cl\/rmsuroriente\/representantes-de-centros-de-alumnos-participaron-del-seminario-liderazgo-estudiantil-las-tic-y-la-generacion-de-redes-para-el-liderazgo-propositivo\/\",\"url\":\"https:\/\/explora.cl\/rmsuroriente\/representantes-de-centros-de-alumnos-participaron-del-seminario-liderazgo-estudiantil-las-tic-y-la-generacion-de-redes-para-el-liderazgo-propositivo\/\",\"name\":\"Representantes de centros de alumnos participaron del Seminario: \u201cLiderazgo Estudiantil: Las TIC y la generaci\u00f3n de redes para el liderazgo propositivo\u201d - RM Sur Oriente\",\"isPartOf\":{\"@id\":\"https:\/\/explora.cl\/rmsuroriente\/#website\"},\"primaryImageOfPage\":{\"@id\":\"https:\/\/explora.cl\/rmsuroriente\/representantes-de-centros-de-alumnos-participaron-del-seminario-liderazgo-estudiantil-las-tic-y-la-generacion-de-redes-para-el-liderazgo-propositivo\/#primaryimage\"},\"image\":{\"@id\":\"https:\/\/explora.cl\/rmsuroriente\/representantes-de-centros-de-alumnos-participaron-del-seminario-liderazgo-estudiantil-las-tic-y-la-generacion-de-redes-para-el-liderazgo-propositivo\/#primaryimage\"},\"thumbnailUrl\":\"\",\"datePublished\":\"2014-10-15T18:27:17+00:00\",\"dateModified\":\"2019-05-20T17:38:33+00:00\",\"breadcrumb\":{\"@id\":\"https:\/\/explora.cl\/rmsuroriente\/representantes-de-centros-de-alumnos-participaron-del-seminario-liderazgo-estudiantil-las-tic-y-la-generacion-de-redes-para-el-liderazgo-propositivo\/#breadcrumb\"},\"inLanguage\":\"es-CL\",\"potentialAction\":[{\"@type\":\"ReadAction\",\"target\":[\"https:\/\/explora.cl\/rmsuroriente\/representantes-de-centros-de-alumnos-participaron-del-seminario-liderazgo-estudiantil-las-tic-y-la-generacion-de-redes-para-el-liderazgo-propositivo\/\"]}]},{\"@type\":\"ImageObject\",\"inLanguage\":\"es-CL\",\"@id\":\"https:\/\/explora.cl\/rmsuroriente\/representantes-de-centros-de-alumnos-participaron-del-seminario-liderazgo-estudiantil-las-tic-y-la-generacion-de-redes-para-el-liderazgo-propositivo\/#primaryimage\",\"url\":\"\",\"contentUrl\":\"\"},{\"@type\":\"BreadcrumbList\",\"@id\":\"https:\/\/explora.cl\/rmsuroriente\/representantes-de-centros-de-alumnos-participaron-del-seminario-liderazgo-estudiantil-las-tic-y-la-generacion-de-redes-para-el-liderazgo-propositivo\/#breadcrumb\",\"itemListElement\":[{\"@type\":\"ListItem\",\"position\":1,\"name\":\"Portada\",\"item\":\"https:\/\/explora.cl\/rmsuroriente\/\"},{\"@type\":\"ListItem\",\"position\":2,\"name\":\"Representantes de centros de alumnos participaron del Seminario: \u201cLiderazgo Estudiantil: Las TIC y la generaci\u00f3n de redes para el liderazgo propositivo\u201d\"}]},{\"@type\":\"WebSite\",\"@id\":\"https:\/\/explora.cl\/rmsuroriente\/#website\",\"url\":\"https:\/\/explora.cl\/rmsuroriente\/\",\"name\":\"RM Sur Oriente\",\"description\":\"Otro sitio m\u00e1s de explora.cl\",\"publisher\":{\"@id\":\"https:\/\/explora.cl\/rmsuroriente\/#organization\"},\"potentialAction\":[{\"@type\":\"SearchAction\",\"target\":{\"@type\":\"EntryPoint\",\"urlTemplate\":\"https:\/\/explora.cl\/rmsuroriente\/?s={search_term_string}\"},\"query-input\":{\"@type\":\"PropertyValueSpecification\",\"valueRequired\":true,\"valueName\":\"search_term_string\"}}],\"inLanguage\":\"es-CL\"},{\"@type\":\"Organization\",\"@id\":\"https:\/\/explora.cl\/rmsuroriente\/#organization\",\"name\":\"RM Sur Oriente\",\"url\":\"https:\/\/explora.cl\/rmsuroriente\/\",\"logo\":{\"@type\":\"ImageObject\",\"inLanguage\":\"es-CL\",\"@id\":\"https:\/\/explora.cl\/rmsuroriente\/#\/schema\/logo\/image\/\",\"url\":\"https:\/\/explora.cl\/rmsuroriente\/wp-content\/uploads\/sites\/12\/2025\/04\/cropped-LogoPAR_RMSO-Azul-UC.png\",\"contentUrl\":\"https:\/\/explora.cl\/rmsuroriente\/wp-content\/uploads\/sites\/12\/2025\/04\/cropped-LogoPAR_RMSO-Azul-UC.png\",\"width\":411,\"height\":409,\"caption\":\"RM Sur Oriente\"},\"image\":{\"@id\":\"https:\/\/explora.cl\/rmsuroriente\/#\/schema\/logo\/image\/\"}},{\"@type\":\"Person\",\"@id\":\"https:\/\/explora.cl\/rmsuroriente\/#\/schema\/person\/cb8349c13ea2d324080adf8480d7ba5d\",\"name\":\"webman\",\"image\":{\"@type\":\"ImageObject\",\"inLanguage\":\"es-CL\",\"@id\":\"https:\/\/explora.cl\/rmsuroriente\/#\/schema\/person\/image\/\",\"url\":\"https:\/\/secure.gravatar.com\/avatar\/eeff3c82f2c02f7177d13663b7e6f890e9a6a0647ce9bb29cae02dcb094c7312?s=96&d=mm&r=g\",\"contentUrl\":\"https:\/\/secure.gravatar.com\/avatar\/eeff3c82f2c02f7177d13663b7e6f890e9a6a0647ce9bb29cae02dcb094c7312?s=96&d=mm&r=g\",\"caption\":\"webman\"},\"url\":\"https:\/\/explora.cl\/rmsuroriente\/author\/webman\/\"}]}<\/script>\n<!-- \/ Yoast SEO plugin. -->","yoast_head_json":{"title":"Representantes de centros de alumnos participaron del Seminario: \u201cLiderazgo Estudiantil: Las TIC y la generaci\u00f3n de redes para el liderazgo propositivo\u201d - RM Sur Oriente","robots":{"index":"index","follow":"follow","max-snippet":"max-snippet:-1","max-image-preview":"max-image-preview:large","max-video-preview":"max-video-preview:-1"},"canonical":"https:\/\/explora.cl\/rmsuroriente\/representantes-de-centros-de-alumnos-participaron-del-seminario-liderazgo-estudiantil-las-tic-y-la-generacion-de-redes-para-el-liderazgo-propositivo\/","og_locale":"es_ES","og_type":"article","og_title":"Representantes de centros de alumnos participaron del Seminario: \u201cLiderazgo Estudiantil: Las TIC y la generaci\u00f3n de redes para el liderazgo propositivo\u201d - RM Sur Oriente","og_description":"Fueron 151 los inscritos que asistieron a esta novedosa actividad, que se llev\u00f3 a cabo en el Colegio Domingo Matte Mes\u00edas, ubicado en la comuna de Puente Alto. La charla estaba orientada a estudiantes que integran los distintos centros de alumnos, en conjunto con sus respectivos docentes tutores. Esta es una iniciativa organizada por PAR [&hellip;]","og_url":"https:\/\/explora.cl\/rmsuroriente\/representantes-de-centros-de-alumnos-participaron-del-seminario-liderazgo-estudiantil-las-tic-y-la-generacion-de-redes-para-el-liderazgo-propositivo\/","og_site_name":"RM Sur Oriente","article_published_time":"2014-10-15T18:27:17+00:00","article_modified_time":"2019-05-20T17:38:33+00:00","author":"webman","twitter_card":"summary_large_image","twitter_misc":{"Escrito por":"webman","Tiempo estimado de lectura":"1 minuto"},"schema":{"@context":"https:\/\/schema.org","@graph":[{"@type":"Article","@id":"https:\/\/explora.cl\/rmsuroriente\/representantes-de-centros-de-alumnos-participaron-del-seminario-liderazgo-estudiantil-las-tic-y-la-generacion-de-redes-para-el-liderazgo-propositivo\/#article","isPartOf":{"@id":"https:\/\/explora.cl\/rmsuroriente\/representantes-de-centros-de-alumnos-participaron-del-seminario-liderazgo-estudiantil-las-tic-y-la-generacion-de-redes-para-el-liderazgo-propositivo\/"},"author":{"name":"webman","@id":"https:\/\/explora.cl\/rmsuroriente\/#\/schema\/person\/cb8349c13ea2d324080adf8480d7ba5d"},"headline":"Representantes de centros de alumnos participaron del Seminario: \u201cLiderazgo Estudiantil: Las TIC y la generaci\u00f3n de redes para el liderazgo propositivo\u201d","datePublished":"2014-10-15T18:27:17+00:00","dateModified":"2019-05-20T17:38:33+00:00","mainEntityOfPage":{"@id":"https:\/\/explora.cl\/rmsuroriente\/representantes-de-centros-de-alumnos-participaron-del-seminario-liderazgo-estudiantil-las-tic-y-la-generacion-de-redes-para-el-liderazgo-propositivo\/"},"wordCount":282,"publisher":{"@id":"https:\/\/explora.cl\/rmsuroriente\/#organization"},"image":{"@id":"https:\/\/explora.cl\/rmsuroriente\/representantes-de-centros-de-alumnos-participaron-del-seminario-liderazgo-estudiantil-las-tic-y-la-generacion-de-redes-para-el-liderazgo-propositivo\/#primaryimage"},"thumbnailUrl":"","articleSection":["Noticias"],"inLanguage":"es-CL"},{"@type":"WebPage","@id":"https:\/\/explora.cl\/rmsuroriente\/representantes-de-centros-de-alumnos-participaron-del-seminario-liderazgo-estudiantil-las-tic-y-la-generacion-de-redes-para-el-liderazgo-propositivo\/","url":"https:\/\/explora.cl\/rmsuroriente\/representantes-de-centros-de-alumnos-participaron-del-seminario-liderazgo-estudiantil-las-tic-y-la-generacion-de-redes-para-el-liderazgo-propositivo\/","name":"Representantes de centros de alumnos participaron del Seminario: \u201cLiderazgo Estudiantil: Las TIC y la generaci\u00f3n de redes para el liderazgo propositivo\u201d - RM Sur Oriente","isPartOf":{"@id":"https:\/\/explora.cl\/rmsuroriente\/#website"},"primaryImageOfPage":{"@id":"https:\/\/explora.cl\/rmsuroriente\/representantes-de-centros-de-alumnos-participaron-del-seminario-liderazgo-estudiantil-las-tic-y-la-generacion-de-redes-para-el-liderazgo-propositivo\/#primaryimage"},"image":{"@id":"https:\/\/explora.cl\/rmsuroriente\/representantes-de-centros-de-alumnos-participaron-del-seminario-liderazgo-estudiantil-las-tic-y-la-generacion-de-redes-para-el-liderazgo-propositivo\/#primaryimage"},"thumbnailUrl":"","datePublished":"2014-10-15T18:27:17+00:00","dateModified":"2019-05-20T17:38:33+00:00","breadcrumb":{"@id":"https:\/\/explora.cl\/rmsuroriente\/representantes-de-centros-de-alumnos-participaron-del-seminario-liderazgo-estudiantil-las-tic-y-la-generacion-de-redes-para-el-liderazgo-propositivo\/#breadcrumb"},"inLanguage":"es-CL","potentialAction":[{"@type":"ReadAction","target":["https:\/\/explora.cl\/rmsuroriente\/representantes-de-centros-de-alumnos-participaron-del-seminario-liderazgo-estudiantil-las-tic-y-la-generacion-de-redes-para-el-liderazgo-propositivo\/"]}]},{"@type":"ImageObject","inLanguage":"es-CL","@id":"https:\/\/explora.cl\/rmsuroriente\/representantes-de-centros-de-alumnos-participaron-del-seminario-liderazgo-estudiantil-las-tic-y-la-generacion-de-redes-para-el-liderazgo-propositivo\/#primaryimage","url":"","contentUrl":""},{"@type":"BreadcrumbList","@id":"https:\/\/explora.cl\/rmsuroriente\/representantes-de-centros-de-alumnos-participaron-del-seminario-liderazgo-estudiantil-las-tic-y-la-generacion-de-redes-para-el-liderazgo-propositivo\/#breadcrumb","itemListElement":[{"@type":"ListItem","position":1,"name":"Portada","item":"https:\/\/explora.cl\/rmsuroriente\/"},{"@type":"ListItem","position":2,"name":"Representantes de centros de alumnos participaron del Seminario: \u201cLiderazgo Estudiantil: Las TIC y la generaci\u00f3n de redes para el liderazgo propositivo\u201d"}]},{"@type":"WebSite","@id":"https:\/\/explora.cl\/rmsuroriente\/#website","url":"https:\/\/explora.cl\/rmsuroriente\/","name":"RM Sur Oriente","description":"Otro sitio m\u00e1s de explora.cl","publisher":{"@id":"https:\/\/explora.cl\/rmsuroriente\/#organization"},"potentialAction":[{"@type":"SearchAction","target":{"@type":"EntryPoint","urlTemplate":"https:\/\/explora.cl\/rmsuroriente\/?s={search_term_string}"},"query-input":{"@type":"PropertyValueSpecification","valueRequired":true,"valueName":"search_term_string"}}],"inLanguage":"es-CL"},{"@type":"Organization","@id":"https:\/\/explora.cl\/rmsuroriente\/#organization","name":"RM Sur Oriente","url":"https:\/\/explora.cl\/rmsuroriente\/","logo":{"@type":"ImageObject","inLanguage":"es-CL","@id":"https:\/\/explora.cl\/rmsuroriente\/#\/schema\/logo\/image\/","url":"https:\/\/explora.cl\/rmsuroriente\/wp-content\/uploads\/sites\/12\/2025\/04\/cropped-LogoPAR_RMSO-Azul-UC.png","contentUrl":"https:\/\/explora.cl\/rmsuroriente\/wp-content\/uploads\/sites\/12\/2025\/04\/cropped-LogoPAR_RMSO-Azul-UC.png","width":411,"height":409,"caption":"RM Sur Oriente"},"image":{"@id":"https:\/\/explora.cl\/rmsuroriente\/#\/schema\/logo\/image\/"}},{"@type":"Person","@id":"https:\/\/explora.cl\/rmsuroriente\/#\/schema\/person\/cb8349c13ea2d324080adf8480d7ba5d","name":"webman","image":{"@type":"ImageObject","inLanguage":"es-CL","@id":"https:\/\/explora.cl\/rmsuroriente\/#\/schema\/person\/image\/","url":"https:\/\/secure.gravatar.com\/avatar\/eeff3c82f2c02f7177d13663b7e6f890e9a6a0647ce9bb29cae02dcb094c7312?s=96&d=mm&r=g","contentUrl":"https:\/\/secure.gravatar.com\/avatar\/eeff3c82f2c02f7177d13663b7e6f890e9a6a0647ce9bb29cae02dcb094c7312?s=96&d=mm&r=g","caption":"webman"},"url":"https:\/\/explora.cl\/rmsuroriente\/author\/webman\/"}]}},"_links":{"self":[{"href":"https:\/\/explora.cl\/rmsuroriente\/wp-json\/wp\/v2\/posts\/1252","targetHints":{"allow":["GET"]}}],"collection":[{"href":"https:\/\/explora.cl\/rmsuroriente\/wp-json\/wp\/v2\/posts"}],"about":[{"href":"https:\/\/explora.cl\/rmsuroriente\/wp-json\/wp\/v2\/types\/post"}],"author":[{"embeddable":true,"href":"https:\/\/explora.cl\/rmsuroriente\/wp-json\/wp\/v2\/users\/2"}],"replies":[{"embeddable":true,"href":"https:\/\/explora.cl\/rmsuroriente\/wp-json\/wp\/v2\/comments?post=1252"}],"version-history":[{"count":1,"href":"https:\/\/explora.cl\/rmsuroriente\/wp-json\/wp\/v2\/posts\/1252\/revisions"}],"predecessor-version":[{"id":38215,"href":"https:\/\/explora.cl\/rmsuroriente\/wp-json\/wp\/v2\/posts\/1252\/revisions\/38215"}],"wp:featuredmedia":[{"embeddable":true,"href":"https:\/\/explora.cl\/rmsuroriente\/wp-json\/"}],"wp:attachment":[{"href":"https:\/\/explora.cl\/rmsuroriente\/wp-json\/wp\/v2\/media?parent=1252"}],"wp:term":[{"taxonomy":"category","embeddable":true,"href":"https:\/\/explora.cl\/rmsuroriente\/wp-json\/wp\/v2\/categories?post=1252"},{"taxonomy":"post_tag","embeddable":true,"href":"https:\/\/explora.cl\/rmsuroriente\/wp-json\/wp\/v2\/tags?post=1252"}],"curies":[{"name":"wp","href":"https:\/\/api.w.org\/{rel}","templated":true}]}}